{"id":65303,"date":"2013-08-18T16:18:53","date_gmt":"2013-08-18T15:18:53","guid":{"rendered":"http:\/\/www.pressenza.com\/?p=65303"},"modified":"2013-08-18T16:18:53","modified_gmt":"2013-08-18T15:18:53","slug":"egipto-no-a-la-violencia-si-a-la-vida","status":"publish","type":"post","link":"https:\/\/www.pressenza.com\/es\/2013\/08\/egipto-no-a-la-violencia-si-a-la-vida\/","title":{"rendered":"Egipto: \u00abNo a la violencia, si a la vida\u00bb"},"content":{"rendered":"<p style=\"text-align: justify;\">La tragedia que es Egipto en agosto 2013 nos encuentra a los humanistas mirando desde lejos, parados a distancia, con ganas de hacer llegar nuestro mensaje respecto de la no violencia y la no discriminaci\u00f3n, en una sociedad cada vez m\u00e1s polarizada y sin que a nivel local se alcance a ver c\u00f3mo se va a superar esta situaci\u00f3n de destrucci\u00f3n diaria.<\/p>\n<p style=\"text-align: justify;\">Es evidente la necesidad de negociaciones y di\u00e1logo, entre el gobierno controlado por los militares, los parlamentarios destituidos que est\u00e1n con el presidente Mohamed Morsi y la Hermandad Musulmana, la coalici\u00f3n reci\u00e9n formada de grupos de activistas que son &#8211; junto con la Hermandad &#8211; parte de la protesta violenta ante el gobierno militar recientemente instaurado, y el pueblo en general, que en gran parte son est\u00e1 afiliado, que s\u00f3lo quiere llevar adelante su vida diaria de modo pac\u00edfico.<\/p>\n<p style=\"text-align: justify;\">Las Naciones Unidas, por muy defectuosas que sean, siguen siendo la \u00fanica instituci\u00f3n que puede atender adecuadamente a todas las partes de este conflicto civil. No los EE.UU., no la UE, no el bloque \u00e1rabe des-unido, ni la Uni\u00f3n Africana.<\/p>\n<p style=\"text-align: justify;\">La ONU puede pedir un compromiso por parte de la Hermandad Musulmana para comenzar a hablar con el gobierno encabezado por los militares anti-revolucionarios que tan recientemente se han impuesto sobre el pueblo de Egipto. Las naciones del mundo pueden poner fin a su apoyo material y financiero, especialmente aquel relacionado con las armas, sin nutrir tampoco a la contra que tiene el gobierno encabezado por militares.<\/p>\n<p>Todo el mundo tiene que calmarse.<\/p>\n<p style=\"text-align: justify;\">Es necesario dejar de utilizar personal de seguridad no uniformado en las calles porque la gente se confunde y comienza la creaci\u00f3n de bandas de vigilantes, sin pensar en la necesidad de neutralidad por parte de todos los agentes de la ley.<\/p>\n<p style=\"text-align: justify;\">Los medios de comunicaci\u00f3n &#8211; en gran parte controlados por el gobierno &#8211; pueden transmitir un mensaje de \u00abno a la violencia, s\u00ed a la vida\u00bb. Sobre esa base el gobierno puede decretar el inicio de una era en la que no cunda el da\u00f1o (obviamente no matar o disparar, etc) y en una acci\u00f3n transparente, velar para que su fuerza policial asuma sus funciones legales y mantenga el orden, dentro de las leyes normales y sin imposiciones marciales de toque de queda, etc&#8230;<\/p>\n<p style=\"text-align: justify;\">Inmediatamente se debe enviar a los militares de regreso a los cuarteles. Los soldados no tienen la capacitaci\u00f3n de minimizar las lesiones en condiciones de guerra civil y de disturbios, ni menos el manejo de las protestas callejeras. Ese es deber de la polic\u00eda que ha sido entrenada para ello.<\/p>\n<p style=\"text-align: justify;\">La Hermandad Musulmana debe formar parte del proceso pol\u00edtico, como lo debe ser cualquier grupo que propone una salida pol\u00edtica hacia delante, por mucho que se la considere una minor\u00eda. La violencia debe ser absolutamente prohibida por el liderazgo de cualquier grupo, evitando que los individuos recurran a ella, creando conciencia de que no es soluci\u00f3n y es inhumana.<\/p>\n<p style=\"text-align: justify;\">El camino a seguir es permitir que lo mejor de cada una de las diferentes facciones se exprese y se comience a trabajar aunando esfuerzos para un futuro en el que la libertad de expresi\u00f3n y de elecci\u00f3n son de suma importancia.<\/p>\n","protected":false},"excerpt":{"rendered":"<p>La tragedia que es Egipto en agosto 2013 nos encuentra a los humanistas mirando desde lejos, parados a distancia, con ganas de hacer llegar nuestro mensaje respecto de la no violencia y la no discriminaci\u00f3n, en una sociedad cada vez&hellip;<\/p>\n","protected":false},"author":1015,"featured_media":65305,"comment_status":"closed","ping_status":"open","sticky":false,"template":"","format":"standard","meta":{"footnotes":""},"categories":[64,39,71,74],"tags":[696,383],"class_list":["post-65303","post","type-post","status-publish","format-standard","has-post-thumbnail","hentry","category-africa-es","category-internacional","category-medio-oriente-es","category-politica-es","tag-democracia","tag-noviolencia"],"yoast_head":"<!-- This site is optimized with the Yoast SEO plugin v27.1.1 - https:\/\/yoast.com\/product\/yoast-seo-wordpress\/ -->\n<title>Egipto: &quot;No a la violencia, si a la vida&quot;<\/title>\n<meta name=\"description\" content=\"La tragedia que es Egipto en agosto 2013 nos encuentra a los humanistas mirando desde lejos, parados a distancia, con ganas de hacer llegar nuestro\" \/>\n<meta name=\"robots\" content=\"index, follow, max-snippet:-1, max-image-preview:large, max-video-preview:-1\" \/>\n<link rel=\"canonical\" href=\"https:\/\/www.pressenza.com\/es\/2013\/08\/egipto-no-a-la-violencia-si-a-la-vida\/\" \/>\n<meta property=\"og:locale\" content=\"es_ES\" \/>\n<meta property=\"og:type\" content=\"article\" \/>\n<meta property=\"og:title\" content=\"Egipto: &quot;No a la violencia, si a la vida&quot;\" \/>\n<meta property=\"og:description\" content=\"La tragedia que es Egipto en agosto 2013 nos encuentra a los humanistas mirando desde lejos, parados a distancia, con ganas de hacer llegar nuestro\" \/>\n<meta property=\"og:url\" content=\"https:\/\/www.pressenza.com\/es\/2013\/08\/egipto-no-a-la-violencia-si-a-la-vida\/\" \/>\n<meta property=\"og:site_name\" content=\"Pressenza\" \/>\n<meta property=\"article:publisher\" content=\"https:\/\/www.facebook.com\/PressenzaItalia\" \/>\n<meta property=\"article:author\" content=\"https:\/\/www.facebook.com\/PressenzaEnglish\/\" \/>\n<meta property=\"article:published_time\" content=\"2013-08-18T15:18:53+00:00\" \/>\n<meta property=\"og:image\" content=\"https:\/\/www.pressenza.com\/wp-content\/uploads\/2013\/08\/egypt-Jan2011-byHumanistas-enconectivadad1.jpg\" \/>\n\t<meta property=\"og:image:width\" content=\"361\" \/>\n\t<meta property=\"og:image:height\" content=\"512\" \/>\n\t<meta property=\"og:image:type\" content=\"image\/jpeg\" \/>\n<meta name=\"author\" content=\"Pressenza Hong Kong\" \/>\n<meta name=\"twitter:card\" content=\"summary_large_image\" \/>\n<meta name=\"twitter:creator\" content=\"@PressenzaIPA\" \/>\n<meta name=\"twitter:site\" content=\"@PressenzaIPA\" \/>\n<meta name=\"twitter:label1\" content=\"Escrito por\" \/>\n\t<meta name=\"twitter:data1\" content=\"Pressenza Hong Kong\" \/>\n\t<meta name=\"twitter:label2\" content=\"Tiempo de lectura\" \/>\n\t<meta name=\"twitter:data2\" content=\"3 minutos\" \/>\n<script type=\"application\/ld+json\" class=\"yoast-schema-graph\">{\"@context\":\"https:\/\/schema.org\",\"@graph\":[{\"@type\":\"Article\",\"@id\":\"https:\/\/www.pressenza.com\/es\/2013\/08\/egipto-no-a-la-violencia-si-a-la-vida\/#article\",\"isPartOf\":{\"@id\":\"https:\/\/www.pressenza.com\/es\/2013\/08\/egipto-no-a-la-violencia-si-a-la-vida\/\"},\"author\":{\"name\":\"Pressenza Hong Kong\",\"@id\":\"https:\/\/www.pressenza.com\/es\/#\/schema\/person\/eca962d6df6d2610e7fc9f68de7a2b87\"},\"headline\":\"Egipto: \u00abNo a la violencia, si a la vida\u00bb\",\"datePublished\":\"2013-08-18T15:18:53+00:00\",\"mainEntityOfPage\":{\"@id\":\"https:\/\/www.pressenza.com\/es\/2013\/08\/egipto-no-a-la-violencia-si-a-la-vida\/\"},\"wordCount\":565,\"publisher\":{\"@id\":\"https:\/\/www.pressenza.com\/es\/#organization\"},\"image\":{\"@id\":\"https:\/\/www.pressenza.com\/es\/2013\/08\/egipto-no-a-la-violencia-si-a-la-vida\/#primaryimage\"},\"thumbnailUrl\":\"https:\/\/www.pressenza.com\/wp-content\/uploads\/2013\/08\/egypt-Jan2011-byHumanistas-enconectivadad1.jpg\",\"keywords\":[\"Democracia\",\"Noviolencia\"],\"articleSection\":[\"Africa\",\"Internacional\",\"Medio Oriente\",\"Pol\u00edtica\"],\"inLanguage\":\"es\"},{\"@type\":\"WebPage\",\"@id\":\"https:\/\/www.pressenza.com\/es\/2013\/08\/egipto-no-a-la-violencia-si-a-la-vida\/\",\"url\":\"https:\/\/www.pressenza.com\/es\/2013\/08\/egipto-no-a-la-violencia-si-a-la-vida\/\",\"name\":\"Egipto: \\\"No a la violencia, si a la vida\\\"\",\"isPartOf\":{\"@id\":\"https:\/\/www.pressenza.com\/es\/#website\"},\"primaryImageOfPage\":{\"@id\":\"https:\/\/www.pressenza.com\/es\/2013\/08\/egipto-no-a-la-violencia-si-a-la-vida\/#primaryimage\"},\"image\":{\"@id\":\"https:\/\/www.pressenza.com\/es\/2013\/08\/egipto-no-a-la-violencia-si-a-la-vida\/#primaryimage\"},\"thumbnailUrl\":\"https:\/\/www.pressenza.com\/wp-content\/uploads\/2013\/08\/egypt-Jan2011-byHumanistas-enconectivadad1.jpg\",\"datePublished\":\"2013-08-18T15:18:53+00:00\",\"description\":\"La tragedia que es Egipto en agosto 2013 nos encuentra a los humanistas mirando desde lejos, parados a distancia, con ganas de hacer llegar nuestro\",\"breadcrumb\":{\"@id\":\"https:\/\/www.pressenza.com\/es\/2013\/08\/egipto-no-a-la-violencia-si-a-la-vida\/#breadcrumb\"},\"inLanguage\":\"es\",\"potentialAction\":[{\"@type\":\"ReadAction\",\"target\":[\"https:\/\/www.pressenza.com\/es\/2013\/08\/egipto-no-a-la-violencia-si-a-la-vida\/\"]}]},{\"@type\":\"ImageObject\",\"inLanguage\":\"es\",\"@id\":\"https:\/\/www.pressenza.com\/es\/2013\/08\/egipto-no-a-la-violencia-si-a-la-vida\/#primaryimage\",\"url\":\"https:\/\/www.pressenza.com\/wp-content\/uploads\/2013\/08\/egypt-Jan2011-byHumanistas-enconectivadad1.jpg\",\"contentUrl\":\"https:\/\/www.pressenza.com\/wp-content\/uploads\/2013\/08\/egypt-Jan2011-byHumanistas-enconectivadad1.jpg\",\"width\":361,\"height\":512},{\"@type\":\"BreadcrumbList\",\"@id\":\"https:\/\/www.pressenza.com\/es\/2013\/08\/egipto-no-a-la-violencia-si-a-la-vida\/#breadcrumb\",\"itemListElement\":[{\"@type\":\"ListItem\",\"position\":1,\"name\":\"Accueil\",\"item\":\"https:\/\/www.pressenza.com\/es\/\"},{\"@type\":\"ListItem\",\"position\":2,\"name\":\"Egipto: \u00abNo a la violencia, si a la vida\u00bb\"}]},{\"@type\":\"WebSite\",\"@id\":\"https:\/\/www.pressenza.com\/es\/#website\",\"url\":\"https:\/\/www.pressenza.com\/es\/\",\"name\":\"Pressenza\",\"description\":\"International Press Agency\",\"publisher\":{\"@id\":\"https:\/\/www.pressenza.com\/es\/#organization\"},\"potentialAction\":[{\"@type\":\"SearchAction\",\"target\":{\"@type\":\"EntryPoint\",\"urlTemplate\":\"https:\/\/www.pressenza.com\/es\/?s={search_term_string}\"},\"query-input\":{\"@type\":\"PropertyValueSpecification\",\"valueRequired\":true,\"valueName\":\"search_term_string\"}}],\"inLanguage\":\"es\"},{\"@type\":\"Organization\",\"@id\":\"https:\/\/www.pressenza.com\/es\/#organization\",\"name\":\"Pressenza\",\"url\":\"https:\/\/www.pressenza.com\/es\/\",\"logo\":{\"@type\":\"ImageObject\",\"inLanguage\":\"es\",\"@id\":\"https:\/\/www.pressenza.com\/es\/#\/schema\/logo\/image\/\",\"url\":\"https:\/\/www.pressenza.com\/wp-content\/uploads\/2022\/10\/pressenza_logo_200x200.jpg\",\"contentUrl\":\"https:\/\/www.pressenza.com\/wp-content\/uploads\/2022\/10\/pressenza_logo_200x200.jpg\",\"width\":200,\"height\":200,\"caption\":\"Pressenza\"},\"image\":{\"@id\":\"https:\/\/www.pressenza.com\/es\/#\/schema\/logo\/image\/\"},\"sameAs\":[\"https:\/\/www.facebook.com\/PressenzaItalia\",\"https:\/\/x.com\/PressenzaIPA\"]},{\"@type\":\"Person\",\"@id\":\"https:\/\/www.pressenza.com\/es\/#\/schema\/person\/eca962d6df6d2610e7fc9f68de7a2b87\",\"name\":\"Pressenza Hong Kong\",\"description\":\"News published by the Pressenza Bureau in Hong Kong\",\"sameAs\":[\"https:\/\/www.facebook.com\/PressenzaEnglish\/\",\"https:\/\/x.com\/PressenzaIPA\"],\"url\":\"https:\/\/www.pressenza.com\/es\/author\/pressenza-hong-kong\/\"}]}<\/script>\n<!-- \/ Yoast SEO plugin. -->","yoast_head_json":{"title":"Egipto: \"No a la violencia, si a la vida\"","description":"La tragedia que es Egipto en agosto 2013 nos encuentra a los humanistas mirando desde lejos, parados a distancia, con ganas de hacer llegar nuestro","robots":{"index":"index","follow":"follow","max-snippet":"max-snippet:-1","max-image-preview":"max-image-preview:large","max-video-preview":"max-video-preview:-1"},"canonical":"https:\/\/www.pressenza.com\/es\/2013\/08\/egipto-no-a-la-violencia-si-a-la-vida\/","og_locale":"es_ES","og_type":"article","og_title":"Egipto: \"No a la violencia, si a la vida\"","og_description":"La tragedia que es Egipto en agosto 2013 nos encuentra a los humanistas mirando desde lejos, parados a distancia, con ganas de hacer llegar nuestro","og_url":"https:\/\/www.pressenza.com\/es\/2013\/08\/egipto-no-a-la-violencia-si-a-la-vida\/","og_site_name":"Pressenza","article_publisher":"https:\/\/www.facebook.com\/PressenzaItalia","article_author":"https:\/\/www.facebook.com\/PressenzaEnglish\/","article_published_time":"2013-08-18T15:18:53+00:00","og_image":[{"width":361,"height":512,"url":"https:\/\/www.pressenza.com\/wp-content\/uploads\/2013\/08\/egypt-Jan2011-byHumanistas-enconectivadad1.jpg","type":"image\/jpeg"}],"author":"Pressenza Hong Kong","twitter_card":"summary_large_image","twitter_creator":"@PressenzaIPA","twitter_site":"@PressenzaIPA","twitter_misc":{"Escrito por":"Pressenza Hong Kong","Tiempo de lectura":"3 minutos"},"schema":{"@context":"https:\/\/schema.org","@graph":[{"@type":"Article","@id":"https:\/\/www.pressenza.com\/es\/2013\/08\/egipto-no-a-la-violencia-si-a-la-vida\/#article","isPartOf":{"@id":"https:\/\/www.pressenza.com\/es\/2013\/08\/egipto-no-a-la-violencia-si-a-la-vida\/"},"author":{"name":"Pressenza Hong Kong","@id":"https:\/\/www.pressenza.com\/es\/#\/schema\/person\/eca962d6df6d2610e7fc9f68de7a2b87"},"headline":"Egipto: \u00abNo a la violencia, si a la vida\u00bb","datePublished":"2013-08-18T15:18:53+00:00","mainEntityOfPage":{"@id":"https:\/\/www.pressenza.com\/es\/2013\/08\/egipto-no-a-la-violencia-si-a-la-vida\/"},"wordCount":565,"publisher":{"@id":"https:\/\/www.pressenza.com\/es\/#organization"},"image":{"@id":"https:\/\/www.pressenza.com\/es\/2013\/08\/egipto-no-a-la-violencia-si-a-la-vida\/#primaryimage"},"thumbnailUrl":"https:\/\/www.pressenza.com\/wp-content\/uploads\/2013\/08\/egypt-Jan2011-byHumanistas-enconectivadad1.jpg","keywords":["Democracia","Noviolencia"],"articleSection":["Africa","Internacional","Medio Oriente","Pol\u00edtica"],"inLanguage":"es"},{"@type":"WebPage","@id":"https:\/\/www.pressenza.com\/es\/2013\/08\/egipto-no-a-la-violencia-si-a-la-vida\/","url":"https:\/\/www.pressenza.com\/es\/2013\/08\/egipto-no-a-la-violencia-si-a-la-vida\/","name":"Egipto: \"No a la violencia, si a la vida\"","isPartOf":{"@id":"https:\/\/www.pressenza.com\/es\/#website"},"primaryImageOfPage":{"@id":"https:\/\/www.pressenza.com\/es\/2013\/08\/egipto-no-a-la-violencia-si-a-la-vida\/#primaryimage"},"image":{"@id":"https:\/\/www.pressenza.com\/es\/2013\/08\/egipto-no-a-la-violencia-si-a-la-vida\/#primaryimage"},"thumbnailUrl":"https:\/\/www.pressenza.com\/wp-content\/uploads\/2013\/08\/egypt-Jan2011-byHumanistas-enconectivadad1.jpg","datePublished":"2013-08-18T15:18:53+00:00","description":"La tragedia que es Egipto en agosto 2013 nos encuentra a los humanistas mirando desde lejos, parados a distancia, con ganas de hacer llegar nuestro","breadcrumb":{"@id":"https:\/\/www.pressenza.com\/es\/2013\/08\/egipto-no-a-la-violencia-si-a-la-vida\/#breadcrumb"},"inLanguage":"es","potentialAction":[{"@type":"ReadAction","target":["https:\/\/www.pressenza.com\/es\/2013\/08\/egipto-no-a-la-violencia-si-a-la-vida\/"]}]},{"@type":"ImageObject","inLanguage":"es","@id":"https:\/\/www.pressenza.com\/es\/2013\/08\/egipto-no-a-la-violencia-si-a-la-vida\/#primaryimage","url":"https:\/\/www.pressenza.com\/wp-content\/uploads\/2013\/08\/egypt-Jan2011-byHumanistas-enconectivadad1.jpg","contentUrl":"https:\/\/www.pressenza.com\/wp-content\/uploads\/2013\/08\/egypt-Jan2011-byHumanistas-enconectivadad1.jpg","width":361,"height":512},{"@type":"BreadcrumbList","@id":"https:\/\/www.pressenza.com\/es\/2013\/08\/egipto-no-a-la-violencia-si-a-la-vida\/#breadcrumb","itemListElement":[{"@type":"ListItem","position":1,"name":"Accueil","item":"https:\/\/www.pressenza.com\/es\/"},{"@type":"ListItem","position":2,"name":"Egipto: \u00abNo a la violencia, si a la vida\u00bb"}]},{"@type":"WebSite","@id":"https:\/\/www.pressenza.com\/es\/#website","url":"https:\/\/www.pressenza.com\/es\/","name":"Pressenza","description":"International Press Agency","publisher":{"@id":"https:\/\/www.pressenza.com\/es\/#organization"},"potentialAction":[{"@type":"SearchAction","target":{"@type":"EntryPoint","urlTemplate":"https:\/\/www.pressenza.com\/es\/?s={search_term_string}"},"query-input":{"@type":"PropertyValueSpecification","valueRequired":true,"valueName":"search_term_string"}}],"inLanguage":"es"},{"@type":"Organization","@id":"https:\/\/www.pressenza.com\/es\/#organization","name":"Pressenza","url":"https:\/\/www.pressenza.com\/es\/","logo":{"@type":"ImageObject","inLanguage":"es","@id":"https:\/\/www.pressenza.com\/es\/#\/schema\/logo\/image\/","url":"https:\/\/www.pressenza.com\/wp-content\/uploads\/2022\/10\/pressenza_logo_200x200.jpg","contentUrl":"https:\/\/www.pressenza.com\/wp-content\/uploads\/2022\/10\/pressenza_logo_200x200.jpg","width":200,"height":200,"caption":"Pressenza"},"image":{"@id":"https:\/\/www.pressenza.com\/es\/#\/schema\/logo\/image\/"},"sameAs":["https:\/\/www.facebook.com\/PressenzaItalia","https:\/\/x.com\/PressenzaIPA"]},{"@type":"Person","@id":"https:\/\/www.pressenza.com\/es\/#\/schema\/person\/eca962d6df6d2610e7fc9f68de7a2b87","name":"Pressenza Hong Kong","description":"News published by the Pressenza Bureau in Hong Kong","sameAs":["https:\/\/www.facebook.com\/PressenzaEnglish\/","https:\/\/x.com\/PressenzaIPA"],"url":"https:\/\/www.pressenza.com\/es\/author\/pressenza-hong-kong\/"}]}},"place":"El Cairo","original_article_url":"","_links":{"self":[{"href":"https:\/\/www.pressenza.com\/es\/wp-json\/wp\/v2\/posts\/65303","targetHints":{"allow":["GET"]}}],"collection":[{"href":"https:\/\/www.pressenza.com\/es\/wp-json\/wp\/v2\/posts"}],"about":[{"href":"https:\/\/www.pressenza.com\/es\/wp-json\/wp\/v2\/types\/post"}],"author":[{"embeddable":true,"href":"https:\/\/www.pressenza.com\/es\/wp-json\/wp\/v2\/users\/1015"}],"replies":[{"embeddable":true,"href":"https:\/\/www.pressenza.com\/es\/wp-json\/wp\/v2\/comments?post=65303"}],"version-history":[{"count":0,"href":"https:\/\/www.pressenza.com\/es\/wp-json\/wp\/v2\/posts\/65303\/revisions"}],"wp:featuredmedia":[{"embeddable":true,"href":"https:\/\/www.pressenza.com\/es\/wp-json\/wp\/v2\/media\/65305"}],"wp:attachment":[{"href":"https:\/\/www.pressenza.com\/es\/wp-json\/wp\/v2\/media?parent=65303"}],"wp:term":[{"taxonomy":"category","embeddable":true,"href":"https:\/\/www.pressenza.com\/es\/wp-json\/wp\/v2\/categories?post=65303"},{"taxonomy":"post_tag","embeddable":true,"href":"https:\/\/www.pressenza.com\/es\/wp-json\/wp\/v2\/tags?post=65303"}],"curies":[{"name":"wp","href":"https:\/\/api.w.org\/{rel}","templated":true}]}}