{"id":65238,"date":"2013-08-18T03:15:14","date_gmt":"2013-08-18T02:15:14","guid":{"rendered":"http:\/\/www.pressenza.com\/?p=65238"},"modified":"2013-08-18T03:15:14","modified_gmt":"2013-08-18T02:15:14","slug":"espana-la-emigracion-de-jovenes-se-dispara-un-41-desde-el-comienzo-de-la-crisis","status":"publish","type":"post","link":"https:\/\/www.pressenza.com\/es\/2013\/08\/espana-la-emigracion-de-jovenes-se-dispara-un-41-desde-el-comienzo-de-la-crisis\/","title":{"rendered":"Espa\u00f1a: La emigraci\u00f3n de j\u00f3venes se dispara un 41% desde el comienzo de la crisis"},"content":{"rendered":"<p>En 2012 salieron de Espa\u00f1a 14.000 personas menores de 35 a\u00f1os por la falta de perspectivas para encontrar un empleo.<\/p>\n<p style=\"text-align: justify;\">Desde que empez\u00f3 la crisis en 2008 ha crecido un 41% el n\u00famero de j\u00f3venes espa\u00f1oles que han emigrado al extranjero, en la mayor\u00eda de los casos empujados por la falta de perspectivas laborales que a corto plazo ofrece un pa\u00eds en el que la tasa de paro juvenil se sit\u00faa en el 56,14%.<\/p>\n<p style=\"text-align: justify;\">Seg\u00fan los datos del Instituto Nacional de Estad\u00edstica (INE), en el a\u00f1o 2012 Espa\u00f1a fue por tercer a\u00f1o consecutivo un pa\u00eds emisor de emigrantes, dado que se fueron 476.748 personas, de las que 59.724 eran espa\u00f1olas. Entre los emigrantes espa\u00f1oles 7.808 ten\u00edan entre 20 y 29 a\u00f1os, cifra que casi se duplica si se suman aquellos con edades comprendidas entre 30 y 34 a\u00f1os, al llegar a un total de 14.084 personas.<\/p>\n<p style=\"text-align: justify;\">En t\u00e9rminos relativos la evoluci\u00f3n ha sido casi igual para ambas franjas de edad, ya que los emigrantes de hasta 29 a\u00f1os han aumentado un 40,9% respecto a 2008, en tanto que contando hasta los 34 a\u00f1os han crecido el 41,4%.<\/p>\n<p style=\"text-align: justify;\">En 2008, la tasa de paro entre los menores de 25 a\u00f1os se situ\u00f3 al cierre del a\u00f1o en el 29,16%, mientras que en 2012 lleg\u00f3 al 55,13%, seg\u00fan datos de la Encuesta de Poblaci\u00f3n Activa (EPA).<\/p>\n<p style=\"text-align: justify;\">Ecuador, Reino Unido, Francia y Alemania fueron los principales destinos de los emigrantes espa\u00f1oles en 2012, seguidos a mayor distancia de pa\u00edses como Venezuela, Argentina, Colombia, Brasil o Per\u00fa. De hecho, Ecuador ha ofrecido este a\u00f1o 5.500 puestos de trabajo a profesores universitarios y de primaria y secundaria espa\u00f1oles. Con esta oferta, el Gobierno ecuatoriano busca formar a investigadores y profesores para cubrir el d\u00e9ficit de docentes que sufre el pa\u00eds, donde solamente en su capital, Quito, hacen falta 1.200 profesores de primaria y secundaria.<\/p>\n<p style=\"text-align: justify;\">Un informe de UGT publicado esta semana se\u00f1ala que en Espa\u00f1a hay una tendencia mayor a emigrar entre las personas con estudios superiores o entre quienes tienen mayor formaci\u00f3n o carga de responsabilidad. Seg\u00fan los datos que maneja el sindicato, el 50,4% de los j\u00f3venes opta por emigrar a alg\u00fan pa\u00eds de la Uni\u00f3n Europea (UE) y el 30% hacia Am\u00e9rica.<\/p>\n<p style=\"text-align: justify;\">Dentro de la UE, Alemania es uno de los principales destinos, donde llegaron casi 21.000 espa\u00f1oles en 2012, de acuerdo con datos que UGT toma de la Oficina Federal de Estad\u00edstica alemana. No obstante, 11.000 de estos j\u00f3venes ya han regresado a Espa\u00f1a porque se toparon con los escollos del idioma y la convalidaci\u00f3n de t\u00edtulos. El informe se\u00f1ala que el idioma es dif\u00edcil de salvar a corto plazo porque el alem\u00e1n es una lengua con escaso arraigo en los centros docentes del sur de Europa, donde se ha dado prioridad al ingl\u00e9s y al franc\u00e9s.<\/p>\n<p style=\"text-align: justify;\">En cuanto a las titulaciones, si bien se ha avanzado en el \u00e1mbito universitario gracias al proceso de Bolonia, apenas se ha abordado la convalidaci\u00f3n de estudios de Formaci\u00f3n Profesional, que var\u00edan mucho de un pa\u00eds a otro.<\/p>\n<p style=\"text-align: justify;\">UGT advierte de que los j\u00f3venes no encuentran en el extranjero el para\u00edso laboral que esperan ya que la precariedad es un mal end\u00e9mico en toda Europa, por lo que muchos optan por destinos como Latinoam\u00e9rica o Asia donde los trabajos tambi\u00e9n se caracterizan por tener jornadas laborales muy largas y sueldos bajos.<\/p>\n","protected":false},"excerpt":{"rendered":"<p>En 2012 salieron de Espa\u00f1a 14.000 personas menores de 35 a\u00f1os por la falta de perspectivas para encontrar un empleo. Desde que empez\u00f3 la crisis en 2008 ha crecido un 41% el n\u00famero de j\u00f3venes espa\u00f1oles que han emigrado al&hellip;<\/p>\n","protected":false},"author":686,"featured_media":65240,"comment_status":"closed","ping_status":"open","sticky":false,"template":"","format":"standard","meta":{"footnotes":""},"categories":[81,66],"tags":[355,6398,512],"class_list":["post-65238","post","type-post","status-publish","format-standard","has-post-thumbnail","hentry","category-economia-es","category-europa-es","tag-crisis-es","tag-emigracion","tag-recortes"],"yoast_head":"<!-- This site is optimized with the Yoast SEO plugin v27.1.1 - https:\/\/yoast.com\/product\/yoast-seo-wordpress\/ -->\n<title>Espa\u00f1a: La emigraci\u00f3n de j\u00f3venes se dispara un 41% desde el comienzo de la crisis<\/title>\n<meta name=\"description\" content=\"En 2012 salieron de Espa\u00f1a 14.000 personas menores de 35 a\u00f1os por la falta de perspectivas para encontrar un empleo. Desde que empez\u00f3 la crisis en 2008 ha\" \/>\n<meta name=\"robots\" content=\"index, follow, max-snippet:-1, max-image-preview:large, max-video-preview:-1\" \/>\n<link rel=\"canonical\" href=\"https:\/\/www.pressenza.com\/es\/2013\/08\/espana-la-emigracion-de-jovenes-se-dispara-un-41-desde-el-comienzo-de-la-crisis\/\" \/>\n<meta property=\"og:locale\" content=\"es_ES\" \/>\n<meta property=\"og:type\" content=\"article\" \/>\n<meta property=\"og:title\" content=\"Espa\u00f1a: La emigraci\u00f3n de j\u00f3venes se dispara un 41% desde el comienzo de la crisis\" \/>\n<meta property=\"og:description\" content=\"En 2012 salieron de Espa\u00f1a 14.000 personas menores de 35 a\u00f1os por la falta de perspectivas para encontrar un empleo. Desde que empez\u00f3 la crisis en 2008 ha\" \/>\n<meta property=\"og:url\" content=\"https:\/\/www.pressenza.com\/es\/2013\/08\/espana-la-emigracion-de-jovenes-se-dispara-un-41-desde-el-comienzo-de-la-crisis\/\" \/>\n<meta property=\"og:site_name\" content=\"Pressenza\" \/>\n<meta property=\"article:publisher\" content=\"https:\/\/www.facebook.com\/PressenzaItalia\" \/>\n<meta property=\"article:published_time\" content=\"2013-08-18T02:15:14+00:00\" \/>\n<meta property=\"og:image\" content=\"https:\/\/www.pressenza.com\/wp-content\/uploads\/2013\/08\/paro.jpg\" \/>\n\t<meta property=\"og:image:width\" content=\"642\" \/>\n\t<meta property=\"og:image:height\" content=\"398\" \/>\n\t<meta property=\"og:image:type\" content=\"image\/jpeg\" \/>\n<meta name=\"author\" content=\"http:\/\/blogs.publico.es \/fueradelugar\/\" \/>\n<meta name=\"twitter:card\" content=\"summary_large_image\" \/>\n<meta name=\"twitter:creator\" content=\"@PressenzaIPA\" \/>\n<meta name=\"twitter:site\" content=\"@PressenzaIPA\" \/>\n<meta name=\"twitter:label1\" content=\"Escrito por\" \/>\n\t<meta name=\"twitter:data1\" content=\"http:\/\/blogs.publico.es \/fueradelugar\/\" \/>\n\t<meta name=\"twitter:label2\" content=\"Tiempo de lectura\" \/>\n\t<meta name=\"twitter:data2\" content=\"3 minutos\" \/>\n<script type=\"application\/ld+json\" class=\"yoast-schema-graph\">{\"@context\":\"https:\/\/schema.org\",\"@graph\":[{\"@type\":\"Article\",\"@id\":\"https:\/\/www.pressenza.com\/es\/2013\/08\/espana-la-emigracion-de-jovenes-se-dispara-un-41-desde-el-comienzo-de-la-crisis\/#article\",\"isPartOf\":{\"@id\":\"https:\/\/www.pressenza.com\/es\/2013\/08\/espana-la-emigracion-de-jovenes-se-dispara-un-41-desde-el-comienzo-de-la-crisis\/\"},\"author\":{\"name\":\"http:\/\/blogs.publico.es \/fueradelugar\/\",\"@id\":\"https:\/\/www.pressenza.com\/es\/#\/schema\/person\/e7f9f7f05923ac389ffb0720f5a7f8be\"},\"headline\":\"Espa\u00f1a: La emigraci\u00f3n de j\u00f3venes se dispara un 41% desde el comienzo de la crisis\",\"datePublished\":\"2013-08-18T02:15:14+00:00\",\"mainEntityOfPage\":{\"@id\":\"https:\/\/www.pressenza.com\/es\/2013\/08\/espana-la-emigracion-de-jovenes-se-dispara-un-41-desde-el-comienzo-de-la-crisis\/\"},\"wordCount\":603,\"publisher\":{\"@id\":\"https:\/\/www.pressenza.com\/es\/#organization\"},\"image\":{\"@id\":\"https:\/\/www.pressenza.com\/es\/2013\/08\/espana-la-emigracion-de-jovenes-se-dispara-un-41-desde-el-comienzo-de-la-crisis\/#primaryimage\"},\"thumbnailUrl\":\"https:\/\/www.pressenza.com\/wp-content\/uploads\/2013\/08\/paro.jpg\",\"keywords\":[\"crisis\",\"emigraci\u00f3n\",\"recortes\"],\"articleSection\":[\"Econom\u00eda\",\"Europa\"],\"inLanguage\":\"es\"},{\"@type\":\"WebPage\",\"@id\":\"https:\/\/www.pressenza.com\/es\/2013\/08\/espana-la-emigracion-de-jovenes-se-dispara-un-41-desde-el-comienzo-de-la-crisis\/\",\"url\":\"https:\/\/www.pressenza.com\/es\/2013\/08\/espana-la-emigracion-de-jovenes-se-dispara-un-41-desde-el-comienzo-de-la-crisis\/\",\"name\":\"Espa\u00f1a: La emigraci\u00f3n de j\u00f3venes se dispara un 41% desde el comienzo de la crisis\",\"isPartOf\":{\"@id\":\"https:\/\/www.pressenza.com\/es\/#website\"},\"primaryImageOfPage\":{\"@id\":\"https:\/\/www.pressenza.com\/es\/2013\/08\/espana-la-emigracion-de-jovenes-se-dispara-un-41-desde-el-comienzo-de-la-crisis\/#primaryimage\"},\"image\":{\"@id\":\"https:\/\/www.pressenza.com\/es\/2013\/08\/espana-la-emigracion-de-jovenes-se-dispara-un-41-desde-el-comienzo-de-la-crisis\/#primaryimage\"},\"thumbnailUrl\":\"https:\/\/www.pressenza.com\/wp-content\/uploads\/2013\/08\/paro.jpg\",\"datePublished\":\"2013-08-18T02:15:14+00:00\",\"description\":\"En 2012 salieron de Espa\u00f1a 14.000 personas menores de 35 a\u00f1os por la falta de perspectivas para encontrar un empleo. Desde que empez\u00f3 la crisis en 2008 ha\",\"breadcrumb\":{\"@id\":\"https:\/\/www.pressenza.com\/es\/2013\/08\/espana-la-emigracion-de-jovenes-se-dispara-un-41-desde-el-comienzo-de-la-crisis\/#breadcrumb\"},\"inLanguage\":\"es\",\"potentialAction\":[{\"@type\":\"ReadAction\",\"target\":[\"https:\/\/www.pressenza.com\/es\/2013\/08\/espana-la-emigracion-de-jovenes-se-dispara-un-41-desde-el-comienzo-de-la-crisis\/\"]}]},{\"@type\":\"ImageObject\",\"inLanguage\":\"es\",\"@id\":\"https:\/\/www.pressenza.com\/es\/2013\/08\/espana-la-emigracion-de-jovenes-se-dispara-un-41-desde-el-comienzo-de-la-crisis\/#primaryimage\",\"url\":\"https:\/\/www.pressenza.com\/wp-content\/uploads\/2013\/08\/paro.jpg\",\"contentUrl\":\"https:\/\/www.pressenza.com\/wp-content\/uploads\/2013\/08\/paro.jpg\",\"width\":642,\"height\":398},{\"@type\":\"BreadcrumbList\",\"@id\":\"https:\/\/www.pressenza.com\/es\/2013\/08\/espana-la-emigracion-de-jovenes-se-dispara-un-41-desde-el-comienzo-de-la-crisis\/#breadcrumb\",\"itemListElement\":[{\"@type\":\"ListItem\",\"position\":1,\"name\":\"Accueil\",\"item\":\"https:\/\/www.pressenza.com\/es\/\"},{\"@type\":\"ListItem\",\"position\":2,\"name\":\"Espa\u00f1a: La emigraci\u00f3n de j\u00f3venes se dispara un 41% desde el comienzo de la crisis\"}]},{\"@type\":\"WebSite\",\"@id\":\"https:\/\/www.pressenza.com\/es\/#website\",\"url\":\"https:\/\/www.pressenza.com\/es\/\",\"name\":\"Pressenza\",\"description\":\"International Press Agency\",\"publisher\":{\"@id\":\"https:\/\/www.pressenza.com\/es\/#organization\"},\"potentialAction\":[{\"@type\":\"SearchAction\",\"target\":{\"@type\":\"EntryPoint\",\"urlTemplate\":\"https:\/\/www.pressenza.com\/es\/?s={search_term_string}\"},\"query-input\":{\"@type\":\"PropertyValueSpecification\",\"valueRequired\":true,\"valueName\":\"search_term_string\"}}],\"inLanguage\":\"es\"},{\"@type\":\"Organization\",\"@id\":\"https:\/\/www.pressenza.com\/es\/#organization\",\"name\":\"Pressenza\",\"url\":\"https:\/\/www.pressenza.com\/es\/\",\"logo\":{\"@type\":\"ImageObject\",\"inLanguage\":\"es\",\"@id\":\"https:\/\/www.pressenza.com\/es\/#\/schema\/logo\/image\/\",\"url\":\"https:\/\/www.pressenza.com\/wp-content\/uploads\/2022\/10\/pressenza_logo_200x200.jpg\",\"contentUrl\":\"https:\/\/www.pressenza.com\/wp-content\/uploads\/2022\/10\/pressenza_logo_200x200.jpg\",\"width\":200,\"height\":200,\"caption\":\"Pressenza\"},\"image\":{\"@id\":\"https:\/\/www.pressenza.com\/es\/#\/schema\/logo\/image\/\"},\"sameAs\":[\"https:\/\/www.facebook.com\/PressenzaItalia\",\"https:\/\/x.com\/PressenzaIPA\"]},{\"@type\":\"Person\",\"@id\":\"https:\/\/www.pressenza.com\/es\/#\/schema\/person\/e7f9f7f05923ac389ffb0720f5a7f8be\",\"name\":\"http:\/\/blogs.publico.es \/fueradelugar\/\",\"url\":\"https:\/\/www.pressenza.com\/es\/author\/fueradelugar\/\"}]}<\/script>\n<!-- \/ Yoast SEO plugin. -->","yoast_head_json":{"title":"Espa\u00f1a: La emigraci\u00f3n de j\u00f3venes se dispara un 41% desde el comienzo de la crisis","description":"En 2012 salieron de Espa\u00f1a 14.000 personas menores de 35 a\u00f1os por la falta de perspectivas para encontrar un empleo. Desde que empez\u00f3 la crisis en 2008 ha","robots":{"index":"index","follow":"follow","max-snippet":"max-snippet:-1","max-image-preview":"max-image-preview:large","max-video-preview":"max-video-preview:-1"},"canonical":"https:\/\/www.pressenza.com\/es\/2013\/08\/espana-la-emigracion-de-jovenes-se-dispara-un-41-desde-el-comienzo-de-la-crisis\/","og_locale":"es_ES","og_type":"article","og_title":"Espa\u00f1a: La emigraci\u00f3n de j\u00f3venes se dispara un 41% desde el comienzo de la crisis","og_description":"En 2012 salieron de Espa\u00f1a 14.000 personas menores de 35 a\u00f1os por la falta de perspectivas para encontrar un empleo. Desde que empez\u00f3 la crisis en 2008 ha","og_url":"https:\/\/www.pressenza.com\/es\/2013\/08\/espana-la-emigracion-de-jovenes-se-dispara-un-41-desde-el-comienzo-de-la-crisis\/","og_site_name":"Pressenza","article_publisher":"https:\/\/www.facebook.com\/PressenzaItalia","article_published_time":"2013-08-18T02:15:14+00:00","og_image":[{"width":642,"height":398,"url":"https:\/\/www.pressenza.com\/wp-content\/uploads\/2013\/08\/paro.jpg","type":"image\/jpeg"}],"author":"http:\/\/blogs.publico.es \/fueradelugar\/","twitter_card":"summary_large_image","twitter_creator":"@PressenzaIPA","twitter_site":"@PressenzaIPA","twitter_misc":{"Escrito por":"http:\/\/blogs.publico.es \/fueradelugar\/","Tiempo de lectura":"3 minutos"},"schema":{"@context":"https:\/\/schema.org","@graph":[{"@type":"Article","@id":"https:\/\/www.pressenza.com\/es\/2013\/08\/espana-la-emigracion-de-jovenes-se-dispara-un-41-desde-el-comienzo-de-la-crisis\/#article","isPartOf":{"@id":"https:\/\/www.pressenza.com\/es\/2013\/08\/espana-la-emigracion-de-jovenes-se-dispara-un-41-desde-el-comienzo-de-la-crisis\/"},"author":{"name":"http:\/\/blogs.publico.es \/fueradelugar\/","@id":"https:\/\/www.pressenza.com\/es\/#\/schema\/person\/e7f9f7f05923ac389ffb0720f5a7f8be"},"headline":"Espa\u00f1a: La emigraci\u00f3n de j\u00f3venes se dispara un 41% desde el comienzo de la crisis","datePublished":"2013-08-18T02:15:14+00:00","mainEntityOfPage":{"@id":"https:\/\/www.pressenza.com\/es\/2013\/08\/espana-la-emigracion-de-jovenes-se-dispara-un-41-desde-el-comienzo-de-la-crisis\/"},"wordCount":603,"publisher":{"@id":"https:\/\/www.pressenza.com\/es\/#organization"},"image":{"@id":"https:\/\/www.pressenza.com\/es\/2013\/08\/espana-la-emigracion-de-jovenes-se-dispara-un-41-desde-el-comienzo-de-la-crisis\/#primaryimage"},"thumbnailUrl":"https:\/\/www.pressenza.com\/wp-content\/uploads\/2013\/08\/paro.jpg","keywords":["crisis","emigraci\u00f3n","recortes"],"articleSection":["Econom\u00eda","Europa"],"inLanguage":"es"},{"@type":"WebPage","@id":"https:\/\/www.pressenza.com\/es\/2013\/08\/espana-la-emigracion-de-jovenes-se-dispara-un-41-desde-el-comienzo-de-la-crisis\/","url":"https:\/\/www.pressenza.com\/es\/2013\/08\/espana-la-emigracion-de-jovenes-se-dispara-un-41-desde-el-comienzo-de-la-crisis\/","name":"Espa\u00f1a: La emigraci\u00f3n de j\u00f3venes se dispara un 41% desde el comienzo de la crisis","isPartOf":{"@id":"https:\/\/www.pressenza.com\/es\/#website"},"primaryImageOfPage":{"@id":"https:\/\/www.pressenza.com\/es\/2013\/08\/espana-la-emigracion-de-jovenes-se-dispara-un-41-desde-el-comienzo-de-la-crisis\/#primaryimage"},"image":{"@id":"https:\/\/www.pressenza.com\/es\/2013\/08\/espana-la-emigracion-de-jovenes-se-dispara-un-41-desde-el-comienzo-de-la-crisis\/#primaryimage"},"thumbnailUrl":"https:\/\/www.pressenza.com\/wp-content\/uploads\/2013\/08\/paro.jpg","datePublished":"2013-08-18T02:15:14+00:00","description":"En 2012 salieron de Espa\u00f1a 14.000 personas menores de 35 a\u00f1os por la falta de perspectivas para encontrar un empleo. Desde que empez\u00f3 la crisis en 2008 ha","breadcrumb":{"@id":"https:\/\/www.pressenza.com\/es\/2013\/08\/espana-la-emigracion-de-jovenes-se-dispara-un-41-desde-el-comienzo-de-la-crisis\/#breadcrumb"},"inLanguage":"es","potentialAction":[{"@type":"ReadAction","target":["https:\/\/www.pressenza.com\/es\/2013\/08\/espana-la-emigracion-de-jovenes-se-dispara-un-41-desde-el-comienzo-de-la-crisis\/"]}]},{"@type":"ImageObject","inLanguage":"es","@id":"https:\/\/www.pressenza.com\/es\/2013\/08\/espana-la-emigracion-de-jovenes-se-dispara-un-41-desde-el-comienzo-de-la-crisis\/#primaryimage","url":"https:\/\/www.pressenza.com\/wp-content\/uploads\/2013\/08\/paro.jpg","contentUrl":"https:\/\/www.pressenza.com\/wp-content\/uploads\/2013\/08\/paro.jpg","width":642,"height":398},{"@type":"BreadcrumbList","@id":"https:\/\/www.pressenza.com\/es\/2013\/08\/espana-la-emigracion-de-jovenes-se-dispara-un-41-desde-el-comienzo-de-la-crisis\/#breadcrumb","itemListElement":[{"@type":"ListItem","position":1,"name":"Accueil","item":"https:\/\/www.pressenza.com\/es\/"},{"@type":"ListItem","position":2,"name":"Espa\u00f1a: La emigraci\u00f3n de j\u00f3venes se dispara un 41% desde el comienzo de la crisis"}]},{"@type":"WebSite","@id":"https:\/\/www.pressenza.com\/es\/#website","url":"https:\/\/www.pressenza.com\/es\/","name":"Pressenza","description":"International Press Agency","publisher":{"@id":"https:\/\/www.pressenza.com\/es\/#organization"},"potentialAction":[{"@type":"SearchAction","target":{"@type":"EntryPoint","urlTemplate":"https:\/\/www.pressenza.com\/es\/?s={search_term_string}"},"query-input":{"@type":"PropertyValueSpecification","valueRequired":true,"valueName":"search_term_string"}}],"inLanguage":"es"},{"@type":"Organization","@id":"https:\/\/www.pressenza.com\/es\/#organization","name":"Pressenza","url":"https:\/\/www.pressenza.com\/es\/","logo":{"@type":"ImageObject","inLanguage":"es","@id":"https:\/\/www.pressenza.com\/es\/#\/schema\/logo\/image\/","url":"https:\/\/www.pressenza.com\/wp-content\/uploads\/2022\/10\/pressenza_logo_200x200.jpg","contentUrl":"https:\/\/www.pressenza.com\/wp-content\/uploads\/2022\/10\/pressenza_logo_200x200.jpg","width":200,"height":200,"caption":"Pressenza"},"image":{"@id":"https:\/\/www.pressenza.com\/es\/#\/schema\/logo\/image\/"},"sameAs":["https:\/\/www.facebook.com\/PressenzaItalia","https:\/\/x.com\/PressenzaIPA"]},{"@type":"Person","@id":"https:\/\/www.pressenza.com\/es\/#\/schema\/person\/e7f9f7f05923ac389ffb0720f5a7f8be","name":"http:\/\/blogs.publico.es \/fueradelugar\/","url":"https:\/\/www.pressenza.com\/es\/author\/fueradelugar\/"}]}},"place":"Madrid","original_article_url":"","_links":{"self":[{"href":"https:\/\/www.pressenza.com\/es\/wp-json\/wp\/v2\/posts\/65238","targetHints":{"allow":["GET"]}}],"collection":[{"href":"https:\/\/www.pressenza.com\/es\/wp-json\/wp\/v2\/posts"}],"about":[{"href":"https:\/\/www.pressenza.com\/es\/wp-json\/wp\/v2\/types\/post"}],"author":[{"embeddable":true,"href":"https:\/\/www.pressenza.com\/es\/wp-json\/wp\/v2\/users\/686"}],"replies":[{"embeddable":true,"href":"https:\/\/www.pressenza.com\/es\/wp-json\/wp\/v2\/comments?post=65238"}],"version-history":[{"count":0,"href":"https:\/\/www.pressenza.com\/es\/wp-json\/wp\/v2\/posts\/65238\/revisions"}],"wp:featuredmedia":[{"embeddable":true,"href":"https:\/\/www.pressenza.com\/es\/wp-json\/wp\/v2\/media\/65240"}],"wp:attachment":[{"href":"https:\/\/www.pressenza.com\/es\/wp-json\/wp\/v2\/media?parent=65238"}],"wp:term":[{"taxonomy":"category","embeddable":true,"href":"https:\/\/www.pressenza.com\/es\/wp-json\/wp\/v2\/categories?post=65238"},{"taxonomy":"post_tag","embeddable":true,"href":"https:\/\/www.pressenza.com\/es\/wp-json\/wp\/v2\/tags?post=65238"}],"curies":[{"name":"wp","href":"https:\/\/api.w.org\/{rel}","templated":true}]}}