{"id":651384,"date":"2018-06-04T17:07:52","date_gmt":"2018-06-04T16:07:52","guid":{"rendered":"https:\/\/www.pressenza.com\/?p=651384"},"modified":"2018-06-04T19:53:04","modified_gmt":"2018-06-04T18:53:04","slug":"puls-des-frieden-berlin","status":"publish","type":"post","link":"https:\/\/www.pressenza.com\/es\/2018\/06\/puls-des-frieden-berlin\/","title":{"rendered":"Marcha por la Paz en Berl\u00edn"},"content":{"rendered":"<p><strong>Segunda Marcha por la Paz en Berl\u00edn \u201cPrayers of the Mothers\u201dcon Yael Deckelbaum<\/strong><br \/>\nEl movimiento mundial \u00abWomen Wage Peace\u00bb comenz\u00f3 en 2016 con el objetivo de crear paz en Oriente Medio. Participaron 4.000 mujeres, entre israel\u00edes y palestinas. Desde entonces, Yael Deckelbaum ha participado en muchas otras marchas por la paz. Su canci\u00f3n \u00abOraci\u00f3n de las madres\u00bb se convirti\u00f3 en un himno por la paz.<br \/>\nMiles de mujeres marcharonpor la paz en Berl\u00edn desde la Fuente de Neptuno en Alexanderplatz hasta la Puerta de Brandenburgo, junto a Yael Deckebaum y su banda internacional.El movimiento \u201c Ni una Menos\u201d tambi\u00e9n estuvo presente, la Marcha culmin\u00f3 en la famosa Puerta de Branderburgo.<\/p>\n<p>\/Texto y Fotograf\u00edas: Maga Navarrete\/<\/p>\n<p><a href=\"https:\/\/www.pressenza.com\/wp-content\/uploads\/2018\/06\/marchamaga1.jpg\"><img loading=\"lazy\" decoding=\"async\" class=\"alignleft size-large wp-image-651448\" src=\"https:\/\/www.pressenza.com\/wp-content\/uploads\/2018\/06\/marchamaga1-720x480.jpg\" alt=\"\" width=\"720\" height=\"480\" srcset=\"https:\/\/www.pressenza.com\/wp-content\/uploads\/2018\/06\/marchamaga1-720x480.jpg 720w, https:\/\/www.pressenza.com\/wp-content\/uploads\/2018\/06\/marchamaga1-300x200.jpg 300w, https:\/\/www.pressenza.com\/wp-content\/uploads\/2018\/06\/marchamaga1.jpg 750w\" sizes=\"auto, (max-width: 720px) 100vw, 720px\" \/><\/a><br \/>\n<a href=\"https:\/\/www.pressenza.com\/wp-content\/uploads\/2018\/06\/ferhturmmaga.jpg\"><img loading=\"lazy\" decoding=\"async\" class=\"alignleft size-large wp-image-651457\" src=\"https:\/\/www.pressenza.com\/wp-content\/uploads\/2018\/06\/ferhturmmaga-683x1024.jpg\" alt=\"\" width=\"683\" height=\"1024\" srcset=\"https:\/\/www.pressenza.com\/wp-content\/uploads\/2018\/06\/ferhturmmaga-683x1024.jpg 683w, https:\/\/www.pressenza.com\/wp-content\/uploads\/2018\/06\/ferhturmmaga-200x300.jpg 200w, https:\/\/www.pressenza.com\/wp-content\/uploads\/2018\/06\/ferhturmmaga-768x1152.jpg 768w, https:\/\/www.pressenza.com\/wp-content\/uploads\/2018\/06\/ferhturmmaga.jpg 1365w\" sizes=\"auto, (max-width: 683px) 100vw, 683px\" \/><\/a><\/p>\n<p><a href=\"https:\/\/www.pressenza.com\/wp-content\/uploads\/2018\/06\/IMG_9290.jpg\"><img loading=\"lazy\" decoding=\"async\" class=\"alignleft size-large wp-image-651466\" src=\"https:\/\/www.pressenza.com\/wp-content\/uploads\/2018\/06\/IMG_9290-720x466.jpg\" alt=\"\" width=\"720\" height=\"466\" srcset=\"https:\/\/www.pressenza.com\/wp-content\/uploads\/2018\/06\/IMG_9290-720x466.jpg 720w, https:\/\/www.pressenza.com\/wp-content\/uploads\/2018\/06\/IMG_9290-300x194.jpg 300w, https:\/\/www.pressenza.com\/wp-content\/uploads\/2018\/06\/IMG_9290.jpg 750w\" sizes=\"auto, (max-width: 720px) 100vw, 720px\" \/><\/a><\/p>\n<p>&nbsp;<\/p>\n<p>&nbsp;<\/p>\n<p><a href=\"https:\/\/www.pressenza.com\/wp-content\/uploads\/2018\/06\/marchamaga3.jpg\"><img loading=\"lazy\" decoding=\"async\" class=\"alignleft size-large wp-image-651493\" src=\"https:\/\/www.pressenza.com\/wp-content\/uploads\/2018\/06\/marchamaga3-720x465.jpg\" alt=\"\" width=\"720\" height=\"465\" srcset=\"https:\/\/www.pressenza.com\/wp-content\/uploads\/2018\/06\/marchamaga3-720x465.jpg 720w, https:\/\/www.pressenza.com\/wp-content\/uploads\/2018\/06\/marchamaga3-300x194.jpg 300w, https:\/\/www.pressenza.com\/wp-content\/uploads\/2018\/06\/marchamaga3.jpg 750w\" sizes=\"auto, (max-width: 720px) 100vw, 720px\" \/><\/a><\/p>\n<p><a href=\"https:\/\/www.pressenza.com\/wp-content\/uploads\/2018\/06\/marchamaga10.jpg\"><img loading=\"lazy\" decoding=\"async\" class=\"alignleft size-large wp-image-651502\" src=\"https:\/\/www.pressenza.com\/wp-content\/uploads\/2018\/06\/marchamaga10-720x480.jpg\" alt=\"\" width=\"720\" height=\"480\" srcset=\"https:\/\/www.pressenza.com\/wp-content\/uploads\/2018\/06\/marchamaga10-720x480.jpg 720w, https:\/\/www.pressenza.com\/wp-content\/uploads\/2018\/06\/marchamaga10-300x200.jpg 300w, https:\/\/www.pressenza.com\/wp-content\/uploads\/2018\/06\/marchamaga10.jpg 750w\" sizes=\"auto, (max-width: 720px) 100vw, 720px\" \/><\/a><\/p>\n<p>&nbsp;<\/p>\n<p><a href=\"https:\/\/www.pressenza.com\/wp-content\/uploads\/2018\/06\/marchmaga.jpg\"><img loading=\"lazy\" decoding=\"async\" class=\"alignleft size-large wp-image-651520\" src=\"https:\/\/www.pressenza.com\/wp-content\/uploads\/2018\/06\/marchmaga-720x430.jpg\" alt=\"\" width=\"720\" height=\"430\" srcset=\"https:\/\/www.pressenza.com\/wp-content\/uploads\/2018\/06\/marchmaga-720x430.jpg 720w, https:\/\/www.pressenza.com\/wp-content\/uploads\/2018\/06\/marchmaga-300x179.jpg 300w, https:\/\/www.pressenza.com\/wp-content\/uploads\/2018\/06\/marchmaga-768x459.jpg 768w, https:\/\/www.pressenza.com\/wp-content\/uploads\/2018\/06\/marchmaga.jpg 770w\" sizes=\"auto, (max-width: 720px) 100vw, 720px\" \/><\/a><\/p>\n<p><a href=\"https:\/\/www.pressenza.com\/wp-content\/uploads\/2018\/06\/marchmaga2.jpg\"><img loading=\"lazy\" decoding=\"async\" class=\"alignleft size-large wp-image-651529\" src=\"https:\/\/www.pressenza.com\/wp-content\/uploads\/2018\/06\/marchmaga2-720x423.jpg\" alt=\"\" width=\"720\" height=\"423\" srcset=\"https:\/\/www.pressenza.com\/wp-content\/uploads\/2018\/06\/marchmaga2-720x423.jpg 720w, https:\/\/www.pressenza.com\/wp-content\/uploads\/2018\/06\/marchmaga2-300x176.jpg 300w, https:\/\/www.pressenza.com\/wp-content\/uploads\/2018\/06\/marchmaga2.jpg 750w\" sizes=\"auto, (max-width: 720px) 100vw, 720px\" \/><\/a><\/p>\n<p><a href=\"https:\/\/www.pressenza.com\/wp-content\/uploads\/2018\/06\/marchmaga4.jpg\"><img loading=\"lazy\" decoding=\"async\" class=\"alignleft size-large wp-image-651538\" src=\"https:\/\/www.pressenza.com\/wp-content\/uploads\/2018\/06\/marchmaga4-720x520.jpg\" alt=\"\" width=\"720\" height=\"520\" srcset=\"https:\/\/www.pressenza.com\/wp-content\/uploads\/2018\/06\/marchmaga4-720x520.jpg 720w, https:\/\/www.pressenza.com\/wp-content\/uploads\/2018\/06\/marchmaga4-300x217.jpg 300w, https:\/\/www.pressenza.com\/wp-content\/uploads\/2018\/06\/marchmaga4.jpg 750w\" sizes=\"auto, (max-width: 720px) 100vw, 720px\" \/><\/a><\/p>\n<p><a href=\"https:\/\/www.pressenza.com\/wp-content\/uploads\/2018\/06\/marchmaga5.jpg\"><img loading=\"lazy\" decoding=\"async\" class=\"alignleft size-large wp-image-651547\" src=\"https:\/\/www.pressenza.com\/wp-content\/uploads\/2018\/06\/marchmaga5-720x408.jpg\" alt=\"\" width=\"720\" height=\"408\" srcset=\"https:\/\/www.pressenza.com\/wp-content\/uploads\/2018\/06\/marchmaga5-720x408.jpg 720w, https:\/\/www.pressenza.com\/wp-content\/uploads\/2018\/06\/marchmaga5-300x170.jpg 300w, https:\/\/www.pressenza.com\/wp-content\/uploads\/2018\/06\/marchmaga5.jpg 750w\" sizes=\"auto, (max-width: 720px) 100vw, 720px\" \/><\/a><\/p>\n<p><a href=\"https:\/\/www.pressenza.com\/wp-content\/uploads\/2018\/06\/marchmaga6.jpg\"><img loading=\"lazy\" decoding=\"async\" class=\"alignleft size-large wp-image-651556\" src=\"https:\/\/www.pressenza.com\/wp-content\/uploads\/2018\/06\/marchmaga6-720x480.jpg\" alt=\"\" width=\"720\" height=\"480\" srcset=\"https:\/\/www.pressenza.com\/wp-content\/uploads\/2018\/06\/marchmaga6-720x480.jpg 720w, https:\/\/www.pressenza.com\/wp-content\/uploads\/2018\/06\/marchmaga6-300x200.jpg 300w, https:\/\/www.pressenza.com\/wp-content\/uploads\/2018\/06\/marchmaga6.jpg 750w\" sizes=\"auto, (max-width: 720px) 100vw, 720px\" \/><\/a><\/p>\n<p><a href=\"https:\/\/www.pressenza.com\/wp-content\/uploads\/2018\/06\/marchmaga7.jpg\"><img loading=\"lazy\" decoding=\"async\" class=\"alignleft size-large wp-image-651565\" src=\"https:\/\/www.pressenza.com\/wp-content\/uploads\/2018\/06\/marchmaga7-720x480.jpg\" alt=\"\" width=\"720\" height=\"480\" srcset=\"https:\/\/www.pressenza.com\/wp-content\/uploads\/2018\/06\/marchmaga7-720x480.jpg 720w, https:\/\/www.pressenza.com\/wp-content\/uploads\/2018\/06\/marchmaga7-300x200.jpg 300w, https:\/\/www.pressenza.com\/wp-content\/uploads\/2018\/06\/marchmaga7.jpg 750w\" sizes=\"auto, (max-width: 720px) 100vw, 720px\" \/><\/a><\/p>\n<p><a href=\"https:\/\/www.pressenza.com\/wp-content\/uploads\/2018\/06\/marchmaga9.jpg\"><img loading=\"lazy\" decoding=\"async\" class=\"alignleft size-large wp-image-651574\" src=\"https:\/\/www.pressenza.com\/wp-content\/uploads\/2018\/06\/marchmaga9-720x466.jpg\" alt=\"\" width=\"720\" height=\"466\" srcset=\"https:\/\/www.pressenza.com\/wp-content\/uploads\/2018\/06\/marchmaga9-720x466.jpg 720w, https:\/\/www.pressenza.com\/wp-content\/uploads\/2018\/06\/marchmaga9-300x194.jpg 300w, https:\/\/www.pressenza.com\/wp-content\/uploads\/2018\/06\/marchmaga9.jpg 750w\" sizes=\"auto, (max-width: 720px) 100vw, 720px\" \/><\/a><\/p>\n<p>&nbsp;<\/p>\n<p><a href=\"https:\/\/www.pressenza.com\/wp-content\/uploads\/2018\/06\/marchmaga14.jpg\"><img loading=\"lazy\" decoding=\"async\" class=\"alignleft size-large wp-image-651592\" src=\"https:\/\/www.pressenza.com\/wp-content\/uploads\/2018\/06\/marchmaga14-720x468.jpg\" alt=\"\" width=\"720\" height=\"468\" srcset=\"https:\/\/www.pressenza.com\/wp-content\/uploads\/2018\/06\/marchmaga14-720x468.jpg 720w, https:\/\/www.pressenza.com\/wp-content\/uploads\/2018\/06\/marchmaga14-300x195.jpg 300w, https:\/\/www.pressenza.com\/wp-content\/uploads\/2018\/06\/marchmaga14.jpg 750w\" sizes=\"auto, (max-width: 720px) 100vw, 720px\" \/><\/a><\/p>\n<p><a href=\"https:\/\/www.pressenza.com\/wp-content\/uploads\/2018\/06\/marschmaga11.jpg\"><img loading=\"lazy\" decoding=\"async\" class=\"alignleft size-large wp-image-651601\" src=\"https:\/\/www.pressenza.com\/wp-content\/uploads\/2018\/06\/marschmaga11-720x437.jpg\" alt=\"\" width=\"720\" height=\"437\" srcset=\"https:\/\/www.pressenza.com\/wp-content\/uploads\/2018\/06\/marschmaga11-720x437.jpg 720w, https:\/\/www.pressenza.com\/wp-content\/uploads\/2018\/06\/marschmaga11-300x182.jpg 300w, https:\/\/www.pressenza.com\/wp-content\/uploads\/2018\/06\/marschmaga11.jpg 750w\" sizes=\"auto, (max-width: 720px) 100vw, 720px\" \/><\/a><\/p>\n","protected":false},"excerpt":{"rendered":"<p>Segunda Marcha por la Paz en Berl\u00edn \u201cPrayers of the Mothers\u201dcon Yael Deckelbaum El movimiento mundial \u00abWomen Wage Peace\u00bb comenz\u00f3 en 2016 con el objetivo de crear paz en Oriente Medio. Participaron 4.000 mujeres, entre israel\u00edes y palestinas. Desde entonces,&hellip;<\/p>\n","protected":false},"author":19,"featured_media":651439,"comment_status":"closed","ping_status":"closed","sticky":false,"template":"","format":"standard","meta":{"footnotes":""},"categories":[11389,79,66,5667,1240,1243],"tags":[5374,40945],"class_list":["post-651384","post","type-post","status-publish","format-standard","has-post-thumbnail","hentry","category-contenido-original","category-derechos-humanos","category-europa-es","category-foto-reportajes","category-humanismo-espiritualidad","category-paz-desarme","tag-alemania","tag-marcha-por-la-paz"],"yoast_head":"<!-- This site is optimized with the Yoast SEO plugin v27.1.1 - https:\/\/yoast.com\/product\/yoast-seo-wordpress\/ -->\n<title>Marcha por la Paz en Berl\u00edn<\/title>\n<meta name=\"description\" content=\"Segunda Marcha por la Paz en Berl\u00edn \u201cPrayers of the Mothers\u201dcon Yael Deckelbaum El movimiento mundial &quot;Women Wage Peace&quot; comenz\u00f3 en 2016 con el objetivo\" \/>\n<meta name=\"robots\" content=\"index, follow, max-snippet:-1, max-image-preview:large, max-video-preview:-1\" \/>\n<link rel=\"canonical\" href=\"https:\/\/www.pressenza.com\/es\/2018\/06\/puls-des-frieden-berlin\/\" \/>\n<meta property=\"og:locale\" content=\"es_ES\" \/>\n<meta property=\"og:type\" content=\"article\" \/>\n<meta property=\"og:title\" content=\"Marcha por la Paz en Berl\u00edn\" \/>\n<meta property=\"og:description\" content=\"Segunda Marcha por la Paz en Berl\u00edn \u201cPrayers of the Mothers\u201dcon Yael Deckelbaum El movimiento mundial &quot;Women Wage Peace&quot; comenz\u00f3 en 2016 con el objetivo\" \/>\n<meta property=\"og:url\" content=\"https:\/\/www.pressenza.com\/es\/2018\/06\/puls-des-frieden-berlin\/\" \/>\n<meta property=\"og:site_name\" content=\"Pressenza\" \/>\n<meta property=\"article:publisher\" content=\"https:\/\/www.facebook.com\/PressenzaItalia\" \/>\n<meta property=\"article:author\" content=\"https:\/\/www.facebook.com\/pressenza\" \/>\n<meta property=\"article:published_time\" content=\"2018-06-04T16:07:52+00:00\" \/>\n<meta property=\"article:modified_time\" content=\"2018-06-04T18:53:04+00:00\" \/>\n<meta property=\"og:image\" content=\"https:\/\/www.pressenza.com\/wp-content\/uploads\/2018\/06\/marchmaga13.jpg\" \/>\n\t<meta property=\"og:image:width\" content=\"750\" \/>\n\t<meta property=\"og:image:height\" content=\"579\" \/>\n\t<meta property=\"og:image:type\" content=\"image\/jpeg\" \/>\n<meta name=\"author\" content=\"Pressenza IPA\" \/>\n<meta name=\"twitter:card\" content=\"summary_large_image\" \/>\n<meta name=\"twitter:creator\" content=\"@PressenzaIPA\" \/>\n<meta name=\"twitter:site\" content=\"@PressenzaIPA\" \/>\n<meta name=\"twitter:label1\" content=\"Escrito por\" \/>\n\t<meta name=\"twitter:data1\" content=\"Pressenza IPA\" \/>\n\t<meta name=\"twitter:label2\" content=\"Tiempo de lectura\" \/>\n\t<meta name=\"twitter:data2\" content=\"1 minuto\" \/>\n<script type=\"application\/ld+json\" class=\"yoast-schema-graph\">{\"@context\":\"https:\/\/schema.org\",\"@graph\":[{\"@type\":\"Article\",\"@id\":\"https:\/\/www.pressenza.com\/es\/2018\/06\/puls-des-frieden-berlin\/#article\",\"isPartOf\":{\"@id\":\"https:\/\/www.pressenza.com\/es\/2018\/06\/puls-des-frieden-berlin\/\"},\"author\":{\"name\":\"Pressenza IPA\",\"@id\":\"https:\/\/www.pressenza.com\/es\/#\/schema\/person\/010e5d02bcf40965427a1289a4cc8d75\"},\"headline\":\"Marcha por la Paz en Berl\u00edn\",\"datePublished\":\"2018-06-04T16:07:52+00:00\",\"dateModified\":\"2018-06-04T18:53:04+00:00\",\"mainEntityOfPage\":{\"@id\":\"https:\/\/www.pressenza.com\/es\/2018\/06\/puls-des-frieden-berlin\/\"},\"wordCount\":132,\"publisher\":{\"@id\":\"https:\/\/www.pressenza.com\/es\/#organization\"},\"image\":{\"@id\":\"https:\/\/www.pressenza.com\/es\/2018\/06\/puls-des-frieden-berlin\/#primaryimage\"},\"thumbnailUrl\":\"https:\/\/www.pressenza.com\/wp-content\/uploads\/2018\/06\/marchmaga13.jpg\",\"keywords\":[\"Alemania\",\"Marcha por la Paz\"],\"articleSection\":[\"Contenido Original\",\"Derechos Humanos\",\"Europa\",\"Fotorreportajes\",\"Humanismo y Espiritualidad\",\"Paz y Desarme\"],\"inLanguage\":\"es\"},{\"@type\":\"WebPage\",\"@id\":\"https:\/\/www.pressenza.com\/es\/2018\/06\/puls-des-frieden-berlin\/\",\"url\":\"https:\/\/www.pressenza.com\/es\/2018\/06\/puls-des-frieden-berlin\/\",\"name\":\"Marcha por la Paz en Berl\u00edn\",\"isPartOf\":{\"@id\":\"https:\/\/www.pressenza.com\/es\/#website\"},\"primaryImageOfPage\":{\"@id\":\"https:\/\/www.pressenza.com\/es\/2018\/06\/puls-des-frieden-berlin\/#primaryimage\"},\"image\":{\"@id\":\"https:\/\/www.pressenza.com\/es\/2018\/06\/puls-des-frieden-berlin\/#primaryimage\"},\"thumbnailUrl\":\"https:\/\/www.pressenza.com\/wp-content\/uploads\/2018\/06\/marchmaga13.jpg\",\"datePublished\":\"2018-06-04T16:07:52+00:00\",\"dateModified\":\"2018-06-04T18:53:04+00:00\",\"description\":\"Segunda Marcha por la Paz en Berl\u00edn \u201cPrayers of the Mothers\u201dcon Yael Deckelbaum El movimiento mundial \\\"Women Wage Peace\\\" comenz\u00f3 en 2016 con el objetivo\",\"breadcrumb\":{\"@id\":\"https:\/\/www.pressenza.com\/es\/2018\/06\/puls-des-frieden-berlin\/#breadcrumb\"},\"inLanguage\":\"es\",\"potentialAction\":[{\"@type\":\"ReadAction\",\"target\":[\"https:\/\/www.pressenza.com\/es\/2018\/06\/puls-des-frieden-berlin\/\"]}]},{\"@type\":\"ImageObject\",\"inLanguage\":\"es\",\"@id\":\"https:\/\/www.pressenza.com\/es\/2018\/06\/puls-des-frieden-berlin\/#primaryimage\",\"url\":\"https:\/\/www.pressenza.com\/wp-content\/uploads\/2018\/06\/marchmaga13.jpg\",\"contentUrl\":\"https:\/\/www.pressenza.com\/wp-content\/uploads\/2018\/06\/marchmaga13.jpg\",\"width\":750,\"height\":579},{\"@type\":\"BreadcrumbList\",\"@id\":\"https:\/\/www.pressenza.com\/es\/2018\/06\/puls-des-frieden-berlin\/#breadcrumb\",\"itemListElement\":[{\"@type\":\"ListItem\",\"position\":1,\"name\":\"Accueil\",\"item\":\"https:\/\/www.pressenza.com\/es\/\"},{\"@type\":\"ListItem\",\"position\":2,\"name\":\"Marcha por la Paz en Berl\u00edn\"}]},{\"@type\":\"WebSite\",\"@id\":\"https:\/\/www.pressenza.com\/es\/#website\",\"url\":\"https:\/\/www.pressenza.com\/es\/\",\"name\":\"Pressenza\",\"description\":\"International Press Agency\",\"publisher\":{\"@id\":\"https:\/\/www.pressenza.com\/es\/#organization\"},\"potentialAction\":[{\"@type\":\"SearchAction\",\"target\":{\"@type\":\"EntryPoint\",\"urlTemplate\":\"https:\/\/www.pressenza.com\/es\/?s={search_term_string}\"},\"query-input\":{\"@type\":\"PropertyValueSpecification\",\"valueRequired\":true,\"valueName\":\"search_term_string\"}}],\"inLanguage\":\"es\"},{\"@type\":\"Organization\",\"@id\":\"https:\/\/www.pressenza.com\/es\/#organization\",\"name\":\"Pressenza\",\"url\":\"https:\/\/www.pressenza.com\/es\/\",\"logo\":{\"@type\":\"ImageObject\",\"inLanguage\":\"es\",\"@id\":\"https:\/\/www.pressenza.com\/es\/#\/schema\/logo\/image\/\",\"url\":\"https:\/\/www.pressenza.com\/wp-content\/uploads\/2022\/10\/pressenza_logo_200x200.jpg\",\"contentUrl\":\"https:\/\/www.pressenza.com\/wp-content\/uploads\/2022\/10\/pressenza_logo_200x200.jpg\",\"width\":200,\"height\":200,\"caption\":\"Pressenza\"},\"image\":{\"@id\":\"https:\/\/www.pressenza.com\/es\/#\/schema\/logo\/image\/\"},\"sameAs\":[\"https:\/\/www.facebook.com\/PressenzaItalia\",\"https:\/\/x.com\/PressenzaIPA\"]},{\"@type\":\"Person\",\"@id\":\"https:\/\/www.pressenza.com\/es\/#\/schema\/person\/010e5d02bcf40965427a1289a4cc8d75\",\"name\":\"Pressenza IPA\",\"description\":\"News from Pressenza IPA correspondents\",\"sameAs\":[\"https:\/\/www.facebook.com\/pressenza\",\"https:\/\/x.com\/PressenzaIPA\"],\"url\":\"https:\/\/www.pressenza.com\/es\/author\/pressenza-ipa\/\"}]}<\/script>\n<!-- \/ Yoast SEO plugin. -->","yoast_head_json":{"title":"Marcha por la Paz en Berl\u00edn","description":"Segunda Marcha por la Paz en Berl\u00edn \u201cPrayers of the Mothers\u201dcon Yael Deckelbaum El movimiento mundial \"Women Wage Peace\" comenz\u00f3 en 2016 con el objetivo","robots":{"index":"index","follow":"follow","max-snippet":"max-snippet:-1","max-image-preview":"max-image-preview:large","max-video-preview":"max-video-preview:-1"},"canonical":"https:\/\/www.pressenza.com\/es\/2018\/06\/puls-des-frieden-berlin\/","og_locale":"es_ES","og_type":"article","og_title":"Marcha por la Paz en Berl\u00edn","og_description":"Segunda Marcha por la Paz en Berl\u00edn \u201cPrayers of the Mothers\u201dcon Yael Deckelbaum El movimiento mundial \"Women Wage Peace\" comenz\u00f3 en 2016 con el objetivo","og_url":"https:\/\/www.pressenza.com\/es\/2018\/06\/puls-des-frieden-berlin\/","og_site_name":"Pressenza","article_publisher":"https:\/\/www.facebook.com\/PressenzaItalia","article_author":"https:\/\/www.facebook.com\/pressenza","article_published_time":"2018-06-04T16:07:52+00:00","article_modified_time":"2018-06-04T18:53:04+00:00","og_image":[{"width":750,"height":579,"url":"https:\/\/www.pressenza.com\/wp-content\/uploads\/2018\/06\/marchmaga13.jpg","type":"image\/jpeg"}],"author":"Pressenza IPA","twitter_card":"summary_large_image","twitter_creator":"@PressenzaIPA","twitter_site":"@PressenzaIPA","twitter_misc":{"Escrito por":"Pressenza IPA","Tiempo de lectura":"1 minuto"},"schema":{"@context":"https:\/\/schema.org","@graph":[{"@type":"Article","@id":"https:\/\/www.pressenza.com\/es\/2018\/06\/puls-des-frieden-berlin\/#article","isPartOf":{"@id":"https:\/\/www.pressenza.com\/es\/2018\/06\/puls-des-frieden-berlin\/"},"author":{"name":"Pressenza IPA","@id":"https:\/\/www.pressenza.com\/es\/#\/schema\/person\/010e5d02bcf40965427a1289a4cc8d75"},"headline":"Marcha por la Paz en Berl\u00edn","datePublished":"2018-06-04T16:07:52+00:00","dateModified":"2018-06-04T18:53:04+00:00","mainEntityOfPage":{"@id":"https:\/\/www.pressenza.com\/es\/2018\/06\/puls-des-frieden-berlin\/"},"wordCount":132,"publisher":{"@id":"https:\/\/www.pressenza.com\/es\/#organization"},"image":{"@id":"https:\/\/www.pressenza.com\/es\/2018\/06\/puls-des-frieden-berlin\/#primaryimage"},"thumbnailUrl":"https:\/\/www.pressenza.com\/wp-content\/uploads\/2018\/06\/marchmaga13.jpg","keywords":["Alemania","Marcha por la Paz"],"articleSection":["Contenido Original","Derechos Humanos","Europa","Fotorreportajes","Humanismo y Espiritualidad","Paz y Desarme"],"inLanguage":"es"},{"@type":"WebPage","@id":"https:\/\/www.pressenza.com\/es\/2018\/06\/puls-des-frieden-berlin\/","url":"https:\/\/www.pressenza.com\/es\/2018\/06\/puls-des-frieden-berlin\/","name":"Marcha por la Paz en Berl\u00edn","isPartOf":{"@id":"https:\/\/www.pressenza.com\/es\/#website"},"primaryImageOfPage":{"@id":"https:\/\/www.pressenza.com\/es\/2018\/06\/puls-des-frieden-berlin\/#primaryimage"},"image":{"@id":"https:\/\/www.pressenza.com\/es\/2018\/06\/puls-des-frieden-berlin\/#primaryimage"},"thumbnailUrl":"https:\/\/www.pressenza.com\/wp-content\/uploads\/2018\/06\/marchmaga13.jpg","datePublished":"2018-06-04T16:07:52+00:00","dateModified":"2018-06-04T18:53:04+00:00","description":"Segunda Marcha por la Paz en Berl\u00edn \u201cPrayers of the Mothers\u201dcon Yael Deckelbaum El movimiento mundial \"Women Wage Peace\" comenz\u00f3 en 2016 con el objetivo","breadcrumb":{"@id":"https:\/\/www.pressenza.com\/es\/2018\/06\/puls-des-frieden-berlin\/#breadcrumb"},"inLanguage":"es","potentialAction":[{"@type":"ReadAction","target":["https:\/\/www.pressenza.com\/es\/2018\/06\/puls-des-frieden-berlin\/"]}]},{"@type":"ImageObject","inLanguage":"es","@id":"https:\/\/www.pressenza.com\/es\/2018\/06\/puls-des-frieden-berlin\/#primaryimage","url":"https:\/\/www.pressenza.com\/wp-content\/uploads\/2018\/06\/marchmaga13.jpg","contentUrl":"https:\/\/www.pressenza.com\/wp-content\/uploads\/2018\/06\/marchmaga13.jpg","width":750,"height":579},{"@type":"BreadcrumbList","@id":"https:\/\/www.pressenza.com\/es\/2018\/06\/puls-des-frieden-berlin\/#breadcrumb","itemListElement":[{"@type":"ListItem","position":1,"name":"Accueil","item":"https:\/\/www.pressenza.com\/es\/"},{"@type":"ListItem","position":2,"name":"Marcha por la Paz en Berl\u00edn"}]},{"@type":"WebSite","@id":"https:\/\/www.pressenza.com\/es\/#website","url":"https:\/\/www.pressenza.com\/es\/","name":"Pressenza","description":"International Press Agency","publisher":{"@id":"https:\/\/www.pressenza.com\/es\/#organization"},"potentialAction":[{"@type":"SearchAction","target":{"@type":"EntryPoint","urlTemplate":"https:\/\/www.pressenza.com\/es\/?s={search_term_string}"},"query-input":{"@type":"PropertyValueSpecification","valueRequired":true,"valueName":"search_term_string"}}],"inLanguage":"es"},{"@type":"Organization","@id":"https:\/\/www.pressenza.com\/es\/#organization","name":"Pressenza","url":"https:\/\/www.pressenza.com\/es\/","logo":{"@type":"ImageObject","inLanguage":"es","@id":"https:\/\/www.pressenza.com\/es\/#\/schema\/logo\/image\/","url":"https:\/\/www.pressenza.com\/wp-content\/uploads\/2022\/10\/pressenza_logo_200x200.jpg","contentUrl":"https:\/\/www.pressenza.com\/wp-content\/uploads\/2022\/10\/pressenza_logo_200x200.jpg","width":200,"height":200,"caption":"Pressenza"},"image":{"@id":"https:\/\/www.pressenza.com\/es\/#\/schema\/logo\/image\/"},"sameAs":["https:\/\/www.facebook.com\/PressenzaItalia","https:\/\/x.com\/PressenzaIPA"]},{"@type":"Person","@id":"https:\/\/www.pressenza.com\/es\/#\/schema\/person\/010e5d02bcf40965427a1289a4cc8d75","name":"Pressenza IPA","description":"News from Pressenza IPA correspondents","sameAs":["https:\/\/www.facebook.com\/pressenza","https:\/\/x.com\/PressenzaIPA"],"url":"https:\/\/www.pressenza.com\/es\/author\/pressenza-ipa\/"}]}},"place":"","original_article_url":"","_links":{"self":[{"href":"https:\/\/www.pressenza.com\/es\/wp-json\/wp\/v2\/posts\/651384","targetHints":{"allow":["GET"]}}],"collection":[{"href":"https:\/\/www.pressenza.com\/es\/wp-json\/wp\/v2\/posts"}],"about":[{"href":"https:\/\/www.pressenza.com\/es\/wp-json\/wp\/v2\/types\/post"}],"author":[{"embeddable":true,"href":"https:\/\/www.pressenza.com\/es\/wp-json\/wp\/v2\/users\/19"}],"replies":[{"embeddable":true,"href":"https:\/\/www.pressenza.com\/es\/wp-json\/wp\/v2\/comments?post=651384"}],"version-history":[{"count":0,"href":"https:\/\/www.pressenza.com\/es\/wp-json\/wp\/v2\/posts\/651384\/revisions"}],"wp:featuredmedia":[{"embeddable":true,"href":"https:\/\/www.pressenza.com\/es\/wp-json\/wp\/v2\/media\/651439"}],"wp:attachment":[{"href":"https:\/\/www.pressenza.com\/es\/wp-json\/wp\/v2\/media?parent=651384"}],"wp:term":[{"taxonomy":"category","embeddable":true,"href":"https:\/\/www.pressenza.com\/es\/wp-json\/wp\/v2\/categories?post=651384"},{"taxonomy":"post_tag","embeddable":true,"href":"https:\/\/www.pressenza.com\/es\/wp-json\/wp\/v2\/tags?post=651384"}],"curies":[{"name":"wp","href":"https:\/\/api.w.org\/{rel}","templated":true}]}}