{"id":650408,"date":"2018-06-03T15:42:14","date_gmt":"2018-06-03T14:42:14","guid":{"rendered":"https:\/\/www.pressenza.com\/?p=650408"},"modified":"2018-06-03T21:25:32","modified_gmt":"2018-06-03T20:25:32","slug":"colombia-en-segunda-vuelta-la-gran-responsabilidad-de-quienes-no-son-los-responsables-y-la-irresponsabilidad-de-los-que-si-lo-son","status":"publish","type":"post","link":"https:\/\/www.pressenza.com\/es\/2018\/06\/colombia-en-segunda-vuelta-la-gran-responsabilidad-de-quienes-no-son-los-responsables-y-la-irresponsabilidad-de-los-que-si-lo-son\/","title":{"rendered":"Colombia en segunda vuelta: La gran responsabilidad de quienes no son los responsables y la irresponsabilidad de los que s\u00ed lo son"},"content":{"rendered":"<p>El domingo 17 de Junio tendr\u00e1 lugar en Colombia la segunda vuelta para elegir presidente para el pr\u00f3ximo per\u00edodo de gobierno. La paz se plebiscita una vez m\u00e1s, pero no s\u00f3lo ella. Est\u00e1 en juego el modelo de pa\u00eds y la posici\u00f3n que adopte Colombia en sus relaciones internacionales.<\/p>\n<p>La primera vuelta no arroj\u00f3 mayor\u00edas absolutas, colocando en el primer lugar de la votaci\u00f3n a Iv\u00e1n Duque, senador del Centro Democr\u00e1tico, la agrupaci\u00f3n derechista de \u00c1lvaro Uribe V\u00e9lez.<\/p>\n<p>Aunque a distancia de los 39 puntos porcentuales de Duque, el resultado constituy\u00f3 un gran triunfo para Gustavo Petro, quien con un 25% pas\u00f3 a segunda vuelta, siendo \u00e9sta la primera vez en muchos a\u00f1os que un candidato progresista, a la izquierda de la tradicional partidocracia, lo logra.<\/p>\n<p>Por muy poco, con casi un 24% qued\u00f3 fuera de la contienda Sergio Fajardo, candidato de la Coalici\u00f3n Colombia, apoyada por el Polo Democr\u00e1tico \u2013 al que anteriormente pertenec\u00eda Petro &#8211; , Alianza Verde y Compromiso Ciudadano por Colombia. Con ello fall\u00f3 el intento de perfilar para la segunda vuelta a un candidato m\u00e1s centrista, que pudiera eventualmente capturar un voto m\u00e1s descomprometido.<\/p>\n<p>El a\u00fan vicepresidente Vargas Lleras, neto representante del santismo saliente, cosech\u00f3 un magro 7%, pese a contar con resortes del Estado y maquinaria clientelar. Esto sella el veredicto negativo del pueblo sobre el gobierno de Juan Manuel Santos. Humberto De La Calle, figura central en el logro de los Acuerdos de Paz con las FARC en La Habana, fue votado por el 2%, quiz\u00e1s porque el voto progresista y pro-paz se volc\u00f3 a otras candidaturas. Los restantes candidatos no llegaron al 1% de los votos v\u00e1lidos.<\/p>\n<p>La participaci\u00f3n fue del 53%, superando en algo la cr\u00f3nica abstenci\u00f3n en Colombia, cuyo promedio de participaci\u00f3n electoral ha sido de un 46% entre 1978 y 2010, seg\u00fan datos de la Registradur\u00eda Nacional. En relaci\u00f3n a las elecciones de 2014, acudieron en primera vuelta a las urnas casi seis millones y medio m\u00e1s de votantes, sobre todo j\u00f3venes y mujeres.<\/p>\n<p><strong>\u00bfQu\u00e9 representa cada candidato?<\/strong><\/p>\n<p>Decir Iv\u00e1n Duque es decir \u00c1lvaro Uribe V\u00e9lez. Y decir Uribe V\u00e9lez es decir EEUU y Plan Colombia. Es hablar de \u201cfalsos positivos\u201d, chuzadas a opositores, mano dura y militarizaci\u00f3n.<\/p>\n<p>Si gana Duque, ganar\u00e1n los grupos econ\u00f3micos corporativos, los conglomerados financieros, los medios hegem\u00f3nicos, los terratenientes, ganar\u00e1n los megaproyectos. Ganar\u00e1 un amplio arco de violencias, el paramilitarismo rural, el imperialismo y la guerra.\u00a0 Perder\u00e1n los campesinos desheredados, los l\u00edderes sociales, las comunidades rurales, los ex combatientes de la insurgencia. Perder\u00e1n los pobres, los desocupados, el equilibrio medioambiental y se alejar\u00e1 la posibilidad de una Am\u00e9rica Latina libre e integrada.<\/p>\n<p>Si gana Petro, ganar\u00e1 la posibilidad de una Colombia algo m\u00e1s democr\u00e1tica y pac\u00edfica, una Colombia algo m\u00e1s humana. Ganar\u00e1n los sectores empobrecidos de las periferias. Ganar\u00e1 la historia truncada con la muerte de Eli\u00e9cer Gait\u00e1n.<\/p>\n<p>Duque es un neoliberal a ultranza. Previo a su primer y \u00fanico per\u00edodo senatorial trabaj\u00f3 durante doce a\u00f1os como funcionario del Banco Interamericano de Desarrollo (BID), fue asesor del ministerio de Hacienda en el gobierno conservador de Pastrana y tambi\u00e9n por un breve per\u00edodo consultor de CAF-Banco de Desarrollo de Am\u00e9rica Latina. Es predecible que apunte a construir megaproyectos de infraestructura, sobre todo en aquellas zonas anteriormente controladas por la guerrilla, favoreciendo al sector desarrollista y agroexportador, lo cual impedir\u00e1 el retorno de la poblaci\u00f3n desplazada por la guerra, acentuando adem\u00e1s el \u00e9xodo forzado del campesinado a las ciudades.<\/p>\n<p>Ha sido el perfil elegido por el ex presidente Uribe con la idea de proponer una imagen p\u00fablica m\u00e1s joven y en apariencia alejada de la degradada pol\u00edtica tradicional, aunque claramente dependiente por completo de ella.<\/p>\n<p>Petro propugna un capitalismo menos descarnado, con propuestas de mayor inclusi\u00f3n, movilidad social ascendente y un menor impacto ambiental. Ha convocado a unirse en lo fundamental \u2013 defender los acuerdos de paz y su implementaci\u00f3n, la educaci\u00f3n p\u00fablica, los derechos humanos, la tolerancia pol\u00edtica, la separaci\u00f3n de poderes &#8211; y dejar de lado las particularidades para conformar un gobierno de alianzas.<\/p>\n<p>Otra de las luchas centrales en esta elecci\u00f3n es entre una justicia ama\u00f1ada por el poder o un progresivo &#8211; aunque seguramente lento &#8211; avance de derechos para la tan vapuleada poblaci\u00f3n colombiana. Entre la impunidad y la posibilidad de verdad y justicia para los millones de v\u00edctimas del conflicto armado.<\/p>\n<p>Lo que tambi\u00e9n est\u00e1 en juego, al igual que en otros lugares de la regi\u00f3n, son los derechos a la diversidad, la no discriminaci\u00f3n y libre elecci\u00f3n sexoafectiva. Si bien el candidato pentecostalista Trujillo sac\u00f3 en primera vuelta apenas un 0.4%, esta tendencia fue una de las que ayud\u00f3 a volcar el resultado del plebiscito de Octubre 2016 por el No, por lo que sin duda estuvo y est\u00e1 representada en la candidatura de Iv\u00e1n Duque.<\/p>\n<p><strong>La irresponsabilidad de los que son responsables<\/strong><\/p>\n<p>\u00bfQui\u00e9nes son los responsables de que Colombia sea uno de los pa\u00edses m\u00e1s desiguales del mundo? O de la concentraci\u00f3n extrema de tierras f\u00e9rtiles en pocas manos, que es pr\u00e1cticamente decir lo mismo. \u00bfQui\u00e9nes han hecho de la democracia en este pa\u00eds un tablero de corrupci\u00f3n partidocr\u00e1tica? \u00bfQui\u00e9nes fueron los causantes de la guerra que asol\u00f3 a la naci\u00f3n durante m\u00e1s de cinco d\u00e9cadas? \u00bfQui\u00e9nes hicieron de Colombia el mayor productor de coca\u00edna del mundo?<\/p>\n<p>Los responsables estructurales son los mismos que hoy se agrupan bajo el ala de la candidatura de Iv\u00e1n Duque y de su mentor-gestor Uribe V\u00e9lez. Es una reedici\u00f3n apenas barnizada de aquel Frente Nacional a trav\u00e9s del que, entre 1958 y 1974, conservadores y liberales se alternaron en el gobierno para frenar cualquier viso de transformaci\u00f3n social. Es la continuidad del patriciado plutocr\u00e1tico de unas pocas familias que manejan pol\u00edtica y justicia en este pa\u00eds desde su misma independencia nacional. No por nada se repiten una y otra vez los mismos apellidos en la pol\u00edtica colombiana conformando un tinglado impermeable al pueblo de a pie.<\/p>\n<p>Esta irresponsabilidad social de la derecha es acompa\u00f1ada hoy por la irresponsabilidad pol\u00edtica e hist\u00f3rica de algunos dirigentes, aparentemente disidentes, pero finalmente funcionales a que todo siga igual.<\/p>\n<p>El voto en blanco proclamado por varios de ellos (Fajardo, De La Calle, Robledo) es en esta oportunidad una opci\u00f3n mezquina, que s\u00f3lo se explica por especulaciones de posicionamiento o por el deseo de continuar siendo potables para el establishment, aunque no es de descartar que alguno de estos dirigentes haya recibido presiones en ese sentido.<\/p>\n<p><strong>La enorme responsabilidad de los que no son los responsables<\/strong><\/p>\n<p>El pueblo siempre es el que sufre las consecuencias, a pesar de estar com\u00fanmente alejado de las decisiones. Salvo quiz\u00e1s en esta ocasi\u00f3n, una oportunidad de oro para intentar algo distinto. La responsabilidad recae esta vez sobre la ciudadan\u00eda, en desaf\u00edo al facilismo, la inercia y la irresponsabilidad dirigencial.<\/p>\n<p>Frente a lo que parece una alianza inc\u00f3lume del centro a la derecha, los sectores del electorado que podr\u00edan balancear y cambiar las cosas son dos: Por un lado, los que votaron por Fajardo o De La Calle, alrededor de cinco millones de electores o 13.6% del padr\u00f3n. Por el otro, los que no concurrieron a votar, m\u00e1s de diecisiete millones de colombianos y colombianas que representan el 47% del total.<\/p>\n<p>El primer sector, aunque dividido, tender\u00e1 mayoritariamente hacia la candidatura de Petro, votando los restantes en general en blanco o absteni\u00e9ndose, sin que un n\u00famero significativo vuelque su apoyo a Duque. Estos votos en blanco se har\u00e1n eco de los temores difundidos por la propaganda difamatoria sobre un posible gobierno de Petro, ser\u00e1n v\u00edctimas de la manipulaci\u00f3n por las redes y los medios o de sus propias aspiraciones de continuar siendo el furg\u00f3n de cola de un sistema armado para pocos. La fiesta a la que no ser\u00e1n invitados, como se dijo \u2013 acertadamente &#8211; en la campa\u00f1a previa al gobierno de Macri en Argentina.<\/p>\n<p>En cuanto a los que no participaron en primera vuelta, ellos y ellas son los que tienen la \u00faltima palabra. Las elecciones polarizadas suelen tener una mayor afluencia de votantes en el balotaje cuando no est\u00e1n decididas, es decir cuando ir a votar puede representar la diferencia. La pregunta es cu\u00e1ntos ser\u00e1n y qu\u00e9 los movilizar\u00e1.<\/p>\n<p>A la gran proporci\u00f3n poblacional que grita silenciosamente con su abstenci\u00f3n, se le endilga falta de conciencia c\u00edvica. Desde los par\u00e1metros de la democracia regida por el capital, dicha conducta es considerada en p\u00fablico como negativa, aunque se la favorece degradando a la pol\u00edtica en general. As\u00ed queda la v\u00eda libre para que el gran capital se sirva de los aparatos enquistados en el Estado para aumentar sus beneficios. Si as\u00ed no lo hicieren, les espera a estos funcionarios una condena medi\u00e1tica o incluso penal. Ese es el n\u00facleo de la corrupci\u00f3n real: la dependencia del poder pol\u00edtico formal del poder real, en manos de las corporaciones de negocios.<\/p>\n<p>\u00bfAcaso esa abstenci\u00f3n no es entonces signo inequ\u00edvoco de protesta y resistencia a ese funcionamiento? \u00bfAcaso no es una constataci\u00f3n de que, finalmente, votar no sirve? \u00bfAcaso no es una acusaci\u00f3n flagrante a la falta de coherencia que exhiben los candidatos traicionando al votante y a sus mejores esperanzas? Claro que lo es.<\/p>\n<p>Sin embargo, el sistema se las ha arreglado para acallar y anular esta queja. El mecanismo es expedito y sencillo. Los \u00fanicos votos v\u00e1lidos son aquellos que se emiten prolijamente por alguna de las alternativas en liza. Por ello, la abstenci\u00f3n se ha convertido en opci\u00f3n in\u00fatil, perdiendo toda efectividad.<\/p>\n<p>En esta segunda vuelta, el voto en blanco no representa rebeli\u00f3n sino sumisi\u00f3n. Significa facilitar los negociados, la profundizaci\u00f3n de las desigualdades, el aumento de la delincuencia y un regreso a un pasado doloroso.<\/p>\n<p><strong>\u00bfQui\u00e9n ganar\u00e1 la elecci\u00f3n?<\/strong><\/p>\n<p>Ojal\u00e1 el pueblo, el campesinado y la mayor\u00eda ciudadana logren sobreponerse al fraude, a la compra de votos, a la extorsi\u00f3n, a la manipulaci\u00f3n de las grandes cadenas de radio y televisi\u00f3n, a la presi\u00f3n extranjera, la farsa publicitaria y optar con mayor libertad interna entre dos opciones esta vez distintas.<\/p>\n<p>Si eso ocurre \u2013 y no es en absoluto f\u00e1cil que suceda \u2013 ganar\u00e1 el pueblo, acaso por primera vez desde hace d\u00e9cadas.<\/p>\n","protected":false},"excerpt":{"rendered":"<p>El domingo 17 de Junio tendr\u00e1 lugar en Colombia la segunda vuelta para elegir presidente para el pr\u00f3ximo per\u00edodo de gobierno. La paz se plebiscita una vez m\u00e1s, pero no s\u00f3lo ella. Est\u00e1 en juego el modelo de pa\u00eds y&hellip;<\/p>\n","protected":false},"author":970,"featured_media":650412,"comment_status":"closed","ping_status":"closed","sticky":false,"template":"","format":"standard","meta":{"footnotes":""},"categories":[11389,1242,161,74,67],"tags":[46529,46468,9587,27685,24791],"class_list":["post-650408","post","type-post","status-publish","format-standard","has-post-thumbnail","hentry","category-contenido-original","category-noviolencia-tema","category-opiniones","category-politica-es","category-sudamerica","tag-duque","tag-elecciones-colombia-2018","tag-petro-es","tag-segunda-vuelta-electoral","tag-uribe"],"yoast_head":"<!-- This site is optimized with the Yoast SEO plugin v27.1.1 - https:\/\/yoast.com\/product\/yoast-seo-wordpress\/ -->\n<title>Colombia en segunda vuelta: La gran responsabilidad de quienes no son los responsables y la irresponsabilidad de los que s\u00ed lo son<\/title>\n<meta name=\"description\" content=\"El domingo 17 de Junio tendr\u00e1 lugar en Colombia la segunda vuelta para elegir presidente para el pr\u00f3ximo per\u00edodo de gobierno. La paz se plebiscita una vez\" \/>\n<meta name=\"robots\" content=\"index, follow, max-snippet:-1, max-image-preview:large, max-video-preview:-1\" \/>\n<link rel=\"canonical\" href=\"https:\/\/www.pressenza.com\/es\/2018\/06\/colombia-en-segunda-vuelta-la-gran-responsabilidad-de-quienes-no-son-los-responsables-y-la-irresponsabilidad-de-los-que-si-lo-son\/\" \/>\n<meta property=\"og:locale\" content=\"es_ES\" \/>\n<meta property=\"og:type\" content=\"article\" \/>\n<meta property=\"og:title\" content=\"Colombia en segunda vuelta: La gran responsabilidad de quienes no son los responsables y la irresponsabilidad de los que s\u00ed lo son\" \/>\n<meta property=\"og:description\" content=\"El domingo 17 de Junio tendr\u00e1 lugar en Colombia la segunda vuelta para elegir presidente para el pr\u00f3ximo per\u00edodo de gobierno. La paz se plebiscita una vez\" \/>\n<meta property=\"og:url\" content=\"https:\/\/www.pressenza.com\/es\/2018\/06\/colombia-en-segunda-vuelta-la-gran-responsabilidad-de-quienes-no-son-los-responsables-y-la-irresponsabilidad-de-los-que-si-lo-son\/\" \/>\n<meta property=\"og:site_name\" content=\"Pressenza\" \/>\n<meta property=\"article:publisher\" content=\"https:\/\/www.facebook.com\/PressenzaItalia\" \/>\n<meta property=\"article:author\" content=\"https:\/\/www.facebook.com\/javier.tolcachier?fref=ts\" \/>\n<meta property=\"article:published_time\" content=\"2018-06-03T14:42:14+00:00\" \/>\n<meta property=\"article:modified_time\" content=\"2018-06-03T20:25:32+00:00\" \/>\n<meta property=\"og:image\" content=\"https:\/\/www.pressenza.com\/wp-content\/uploads\/2018\/06\/tarjeta-electoral-presidencia-2da-vuelta.jpg\" \/>\n\t<meta property=\"og:image:width\" content=\"1275\" \/>\n\t<meta property=\"og:image:height\" content=\"825\" \/>\n\t<meta property=\"og:image:type\" content=\"image\/jpeg\" \/>\n<meta name=\"author\" content=\"Javier Tolcachier\" \/>\n<meta name=\"twitter:card\" content=\"summary_large_image\" \/>\n<meta name=\"twitter:creator\" content=\"@jtolcachier\" \/>\n<meta name=\"twitter:site\" content=\"@PressenzaIPA\" \/>\n<meta name=\"twitter:label1\" content=\"Escrito por\" \/>\n\t<meta name=\"twitter:data1\" content=\"Javier Tolcachier\" \/>\n\t<meta name=\"twitter:label2\" content=\"Tiempo de lectura\" \/>\n\t<meta name=\"twitter:data2\" content=\"9 minutos\" \/>\n<script type=\"application\/ld+json\" class=\"yoast-schema-graph\">{\"@context\":\"https:\/\/schema.org\",\"@graph\":[{\"@type\":\"Article\",\"@id\":\"https:\/\/www.pressenza.com\/es\/2018\/06\/colombia-en-segunda-vuelta-la-gran-responsabilidad-de-quienes-no-son-los-responsables-y-la-irresponsabilidad-de-los-que-si-lo-son\/#article\",\"isPartOf\":{\"@id\":\"https:\/\/www.pressenza.com\/es\/2018\/06\/colombia-en-segunda-vuelta-la-gran-responsabilidad-de-quienes-no-son-los-responsables-y-la-irresponsabilidad-de-los-que-si-lo-son\/\"},\"author\":{\"name\":\"Javier Tolcachier\",\"@id\":\"https:\/\/www.pressenza.com\/es\/#\/schema\/person\/f353f6d4eed144101dedba60e6227564\"},\"headline\":\"Colombia en segunda vuelta: La gran responsabilidad de quienes no son los responsables y la irresponsabilidad de los que s\u00ed lo son\",\"datePublished\":\"2018-06-03T14:42:14+00:00\",\"dateModified\":\"2018-06-03T20:25:32+00:00\",\"mainEntityOfPage\":{\"@id\":\"https:\/\/www.pressenza.com\/es\/2018\/06\/colombia-en-segunda-vuelta-la-gran-responsabilidad-de-quienes-no-son-los-responsables-y-la-irresponsabilidad-de-los-que-si-lo-son\/\"},\"wordCount\":1837,\"publisher\":{\"@id\":\"https:\/\/www.pressenza.com\/es\/#organization\"},\"image\":{\"@id\":\"https:\/\/www.pressenza.com\/es\/2018\/06\/colombia-en-segunda-vuelta-la-gran-responsabilidad-de-quienes-no-son-los-responsables-y-la-irresponsabilidad-de-los-que-si-lo-son\/#primaryimage\"},\"thumbnailUrl\":\"https:\/\/www.pressenza.com\/wp-content\/uploads\/2018\/06\/tarjeta-electoral-presidencia-2da-vuelta.jpg\",\"keywords\":[\"Duque\",\"Elecciones Colombia 2018\",\"Petro\",\"segunda vuelta electoral\",\"Uribe\"],\"articleSection\":[\"Contenido Original\",\"Noviolencia\",\"Opiniones\",\"Pol\u00edtica\",\"Sudam\u00e9rica\"],\"inLanguage\":\"es\"},{\"@type\":\"WebPage\",\"@id\":\"https:\/\/www.pressenza.com\/es\/2018\/06\/colombia-en-segunda-vuelta-la-gran-responsabilidad-de-quienes-no-son-los-responsables-y-la-irresponsabilidad-de-los-que-si-lo-son\/\",\"url\":\"https:\/\/www.pressenza.com\/es\/2018\/06\/colombia-en-segunda-vuelta-la-gran-responsabilidad-de-quienes-no-son-los-responsables-y-la-irresponsabilidad-de-los-que-si-lo-son\/\",\"name\":\"Colombia en segunda vuelta: La gran responsabilidad de quienes no son los responsables y la irresponsabilidad de los que s\u00ed lo son\",\"isPartOf\":{\"@id\":\"https:\/\/www.pressenza.com\/es\/#website\"},\"primaryImageOfPage\":{\"@id\":\"https:\/\/www.pressenza.com\/es\/2018\/06\/colombia-en-segunda-vuelta-la-gran-responsabilidad-de-quienes-no-son-los-responsables-y-la-irresponsabilidad-de-los-que-si-lo-son\/#primaryimage\"},\"image\":{\"@id\":\"https:\/\/www.pressenza.com\/es\/2018\/06\/colombia-en-segunda-vuelta-la-gran-responsabilidad-de-quienes-no-son-los-responsables-y-la-irresponsabilidad-de-los-que-si-lo-son\/#primaryimage\"},\"thumbnailUrl\":\"https:\/\/www.pressenza.com\/wp-content\/uploads\/2018\/06\/tarjeta-electoral-presidencia-2da-vuelta.jpg\",\"datePublished\":\"2018-06-03T14:42:14+00:00\",\"dateModified\":\"2018-06-03T20:25:32+00:00\",\"description\":\"El domingo 17 de Junio tendr\u00e1 lugar en Colombia la segunda vuelta para elegir presidente para el pr\u00f3ximo per\u00edodo de gobierno. La paz se plebiscita una vez\",\"breadcrumb\":{\"@id\":\"https:\/\/www.pressenza.com\/es\/2018\/06\/colombia-en-segunda-vuelta-la-gran-responsabilidad-de-quienes-no-son-los-responsables-y-la-irresponsabilidad-de-los-que-si-lo-son\/#breadcrumb\"},\"inLanguage\":\"es\",\"potentialAction\":[{\"@type\":\"ReadAction\",\"target\":[\"https:\/\/www.pressenza.com\/es\/2018\/06\/colombia-en-segunda-vuelta-la-gran-responsabilidad-de-quienes-no-son-los-responsables-y-la-irresponsabilidad-de-los-que-si-lo-son\/\"]}]},{\"@type\":\"ImageObject\",\"inLanguage\":\"es\",\"@id\":\"https:\/\/www.pressenza.com\/es\/2018\/06\/colombia-en-segunda-vuelta-la-gran-responsabilidad-de-quienes-no-son-los-responsables-y-la-irresponsabilidad-de-los-que-si-lo-son\/#primaryimage\",\"url\":\"https:\/\/www.pressenza.com\/wp-content\/uploads\/2018\/06\/tarjeta-electoral-presidencia-2da-vuelta.jpg\",\"contentUrl\":\"https:\/\/www.pressenza.com\/wp-content\/uploads\/2018\/06\/tarjeta-electoral-presidencia-2da-vuelta.jpg\",\"width\":1275,\"height\":825},{\"@type\":\"BreadcrumbList\",\"@id\":\"https:\/\/www.pressenza.com\/es\/2018\/06\/colombia-en-segunda-vuelta-la-gran-responsabilidad-de-quienes-no-son-los-responsables-y-la-irresponsabilidad-de-los-que-si-lo-son\/#breadcrumb\",\"itemListElement\":[{\"@type\":\"ListItem\",\"position\":1,\"name\":\"Accueil\",\"item\":\"https:\/\/www.pressenza.com\/es\/\"},{\"@type\":\"ListItem\",\"position\":2,\"name\":\"Colombia en segunda vuelta: La gran responsabilidad de quienes no son los responsables y la irresponsabilidad de los que s\u00ed lo son\"}]},{\"@type\":\"WebSite\",\"@id\":\"https:\/\/www.pressenza.com\/es\/#website\",\"url\":\"https:\/\/www.pressenza.com\/es\/\",\"name\":\"Pressenza\",\"description\":\"International Press Agency\",\"publisher\":{\"@id\":\"https:\/\/www.pressenza.com\/es\/#organization\"},\"potentialAction\":[{\"@type\":\"SearchAction\",\"target\":{\"@type\":\"EntryPoint\",\"urlTemplate\":\"https:\/\/www.pressenza.com\/es\/?s={search_term_string}\"},\"query-input\":{\"@type\":\"PropertyValueSpecification\",\"valueRequired\":true,\"valueName\":\"search_term_string\"}}],\"inLanguage\":\"es\"},{\"@type\":\"Organization\",\"@id\":\"https:\/\/www.pressenza.com\/es\/#organization\",\"name\":\"Pressenza\",\"url\":\"https:\/\/www.pressenza.com\/es\/\",\"logo\":{\"@type\":\"ImageObject\",\"inLanguage\":\"es\",\"@id\":\"https:\/\/www.pressenza.com\/es\/#\/schema\/logo\/image\/\",\"url\":\"https:\/\/www.pressenza.com\/wp-content\/uploads\/2022\/10\/pressenza_logo_200x200.jpg\",\"contentUrl\":\"https:\/\/www.pressenza.com\/wp-content\/uploads\/2022\/10\/pressenza_logo_200x200.jpg\",\"width\":200,\"height\":200,\"caption\":\"Pressenza\"},\"image\":{\"@id\":\"https:\/\/www.pressenza.com\/es\/#\/schema\/logo\/image\/\"},\"sameAs\":[\"https:\/\/www.facebook.com\/PressenzaItalia\",\"https:\/\/x.com\/PressenzaIPA\"]},{\"@type\":\"Person\",\"@id\":\"https:\/\/www.pressenza.com\/es\/#\/schema\/person\/f353f6d4eed144101dedba60e6227564\",\"name\":\"Javier Tolcachier\",\"description\":\"Javier Tolcachier is a researcher from the World Centre of Humanist Studies, an organism of the Humanist Movement. Mail: javiertolcachier@disroot.org Twitter: @jtolcachier\",\"sameAs\":[\"https:\/\/www.facebook.com\/javier.tolcachier?fref=ts\",\"https:\/\/x.com\/jtolcachier\"],\"url\":\"https:\/\/www.pressenza.com\/es\/author\/javier-tolcachier\/\"}]}<\/script>\n<!-- \/ Yoast SEO plugin. -->","yoast_head_json":{"title":"Colombia en segunda vuelta: La gran responsabilidad de quienes no son los responsables y la irresponsabilidad de los que s\u00ed lo son","description":"El domingo 17 de Junio tendr\u00e1 lugar en Colombia la segunda vuelta para elegir presidente para el pr\u00f3ximo per\u00edodo de gobierno. La paz se plebiscita una vez","robots":{"index":"index","follow":"follow","max-snippet":"max-snippet:-1","max-image-preview":"max-image-preview:large","max-video-preview":"max-video-preview:-1"},"canonical":"https:\/\/www.pressenza.com\/es\/2018\/06\/colombia-en-segunda-vuelta-la-gran-responsabilidad-de-quienes-no-son-los-responsables-y-la-irresponsabilidad-de-los-que-si-lo-son\/","og_locale":"es_ES","og_type":"article","og_title":"Colombia en segunda vuelta: La gran responsabilidad de quienes no son los responsables y la irresponsabilidad de los que s\u00ed lo son","og_description":"El domingo 17 de Junio tendr\u00e1 lugar en Colombia la segunda vuelta para elegir presidente para el pr\u00f3ximo per\u00edodo de gobierno. La paz se plebiscita una vez","og_url":"https:\/\/www.pressenza.com\/es\/2018\/06\/colombia-en-segunda-vuelta-la-gran-responsabilidad-de-quienes-no-son-los-responsables-y-la-irresponsabilidad-de-los-que-si-lo-son\/","og_site_name":"Pressenza","article_publisher":"https:\/\/www.facebook.com\/PressenzaItalia","article_author":"https:\/\/www.facebook.com\/javier.tolcachier?fref=ts","article_published_time":"2018-06-03T14:42:14+00:00","article_modified_time":"2018-06-03T20:25:32+00:00","og_image":[{"width":1275,"height":825,"url":"https:\/\/www.pressenza.com\/wp-content\/uploads\/2018\/06\/tarjeta-electoral-presidencia-2da-vuelta.jpg","type":"image\/jpeg"}],"author":"Javier Tolcachier","twitter_card":"summary_large_image","twitter_creator":"@jtolcachier","twitter_site":"@PressenzaIPA","twitter_misc":{"Escrito por":"Javier Tolcachier","Tiempo de lectura":"9 minutos"},"schema":{"@context":"https:\/\/schema.org","@graph":[{"@type":"Article","@id":"https:\/\/www.pressenza.com\/es\/2018\/06\/colombia-en-segunda-vuelta-la-gran-responsabilidad-de-quienes-no-son-los-responsables-y-la-irresponsabilidad-de-los-que-si-lo-son\/#article","isPartOf":{"@id":"https:\/\/www.pressenza.com\/es\/2018\/06\/colombia-en-segunda-vuelta-la-gran-responsabilidad-de-quienes-no-son-los-responsables-y-la-irresponsabilidad-de-los-que-si-lo-son\/"},"author":{"name":"Javier Tolcachier","@id":"https:\/\/www.pressenza.com\/es\/#\/schema\/person\/f353f6d4eed144101dedba60e6227564"},"headline":"Colombia en segunda vuelta: La gran responsabilidad de quienes no son los responsables y la irresponsabilidad de los que s\u00ed lo son","datePublished":"2018-06-03T14:42:14+00:00","dateModified":"2018-06-03T20:25:32+00:00","mainEntityOfPage":{"@id":"https:\/\/www.pressenza.com\/es\/2018\/06\/colombia-en-segunda-vuelta-la-gran-responsabilidad-de-quienes-no-son-los-responsables-y-la-irresponsabilidad-de-los-que-si-lo-son\/"},"wordCount":1837,"publisher":{"@id":"https:\/\/www.pressenza.com\/es\/#organization"},"image":{"@id":"https:\/\/www.pressenza.com\/es\/2018\/06\/colombia-en-segunda-vuelta-la-gran-responsabilidad-de-quienes-no-son-los-responsables-y-la-irresponsabilidad-de-los-que-si-lo-son\/#primaryimage"},"thumbnailUrl":"https:\/\/www.pressenza.com\/wp-content\/uploads\/2018\/06\/tarjeta-electoral-presidencia-2da-vuelta.jpg","keywords":["Duque","Elecciones Colombia 2018","Petro","segunda vuelta electoral","Uribe"],"articleSection":["Contenido Original","Noviolencia","Opiniones","Pol\u00edtica","Sudam\u00e9rica"],"inLanguage":"es"},{"@type":"WebPage","@id":"https:\/\/www.pressenza.com\/es\/2018\/06\/colombia-en-segunda-vuelta-la-gran-responsabilidad-de-quienes-no-son-los-responsables-y-la-irresponsabilidad-de-los-que-si-lo-son\/","url":"https:\/\/www.pressenza.com\/es\/2018\/06\/colombia-en-segunda-vuelta-la-gran-responsabilidad-de-quienes-no-son-los-responsables-y-la-irresponsabilidad-de-los-que-si-lo-son\/","name":"Colombia en segunda vuelta: La gran responsabilidad de quienes no son los responsables y la irresponsabilidad de los que s\u00ed lo son","isPartOf":{"@id":"https:\/\/www.pressenza.com\/es\/#website"},"primaryImageOfPage":{"@id":"https:\/\/www.pressenza.com\/es\/2018\/06\/colombia-en-segunda-vuelta-la-gran-responsabilidad-de-quienes-no-son-los-responsables-y-la-irresponsabilidad-de-los-que-si-lo-son\/#primaryimage"},"image":{"@id":"https:\/\/www.pressenza.com\/es\/2018\/06\/colombia-en-segunda-vuelta-la-gran-responsabilidad-de-quienes-no-son-los-responsables-y-la-irresponsabilidad-de-los-que-si-lo-son\/#primaryimage"},"thumbnailUrl":"https:\/\/www.pressenza.com\/wp-content\/uploads\/2018\/06\/tarjeta-electoral-presidencia-2da-vuelta.jpg","datePublished":"2018-06-03T14:42:14+00:00","dateModified":"2018-06-03T20:25:32+00:00","description":"El domingo 17 de Junio tendr\u00e1 lugar en Colombia la segunda vuelta para elegir presidente para el pr\u00f3ximo per\u00edodo de gobierno. La paz se plebiscita una vez","breadcrumb":{"@id":"https:\/\/www.pressenza.com\/es\/2018\/06\/colombia-en-segunda-vuelta-la-gran-responsabilidad-de-quienes-no-son-los-responsables-y-la-irresponsabilidad-de-los-que-si-lo-son\/#breadcrumb"},"inLanguage":"es","potentialAction":[{"@type":"ReadAction","target":["https:\/\/www.pressenza.com\/es\/2018\/06\/colombia-en-segunda-vuelta-la-gran-responsabilidad-de-quienes-no-son-los-responsables-y-la-irresponsabilidad-de-los-que-si-lo-son\/"]}]},{"@type":"ImageObject","inLanguage":"es","@id":"https:\/\/www.pressenza.com\/es\/2018\/06\/colombia-en-segunda-vuelta-la-gran-responsabilidad-de-quienes-no-son-los-responsables-y-la-irresponsabilidad-de-los-que-si-lo-son\/#primaryimage","url":"https:\/\/www.pressenza.com\/wp-content\/uploads\/2018\/06\/tarjeta-electoral-presidencia-2da-vuelta.jpg","contentUrl":"https:\/\/www.pressenza.com\/wp-content\/uploads\/2018\/06\/tarjeta-electoral-presidencia-2da-vuelta.jpg","width":1275,"height":825},{"@type":"BreadcrumbList","@id":"https:\/\/www.pressenza.com\/es\/2018\/06\/colombia-en-segunda-vuelta-la-gran-responsabilidad-de-quienes-no-son-los-responsables-y-la-irresponsabilidad-de-los-que-si-lo-son\/#breadcrumb","itemListElement":[{"@type":"ListItem","position":1,"name":"Accueil","item":"https:\/\/www.pressenza.com\/es\/"},{"@type":"ListItem","position":2,"name":"Colombia en segunda vuelta: La gran responsabilidad de quienes no son los responsables y la irresponsabilidad de los que s\u00ed lo son"}]},{"@type":"WebSite","@id":"https:\/\/www.pressenza.com\/es\/#website","url":"https:\/\/www.pressenza.com\/es\/","name":"Pressenza","description":"International Press Agency","publisher":{"@id":"https:\/\/www.pressenza.com\/es\/#organization"},"potentialAction":[{"@type":"SearchAction","target":{"@type":"EntryPoint","urlTemplate":"https:\/\/www.pressenza.com\/es\/?s={search_term_string}"},"query-input":{"@type":"PropertyValueSpecification","valueRequired":true,"valueName":"search_term_string"}}],"inLanguage":"es"},{"@type":"Organization","@id":"https:\/\/www.pressenza.com\/es\/#organization","name":"Pressenza","url":"https:\/\/www.pressenza.com\/es\/","logo":{"@type":"ImageObject","inLanguage":"es","@id":"https:\/\/www.pressenza.com\/es\/#\/schema\/logo\/image\/","url":"https:\/\/www.pressenza.com\/wp-content\/uploads\/2022\/10\/pressenza_logo_200x200.jpg","contentUrl":"https:\/\/www.pressenza.com\/wp-content\/uploads\/2022\/10\/pressenza_logo_200x200.jpg","width":200,"height":200,"caption":"Pressenza"},"image":{"@id":"https:\/\/www.pressenza.com\/es\/#\/schema\/logo\/image\/"},"sameAs":["https:\/\/www.facebook.com\/PressenzaItalia","https:\/\/x.com\/PressenzaIPA"]},{"@type":"Person","@id":"https:\/\/www.pressenza.com\/es\/#\/schema\/person\/f353f6d4eed144101dedba60e6227564","name":"Javier Tolcachier","description":"Javier Tolcachier is a researcher from the World Centre of Humanist Studies, an organism of the Humanist Movement. Mail: javiertolcachier@disroot.org Twitter: @jtolcachier","sameAs":["https:\/\/www.facebook.com\/javier.tolcachier?fref=ts","https:\/\/x.com\/jtolcachier"],"url":"https:\/\/www.pressenza.com\/es\/author\/javier-tolcachier\/"}]}},"place":"","original_article_url":"","_links":{"self":[{"href":"https:\/\/www.pressenza.com\/es\/wp-json\/wp\/v2\/posts\/650408","targetHints":{"allow":["GET"]}}],"collection":[{"href":"https:\/\/www.pressenza.com\/es\/wp-json\/wp\/v2\/posts"}],"about":[{"href":"https:\/\/www.pressenza.com\/es\/wp-json\/wp\/v2\/types\/post"}],"author":[{"embeddable":true,"href":"https:\/\/www.pressenza.com\/es\/wp-json\/wp\/v2\/users\/970"}],"replies":[{"embeddable":true,"href":"https:\/\/www.pressenza.com\/es\/wp-json\/wp\/v2\/comments?post=650408"}],"version-history":[{"count":0,"href":"https:\/\/www.pressenza.com\/es\/wp-json\/wp\/v2\/posts\/650408\/revisions"}],"wp:featuredmedia":[{"embeddable":true,"href":"https:\/\/www.pressenza.com\/es\/wp-json\/wp\/v2\/media\/650412"}],"wp:attachment":[{"href":"https:\/\/www.pressenza.com\/es\/wp-json\/wp\/v2\/media?parent=650408"}],"wp:term":[{"taxonomy":"category","embeddable":true,"href":"https:\/\/www.pressenza.com\/es\/wp-json\/wp\/v2\/categories?post=650408"},{"taxonomy":"post_tag","embeddable":true,"href":"https:\/\/www.pressenza.com\/es\/wp-json\/wp\/v2\/tags?post=650408"}],"curies":[{"name":"wp","href":"https:\/\/api.w.org\/{rel}","templated":true}]}}