{"id":650,"date":"2009-07-05T00:00:00","date_gmt":"2009-07-05T00:00:00","guid":{"rendered":""},"modified":"2009-09-28T05:01:03","modified_gmt":"2009-09-28T05:01:03","slug":"maxana-obama-comienza-su-visita-a-rusia","status":"publish","type":"post","link":"https:\/\/www.pressenza.com\/es\/2009\/07\/maxana-obama-comienza-su-visita-a-rusia\/","title":{"rendered":"Ma\u00f1ana Obama comienza su visita a Rusia"},"content":{"rendered":"<p>En lo que se refiere al \u00e1mbito de la cooperaci\u00f3n ruso-estadounidense fuera de la materia nuclear, el escudo antimisiles emerge como un importante obst\u00e1culo.<\/p>\n<p>Sin embargo la llegada al poder de Obama supone un cambio importante en las relaciones entre Mosc\u00fa y Washington, porque el presidente estadounidense plantea una relaci\u00f3n de mutuo beneficio, abandonando la mentalidad de Guerra Fr\u00eda que perdur\u00f3 durante la administraci\u00f3n de Bush.<\/p>\n<p>*\u00bbObama comprende que Rusia no es una amenaza para EEUU y por esto, procura al m\u00e1ximo economizar los recursos que destin\u00f3 la administraci\u00f3n anterior en la construcci\u00f3n de un escudo antirruso\u00bb*, opina Fiodor Lukianov, director de la revista Rusia en la Pol\u00edtica Global, a la agencia de noticias RIA Novosti.<\/p>\n<p>*\u00bbOtro aspecto importante supone el control sobre los llamados potenciales recuperables. A Rusia no le conviene que las ojivas objeto de reducci\u00f3n en corto tiempo puedan ser utilizadas de nuevo y reincorporadas al servicio activo. Rusia tampoco puede aceptar la posibilidad de militarizar el espacio\u00bb*, resalt\u00f3 Vladimir Orlov, presidente del Fondo de investigaciones sobre desarme nuclear Pir-Centre.<\/p>\n<p>Ambas partes esperan salir de la mesa de negociaciones con un acuerdo vinculante, cuya fuerza y efecto deban de ser aplicados. El START-1 es un tratado bastante completo donde se especifican con claridad los pasos a seguir y no tiene ambig\u00fcedades. De llegarse a un acuerdo igualmente preciso y vinculante, tanto Rusia como Estados Unidos se ver\u00edan obligados a cumplir puntos muy espec\u00edficos. Y Obama desea que el acuerdo tenga fuerza.<\/p>\n","protected":false},"excerpt":{"rendered":"<p>El presidente Obama prepara su primer viaje a Mosc\u00fa, desde el lunes 6 al mi\u00e9rcoles 9, en un nuevo ambiente de \u00abreinicio\u00bb de relaciones entre Rusia y Estados Unidos. Sobre el tapete de las conversaciones est\u00e1 el futuro del programa de desarme nuclear bilateral y el tema del escudo antimisiles (DAM) que Estados Unidos contempla construir en el centro de Europa.<\/p>\n<p>En la cumbre se preparar\u00e1 un nuevo tratado para la reducci\u00f3n del arsenal nuclear estrat\u00e9gico entre ambos pa\u00edses, en reemplazo del tratado START-1, que caduca el 5 de diciembre de 2009.<\/p>\n","protected":false},"author":19,"featured_media":0,"comment_status":"closed","ping_status":"open","sticky":false,"template":"","format":"standard","meta":{"footnotes":""},"categories":[66,39,161,74],"tags":[],"class_list":["post-650","post","type-post","status-publish","format-standard","hentry","category-europa-es","category-internacional","category-opiniones","category-politica-es"],"yoast_head":"<!-- This site is optimized with the Yoast SEO plugin v27.1.1 - https:\/\/yoast.com\/product\/yoast-seo-wordpress\/ -->\n<title>Ma\u00f1ana Obama comienza su visita a Rusia<\/title>\n<meta name=\"description\" content=\"El presidente Obama prepara su primer viaje a Mosc\u00fa, desde el lunes 6 al mi\u00e9rcoles 9, en un nuevo ambiente de &quot;reinicio&quot; de relaciones entre Rusia y Estados Unidos. Sobre el tapete de las conversaciones est\u00e1 el futuro del programa de desarme nuclear bilateral y el tema del escudo antimisiles (DAM) que Estados Unidos contempla construir en el centro de Europa.  En la cumbre se preparar\u00e1 un nuevo tratado para la reducci\u00f3n del arsenal nuclear estrat\u00e9gico entre ambos pa\u00edses, en reemplazo del tratado START-1, que caduca el 5 de diciembre de 2009.\" \/>\n<meta name=\"robots\" content=\"index, follow, max-snippet:-1, max-image-preview:large, max-video-preview:-1\" \/>\n<link rel=\"canonical\" href=\"https:\/\/www.pressenza.com\/es\/2009\/07\/maxana-obama-comienza-su-visita-a-rusia\/\" \/>\n<meta property=\"og:locale\" content=\"es_ES\" \/>\n<meta property=\"og:type\" content=\"article\" \/>\n<meta property=\"og:title\" content=\"Ma\u00f1ana Obama comienza su visita a Rusia\" \/>\n<meta property=\"og:description\" content=\"El presidente Obama prepara su primer viaje a Mosc\u00fa, desde el lunes 6 al mi\u00e9rcoles 9, en un nuevo ambiente de &quot;reinicio&quot; de relaciones entre Rusia y Estados Unidos. Sobre el tapete de las conversaciones est\u00e1 el futuro del programa de desarme nuclear bilateral y el tema del escudo antimisiles (DAM) que Estados Unidos contempla construir en el centro de Europa.  En la cumbre se preparar\u00e1 un nuevo tratado para la reducci\u00f3n del arsenal nuclear estrat\u00e9gico entre ambos pa\u00edses, en reemplazo del tratado START-1, que caduca el 5 de diciembre de 2009.\" \/>\n<meta property=\"og:url\" content=\"https:\/\/www.pressenza.com\/es\/2009\/07\/maxana-obama-comienza-su-visita-a-rusia\/\" \/>\n<meta property=\"og:site_name\" content=\"Pressenza\" \/>\n<meta property=\"article:publisher\" content=\"https:\/\/www.facebook.com\/PressenzaItalia\" \/>\n<meta property=\"article:author\" content=\"https:\/\/www.facebook.com\/pressenza\" \/>\n<meta property=\"article:published_time\" content=\"2009-07-05T00:00:00+00:00\" \/>\n<meta property=\"article:modified_time\" content=\"2009-09-28T05:01:03+00:00\" \/>\n<meta name=\"author\" content=\"Pressenza IPA\" \/>\n<meta name=\"twitter:card\" content=\"summary_large_image\" \/>\n<meta name=\"twitter:creator\" content=\"@PressenzaIPA\" \/>\n<meta name=\"twitter:site\" content=\"@PressenzaIPA\" \/>\n<meta name=\"twitter:label1\" content=\"Escrito por\" \/>\n\t<meta name=\"twitter:data1\" content=\"Pressenza IPA\" \/>\n\t<meta name=\"twitter:label2\" content=\"Tiempo de lectura\" \/>\n\t<meta name=\"twitter:data2\" content=\"1 minuto\" \/>\n<script type=\"application\/ld+json\" class=\"yoast-schema-graph\">{\"@context\":\"https:\/\/schema.org\",\"@graph\":[{\"@type\":\"Article\",\"@id\":\"https:\/\/www.pressenza.com\/es\/2009\/07\/maxana-obama-comienza-su-visita-a-rusia\/#article\",\"isPartOf\":{\"@id\":\"https:\/\/www.pressenza.com\/es\/2009\/07\/maxana-obama-comienza-su-visita-a-rusia\/\"},\"author\":{\"name\":\"Pressenza IPA\",\"@id\":\"https:\/\/www.pressenza.com\/es\/#\/schema\/person\/010e5d02bcf40965427a1289a4cc8d75\"},\"headline\":\"Ma\u00f1ana Obama comienza su visita a Rusia\",\"datePublished\":\"2009-07-05T00:00:00+00:00\",\"dateModified\":\"2009-09-28T05:01:03+00:00\",\"mainEntityOfPage\":{\"@id\":\"https:\/\/www.pressenza.com\/es\/2009\/07\/maxana-obama-comienza-su-visita-a-rusia\/\"},\"wordCount\":265,\"publisher\":{\"@id\":\"https:\/\/www.pressenza.com\/es\/#organization\"},\"articleSection\":[\"Europa\",\"Internacional\",\"Opiniones\",\"Pol\u00edtica\"],\"inLanguage\":\"es\"},{\"@type\":\"WebPage\",\"@id\":\"https:\/\/www.pressenza.com\/es\/2009\/07\/maxana-obama-comienza-su-visita-a-rusia\/\",\"url\":\"https:\/\/www.pressenza.com\/es\/2009\/07\/maxana-obama-comienza-su-visita-a-rusia\/\",\"name\":\"Ma\u00f1ana Obama comienza su visita a Rusia\",\"isPartOf\":{\"@id\":\"https:\/\/www.pressenza.com\/es\/#website\"},\"datePublished\":\"2009-07-05T00:00:00+00:00\",\"dateModified\":\"2009-09-28T05:01:03+00:00\",\"description\":\"El presidente Obama prepara su primer viaje a Mosc\u00fa, desde el lunes 6 al mi\u00e9rcoles 9, en un nuevo ambiente de \\\"reinicio\\\" de relaciones entre Rusia y Estados Unidos. Sobre el tapete de las conversaciones est\u00e1 el futuro del programa de desarme nuclear bilateral y el tema del escudo antimisiles (DAM) que Estados Unidos contempla construir en el centro de Europa. En la cumbre se preparar\u00e1 un nuevo tratado para la reducci\u00f3n del arsenal nuclear estrat\u00e9gico entre ambos pa\u00edses, en reemplazo del tratado START-1, que caduca el 5 de diciembre de 2009.\",\"breadcrumb\":{\"@id\":\"https:\/\/www.pressenza.com\/es\/2009\/07\/maxana-obama-comienza-su-visita-a-rusia\/#breadcrumb\"},\"inLanguage\":\"es\",\"potentialAction\":[{\"@type\":\"ReadAction\",\"target\":[\"https:\/\/www.pressenza.com\/es\/2009\/07\/maxana-obama-comienza-su-visita-a-rusia\/\"]}]},{\"@type\":\"BreadcrumbList\",\"@id\":\"https:\/\/www.pressenza.com\/es\/2009\/07\/maxana-obama-comienza-su-visita-a-rusia\/#breadcrumb\",\"itemListElement\":[{\"@type\":\"ListItem\",\"position\":1,\"name\":\"Accueil\",\"item\":\"https:\/\/www.pressenza.com\/es\/\"},{\"@type\":\"ListItem\",\"position\":2,\"name\":\"Ma\u00f1ana Obama comienza su visita a Rusia\"}]},{\"@type\":\"WebSite\",\"@id\":\"https:\/\/www.pressenza.com\/es\/#website\",\"url\":\"https:\/\/www.pressenza.com\/es\/\",\"name\":\"Pressenza\",\"description\":\"International Press Agency\",\"publisher\":{\"@id\":\"https:\/\/www.pressenza.com\/es\/#organization\"},\"potentialAction\":[{\"@type\":\"SearchAction\",\"target\":{\"@type\":\"EntryPoint\",\"urlTemplate\":\"https:\/\/www.pressenza.com\/es\/?s={search_term_string}\"},\"query-input\":{\"@type\":\"PropertyValueSpecification\",\"valueRequired\":true,\"valueName\":\"search_term_string\"}}],\"inLanguage\":\"es\"},{\"@type\":\"Organization\",\"@id\":\"https:\/\/www.pressenza.com\/es\/#organization\",\"name\":\"Pressenza\",\"url\":\"https:\/\/www.pressenza.com\/es\/\",\"logo\":{\"@type\":\"ImageObject\",\"inLanguage\":\"es\",\"@id\":\"https:\/\/www.pressenza.com\/es\/#\/schema\/logo\/image\/\",\"url\":\"https:\/\/www.pressenza.com\/wp-content\/uploads\/2022\/10\/pressenza_logo_200x200.jpg\",\"contentUrl\":\"https:\/\/www.pressenza.com\/wp-content\/uploads\/2022\/10\/pressenza_logo_200x200.jpg\",\"width\":200,\"height\":200,\"caption\":\"Pressenza\"},\"image\":{\"@id\":\"https:\/\/www.pressenza.com\/es\/#\/schema\/logo\/image\/\"},\"sameAs\":[\"https:\/\/www.facebook.com\/PressenzaItalia\",\"https:\/\/x.com\/PressenzaIPA\"]},{\"@type\":\"Person\",\"@id\":\"https:\/\/www.pressenza.com\/es\/#\/schema\/person\/010e5d02bcf40965427a1289a4cc8d75\",\"name\":\"Pressenza IPA\",\"description\":\"News from Pressenza IPA correspondents\",\"sameAs\":[\"https:\/\/www.facebook.com\/pressenza\",\"https:\/\/x.com\/PressenzaIPA\"],\"url\":\"https:\/\/www.pressenza.com\/es\/author\/pressenza-ipa\/\"}]}<\/script>\n<!-- \/ Yoast SEO plugin. -->","yoast_head_json":{"title":"Ma\u00f1ana Obama comienza su visita a Rusia","description":"El presidente Obama prepara su primer viaje a Mosc\u00fa, desde el lunes 6 al mi\u00e9rcoles 9, en un nuevo ambiente de \"reinicio\" de relaciones entre Rusia y Estados Unidos. Sobre el tapete de las conversaciones est\u00e1 el futuro del programa de desarme nuclear bilateral y el tema del escudo antimisiles (DAM) que Estados Unidos contempla construir en el centro de Europa.  En la cumbre se preparar\u00e1 un nuevo tratado para la reducci\u00f3n del arsenal nuclear estrat\u00e9gico entre ambos pa\u00edses, en reemplazo del tratado START-1, que caduca el 5 de diciembre de 2009.","robots":{"index":"index","follow":"follow","max-snippet":"max-snippet:-1","max-image-preview":"max-image-preview:large","max-video-preview":"max-video-preview:-1"},"canonical":"https:\/\/www.pressenza.com\/es\/2009\/07\/maxana-obama-comienza-su-visita-a-rusia\/","og_locale":"es_ES","og_type":"article","og_title":"Ma\u00f1ana Obama comienza su visita a Rusia","og_description":"El presidente Obama prepara su primer viaje a Mosc\u00fa, desde el lunes 6 al mi\u00e9rcoles 9, en un nuevo ambiente de \"reinicio\" de relaciones entre Rusia y Estados Unidos. Sobre el tapete de las conversaciones est\u00e1 el futuro del programa de desarme nuclear bilateral y el tema del escudo antimisiles (DAM) que Estados Unidos contempla construir en el centro de Europa.  En la cumbre se preparar\u00e1 un nuevo tratado para la reducci\u00f3n del arsenal nuclear estrat\u00e9gico entre ambos pa\u00edses, en reemplazo del tratado START-1, que caduca el 5 de diciembre de 2009.","og_url":"https:\/\/www.pressenza.com\/es\/2009\/07\/maxana-obama-comienza-su-visita-a-rusia\/","og_site_name":"Pressenza","article_publisher":"https:\/\/www.facebook.com\/PressenzaItalia","article_author":"https:\/\/www.facebook.com\/pressenza","article_published_time":"2009-07-05T00:00:00+00:00","article_modified_time":"2009-09-28T05:01:03+00:00","author":"Pressenza IPA","twitter_card":"summary_large_image","twitter_creator":"@PressenzaIPA","twitter_site":"@PressenzaIPA","twitter_misc":{"Escrito por":"Pressenza IPA","Tiempo de lectura":"1 minuto"},"schema":{"@context":"https:\/\/schema.org","@graph":[{"@type":"Article","@id":"https:\/\/www.pressenza.com\/es\/2009\/07\/maxana-obama-comienza-su-visita-a-rusia\/#article","isPartOf":{"@id":"https:\/\/www.pressenza.com\/es\/2009\/07\/maxana-obama-comienza-su-visita-a-rusia\/"},"author":{"name":"Pressenza IPA","@id":"https:\/\/www.pressenza.com\/es\/#\/schema\/person\/010e5d02bcf40965427a1289a4cc8d75"},"headline":"Ma\u00f1ana Obama comienza su visita a Rusia","datePublished":"2009-07-05T00:00:00+00:00","dateModified":"2009-09-28T05:01:03+00:00","mainEntityOfPage":{"@id":"https:\/\/www.pressenza.com\/es\/2009\/07\/maxana-obama-comienza-su-visita-a-rusia\/"},"wordCount":265,"publisher":{"@id":"https:\/\/www.pressenza.com\/es\/#organization"},"articleSection":["Europa","Internacional","Opiniones","Pol\u00edtica"],"inLanguage":"es"},{"@type":"WebPage","@id":"https:\/\/www.pressenza.com\/es\/2009\/07\/maxana-obama-comienza-su-visita-a-rusia\/","url":"https:\/\/www.pressenza.com\/es\/2009\/07\/maxana-obama-comienza-su-visita-a-rusia\/","name":"Ma\u00f1ana Obama comienza su visita a Rusia","isPartOf":{"@id":"https:\/\/www.pressenza.com\/es\/#website"},"datePublished":"2009-07-05T00:00:00+00:00","dateModified":"2009-09-28T05:01:03+00:00","description":"El presidente Obama prepara su primer viaje a Mosc\u00fa, desde el lunes 6 al mi\u00e9rcoles 9, en un nuevo ambiente de \"reinicio\" de relaciones entre Rusia y Estados Unidos. Sobre el tapete de las conversaciones est\u00e1 el futuro del programa de desarme nuclear bilateral y el tema del escudo antimisiles (DAM) que Estados Unidos contempla construir en el centro de Europa. En la cumbre se preparar\u00e1 un nuevo tratado para la reducci\u00f3n del arsenal nuclear estrat\u00e9gico entre ambos pa\u00edses, en reemplazo del tratado START-1, que caduca el 5 de diciembre de 2009.","breadcrumb":{"@id":"https:\/\/www.pressenza.com\/es\/2009\/07\/maxana-obama-comienza-su-visita-a-rusia\/#breadcrumb"},"inLanguage":"es","potentialAction":[{"@type":"ReadAction","target":["https:\/\/www.pressenza.com\/es\/2009\/07\/maxana-obama-comienza-su-visita-a-rusia\/"]}]},{"@type":"BreadcrumbList","@id":"https:\/\/www.pressenza.com\/es\/2009\/07\/maxana-obama-comienza-su-visita-a-rusia\/#breadcrumb","itemListElement":[{"@type":"ListItem","position":1,"name":"Accueil","item":"https:\/\/www.pressenza.com\/es\/"},{"@type":"ListItem","position":2,"name":"Ma\u00f1ana Obama comienza su visita a Rusia"}]},{"@type":"WebSite","@id":"https:\/\/www.pressenza.com\/es\/#website","url":"https:\/\/www.pressenza.com\/es\/","name":"Pressenza","description":"International Press Agency","publisher":{"@id":"https:\/\/www.pressenza.com\/es\/#organization"},"potentialAction":[{"@type":"SearchAction","target":{"@type":"EntryPoint","urlTemplate":"https:\/\/www.pressenza.com\/es\/?s={search_term_string}"},"query-input":{"@type":"PropertyValueSpecification","valueRequired":true,"valueName":"search_term_string"}}],"inLanguage":"es"},{"@type":"Organization","@id":"https:\/\/www.pressenza.com\/es\/#organization","name":"Pressenza","url":"https:\/\/www.pressenza.com\/es\/","logo":{"@type":"ImageObject","inLanguage":"es","@id":"https:\/\/www.pressenza.com\/es\/#\/schema\/logo\/image\/","url":"https:\/\/www.pressenza.com\/wp-content\/uploads\/2022\/10\/pressenza_logo_200x200.jpg","contentUrl":"https:\/\/www.pressenza.com\/wp-content\/uploads\/2022\/10\/pressenza_logo_200x200.jpg","width":200,"height":200,"caption":"Pressenza"},"image":{"@id":"https:\/\/www.pressenza.com\/es\/#\/schema\/logo\/image\/"},"sameAs":["https:\/\/www.facebook.com\/PressenzaItalia","https:\/\/x.com\/PressenzaIPA"]},{"@type":"Person","@id":"https:\/\/www.pressenza.com\/es\/#\/schema\/person\/010e5d02bcf40965427a1289a4cc8d75","name":"Pressenza IPA","description":"News from Pressenza IPA correspondents","sameAs":["https:\/\/www.facebook.com\/pressenza","https:\/\/x.com\/PressenzaIPA"],"url":"https:\/\/www.pressenza.com\/es\/author\/pressenza-ipa\/"}]}},"place":"Mosc\u00fa","original_article_url":"","_links":{"self":[{"href":"https:\/\/www.pressenza.com\/es\/wp-json\/wp\/v2\/posts\/650","targetHints":{"allow":["GET"]}}],"collection":[{"href":"https:\/\/www.pressenza.com\/es\/wp-json\/wp\/v2\/posts"}],"about":[{"href":"https:\/\/www.pressenza.com\/es\/wp-json\/wp\/v2\/types\/post"}],"author":[{"embeddable":true,"href":"https:\/\/www.pressenza.com\/es\/wp-json\/wp\/v2\/users\/19"}],"replies":[{"embeddable":true,"href":"https:\/\/www.pressenza.com\/es\/wp-json\/wp\/v2\/comments?post=650"}],"version-history":[{"count":0,"href":"https:\/\/www.pressenza.com\/es\/wp-json\/wp\/v2\/posts\/650\/revisions"}],"wp:attachment":[{"href":"https:\/\/www.pressenza.com\/es\/wp-json\/wp\/v2\/media?parent=650"}],"wp:term":[{"taxonomy":"category","embeddable":true,"href":"https:\/\/www.pressenza.com\/es\/wp-json\/wp\/v2\/categories?post=650"},{"taxonomy":"post_tag","embeddable":true,"href":"https:\/\/www.pressenza.com\/es\/wp-json\/wp\/v2\/tags?post=650"}],"curies":[{"name":"wp","href":"https:\/\/api.w.org\/{rel}","templated":true}]}}