{"id":649465,"date":"2018-06-01T17:22:50","date_gmt":"2018-06-01T16:22:50","guid":{"rendered":"https:\/\/www.pressenza.com\/?p=649465"},"modified":"2018-06-01T17:22:50","modified_gmt":"2018-06-01T16:22:50","slug":"triunfo-la-mocion-censura-rajoy","status":"publish","type":"post","link":"https:\/\/www.pressenza.com\/es\/2018\/06\/triunfo-la-mocion-censura-rajoy\/","title":{"rendered":"\u00bfPor qu\u00e9 triunf\u00f3 la moci\u00f3n de censura contra Rajoy?"},"content":{"rendered":"<p>La autocracia, del griego autos (por s\u00ed mismo) y kratos (poder o gobierno), ser\u00eda la forma de Gobierno ejercida por una sola persona con un poder absoluto e ilimitado, especie de par\u00e1sito end\u00f3geno de otros sistemas de gobierno (incluida la llamada democracia formal), que partiendo de la cris\u00e1lida de una propuesta partidista elegida mediante elecciones libres llegado al poder se metamorfosea en l\u00edder Presidencialista con claros tintes autocr\u00e1ticos (inflexible, centralista y autoritario), lo que corrobora la tesis de Lord Acton: \u201cEl Poder tiende a corromper y el Poder absoluto, corrompe absolutamente\u201d. Los sistemas autocr\u00e1ticos (gobiernos de facto), ser\u00edan pues una especie de dictaduras invisibles sustentados en s\u00f3lidas estrategias de cohesi\u00f3n (manipulaci\u00f3n de masas) y represi\u00f3n social (promulgaci\u00f3n de Decretos-Leyes que rozar\u00edan la constitucionalidad pero que quedar\u00e1n revestidos por el barniz democratizador del Tribunal Constitucional de turno (Ley Mordaza), s\u00edntomas evidentes de una deriva totalitaria.<\/p>\n<p><strong>El establishment del Estado espa\u00f1ol<\/strong><\/p>\n<p>El establishment del Estado espa\u00f1ol estar\u00eda formado por las \u00e9lites financiera-empresarial, pol\u00edtica, militar, jerarqu\u00eda cat\u00f3lica, universitaria y <em>mass media<\/em> del Estado espa\u00f1ol, herederos naturales del legado del General Franco que habr\u00edan fagocitado todas las esferas de decisi\u00f3n (seg\u00fan se desprende de la lectura del libro \u201cOligarqu\u00eda financiera y poder pol\u00edtico en Espa\u00f1a\u201d, escrito por el exbanquero Manuel Puerto Ducet), e iniciado asimismo una deriva totalitaria que habr\u00eda ya convertido a la seudo democracia espa\u00f1ola en reh\u00e9n del establishment y que tendr\u00eda como objetivo \u00faltimo la implementaci\u00f3n del \u201cEstado Tardofranquista\u201d. Dicho anacronismo pol\u00edtico beber\u00eda de las fuentes del centralismo jacobino franc\u00e9s y del paternalismo de las dictaduras blandas y refrendado por iniciativas como la aprobaci\u00f3n de la nueva Ley de Educaci\u00f3n (Lomce); el rechazo del Grupo Popular a la propuesta de ley de IU para \u201csancionar penalmente los actos de apolog\u00eda de la dictadura franquista, la actividad delictiva de los grupos de ultraderecha\u201d, la modificaci\u00f3n del C\u00f3digo Penal para constre\u00f1ir hasta su nimiedad la libertad de expresi\u00f3n (Ley Mordaza) y los derechos de huelga, reuni\u00f3n y manifestaci\u00f3n y la controvertida reforma de la Ley Org\u00e1nica del R\u00e9gimen Electoral de 1985 y en el paroxismo de la l\u00f3gica dist\u00f3pica, asistiremos al renacer de la Doctrina Aznar con el que se intentar\u00e1 criminalizar a grupos y entidades d\u00edscolos y refractarios al mensaje del establishment dominante del Estado espa\u00f1ol.<\/p>\n<p><strong>El <em>puzzle<\/em> inconexo del caos pol\u00edtico<\/strong><\/p>\n<p>El puzzle inconexo del caos ordenado puede esbozarse mediante la llamada \u201cTeor\u00eda de las Cat\u00e1strofes\u201d del cient\u00edfico franc\u00e9s Ren\u00e9 Thom y se basar\u00eda en dos conceptos antin\u00f3micos para intentar \u201ccomprender el orden jer\u00e1rquico de la complejidad biol\u00f3gica\u201d. As\u00ed, el concepto de estabilidad o equilibrio se refiere a un sistema que permanece estable, aunque registre un cambio, principio que trasladado a la esfera pol\u00edtica se traducir\u00eda en la Reforma del R\u00e9gimen del 78 sin alterar sus principios esenciales (mon\u00e1rquico, jacobino y neoliberal), tesis que defender\u00edan los partidos del establishment dominante del Estado espa\u00f1ol (PP, PSOE y la nueva estrella del firmamento reformista, Ciudadanos).<\/p>\n<p>En la orilla ant\u00f3nima, encontramos el concepto de cambio cualitativo o discontinuidad que se produce cuando simples cambios cuantitativos pasan a ser otra cosa diferente y el sistema se transforma internamente de modo radical en una nueva realidad que modifica su situaci\u00f3n de equilibrio interno y se crea una situaci\u00f3n nueva (Nuevo R\u00e9gimen), tesis defendida tan s\u00f3lo por Podemos y los grupos independentistas perif\u00e9ricos (EH Bildu y CUP) y que es asociada por el aparato medi\u00e1tico del sistema dominante (<em>mass media<\/em>) con el advenimiento del caos.<\/p>\n<p>Por caos (Khaos o \u201cvac\u00edo que ocupa un hueco en la nada\u201d) entendemos algo impredecible y que se escapa a la miope visi\u00f3n que \u00fanicamente pueden esbozar nuestros ojos ante hechos que se escapan de los par\u00e1metros conocidos pues nuestra mente es capaz de secuenciar \u00fanicamente fragmentos de la secuencia total del inmenso genoma del caos. Por su parte, el bi\u00f3logo Lyan Watson en su obra \u201cLifetide\u201d publicada en 1979 afirma que \u201csi un n\u00famero suficientemente grande de personas (Masa Cr\u00edtica) adquieren un nuevo conocimiento o forma de ver las cosas, esto se propagar\u00e1 por toda la humanidad\u201d, para lo que es necesario que un determinado n\u00famero de personas (Masa Cr\u00edtica), alcance una conciencia m\u00e1s elevada, momento en que el individuo es capaz ya de realizar un salto evolutivo y lograr un cambio de mentalidad, tesis conocida como \u201cTeor\u00eda del Cent\u00e9simo Mono\u201d.<\/p>\n<p><strong>\u00bfPor qu\u00e9 triunf\u00f3 la Moci\u00f3n de censura contra Rajoy?<\/strong><\/p>\n<p>El actual sistema dominante o establishment de las sociedades occidentales utilizar\u00eda la dictadura invisible del consumismo compulsivo de bienes materiales para anular los ideales del individuo primigenio y transformarlo en un ser acr\u00edtico, miedoso y conformista que pasar\u00e1 a engrosar ineludiblemente las filas de una sociedad homog\u00e9nea, uniforme y f\u00e1cilmente manipulable mediante las t\u00e9cnicas de manipulaci\u00f3n de masas. As\u00ed, la estrategia electoral de Rajoy se basaba en el mantra de la recuperaci\u00f3n econ\u00f3mica edulcorada con sibilinas promesas de aumento del techo de gasto auton\u00f3mico, subidas salariales a funcionarios y jubilados as\u00ed como reducciones fiscales al estar la sociedad espa\u00f1ola integrada por individuos unidimensionales que no dudar\u00e1n en primar el \u201cpanem et circenses\u201d ( frente al v\u00e9rtigo que suscitaba la utop\u00eda de un Nuevo R\u00e9gimen propugnada por Podemos), con el objetivo confeso de formar un Gobierno PP-Ciudadanos tras las elecciones del 2020 que se encargar\u00eda de escenificar la metamorfosis del R\u00e9gimen del 78 mediante una reforma edulcorada de la actual Constituci\u00f3n vigente para implementar un Estado mon\u00e1rquico, jacobino y euroc\u00e9ntrico, siguiendo la m\u00e1xima del gatopardismo (\u201cCambiar todo para que nada cambie\u201d).<\/p>\n<p>Sin embargo, la desafecci\u00f3n pol\u00edtica de la sociedad espa\u00f1ola motivada por los sangrantes casos de corrupci\u00f3n del PP (cuyo paradigma ser\u00eda la reciente sentencia del Caso G\u00fcrtel), gener\u00f3 un tsunami popular de denuncia del actual d\u00e9ficit democr\u00e1tico, social y de valores originando un caos constructivo que facilit\u00f3 la presentaci\u00f3n de una moci\u00f3n de censura por parte de Pedro S\u00e1nchez, quien tras lograr el apoyo del resto de partidos de la oposici\u00f3n (excepto Ciudadanos, la marca blanca del PP), ha conseguido finiquitar el Gobierno de Rajoy y abrir un horizonte limitado en el tiempo (1 a\u00f1o), en el que primar\u00e1 la ilusi\u00f3n por una nueva cartograf\u00eda del Estado espa\u00f1ol y que podr\u00eda cristalizar con la instauraci\u00f3n de la III Rep\u00fablica en el horizonte del 2020.<\/p>\n","protected":false},"excerpt":{"rendered":"<p>La autocracia, del griego autos (por s\u00ed mismo) y kratos (poder o gobierno), ser\u00eda la forma de Gobierno ejercida por una sola persona con un poder absoluto e ilimitado, especie de par\u00e1sito end\u00f3geno de otros sistemas de gobierno (incluida la&hellip;<\/p>\n","protected":false},"author":1505,"featured_media":649466,"comment_status":"closed","ping_status":"closed","sticky":false,"template":"","format":"standard","meta":{"footnotes":""},"categories":[11389,66,161,74],"tags":[1065,46632,865],"class_list":["post-649465","post","type-post","status-publish","format-standard","has-post-thumbnail","hentry","category-contenido-original","category-europa-es","category-opiniones","category-politica-es","tag-espana","tag-mocion-de-censura","tag-rajoy"],"yoast_head":"<!-- This site is optimized with the Yoast SEO plugin v27.1.1 - https:\/\/yoast.com\/product\/yoast-seo-wordpress\/ -->\n<title>\u00bfPor qu\u00e9 triunf\u00f3 la moci\u00f3n de censura contra Rajoy?<\/title>\n<meta name=\"description\" content=\"La autocracia, del griego autos (por s\u00ed mismo) y kratos (poder o gobierno), ser\u00eda la forma de Gobierno ejercida por una sola persona con un poder absoluto\" \/>\n<meta name=\"robots\" content=\"index, follow, max-snippet:-1, max-image-preview:large, max-video-preview:-1\" \/>\n<link rel=\"canonical\" href=\"https:\/\/www.pressenza.com\/es\/2018\/06\/triunfo-la-mocion-censura-rajoy\/\" \/>\n<meta property=\"og:locale\" content=\"es_ES\" \/>\n<meta property=\"og:type\" content=\"article\" \/>\n<meta property=\"og:title\" content=\"\u00bfPor qu\u00e9 triunf\u00f3 la moci\u00f3n de censura contra Rajoy?\" \/>\n<meta property=\"og:description\" content=\"La autocracia, del griego autos (por s\u00ed mismo) y kratos (poder o gobierno), ser\u00eda la forma de Gobierno ejercida por una sola persona con un poder absoluto\" \/>\n<meta property=\"og:url\" content=\"https:\/\/www.pressenza.com\/es\/2018\/06\/triunfo-la-mocion-censura-rajoy\/\" \/>\n<meta property=\"og:site_name\" content=\"Pressenza\" \/>\n<meta property=\"article:publisher\" content=\"https:\/\/www.facebook.com\/PressenzaItalia\" \/>\n<meta property=\"article:published_time\" content=\"2018-06-01T16:22:50+00:00\" \/>\n<meta property=\"og:image\" content=\"https:\/\/www.pressenza.com\/wp-content\/uploads\/2018\/06\/20170427-636288931235032324_20170427123605-kIR-U422086762866ts-992x558@LaVanguardia-Web.jpg\" \/>\n\t<meta property=\"og:image:width\" content=\"800\" \/>\n\t<meta property=\"og:image:height\" content=\"450\" \/>\n\t<meta property=\"og:image:type\" content=\"image\/jpeg\" \/>\n<meta name=\"author\" content=\"Germ\u00e1n Gorraiz L\u00f3pez\" \/>\n<meta name=\"twitter:card\" content=\"summary_large_image\" \/>\n<meta name=\"twitter:creator\" content=\"@PressenzaIPA\" \/>\n<meta name=\"twitter:site\" content=\"@PressenzaIPA\" \/>\n<meta name=\"twitter:label1\" content=\"Escrito por\" \/>\n\t<meta name=\"twitter:data1\" content=\"Germ\u00e1n Gorraiz L\u00f3pez\" \/>\n\t<meta name=\"twitter:label2\" content=\"Tiempo de lectura\" \/>\n\t<meta name=\"twitter:data2\" content=\"6 minutos\" \/>\n<script type=\"application\/ld+json\" class=\"yoast-schema-graph\">{\"@context\":\"https:\/\/schema.org\",\"@graph\":[{\"@type\":\"Article\",\"@id\":\"https:\/\/www.pressenza.com\/es\/2018\/06\/triunfo-la-mocion-censura-rajoy\/#article\",\"isPartOf\":{\"@id\":\"https:\/\/www.pressenza.com\/es\/2018\/06\/triunfo-la-mocion-censura-rajoy\/\"},\"author\":{\"name\":\"Germ\u00e1n Gorraiz L\u00f3pez\",\"@id\":\"https:\/\/www.pressenza.com\/es\/#\/schema\/person\/57dba2cbf155df3e3656a436abe74b1b\"},\"headline\":\"\u00bfPor qu\u00e9 triunf\u00f3 la moci\u00f3n de censura contra Rajoy?\",\"datePublished\":\"2018-06-01T16:22:50+00:00\",\"mainEntityOfPage\":{\"@id\":\"https:\/\/www.pressenza.com\/es\/2018\/06\/triunfo-la-mocion-censura-rajoy\/\"},\"wordCount\":1150,\"publisher\":{\"@id\":\"https:\/\/www.pressenza.com\/es\/#organization\"},\"image\":{\"@id\":\"https:\/\/www.pressenza.com\/es\/2018\/06\/triunfo-la-mocion-censura-rajoy\/#primaryimage\"},\"thumbnailUrl\":\"https:\/\/www.pressenza.com\/wp-content\/uploads\/2018\/06\/20170427-636288931235032324_20170427123605-kIR-U422086762866ts-992x558@LaVanguardia-Web.jpg\",\"keywords\":[\"Espa\u00f1a\",\"moci\u00f3n de censura\",\"rajoy\"],\"articleSection\":[\"Contenido Original\",\"Europa\",\"Opiniones\",\"Pol\u00edtica\"],\"inLanguage\":\"es\"},{\"@type\":\"WebPage\",\"@id\":\"https:\/\/www.pressenza.com\/es\/2018\/06\/triunfo-la-mocion-censura-rajoy\/\",\"url\":\"https:\/\/www.pressenza.com\/es\/2018\/06\/triunfo-la-mocion-censura-rajoy\/\",\"name\":\"\u00bfPor qu\u00e9 triunf\u00f3 la moci\u00f3n de censura contra Rajoy?\",\"isPartOf\":{\"@id\":\"https:\/\/www.pressenza.com\/es\/#website\"},\"primaryImageOfPage\":{\"@id\":\"https:\/\/www.pressenza.com\/es\/2018\/06\/triunfo-la-mocion-censura-rajoy\/#primaryimage\"},\"image\":{\"@id\":\"https:\/\/www.pressenza.com\/es\/2018\/06\/triunfo-la-mocion-censura-rajoy\/#primaryimage\"},\"thumbnailUrl\":\"https:\/\/www.pressenza.com\/wp-content\/uploads\/2018\/06\/20170427-636288931235032324_20170427123605-kIR-U422086762866ts-992x558@LaVanguardia-Web.jpg\",\"datePublished\":\"2018-06-01T16:22:50+00:00\",\"description\":\"La autocracia, del griego autos (por s\u00ed mismo) y kratos (poder o gobierno), ser\u00eda la forma de Gobierno ejercida por una sola persona con un poder absoluto\",\"breadcrumb\":{\"@id\":\"https:\/\/www.pressenza.com\/es\/2018\/06\/triunfo-la-mocion-censura-rajoy\/#breadcrumb\"},\"inLanguage\":\"es\",\"potentialAction\":[{\"@type\":\"ReadAction\",\"target\":[\"https:\/\/www.pressenza.com\/es\/2018\/06\/triunfo-la-mocion-censura-rajoy\/\"]}]},{\"@type\":\"ImageObject\",\"inLanguage\":\"es\",\"@id\":\"https:\/\/www.pressenza.com\/es\/2018\/06\/triunfo-la-mocion-censura-rajoy\/#primaryimage\",\"url\":\"https:\/\/www.pressenza.com\/wp-content\/uploads\/2018\/06\/20170427-636288931235032324_20170427123605-kIR-U422086762866ts-992x558@LaVanguardia-Web.jpg\",\"contentUrl\":\"https:\/\/www.pressenza.com\/wp-content\/uploads\/2018\/06\/20170427-636288931235032324_20170427123605-kIR-U422086762866ts-992x558@LaVanguardia-Web.jpg\",\"width\":800,\"height\":450},{\"@type\":\"BreadcrumbList\",\"@id\":\"https:\/\/www.pressenza.com\/es\/2018\/06\/triunfo-la-mocion-censura-rajoy\/#breadcrumb\",\"itemListElement\":[{\"@type\":\"ListItem\",\"position\":1,\"name\":\"Accueil\",\"item\":\"https:\/\/www.pressenza.com\/es\/\"},{\"@type\":\"ListItem\",\"position\":2,\"name\":\"\u00bfPor qu\u00e9 triunf\u00f3 la moci\u00f3n de censura contra Rajoy?\"}]},{\"@type\":\"WebSite\",\"@id\":\"https:\/\/www.pressenza.com\/es\/#website\",\"url\":\"https:\/\/www.pressenza.com\/es\/\",\"name\":\"Pressenza\",\"description\":\"International Press Agency\",\"publisher\":{\"@id\":\"https:\/\/www.pressenza.com\/es\/#organization\"},\"potentialAction\":[{\"@type\":\"SearchAction\",\"target\":{\"@type\":\"EntryPoint\",\"urlTemplate\":\"https:\/\/www.pressenza.com\/es\/?s={search_term_string}\"},\"query-input\":{\"@type\":\"PropertyValueSpecification\",\"valueRequired\":true,\"valueName\":\"search_term_string\"}}],\"inLanguage\":\"es\"},{\"@type\":\"Organization\",\"@id\":\"https:\/\/www.pressenza.com\/es\/#organization\",\"name\":\"Pressenza\",\"url\":\"https:\/\/www.pressenza.com\/es\/\",\"logo\":{\"@type\":\"ImageObject\",\"inLanguage\":\"es\",\"@id\":\"https:\/\/www.pressenza.com\/es\/#\/schema\/logo\/image\/\",\"url\":\"https:\/\/www.pressenza.com\/wp-content\/uploads\/2022\/10\/pressenza_logo_200x200.jpg\",\"contentUrl\":\"https:\/\/www.pressenza.com\/wp-content\/uploads\/2022\/10\/pressenza_logo_200x200.jpg\",\"width\":200,\"height\":200,\"caption\":\"Pressenza\"},\"image\":{\"@id\":\"https:\/\/www.pressenza.com\/es\/#\/schema\/logo\/image\/\"},\"sameAs\":[\"https:\/\/www.facebook.com\/PressenzaItalia\",\"https:\/\/x.com\/PressenzaIPA\"]},{\"@type\":\"Person\",\"@id\":\"https:\/\/www.pressenza.com\/es\/#\/schema\/person\/57dba2cbf155df3e3656a436abe74b1b\",\"name\":\"Germ\u00e1n Gorraiz L\u00f3pez\",\"description\":\"Germ\u00e1n Gorraiz L\u00f3pez (Navarra-Espa\u00f1a, 1957). Analista econ\u00f3mico y geopol\u00edtico, colabora habitualmente en varias publicaciones digitales e impresas espa\u00f1olas y latinoamericanas.\",\"url\":\"https:\/\/www.pressenza.com\/es\/author\/german-gorraiz-lopez\/\"}]}<\/script>\n<!-- \/ Yoast SEO plugin. -->","yoast_head_json":{"title":"\u00bfPor qu\u00e9 triunf\u00f3 la moci\u00f3n de censura contra Rajoy?","description":"La autocracia, del griego autos (por s\u00ed mismo) y kratos (poder o gobierno), ser\u00eda la forma de Gobierno ejercida por una sola persona con un poder absoluto","robots":{"index":"index","follow":"follow","max-snippet":"max-snippet:-1","max-image-preview":"max-image-preview:large","max-video-preview":"max-video-preview:-1"},"canonical":"https:\/\/www.pressenza.com\/es\/2018\/06\/triunfo-la-mocion-censura-rajoy\/","og_locale":"es_ES","og_type":"article","og_title":"\u00bfPor qu\u00e9 triunf\u00f3 la moci\u00f3n de censura contra Rajoy?","og_description":"La autocracia, del griego autos (por s\u00ed mismo) y kratos (poder o gobierno), ser\u00eda la forma de Gobierno ejercida por una sola persona con un poder absoluto","og_url":"https:\/\/www.pressenza.com\/es\/2018\/06\/triunfo-la-mocion-censura-rajoy\/","og_site_name":"Pressenza","article_publisher":"https:\/\/www.facebook.com\/PressenzaItalia","article_published_time":"2018-06-01T16:22:50+00:00","og_image":[{"width":800,"height":450,"url":"https:\/\/www.pressenza.com\/wp-content\/uploads\/2018\/06\/20170427-636288931235032324_20170427123605-kIR-U422086762866ts-992x558@LaVanguardia-Web.jpg","type":"image\/jpeg"}],"author":"Germ\u00e1n Gorraiz L\u00f3pez","twitter_card":"summary_large_image","twitter_creator":"@PressenzaIPA","twitter_site":"@PressenzaIPA","twitter_misc":{"Escrito por":"Germ\u00e1n Gorraiz L\u00f3pez","Tiempo de lectura":"6 minutos"},"schema":{"@context":"https:\/\/schema.org","@graph":[{"@type":"Article","@id":"https:\/\/www.pressenza.com\/es\/2018\/06\/triunfo-la-mocion-censura-rajoy\/#article","isPartOf":{"@id":"https:\/\/www.pressenza.com\/es\/2018\/06\/triunfo-la-mocion-censura-rajoy\/"},"author":{"name":"Germ\u00e1n Gorraiz L\u00f3pez","@id":"https:\/\/www.pressenza.com\/es\/#\/schema\/person\/57dba2cbf155df3e3656a436abe74b1b"},"headline":"\u00bfPor qu\u00e9 triunf\u00f3 la moci\u00f3n de censura contra Rajoy?","datePublished":"2018-06-01T16:22:50+00:00","mainEntityOfPage":{"@id":"https:\/\/www.pressenza.com\/es\/2018\/06\/triunfo-la-mocion-censura-rajoy\/"},"wordCount":1150,"publisher":{"@id":"https:\/\/www.pressenza.com\/es\/#organization"},"image":{"@id":"https:\/\/www.pressenza.com\/es\/2018\/06\/triunfo-la-mocion-censura-rajoy\/#primaryimage"},"thumbnailUrl":"https:\/\/www.pressenza.com\/wp-content\/uploads\/2018\/06\/20170427-636288931235032324_20170427123605-kIR-U422086762866ts-992x558@LaVanguardia-Web.jpg","keywords":["Espa\u00f1a","moci\u00f3n de censura","rajoy"],"articleSection":["Contenido Original","Europa","Opiniones","Pol\u00edtica"],"inLanguage":"es"},{"@type":"WebPage","@id":"https:\/\/www.pressenza.com\/es\/2018\/06\/triunfo-la-mocion-censura-rajoy\/","url":"https:\/\/www.pressenza.com\/es\/2018\/06\/triunfo-la-mocion-censura-rajoy\/","name":"\u00bfPor qu\u00e9 triunf\u00f3 la moci\u00f3n de censura contra Rajoy?","isPartOf":{"@id":"https:\/\/www.pressenza.com\/es\/#website"},"primaryImageOfPage":{"@id":"https:\/\/www.pressenza.com\/es\/2018\/06\/triunfo-la-mocion-censura-rajoy\/#primaryimage"},"image":{"@id":"https:\/\/www.pressenza.com\/es\/2018\/06\/triunfo-la-mocion-censura-rajoy\/#primaryimage"},"thumbnailUrl":"https:\/\/www.pressenza.com\/wp-content\/uploads\/2018\/06\/20170427-636288931235032324_20170427123605-kIR-U422086762866ts-992x558@LaVanguardia-Web.jpg","datePublished":"2018-06-01T16:22:50+00:00","description":"La autocracia, del griego autos (por s\u00ed mismo) y kratos (poder o gobierno), ser\u00eda la forma de Gobierno ejercida por una sola persona con un poder absoluto","breadcrumb":{"@id":"https:\/\/www.pressenza.com\/es\/2018\/06\/triunfo-la-mocion-censura-rajoy\/#breadcrumb"},"inLanguage":"es","potentialAction":[{"@type":"ReadAction","target":["https:\/\/www.pressenza.com\/es\/2018\/06\/triunfo-la-mocion-censura-rajoy\/"]}]},{"@type":"ImageObject","inLanguage":"es","@id":"https:\/\/www.pressenza.com\/es\/2018\/06\/triunfo-la-mocion-censura-rajoy\/#primaryimage","url":"https:\/\/www.pressenza.com\/wp-content\/uploads\/2018\/06\/20170427-636288931235032324_20170427123605-kIR-U422086762866ts-992x558@LaVanguardia-Web.jpg","contentUrl":"https:\/\/www.pressenza.com\/wp-content\/uploads\/2018\/06\/20170427-636288931235032324_20170427123605-kIR-U422086762866ts-992x558@LaVanguardia-Web.jpg","width":800,"height":450},{"@type":"BreadcrumbList","@id":"https:\/\/www.pressenza.com\/es\/2018\/06\/triunfo-la-mocion-censura-rajoy\/#breadcrumb","itemListElement":[{"@type":"ListItem","position":1,"name":"Accueil","item":"https:\/\/www.pressenza.com\/es\/"},{"@type":"ListItem","position":2,"name":"\u00bfPor qu\u00e9 triunf\u00f3 la moci\u00f3n de censura contra Rajoy?"}]},{"@type":"WebSite","@id":"https:\/\/www.pressenza.com\/es\/#website","url":"https:\/\/www.pressenza.com\/es\/","name":"Pressenza","description":"International Press Agency","publisher":{"@id":"https:\/\/www.pressenza.com\/es\/#organization"},"potentialAction":[{"@type":"SearchAction","target":{"@type":"EntryPoint","urlTemplate":"https:\/\/www.pressenza.com\/es\/?s={search_term_string}"},"query-input":{"@type":"PropertyValueSpecification","valueRequired":true,"valueName":"search_term_string"}}],"inLanguage":"es"},{"@type":"Organization","@id":"https:\/\/www.pressenza.com\/es\/#organization","name":"Pressenza","url":"https:\/\/www.pressenza.com\/es\/","logo":{"@type":"ImageObject","inLanguage":"es","@id":"https:\/\/www.pressenza.com\/es\/#\/schema\/logo\/image\/","url":"https:\/\/www.pressenza.com\/wp-content\/uploads\/2022\/10\/pressenza_logo_200x200.jpg","contentUrl":"https:\/\/www.pressenza.com\/wp-content\/uploads\/2022\/10\/pressenza_logo_200x200.jpg","width":200,"height":200,"caption":"Pressenza"},"image":{"@id":"https:\/\/www.pressenza.com\/es\/#\/schema\/logo\/image\/"},"sameAs":["https:\/\/www.facebook.com\/PressenzaItalia","https:\/\/x.com\/PressenzaIPA"]},{"@type":"Person","@id":"https:\/\/www.pressenza.com\/es\/#\/schema\/person\/57dba2cbf155df3e3656a436abe74b1b","name":"Germ\u00e1n Gorraiz L\u00f3pez","description":"Germ\u00e1n Gorraiz L\u00f3pez (Navarra-Espa\u00f1a, 1957). Analista econ\u00f3mico y geopol\u00edtico, colabora habitualmente en varias publicaciones digitales e impresas espa\u00f1olas y latinoamericanas.","url":"https:\/\/www.pressenza.com\/es\/author\/german-gorraiz-lopez\/"}]}},"place":"","original_article_url":"","_links":{"self":[{"href":"https:\/\/www.pressenza.com\/es\/wp-json\/wp\/v2\/posts\/649465","targetHints":{"allow":["GET"]}}],"collection":[{"href":"https:\/\/www.pressenza.com\/es\/wp-json\/wp\/v2\/posts"}],"about":[{"href":"https:\/\/www.pressenza.com\/es\/wp-json\/wp\/v2\/types\/post"}],"author":[{"embeddable":true,"href":"https:\/\/www.pressenza.com\/es\/wp-json\/wp\/v2\/users\/1505"}],"replies":[{"embeddable":true,"href":"https:\/\/www.pressenza.com\/es\/wp-json\/wp\/v2\/comments?post=649465"}],"version-history":[{"count":0,"href":"https:\/\/www.pressenza.com\/es\/wp-json\/wp\/v2\/posts\/649465\/revisions"}],"wp:featuredmedia":[{"embeddable":true,"href":"https:\/\/www.pressenza.com\/es\/wp-json\/wp\/v2\/media\/649466"}],"wp:attachment":[{"href":"https:\/\/www.pressenza.com\/es\/wp-json\/wp\/v2\/media?parent=649465"}],"wp:term":[{"taxonomy":"category","embeddable":true,"href":"https:\/\/www.pressenza.com\/es\/wp-json\/wp\/v2\/categories?post=649465"},{"taxonomy":"post_tag","embeddable":true,"href":"https:\/\/www.pressenza.com\/es\/wp-json\/wp\/v2\/tags?post=649465"}],"curies":[{"name":"wp","href":"https:\/\/api.w.org\/{rel}","templated":true}]}}