{"id":649172,"date":"2018-05-31T23:18:52","date_gmt":"2018-05-31T22:18:52","guid":{"rendered":"https:\/\/www.pressenza.com\/?p=649172"},"modified":"2018-05-31T23:18:52","modified_gmt":"2018-05-31T22:18:52","slug":"santiago-maldonado-rafael-nahuel-contados-la-misma-tinta","status":"publish","type":"post","link":"https:\/\/www.pressenza.com\/es\/2018\/05\/santiago-maldonado-rafael-nahuel-contados-la-misma-tinta\/","title":{"rendered":"Santiago Maldonado y Rafael Nahuel: contados con la misma tinta"},"content":{"rendered":"<p><em>Por <strong>Paulo Giacobbe\u00a0<\/strong><\/em><\/p>\n<p>El s\u00e1bado 25 de noviembre de 2017, los principales diarios mencionaron a Santiago Maldonado en su tapa. Solo P\u00e1gina\/12 plante\u00f3 que se desconoce la verdad de c\u00f3mo, cu\u00e1ndo y d\u00f3nde muri\u00f3 Santiago. Para La Naci\u00f3n y Clar\u00edn \u00abmuri\u00f3 ahogado\u00bb y \u00abse ahog\u00f3\u00bb, respectivamente, aventurando el gran diario argentino que \u201cestuvo en el r\u00edo m\u00e1s de 73 d\u00edas\u201d.\u00a0 Ese mismo d\u00eda, en la localidad de 25 de Mayo, se realiz\u00f3 el velatorio de Santiago y, en Villa Mascardi, Prefectura Naval asesin\u00f3 por la espalda a Rafael Nahuel.<\/p>\n<p>Clar\u00edn y La Naci\u00f3n, con su \u00f3xido r\u00e1pido de reflejos, sacaron casi el mismo t\u00edtulo: <em>\u201cUn mapuche muri\u00f3 baleado tras un enfrentamiento con la Prefectura en Villa Mascardi\u201d<\/em> y \u201c<em>Un mapuche muri\u00f3 de un tiro en Villa Mascardi durante un enfrentamiento con Prefectura\u201d<\/em>. Muy similares, la misma pluma, y uno ya no sabe de qu\u00e9 a\u00f1o es el diario que est\u00e1 leyendo.<\/p>\n<p>El Grupo Albatros de Prefectura Naval que asesina a Rafael Nahuel despu\u00e9s de tirar m\u00e1s de 114 tiros, se lleva detenidos a Fausto Jones Huala y Lautaro Gonz\u00e1lez, dos mapuches que estaban con Rafael en la recuperaci\u00f3n del territorio. Fausto cont\u00f3 a Diego Pintos y Maxi Goldschmidt para la revista C\u00edtrica, que ese d\u00eda no hab\u00edan escuchado a la fuerzas represivas, hasta que les gritaron <em>\u00ab\u00a1Alto, Prefectura!\u00bb<\/em> y empezaron a dispararles: <em>\u201cDe repente se escucha que hay un herido, y cae Rafael. Nosotros le grit\u00e1bamos que dejasen de tirar porque estaban hiriendo gente. Entonces escuchamos que hubo otro herido m\u00e1s, mientras ellos no dejaban de tirar en ning\u00fan momento\u201d.<\/em><\/p>\n<p>Rafael agonizaba, Fausto y Lautaro deciden armar una camilla y bajar a la ruta para pedir ayuda. Cuando llegan a la ruta Rafael ya hab\u00eda muerto y se encuentran a los prefectos que les dispararon: <em>\u201cLes empezamos a hacer se\u00f1ales. Les dec\u00edamos que llev\u00e1bamos a un muerto, que no nos disparen m\u00e1s, que est\u00e1bamos desarmados, y que nos \u00edbamos a ir con \u00e9l. Nos gritaron &#8216;\u00a1al piso, al piso!&#8217; Nos tiramos al suelo y nos esposaron. Cuando me esposan aparece uno y dice: &#8216;\u00a1Ahhh! \u00a1Hijos de puta!, nos empieza a insultar, nos quiere venir a pegar y entre otros lo pararon. Los prefectos pararon a su mismo compa\u00f1ero, que estaba rabioso. Despu\u00e9s nos llevaron hasta la entrada del hotel que est\u00e1 ah\u00ed abajo. Nos dejaron contra un port\u00f3n de madera, en el suelo, durante un rato\u201d<\/em>, relat\u00f3 Fausto en la misma entrevista.<\/p>\n<p>Sonia Ivanoff es abogada de Fausto y Lautaro y explica a La Retaguardia que se quedaron con Rafael hasta el \u00faltimo momento para evitar que hicieran lo mismo que hicieron con Santiago Maldonado: <em>\u201cFausto se queda con Rafael en los brazos. &#8216;Me dieron, pe\u00f1i&#8217;, les dice. Ellos se quedan con el cuerpo hasta \u00faltimo momento.\u201d<\/em><\/p>\n<p>Fue en una conferencia de prensa que Andrea Antico y Sergio Maldonado contaron que cuando apareci\u00f3 el cuerpo de Santiago permanecieron siete horas custodi\u00e1ndolo. Un cuerpo r\u00edo arriba en un lugar que ya hab\u00eda sido rastrillado. Una familia haciendo guardia frente a quien lleva meses desaparecido. Un mes despu\u00e9s, dos mapuches maniatados, golpeados, al lado de su compa\u00f1ero asesinado, tambi\u00e9n mapuche. Desde la tarde hasta la madrugada, Fausto y Lautaro resisten. Luego los trasladan a dependencias de la Polic\u00eda de Seguridad Aeroportuaria y quedan incomunicados durante d\u00edas. Mientras tanto, el Juez Federal subrogante de Bariloche, Gustavo Villanueva, niega la existencia de detenidos. Las horas pasan y nos acostumbramos a las postales que nos deja esta inmunda inhumanidad.<\/p>\n<p>Dice Sonia Ivanoff: <em>\u201cEl 25 de noviembre matan a Rafael. El 26, el Ministerio de Seguridad remite una nota al expediente con sus plataformas f\u00e1cticas de c\u00f3mo ocurrieron los hechos, que los mapuches atacaron, que hicieron una emboscada. Toda una terminolog\u00eda para generar m\u00e1s terror, m\u00e1s violencia estatal. Que los Albatros, como se vieron atacados, dispararon y produjeron, lamentablemente, la muerte de Rafael\u201d<\/em>. Y resalta Ivanoff: <em>\u201cRafael fue matado por la espalda con una 9 mil\u00edmetros\u201d.<\/em><\/p>\n<div id=\"attachment_649186\" class=\"wp-caption alignnone\"><img loading=\"lazy\" decoding=\"async\" aria-describedby=\"caption-attachment-649186\" class=\"size-large wp-image-649186\" src=\"https:\/\/www.pressenza.com\/wp-content\/uploads\/2018\/05\/26952605_10215228651220679_2890780896752011818_o-720x540.jpg\" alt=\"\" width=\"720\" height=\"540\" srcset=\"https:\/\/www.pressenza.com\/wp-content\/uploads\/2018\/05\/26952605_10215228651220679_2890780896752011818_o-720x540.jpg 720w, https:\/\/www.pressenza.com\/wp-content\/uploads\/2018\/05\/26952605_10215228651220679_2890780896752011818_o-300x225.jpg 300w, https:\/\/www.pressenza.com\/wp-content\/uploads\/2018\/05\/26952605_10215228651220679_2890780896752011818_o-768x576.jpg 768w, https:\/\/www.pressenza.com\/wp-content\/uploads\/2018\/05\/26952605_10215228651220679_2890780896752011818_o.jpg 1000w\" sizes=\"auto, (max-width: 720px) 100vw, 720px\" \/><p id=\"caption-attachment-649186\" class=\"wp-caption-text\">Las familias de Rafael Nahuel y Santiago Maldonado en Bariloche, cuando se cumpl\u00edan 2 meses de la muerte de Rafita. Foto del Equipo de Comunicaci\u00f3n Popular Colectivo al Margen.<\/p><\/div>\n<p>Despu\u00e9s de recuperar la libertad, Fausto y Lautaro cumplen una serie de requisitos que les imponen,\u00a0 pero de cara al 25 de mayo, la Sala III de la C\u00e1mara de Casaci\u00f3n Penal, compuesta por los jueces Carlos Mahiques, Liliana Catucci y Eduardo Riggi, revoc\u00f3 sus excarcelaciones: \u201c<em>Hace seis meses que est\u00e1n en libertad y no han entorpecido la investigaci\u00f3n. Si no hay Albatros hoy indagados no es porque haya una responsabilidad por parte de los defendidos. No han sido indagados por la muerte de Rafael, ellos fueron testigos de la muerte de Rafael\u201d<\/em>, dice Sonia Ivanoff, quien plante\u00f3 la nulidad de la sentencia <em>\u201cy la recusaci\u00f3n de los jueces, pero tambi\u00e9n tenemos el plazo de recurso extraordinario federal que era un plazo de diez d\u00edas, lo interpusimos antes porque vimos con preocupaci\u00f3n que se decret\u00f3 secreto de sumario en la causa y vimos algunos medios muy vinculados al poder judicial, que se dec\u00eda que hab\u00eda una orden o pedido de captura\u201d.<\/em><\/p>\n<p>En el caso de Santiago Maldonado, la familia tuvo que armar un sitio web para desmentir permanente las operaciones de prensa, llegando a pedirles: <em>\u201cA veces hay que ponerse un poquito m\u00e1s del lado humano y si no tienen que poner m\u00fasica, no s\u00e9&#8230;, otra cosa\u201d.<\/em> Ya volveremos sobre el rol de la prensa.<\/p>\n<p>Las restricciones para la excarcelaci\u00f3n son <em>\u201cque en la indagatoria tanto Fausto como Lautaro plantearon ser del movimiento Movimiento Aut\u00f3nomo Puel Mapu, esta condici\u00f3n de ser mapuche, de ser un movimiento, los hace beligerantes y que no quieren acatar la constituci\u00f3n. A futuro alguien puede cometer un delito, m\u00e9talo preso, por las dudas\u201d<\/em>, razona Ivanoff y se pregunta: <em>\u201c\u00bfqu\u00e9 hubiera ocurrido si yo como abogada de ellos les hubiera dicho que no declaren? Si no hubiesen declarado yo no s\u00e9 cual habr\u00eda sido el elemento que hubiesen dicho para saber que posiblemente es un grupo beligerante, que posiblemente sea una organizaci\u00f3n que no se ajusta a la constituci\u00f3n, que nada de eso ocurre. Si no hubieran declarado \u00bfqu\u00e9 elementos hubieran tomado para decir que son del Puel Mapu? El ser mapuche directamente. \u00bfSi no hubiera existido indagatoria de d\u00f3nde hubieran tomado el elemento? Porque a su vez tampoco le aplican la flagrancia de delito, como quiere Pablo Noceti, que es lo que hicieron con Santiago Maldonado porque supuestamente estaban cortando una ruta, y nunca estuvieron cortando la ruta el 1 de agosto. Se metieron adentro del territorio a cazar indios y ac\u00e1 hicieron lo mismo, porque tienen el pasaporte para matar, porque saben que los van a bancar\u201d.<\/em><\/p>\n<h4>Recuperaci\u00f3n del territorio<\/h4>\n<p>Adri\u00e1n Moyano, periodista y escritor, autor del libro <em>A ruego de mi superior cacique Antonio Modesto INAKAYAL<\/em>, detalla la historia de usurpaci\u00f3n territorial en Villa Mascardi: <em>\u201cEst\u00e1 documentado b\u00e1sicamente en las cr\u00f3nicas de Francisco Moreno que la margen sur del lago Nahuel Huapi, hacia fines de 1876, era espacio territorial que ten\u00eda como lonko a Antonio Modesto Inakayal, el protagonista de mi \u00faltimo libro y en 1880 viniendo desde el sur, desde Tecka hasta lo que hoy ser\u00eda el casco urbano de Bariloche, Moreno testimonia la presencia de gente mapuche sobre el lago Guti\u00e9rrez, cuyo nombre original es Kar\u00fclafken, y ven\u00eda acompa\u00f1ado por jinetes mapuches. El nombre hist\u00f3rico del lago Mascardi es Relmulafken, que puede traducirse como lago de los siete colores o lago del arco iris. La forma\u00a0 en la cual una vez perpetrada la Campa\u00f1a del desierto, una d\u00e9cada despu\u00e9s, hizo jur\u00eddica e institucional su dominaci\u00f3n de esos espacios territoriales, fue a trav\u00e9s de Parques Nacionales. Los primeros proyectos de parques nacionales datan de principios del siglo XX, una vez m\u00e1s con la intervenci\u00f3n de Francisco Moreno, pero se hacen operativos en la pr\u00e1ctica hacia 1934, cuando son creados despu\u00e9s de varios proyectos que no llegaron a concretarse. El Nahuel Huapi fue el primero, m\u00e1s tarde el Lanin y dem\u00e1s. Parques Nacionales estableci\u00f3 una metodolog\u00eda a partir de la cual la gente que viv\u00eda dentro de su jurisdicci\u00f3n era considerada intrusa o tenedora de un documento al que le llaman \u201cpermiso precario de ocupaci\u00f3n y pastaje\u201d, una sigla odiosa para las poblaciones mapuches preexistentes a Parques Nacionales. Son much\u00edsimos los casos de comunidades que han sido desalojadas a principio del siglo XX. La recuperaci\u00f3n que hicieron los pe\u00f1i de la comunidad Winkul Lafken, de cuyo proceso estaba participando Rafael, se ampara adem\u00e1s en una serie de conceptos culturales y filos\u00f3ficos mapuches muy profundos, en el derecho al retorno que reconoce el convenio 169 de la Organizaci\u00f3n Internacional del Trabajo, que es Ley 24.071 en la Argentina, y reconoce a los pueblos ind\u00edgenas y tribales el derecho al retorno a sus espacios territoriales originales\u201d.<\/em><\/p>\n<p>Sonia Ivanoff\u00a0 agrega que despu\u00e9s del plan sistem\u00e1tico de exterminio de Roca y la usurpaci\u00f3n del territorio <em>\u201clos mapuche que se pudieron refugiar en el territorio, o son peones o fueron servicio dom\u00e9stico, o son los habitantes de los barrios m\u00e1s marginales de las principales ciudades patag\u00f3nicas\u201d.<\/em><\/p>\n<h4>Los medios de comunicaci\u00f3n<\/h4>\n<p>En esta batalla desigual, los mapuche tienen que demostrar su inocencia en la justicia y en los medios que los demonizan. Adri\u00e1n Moyano plantea una alternativa para enfrentar las mentiras: el cara a cara. Desde el grupo que integra, organizaci\u00f3n de articulaci\u00f3n mapuche, junto al colectivo el Kultrunazo y Pu pichikeche choike, es que desde diciembre impulsan un ciclo que se llama El pueblo mapuche vive. <em>\u201cConvocamos a los vecinos para mirarnos a los ojos, para ver qui\u00e9n miente. Hablamos en esas jornadas de historia mapuche, cosmovisi\u00f3n, proyectamos, hay m\u00fasica tambi\u00e9n para salir de este clima opresivo que pretende el gobierno nacional\u201d<\/em>, detalla Adri\u00e1n y rescata una fecha que hicieron en enero, en pleno Centro C\u00edvico de Bariloche: <em>\u201cfue muy importante, al cumplirse un a\u00f1o de la represi\u00f3n en el departamento de Cushamen, mucha gente tur\u00edstica, y tuvimos la chance de hablar cara a cara, de volantear, y fue muy efectivo siempre a nivel de enfrentar, cual David a Goliat, el poder inabarcable de los medios de comunicaci\u00f3n, y siguen introduci\u00e9ndose avances que no son de inter\u00e9s para los grandes medios: que se empiece a ense\u00f1ar mapundungun en la escuela secundaria rionegrina, que en Villa La Angostura est\u00e1 teniendo lugar un conflicto importante, los pe\u00f1i y lamien est\u00e1n resguardando un espacio territorial despu\u00e9s de un destrozo importante que hizo un emprendimiento inmobiliario. Quiere decir que la lucha contin\u00faa por todos lados mas all\u00e1 de la consideraci\u00f3n medi\u00e1tica y las cuestiones judiciales que interesan en Buenos Aires\u201d.<\/em><\/p>\n<div id=\"attachment_649204\" class=\"wp-caption alignnone\"><img loading=\"lazy\" decoding=\"async\" aria-describedby=\"caption-attachment-649204\" class=\"size-large wp-image-649204\" src=\"https:\/\/www.pressenza.com\/wp-content\/uploads\/2018\/05\/6-meses-de-rafa-euge-neme_33-720x480.jpg\" alt=\"\" width=\"720\" height=\"480\" srcset=\"https:\/\/www.pressenza.com\/wp-content\/uploads\/2018\/05\/6-meses-de-rafa-euge-neme_33-720x480.jpg 720w, https:\/\/www.pressenza.com\/wp-content\/uploads\/2018\/05\/6-meses-de-rafa-euge-neme_33-300x200.jpg 300w, https:\/\/www.pressenza.com\/wp-content\/uploads\/2018\/05\/6-meses-de-rafa-euge-neme_33-768x512.jpg 768w, https:\/\/www.pressenza.com\/wp-content\/uploads\/2018\/05\/6-meses-de-rafa-euge-neme_33.jpg 1000w\" sizes=\"auto, (max-width: 720px) 100vw, 720px\" \/><p id=\"caption-attachment-649204\" class=\"wp-caption-text\">Foto Equipo de Comunicaci\u00f3n Popular Colectivo al Margen<\/p><\/div>\n<p>El 8 de febrero Clar\u00edn titula: <em>\u201cAutopsia al mapuche muerto en Mascardi: le habr\u00edan encontrado restos de p\u00f3lvora en la mano\u201d<\/em>. Y larga que el Instituto Balseiro lo <em>\u201chabr\u00eda confirmado\u201d<\/em>. S\u00ed, as\u00ed. Sumando <em>\u201chabr\u00eda\u201d<\/em> con <em>\u201cconfirmado\u201d<\/em>. Lo obvio ocurre r\u00e1pidamente: el Instituto Balseiro tiene que desmentir al gran diario argentino. El 30 de marzo, al conocerse otras pericias, La Naci\u00f3n titula: <em>\u201cCaso Rafael Nahuel: determinan que mapuches y prefectos ten\u00edan peque\u00f1os restos de p\u00f3lvora\u201d<\/em>. Pero lo cierto es que en el interior de la nota, cuenta lo contrario: <em>\u201cEn el caso del joven fallecido, sobre 4163 part\u00edculas analizadas, ninguna dio positivo. Es decir, ninguna part\u00edcula conten\u00eda, al mismo tiempo, los tres elementos caracter\u00edsticos de los granos de p\u00f3lvora: bario, plomo y antimonio. Sobre las 4001 part\u00edculas que integraron su muestra, en la mano derecha de Fausto Jones Huala se hall\u00f3 una part\u00edcula con los tres elementos. En el caso de Lautaro Gonz\u00e1lez, tambi\u00e9n dio positiva una \u00fanica part\u00edcula sobre 3534. Los cient\u00edficos, en tanto, encontraron part\u00edculas compatibles con la p\u00f3lvora en las manos de cinco prefectos.\u201d<\/em> Y menciona otro informe sobre las prendas de Fausto y Lautaro, que tampoco presentan residuos atribuibles a armas de fuego.<\/p>\n<p>Este modo de actuar de la prensa no es improvisado. En el di\u00e1logo con La Retaguardia, Sonia Ivanoff analiza que en <em>\u201ceste mecanismo de criminalizaci\u00f3n racial, mecanismo de criminalizar y judicializar un derecho cultural, la prensa siempre jug\u00f3 un rol muy importante. Cuando llevaron a Pincen por la calle Florida, que lo hab\u00edan apresado, ese bravo punta de lanza que despu\u00e9s le sacaron fotos, lo habl\u00e1bamos con Facundo (Jones Huala, mapuche y preso pol\u00edtico), \u00e9l es como un Pincen moderno. Lo llevan a declarar en helic\u00f3ptero, un gran despliegue de seguridad, y que los medios m\u00e1s hegem\u00f3nicos le hayan dedicado programas, lo que dice TN, Canal 13, hablan de la guerra mapuche. Es preocupante el rol de los grupos econ\u00f3micos vinculados a la prensa. Son grupos econ\u00f3micos y es el conflicto real, el conflicto de base, que es la tierra, el territorio que ocupan los ind\u00edgenas, no se est\u00e1 en el problema de fondo y es preferible criminalizar y judicializar. Facundo dice &#8216;ni tenemos idea de formar un Estado&#8217;, se ha instalado eso. Son temas interculturales, porque se les impuso un modelo de Estado y un modelo cultural, lo que est\u00e1n planteando es un di\u00e1logo pol\u00edtico como actores pol\u00edticos, como lo prev\u00e9 la constituci\u00f3n y los tratados internacionales. Como conclusi\u00f3n, la c\u00e1rcel, la judicializaci\u00f3n y como dijo \u00e9l: los muertos siempre los estamos poniendo nosotros\u201d.<\/em><\/p>\n<p>Adri\u00e1n Moyano se va a referir a los partes militares del genocidio llevado adelante por Roca:<em> \u201ccuando uno lee la historia escrita por los militares, la historia militar, se encuentra con terminolog\u00edas de combate, de batallas, y cuando lee los partes detallados ve que fueron aut\u00e9nticas masacres, la mayor\u00eda ataques a tolder\u00edas semidormidas, vac\u00edas de hombres porque estaban cazando despu\u00e9s de sufrir los primeros golpes econ\u00f3micos por parte de las tropas militares. Aut\u00e9nticas masacres. Si uno repasa la cantidad de v\u00edctimas, ver\u00e1 que hay una holgada mortandad mapuche y apenas bajas en el ej\u00e9rcito argentino. Esta metodolog\u00eda de la mentira la conocemos muy bien por como funcion\u00f3 la \u00faltima dictadura militar que tambi\u00e9n nos quiso vender enfrentamientos cuando se trataba de fusilamientos, cuando se trataba de gente desarmada, y ac\u00e1 pasa otro tanto. Ya se comprob\u00f3 que hubo 114 disparos generados por tres o cuatro efectivos del Grupo Albatros. No hubo ning\u00fan enfrentamiento, no hay ning\u00fan grupo mapuche que ni por asomo pueda constituirse en el peligro nacional que quiere el gobierno macrista.\u201d<\/em><\/p>\n<p>Estanislao Zeballos, uno de los escribas de la campa\u00f1a de Julio Argentino Roca dej\u00f3 en sus libros las pruebas que los incriminan. En el asesinato de Rafael, el Ministerio de Seguridad hace lo mismo, con el informe que Patricia Bullrich dise\u00f1\u00f3 sobre los actos terroristas de la RAM:\u00a0 \u201c95) ENFRENTAMIENTO MIEMBROS DEL RAM CON PREFECTURA NAVAL \u2013 PREDIO MASCARDI \u2013 DESALOJADO JUEVES PASADO. FGR: 27423\/2017 \u2013 \u201cFAUSTO HORACIO JONES HUALA Y LAUTARO ALEJO GONZALEZ S\/ MUERTE POR CAUSA DUDOSA, USURPACION Y ATENTADO CONTRA LA AUTORIDAD AGRAVADO POR SER MAS DE 3 PERSONAS\u201d. Juzgado Federal de Bariloche. Fecha: 25 de noviembre 2017. FALLECIDO: RAFAEL NAHUEL. DETENIDOS: 1. FAUSTO JONES HUALA 2. LAUTARO GONZ\u00c1LEZ. Fueron liberados el 29 de noviembre de 2017. Est\u00e1n imputados por usurpaci\u00f3n.\u201d<\/p>\n<p>Patricia Bullrich, junto al ministro de Justicia Germ\u00e1n Garavano, declar\u00f3 en conferencia de prensa que hay que distinguir a los pueblos originarios de los grupos que no tienen reivindicaciones y son grupos que tomaron a la violencia como la forma de acci\u00f3n politica, y desde ah\u00ed se lanz\u00f3 al: <em>\u00abLlevamos adelante una acci\u00f3n legal y leg\u00edtima, totalmente enmarcada en la ley, frente a una acci\u00f3n ilegal, violenta\u201d.<\/em> Va a reformular su <em>\u201cno voy a tirar un gendarme por la ventana\u201d<\/em>, ahora es<em> \u201cnosotros le creemos lo que nos dicen las fuerzas y no tenemos por qu\u00e9 no creerles\u201d<\/em>. Eso s\u00ed, antes de dar su discurso le dio su p\u00e9same a la familia de Rafael Nahuel.<\/p>\n<p>Moyano considera que mas all\u00e1 del informe, lo que preocupa es el accionar estatal: <em>\u201cporque no se trata de una ministra despistada o exacerbada, sino de la Polic\u00eda aeron\u00e1utica, de la Prefectura, de la Gendarmer\u00eda, de las fuerzas de seguridad provinciales, de los jueces provinciales, de los jueces federales, todo el andamiaje del Estado puesto en marcha por este gobierno\u00a0 para construir un enemigo interno y justificar represiones, como las que tuvieron lugar en Buenos Aires en diciembre del a\u00f1o pasado. Me pareci\u00f3 muy acertado un flyer que circul\u00f3 aquellos d\u00edas, que dec\u00eda \u201c\u00bfviste lo que hizo Gendarmer\u00eda en el centro de Buenos Aires? Imaginate lo que habr\u00e1 hecho en el R\u00edo Chubut\u201d. Desde la perspectiva de la ministra me parece que carece de absoluta profesionalidad y es una usina de generar mentiras\u00a0 respecto del pueblo mapuche, que no son nuevas. Si uno mira la historia a largo plazo, esa construcci\u00f3n medi\u00e1tica tiene m\u00e1s de 150 a\u00f1os, con distintos m\u00e9todos\u201d.<\/em><\/p>\n<div id=\"attachment_649195\" class=\"wp-caption alignnone\"><img loading=\"lazy\" decoding=\"async\" aria-describedby=\"caption-attachment-649195\" class=\"size-large wp-image-649195\" src=\"https:\/\/www.pressenza.com\/wp-content\/uploads\/2018\/05\/27173684_10215228632700216_5538667164610080773_o1-720x540.jpg\" alt=\"\" width=\"720\" height=\"540\" srcset=\"https:\/\/www.pressenza.com\/wp-content\/uploads\/2018\/05\/27173684_10215228632700216_5538667164610080773_o1-720x540.jpg 720w, https:\/\/www.pressenza.com\/wp-content\/uploads\/2018\/05\/27173684_10215228632700216_5538667164610080773_o1-300x225.jpg 300w, https:\/\/www.pressenza.com\/wp-content\/uploads\/2018\/05\/27173684_10215228632700216_5538667164610080773_o1-768x576.jpg 768w, https:\/\/www.pressenza.com\/wp-content\/uploads\/2018\/05\/27173684_10215228632700216_5538667164610080773_o1.jpg 1000w\" sizes=\"auto, (max-width: 720px) 100vw, 720px\" \/><p id=\"caption-attachment-649195\" class=\"wp-caption-text\">Foto Equipo de Comunicaci\u00f3n Popular Colectivo al Margen.<\/p><\/div>\n","protected":false},"excerpt":{"rendered":"<p>Por Paulo Giacobbe\u00a0 El s\u00e1bado 25 de noviembre de 2017, los principales diarios mencionaron a Santiago Maldonado en su tapa. Solo P\u00e1gina\/12 plante\u00f3 que se desconoce la verdad de c\u00f3mo, cu\u00e1ndo y d\u00f3nde muri\u00f3 Santiago. Para La Naci\u00f3n y Clar\u00edn&hellip;<\/p>\n","protected":false},"author":1497,"featured_media":649173,"comment_status":"closed","ping_status":"closed","sticky":false,"template":"","format":"standard","meta":{"footnotes":""},"categories":[79,161,80,67],"tags":[30730,5323,34194,26584,936,21535,22210,42025,39326,18507],"class_list":["post-649172","post","type-post","status-publish","format-standard","has-post-thumbnail","hentry","category-derechos-humanos","category-opiniones","category-pueblos-originarios","category-sudamerica","tag-bullrich","tag-indigenas","tag-jones-huala","tag-mapuce","tag-mapuche-es","tag-prefectura","tag-pueblos-originarios","tag-rafael-nahuel","tag-santiago-maldonado","tag-territorios"],"yoast_head":"<!-- This site is optimized with the Yoast SEO plugin v27.1.1 - https:\/\/yoast.com\/product\/yoast-seo-wordpress\/ -->\n<title>Santiago Maldonado y Rafael Nahuel: contados con la misma tinta<\/title>\n<meta name=\"description\" content=\"Por Paulo Giacobbe\u00a0 El s\u00e1bado 25 de noviembre de 2017, los principales diarios mencionaron a Santiago Maldonado en su tapa. Solo P\u00e1gina\/12 plante\u00f3 que se\" \/>\n<meta name=\"robots\" content=\"index, follow, max-snippet:-1, max-image-preview:large, max-video-preview:-1\" \/>\n<link rel=\"canonical\" href=\"https:\/\/www.pressenza.com\/es\/2018\/05\/santiago-maldonado-rafael-nahuel-contados-la-misma-tinta\/\" \/>\n<meta property=\"og:locale\" content=\"es_ES\" \/>\n<meta property=\"og:type\" content=\"article\" \/>\n<meta property=\"og:title\" content=\"Santiago Maldonado y Rafael Nahuel: contados con la misma tinta\" \/>\n<meta property=\"og:description\" content=\"Por Paulo Giacobbe\u00a0 El s\u00e1bado 25 de noviembre de 2017, los principales diarios mencionaron a Santiago Maldonado en su tapa. Solo P\u00e1gina\/12 plante\u00f3 que se\" \/>\n<meta property=\"og:url\" content=\"https:\/\/www.pressenza.com\/es\/2018\/05\/santiago-maldonado-rafael-nahuel-contados-la-misma-tinta\/\" \/>\n<meta property=\"og:site_name\" content=\"Pressenza\" \/>\n<meta property=\"article:publisher\" content=\"https:\/\/www.facebook.com\/PressenzaItalia\" \/>\n<meta property=\"article:published_time\" content=\"2018-05-31T22:18:52+00:00\" \/>\n<meta property=\"og:image\" content=\"https:\/\/www.pressenza.com\/wp-content\/uploads\/2018\/05\/5-1.jpg\" \/>\n\t<meta property=\"og:image:width\" content=\"750\" \/>\n\t<meta property=\"og:image:height\" content=\"499\" \/>\n\t<meta property=\"og:image:type\" content=\"image\/jpeg\" \/>\n<meta name=\"author\" content=\"La Retaguardia\" \/>\n<meta name=\"twitter:card\" content=\"summary_large_image\" \/>\n<meta name=\"twitter:creator\" content=\"@PressenzaIPA\" \/>\n<meta name=\"twitter:site\" content=\"@PressenzaIPA\" \/>\n<meta name=\"twitter:label1\" content=\"Escrito por\" \/>\n\t<meta name=\"twitter:data1\" content=\"La Retaguardia\" \/>\n\t<meta name=\"twitter:label2\" content=\"Tiempo de lectura\" \/>\n\t<meta name=\"twitter:data2\" content=\"15 minutos\" \/>\n<script type=\"application\/ld+json\" class=\"yoast-schema-graph\">{\"@context\":\"https:\/\/schema.org\",\"@graph\":[{\"@type\":\"Article\",\"@id\":\"https:\/\/www.pressenza.com\/es\/2018\/05\/santiago-maldonado-rafael-nahuel-contados-la-misma-tinta\/#article\",\"isPartOf\":{\"@id\":\"https:\/\/www.pressenza.com\/es\/2018\/05\/santiago-maldonado-rafael-nahuel-contados-la-misma-tinta\/\"},\"author\":{\"name\":\"La Retaguardia\",\"@id\":\"https:\/\/www.pressenza.com\/es\/#\/schema\/person\/98a38263ecdcc396a0f9c0adad4a5ce8\"},\"headline\":\"Santiago Maldonado y Rafael Nahuel: contados con la misma tinta\",\"datePublished\":\"2018-05-31T22:18:52+00:00\",\"mainEntityOfPage\":{\"@id\":\"https:\/\/www.pressenza.com\/es\/2018\/05\/santiago-maldonado-rafael-nahuel-contados-la-misma-tinta\/\"},\"wordCount\":2972,\"publisher\":{\"@id\":\"https:\/\/www.pressenza.com\/es\/#organization\"},\"image\":{\"@id\":\"https:\/\/www.pressenza.com\/es\/2018\/05\/santiago-maldonado-rafael-nahuel-contados-la-misma-tinta\/#primaryimage\"},\"thumbnailUrl\":\"https:\/\/www.pressenza.com\/wp-content\/uploads\/2018\/05\/5-1.jpg\",\"keywords\":[\"Bullrich\",\"indigenas\",\"Jones Huala\",\"mapuce\",\"mapuche\",\"Prefectura\",\"Pueblos Originarios\",\"Rafael Nahuel\",\"Santiago Maldonado\",\"territorios\"],\"articleSection\":[\"Derechos Humanos\",\"Opiniones\",\"Pueblos Originarios\",\"Sudam\u00e9rica\"],\"inLanguage\":\"es\"},{\"@type\":\"WebPage\",\"@id\":\"https:\/\/www.pressenza.com\/es\/2018\/05\/santiago-maldonado-rafael-nahuel-contados-la-misma-tinta\/\",\"url\":\"https:\/\/www.pressenza.com\/es\/2018\/05\/santiago-maldonado-rafael-nahuel-contados-la-misma-tinta\/\",\"name\":\"Santiago Maldonado y Rafael Nahuel: contados con la misma tinta\",\"isPartOf\":{\"@id\":\"https:\/\/www.pressenza.com\/es\/#website\"},\"primaryImageOfPage\":{\"@id\":\"https:\/\/www.pressenza.com\/es\/2018\/05\/santiago-maldonado-rafael-nahuel-contados-la-misma-tinta\/#primaryimage\"},\"image\":{\"@id\":\"https:\/\/www.pressenza.com\/es\/2018\/05\/santiago-maldonado-rafael-nahuel-contados-la-misma-tinta\/#primaryimage\"},\"thumbnailUrl\":\"https:\/\/www.pressenza.com\/wp-content\/uploads\/2018\/05\/5-1.jpg\",\"datePublished\":\"2018-05-31T22:18:52+00:00\",\"description\":\"Por Paulo Giacobbe\u00a0 El s\u00e1bado 25 de noviembre de 2017, los principales diarios mencionaron a Santiago Maldonado en su tapa. Solo P\u00e1gina\/12 plante\u00f3 que se\",\"breadcrumb\":{\"@id\":\"https:\/\/www.pressenza.com\/es\/2018\/05\/santiago-maldonado-rafael-nahuel-contados-la-misma-tinta\/#breadcrumb\"},\"inLanguage\":\"es\",\"potentialAction\":[{\"@type\":\"ReadAction\",\"target\":[\"https:\/\/www.pressenza.com\/es\/2018\/05\/santiago-maldonado-rafael-nahuel-contados-la-misma-tinta\/\"]}]},{\"@type\":\"ImageObject\",\"inLanguage\":\"es\",\"@id\":\"https:\/\/www.pressenza.com\/es\/2018\/05\/santiago-maldonado-rafael-nahuel-contados-la-misma-tinta\/#primaryimage\",\"url\":\"https:\/\/www.pressenza.com\/wp-content\/uploads\/2018\/05\/5-1.jpg\",\"contentUrl\":\"https:\/\/www.pressenza.com\/wp-content\/uploads\/2018\/05\/5-1.jpg\",\"width\":750,\"height\":499},{\"@type\":\"BreadcrumbList\",\"@id\":\"https:\/\/www.pressenza.com\/es\/2018\/05\/santiago-maldonado-rafael-nahuel-contados-la-misma-tinta\/#breadcrumb\",\"itemListElement\":[{\"@type\":\"ListItem\",\"position\":1,\"name\":\"Accueil\",\"item\":\"https:\/\/www.pressenza.com\/es\/\"},{\"@type\":\"ListItem\",\"position\":2,\"name\":\"Santiago Maldonado y Rafael Nahuel: contados con la misma tinta\"}]},{\"@type\":\"WebSite\",\"@id\":\"https:\/\/www.pressenza.com\/es\/#website\",\"url\":\"https:\/\/www.pressenza.com\/es\/\",\"name\":\"Pressenza\",\"description\":\"International Press Agency\",\"publisher\":{\"@id\":\"https:\/\/www.pressenza.com\/es\/#organization\"},\"potentialAction\":[{\"@type\":\"SearchAction\",\"target\":{\"@type\":\"EntryPoint\",\"urlTemplate\":\"https:\/\/www.pressenza.com\/es\/?s={search_term_string}\"},\"query-input\":{\"@type\":\"PropertyValueSpecification\",\"valueRequired\":true,\"valueName\":\"search_term_string\"}}],\"inLanguage\":\"es\"},{\"@type\":\"Organization\",\"@id\":\"https:\/\/www.pressenza.com\/es\/#organization\",\"name\":\"Pressenza\",\"url\":\"https:\/\/www.pressenza.com\/es\/\",\"logo\":{\"@type\":\"ImageObject\",\"inLanguage\":\"es\",\"@id\":\"https:\/\/www.pressenza.com\/es\/#\/schema\/logo\/image\/\",\"url\":\"https:\/\/www.pressenza.com\/wp-content\/uploads\/2022\/10\/pressenza_logo_200x200.jpg\",\"contentUrl\":\"https:\/\/www.pressenza.com\/wp-content\/uploads\/2022\/10\/pressenza_logo_200x200.jpg\",\"width\":200,\"height\":200,\"caption\":\"Pressenza\"},\"image\":{\"@id\":\"https:\/\/www.pressenza.com\/es\/#\/schema\/logo\/image\/\"},\"sameAs\":[\"https:\/\/www.facebook.com\/PressenzaItalia\",\"https:\/\/x.com\/PressenzaIPA\"]},{\"@type\":\"Person\",\"@id\":\"https:\/\/www.pressenza.com\/es\/#\/schema\/person\/98a38263ecdcc396a0f9c0adad4a5ce8\",\"name\":\"La Retaguardia\",\"description\":\"La Retaguardia es un colectivo de Periodismo Social con base en Argentina. Somos una radio online, un portal de noticias y tambi\u00e9n una revista de publicaci\u00f3n mensual en papel. Participamos del movimiento de medios comunitarios, alternativos y populares, integrando la Red Nacional de Medios Alternativos. Queremos cambiar el mundo y nuestra herramienta es la comunicaci\u00f3n popular. www.laretaguardia.com.ar\",\"sameAs\":[\"http:\/\/www.laretaguardia.com.ar\/\"],\"url\":\"https:\/\/www.pressenza.com\/es\/author\/la-retaguardia\/\"}]}<\/script>\n<!-- \/ Yoast SEO plugin. -->","yoast_head_json":{"title":"Santiago Maldonado y Rafael Nahuel: contados con la misma tinta","description":"Por Paulo Giacobbe\u00a0 El s\u00e1bado 25 de noviembre de 2017, los principales diarios mencionaron a Santiago Maldonado en su tapa. Solo P\u00e1gina\/12 plante\u00f3 que se","robots":{"index":"index","follow":"follow","max-snippet":"max-snippet:-1","max-image-preview":"max-image-preview:large","max-video-preview":"max-video-preview:-1"},"canonical":"https:\/\/www.pressenza.com\/es\/2018\/05\/santiago-maldonado-rafael-nahuel-contados-la-misma-tinta\/","og_locale":"es_ES","og_type":"article","og_title":"Santiago Maldonado y Rafael Nahuel: contados con la misma tinta","og_description":"Por Paulo Giacobbe\u00a0 El s\u00e1bado 25 de noviembre de 2017, los principales diarios mencionaron a Santiago Maldonado en su tapa. Solo P\u00e1gina\/12 plante\u00f3 que se","og_url":"https:\/\/www.pressenza.com\/es\/2018\/05\/santiago-maldonado-rafael-nahuel-contados-la-misma-tinta\/","og_site_name":"Pressenza","article_publisher":"https:\/\/www.facebook.com\/PressenzaItalia","article_published_time":"2018-05-31T22:18:52+00:00","og_image":[{"width":750,"height":499,"url":"https:\/\/www.pressenza.com\/wp-content\/uploads\/2018\/05\/5-1.jpg","type":"image\/jpeg"}],"author":"La Retaguardia","twitter_card":"summary_large_image","twitter_creator":"@PressenzaIPA","twitter_site":"@PressenzaIPA","twitter_misc":{"Escrito por":"La Retaguardia","Tiempo de lectura":"15 minutos"},"schema":{"@context":"https:\/\/schema.org","@graph":[{"@type":"Article","@id":"https:\/\/www.pressenza.com\/es\/2018\/05\/santiago-maldonado-rafael-nahuel-contados-la-misma-tinta\/#article","isPartOf":{"@id":"https:\/\/www.pressenza.com\/es\/2018\/05\/santiago-maldonado-rafael-nahuel-contados-la-misma-tinta\/"},"author":{"name":"La Retaguardia","@id":"https:\/\/www.pressenza.com\/es\/#\/schema\/person\/98a38263ecdcc396a0f9c0adad4a5ce8"},"headline":"Santiago Maldonado y Rafael Nahuel: contados con la misma tinta","datePublished":"2018-05-31T22:18:52+00:00","mainEntityOfPage":{"@id":"https:\/\/www.pressenza.com\/es\/2018\/05\/santiago-maldonado-rafael-nahuel-contados-la-misma-tinta\/"},"wordCount":2972,"publisher":{"@id":"https:\/\/www.pressenza.com\/es\/#organization"},"image":{"@id":"https:\/\/www.pressenza.com\/es\/2018\/05\/santiago-maldonado-rafael-nahuel-contados-la-misma-tinta\/#primaryimage"},"thumbnailUrl":"https:\/\/www.pressenza.com\/wp-content\/uploads\/2018\/05\/5-1.jpg","keywords":["Bullrich","indigenas","Jones Huala","mapuce","mapuche","Prefectura","Pueblos Originarios","Rafael Nahuel","Santiago Maldonado","territorios"],"articleSection":["Derechos Humanos","Opiniones","Pueblos Originarios","Sudam\u00e9rica"],"inLanguage":"es"},{"@type":"WebPage","@id":"https:\/\/www.pressenza.com\/es\/2018\/05\/santiago-maldonado-rafael-nahuel-contados-la-misma-tinta\/","url":"https:\/\/www.pressenza.com\/es\/2018\/05\/santiago-maldonado-rafael-nahuel-contados-la-misma-tinta\/","name":"Santiago Maldonado y Rafael Nahuel: contados con la misma tinta","isPartOf":{"@id":"https:\/\/www.pressenza.com\/es\/#website"},"primaryImageOfPage":{"@id":"https:\/\/www.pressenza.com\/es\/2018\/05\/santiago-maldonado-rafael-nahuel-contados-la-misma-tinta\/#primaryimage"},"image":{"@id":"https:\/\/www.pressenza.com\/es\/2018\/05\/santiago-maldonado-rafael-nahuel-contados-la-misma-tinta\/#primaryimage"},"thumbnailUrl":"https:\/\/www.pressenza.com\/wp-content\/uploads\/2018\/05\/5-1.jpg","datePublished":"2018-05-31T22:18:52+00:00","description":"Por Paulo Giacobbe\u00a0 El s\u00e1bado 25 de noviembre de 2017, los principales diarios mencionaron a Santiago Maldonado en su tapa. Solo P\u00e1gina\/12 plante\u00f3 que se","breadcrumb":{"@id":"https:\/\/www.pressenza.com\/es\/2018\/05\/santiago-maldonado-rafael-nahuel-contados-la-misma-tinta\/#breadcrumb"},"inLanguage":"es","potentialAction":[{"@type":"ReadAction","target":["https:\/\/www.pressenza.com\/es\/2018\/05\/santiago-maldonado-rafael-nahuel-contados-la-misma-tinta\/"]}]},{"@type":"ImageObject","inLanguage":"es","@id":"https:\/\/www.pressenza.com\/es\/2018\/05\/santiago-maldonado-rafael-nahuel-contados-la-misma-tinta\/#primaryimage","url":"https:\/\/www.pressenza.com\/wp-content\/uploads\/2018\/05\/5-1.jpg","contentUrl":"https:\/\/www.pressenza.com\/wp-content\/uploads\/2018\/05\/5-1.jpg","width":750,"height":499},{"@type":"BreadcrumbList","@id":"https:\/\/www.pressenza.com\/es\/2018\/05\/santiago-maldonado-rafael-nahuel-contados-la-misma-tinta\/#breadcrumb","itemListElement":[{"@type":"ListItem","position":1,"name":"Accueil","item":"https:\/\/www.pressenza.com\/es\/"},{"@type":"ListItem","position":2,"name":"Santiago Maldonado y Rafael Nahuel: contados con la misma tinta"}]},{"@type":"WebSite","@id":"https:\/\/www.pressenza.com\/es\/#website","url":"https:\/\/www.pressenza.com\/es\/","name":"Pressenza","description":"International Press Agency","publisher":{"@id":"https:\/\/www.pressenza.com\/es\/#organization"},"potentialAction":[{"@type":"SearchAction","target":{"@type":"EntryPoint","urlTemplate":"https:\/\/www.pressenza.com\/es\/?s={search_term_string}"},"query-input":{"@type":"PropertyValueSpecification","valueRequired":true,"valueName":"search_term_string"}}],"inLanguage":"es"},{"@type":"Organization","@id":"https:\/\/www.pressenza.com\/es\/#organization","name":"Pressenza","url":"https:\/\/www.pressenza.com\/es\/","logo":{"@type":"ImageObject","inLanguage":"es","@id":"https:\/\/www.pressenza.com\/es\/#\/schema\/logo\/image\/","url":"https:\/\/www.pressenza.com\/wp-content\/uploads\/2022\/10\/pressenza_logo_200x200.jpg","contentUrl":"https:\/\/www.pressenza.com\/wp-content\/uploads\/2022\/10\/pressenza_logo_200x200.jpg","width":200,"height":200,"caption":"Pressenza"},"image":{"@id":"https:\/\/www.pressenza.com\/es\/#\/schema\/logo\/image\/"},"sameAs":["https:\/\/www.facebook.com\/PressenzaItalia","https:\/\/x.com\/PressenzaIPA"]},{"@type":"Person","@id":"https:\/\/www.pressenza.com\/es\/#\/schema\/person\/98a38263ecdcc396a0f9c0adad4a5ce8","name":"La Retaguardia","description":"La Retaguardia es un colectivo de Periodismo Social con base en Argentina. Somos una radio online, un portal de noticias y tambi\u00e9n una revista de publicaci\u00f3n mensual en papel. Participamos del movimiento de medios comunitarios, alternativos y populares, integrando la Red Nacional de Medios Alternativos. Queremos cambiar el mundo y nuestra herramienta es la comunicaci\u00f3n popular. www.laretaguardia.com.ar","sameAs":["http:\/\/www.laretaguardia.com.ar\/"],"url":"https:\/\/www.pressenza.com\/es\/author\/la-retaguardia\/"}]}},"place":"Ciudad de Buenos Aires, Argentina","original_article_url":"http:\/\/www.laretaguardia.com.ar\/2018\/05\/santiago-rafael.html","_links":{"self":[{"href":"https:\/\/www.pressenza.com\/es\/wp-json\/wp\/v2\/posts\/649172","targetHints":{"allow":["GET"]}}],"collection":[{"href":"https:\/\/www.pressenza.com\/es\/wp-json\/wp\/v2\/posts"}],"about":[{"href":"https:\/\/www.pressenza.com\/es\/wp-json\/wp\/v2\/types\/post"}],"author":[{"embeddable":true,"href":"https:\/\/www.pressenza.com\/es\/wp-json\/wp\/v2\/users\/1497"}],"replies":[{"embeddable":true,"href":"https:\/\/www.pressenza.com\/es\/wp-json\/wp\/v2\/comments?post=649172"}],"version-history":[{"count":0,"href":"https:\/\/www.pressenza.com\/es\/wp-json\/wp\/v2\/posts\/649172\/revisions"}],"wp:featuredmedia":[{"embeddable":true,"href":"https:\/\/www.pressenza.com\/es\/wp-json\/wp\/v2\/media\/649173"}],"wp:attachment":[{"href":"https:\/\/www.pressenza.com\/es\/wp-json\/wp\/v2\/media?parent=649172"}],"wp:term":[{"taxonomy":"category","embeddable":true,"href":"https:\/\/www.pressenza.com\/es\/wp-json\/wp\/v2\/categories?post=649172"},{"taxonomy":"post_tag","embeddable":true,"href":"https:\/\/www.pressenza.com\/es\/wp-json\/wp\/v2\/tags?post=649172"}],"curies":[{"name":"wp","href":"https:\/\/api.w.org\/{rel}","templated":true}]}}