{"id":648044,"date":"2018-05-29T20:21:58","date_gmt":"2018-05-29T19:21:58","guid":{"rendered":"https:\/\/www.pressenza.com\/?p=648044"},"modified":"2018-05-29T20:21:58","modified_gmt":"2018-05-29T19:21:58","slug":"italia-que-pasa-con-el-gobierno","status":"publish","type":"post","link":"https:\/\/www.pressenza.com\/es\/2018\/05\/italia-que-pasa-con-el-gobierno\/","title":{"rendered":"Italia: \u00bfqu\u00e9 pasa con el gobierno?"},"content":{"rendered":"<p>Desde el domingo por la noche me pregunto qu\u00e9 entender\u00e1n fuera de Italia sobre el \u00faltimo acto de lo que a veces parece haberse convertido en una telenovela m\u00e1s que en un debate pol\u00edtico.<\/p>\n<p>Como coordinador de la secci\u00f3n italiana de Pressenza, creo que tengo la tarea de explicar este asunto de una manera que el resto del mundo entienda y de hacerlo desde el punto de vista de la paz, la no violencia, el humanismo y todos los temas que trata esta agencia.<\/p>\n<p>Empecemos diciendo que los temas que nos son queridos no han estado muy presentes desde la campa\u00f1a electoral en la mayor\u00eda de las formaciones pol\u00edticas: la tendencia, con raras excepciones, ha sido hablar de temas de moda (seguridad, inmigrantes, impuestos), lanzar promesas sorprendentes, insultar a los opositores, en resumen: una degradaci\u00f3n considerable de la pol\u00edtica, en tonos del estadio (sobre los insultos un interesante <a href=\"https:\/\/www.pressenza.com\/it\/2018\/04\/discorso-dodio-la-campagna-elettorale-amnesty-787-segnalazioni-raccolte-23-giorni-piu-1-messaggio-allora\/\">observatorio de Amnist\u00eda<\/a>).<\/p>\n<p>Gracias a una aplicaci\u00f3n desinhibida de las condiciones han ganado las fuerzas que \u00abten\u00edan que ganar\u00bb y, como es costumbre de los pol\u00edticos, han pretendido gobernar. Todo el mundo ha olvidado que Italia es una rep\u00fablica parlamentaria y que el poder pertenece al pueblo (art\u00edculo 1 de la Constituci\u00f3n) y que, por lo tanto, un gobierno debe obtener una mayor\u00eda en el Parlamento. Ahora ninguna fuerza pol\u00edtica que se hab\u00eda unido <strong>antes<\/strong> de las elecciones ha obtenido la mayor\u00eda absoluta, por lo que alguien ten\u00eda que unirse con otra persona que se opon\u00eda a las elecciones. Desde el final de las elecciones (principios de marzo) hasta el \u00faltimo domingo (finales de mayo), las posiciones fueron tomadas por figuras pol\u00edticas con el objetivo de verificar alianzas. El \u00faltimo de ellos fue entre la Liga (antigua Liga del Norte que obtuvo m\u00e1s votos que todos en la coalici\u00f3n de centro-derecha) y el Movimiento de 5 Estrellas (que no se uni\u00f3 a nadie y solo result\u00f3 ser el partido m\u00e1s votado). Estas dos formaciones, generalmente definidas por comentaristas como \u00abpopulistas\u00bb, han creado un \u00abcontrato de gobierno\u00bb para un \u00abgobierno de cambio\u00bb como lo han definido.<\/p>\n<p>Este Gobierno, en l\u00ednea con la campa\u00f1a electoral, sigui\u00f3 ocup\u00e1ndose de los inmigrantes, de los impuestos, de la seguridad y haciendo poco por tratar los temas que nos preocupan; cuando lo hizo fue para reafirmar su lealtad a la OTAN, para tomar medidas policiales contra los inmigrantes, los roman\u00edes y los musulmanes, para recortar los fondos para la acogida de refugiados, para mostrar su aprecio por la industria de la guerra, para aumentar la fuerza policial y para proponer una ley de leg\u00edtima defensa; sobre otros temas que nos interesan (ecolog\u00eda, educaci\u00f3n, bienes comunes, grandes obras), queridos por las 5 estrellas, el \u00abcontrato gubernamental\u00bb dec\u00eda cosas bastante generales o promet\u00eda vagamente que, al final, ser\u00eda bueno juzgar a la luz de los hechos.<\/p>\n<p>En la convulsa tarde del domingo pasado, la diatriba final entre el gobierno de Giuseppe Conte (un abogado desconocido puesto a trabajar por el Primer Ministro) y el Presidente de la Rep\u00fablica Mattarella fue a nombre del Ministro de Econom\u00eda Savona quien, seg\u00fan Mattarella, no habr\u00eda garantizado nuestra lealtad a la Uni\u00f3n Europea: \u00abLa incertidumbre de nuestra posici\u00f3n en el euro ha alarmado a los inversores italianos y extranjeros que han invertido en valores y empresas. El aumento del spread aumenta la deuda y reduce la posibilidad de gasto social. Esto quema recursos y ahorros de las empresas y prefigura riesgos para las familias y los ciudadanos italianos\u00bb.<\/p>\n<p>Esta negativa del Presidente y la negativa a aceptar el cambio de nombre del Ministro de Econom\u00eda por parte de los partidarios del Gobierno ha llevado a la dimisi\u00f3n de Conte y a una posici\u00f3n \u00abt\u00e9cnica\u00bb de Carlo Cottarelli, una larga carrera en el Fondo Monetario Internacional, famoso por su anterior cargo como Comisario para la Revisi\u00f3n de Gastos, con la perspectiva de liderar el pa\u00eds en las pr\u00f3ximas elecciones.<\/p>\n<p>Obviamente, estos hechos han dado lugar a numerosas interpretaciones: la m\u00e1s extendida es la de un pa\u00eds con soberan\u00eda condicionada por los mercados (v\u00e9ase el art\u00edculo de <a href=\"https:\/\/www.pressenza.com\/it\/2018\/05\/il-gran-rifiuto-di-mattarella-e-la-crisi-delle-democrazie\/\">Francesco Gesualdi<\/a> y los comunicados del <a href=\"https:\/\/www.pressenza.com\/es\/2018\/05\/partido-humanista-ataque-la-democracia\/\">Partido Humanista<\/a> y del <a href=\"https:\/\/www.pressenza.com\/it\/2018\/05\/crisi-istituzionale-parla-potere-al-popolo\/\">Poder al Pueblo<\/a>); por otra parte, se han puesto en marcha campa\u00f1as de solidaridad con el Presidente, atacadas de diversas maneras por los dos antiguos partidos mayoritarios, lo que habr\u00eda hecho bien en oponerse (y sobre los temas de constitucionalidad v\u00e9ase el art\u00edculo de <a href=\"https:\/\/www.pressenza.com\/it\/2018\/05\/mattarella-fischia-fuorigioco\/\">Rocco Artifoni<\/a>). En todo esto, tambi\u00e9n ha habido numerosos argumentos como \u00abla Liga ha hecho esto espec\u00edficamente para ir a las elecciones\u00bb, que, francamente, pertenecen m\u00e1s a los debates de los bares que a los debates po\u00edticos. De hecho, a partir de ese momento, la campa\u00f1a electoral comenz\u00f3.<\/p>\n<p>Podemos entender mejor algunas cosas de esto:<\/p>\n<ul>\n<li>A medida que se tocan algunos de los dogmas del neoliberalismo, se manifiestan presiones apol\u00edticas: econ\u00f3micas y medi\u00e1ticas;<\/li>\n<li>La Constituci\u00f3n cuenta cada vez menos: la medida francamente inconstitucional fue la propuesta del \u00abimpuesto \u00fanico\u00bb (s\u00f3lo uno o dos \u00edndices) decididamente contraria al criterio de progresividad de la tributaci\u00f3n sancionado por el art\u00edculo 53; pero a eso nadie, ni siquiera el Presidente, se ha opuesto;<\/li>\n<li>La adhesi\u00f3n a cosas concretas, el famoso mantra del neoliberalismo, sigue dominando la escena pol\u00edtica;<\/li>\n<li>La opini\u00f3n de los italianos cuenta cada vez menos: una buena mayor\u00eda de los votantes de la Liga y de las 5 Estrellas nunca habr\u00edan imaginado o deseado una alianza posterior entre estos dos partidos;<\/li>\n<li>ser\u00eda urgente que la izquierda antirracista, humanista, no violenta, solidaria, pacifista, ecol\u00f3gica y de base se uniera en un Frente Amplio para proporcionar una alternativa real al pragmatismo en avance.<\/li>\n<\/ul>\n<p>Esta \u00faltima afirmaci\u00f3n es un viejo sue\u00f1o de los abajo firmantes, que se oponen a que la deconstrucci\u00f3n siga avanzando en el mundo, y que las fuerzas que trabajan generosamente por un cambio de paradigma sigan siendo pocas. Ciertamente, el reciente <a href=\"https:\/\/www.humanistforum.org\/es\/\">Foro Humanista de Madrid<\/a> reuni\u00f3 a algunas de esas personas y dio una se\u00f1al concreta de esperanza.<\/p>\n","protected":false},"excerpt":{"rendered":"<p>Desde el domingo por la noche me pregunto qu\u00e9 entender\u00e1n fuera de Italia sobre el \u00faltimo acto de lo que a veces parece haberse convertido en una telenovela m\u00e1s que en un debate pol\u00edtico. Como coordinador de la secci\u00f3n italiana&hellip;<\/p>\n","protected":false},"author":10,"featured_media":647842,"comment_status":"closed","ping_status":"closed","sticky":false,"template":"","format":"standard","meta":{"footnotes":""},"categories":[11389,66,1240,1242,161,74],"tags":[46538,46549,46548,46550,418,33012,33955],"class_list":["post-648044","post","type-post","status-publish","format-standard","has-post-thumbnail","hentry","category-contenido-original","category-europa-es","category-humanismo-espiritualidad","category-noviolencia-tema","category-opiniones","category-politica-es","tag-carlo-cottarelli","tag-crisis-gubernamental","tag-gobierno-de-la-liga-m5s","tag-liga-m5s","tag-partido-humanista","tag-poder-popular","tag-presidente-mattarella"],"yoast_head":"<!-- This site is optimized with the Yoast SEO plugin v27.1.1 - https:\/\/yoast.com\/product\/yoast-seo-wordpress\/ -->\n<title>Italia: \u00bfqu\u00e9 pasa con el gobierno?<\/title>\n<meta name=\"description\" content=\"Desde el domingo por la noche me pregunto qu\u00e9 entender\u00e1n fuera de Italia sobre el \u00faltimo acto de lo que a veces parece haberse convertido en una\" \/>\n<meta name=\"robots\" content=\"index, follow, max-snippet:-1, max-image-preview:large, max-video-preview:-1\" \/>\n<link rel=\"canonical\" href=\"https:\/\/www.pressenza.com\/es\/2018\/05\/italia-que-pasa-con-el-gobierno\/\" \/>\n<meta property=\"og:locale\" content=\"es_ES\" \/>\n<meta property=\"og:type\" content=\"article\" \/>\n<meta property=\"og:title\" content=\"Italia: \u00bfqu\u00e9 pasa con el gobierno?\" \/>\n<meta property=\"og:description\" content=\"Desde el domingo por la noche me pregunto qu\u00e9 entender\u00e1n fuera de Italia sobre el \u00faltimo acto de lo que a veces parece haberse convertido en una\" \/>\n<meta property=\"og:url\" content=\"https:\/\/www.pressenza.com\/es\/2018\/05\/italia-que-pasa-con-el-gobierno\/\" \/>\n<meta property=\"og:site_name\" content=\"Pressenza\" \/>\n<meta property=\"article:publisher\" content=\"https:\/\/www.facebook.com\/PressenzaItalia\" \/>\n<meta property=\"article:published_time\" content=\"2018-05-29T19:21:58+00:00\" \/>\n<meta property=\"og:image\" content=\"https:\/\/www.pressenza.com\/wp-content\/uploads\/2018\/05\/Foto.jpg\" \/>\n\t<meta property=\"og:image:width\" content=\"1024\" \/>\n\t<meta property=\"og:image:height\" content=\"682\" \/>\n\t<meta property=\"og:image:type\" content=\"image\/jpeg\" \/>\n<meta name=\"author\" content=\"Olivier Turquet\" \/>\n<meta name=\"twitter:card\" content=\"summary_large_image\" \/>\n<meta name=\"twitter:creator\" content=\"@PressenzaIPA\" \/>\n<meta name=\"twitter:site\" content=\"@PressenzaIPA\" \/>\n<meta name=\"twitter:label1\" content=\"Escrito por\" \/>\n\t<meta name=\"twitter:data1\" content=\"Olivier Turquet\" \/>\n\t<meta name=\"twitter:label2\" content=\"Tiempo de lectura\" \/>\n\t<meta name=\"twitter:data2\" content=\"5 minutos\" \/>\n<script type=\"application\/ld+json\" class=\"yoast-schema-graph\">{\"@context\":\"https:\/\/schema.org\",\"@graph\":[{\"@type\":\"Article\",\"@id\":\"https:\/\/www.pressenza.com\/es\/2018\/05\/italia-que-pasa-con-el-gobierno\/#article\",\"isPartOf\":{\"@id\":\"https:\/\/www.pressenza.com\/es\/2018\/05\/italia-que-pasa-con-el-gobierno\/\"},\"author\":{\"name\":\"Olivier Turquet\",\"@id\":\"https:\/\/www.pressenza.com\/es\/#\/schema\/person\/636f8feb51f63f34e7378d5fcdd1de53\"},\"headline\":\"Italia: \u00bfqu\u00e9 pasa con el gobierno?\",\"datePublished\":\"2018-05-29T19:21:58+00:00\",\"mainEntityOfPage\":{\"@id\":\"https:\/\/www.pressenza.com\/es\/2018\/05\/italia-que-pasa-con-el-gobierno\/\"},\"wordCount\":1064,\"publisher\":{\"@id\":\"https:\/\/www.pressenza.com\/es\/#organization\"},\"image\":{\"@id\":\"https:\/\/www.pressenza.com\/es\/2018\/05\/italia-que-pasa-con-el-gobierno\/#primaryimage\"},\"thumbnailUrl\":\"https:\/\/www.pressenza.com\/wp-content\/uploads\/2018\/05\/Foto.jpg\",\"keywords\":[\"Carlo Cottarelli\",\"Crisis gubernamental\",\"Gobierno de la Liga M5S\",\"Liga M5S\",\"Partido Humanista\",\"poder popular\",\"presidente Mattarella\"],\"articleSection\":[\"Contenido Original\",\"Europa\",\"Humanismo y Espiritualidad\",\"Noviolencia\",\"Opiniones\",\"Pol\u00edtica\"],\"inLanguage\":\"es\"},{\"@type\":\"WebPage\",\"@id\":\"https:\/\/www.pressenza.com\/es\/2018\/05\/italia-que-pasa-con-el-gobierno\/\",\"url\":\"https:\/\/www.pressenza.com\/es\/2018\/05\/italia-que-pasa-con-el-gobierno\/\",\"name\":\"Italia: \u00bfqu\u00e9 pasa con el gobierno?\",\"isPartOf\":{\"@id\":\"https:\/\/www.pressenza.com\/es\/#website\"},\"primaryImageOfPage\":{\"@id\":\"https:\/\/www.pressenza.com\/es\/2018\/05\/italia-que-pasa-con-el-gobierno\/#primaryimage\"},\"image\":{\"@id\":\"https:\/\/www.pressenza.com\/es\/2018\/05\/italia-que-pasa-con-el-gobierno\/#primaryimage\"},\"thumbnailUrl\":\"https:\/\/www.pressenza.com\/wp-content\/uploads\/2018\/05\/Foto.jpg\",\"datePublished\":\"2018-05-29T19:21:58+00:00\",\"description\":\"Desde el domingo por la noche me pregunto qu\u00e9 entender\u00e1n fuera de Italia sobre el \u00faltimo acto de lo que a veces parece haberse convertido en una\",\"breadcrumb\":{\"@id\":\"https:\/\/www.pressenza.com\/es\/2018\/05\/italia-que-pasa-con-el-gobierno\/#breadcrumb\"},\"inLanguage\":\"es\",\"potentialAction\":[{\"@type\":\"ReadAction\",\"target\":[\"https:\/\/www.pressenza.com\/es\/2018\/05\/italia-que-pasa-con-el-gobierno\/\"]}]},{\"@type\":\"ImageObject\",\"inLanguage\":\"es\",\"@id\":\"https:\/\/www.pressenza.com\/es\/2018\/05\/italia-que-pasa-con-el-gobierno\/#primaryimage\",\"url\":\"https:\/\/www.pressenza.com\/wp-content\/uploads\/2018\/05\/Foto.jpg\",\"contentUrl\":\"https:\/\/www.pressenza.com\/wp-content\/uploads\/2018\/05\/Foto.jpg\",\"width\":1024,\"height\":682},{\"@type\":\"BreadcrumbList\",\"@id\":\"https:\/\/www.pressenza.com\/es\/2018\/05\/italia-que-pasa-con-el-gobierno\/#breadcrumb\",\"itemListElement\":[{\"@type\":\"ListItem\",\"position\":1,\"name\":\"Accueil\",\"item\":\"https:\/\/www.pressenza.com\/es\/\"},{\"@type\":\"ListItem\",\"position\":2,\"name\":\"Italia: \u00bfqu\u00e9 pasa con el gobierno?\"}]},{\"@type\":\"WebSite\",\"@id\":\"https:\/\/www.pressenza.com\/es\/#website\",\"url\":\"https:\/\/www.pressenza.com\/es\/\",\"name\":\"Pressenza\",\"description\":\"International Press Agency\",\"publisher\":{\"@id\":\"https:\/\/www.pressenza.com\/es\/#organization\"},\"potentialAction\":[{\"@type\":\"SearchAction\",\"target\":{\"@type\":\"EntryPoint\",\"urlTemplate\":\"https:\/\/www.pressenza.com\/es\/?s={search_term_string}\"},\"query-input\":{\"@type\":\"PropertyValueSpecification\",\"valueRequired\":true,\"valueName\":\"search_term_string\"}}],\"inLanguage\":\"es\"},{\"@type\":\"Organization\",\"@id\":\"https:\/\/www.pressenza.com\/es\/#organization\",\"name\":\"Pressenza\",\"url\":\"https:\/\/www.pressenza.com\/es\/\",\"logo\":{\"@type\":\"ImageObject\",\"inLanguage\":\"es\",\"@id\":\"https:\/\/www.pressenza.com\/es\/#\/schema\/logo\/image\/\",\"url\":\"https:\/\/www.pressenza.com\/wp-content\/uploads\/2022\/10\/pressenza_logo_200x200.jpg\",\"contentUrl\":\"https:\/\/www.pressenza.com\/wp-content\/uploads\/2022\/10\/pressenza_logo_200x200.jpg\",\"width\":200,\"height\":200,\"caption\":\"Pressenza\"},\"image\":{\"@id\":\"https:\/\/www.pressenza.com\/es\/#\/schema\/logo\/image\/\"},\"sameAs\":[\"https:\/\/www.facebook.com\/PressenzaItalia\",\"https:\/\/x.com\/PressenzaIPA\"]},{\"@type\":\"Person\",\"@id\":\"https:\/\/www.pressenza.com\/es\/#\/schema\/person\/636f8feb51f63f34e7378d5fcdd1de53\",\"name\":\"Olivier Turquet\",\"description\":\"Takes care of writing to tell the reality for about 40 years. He has worked with paper publications, radio and electronic He founded the electronic news agency humanist Good News. He was press secretary to various events such as: the International Humanist, Florence Play, the World March for Peace and Nonviolence. Currently coordinates the Italian team of Pressenza. olivierturquet.wordpress.com\",\"sameAs\":[\"http:\/\/olivierturquet.wordpress.com\"],\"url\":\"https:\/\/www.pressenza.com\/es\/author\/olivier-turquet\/\"}]}<\/script>\n<!-- \/ Yoast SEO plugin. -->","yoast_head_json":{"title":"Italia: \u00bfqu\u00e9 pasa con el gobierno?","description":"Desde el domingo por la noche me pregunto qu\u00e9 entender\u00e1n fuera de Italia sobre el \u00faltimo acto de lo que a veces parece haberse convertido en una","robots":{"index":"index","follow":"follow","max-snippet":"max-snippet:-1","max-image-preview":"max-image-preview:large","max-video-preview":"max-video-preview:-1"},"canonical":"https:\/\/www.pressenza.com\/es\/2018\/05\/italia-que-pasa-con-el-gobierno\/","og_locale":"es_ES","og_type":"article","og_title":"Italia: \u00bfqu\u00e9 pasa con el gobierno?","og_description":"Desde el domingo por la noche me pregunto qu\u00e9 entender\u00e1n fuera de Italia sobre el \u00faltimo acto de lo que a veces parece haberse convertido en una","og_url":"https:\/\/www.pressenza.com\/es\/2018\/05\/italia-que-pasa-con-el-gobierno\/","og_site_name":"Pressenza","article_publisher":"https:\/\/www.facebook.com\/PressenzaItalia","article_published_time":"2018-05-29T19:21:58+00:00","og_image":[{"width":1024,"height":682,"url":"https:\/\/www.pressenza.com\/wp-content\/uploads\/2018\/05\/Foto.jpg","type":"image\/jpeg"}],"author":"Olivier Turquet","twitter_card":"summary_large_image","twitter_creator":"@PressenzaIPA","twitter_site":"@PressenzaIPA","twitter_misc":{"Escrito por":"Olivier Turquet","Tiempo de lectura":"5 minutos"},"schema":{"@context":"https:\/\/schema.org","@graph":[{"@type":"Article","@id":"https:\/\/www.pressenza.com\/es\/2018\/05\/italia-que-pasa-con-el-gobierno\/#article","isPartOf":{"@id":"https:\/\/www.pressenza.com\/es\/2018\/05\/italia-que-pasa-con-el-gobierno\/"},"author":{"name":"Olivier Turquet","@id":"https:\/\/www.pressenza.com\/es\/#\/schema\/person\/636f8feb51f63f34e7378d5fcdd1de53"},"headline":"Italia: \u00bfqu\u00e9 pasa con el gobierno?","datePublished":"2018-05-29T19:21:58+00:00","mainEntityOfPage":{"@id":"https:\/\/www.pressenza.com\/es\/2018\/05\/italia-que-pasa-con-el-gobierno\/"},"wordCount":1064,"publisher":{"@id":"https:\/\/www.pressenza.com\/es\/#organization"},"image":{"@id":"https:\/\/www.pressenza.com\/es\/2018\/05\/italia-que-pasa-con-el-gobierno\/#primaryimage"},"thumbnailUrl":"https:\/\/www.pressenza.com\/wp-content\/uploads\/2018\/05\/Foto.jpg","keywords":["Carlo Cottarelli","Crisis gubernamental","Gobierno de la Liga M5S","Liga M5S","Partido Humanista","poder popular","presidente Mattarella"],"articleSection":["Contenido Original","Europa","Humanismo y Espiritualidad","Noviolencia","Opiniones","Pol\u00edtica"],"inLanguage":"es"},{"@type":"WebPage","@id":"https:\/\/www.pressenza.com\/es\/2018\/05\/italia-que-pasa-con-el-gobierno\/","url":"https:\/\/www.pressenza.com\/es\/2018\/05\/italia-que-pasa-con-el-gobierno\/","name":"Italia: \u00bfqu\u00e9 pasa con el gobierno?","isPartOf":{"@id":"https:\/\/www.pressenza.com\/es\/#website"},"primaryImageOfPage":{"@id":"https:\/\/www.pressenza.com\/es\/2018\/05\/italia-que-pasa-con-el-gobierno\/#primaryimage"},"image":{"@id":"https:\/\/www.pressenza.com\/es\/2018\/05\/italia-que-pasa-con-el-gobierno\/#primaryimage"},"thumbnailUrl":"https:\/\/www.pressenza.com\/wp-content\/uploads\/2018\/05\/Foto.jpg","datePublished":"2018-05-29T19:21:58+00:00","description":"Desde el domingo por la noche me pregunto qu\u00e9 entender\u00e1n fuera de Italia sobre el \u00faltimo acto de lo que a veces parece haberse convertido en una","breadcrumb":{"@id":"https:\/\/www.pressenza.com\/es\/2018\/05\/italia-que-pasa-con-el-gobierno\/#breadcrumb"},"inLanguage":"es","potentialAction":[{"@type":"ReadAction","target":["https:\/\/www.pressenza.com\/es\/2018\/05\/italia-que-pasa-con-el-gobierno\/"]}]},{"@type":"ImageObject","inLanguage":"es","@id":"https:\/\/www.pressenza.com\/es\/2018\/05\/italia-que-pasa-con-el-gobierno\/#primaryimage","url":"https:\/\/www.pressenza.com\/wp-content\/uploads\/2018\/05\/Foto.jpg","contentUrl":"https:\/\/www.pressenza.com\/wp-content\/uploads\/2018\/05\/Foto.jpg","width":1024,"height":682},{"@type":"BreadcrumbList","@id":"https:\/\/www.pressenza.com\/es\/2018\/05\/italia-que-pasa-con-el-gobierno\/#breadcrumb","itemListElement":[{"@type":"ListItem","position":1,"name":"Accueil","item":"https:\/\/www.pressenza.com\/es\/"},{"@type":"ListItem","position":2,"name":"Italia: \u00bfqu\u00e9 pasa con el gobierno?"}]},{"@type":"WebSite","@id":"https:\/\/www.pressenza.com\/es\/#website","url":"https:\/\/www.pressenza.com\/es\/","name":"Pressenza","description":"International Press Agency","publisher":{"@id":"https:\/\/www.pressenza.com\/es\/#organization"},"potentialAction":[{"@type":"SearchAction","target":{"@type":"EntryPoint","urlTemplate":"https:\/\/www.pressenza.com\/es\/?s={search_term_string}"},"query-input":{"@type":"PropertyValueSpecification","valueRequired":true,"valueName":"search_term_string"}}],"inLanguage":"es"},{"@type":"Organization","@id":"https:\/\/www.pressenza.com\/es\/#organization","name":"Pressenza","url":"https:\/\/www.pressenza.com\/es\/","logo":{"@type":"ImageObject","inLanguage":"es","@id":"https:\/\/www.pressenza.com\/es\/#\/schema\/logo\/image\/","url":"https:\/\/www.pressenza.com\/wp-content\/uploads\/2022\/10\/pressenza_logo_200x200.jpg","contentUrl":"https:\/\/www.pressenza.com\/wp-content\/uploads\/2022\/10\/pressenza_logo_200x200.jpg","width":200,"height":200,"caption":"Pressenza"},"image":{"@id":"https:\/\/www.pressenza.com\/es\/#\/schema\/logo\/image\/"},"sameAs":["https:\/\/www.facebook.com\/PressenzaItalia","https:\/\/x.com\/PressenzaIPA"]},{"@type":"Person","@id":"https:\/\/www.pressenza.com\/es\/#\/schema\/person\/636f8feb51f63f34e7378d5fcdd1de53","name":"Olivier Turquet","description":"Takes care of writing to tell the reality for about 40 years. He has worked with paper publications, radio and electronic He founded the electronic news agency humanist Good News. He was press secretary to various events such as: the International Humanist, Florence Play, the World March for Peace and Nonviolence. Currently coordinates the Italian team of Pressenza. olivierturquet.wordpress.com","sameAs":["http:\/\/olivierturquet.wordpress.com"],"url":"https:\/\/www.pressenza.com\/es\/author\/olivier-turquet\/"}]}},"place":"","original_article_url":"","_links":{"self":[{"href":"https:\/\/www.pressenza.com\/es\/wp-json\/wp\/v2\/posts\/648044","targetHints":{"allow":["GET"]}}],"collection":[{"href":"https:\/\/www.pressenza.com\/es\/wp-json\/wp\/v2\/posts"}],"about":[{"href":"https:\/\/www.pressenza.com\/es\/wp-json\/wp\/v2\/types\/post"}],"author":[{"embeddable":true,"href":"https:\/\/www.pressenza.com\/es\/wp-json\/wp\/v2\/users\/10"}],"replies":[{"embeddable":true,"href":"https:\/\/www.pressenza.com\/es\/wp-json\/wp\/v2\/comments?post=648044"}],"version-history":[{"count":0,"href":"https:\/\/www.pressenza.com\/es\/wp-json\/wp\/v2\/posts\/648044\/revisions"}],"wp:featuredmedia":[{"embeddable":true,"href":"https:\/\/www.pressenza.com\/es\/wp-json\/wp\/v2\/media\/647842"}],"wp:attachment":[{"href":"https:\/\/www.pressenza.com\/es\/wp-json\/wp\/v2\/media?parent=648044"}],"wp:term":[{"taxonomy":"category","embeddable":true,"href":"https:\/\/www.pressenza.com\/es\/wp-json\/wp\/v2\/categories?post=648044"},{"taxonomy":"post_tag","embeddable":true,"href":"https:\/\/www.pressenza.com\/es\/wp-json\/wp\/v2\/tags?post=648044"}],"curies":[{"name":"wp","href":"https:\/\/api.w.org\/{rel}","templated":true}]}}