{"id":647974,"date":"2018-05-29T17:23:56","date_gmt":"2018-05-29T16:23:56","guid":{"rendered":"https:\/\/www.pressenza.com\/?p=647974"},"modified":"2018-05-29T17:23:56","modified_gmt":"2018-05-29T16:23:56","slug":"conversatorio-lenguas-indigenas-convoca-destacados-academicos-museo-la-memoria","status":"publish","type":"post","link":"https:\/\/www.pressenza.com\/es\/2018\/05\/conversatorio-lenguas-indigenas-convoca-destacados-academicos-museo-la-memoria\/","title":{"rendered":"Conversatorio sobre lenguas ind\u00edgenas convoca a destacados acad\u00e9micos en el Museo de la memoria"},"content":{"rendered":"<p>Bajo el nombre <strong>\u00abLenguas ind\u00edgenas y derechos humanos: el desaf\u00edo de la oficializaci\u00f3n\u00bb<\/strong>, el conversatorio busca dialogar en torno al estado de revitalizaci\u00f3n de las lenguas ind\u00edgenas en Chile, conocer los principales avances, dificultades y demandas. El encuentro ser\u00e1 el mi\u00e9rcoles 30 de mayo a las 19:00 horas en el auditorio del Museo de la Memoria y los Derechos Humanos (<a href=\"https:\/\/www.google.com\/maps?q=Matucana+501&amp;entry=gmail&amp;source=g\" target=\"_blank\" rel=\"noopener\">Matucana 501<\/a>).<\/p>\n<p>Actualmente, y pese a la existencia de escuelas que imparten la ense\u00f1anza de lenguas ind\u00edgenas, siguen existiendo carencias en las directrices metodol\u00f3gicas de la transmisi\u00f3n del conocimiento de las lenguas nativas, lo que va de la mano del bajo presupuesto asignado para estas materias, limitando as\u00ed los recursos humanos y did\u00e1cticos dedicados a su ense\u00f1anza y preservaci\u00f3n.<\/p>\n<p>En el caso particular del mapuzungun, una encuenta CEP (2016) sobre la ense\u00f1anza de la lengua mapuche, arroj\u00f3 que entre 2006 y 2016 su uso disminuy\u00f3 en un 11%. Asimismo, en 2006, el 56% de los mapuches se\u00f1al\u00f3 no hablarlo ni entenderlo, porcentaje que aument\u00f3 a un 67% en el 2016. Es m\u00e1s, de las personas que conocen el idioma, el 38% reconoci\u00f3 no hablarlo nunca o casi nunca, hecho preocupante considerando que la lengua mapuche no pertenece a ninguna otra familia ling\u00fc\u00edstica, por lo que su p\u00e9rdida ser\u00eda irrecuperable.<\/p>\n<p>Seg\u00fan la acad\u00e9mica Elisa Loncon, doctora en Ling\u00fc\u00edstica de la Universidad de Leiden (Holanda)\u00a0 y una de las expositoras del conversatorio, <em>\u201cla p\u00e9rdida de las lenguas ind\u00edgenas es consecuencia de pol\u00edticas educativas coloniales, en una estructura pol\u00edtica donde el Estado niega sus derechos a los pueblos originarios. La lucha por los derechos ling\u00fc\u00edsticos es parte de la lucha por el territorio y el derecho de nombrarlo y reconocerlo en la propia lengua\u00bb<\/em>, se\u00f1al\u00f3 refiri\u00e9ndose al caso mapuche.<\/p>\n<p><em>\u201cLa constituci\u00f3n chilena no reconoce a los pueblos ind\u00edgenas como naci\u00f3n, las ciencias sociales analizan a nuestros pueblos como minor\u00edas \u00e9tnicas pero no como una naci\u00f3n con derechos pol\u00edticos, y los medios de comunicaci\u00f3n imponen el castellano como \u00fanico lenguaje de comunicaci\u00f3n\u201d<\/em>, advierte.<\/p>\n<p>La p\u00e9rdida de hablantes nativos, la falta de recursos humanos y did\u00e1cticos para la transmisi\u00f3n y ense\u00f1anza de las lenguas, y la lucha por la oficializaci\u00f3n de algunas de ellas son los t\u00f3picos que se discutir\u00e1n en el encuentro de este mi\u00e9rcoles.<\/p>\n<p>Esta actividad es parte del ciclo de conversatorios <strong>\u00abMemorias, justicia y derechos de los pueblos ind\u00edgenas\u00bb<\/strong> que organiza el Museo de la Memoria y los Derechos Humanos como parte de su programaci\u00f3n anual, la cual est\u00e1 dedicada a poner en valor las memorias ind\u00edgenas.<\/p>\n<p><strong>Expositores<\/strong><\/p>\n<ul>\n<li>Elisa Loncon, mag\u00edster en ling\u00fc\u00edstica de la Universidad Aut\u00f3noma Metropolitana de M\u00e9xico y doctora en Ling\u00fc\u00edstica de la Universidad de Leiden (Holanda).<\/li>\n<li>Cristian Vargas Paillahueque, profesor de la Universidad de Chile, integrante del colectivo Kom Kim Mapuduguai\u00f1 y miembro de la Comunidad de Historia mapuche.<\/li>\n<li>El\u00edas Ticona Mamami, profesional de la Secretar\u00eda de Educaci\u00f3n Intercultural del MINEDUC.<\/li>\n<\/ul>\n<p><strong>Modera<\/strong><\/p>\n<ul>\n<li>Silvia Castillo S\u00e1nchez, profesora de la Universidad Silva Henr\u00edquez, mag\u00edster en Ling\u00fc\u00edstica de la Universidad de Santiago de Chile y doctora en Ciencias de la Educaci\u00f3n con menci\u00f3n en Interculturalidad de la Universidad de Santiago de Chile.<\/li>\n<\/ul>\n","protected":false},"excerpt":{"rendered":"<p>Bajo el nombre \u00abLenguas ind\u00edgenas y derechos humanos: el desaf\u00edo de la oficializaci\u00f3n\u00bb, el conversatorio busca dialogar en torno al estado de revitalizaci\u00f3n de las lenguas ind\u00edgenas en Chile, conocer los principales avances, dificultades y demandas. El encuentro ser\u00e1 el&hellip;<\/p>\n","protected":false},"author":43,"featured_media":647975,"comment_status":"closed","ping_status":"closed","sticky":false,"template":"","format":"standard","meta":{"footnotes":""},"categories":[149,75,80],"tags":[29,5323,16530,44195,22210],"class_list":["post-647974","post","type-post","status-publish","format-standard","has-post-thumbnail","hentry","category-comunicados-de-prensa","category-cultura-es","category-pueblos-originarios","tag-chile","tag-indigenas","tag-lenguas","tag-museo-de-la-memoria","tag-pueblos-originarios"],"yoast_head":"<!-- This site is optimized with the Yoast SEO plugin v27.1.1 - https:\/\/yoast.com\/product\/yoast-seo-wordpress\/ -->\n<title>Conversatorio sobre lenguas ind\u00edgenas convoca a destacados acad\u00e9micos en el Museo de la memoria<\/title>\n<meta name=\"description\" content=\"Bajo el nombre &quot;Lenguas ind\u00edgenas y derechos humanos: el desaf\u00edo de la oficializaci\u00f3n&quot;, el conversatorio busca dialogar en torno al estado de\" \/>\n<meta name=\"robots\" content=\"index, follow, max-snippet:-1, max-image-preview:large, max-video-preview:-1\" \/>\n<link rel=\"canonical\" href=\"https:\/\/www.pressenza.com\/es\/2018\/05\/conversatorio-lenguas-indigenas-convoca-destacados-academicos-museo-la-memoria\/\" \/>\n<meta property=\"og:locale\" content=\"es_ES\" \/>\n<meta property=\"og:type\" content=\"article\" \/>\n<meta property=\"og:title\" content=\"Conversatorio sobre lenguas ind\u00edgenas convoca a destacados acad\u00e9micos en el Museo de la memoria\" \/>\n<meta property=\"og:description\" content=\"Bajo el nombre &quot;Lenguas ind\u00edgenas y derechos humanos: el desaf\u00edo de la oficializaci\u00f3n&quot;, el conversatorio busca dialogar en torno al estado de\" \/>\n<meta property=\"og:url\" content=\"https:\/\/www.pressenza.com\/es\/2018\/05\/conversatorio-lenguas-indigenas-convoca-destacados-academicos-museo-la-memoria\/\" \/>\n<meta property=\"og:site_name\" content=\"Pressenza\" \/>\n<meta property=\"article:publisher\" content=\"https:\/\/www.facebook.com\/PressenzaItalia\" \/>\n<meta property=\"article:author\" content=\"https:\/\/www.facebook.com\/pressenza\" \/>\n<meta property=\"article:published_time\" content=\"2018-05-29T16:23:56+00:00\" \/>\n<meta property=\"og:image\" content=\"https:\/\/www.pressenza.com\/wp-content\/uploads\/2018\/05\/marg-ret.jpg\" \/>\n\t<meta property=\"og:image:width\" content=\"1024\" \/>\n\t<meta property=\"og:image:height\" content=\"683\" \/>\n\t<meta property=\"og:image:type\" content=\"image\/jpeg\" \/>\n<meta name=\"author\" content=\"Redacci\u00f3n Chile\" \/>\n<meta name=\"twitter:card\" content=\"summary_large_image\" \/>\n<meta name=\"twitter:creator\" content=\"@pressenza\" \/>\n<meta name=\"twitter:site\" content=\"@PressenzaIPA\" \/>\n<meta name=\"twitter:label1\" content=\"Escrito por\" \/>\n\t<meta name=\"twitter:data1\" content=\"Redacci\u00f3n Chile\" \/>\n\t<meta name=\"twitter:label2\" content=\"Tiempo de lectura\" \/>\n\t<meta name=\"twitter:data2\" content=\"3 minutos\" \/>\n<script type=\"application\/ld+json\" class=\"yoast-schema-graph\">{\"@context\":\"https:\/\/schema.org\",\"@graph\":[{\"@type\":\"Article\",\"@id\":\"https:\/\/www.pressenza.com\/es\/2018\/05\/conversatorio-lenguas-indigenas-convoca-destacados-academicos-museo-la-memoria\/#article\",\"isPartOf\":{\"@id\":\"https:\/\/www.pressenza.com\/es\/2018\/05\/conversatorio-lenguas-indigenas-convoca-destacados-academicos-museo-la-memoria\/\"},\"author\":{\"name\":\"Redacci\u00f3n Chile\",\"@id\":\"https:\/\/www.pressenza.com\/es\/#\/schema\/person\/d7db40df35d6698ba69ba9ee260944ed\"},\"headline\":\"Conversatorio sobre lenguas ind\u00edgenas convoca a destacados acad\u00e9micos en el Museo de la memoria\",\"datePublished\":\"2018-05-29T16:23:56+00:00\",\"mainEntityOfPage\":{\"@id\":\"https:\/\/www.pressenza.com\/es\/2018\/05\/conversatorio-lenguas-indigenas-convoca-destacados-academicos-museo-la-memoria\/\"},\"wordCount\":577,\"publisher\":{\"@id\":\"https:\/\/www.pressenza.com\/es\/#organization\"},\"image\":{\"@id\":\"https:\/\/www.pressenza.com\/es\/2018\/05\/conversatorio-lenguas-indigenas-convoca-destacados-academicos-museo-la-memoria\/#primaryimage\"},\"thumbnailUrl\":\"https:\/\/www.pressenza.com\/wp-content\/uploads\/2018\/05\/marg-ret.jpg\",\"keywords\":[\"Chile\",\"indigenas\",\"lenguas\",\"MUSEO DE LA MEMORIA\",\"Pueblos Originarios\"],\"articleSection\":[\"Comunicados de Prensa\",\"Cultura y Medios\",\"Pueblos Originarios\"],\"inLanguage\":\"es\"},{\"@type\":\"WebPage\",\"@id\":\"https:\/\/www.pressenza.com\/es\/2018\/05\/conversatorio-lenguas-indigenas-convoca-destacados-academicos-museo-la-memoria\/\",\"url\":\"https:\/\/www.pressenza.com\/es\/2018\/05\/conversatorio-lenguas-indigenas-convoca-destacados-academicos-museo-la-memoria\/\",\"name\":\"Conversatorio sobre lenguas ind\u00edgenas convoca a destacados acad\u00e9micos en el Museo de la memoria\",\"isPartOf\":{\"@id\":\"https:\/\/www.pressenza.com\/es\/#website\"},\"primaryImageOfPage\":{\"@id\":\"https:\/\/www.pressenza.com\/es\/2018\/05\/conversatorio-lenguas-indigenas-convoca-destacados-academicos-museo-la-memoria\/#primaryimage\"},\"image\":{\"@id\":\"https:\/\/www.pressenza.com\/es\/2018\/05\/conversatorio-lenguas-indigenas-convoca-destacados-academicos-museo-la-memoria\/#primaryimage\"},\"thumbnailUrl\":\"https:\/\/www.pressenza.com\/wp-content\/uploads\/2018\/05\/marg-ret.jpg\",\"datePublished\":\"2018-05-29T16:23:56+00:00\",\"description\":\"Bajo el nombre \\\"Lenguas ind\u00edgenas y derechos humanos: el desaf\u00edo de la oficializaci\u00f3n\\\", el conversatorio busca dialogar en torno al estado de\",\"breadcrumb\":{\"@id\":\"https:\/\/www.pressenza.com\/es\/2018\/05\/conversatorio-lenguas-indigenas-convoca-destacados-academicos-museo-la-memoria\/#breadcrumb\"},\"inLanguage\":\"es\",\"potentialAction\":[{\"@type\":\"ReadAction\",\"target\":[\"https:\/\/www.pressenza.com\/es\/2018\/05\/conversatorio-lenguas-indigenas-convoca-destacados-academicos-museo-la-memoria\/\"]}]},{\"@type\":\"ImageObject\",\"inLanguage\":\"es\",\"@id\":\"https:\/\/www.pressenza.com\/es\/2018\/05\/conversatorio-lenguas-indigenas-convoca-destacados-academicos-museo-la-memoria\/#primaryimage\",\"url\":\"https:\/\/www.pressenza.com\/wp-content\/uploads\/2018\/05\/marg-ret.jpg\",\"contentUrl\":\"https:\/\/www.pressenza.com\/wp-content\/uploads\/2018\/05\/marg-ret.jpg\",\"width\":1024,\"height\":683},{\"@type\":\"BreadcrumbList\",\"@id\":\"https:\/\/www.pressenza.com\/es\/2018\/05\/conversatorio-lenguas-indigenas-convoca-destacados-academicos-museo-la-memoria\/#breadcrumb\",\"itemListElement\":[{\"@type\":\"ListItem\",\"position\":1,\"name\":\"Accueil\",\"item\":\"https:\/\/www.pressenza.com\/es\/\"},{\"@type\":\"ListItem\",\"position\":2,\"name\":\"Conversatorio sobre lenguas ind\u00edgenas convoca a destacados acad\u00e9micos en el Museo de la memoria\"}]},{\"@type\":\"WebSite\",\"@id\":\"https:\/\/www.pressenza.com\/es\/#website\",\"url\":\"https:\/\/www.pressenza.com\/es\/\",\"name\":\"Pressenza\",\"description\":\"International Press Agency\",\"publisher\":{\"@id\":\"https:\/\/www.pressenza.com\/es\/#organization\"},\"potentialAction\":[{\"@type\":\"SearchAction\",\"target\":{\"@type\":\"EntryPoint\",\"urlTemplate\":\"https:\/\/www.pressenza.com\/es\/?s={search_term_string}\"},\"query-input\":{\"@type\":\"PropertyValueSpecification\",\"valueRequired\":true,\"valueName\":\"search_term_string\"}}],\"inLanguage\":\"es\"},{\"@type\":\"Organization\",\"@id\":\"https:\/\/www.pressenza.com\/es\/#organization\",\"name\":\"Pressenza\",\"url\":\"https:\/\/www.pressenza.com\/es\/\",\"logo\":{\"@type\":\"ImageObject\",\"inLanguage\":\"es\",\"@id\":\"https:\/\/www.pressenza.com\/es\/#\/schema\/logo\/image\/\",\"url\":\"https:\/\/www.pressenza.com\/wp-content\/uploads\/2022\/10\/pressenza_logo_200x200.jpg\",\"contentUrl\":\"https:\/\/www.pressenza.com\/wp-content\/uploads\/2022\/10\/pressenza_logo_200x200.jpg\",\"width\":200,\"height\":200,\"caption\":\"Pressenza\"},\"image\":{\"@id\":\"https:\/\/www.pressenza.com\/es\/#\/schema\/logo\/image\/\"},\"sameAs\":[\"https:\/\/www.facebook.com\/PressenzaItalia\",\"https:\/\/x.com\/PressenzaIPA\"]},{\"@type\":\"Person\",\"@id\":\"https:\/\/www.pressenza.com\/es\/#\/schema\/person\/d7db40df35d6698ba69ba9ee260944ed\",\"name\":\"Redacci\u00f3n Chile\",\"description\":\"News from the Pressenza Bureau in Chile\",\"sameAs\":[\"https:\/\/www.facebook.com\/pressenza\",\"https:\/\/x.com\/pressenza\"],\"url\":\"https:\/\/www.pressenza.com\/es\/author\/redaccion-chile\/\"}]}<\/script>\n<!-- \/ Yoast SEO plugin. -->","yoast_head_json":{"title":"Conversatorio sobre lenguas ind\u00edgenas convoca a destacados acad\u00e9micos en el Museo de la memoria","description":"Bajo el nombre \"Lenguas ind\u00edgenas y derechos humanos: el desaf\u00edo de la oficializaci\u00f3n\", el conversatorio busca dialogar en torno al estado de","robots":{"index":"index","follow":"follow","max-snippet":"max-snippet:-1","max-image-preview":"max-image-preview:large","max-video-preview":"max-video-preview:-1"},"canonical":"https:\/\/www.pressenza.com\/es\/2018\/05\/conversatorio-lenguas-indigenas-convoca-destacados-academicos-museo-la-memoria\/","og_locale":"es_ES","og_type":"article","og_title":"Conversatorio sobre lenguas ind\u00edgenas convoca a destacados acad\u00e9micos en el Museo de la memoria","og_description":"Bajo el nombre \"Lenguas ind\u00edgenas y derechos humanos: el desaf\u00edo de la oficializaci\u00f3n\", el conversatorio busca dialogar en torno al estado de","og_url":"https:\/\/www.pressenza.com\/es\/2018\/05\/conversatorio-lenguas-indigenas-convoca-destacados-academicos-museo-la-memoria\/","og_site_name":"Pressenza","article_publisher":"https:\/\/www.facebook.com\/PressenzaItalia","article_author":"https:\/\/www.facebook.com\/pressenza","article_published_time":"2018-05-29T16:23:56+00:00","og_image":[{"width":1024,"height":683,"url":"https:\/\/www.pressenza.com\/wp-content\/uploads\/2018\/05\/marg-ret.jpg","type":"image\/jpeg"}],"author":"Redacci\u00f3n Chile","twitter_card":"summary_large_image","twitter_creator":"@pressenza","twitter_site":"@PressenzaIPA","twitter_misc":{"Escrito por":"Redacci\u00f3n Chile","Tiempo de lectura":"3 minutos"},"schema":{"@context":"https:\/\/schema.org","@graph":[{"@type":"Article","@id":"https:\/\/www.pressenza.com\/es\/2018\/05\/conversatorio-lenguas-indigenas-convoca-destacados-academicos-museo-la-memoria\/#article","isPartOf":{"@id":"https:\/\/www.pressenza.com\/es\/2018\/05\/conversatorio-lenguas-indigenas-convoca-destacados-academicos-museo-la-memoria\/"},"author":{"name":"Redacci\u00f3n Chile","@id":"https:\/\/www.pressenza.com\/es\/#\/schema\/person\/d7db40df35d6698ba69ba9ee260944ed"},"headline":"Conversatorio sobre lenguas ind\u00edgenas convoca a destacados acad\u00e9micos en el Museo de la memoria","datePublished":"2018-05-29T16:23:56+00:00","mainEntityOfPage":{"@id":"https:\/\/www.pressenza.com\/es\/2018\/05\/conversatorio-lenguas-indigenas-convoca-destacados-academicos-museo-la-memoria\/"},"wordCount":577,"publisher":{"@id":"https:\/\/www.pressenza.com\/es\/#organization"},"image":{"@id":"https:\/\/www.pressenza.com\/es\/2018\/05\/conversatorio-lenguas-indigenas-convoca-destacados-academicos-museo-la-memoria\/#primaryimage"},"thumbnailUrl":"https:\/\/www.pressenza.com\/wp-content\/uploads\/2018\/05\/marg-ret.jpg","keywords":["Chile","indigenas","lenguas","MUSEO DE LA MEMORIA","Pueblos Originarios"],"articleSection":["Comunicados de Prensa","Cultura y Medios","Pueblos Originarios"],"inLanguage":"es"},{"@type":"WebPage","@id":"https:\/\/www.pressenza.com\/es\/2018\/05\/conversatorio-lenguas-indigenas-convoca-destacados-academicos-museo-la-memoria\/","url":"https:\/\/www.pressenza.com\/es\/2018\/05\/conversatorio-lenguas-indigenas-convoca-destacados-academicos-museo-la-memoria\/","name":"Conversatorio sobre lenguas ind\u00edgenas convoca a destacados acad\u00e9micos en el Museo de la memoria","isPartOf":{"@id":"https:\/\/www.pressenza.com\/es\/#website"},"primaryImageOfPage":{"@id":"https:\/\/www.pressenza.com\/es\/2018\/05\/conversatorio-lenguas-indigenas-convoca-destacados-academicos-museo-la-memoria\/#primaryimage"},"image":{"@id":"https:\/\/www.pressenza.com\/es\/2018\/05\/conversatorio-lenguas-indigenas-convoca-destacados-academicos-museo-la-memoria\/#primaryimage"},"thumbnailUrl":"https:\/\/www.pressenza.com\/wp-content\/uploads\/2018\/05\/marg-ret.jpg","datePublished":"2018-05-29T16:23:56+00:00","description":"Bajo el nombre \"Lenguas ind\u00edgenas y derechos humanos: el desaf\u00edo de la oficializaci\u00f3n\", el conversatorio busca dialogar en torno al estado de","breadcrumb":{"@id":"https:\/\/www.pressenza.com\/es\/2018\/05\/conversatorio-lenguas-indigenas-convoca-destacados-academicos-museo-la-memoria\/#breadcrumb"},"inLanguage":"es","potentialAction":[{"@type":"ReadAction","target":["https:\/\/www.pressenza.com\/es\/2018\/05\/conversatorio-lenguas-indigenas-convoca-destacados-academicos-museo-la-memoria\/"]}]},{"@type":"ImageObject","inLanguage":"es","@id":"https:\/\/www.pressenza.com\/es\/2018\/05\/conversatorio-lenguas-indigenas-convoca-destacados-academicos-museo-la-memoria\/#primaryimage","url":"https:\/\/www.pressenza.com\/wp-content\/uploads\/2018\/05\/marg-ret.jpg","contentUrl":"https:\/\/www.pressenza.com\/wp-content\/uploads\/2018\/05\/marg-ret.jpg","width":1024,"height":683},{"@type":"BreadcrumbList","@id":"https:\/\/www.pressenza.com\/es\/2018\/05\/conversatorio-lenguas-indigenas-convoca-destacados-academicos-museo-la-memoria\/#breadcrumb","itemListElement":[{"@type":"ListItem","position":1,"name":"Accueil","item":"https:\/\/www.pressenza.com\/es\/"},{"@type":"ListItem","position":2,"name":"Conversatorio sobre lenguas ind\u00edgenas convoca a destacados acad\u00e9micos en el Museo de la memoria"}]},{"@type":"WebSite","@id":"https:\/\/www.pressenza.com\/es\/#website","url":"https:\/\/www.pressenza.com\/es\/","name":"Pressenza","description":"International Press Agency","publisher":{"@id":"https:\/\/www.pressenza.com\/es\/#organization"},"potentialAction":[{"@type":"SearchAction","target":{"@type":"EntryPoint","urlTemplate":"https:\/\/www.pressenza.com\/es\/?s={search_term_string}"},"query-input":{"@type":"PropertyValueSpecification","valueRequired":true,"valueName":"search_term_string"}}],"inLanguage":"es"},{"@type":"Organization","@id":"https:\/\/www.pressenza.com\/es\/#organization","name":"Pressenza","url":"https:\/\/www.pressenza.com\/es\/","logo":{"@type":"ImageObject","inLanguage":"es","@id":"https:\/\/www.pressenza.com\/es\/#\/schema\/logo\/image\/","url":"https:\/\/www.pressenza.com\/wp-content\/uploads\/2022\/10\/pressenza_logo_200x200.jpg","contentUrl":"https:\/\/www.pressenza.com\/wp-content\/uploads\/2022\/10\/pressenza_logo_200x200.jpg","width":200,"height":200,"caption":"Pressenza"},"image":{"@id":"https:\/\/www.pressenza.com\/es\/#\/schema\/logo\/image\/"},"sameAs":["https:\/\/www.facebook.com\/PressenzaItalia","https:\/\/x.com\/PressenzaIPA"]},{"@type":"Person","@id":"https:\/\/www.pressenza.com\/es\/#\/schema\/person\/d7db40df35d6698ba69ba9ee260944ed","name":"Redacci\u00f3n Chile","description":"News from the Pressenza Bureau in Chile","sameAs":["https:\/\/www.facebook.com\/pressenza","https:\/\/x.com\/pressenza"],"url":"https:\/\/www.pressenza.com\/es\/author\/redaccion-chile\/"}]}},"place":"Santiago, Chile","original_article_url":"","_links":{"self":[{"href":"https:\/\/www.pressenza.com\/es\/wp-json\/wp\/v2\/posts\/647974","targetHints":{"allow":["GET"]}}],"collection":[{"href":"https:\/\/www.pressenza.com\/es\/wp-json\/wp\/v2\/posts"}],"about":[{"href":"https:\/\/www.pressenza.com\/es\/wp-json\/wp\/v2\/types\/post"}],"author":[{"embeddable":true,"href":"https:\/\/www.pressenza.com\/es\/wp-json\/wp\/v2\/users\/43"}],"replies":[{"embeddable":true,"href":"https:\/\/www.pressenza.com\/es\/wp-json\/wp\/v2\/comments?post=647974"}],"version-history":[{"count":0,"href":"https:\/\/www.pressenza.com\/es\/wp-json\/wp\/v2\/posts\/647974\/revisions"}],"wp:featuredmedia":[{"embeddable":true,"href":"https:\/\/www.pressenza.com\/es\/wp-json\/wp\/v2\/media\/647975"}],"wp:attachment":[{"href":"https:\/\/www.pressenza.com\/es\/wp-json\/wp\/v2\/media?parent=647974"}],"wp:term":[{"taxonomy":"category","embeddable":true,"href":"https:\/\/www.pressenza.com\/es\/wp-json\/wp\/v2\/categories?post=647974"},{"taxonomy":"post_tag","embeddable":true,"href":"https:\/\/www.pressenza.com\/es\/wp-json\/wp\/v2\/tags?post=647974"}],"curies":[{"name":"wp","href":"https:\/\/api.w.org\/{rel}","templated":true}]}}