{"id":647386,"date":"2018-05-28T14:56:58","date_gmt":"2018-05-28T13:56:58","guid":{"rendered":"https:\/\/www.pressenza.com\/?p=647386"},"modified":"2018-05-28T14:56:58","modified_gmt":"2018-05-28T13:56:58","slug":"chile-toma-feminista-la-uc","status":"publish","type":"post","link":"https:\/\/www.pressenza.com\/es\/2018\/05\/chile-toma-feminista-la-uc\/","title":{"rendered":"Chile: Toma feminista en la UC"},"content":{"rendered":"<p><strong>Alrededor de unas cien estudiantes mujeres se tomaron la casa central de la Universidad Cat\u00f3lica:<\/strong> una toma in\u00e9dita, una toma feminista. Su petitorio es claro;  no a la  discriminaci\u00f3n, no a la educaci\u00f3n sexista, respeto a las diversidades entre otras cosas y en el frontis de ese imponente edificio iluminado con la tenue llama de las velas,   manos de  mujeres  se unen  formando un cord\u00f3n humano  de extremo a extremo, como diciendo las apoyamos compa\u00f1eras, estamos con ustedes, valent\u00eda chiquillas, porque no es f\u00e1cil tomarse la casa central de la UC,  solo tres veces en 50 a\u00f1os los estudiantes han cerrado sus puertas, en los a\u00f1os  1967 y 1986 y \u00e9ste , una toma in\u00e9dita, el rector se ha comprometido a no desalojar pero los estudiantes de derecho ( y de derechas) ya ingresaron a la toma y  est\u00e1n all\u00ed , las feministas por un lado y los gremialistas por  otro.  Las feministas son m\u00e1s, tienen apoyo y su toma es pac\u00edfica, simb\u00f3lica como le escuch\u00e9 decir a una estudiante entre bailes, cantos y los gritos que electrizaban el frontis de la casa central de la UC.<br \/>\n<a href=\"https:\/\/www.pressenza.com\/wp-content\/uploads\/2018\/05\/TOMA-FEMINISTA-UC-FOTOS-DE-DALIA-CHIU-25-MAYO-2018-15.jpg\"><img loading=\"lazy\" decoding=\"async\" src=\"https:\/\/www.pressenza.com\/wp-content\/uploads\/2018\/05\/TOMA-FEMINISTA-UC-FOTOS-DE-DALIA-CHIU-25-MAYO-2018-15-720x480.jpg\" alt=\"\" width=\"720\" height=\"480\" class=\"alignleft size-large wp-image-647370\" srcset=\"https:\/\/www.pressenza.com\/wp-content\/uploads\/2018\/05\/TOMA-FEMINISTA-UC-FOTOS-DE-DALIA-CHIU-25-MAYO-2018-15-720x480.jpg 720w, https:\/\/www.pressenza.com\/wp-content\/uploads\/2018\/05\/TOMA-FEMINISTA-UC-FOTOS-DE-DALIA-CHIU-25-MAYO-2018-15-300x200.jpg 300w, https:\/\/www.pressenza.com\/wp-content\/uploads\/2018\/05\/TOMA-FEMINISTA-UC-FOTOS-DE-DALIA-CHIU-25-MAYO-2018-15-768x512.jpg 768w, https:\/\/www.pressenza.com\/wp-content\/uploads\/2018\/05\/TOMA-FEMINISTA-UC-FOTOS-DE-DALIA-CHIU-25-MAYO-2018-15.jpg 2048w\" sizes=\"auto, (max-width: 720px) 100vw, 720px\" \/><\/a><br \/>\n<a href=\"https:\/\/www.pressenza.com\/wp-content\/uploads\/2018\/05\/TOMA-FEMINISTA-UC-FOTOS-DE-DALIA-CHIU-25-MAYO-2018-14.jpg\"><img loading=\"lazy\" decoding=\"async\" src=\"https:\/\/www.pressenza.com\/wp-content\/uploads\/2018\/05\/TOMA-FEMINISTA-UC-FOTOS-DE-DALIA-CHIU-25-MAYO-2018-14-720x480.jpg\" alt=\"\" width=\"720\" height=\"480\" class=\"alignleft size-large wp-image-647361\" srcset=\"https:\/\/www.pressenza.com\/wp-content\/uploads\/2018\/05\/TOMA-FEMINISTA-UC-FOTOS-DE-DALIA-CHIU-25-MAYO-2018-14-720x480.jpg 720w, https:\/\/www.pressenza.com\/wp-content\/uploads\/2018\/05\/TOMA-FEMINISTA-UC-FOTOS-DE-DALIA-CHIU-25-MAYO-2018-14-300x200.jpg 300w, https:\/\/www.pressenza.com\/wp-content\/uploads\/2018\/05\/TOMA-FEMINISTA-UC-FOTOS-DE-DALIA-CHIU-25-MAYO-2018-14-768x512.jpg 768w, https:\/\/www.pressenza.com\/wp-content\/uploads\/2018\/05\/TOMA-FEMINISTA-UC-FOTOS-DE-DALIA-CHIU-25-MAYO-2018-14.jpg 2048w\" sizes=\"auto, (max-width: 720px) 100vw, 720px\" \/><\/a><br \/>\n<a href=\"https:\/\/www.pressenza.com\/wp-content\/uploads\/2018\/05\/TOMA-FEMINISTA-UC-FOTOS-DE-DALIA-CHIU-25-MAYO-2018-13.jpg\"><img loading=\"lazy\" decoding=\"async\" src=\"https:\/\/www.pressenza.com\/wp-content\/uploads\/2018\/05\/TOMA-FEMINISTA-UC-FOTOS-DE-DALIA-CHIU-25-MAYO-2018-13-720x480.jpg\" alt=\"\" width=\"720\" height=\"480\" class=\"alignleft size-large wp-image-647351\" srcset=\"https:\/\/www.pressenza.com\/wp-content\/uploads\/2018\/05\/TOMA-FEMINISTA-UC-FOTOS-DE-DALIA-CHIU-25-MAYO-2018-13-720x480.jpg 720w, https:\/\/www.pressenza.com\/wp-content\/uploads\/2018\/05\/TOMA-FEMINISTA-UC-FOTOS-DE-DALIA-CHIU-25-MAYO-2018-13-300x200.jpg 300w, https:\/\/www.pressenza.com\/wp-content\/uploads\/2018\/05\/TOMA-FEMINISTA-UC-FOTOS-DE-DALIA-CHIU-25-MAYO-2018-13-768x512.jpg 768w, https:\/\/www.pressenza.com\/wp-content\/uploads\/2018\/05\/TOMA-FEMINISTA-UC-FOTOS-DE-DALIA-CHIU-25-MAYO-2018-13.jpg 2048w\" sizes=\"auto, (max-width: 720px) 100vw, 720px\" \/><\/a><br \/>\n<a href=\"https:\/\/www.pressenza.com\/wp-content\/uploads\/2018\/05\/TOMA-FEMINISTA-UC-FOTOS-DE-DALIA-CHIU-25-MAYO-2018-12.jpg\"><img loading=\"lazy\" decoding=\"async\" src=\"https:\/\/www.pressenza.com\/wp-content\/uploads\/2018\/05\/TOMA-FEMINISTA-UC-FOTOS-DE-DALIA-CHIU-25-MAYO-2018-12-720x480.jpg\" alt=\"\" width=\"720\" height=\"480\" class=\"alignleft size-large wp-image-647342\" srcset=\"https:\/\/www.pressenza.com\/wp-content\/uploads\/2018\/05\/TOMA-FEMINISTA-UC-FOTOS-DE-DALIA-CHIU-25-MAYO-2018-12-720x480.jpg 720w, https:\/\/www.pressenza.com\/wp-content\/uploads\/2018\/05\/TOMA-FEMINISTA-UC-FOTOS-DE-DALIA-CHIU-25-MAYO-2018-12-300x200.jpg 300w, https:\/\/www.pressenza.com\/wp-content\/uploads\/2018\/05\/TOMA-FEMINISTA-UC-FOTOS-DE-DALIA-CHIU-25-MAYO-2018-12-768x512.jpg 768w, https:\/\/www.pressenza.com\/wp-content\/uploads\/2018\/05\/TOMA-FEMINISTA-UC-FOTOS-DE-DALIA-CHIU-25-MAYO-2018-12.jpg 2048w\" sizes=\"auto, (max-width: 720px) 100vw, 720px\" \/><\/a><br \/>\n<a href=\"https:\/\/www.pressenza.com\/wp-content\/uploads\/2018\/05\/TOMA-FEMINISTA-UC-FOTOS-DE-DALIA-CHIU-25-MAYO-2018-11.jpg\"><img loading=\"lazy\" decoding=\"async\" src=\"https:\/\/www.pressenza.com\/wp-content\/uploads\/2018\/05\/TOMA-FEMINISTA-UC-FOTOS-DE-DALIA-CHIU-25-MAYO-2018-11-720x480.jpg\" alt=\"\" width=\"720\" height=\"480\" class=\"alignleft size-large wp-image-647333\" srcset=\"https:\/\/www.pressenza.com\/wp-content\/uploads\/2018\/05\/TOMA-FEMINISTA-UC-FOTOS-DE-DALIA-CHIU-25-MAYO-2018-11-720x480.jpg 720w, https:\/\/www.pressenza.com\/wp-content\/uploads\/2018\/05\/TOMA-FEMINISTA-UC-FOTOS-DE-DALIA-CHIU-25-MAYO-2018-11-300x200.jpg 300w, https:\/\/www.pressenza.com\/wp-content\/uploads\/2018\/05\/TOMA-FEMINISTA-UC-FOTOS-DE-DALIA-CHIU-25-MAYO-2018-11-768x512.jpg 768w, https:\/\/www.pressenza.com\/wp-content\/uploads\/2018\/05\/TOMA-FEMINISTA-UC-FOTOS-DE-DALIA-CHIU-25-MAYO-2018-11.jpg 2048w\" sizes=\"auto, (max-width: 720px) 100vw, 720px\" \/><\/a><br \/>\n<a href=\"https:\/\/www.pressenza.com\/wp-content\/uploads\/2018\/05\/TOMA-FEMINISTA-UC-FOTOS-DE-DALIA-CHIU-25-MAYO-2018-10.jpg\"><img loading=\"lazy\" decoding=\"async\" src=\"https:\/\/www.pressenza.com\/wp-content\/uploads\/2018\/05\/TOMA-FEMINISTA-UC-FOTOS-DE-DALIA-CHIU-25-MAYO-2018-10-720x480.jpg\" alt=\"\" width=\"720\" height=\"480\" class=\"alignleft size-large wp-image-647323\" srcset=\"https:\/\/www.pressenza.com\/wp-content\/uploads\/2018\/05\/TOMA-FEMINISTA-UC-FOTOS-DE-DALIA-CHIU-25-MAYO-2018-10-720x480.jpg 720w, https:\/\/www.pressenza.com\/wp-content\/uploads\/2018\/05\/TOMA-FEMINISTA-UC-FOTOS-DE-DALIA-CHIU-25-MAYO-2018-10-300x200.jpg 300w, https:\/\/www.pressenza.com\/wp-content\/uploads\/2018\/05\/TOMA-FEMINISTA-UC-FOTOS-DE-DALIA-CHIU-25-MAYO-2018-10-768x512.jpg 768w, https:\/\/www.pressenza.com\/wp-content\/uploads\/2018\/05\/TOMA-FEMINISTA-UC-FOTOS-DE-DALIA-CHIU-25-MAYO-2018-10.jpg 2048w\" sizes=\"auto, (max-width: 720px) 100vw, 720px\" \/><\/a><br \/>\n<a href=\"https:\/\/www.pressenza.com\/wp-content\/uploads\/2018\/05\/TOMA-FEMINISTA-UC-FOTOS-DE-DALIA-CHIU-25-MAYO-2018-9-1.jpg\"><img loading=\"lazy\" decoding=\"async\" src=\"https:\/\/www.pressenza.com\/wp-content\/uploads\/2018\/05\/TOMA-FEMINISTA-UC-FOTOS-DE-DALIA-CHIU-25-MAYO-2018-9-1-720x480.jpg\" alt=\"\" width=\"720\" height=\"480\" class=\"alignleft size-large wp-image-647314\" srcset=\"https:\/\/www.pressenza.com\/wp-content\/uploads\/2018\/05\/TOMA-FEMINISTA-UC-FOTOS-DE-DALIA-CHIU-25-MAYO-2018-9-1-720x480.jpg 720w, https:\/\/www.pressenza.com\/wp-content\/uploads\/2018\/05\/TOMA-FEMINISTA-UC-FOTOS-DE-DALIA-CHIU-25-MAYO-2018-9-1-300x200.jpg 300w, https:\/\/www.pressenza.com\/wp-content\/uploads\/2018\/05\/TOMA-FEMINISTA-UC-FOTOS-DE-DALIA-CHIU-25-MAYO-2018-9-1-768x512.jpg 768w, https:\/\/www.pressenza.com\/wp-content\/uploads\/2018\/05\/TOMA-FEMINISTA-UC-FOTOS-DE-DALIA-CHIU-25-MAYO-2018-9-1.jpg 2048w\" sizes=\"auto, (max-width: 720px) 100vw, 720px\" \/><\/a><br \/>\n<a href=\"https:\/\/www.pressenza.com\/wp-content\/uploads\/2018\/05\/TOMA-FEMINISTA-UC-FOTOS-DE-DALIA-CHIU-25-MAYO-2018-8.jpg\"><img loading=\"lazy\" decoding=\"async\" src=\"https:\/\/www.pressenza.com\/wp-content\/uploads\/2018\/05\/TOMA-FEMINISTA-UC-FOTOS-DE-DALIA-CHIU-25-MAYO-2018-8-720x480.jpg\" alt=\"\" width=\"720\" height=\"480\" class=\"alignleft size-large wp-image-647305\" srcset=\"https:\/\/www.pressenza.com\/wp-content\/uploads\/2018\/05\/TOMA-FEMINISTA-UC-FOTOS-DE-DALIA-CHIU-25-MAYO-2018-8-720x480.jpg 720w, https:\/\/www.pressenza.com\/wp-content\/uploads\/2018\/05\/TOMA-FEMINISTA-UC-FOTOS-DE-DALIA-CHIU-25-MAYO-2018-8-300x200.jpg 300w, https:\/\/www.pressenza.com\/wp-content\/uploads\/2018\/05\/TOMA-FEMINISTA-UC-FOTOS-DE-DALIA-CHIU-25-MAYO-2018-8-768x512.jpg 768w, https:\/\/www.pressenza.com\/wp-content\/uploads\/2018\/05\/TOMA-FEMINISTA-UC-FOTOS-DE-DALIA-CHIU-25-MAYO-2018-8.jpg 2048w\" sizes=\"auto, (max-width: 720px) 100vw, 720px\" \/><\/a><br \/>\n<a href=\"https:\/\/www.pressenza.com\/wp-content\/uploads\/2018\/05\/TOMA-FEMINISTA-UC-FOTOS-DE-DALIA-CHIU-25-MAYO-2018-7.jpg\"><img loading=\"lazy\" decoding=\"async\" src=\"https:\/\/www.pressenza.com\/wp-content\/uploads\/2018\/05\/TOMA-FEMINISTA-UC-FOTOS-DE-DALIA-CHIU-25-MAYO-2018-7-720x480.jpg\" alt=\"\" width=\"720\" height=\"480\" class=\"alignleft size-large wp-image-647287\" srcset=\"https:\/\/www.pressenza.com\/wp-content\/uploads\/2018\/05\/TOMA-FEMINISTA-UC-FOTOS-DE-DALIA-CHIU-25-MAYO-2018-7-720x480.jpg 720w, https:\/\/www.pressenza.com\/wp-content\/uploads\/2018\/05\/TOMA-FEMINISTA-UC-FOTOS-DE-DALIA-CHIU-25-MAYO-2018-7-300x200.jpg 300w, https:\/\/www.pressenza.com\/wp-content\/uploads\/2018\/05\/TOMA-FEMINISTA-UC-FOTOS-DE-DALIA-CHIU-25-MAYO-2018-7-768x512.jpg 768w, https:\/\/www.pressenza.com\/wp-content\/uploads\/2018\/05\/TOMA-FEMINISTA-UC-FOTOS-DE-DALIA-CHIU-25-MAYO-2018-7.jpg 2048w\" sizes=\"auto, (max-width: 720px) 100vw, 720px\" \/><\/a><br \/>\n<a href=\"https:\/\/www.pressenza.com\/wp-content\/uploads\/2018\/05\/TOMA-FEMINISTA-UC-FOTOS-DE-DALIA-CHIU-25-MAYO-2018-6.jpg\"><img loading=\"lazy\" decoding=\"async\" src=\"https:\/\/www.pressenza.com\/wp-content\/uploads\/2018\/05\/TOMA-FEMINISTA-UC-FOTOS-DE-DALIA-CHIU-25-MAYO-2018-6-720x480.jpg\" alt=\"\" width=\"720\" height=\"480\" class=\"alignleft size-large wp-image-647277\" srcset=\"https:\/\/www.pressenza.com\/wp-content\/uploads\/2018\/05\/TOMA-FEMINISTA-UC-FOTOS-DE-DALIA-CHIU-25-MAYO-2018-6-720x480.jpg 720w, https:\/\/www.pressenza.com\/wp-content\/uploads\/2018\/05\/TOMA-FEMINISTA-UC-FOTOS-DE-DALIA-CHIU-25-MAYO-2018-6-300x200.jpg 300w, https:\/\/www.pressenza.com\/wp-content\/uploads\/2018\/05\/TOMA-FEMINISTA-UC-FOTOS-DE-DALIA-CHIU-25-MAYO-2018-6-768x512.jpg 768w, https:\/\/www.pressenza.com\/wp-content\/uploads\/2018\/05\/TOMA-FEMINISTA-UC-FOTOS-DE-DALIA-CHIU-25-MAYO-2018-6.jpg 2048w\" sizes=\"auto, (max-width: 720px) 100vw, 720px\" \/><\/a><br \/>\n<a href=\"https:\/\/www.pressenza.com\/wp-content\/uploads\/2018\/05\/TOMA-FEMINISTA-UC-FOTOS-DE-DALIA-CHIU-25-MAYO-2018-5.jpg\"><img loading=\"lazy\" decoding=\"async\" src=\"https:\/\/www.pressenza.com\/wp-content\/uploads\/2018\/05\/TOMA-FEMINISTA-UC-FOTOS-DE-DALIA-CHIU-25-MAYO-2018-5-720x480.jpg\" alt=\"\" width=\"720\" height=\"480\" class=\"alignleft size-large wp-image-647268\" srcset=\"https:\/\/www.pressenza.com\/wp-content\/uploads\/2018\/05\/TOMA-FEMINISTA-UC-FOTOS-DE-DALIA-CHIU-25-MAYO-2018-5-720x480.jpg 720w, https:\/\/www.pressenza.com\/wp-content\/uploads\/2018\/05\/TOMA-FEMINISTA-UC-FOTOS-DE-DALIA-CHIU-25-MAYO-2018-5-300x200.jpg 300w, https:\/\/www.pressenza.com\/wp-content\/uploads\/2018\/05\/TOMA-FEMINISTA-UC-FOTOS-DE-DALIA-CHIU-25-MAYO-2018-5-768x512.jpg 768w, https:\/\/www.pressenza.com\/wp-content\/uploads\/2018\/05\/TOMA-FEMINISTA-UC-FOTOS-DE-DALIA-CHIU-25-MAYO-2018-5.jpg 2048w\" sizes=\"auto, (max-width: 720px) 100vw, 720px\" \/><\/a><br \/>\n<a href=\"https:\/\/www.pressenza.com\/wp-content\/uploads\/2018\/05\/TOMA-FEMINISTA-UC-FOTOS-DE-DALIA-CHIU-25-MAYO-2018-4.jpg\"><img loading=\"lazy\" decoding=\"async\" src=\"https:\/\/www.pressenza.com\/wp-content\/uploads\/2018\/05\/TOMA-FEMINISTA-UC-FOTOS-DE-DALIA-CHIU-25-MAYO-2018-4-720x480.jpg\" alt=\"\" width=\"720\" height=\"480\" class=\"alignleft size-large wp-image-647259\" srcset=\"https:\/\/www.pressenza.com\/wp-content\/uploads\/2018\/05\/TOMA-FEMINISTA-UC-FOTOS-DE-DALIA-CHIU-25-MAYO-2018-4-720x480.jpg 720w, https:\/\/www.pressenza.com\/wp-content\/uploads\/2018\/05\/TOMA-FEMINISTA-UC-FOTOS-DE-DALIA-CHIU-25-MAYO-2018-4-300x200.jpg 300w, https:\/\/www.pressenza.com\/wp-content\/uploads\/2018\/05\/TOMA-FEMINISTA-UC-FOTOS-DE-DALIA-CHIU-25-MAYO-2018-4-768x512.jpg 768w, https:\/\/www.pressenza.com\/wp-content\/uploads\/2018\/05\/TOMA-FEMINISTA-UC-FOTOS-DE-DALIA-CHIU-25-MAYO-2018-4.jpg 2048w\" sizes=\"auto, (max-width: 720px) 100vw, 720px\" \/><\/a><br \/>\n<a href=\"https:\/\/www.pressenza.com\/wp-content\/uploads\/2018\/05\/TOMA-FEMINISTA-UC-FOTOS-DE-DALIA-CHIU-25-MAYO-2018-1.jpg\"><img loading=\"lazy\" decoding=\"async\" src=\"https:\/\/www.pressenza.com\/wp-content\/uploads\/2018\/05\/TOMA-FEMINISTA-UC-FOTOS-DE-DALIA-CHIU-25-MAYO-2018-1-720x480.jpg\" alt=\"\" width=\"720\" height=\"480\" class=\"alignleft size-large wp-image-647240\" srcset=\"https:\/\/www.pressenza.com\/wp-content\/uploads\/2018\/05\/TOMA-FEMINISTA-UC-FOTOS-DE-DALIA-CHIU-25-MAYO-2018-1-720x480.jpg 720w, https:\/\/www.pressenza.com\/wp-content\/uploads\/2018\/05\/TOMA-FEMINISTA-UC-FOTOS-DE-DALIA-CHIU-25-MAYO-2018-1-300x200.jpg 300w, https:\/\/www.pressenza.com\/wp-content\/uploads\/2018\/05\/TOMA-FEMINISTA-UC-FOTOS-DE-DALIA-CHIU-25-MAYO-2018-1-768x512.jpg 768w, https:\/\/www.pressenza.com\/wp-content\/uploads\/2018\/05\/TOMA-FEMINISTA-UC-FOTOS-DE-DALIA-CHIU-25-MAYO-2018-1.jpg 2048w\" sizes=\"auto, (max-width: 720px) 100vw, 720px\" \/><\/a><\/p>\n","protected":false},"excerpt":{"rendered":"<p>Alrededor de unas cien estudiantes mujeres se tomaron la casa central de la Universidad Cat\u00f3lica: una toma in\u00e9dita, una toma feminista. Su petitorio es claro; no a la discriminaci\u00f3n, no a la educaci\u00f3n sexista, respeto a las diversidades entre otras&hellip;<\/p>\n","protected":false},"author":1510,"featured_media":647229,"comment_status":"closed","ping_status":"closed","sticky":false,"template":"","format":"standard","meta":{"footnotes":""},"categories":[11389,79,1241,5667,1242,67],"tags":[29,45319,4922,4332,1025,8641],"class_list":["post-647386","post","type-post","status-publish","format-standard","has-post-thumbnail","hentry","category-contenido-original","category-derechos-humanos","category-diversidad","category-foto-reportajes","category-noviolencia-tema","category-sudamerica","tag-chile","tag-educacion-no-sexista","tag-estudiantes","tag-feminismo","tag-mujeres","tag-santiago"],"yoast_head":"<!-- This site is optimized with the Yoast SEO plugin v27.1.1 - https:\/\/yoast.com\/product\/yoast-seo-wordpress\/ -->\n<title>Chile: Toma feminista en la UC<\/title>\n<meta name=\"description\" content=\"Alrededor de unas cien estudiantes mujeres se tomaron la casa central de la Universidad Cat\u00f3lica: una toma in\u00e9dita, una toma feminista. Su petitorio es\" \/>\n<meta name=\"robots\" content=\"index, follow, max-snippet:-1, max-image-preview:large, max-video-preview:-1\" \/>\n<link rel=\"canonical\" href=\"https:\/\/www.pressenza.com\/es\/2018\/05\/chile-toma-feminista-la-uc\/\" \/>\n<meta property=\"og:locale\" content=\"es_ES\" \/>\n<meta property=\"og:type\" content=\"article\" \/>\n<meta property=\"og:title\" content=\"Chile: Toma feminista en la UC\" \/>\n<meta property=\"og:description\" content=\"Alrededor de unas cien estudiantes mujeres se tomaron la casa central de la Universidad Cat\u00f3lica: una toma in\u00e9dita, una toma feminista. Su petitorio es\" \/>\n<meta property=\"og:url\" content=\"https:\/\/www.pressenza.com\/es\/2018\/05\/chile-toma-feminista-la-uc\/\" \/>\n<meta property=\"og:site_name\" content=\"Pressenza\" \/>\n<meta property=\"article:publisher\" content=\"https:\/\/www.facebook.com\/PressenzaItalia\" \/>\n<meta property=\"article:published_time\" content=\"2018-05-28T13:56:58+00:00\" \/>\n<meta property=\"og:image\" content=\"https:\/\/www.pressenza.com\/wp-content\/uploads\/2018\/05\/TOMA-FEMINISTA-UC-FOTOS-DE-DALIA-CHIU-25-MAYO-2018-9.jpg\" \/>\n\t<meta property=\"og:image:width\" content=\"2048\" \/>\n\t<meta property=\"og:image:height\" content=\"1365\" \/>\n\t<meta property=\"og:image:type\" content=\"image\/jpeg\" \/>\n<meta name=\"author\" content=\"Dalia Chiu S.\" \/>\n<meta name=\"twitter:card\" content=\"summary_large_image\" \/>\n<meta name=\"twitter:creator\" content=\"@PressenzaIPA\" \/>\n<meta name=\"twitter:site\" content=\"@PressenzaIPA\" \/>\n<meta name=\"twitter:label1\" content=\"Escrito por\" \/>\n\t<meta name=\"twitter:data1\" content=\"Dalia Chiu S.\" \/>\n\t<meta name=\"twitter:label2\" content=\"Tiempo de lectura\" \/>\n\t<meta name=\"twitter:data2\" content=\"1 minuto\" \/>\n<script type=\"application\/ld+json\" class=\"yoast-schema-graph\">{\"@context\":\"https:\/\/schema.org\",\"@graph\":[{\"@type\":\"Article\",\"@id\":\"https:\/\/www.pressenza.com\/es\/2018\/05\/chile-toma-feminista-la-uc\/#article\",\"isPartOf\":{\"@id\":\"https:\/\/www.pressenza.com\/es\/2018\/05\/chile-toma-feminista-la-uc\/\"},\"author\":{\"name\":\"Dalia Chiu S.\",\"@id\":\"https:\/\/www.pressenza.com\/es\/#\/schema\/person\/7bde354a3d9ffb1b22919c581d0357ea\"},\"headline\":\"Chile: Toma feminista en la UC\",\"datePublished\":\"2018-05-28T13:56:58+00:00\",\"mainEntityOfPage\":{\"@id\":\"https:\/\/www.pressenza.com\/es\/2018\/05\/chile-toma-feminista-la-uc\/\"},\"wordCount\":202,\"publisher\":{\"@id\":\"https:\/\/www.pressenza.com\/es\/#organization\"},\"image\":{\"@id\":\"https:\/\/www.pressenza.com\/es\/2018\/05\/chile-toma-feminista-la-uc\/#primaryimage\"},\"thumbnailUrl\":\"https:\/\/www.pressenza.com\/wp-content\/uploads\/2018\/05\/TOMA-FEMINISTA-UC-FOTOS-DE-DALIA-CHIU-25-MAYO-2018-9.jpg\",\"keywords\":[\"Chile\",\"EDUCACI\u00d3N NO SEXISTA\",\"estudiantes\",\"feminismo\",\"Mujeres\",\"Santiago\"],\"articleSection\":[\"Contenido Original\",\"Derechos Humanos\",\"Diversidad\",\"Fotorreportajes\",\"Noviolencia\",\"Sudam\u00e9rica\"],\"inLanguage\":\"es\"},{\"@type\":\"WebPage\",\"@id\":\"https:\/\/www.pressenza.com\/es\/2018\/05\/chile-toma-feminista-la-uc\/\",\"url\":\"https:\/\/www.pressenza.com\/es\/2018\/05\/chile-toma-feminista-la-uc\/\",\"name\":\"Chile: Toma feminista en la UC\",\"isPartOf\":{\"@id\":\"https:\/\/www.pressenza.com\/es\/#website\"},\"primaryImageOfPage\":{\"@id\":\"https:\/\/www.pressenza.com\/es\/2018\/05\/chile-toma-feminista-la-uc\/#primaryimage\"},\"image\":{\"@id\":\"https:\/\/www.pressenza.com\/es\/2018\/05\/chile-toma-feminista-la-uc\/#primaryimage\"},\"thumbnailUrl\":\"https:\/\/www.pressenza.com\/wp-content\/uploads\/2018\/05\/TOMA-FEMINISTA-UC-FOTOS-DE-DALIA-CHIU-25-MAYO-2018-9.jpg\",\"datePublished\":\"2018-05-28T13:56:58+00:00\",\"description\":\"Alrededor de unas cien estudiantes mujeres se tomaron la casa central de la Universidad Cat\u00f3lica: una toma in\u00e9dita, una toma feminista. Su petitorio es\",\"breadcrumb\":{\"@id\":\"https:\/\/www.pressenza.com\/es\/2018\/05\/chile-toma-feminista-la-uc\/#breadcrumb\"},\"inLanguage\":\"es\",\"potentialAction\":[{\"@type\":\"ReadAction\",\"target\":[\"https:\/\/www.pressenza.com\/es\/2018\/05\/chile-toma-feminista-la-uc\/\"]}]},{\"@type\":\"ImageObject\",\"inLanguage\":\"es\",\"@id\":\"https:\/\/www.pressenza.com\/es\/2018\/05\/chile-toma-feminista-la-uc\/#primaryimage\",\"url\":\"https:\/\/www.pressenza.com\/wp-content\/uploads\/2018\/05\/TOMA-FEMINISTA-UC-FOTOS-DE-DALIA-CHIU-25-MAYO-2018-9.jpg\",\"contentUrl\":\"https:\/\/www.pressenza.com\/wp-content\/uploads\/2018\/05\/TOMA-FEMINISTA-UC-FOTOS-DE-DALIA-CHIU-25-MAYO-2018-9.jpg\",\"width\":2048,\"height\":1365},{\"@type\":\"BreadcrumbList\",\"@id\":\"https:\/\/www.pressenza.com\/es\/2018\/05\/chile-toma-feminista-la-uc\/#breadcrumb\",\"itemListElement\":[{\"@type\":\"ListItem\",\"position\":1,\"name\":\"Accueil\",\"item\":\"https:\/\/www.pressenza.com\/es\/\"},{\"@type\":\"ListItem\",\"position\":2,\"name\":\"Chile: Toma feminista en la UC\"}]},{\"@type\":\"WebSite\",\"@id\":\"https:\/\/www.pressenza.com\/es\/#website\",\"url\":\"https:\/\/www.pressenza.com\/es\/\",\"name\":\"Pressenza\",\"description\":\"International Press Agency\",\"publisher\":{\"@id\":\"https:\/\/www.pressenza.com\/es\/#organization\"},\"potentialAction\":[{\"@type\":\"SearchAction\",\"target\":{\"@type\":\"EntryPoint\",\"urlTemplate\":\"https:\/\/www.pressenza.com\/es\/?s={search_term_string}\"},\"query-input\":{\"@type\":\"PropertyValueSpecification\",\"valueRequired\":true,\"valueName\":\"search_term_string\"}}],\"inLanguage\":\"es\"},{\"@type\":\"Organization\",\"@id\":\"https:\/\/www.pressenza.com\/es\/#organization\",\"name\":\"Pressenza\",\"url\":\"https:\/\/www.pressenza.com\/es\/\",\"logo\":{\"@type\":\"ImageObject\",\"inLanguage\":\"es\",\"@id\":\"https:\/\/www.pressenza.com\/es\/#\/schema\/logo\/image\/\",\"url\":\"https:\/\/www.pressenza.com\/wp-content\/uploads\/2022\/10\/pressenza_logo_200x200.jpg\",\"contentUrl\":\"https:\/\/www.pressenza.com\/wp-content\/uploads\/2022\/10\/pressenza_logo_200x200.jpg\",\"width\":200,\"height\":200,\"caption\":\"Pressenza\"},\"image\":{\"@id\":\"https:\/\/www.pressenza.com\/es\/#\/schema\/logo\/image\/\"},\"sameAs\":[\"https:\/\/www.facebook.com\/PressenzaItalia\",\"https:\/\/x.com\/PressenzaIPA\"]},{\"@type\":\"Person\",\"@id\":\"https:\/\/www.pressenza.com\/es\/#\/schema\/person\/7bde354a3d9ffb1b22919c581d0357ea\",\"name\":\"Dalia Chiu S.\",\"description\":\"Ge\u00f3loga de la Universidad de Chile, nacida en Santiago en 1954\",\"url\":\"https:\/\/www.pressenza.com\/es\/author\/dalia-chiu\/\"}]}<\/script>\n<!-- \/ Yoast SEO plugin. -->","yoast_head_json":{"title":"Chile: Toma feminista en la UC","description":"Alrededor de unas cien estudiantes mujeres se tomaron la casa central de la Universidad Cat\u00f3lica: una toma in\u00e9dita, una toma feminista. Su petitorio es","robots":{"index":"index","follow":"follow","max-snippet":"max-snippet:-1","max-image-preview":"max-image-preview:large","max-video-preview":"max-video-preview:-1"},"canonical":"https:\/\/www.pressenza.com\/es\/2018\/05\/chile-toma-feminista-la-uc\/","og_locale":"es_ES","og_type":"article","og_title":"Chile: Toma feminista en la UC","og_description":"Alrededor de unas cien estudiantes mujeres se tomaron la casa central de la Universidad Cat\u00f3lica: una toma in\u00e9dita, una toma feminista. Su petitorio es","og_url":"https:\/\/www.pressenza.com\/es\/2018\/05\/chile-toma-feminista-la-uc\/","og_site_name":"Pressenza","article_publisher":"https:\/\/www.facebook.com\/PressenzaItalia","article_published_time":"2018-05-28T13:56:58+00:00","og_image":[{"width":2048,"height":1365,"url":"https:\/\/www.pressenza.com\/wp-content\/uploads\/2018\/05\/TOMA-FEMINISTA-UC-FOTOS-DE-DALIA-CHIU-25-MAYO-2018-9.jpg","type":"image\/jpeg"}],"author":"Dalia Chiu S.","twitter_card":"summary_large_image","twitter_creator":"@PressenzaIPA","twitter_site":"@PressenzaIPA","twitter_misc":{"Escrito por":"Dalia Chiu S.","Tiempo de lectura":"1 minuto"},"schema":{"@context":"https:\/\/schema.org","@graph":[{"@type":"Article","@id":"https:\/\/www.pressenza.com\/es\/2018\/05\/chile-toma-feminista-la-uc\/#article","isPartOf":{"@id":"https:\/\/www.pressenza.com\/es\/2018\/05\/chile-toma-feminista-la-uc\/"},"author":{"name":"Dalia Chiu S.","@id":"https:\/\/www.pressenza.com\/es\/#\/schema\/person\/7bde354a3d9ffb1b22919c581d0357ea"},"headline":"Chile: Toma feminista en la UC","datePublished":"2018-05-28T13:56:58+00:00","mainEntityOfPage":{"@id":"https:\/\/www.pressenza.com\/es\/2018\/05\/chile-toma-feminista-la-uc\/"},"wordCount":202,"publisher":{"@id":"https:\/\/www.pressenza.com\/es\/#organization"},"image":{"@id":"https:\/\/www.pressenza.com\/es\/2018\/05\/chile-toma-feminista-la-uc\/#primaryimage"},"thumbnailUrl":"https:\/\/www.pressenza.com\/wp-content\/uploads\/2018\/05\/TOMA-FEMINISTA-UC-FOTOS-DE-DALIA-CHIU-25-MAYO-2018-9.jpg","keywords":["Chile","EDUCACI\u00d3N NO SEXISTA","estudiantes","feminismo","Mujeres","Santiago"],"articleSection":["Contenido Original","Derechos Humanos","Diversidad","Fotorreportajes","Noviolencia","Sudam\u00e9rica"],"inLanguage":"es"},{"@type":"WebPage","@id":"https:\/\/www.pressenza.com\/es\/2018\/05\/chile-toma-feminista-la-uc\/","url":"https:\/\/www.pressenza.com\/es\/2018\/05\/chile-toma-feminista-la-uc\/","name":"Chile: Toma feminista en la UC","isPartOf":{"@id":"https:\/\/www.pressenza.com\/es\/#website"},"primaryImageOfPage":{"@id":"https:\/\/www.pressenza.com\/es\/2018\/05\/chile-toma-feminista-la-uc\/#primaryimage"},"image":{"@id":"https:\/\/www.pressenza.com\/es\/2018\/05\/chile-toma-feminista-la-uc\/#primaryimage"},"thumbnailUrl":"https:\/\/www.pressenza.com\/wp-content\/uploads\/2018\/05\/TOMA-FEMINISTA-UC-FOTOS-DE-DALIA-CHIU-25-MAYO-2018-9.jpg","datePublished":"2018-05-28T13:56:58+00:00","description":"Alrededor de unas cien estudiantes mujeres se tomaron la casa central de la Universidad Cat\u00f3lica: una toma in\u00e9dita, una toma feminista. Su petitorio es","breadcrumb":{"@id":"https:\/\/www.pressenza.com\/es\/2018\/05\/chile-toma-feminista-la-uc\/#breadcrumb"},"inLanguage":"es","potentialAction":[{"@type":"ReadAction","target":["https:\/\/www.pressenza.com\/es\/2018\/05\/chile-toma-feminista-la-uc\/"]}]},{"@type":"ImageObject","inLanguage":"es","@id":"https:\/\/www.pressenza.com\/es\/2018\/05\/chile-toma-feminista-la-uc\/#primaryimage","url":"https:\/\/www.pressenza.com\/wp-content\/uploads\/2018\/05\/TOMA-FEMINISTA-UC-FOTOS-DE-DALIA-CHIU-25-MAYO-2018-9.jpg","contentUrl":"https:\/\/www.pressenza.com\/wp-content\/uploads\/2018\/05\/TOMA-FEMINISTA-UC-FOTOS-DE-DALIA-CHIU-25-MAYO-2018-9.jpg","width":2048,"height":1365},{"@type":"BreadcrumbList","@id":"https:\/\/www.pressenza.com\/es\/2018\/05\/chile-toma-feminista-la-uc\/#breadcrumb","itemListElement":[{"@type":"ListItem","position":1,"name":"Accueil","item":"https:\/\/www.pressenza.com\/es\/"},{"@type":"ListItem","position":2,"name":"Chile: Toma feminista en la UC"}]},{"@type":"WebSite","@id":"https:\/\/www.pressenza.com\/es\/#website","url":"https:\/\/www.pressenza.com\/es\/","name":"Pressenza","description":"International Press Agency","publisher":{"@id":"https:\/\/www.pressenza.com\/es\/#organization"},"potentialAction":[{"@type":"SearchAction","target":{"@type":"EntryPoint","urlTemplate":"https:\/\/www.pressenza.com\/es\/?s={search_term_string}"},"query-input":{"@type":"PropertyValueSpecification","valueRequired":true,"valueName":"search_term_string"}}],"inLanguage":"es"},{"@type":"Organization","@id":"https:\/\/www.pressenza.com\/es\/#organization","name":"Pressenza","url":"https:\/\/www.pressenza.com\/es\/","logo":{"@type":"ImageObject","inLanguage":"es","@id":"https:\/\/www.pressenza.com\/es\/#\/schema\/logo\/image\/","url":"https:\/\/www.pressenza.com\/wp-content\/uploads\/2022\/10\/pressenza_logo_200x200.jpg","contentUrl":"https:\/\/www.pressenza.com\/wp-content\/uploads\/2022\/10\/pressenza_logo_200x200.jpg","width":200,"height":200,"caption":"Pressenza"},"image":{"@id":"https:\/\/www.pressenza.com\/es\/#\/schema\/logo\/image\/"},"sameAs":["https:\/\/www.facebook.com\/PressenzaItalia","https:\/\/x.com\/PressenzaIPA"]},{"@type":"Person","@id":"https:\/\/www.pressenza.com\/es\/#\/schema\/person\/7bde354a3d9ffb1b22919c581d0357ea","name":"Dalia Chiu S.","description":"Ge\u00f3loga de la Universidad de Chile, nacida en Santiago en 1954","url":"https:\/\/www.pressenza.com\/es\/author\/dalia-chiu\/"}]}},"place":"","original_article_url":"","_links":{"self":[{"href":"https:\/\/www.pressenza.com\/es\/wp-json\/wp\/v2\/posts\/647386","targetHints":{"allow":["GET"]}}],"collection":[{"href":"https:\/\/www.pressenza.com\/es\/wp-json\/wp\/v2\/posts"}],"about":[{"href":"https:\/\/www.pressenza.com\/es\/wp-json\/wp\/v2\/types\/post"}],"author":[{"embeddable":true,"href":"https:\/\/www.pressenza.com\/es\/wp-json\/wp\/v2\/users\/1510"}],"replies":[{"embeddable":true,"href":"https:\/\/www.pressenza.com\/es\/wp-json\/wp\/v2\/comments?post=647386"}],"version-history":[{"count":0,"href":"https:\/\/www.pressenza.com\/es\/wp-json\/wp\/v2\/posts\/647386\/revisions"}],"wp:featuredmedia":[{"embeddable":true,"href":"https:\/\/www.pressenza.com\/es\/wp-json\/wp\/v2\/media\/647229"}],"wp:attachment":[{"href":"https:\/\/www.pressenza.com\/es\/wp-json\/wp\/v2\/media?parent=647386"}],"wp:term":[{"taxonomy":"category","embeddable":true,"href":"https:\/\/www.pressenza.com\/es\/wp-json\/wp\/v2\/categories?post=647386"},{"taxonomy":"post_tag","embeddable":true,"href":"https:\/\/www.pressenza.com\/es\/wp-json\/wp\/v2\/tags?post=647386"}],"curies":[{"name":"wp","href":"https:\/\/api.w.org\/{rel}","templated":true}]}}