{"id":643372,"date":"2018-05-20T23:51:07","date_gmt":"2018-05-20T22:51:07","guid":{"rendered":"https:\/\/www.pressenza.com\/?p=643372"},"modified":"2018-05-23T14:33:31","modified_gmt":"2018-05-23T13:33:31","slug":"mario-aguilar-rol-significado-la-educacion","status":"publish","type":"post","link":"https:\/\/www.pressenza.com\/es\/2018\/05\/mario-aguilar-rol-significado-la-educacion\/","title":{"rendered":"Mario Aguilar: rol y significado de la educaci\u00f3n"},"content":{"rendered":"<p>Al Presidente del Colegio de Profesores de Chile le preocupa las condiciones de trabajo de los profesores, y que ello sirva para que los docentes puedan ayudar a que sus alumnos saquen lo mejor de s\u00ed mismos como seres humanos; puedan expresar su m\u00e1ximo potencial. \u00c9ste es el rol que ha de tener la educaci\u00f3n desde una mirada humanista.<\/p>\n<p>Esta entrevista ha sido grabada durante el Foro Humanista Europeo. Mario Aguilar ha participado como ponente en las \u00e1reas de Educaci\u00f3n y Derechos Humanos.<\/p>\n<p>(Transcripci\u00f3n abajo)<\/p>\n<p><iframe loading=\"lazy\" title=\"Mario Aguilar: rol y significado de la educaci\u00f3n\" width=\"500\" height=\"281\" src=\"https:\/\/www.youtube.com\/embed\/OvXCkuE2hhI?feature=oembed\" frameborder=\"0\" allow=\"accelerometer; autoplay; clipboard-write; encrypted-media; gyroscope; picture-in-picture; web-share\" referrerpolicy=\"strict-origin-when-cross-origin\" allowfullscreen><\/iframe><\/p>\n<p>Bueno, la esencia de nuestro trabajo es rescatar el verdadero sentido de la educaci\u00f3n. La etimolog\u00eda de la palabra educaci\u00f3n es \u00abeducere\u00bb que viene del lat\u00edn que es \u00abextraer\u00bb.<\/p>\n<p>El ser humano trae y eso es una visi\u00f3n que el humanismo tiene tambi\u00e9n. El ser humano trae un equipamiento, trae una potencialidad que est\u00e1 en todos los seres humanos y cuando t\u00fa educas \u00abeducere\u00bb, extraes.<\/p>\n<p>La educaci\u00f3n es para extraer eso, para posibilitar que esa potencial se exprese y que el ser humano pueda alcanzar su m\u00e1xima evoluci\u00f3n, su m\u00e1ximo potencial personal.\u00a0 Llegando desde la capacidad de satisfacer las necesidades b\u00e1sicas pero hasta los temas de la trascendencia, el desarrollo espiritual.<\/p>\n<p>Todo eso es motivo y causa de la verdadera educaci\u00f3n pero esa educaci\u00f3n la han empeque\u00f1ecido.<\/p>\n<p>Entonces para nosotros como humanistas, el sentido de hacer lo que hacemos es mejorar las condiciones de trabajo de los docentes pero para que los docentes a su vez puedan hacer verdadera educaci\u00f3n.\u00a0 Y verdadera educaci\u00f3n es entregar a los ni\u00f1os posibilidades de que desarrollen ese potencial que est\u00e1 en todos, y que finalmente la b\u00fasqueda de la educaci\u00f3n \u2013 y lo planteamos tambi\u00e9n en el libro de Pedagog\u00eda de la Intencionalidad, que escribimos con Rebeca Bize \u2013 es que el ser humano desarrolla esas capacidades para que en un determinado momento de su vida, cuando va entrando a la etapa adulta, pueda desarrollar su proyecto de vida aut\u00f3nomamente y con un sentido lo m\u00e1s trascendente, o hacia lo m\u00e1s elevado que est\u00e1 en el ser humano, que es finalmente el desarrollo espiritual.<\/p>\n<p>Eso que es algo muy sentido para el humanismo es tambi\u00e9n lo que yo creo en la finalidad principal de la educaci\u00f3n.<\/p>\n<p>Hoy, lo vimos en la charla en la ma\u00f1ana en la mesa la educaci\u00f3n, hoy es una educaci\u00f3n hacia la productividad hacia el modelo econ\u00f3mico, preparar mano de obra para ese modelo econ\u00f3mico.<\/p>\n<p>Es una educaci\u00f3n estandarizada. Es decir, solo basado en resultados cuantitativos. Pero eso no es \u201cextraer\u201d. Eso no es la finalidad verdadera de la educaci\u00f3n. Y por eso nuestra lucha tambi\u00e9n como gremio docente es rescatar esa esencia en educaci\u00f3n v\u00eda los docentes.<\/p>\n","protected":false},"excerpt":{"rendered":"<p>Al Presidente del Colegio de Profesores de Chile le preocupa las condiciones de trabajo de los profesores, y que ello sirva para que los docentes puedan ayudar a que sus alumnos saquen lo mejor de s\u00ed mismos como seres humanos;&hellip;<\/p>\n","protected":false},"author":19,"featured_media":644294,"comment_status":"closed","ping_status":"closed","sticky":false,"template":"","format":"standard","meta":{"footnotes":""},"categories":[11389,1230,155,39],"tags":[45285,45288,45286,45287,45586,46263,43429,1065,7784,46262,3061],"class_list":["post-643372","post","type-post","status-publish","format-standard","has-post-thumbnail","hentry","category-contenido-original","category-educacion-tema","category-entrevistas","category-internacional","tag-fhe2018","tag-forohumanistaeuropeo","tag-fue2018","tag-loquenosune","tag-whatunitesus","tag-colegio-profesores-de-chile","tag-ehf2018","tag-espana","tag-mario-aguilar","tag-nacionhumanauniversal","tag-pedagogia-de-la-intencionalidad"],"yoast_head":"<!-- This site is optimized with the Yoast SEO plugin v27.1.1 - https:\/\/yoast.com\/product\/yoast-seo-wordpress\/ -->\n<title>Mario Aguilar: rol y significado de la educaci\u00f3n<\/title>\n<meta name=\"description\" content=\"Al Presidente del Colegio de Profesores de Chile le preocupa las condiciones de trabajo de los profesores, y que ello sirva para que los docentes puedan\" \/>\n<meta name=\"robots\" content=\"index, follow, max-snippet:-1, max-image-preview:large, max-video-preview:-1\" \/>\n<link rel=\"canonical\" href=\"https:\/\/www.pressenza.com\/es\/2018\/05\/mario-aguilar-rol-significado-la-educacion\/\" \/>\n<meta property=\"og:locale\" content=\"es_ES\" \/>\n<meta property=\"og:type\" content=\"article\" \/>\n<meta property=\"og:title\" content=\"Mario Aguilar: rol y significado de la educaci\u00f3n\" \/>\n<meta property=\"og:description\" content=\"Al Presidente del Colegio de Profesores de Chile le preocupa las condiciones de trabajo de los profesores, y que ello sirva para que los docentes puedan\" \/>\n<meta property=\"og:url\" content=\"https:\/\/www.pressenza.com\/es\/2018\/05\/mario-aguilar-rol-significado-la-educacion\/\" \/>\n<meta property=\"og:site_name\" content=\"Pressenza\" \/>\n<meta property=\"article:publisher\" content=\"https:\/\/www.facebook.com\/PressenzaItalia\" \/>\n<meta property=\"article:author\" content=\"https:\/\/www.facebook.com\/pressenza\" \/>\n<meta property=\"article:published_time\" content=\"2018-05-20T22:51:07+00:00\" \/>\n<meta property=\"article:modified_time\" content=\"2018-05-23T13:33:31+00:00\" \/>\n<meta property=\"og:image\" content=\"https:\/\/www.pressenza.com\/wp-content\/uploads\/2018\/05\/Mario-Aguilar-rol-y-sentido-de-la-educacion.jpg\" \/>\n\t<meta property=\"og:image:width\" content=\"750\" \/>\n\t<meta property=\"og:image:height\" content=\"542\" \/>\n\t<meta property=\"og:image:type\" content=\"image\/jpeg\" \/>\n<meta name=\"author\" content=\"Pressenza IPA\" \/>\n<meta name=\"twitter:card\" content=\"summary_large_image\" \/>\n<meta name=\"twitter:creator\" content=\"@PressenzaIPA\" \/>\n<meta name=\"twitter:site\" content=\"@PressenzaIPA\" \/>\n<meta name=\"twitter:label1\" content=\"Escrito por\" \/>\n\t<meta name=\"twitter:data1\" content=\"Pressenza IPA\" \/>\n\t<meta name=\"twitter:label2\" content=\"Tiempo de lectura\" \/>\n\t<meta name=\"twitter:data2\" content=\"2 minutos\" \/>\n<script type=\"application\/ld+json\" class=\"yoast-schema-graph\">{\"@context\":\"https:\/\/schema.org\",\"@graph\":[{\"@type\":\"Article\",\"@id\":\"https:\/\/www.pressenza.com\/es\/2018\/05\/mario-aguilar-rol-significado-la-educacion\/#article\",\"isPartOf\":{\"@id\":\"https:\/\/www.pressenza.com\/es\/2018\/05\/mario-aguilar-rol-significado-la-educacion\/\"},\"author\":{\"name\":\"Pressenza IPA\",\"@id\":\"https:\/\/www.pressenza.com\/es\/#\/schema\/person\/010e5d02bcf40965427a1289a4cc8d75\"},\"headline\":\"Mario Aguilar: rol y significado de la educaci\u00f3n\",\"datePublished\":\"2018-05-20T22:51:07+00:00\",\"dateModified\":\"2018-05-23T13:33:31+00:00\",\"mainEntityOfPage\":{\"@id\":\"https:\/\/www.pressenza.com\/es\/2018\/05\/mario-aguilar-rol-significado-la-educacion\/\"},\"wordCount\":497,\"publisher\":{\"@id\":\"https:\/\/www.pressenza.com\/es\/#organization\"},\"image\":{\"@id\":\"https:\/\/www.pressenza.com\/es\/2018\/05\/mario-aguilar-rol-significado-la-educacion\/#primaryimage\"},\"thumbnailUrl\":\"https:\/\/www.pressenza.com\/wp-content\/uploads\/2018\/05\/Mario-Aguilar-rol-y-sentido-de-la-educacion.jpg\",\"keywords\":[\"#FHE2018\",\"#ForoHumanistaEuropeo\",\"#FUE2018\",\"#LoQueNosUne\",\"#WhatUnitesUs\",\"Colegio Profesores de Chile\",\"EHF2018\",\"Espa\u00f1a\",\"Mario Aguilar\",\"Naci\u00f3nHumanaUniversal\",\"Pedagog\u00eda de la Intencionalidad\"],\"articleSection\":[\"Contenido Original\",\"Educaci\u00f3n\",\"Entrevistas\",\"Internacional\"],\"inLanguage\":\"es\"},{\"@type\":\"WebPage\",\"@id\":\"https:\/\/www.pressenza.com\/es\/2018\/05\/mario-aguilar-rol-significado-la-educacion\/\",\"url\":\"https:\/\/www.pressenza.com\/es\/2018\/05\/mario-aguilar-rol-significado-la-educacion\/\",\"name\":\"Mario Aguilar: rol y significado de la educaci\u00f3n\",\"isPartOf\":{\"@id\":\"https:\/\/www.pressenza.com\/es\/#website\"},\"primaryImageOfPage\":{\"@id\":\"https:\/\/www.pressenza.com\/es\/2018\/05\/mario-aguilar-rol-significado-la-educacion\/#primaryimage\"},\"image\":{\"@id\":\"https:\/\/www.pressenza.com\/es\/2018\/05\/mario-aguilar-rol-significado-la-educacion\/#primaryimage\"},\"thumbnailUrl\":\"https:\/\/www.pressenza.com\/wp-content\/uploads\/2018\/05\/Mario-Aguilar-rol-y-sentido-de-la-educacion.jpg\",\"datePublished\":\"2018-05-20T22:51:07+00:00\",\"dateModified\":\"2018-05-23T13:33:31+00:00\",\"description\":\"Al Presidente del Colegio de Profesores de Chile le preocupa las condiciones de trabajo de los profesores, y que ello sirva para que los docentes puedan\",\"breadcrumb\":{\"@id\":\"https:\/\/www.pressenza.com\/es\/2018\/05\/mario-aguilar-rol-significado-la-educacion\/#breadcrumb\"},\"inLanguage\":\"es\",\"potentialAction\":[{\"@type\":\"ReadAction\",\"target\":[\"https:\/\/www.pressenza.com\/es\/2018\/05\/mario-aguilar-rol-significado-la-educacion\/\"]}]},{\"@type\":\"ImageObject\",\"inLanguage\":\"es\",\"@id\":\"https:\/\/www.pressenza.com\/es\/2018\/05\/mario-aguilar-rol-significado-la-educacion\/#primaryimage\",\"url\":\"https:\/\/www.pressenza.com\/wp-content\/uploads\/2018\/05\/Mario-Aguilar-rol-y-sentido-de-la-educacion.jpg\",\"contentUrl\":\"https:\/\/www.pressenza.com\/wp-content\/uploads\/2018\/05\/Mario-Aguilar-rol-y-sentido-de-la-educacion.jpg\",\"width\":750,\"height\":542,\"caption\":\"Mario Aguilar educacion\"},{\"@type\":\"BreadcrumbList\",\"@id\":\"https:\/\/www.pressenza.com\/es\/2018\/05\/mario-aguilar-rol-significado-la-educacion\/#breadcrumb\",\"itemListElement\":[{\"@type\":\"ListItem\",\"position\":1,\"name\":\"Accueil\",\"item\":\"https:\/\/www.pressenza.com\/es\/\"},{\"@type\":\"ListItem\",\"position\":2,\"name\":\"Mario Aguilar: rol y significado de la educaci\u00f3n\"}]},{\"@type\":\"WebSite\",\"@id\":\"https:\/\/www.pressenza.com\/es\/#website\",\"url\":\"https:\/\/www.pressenza.com\/es\/\",\"name\":\"Pressenza\",\"description\":\"International Press Agency\",\"publisher\":{\"@id\":\"https:\/\/www.pressenza.com\/es\/#organization\"},\"potentialAction\":[{\"@type\":\"SearchAction\",\"target\":{\"@type\":\"EntryPoint\",\"urlTemplate\":\"https:\/\/www.pressenza.com\/es\/?s={search_term_string}\"},\"query-input\":{\"@type\":\"PropertyValueSpecification\",\"valueRequired\":true,\"valueName\":\"search_term_string\"}}],\"inLanguage\":\"es\"},{\"@type\":\"Organization\",\"@id\":\"https:\/\/www.pressenza.com\/es\/#organization\",\"name\":\"Pressenza\",\"url\":\"https:\/\/www.pressenza.com\/es\/\",\"logo\":{\"@type\":\"ImageObject\",\"inLanguage\":\"es\",\"@id\":\"https:\/\/www.pressenza.com\/es\/#\/schema\/logo\/image\/\",\"url\":\"https:\/\/www.pressenza.com\/wp-content\/uploads\/2022\/10\/pressenza_logo_200x200.jpg\",\"contentUrl\":\"https:\/\/www.pressenza.com\/wp-content\/uploads\/2022\/10\/pressenza_logo_200x200.jpg\",\"width\":200,\"height\":200,\"caption\":\"Pressenza\"},\"image\":{\"@id\":\"https:\/\/www.pressenza.com\/es\/#\/schema\/logo\/image\/\"},\"sameAs\":[\"https:\/\/www.facebook.com\/PressenzaItalia\",\"https:\/\/x.com\/PressenzaIPA\"]},{\"@type\":\"Person\",\"@id\":\"https:\/\/www.pressenza.com\/es\/#\/schema\/person\/010e5d02bcf40965427a1289a4cc8d75\",\"name\":\"Pressenza IPA\",\"description\":\"News from Pressenza IPA correspondents\",\"sameAs\":[\"https:\/\/www.facebook.com\/pressenza\",\"https:\/\/x.com\/PressenzaIPA\"],\"url\":\"https:\/\/www.pressenza.com\/es\/author\/pressenza-ipa\/\"}]}<\/script>\n<!-- \/ Yoast SEO plugin. -->","yoast_head_json":{"title":"Mario Aguilar: rol y significado de la educaci\u00f3n","description":"Al Presidente del Colegio de Profesores de Chile le preocupa las condiciones de trabajo de los profesores, y que ello sirva para que los docentes puedan","robots":{"index":"index","follow":"follow","max-snippet":"max-snippet:-1","max-image-preview":"max-image-preview:large","max-video-preview":"max-video-preview:-1"},"canonical":"https:\/\/www.pressenza.com\/es\/2018\/05\/mario-aguilar-rol-significado-la-educacion\/","og_locale":"es_ES","og_type":"article","og_title":"Mario Aguilar: rol y significado de la educaci\u00f3n","og_description":"Al Presidente del Colegio de Profesores de Chile le preocupa las condiciones de trabajo de los profesores, y que ello sirva para que los docentes puedan","og_url":"https:\/\/www.pressenza.com\/es\/2018\/05\/mario-aguilar-rol-significado-la-educacion\/","og_site_name":"Pressenza","article_publisher":"https:\/\/www.facebook.com\/PressenzaItalia","article_author":"https:\/\/www.facebook.com\/pressenza","article_published_time":"2018-05-20T22:51:07+00:00","article_modified_time":"2018-05-23T13:33:31+00:00","og_image":[{"width":750,"height":542,"url":"https:\/\/www.pressenza.com\/wp-content\/uploads\/2018\/05\/Mario-Aguilar-rol-y-sentido-de-la-educacion.jpg","type":"image\/jpeg"}],"author":"Pressenza IPA","twitter_card":"summary_large_image","twitter_creator":"@PressenzaIPA","twitter_site":"@PressenzaIPA","twitter_misc":{"Escrito por":"Pressenza IPA","Tiempo de lectura":"2 minutos"},"schema":{"@context":"https:\/\/schema.org","@graph":[{"@type":"Article","@id":"https:\/\/www.pressenza.com\/es\/2018\/05\/mario-aguilar-rol-significado-la-educacion\/#article","isPartOf":{"@id":"https:\/\/www.pressenza.com\/es\/2018\/05\/mario-aguilar-rol-significado-la-educacion\/"},"author":{"name":"Pressenza IPA","@id":"https:\/\/www.pressenza.com\/es\/#\/schema\/person\/010e5d02bcf40965427a1289a4cc8d75"},"headline":"Mario Aguilar: rol y significado de la educaci\u00f3n","datePublished":"2018-05-20T22:51:07+00:00","dateModified":"2018-05-23T13:33:31+00:00","mainEntityOfPage":{"@id":"https:\/\/www.pressenza.com\/es\/2018\/05\/mario-aguilar-rol-significado-la-educacion\/"},"wordCount":497,"publisher":{"@id":"https:\/\/www.pressenza.com\/es\/#organization"},"image":{"@id":"https:\/\/www.pressenza.com\/es\/2018\/05\/mario-aguilar-rol-significado-la-educacion\/#primaryimage"},"thumbnailUrl":"https:\/\/www.pressenza.com\/wp-content\/uploads\/2018\/05\/Mario-Aguilar-rol-y-sentido-de-la-educacion.jpg","keywords":["#FHE2018","#ForoHumanistaEuropeo","#FUE2018","#LoQueNosUne","#WhatUnitesUs","Colegio Profesores de Chile","EHF2018","Espa\u00f1a","Mario Aguilar","Naci\u00f3nHumanaUniversal","Pedagog\u00eda de la Intencionalidad"],"articleSection":["Contenido Original","Educaci\u00f3n","Entrevistas","Internacional"],"inLanguage":"es"},{"@type":"WebPage","@id":"https:\/\/www.pressenza.com\/es\/2018\/05\/mario-aguilar-rol-significado-la-educacion\/","url":"https:\/\/www.pressenza.com\/es\/2018\/05\/mario-aguilar-rol-significado-la-educacion\/","name":"Mario Aguilar: rol y significado de la educaci\u00f3n","isPartOf":{"@id":"https:\/\/www.pressenza.com\/es\/#website"},"primaryImageOfPage":{"@id":"https:\/\/www.pressenza.com\/es\/2018\/05\/mario-aguilar-rol-significado-la-educacion\/#primaryimage"},"image":{"@id":"https:\/\/www.pressenza.com\/es\/2018\/05\/mario-aguilar-rol-significado-la-educacion\/#primaryimage"},"thumbnailUrl":"https:\/\/www.pressenza.com\/wp-content\/uploads\/2018\/05\/Mario-Aguilar-rol-y-sentido-de-la-educacion.jpg","datePublished":"2018-05-20T22:51:07+00:00","dateModified":"2018-05-23T13:33:31+00:00","description":"Al Presidente del Colegio de Profesores de Chile le preocupa las condiciones de trabajo de los profesores, y que ello sirva para que los docentes puedan","breadcrumb":{"@id":"https:\/\/www.pressenza.com\/es\/2018\/05\/mario-aguilar-rol-significado-la-educacion\/#breadcrumb"},"inLanguage":"es","potentialAction":[{"@type":"ReadAction","target":["https:\/\/www.pressenza.com\/es\/2018\/05\/mario-aguilar-rol-significado-la-educacion\/"]}]},{"@type":"ImageObject","inLanguage":"es","@id":"https:\/\/www.pressenza.com\/es\/2018\/05\/mario-aguilar-rol-significado-la-educacion\/#primaryimage","url":"https:\/\/www.pressenza.com\/wp-content\/uploads\/2018\/05\/Mario-Aguilar-rol-y-sentido-de-la-educacion.jpg","contentUrl":"https:\/\/www.pressenza.com\/wp-content\/uploads\/2018\/05\/Mario-Aguilar-rol-y-sentido-de-la-educacion.jpg","width":750,"height":542,"caption":"Mario Aguilar educacion"},{"@type":"BreadcrumbList","@id":"https:\/\/www.pressenza.com\/es\/2018\/05\/mario-aguilar-rol-significado-la-educacion\/#breadcrumb","itemListElement":[{"@type":"ListItem","position":1,"name":"Accueil","item":"https:\/\/www.pressenza.com\/es\/"},{"@type":"ListItem","position":2,"name":"Mario Aguilar: rol y significado de la educaci\u00f3n"}]},{"@type":"WebSite","@id":"https:\/\/www.pressenza.com\/es\/#website","url":"https:\/\/www.pressenza.com\/es\/","name":"Pressenza","description":"International Press Agency","publisher":{"@id":"https:\/\/www.pressenza.com\/es\/#organization"},"potentialAction":[{"@type":"SearchAction","target":{"@type":"EntryPoint","urlTemplate":"https:\/\/www.pressenza.com\/es\/?s={search_term_string}"},"query-input":{"@type":"PropertyValueSpecification","valueRequired":true,"valueName":"search_term_string"}}],"inLanguage":"es"},{"@type":"Organization","@id":"https:\/\/www.pressenza.com\/es\/#organization","name":"Pressenza","url":"https:\/\/www.pressenza.com\/es\/","logo":{"@type":"ImageObject","inLanguage":"es","@id":"https:\/\/www.pressenza.com\/es\/#\/schema\/logo\/image\/","url":"https:\/\/www.pressenza.com\/wp-content\/uploads\/2022\/10\/pressenza_logo_200x200.jpg","contentUrl":"https:\/\/www.pressenza.com\/wp-content\/uploads\/2022\/10\/pressenza_logo_200x200.jpg","width":200,"height":200,"caption":"Pressenza"},"image":{"@id":"https:\/\/www.pressenza.com\/es\/#\/schema\/logo\/image\/"},"sameAs":["https:\/\/www.facebook.com\/PressenzaItalia","https:\/\/x.com\/PressenzaIPA"]},{"@type":"Person","@id":"https:\/\/www.pressenza.com\/es\/#\/schema\/person\/010e5d02bcf40965427a1289a4cc8d75","name":"Pressenza IPA","description":"News from Pressenza IPA correspondents","sameAs":["https:\/\/www.facebook.com\/pressenza","https:\/\/x.com\/PressenzaIPA"],"url":"https:\/\/www.pressenza.com\/es\/author\/pressenza-ipa\/"}]}},"place":"Madrid","original_article_url":"","_links":{"self":[{"href":"https:\/\/www.pressenza.com\/es\/wp-json\/wp\/v2\/posts\/643372","targetHints":{"allow":["GET"]}}],"collection":[{"href":"https:\/\/www.pressenza.com\/es\/wp-json\/wp\/v2\/posts"}],"about":[{"href":"https:\/\/www.pressenza.com\/es\/wp-json\/wp\/v2\/types\/post"}],"author":[{"embeddable":true,"href":"https:\/\/www.pressenza.com\/es\/wp-json\/wp\/v2\/users\/19"}],"replies":[{"embeddable":true,"href":"https:\/\/www.pressenza.com\/es\/wp-json\/wp\/v2\/comments?post=643372"}],"version-history":[{"count":0,"href":"https:\/\/www.pressenza.com\/es\/wp-json\/wp\/v2\/posts\/643372\/revisions"}],"wp:featuredmedia":[{"embeddable":true,"href":"https:\/\/www.pressenza.com\/es\/wp-json\/wp\/v2\/media\/644294"}],"wp:attachment":[{"href":"https:\/\/www.pressenza.com\/es\/wp-json\/wp\/v2\/media?parent=643372"}],"wp:term":[{"taxonomy":"category","embeddable":true,"href":"https:\/\/www.pressenza.com\/es\/wp-json\/wp\/v2\/categories?post=643372"},{"taxonomy":"post_tag","embeddable":true,"href":"https:\/\/www.pressenza.com\/es\/wp-json\/wp\/v2\/tags?post=643372"}],"curies":[{"name":"wp","href":"https:\/\/api.w.org\/{rel}","templated":true}]}}