{"id":642916,"date":"2018-05-19T03:15:35","date_gmt":"2018-05-19T02:15:35","guid":{"rendered":"https:\/\/www.pressenza.com\/?p=642916"},"modified":"2018-05-19T03:15:35","modified_gmt":"2018-05-19T02:15:35","slug":"rosi-baro-de-pressenza-venezuela-en-regional-y-popular-espero-que-el-triunfo-sea-contundente","status":"publish","type":"post","link":"https:\/\/www.pressenza.com\/es\/2018\/05\/rosi-baro-de-pressenza-venezuela-en-regional-y-popular-espero-que-el-triunfo-sea-contundente\/","title":{"rendered":"Rosi Bar\u00f3, de Pressenza Venezuela, en Regional y Popular: \u00abEspero que el triunfo sea contundente\u00bb"},"content":{"rendered":"<p>En su edici\u00f3n del pasado martes, el programa latinoamericano Regional y Popular, entrevist\u00f3 a Rosi Bar\u00f3, corresponsal de Pressenza en la Rep\u00fablica Bolivariana de Venezuela con motivo de la inminente elecci\u00f3n en ese pa\u00eds.<\/p>\n<p>Si bien la efervescencia no es la misma que en otros momentos, debido a cierto cansancio en la poblaci\u00f3n, la convocatoria del candidato presidente Maduro contin\u00faa siendo masiva, lo cual augura que ganar\u00e1 la elecci\u00f3n con amplitud.<\/p>\n<p>Desde una zona semirural del Estado Nueva Esparta, la comunicadora calific\u00f3 \u00abcomo una maravilla\u00bb c\u00f3mo la gente se organiza comunalmente para cubrir sus necesidades y c\u00f3mo ha ido creciendo &#8211; aunque muy lentamente &#8211; un\u00a0 estilo de vida de mayor solidaridad y sentido comunitario. \u00abYa no te sientes s\u00f3lo\u00bb refiri\u00f3 la corresponsal.<\/p>\n<p>Consultada por la conductora Cristina Vergara acerca de si las personas comunes tienen noticia de las amenazas con las que a diario es bombardeada la naci\u00f3n caribe\u00f1a, la entrevistada asinti\u00f3, pero coment\u00f3 que eso genera un rechazo en toda la poblaci\u00f3n. Por lo dem\u00e1s, los rumores son ya cosa com\u00fan en el pa\u00eds.<\/p>\n<p>Tambi\u00e9n fue preguntada por la raz\u00f3n por la que millones de venezolanos contin\u00faan apoyando a la revoluci\u00f3n y explic\u00f3 que ese apoyo se encuentra sobre todo en los sectores m\u00e1s populares. Realidad que es invisible para la clase media y alta ya que no frecuentan los lugares donde vive la gente de menores recursos.<\/p>\n<p>Por \u00faltimo, Bar\u00f3 expres\u00f3 su esperanza de que el triunfo bolivariano sea contundente, para constituirse en inobjetable y llam\u00f3 a los latinoamericanos a solidarizarse con Venezuela ante cualquier intento de agresi\u00f3n externa.<\/p>\n<p>Regional y Popular se emite por cuarto a\u00f1o consecutivo en colaboraci\u00f3n con Radio comunitaria La Ranchada de C\u00f3rdoba, Argentina, todos los martes, de 20 a 22h.<\/p>\n<p>Aqu\u00ed la entrevista completa en su audio original<\/p>\n<p><iframe loading=\"lazy\" title=\"Entrevista Rosi Bar\u00f3 - Elecciones 20M Venezuela - Regional y Popular by Javier Tolcachier\" width=\"500\" height=\"400\" scrolling=\"no\" frameborder=\"no\" src=\"https:\/\/w.soundcloud.com\/player\/?visual=true&#038;url=https%3A%2F%2Fapi.soundcloud.com%2Ftracks%2F446103480&#038;show_artwork=true&#038;maxheight=750&#038;maxwidth=500\"><\/iframe><\/p>\n<p>&nbsp;<\/p>\n","protected":false},"excerpt":{"rendered":"<p>En su edici\u00f3n del pasado martes, el programa latinoamericano Regional y Popular, entrevist\u00f3 a Rosi Bar\u00f3, corresponsal de Pressenza en la Rep\u00fablica Bolivariana de Venezuela con motivo de la inminente elecci\u00f3n en ese pa\u00eds. Si bien la efervescencia no es&hellip;<\/p>\n","protected":false},"author":970,"featured_media":642918,"comment_status":"closed","ping_status":"closed","sticky":false,"template":"","format":"standard","meta":{"footnotes":""},"categories":[11389,74,22754,67],"tags":[43264,3974],"class_list":["post-642916","post","type-post","status-publish","format-standard","has-post-thumbnail","hentry","category-contenido-original","category-politica-es","category-radio-es","category-sudamerica","tag-elecciones-venezuela-2018","tag-maduro"],"yoast_head":"<!-- This site is optimized with the Yoast SEO plugin v27.1.1 - https:\/\/yoast.com\/product\/yoast-seo-wordpress\/ -->\n<title>Rosi Bar\u00f3, de Pressenza Venezuela, en Regional y Popular: &quot;Espero que el triunfo sea contundente&quot;<\/title>\n<meta name=\"description\" content=\"En su edici\u00f3n del pasado martes, el programa latinoamericano Regional y Popular, entrevist\u00f3 a Rosi Bar\u00f3, corresponsal de Pressenza en la Rep\u00fablica\" \/>\n<meta name=\"robots\" content=\"index, follow, max-snippet:-1, max-image-preview:large, max-video-preview:-1\" \/>\n<link rel=\"canonical\" href=\"https:\/\/www.pressenza.com\/es\/2018\/05\/rosi-baro-de-pressenza-venezuela-en-regional-y-popular-espero-que-el-triunfo-sea-contundente\/\" \/>\n<meta property=\"og:locale\" content=\"es_ES\" \/>\n<meta property=\"og:type\" content=\"article\" \/>\n<meta property=\"og:title\" content=\"Rosi Bar\u00f3, de Pressenza Venezuela, en Regional y Popular: &quot;Espero que el triunfo sea contundente&quot;\" \/>\n<meta property=\"og:description\" content=\"En su edici\u00f3n del pasado martes, el programa latinoamericano Regional y Popular, entrevist\u00f3 a Rosi Bar\u00f3, corresponsal de Pressenza en la Rep\u00fablica\" \/>\n<meta property=\"og:url\" content=\"https:\/\/www.pressenza.com\/es\/2018\/05\/rosi-baro-de-pressenza-venezuela-en-regional-y-popular-espero-que-el-triunfo-sea-contundente\/\" \/>\n<meta property=\"og:site_name\" content=\"Pressenza\" \/>\n<meta property=\"article:publisher\" content=\"https:\/\/www.facebook.com\/PressenzaItalia\" \/>\n<meta property=\"article:author\" content=\"https:\/\/www.facebook.com\/javier.tolcachier?fref=ts\" \/>\n<meta property=\"article:published_time\" content=\"2018-05-19T02:15:35+00:00\" \/>\n<meta property=\"og:image\" content=\"https:\/\/www.pressenza.com\/wp-content\/uploads\/2018\/05\/Caracas.jpg\" \/>\n\t<meta property=\"og:image:width\" content=\"480\" \/>\n\t<meta property=\"og:image:height\" content=\"592\" \/>\n\t<meta property=\"og:image:type\" content=\"image\/jpeg\" \/>\n<meta name=\"author\" content=\"Javier Tolcachier\" \/>\n<meta name=\"twitter:card\" content=\"summary_large_image\" \/>\n<meta name=\"twitter:creator\" content=\"@jtolcachier\" \/>\n<meta name=\"twitter:site\" content=\"@PressenzaIPA\" \/>\n<meta name=\"twitter:label1\" content=\"Escrito por\" \/>\n\t<meta name=\"twitter:data1\" content=\"Javier Tolcachier\" \/>\n\t<meta name=\"twitter:label2\" content=\"Tiempo de lectura\" \/>\n\t<meta name=\"twitter:data2\" content=\"2 minutos\" \/>\n<script type=\"application\/ld+json\" class=\"yoast-schema-graph\">{\"@context\":\"https:\/\/schema.org\",\"@graph\":[{\"@type\":\"Article\",\"@id\":\"https:\/\/www.pressenza.com\/es\/2018\/05\/rosi-baro-de-pressenza-venezuela-en-regional-y-popular-espero-que-el-triunfo-sea-contundente\/#article\",\"isPartOf\":{\"@id\":\"https:\/\/www.pressenza.com\/es\/2018\/05\/rosi-baro-de-pressenza-venezuela-en-regional-y-popular-espero-que-el-triunfo-sea-contundente\/\"},\"author\":{\"name\":\"Javier Tolcachier\",\"@id\":\"https:\/\/www.pressenza.com\/es\/#\/schema\/person\/f353f6d4eed144101dedba60e6227564\"},\"headline\":\"Rosi Bar\u00f3, de Pressenza Venezuela, en Regional y Popular: \u00abEspero que el triunfo sea contundente\u00bb\",\"datePublished\":\"2018-05-19T02:15:35+00:00\",\"mainEntityOfPage\":{\"@id\":\"https:\/\/www.pressenza.com\/es\/2018\/05\/rosi-baro-de-pressenza-venezuela-en-regional-y-popular-espero-que-el-triunfo-sea-contundente\/\"},\"wordCount\":342,\"publisher\":{\"@id\":\"https:\/\/www.pressenza.com\/es\/#organization\"},\"image\":{\"@id\":\"https:\/\/www.pressenza.com\/es\/2018\/05\/rosi-baro-de-pressenza-venezuela-en-regional-y-popular-espero-que-el-triunfo-sea-contundente\/#primaryimage\"},\"thumbnailUrl\":\"https:\/\/www.pressenza.com\/wp-content\/uploads\/2018\/05\/Caracas.jpg\",\"keywords\":[\"elecciones Venezuela 2018\",\"Maduro\"],\"articleSection\":[\"Contenido Original\",\"Pol\u00edtica\",\"Radio\",\"Sudam\u00e9rica\"],\"inLanguage\":\"es\"},{\"@type\":\"WebPage\",\"@id\":\"https:\/\/www.pressenza.com\/es\/2018\/05\/rosi-baro-de-pressenza-venezuela-en-regional-y-popular-espero-que-el-triunfo-sea-contundente\/\",\"url\":\"https:\/\/www.pressenza.com\/es\/2018\/05\/rosi-baro-de-pressenza-venezuela-en-regional-y-popular-espero-que-el-triunfo-sea-contundente\/\",\"name\":\"Rosi Bar\u00f3, de Pressenza Venezuela, en Regional y Popular: \\\"Espero que el triunfo sea contundente\\\"\",\"isPartOf\":{\"@id\":\"https:\/\/www.pressenza.com\/es\/#website\"},\"primaryImageOfPage\":{\"@id\":\"https:\/\/www.pressenza.com\/es\/2018\/05\/rosi-baro-de-pressenza-venezuela-en-regional-y-popular-espero-que-el-triunfo-sea-contundente\/#primaryimage\"},\"image\":{\"@id\":\"https:\/\/www.pressenza.com\/es\/2018\/05\/rosi-baro-de-pressenza-venezuela-en-regional-y-popular-espero-que-el-triunfo-sea-contundente\/#primaryimage\"},\"thumbnailUrl\":\"https:\/\/www.pressenza.com\/wp-content\/uploads\/2018\/05\/Caracas.jpg\",\"datePublished\":\"2018-05-19T02:15:35+00:00\",\"description\":\"En su edici\u00f3n del pasado martes, el programa latinoamericano Regional y Popular, entrevist\u00f3 a Rosi Bar\u00f3, corresponsal de Pressenza en la Rep\u00fablica\",\"breadcrumb\":{\"@id\":\"https:\/\/www.pressenza.com\/es\/2018\/05\/rosi-baro-de-pressenza-venezuela-en-regional-y-popular-espero-que-el-triunfo-sea-contundente\/#breadcrumb\"},\"inLanguage\":\"es\",\"potentialAction\":[{\"@type\":\"ReadAction\",\"target\":[\"https:\/\/www.pressenza.com\/es\/2018\/05\/rosi-baro-de-pressenza-venezuela-en-regional-y-popular-espero-que-el-triunfo-sea-contundente\/\"]}]},{\"@type\":\"ImageObject\",\"inLanguage\":\"es\",\"@id\":\"https:\/\/www.pressenza.com\/es\/2018\/05\/rosi-baro-de-pressenza-venezuela-en-regional-y-popular-espero-que-el-triunfo-sea-contundente\/#primaryimage\",\"url\":\"https:\/\/www.pressenza.com\/wp-content\/uploads\/2018\/05\/Caracas.jpg\",\"contentUrl\":\"https:\/\/www.pressenza.com\/wp-content\/uploads\/2018\/05\/Caracas.jpg\",\"width\":480,\"height\":592},{\"@type\":\"BreadcrumbList\",\"@id\":\"https:\/\/www.pressenza.com\/es\/2018\/05\/rosi-baro-de-pressenza-venezuela-en-regional-y-popular-espero-que-el-triunfo-sea-contundente\/#breadcrumb\",\"itemListElement\":[{\"@type\":\"ListItem\",\"position\":1,\"name\":\"Accueil\",\"item\":\"https:\/\/www.pressenza.com\/es\/\"},{\"@type\":\"ListItem\",\"position\":2,\"name\":\"Rosi Bar\u00f3, de Pressenza Venezuela, en Regional y Popular: \u00abEspero que el triunfo sea contundente\u00bb\"}]},{\"@type\":\"WebSite\",\"@id\":\"https:\/\/www.pressenza.com\/es\/#website\",\"url\":\"https:\/\/www.pressenza.com\/es\/\",\"name\":\"Pressenza\",\"description\":\"International Press Agency\",\"publisher\":{\"@id\":\"https:\/\/www.pressenza.com\/es\/#organization\"},\"potentialAction\":[{\"@type\":\"SearchAction\",\"target\":{\"@type\":\"EntryPoint\",\"urlTemplate\":\"https:\/\/www.pressenza.com\/es\/?s={search_term_string}\"},\"query-input\":{\"@type\":\"PropertyValueSpecification\",\"valueRequired\":true,\"valueName\":\"search_term_string\"}}],\"inLanguage\":\"es\"},{\"@type\":\"Organization\",\"@id\":\"https:\/\/www.pressenza.com\/es\/#organization\",\"name\":\"Pressenza\",\"url\":\"https:\/\/www.pressenza.com\/es\/\",\"logo\":{\"@type\":\"ImageObject\",\"inLanguage\":\"es\",\"@id\":\"https:\/\/www.pressenza.com\/es\/#\/schema\/logo\/image\/\",\"url\":\"https:\/\/www.pressenza.com\/wp-content\/uploads\/2022\/10\/pressenza_logo_200x200.jpg\",\"contentUrl\":\"https:\/\/www.pressenza.com\/wp-content\/uploads\/2022\/10\/pressenza_logo_200x200.jpg\",\"width\":200,\"height\":200,\"caption\":\"Pressenza\"},\"image\":{\"@id\":\"https:\/\/www.pressenza.com\/es\/#\/schema\/logo\/image\/\"},\"sameAs\":[\"https:\/\/www.facebook.com\/PressenzaItalia\",\"https:\/\/x.com\/PressenzaIPA\"]},{\"@type\":\"Person\",\"@id\":\"https:\/\/www.pressenza.com\/es\/#\/schema\/person\/f353f6d4eed144101dedba60e6227564\",\"name\":\"Javier Tolcachier\",\"description\":\"Javier Tolcachier is a researcher from the World Centre of Humanist Studies, an organism of the Humanist Movement. Mail: javiertolcachier@disroot.org Twitter: @jtolcachier\",\"sameAs\":[\"https:\/\/www.facebook.com\/javier.tolcachier?fref=ts\",\"https:\/\/x.com\/jtolcachier\"],\"url\":\"https:\/\/www.pressenza.com\/es\/author\/javier-tolcachier\/\"}]}<\/script>\n<!-- \/ Yoast SEO plugin. -->","yoast_head_json":{"title":"Rosi Bar\u00f3, de Pressenza Venezuela, en Regional y Popular: \"Espero que el triunfo sea contundente\"","description":"En su edici\u00f3n del pasado martes, el programa latinoamericano Regional y Popular, entrevist\u00f3 a Rosi Bar\u00f3, corresponsal de Pressenza en la Rep\u00fablica","robots":{"index":"index","follow":"follow","max-snippet":"max-snippet:-1","max-image-preview":"max-image-preview:large","max-video-preview":"max-video-preview:-1"},"canonical":"https:\/\/www.pressenza.com\/es\/2018\/05\/rosi-baro-de-pressenza-venezuela-en-regional-y-popular-espero-que-el-triunfo-sea-contundente\/","og_locale":"es_ES","og_type":"article","og_title":"Rosi Bar\u00f3, de Pressenza Venezuela, en Regional y Popular: \"Espero que el triunfo sea contundente\"","og_description":"En su edici\u00f3n del pasado martes, el programa latinoamericano Regional y Popular, entrevist\u00f3 a Rosi Bar\u00f3, corresponsal de Pressenza en la Rep\u00fablica","og_url":"https:\/\/www.pressenza.com\/es\/2018\/05\/rosi-baro-de-pressenza-venezuela-en-regional-y-popular-espero-que-el-triunfo-sea-contundente\/","og_site_name":"Pressenza","article_publisher":"https:\/\/www.facebook.com\/PressenzaItalia","article_author":"https:\/\/www.facebook.com\/javier.tolcachier?fref=ts","article_published_time":"2018-05-19T02:15:35+00:00","og_image":[{"width":480,"height":592,"url":"https:\/\/www.pressenza.com\/wp-content\/uploads\/2018\/05\/Caracas.jpg","type":"image\/jpeg"}],"author":"Javier Tolcachier","twitter_card":"summary_large_image","twitter_creator":"@jtolcachier","twitter_site":"@PressenzaIPA","twitter_misc":{"Escrito por":"Javier Tolcachier","Tiempo de lectura":"2 minutos"},"schema":{"@context":"https:\/\/schema.org","@graph":[{"@type":"Article","@id":"https:\/\/www.pressenza.com\/es\/2018\/05\/rosi-baro-de-pressenza-venezuela-en-regional-y-popular-espero-que-el-triunfo-sea-contundente\/#article","isPartOf":{"@id":"https:\/\/www.pressenza.com\/es\/2018\/05\/rosi-baro-de-pressenza-venezuela-en-regional-y-popular-espero-que-el-triunfo-sea-contundente\/"},"author":{"name":"Javier Tolcachier","@id":"https:\/\/www.pressenza.com\/es\/#\/schema\/person\/f353f6d4eed144101dedba60e6227564"},"headline":"Rosi Bar\u00f3, de Pressenza Venezuela, en Regional y Popular: \u00abEspero que el triunfo sea contundente\u00bb","datePublished":"2018-05-19T02:15:35+00:00","mainEntityOfPage":{"@id":"https:\/\/www.pressenza.com\/es\/2018\/05\/rosi-baro-de-pressenza-venezuela-en-regional-y-popular-espero-que-el-triunfo-sea-contundente\/"},"wordCount":342,"publisher":{"@id":"https:\/\/www.pressenza.com\/es\/#organization"},"image":{"@id":"https:\/\/www.pressenza.com\/es\/2018\/05\/rosi-baro-de-pressenza-venezuela-en-regional-y-popular-espero-que-el-triunfo-sea-contundente\/#primaryimage"},"thumbnailUrl":"https:\/\/www.pressenza.com\/wp-content\/uploads\/2018\/05\/Caracas.jpg","keywords":["elecciones Venezuela 2018","Maduro"],"articleSection":["Contenido Original","Pol\u00edtica","Radio","Sudam\u00e9rica"],"inLanguage":"es"},{"@type":"WebPage","@id":"https:\/\/www.pressenza.com\/es\/2018\/05\/rosi-baro-de-pressenza-venezuela-en-regional-y-popular-espero-que-el-triunfo-sea-contundente\/","url":"https:\/\/www.pressenza.com\/es\/2018\/05\/rosi-baro-de-pressenza-venezuela-en-regional-y-popular-espero-que-el-triunfo-sea-contundente\/","name":"Rosi Bar\u00f3, de Pressenza Venezuela, en Regional y Popular: \"Espero que el triunfo sea contundente\"","isPartOf":{"@id":"https:\/\/www.pressenza.com\/es\/#website"},"primaryImageOfPage":{"@id":"https:\/\/www.pressenza.com\/es\/2018\/05\/rosi-baro-de-pressenza-venezuela-en-regional-y-popular-espero-que-el-triunfo-sea-contundente\/#primaryimage"},"image":{"@id":"https:\/\/www.pressenza.com\/es\/2018\/05\/rosi-baro-de-pressenza-venezuela-en-regional-y-popular-espero-que-el-triunfo-sea-contundente\/#primaryimage"},"thumbnailUrl":"https:\/\/www.pressenza.com\/wp-content\/uploads\/2018\/05\/Caracas.jpg","datePublished":"2018-05-19T02:15:35+00:00","description":"En su edici\u00f3n del pasado martes, el programa latinoamericano Regional y Popular, entrevist\u00f3 a Rosi Bar\u00f3, corresponsal de Pressenza en la Rep\u00fablica","breadcrumb":{"@id":"https:\/\/www.pressenza.com\/es\/2018\/05\/rosi-baro-de-pressenza-venezuela-en-regional-y-popular-espero-que-el-triunfo-sea-contundente\/#breadcrumb"},"inLanguage":"es","potentialAction":[{"@type":"ReadAction","target":["https:\/\/www.pressenza.com\/es\/2018\/05\/rosi-baro-de-pressenza-venezuela-en-regional-y-popular-espero-que-el-triunfo-sea-contundente\/"]}]},{"@type":"ImageObject","inLanguage":"es","@id":"https:\/\/www.pressenza.com\/es\/2018\/05\/rosi-baro-de-pressenza-venezuela-en-regional-y-popular-espero-que-el-triunfo-sea-contundente\/#primaryimage","url":"https:\/\/www.pressenza.com\/wp-content\/uploads\/2018\/05\/Caracas.jpg","contentUrl":"https:\/\/www.pressenza.com\/wp-content\/uploads\/2018\/05\/Caracas.jpg","width":480,"height":592},{"@type":"BreadcrumbList","@id":"https:\/\/www.pressenza.com\/es\/2018\/05\/rosi-baro-de-pressenza-venezuela-en-regional-y-popular-espero-que-el-triunfo-sea-contundente\/#breadcrumb","itemListElement":[{"@type":"ListItem","position":1,"name":"Accueil","item":"https:\/\/www.pressenza.com\/es\/"},{"@type":"ListItem","position":2,"name":"Rosi Bar\u00f3, de Pressenza Venezuela, en Regional y Popular: \u00abEspero que el triunfo sea contundente\u00bb"}]},{"@type":"WebSite","@id":"https:\/\/www.pressenza.com\/es\/#website","url":"https:\/\/www.pressenza.com\/es\/","name":"Pressenza","description":"International Press Agency","publisher":{"@id":"https:\/\/www.pressenza.com\/es\/#organization"},"potentialAction":[{"@type":"SearchAction","target":{"@type":"EntryPoint","urlTemplate":"https:\/\/www.pressenza.com\/es\/?s={search_term_string}"},"query-input":{"@type":"PropertyValueSpecification","valueRequired":true,"valueName":"search_term_string"}}],"inLanguage":"es"},{"@type":"Organization","@id":"https:\/\/www.pressenza.com\/es\/#organization","name":"Pressenza","url":"https:\/\/www.pressenza.com\/es\/","logo":{"@type":"ImageObject","inLanguage":"es","@id":"https:\/\/www.pressenza.com\/es\/#\/schema\/logo\/image\/","url":"https:\/\/www.pressenza.com\/wp-content\/uploads\/2022\/10\/pressenza_logo_200x200.jpg","contentUrl":"https:\/\/www.pressenza.com\/wp-content\/uploads\/2022\/10\/pressenza_logo_200x200.jpg","width":200,"height":200,"caption":"Pressenza"},"image":{"@id":"https:\/\/www.pressenza.com\/es\/#\/schema\/logo\/image\/"},"sameAs":["https:\/\/www.facebook.com\/PressenzaItalia","https:\/\/x.com\/PressenzaIPA"]},{"@type":"Person","@id":"https:\/\/www.pressenza.com\/es\/#\/schema\/person\/f353f6d4eed144101dedba60e6227564","name":"Javier Tolcachier","description":"Javier Tolcachier is a researcher from the World Centre of Humanist Studies, an organism of the Humanist Movement. Mail: javiertolcachier@disroot.org Twitter: @jtolcachier","sameAs":["https:\/\/www.facebook.com\/javier.tolcachier?fref=ts","https:\/\/x.com\/jtolcachier"],"url":"https:\/\/www.pressenza.com\/es\/author\/javier-tolcachier\/"}]}},"place":"Isla Margarita, Estado Nueva Esparta, Venezuela","original_article_url":"","_links":{"self":[{"href":"https:\/\/www.pressenza.com\/es\/wp-json\/wp\/v2\/posts\/642916","targetHints":{"allow":["GET"]}}],"collection":[{"href":"https:\/\/www.pressenza.com\/es\/wp-json\/wp\/v2\/posts"}],"about":[{"href":"https:\/\/www.pressenza.com\/es\/wp-json\/wp\/v2\/types\/post"}],"author":[{"embeddable":true,"href":"https:\/\/www.pressenza.com\/es\/wp-json\/wp\/v2\/users\/970"}],"replies":[{"embeddable":true,"href":"https:\/\/www.pressenza.com\/es\/wp-json\/wp\/v2\/comments?post=642916"}],"version-history":[{"count":0,"href":"https:\/\/www.pressenza.com\/es\/wp-json\/wp\/v2\/posts\/642916\/revisions"}],"wp:featuredmedia":[{"embeddable":true,"href":"https:\/\/www.pressenza.com\/es\/wp-json\/wp\/v2\/media\/642918"}],"wp:attachment":[{"href":"https:\/\/www.pressenza.com\/es\/wp-json\/wp\/v2\/media?parent=642916"}],"wp:term":[{"taxonomy":"category","embeddable":true,"href":"https:\/\/www.pressenza.com\/es\/wp-json\/wp\/v2\/categories?post=642916"},{"taxonomy":"post_tag","embeddable":true,"href":"https:\/\/www.pressenza.com\/es\/wp-json\/wp\/v2\/tags?post=642916"}],"curies":[{"name":"wp","href":"https:\/\/api.w.org\/{rel}","templated":true}]}}