{"id":64266,"date":"2013-08-11T01:15:55","date_gmt":"2013-08-11T00:15:55","guid":{"rendered":"http:\/\/www.pressenza.com\/?p=64266"},"modified":"2013-08-11T01:15:55","modified_gmt":"2013-08-11T00:15:55","slug":"millones-salieron-de-la-pobreza-pero-los-bancos-tambien-se-enriquecieron-aseguro-lula","status":"publish","type":"post","link":"https:\/\/www.pressenza.com\/es\/2013\/08\/millones-salieron-de-la-pobreza-pero-los-bancos-tambien-se-enriquecieron-aseguro-lula\/","title":{"rendered":"\u00abMillones salieron de la pobreza pero los bancos tambi\u00e9n se enriquecieron\u00bb, asegur\u00f3 Lula"},"content":{"rendered":"<p style=\"text-align: justify;\">El ex presidente Lula da Silva lament\u00f3, al comentar las protestas sociales de junio, que el esfuerzo para que millones de personas salieran de la pobreza tambi\u00e9n permiti\u00f3, parad\u00f3jicamente, un muy fuerte enriquecimiento de los bancos.<\/p>\n<p style=\"text-align: justify;\">Esa aparente paradoja tiene su explicaci\u00f3n. Cuando Luiz In\u00e1cio Lula da Silva gan\u00f3 las elecciones de 2002 el poderoso sector financiero provoc\u00f3 una fuerte corrida que lo oblig\u00f3, a \u00e9l y al Partido de los Trabajadores (PT), a aceptar sus principios: apertura financiera y f\u00e9rrea disciplina fiscal para generar el super\u00e1vit para pagar la pesada carga de la deuda externa.<\/p>\n<p>De este modo, Lula acept\u00f3, entre otras cosas, la supuesta autonom\u00eda del Banco Central de Brasil, y design\u00f3 como su gobernador a Henrique Meirelles, hasta entonces presidente del International Bank of Boston, uno de los principales acreedores de Brasil.<\/p>\n<p>El PT tampoco quiso echar marcha atr\u00e1s en el gran tema de las privatizaciones y se opuso a las ocupaciones de tierras lanzadas por el Movimiento de los Sin Tierra (MST). En s\u00edntesis, el PT debi\u00f3 asumir las restricciones que impon\u00eda el neoliberalismo a su proyecto de desarrollo econ\u00f3mico y social.<\/p>\n<p>Hubo una importante excepci\u00f3n en el esquema del PT: la pol\u00edtica de salarios y los programas sociales. Bajo los gobiernos de Lula y luego de Dilma Rousseff, los salarios comenzaron a repuntar y a recuperar algo de lo que hab\u00edan perdido en las d\u00e9cadas anteriores.<\/p>\n<p>Junto a los programas sociales, como el \u201cBolsa Familia\u201d, esa suba salarial tuvo fuerte impacto en el combate a la pobreza.<\/p>\n<p style=\"text-align: justify;\">Esas restricciones impuestas por el poder financiero local, que se manifiestan tambi\u00e9n en altas tasas de inter\u00e9s positivas (por encima del nivel de inflaci\u00f3n) y libre flotaci\u00f3n cambiaria, hicieron a Brasil m\u00e1s vulnerable cuando se desat\u00f3 la crisis econ\u00f3mica mundial a fines del 2007.<\/p>\n<p>As\u00ed se redujo su super\u00e1vit comercial y fiscal y, sobre todo, se achic\u00f3 cada vez m\u00e1s el crecimiento econ\u00f3mico.<\/p>\n<p>De este modo, la m\u00e1s profunda crisis econ\u00f3mica del capitalismo mundial desde la del 30, que a\u00fan se mantiene y extiende en el tiempo, como lo muestra claramente Europa, se transforma en el tel\u00f3n de fondo de los crecientes reclamos populares que, desde la calle, sacuden la estructura pol\u00edtica y financiera de Brasil.<\/p>\n","protected":false},"excerpt":{"rendered":"<p>El ex presidente Lula da Silva lament\u00f3, al comentar las protestas sociales de junio, que el esfuerzo para que millones de personas salieran de la pobreza tambi\u00e9n permiti\u00f3, parad\u00f3jicamente, un muy fuerte enriquecimiento de los bancos. Esa aparente paradoja tiene&hellip;<\/p>\n","protected":false},"author":494,"featured_media":64270,"comment_status":"closed","ping_status":"open","sticky":false,"template":"","format":"standard","meta":{"footnotes":""},"categories":[81,67],"tags":[2975,816],"class_list":["post-64266","post","type-post","status-publish","format-standard","has-post-thumbnail","hentry","category-economia-es","category-sudamerica","tag-lula-da-silva","tag-pobreza-es"],"yoast_head":"<!-- This site is optimized with the Yoast SEO plugin v27.1.1 - https:\/\/yoast.com\/product\/yoast-seo-wordpress\/ -->\n<title>&quot;Millones salieron de la pobreza pero los bancos tambi\u00e9n se enriquecieron&quot;, asegur\u00f3 Lula<\/title>\n<meta name=\"description\" content=\"El ex presidente Lula da Silva lament\u00f3, al comentar las protestas sociales de junio, que el esfuerzo para que millones de personas salieran de la pobreza\" \/>\n<meta name=\"robots\" content=\"index, follow, max-snippet:-1, max-image-preview:large, max-video-preview:-1\" \/>\n<link rel=\"canonical\" href=\"https:\/\/www.pressenza.com\/es\/2013\/08\/millones-salieron-de-la-pobreza-pero-los-bancos-tambien-se-enriquecieron-aseguro-lula\/\" \/>\n<meta property=\"og:locale\" content=\"es_ES\" \/>\n<meta property=\"og:type\" content=\"article\" \/>\n<meta property=\"og:title\" content=\"&quot;Millones salieron de la pobreza pero los bancos tambi\u00e9n se enriquecieron&quot;, asegur\u00f3 Lula\" \/>\n<meta property=\"og:description\" content=\"El ex presidente Lula da Silva lament\u00f3, al comentar las protestas sociales de junio, que el esfuerzo para que millones de personas salieran de la pobreza\" \/>\n<meta property=\"og:url\" content=\"https:\/\/www.pressenza.com\/es\/2013\/08\/millones-salieron-de-la-pobreza-pero-los-bancos-tambien-se-enriquecieron-aseguro-lula\/\" \/>\n<meta property=\"og:site_name\" content=\"Pressenza\" \/>\n<meta property=\"article:publisher\" content=\"https:\/\/www.facebook.com\/PressenzaItalia\" \/>\n<meta property=\"article:author\" content=\"https:\/\/www.facebook.com\/AgenciaTELAM\" \/>\n<meta property=\"article:published_time\" content=\"2013-08-11T00:15:55+00:00\" \/>\n<meta property=\"og:image\" content=\"https:\/\/www.pressenza.com\/wp-content\/uploads\/2013\/08\/Lula.jpg\" \/>\n\t<meta property=\"og:image:width\" content=\"510\" \/>\n\t<meta property=\"og:image:height\" content=\"340\" \/>\n\t<meta property=\"og:image:type\" content=\"image\/jpeg\" \/>\n<meta name=\"author\" content=\"T\u00e9lam - Agencia Nacional de Noticias de la Rep\u00fablica Argentina\" \/>\n<meta name=\"twitter:card\" content=\"summary_large_image\" \/>\n<meta name=\"twitter:creator\" content=\"@AgenciaTelam\" \/>\n<meta name=\"twitter:site\" content=\"@PressenzaIPA\" \/>\n<meta name=\"twitter:label1\" content=\"Escrito por\" \/>\n\t<meta name=\"twitter:data1\" content=\"T\u00e9lam - Agencia Nacional de Noticias de la Rep\u00fablica Argentina\" \/>\n\t<meta name=\"twitter:label2\" content=\"Tiempo de lectura\" \/>\n\t<meta name=\"twitter:data2\" content=\"2 minutos\" \/>\n<script type=\"application\/ld+json\" class=\"yoast-schema-graph\">{\"@context\":\"https:\/\/schema.org\",\"@graph\":[{\"@type\":\"Article\",\"@id\":\"https:\/\/www.pressenza.com\/es\/2013\/08\/millones-salieron-de-la-pobreza-pero-los-bancos-tambien-se-enriquecieron-aseguro-lula\/#article\",\"isPartOf\":{\"@id\":\"https:\/\/www.pressenza.com\/es\/2013\/08\/millones-salieron-de-la-pobreza-pero-los-bancos-tambien-se-enriquecieron-aseguro-lula\/\"},\"author\":{\"name\":\"T\u00e9lam - Agencia Nacional de Noticias de la Rep\u00fablica Argentina\",\"@id\":\"https:\/\/www.pressenza.com\/es\/#\/schema\/person\/f1a879435e38cd8f69eac14ebf21489e\"},\"headline\":\"\u00abMillones salieron de la pobreza pero los bancos tambi\u00e9n se enriquecieron\u00bb, asegur\u00f3 Lula\",\"datePublished\":\"2013-08-11T00:15:55+00:00\",\"mainEntityOfPage\":{\"@id\":\"https:\/\/www.pressenza.com\/es\/2013\/08\/millones-salieron-de-la-pobreza-pero-los-bancos-tambien-se-enriquecieron-aseguro-lula\/\"},\"wordCount\":408,\"publisher\":{\"@id\":\"https:\/\/www.pressenza.com\/es\/#organization\"},\"image\":{\"@id\":\"https:\/\/www.pressenza.com\/es\/2013\/08\/millones-salieron-de-la-pobreza-pero-los-bancos-tambien-se-enriquecieron-aseguro-lula\/#primaryimage\"},\"thumbnailUrl\":\"https:\/\/www.pressenza.com\/wp-content\/uploads\/2013\/08\/Lula.jpg\",\"keywords\":[\"Lula Da Silva\",\"Pobreza\"],\"articleSection\":[\"Econom\u00eda\",\"Sudam\u00e9rica\"],\"inLanguage\":\"es\"},{\"@type\":\"WebPage\",\"@id\":\"https:\/\/www.pressenza.com\/es\/2013\/08\/millones-salieron-de-la-pobreza-pero-los-bancos-tambien-se-enriquecieron-aseguro-lula\/\",\"url\":\"https:\/\/www.pressenza.com\/es\/2013\/08\/millones-salieron-de-la-pobreza-pero-los-bancos-tambien-se-enriquecieron-aseguro-lula\/\",\"name\":\"\\\"Millones salieron de la pobreza pero los bancos tambi\u00e9n se enriquecieron\\\", asegur\u00f3 Lula\",\"isPartOf\":{\"@id\":\"https:\/\/www.pressenza.com\/es\/#website\"},\"primaryImageOfPage\":{\"@id\":\"https:\/\/www.pressenza.com\/es\/2013\/08\/millones-salieron-de-la-pobreza-pero-los-bancos-tambien-se-enriquecieron-aseguro-lula\/#primaryimage\"},\"image\":{\"@id\":\"https:\/\/www.pressenza.com\/es\/2013\/08\/millones-salieron-de-la-pobreza-pero-los-bancos-tambien-se-enriquecieron-aseguro-lula\/#primaryimage\"},\"thumbnailUrl\":\"https:\/\/www.pressenza.com\/wp-content\/uploads\/2013\/08\/Lula.jpg\",\"datePublished\":\"2013-08-11T00:15:55+00:00\",\"description\":\"El ex presidente Lula da Silva lament\u00f3, al comentar las protestas sociales de junio, que el esfuerzo para que millones de personas salieran de la pobreza\",\"breadcrumb\":{\"@id\":\"https:\/\/www.pressenza.com\/es\/2013\/08\/millones-salieron-de-la-pobreza-pero-los-bancos-tambien-se-enriquecieron-aseguro-lula\/#breadcrumb\"},\"inLanguage\":\"es\",\"potentialAction\":[{\"@type\":\"ReadAction\",\"target\":[\"https:\/\/www.pressenza.com\/es\/2013\/08\/millones-salieron-de-la-pobreza-pero-los-bancos-tambien-se-enriquecieron-aseguro-lula\/\"]}]},{\"@type\":\"ImageObject\",\"inLanguage\":\"es\",\"@id\":\"https:\/\/www.pressenza.com\/es\/2013\/08\/millones-salieron-de-la-pobreza-pero-los-bancos-tambien-se-enriquecieron-aseguro-lula\/#primaryimage\",\"url\":\"https:\/\/www.pressenza.com\/wp-content\/uploads\/2013\/08\/Lula.jpg\",\"contentUrl\":\"https:\/\/www.pressenza.com\/wp-content\/uploads\/2013\/08\/Lula.jpg\",\"width\":510,\"height\":340},{\"@type\":\"BreadcrumbList\",\"@id\":\"https:\/\/www.pressenza.com\/es\/2013\/08\/millones-salieron-de-la-pobreza-pero-los-bancos-tambien-se-enriquecieron-aseguro-lula\/#breadcrumb\",\"itemListElement\":[{\"@type\":\"ListItem\",\"position\":1,\"name\":\"Accueil\",\"item\":\"https:\/\/www.pressenza.com\/es\/\"},{\"@type\":\"ListItem\",\"position\":2,\"name\":\"\u00abMillones salieron de la pobreza pero los bancos tambi\u00e9n se enriquecieron\u00bb, asegur\u00f3 Lula\"}]},{\"@type\":\"WebSite\",\"@id\":\"https:\/\/www.pressenza.com\/es\/#website\",\"url\":\"https:\/\/www.pressenza.com\/es\/\",\"name\":\"Pressenza\",\"description\":\"International Press Agency\",\"publisher\":{\"@id\":\"https:\/\/www.pressenza.com\/es\/#organization\"},\"potentialAction\":[{\"@type\":\"SearchAction\",\"target\":{\"@type\":\"EntryPoint\",\"urlTemplate\":\"https:\/\/www.pressenza.com\/es\/?s={search_term_string}\"},\"query-input\":{\"@type\":\"PropertyValueSpecification\",\"valueRequired\":true,\"valueName\":\"search_term_string\"}}],\"inLanguage\":\"es\"},{\"@type\":\"Organization\",\"@id\":\"https:\/\/www.pressenza.com\/es\/#organization\",\"name\":\"Pressenza\",\"url\":\"https:\/\/www.pressenza.com\/es\/\",\"logo\":{\"@type\":\"ImageObject\",\"inLanguage\":\"es\",\"@id\":\"https:\/\/www.pressenza.com\/es\/#\/schema\/logo\/image\/\",\"url\":\"https:\/\/www.pressenza.com\/wp-content\/uploads\/2022\/10\/pressenza_logo_200x200.jpg\",\"contentUrl\":\"https:\/\/www.pressenza.com\/wp-content\/uploads\/2022\/10\/pressenza_logo_200x200.jpg\",\"width\":200,\"height\":200,\"caption\":\"Pressenza\"},\"image\":{\"@id\":\"https:\/\/www.pressenza.com\/es\/#\/schema\/logo\/image\/\"},\"sameAs\":[\"https:\/\/www.facebook.com\/PressenzaItalia\",\"https:\/\/x.com\/PressenzaIPA\"]},{\"@type\":\"Person\",\"@id\":\"https:\/\/www.pressenza.com\/es\/#\/schema\/person\/f1a879435e38cd8f69eac14ebf21489e\",\"name\":\"T\u00e9lam - Agencia Nacional de Noticias de la Rep\u00fablica Argentina\",\"description\":\"T\u00e9lam es una de las grandes agencias de noticias a nivel regional. El prestigio, acceso a fuentes oficiales, la cobertura en todo el territorio nacional y corresponsal\u00edas en el exterior; y la responsabilidad en el tratamiento informativo son caracter\u00edsticas que colocan a T\u00e9lam en referente period\u00edstico confiable y cre\u00edble en el pa\u00eds y en el mundo. Sostiene un servicio actualizado, detallado y original en diversos formatos, las 24 horas del d\u00eda, todos los d\u00edas del a\u00f1o. Es l\u00edder en el mercado nacional y sostiene alianzas a nivel regional y mundial que le permiten expandir los servicios period\u00edsticos. Suministra sus productos v\u00eda on line, tanto a nivel local como internacional. En la actualidad, la Agencia suma a sus servicios tradicionales, nuevos desaf\u00edos a partir de la realizaci\u00f3n de producciones multimedia para diversas plataformas. www.telam.com.ar\",\"sameAs\":[\"https:\/\/www.facebook.com\/AgenciaTELAM\",\"https:\/\/x.com\/AgenciaTelam\"],\"url\":\"https:\/\/www.pressenza.com\/es\/author\/telam\/\"}]}<\/script>\n<!-- \/ Yoast SEO plugin. -->","yoast_head_json":{"title":"\"Millones salieron de la pobreza pero los bancos tambi\u00e9n se enriquecieron\", asegur\u00f3 Lula","description":"El ex presidente Lula da Silva lament\u00f3, al comentar las protestas sociales de junio, que el esfuerzo para que millones de personas salieran de la pobreza","robots":{"index":"index","follow":"follow","max-snippet":"max-snippet:-1","max-image-preview":"max-image-preview:large","max-video-preview":"max-video-preview:-1"},"canonical":"https:\/\/www.pressenza.com\/es\/2013\/08\/millones-salieron-de-la-pobreza-pero-los-bancos-tambien-se-enriquecieron-aseguro-lula\/","og_locale":"es_ES","og_type":"article","og_title":"\"Millones salieron de la pobreza pero los bancos tambi\u00e9n se enriquecieron\", asegur\u00f3 Lula","og_description":"El ex presidente Lula da Silva lament\u00f3, al comentar las protestas sociales de junio, que el esfuerzo para que millones de personas salieran de la pobreza","og_url":"https:\/\/www.pressenza.com\/es\/2013\/08\/millones-salieron-de-la-pobreza-pero-los-bancos-tambien-se-enriquecieron-aseguro-lula\/","og_site_name":"Pressenza","article_publisher":"https:\/\/www.facebook.com\/PressenzaItalia","article_author":"https:\/\/www.facebook.com\/AgenciaTELAM","article_published_time":"2013-08-11T00:15:55+00:00","og_image":[{"width":510,"height":340,"url":"https:\/\/www.pressenza.com\/wp-content\/uploads\/2013\/08\/Lula.jpg","type":"image\/jpeg"}],"author":"T\u00e9lam - Agencia Nacional de Noticias de la Rep\u00fablica Argentina","twitter_card":"summary_large_image","twitter_creator":"@AgenciaTelam","twitter_site":"@PressenzaIPA","twitter_misc":{"Escrito por":"T\u00e9lam - Agencia Nacional de Noticias de la Rep\u00fablica Argentina","Tiempo de lectura":"2 minutos"},"schema":{"@context":"https:\/\/schema.org","@graph":[{"@type":"Article","@id":"https:\/\/www.pressenza.com\/es\/2013\/08\/millones-salieron-de-la-pobreza-pero-los-bancos-tambien-se-enriquecieron-aseguro-lula\/#article","isPartOf":{"@id":"https:\/\/www.pressenza.com\/es\/2013\/08\/millones-salieron-de-la-pobreza-pero-los-bancos-tambien-se-enriquecieron-aseguro-lula\/"},"author":{"name":"T\u00e9lam - Agencia Nacional de Noticias de la Rep\u00fablica Argentina","@id":"https:\/\/www.pressenza.com\/es\/#\/schema\/person\/f1a879435e38cd8f69eac14ebf21489e"},"headline":"\u00abMillones salieron de la pobreza pero los bancos tambi\u00e9n se enriquecieron\u00bb, asegur\u00f3 Lula","datePublished":"2013-08-11T00:15:55+00:00","mainEntityOfPage":{"@id":"https:\/\/www.pressenza.com\/es\/2013\/08\/millones-salieron-de-la-pobreza-pero-los-bancos-tambien-se-enriquecieron-aseguro-lula\/"},"wordCount":408,"publisher":{"@id":"https:\/\/www.pressenza.com\/es\/#organization"},"image":{"@id":"https:\/\/www.pressenza.com\/es\/2013\/08\/millones-salieron-de-la-pobreza-pero-los-bancos-tambien-se-enriquecieron-aseguro-lula\/#primaryimage"},"thumbnailUrl":"https:\/\/www.pressenza.com\/wp-content\/uploads\/2013\/08\/Lula.jpg","keywords":["Lula Da Silva","Pobreza"],"articleSection":["Econom\u00eda","Sudam\u00e9rica"],"inLanguage":"es"},{"@type":"WebPage","@id":"https:\/\/www.pressenza.com\/es\/2013\/08\/millones-salieron-de-la-pobreza-pero-los-bancos-tambien-se-enriquecieron-aseguro-lula\/","url":"https:\/\/www.pressenza.com\/es\/2013\/08\/millones-salieron-de-la-pobreza-pero-los-bancos-tambien-se-enriquecieron-aseguro-lula\/","name":"\"Millones salieron de la pobreza pero los bancos tambi\u00e9n se enriquecieron\", asegur\u00f3 Lula","isPartOf":{"@id":"https:\/\/www.pressenza.com\/es\/#website"},"primaryImageOfPage":{"@id":"https:\/\/www.pressenza.com\/es\/2013\/08\/millones-salieron-de-la-pobreza-pero-los-bancos-tambien-se-enriquecieron-aseguro-lula\/#primaryimage"},"image":{"@id":"https:\/\/www.pressenza.com\/es\/2013\/08\/millones-salieron-de-la-pobreza-pero-los-bancos-tambien-se-enriquecieron-aseguro-lula\/#primaryimage"},"thumbnailUrl":"https:\/\/www.pressenza.com\/wp-content\/uploads\/2013\/08\/Lula.jpg","datePublished":"2013-08-11T00:15:55+00:00","description":"El ex presidente Lula da Silva lament\u00f3, al comentar las protestas sociales de junio, que el esfuerzo para que millones de personas salieran de la pobreza","breadcrumb":{"@id":"https:\/\/www.pressenza.com\/es\/2013\/08\/millones-salieron-de-la-pobreza-pero-los-bancos-tambien-se-enriquecieron-aseguro-lula\/#breadcrumb"},"inLanguage":"es","potentialAction":[{"@type":"ReadAction","target":["https:\/\/www.pressenza.com\/es\/2013\/08\/millones-salieron-de-la-pobreza-pero-los-bancos-tambien-se-enriquecieron-aseguro-lula\/"]}]},{"@type":"ImageObject","inLanguage":"es","@id":"https:\/\/www.pressenza.com\/es\/2013\/08\/millones-salieron-de-la-pobreza-pero-los-bancos-tambien-se-enriquecieron-aseguro-lula\/#primaryimage","url":"https:\/\/www.pressenza.com\/wp-content\/uploads\/2013\/08\/Lula.jpg","contentUrl":"https:\/\/www.pressenza.com\/wp-content\/uploads\/2013\/08\/Lula.jpg","width":510,"height":340},{"@type":"BreadcrumbList","@id":"https:\/\/www.pressenza.com\/es\/2013\/08\/millones-salieron-de-la-pobreza-pero-los-bancos-tambien-se-enriquecieron-aseguro-lula\/#breadcrumb","itemListElement":[{"@type":"ListItem","position":1,"name":"Accueil","item":"https:\/\/www.pressenza.com\/es\/"},{"@type":"ListItem","position":2,"name":"\u00abMillones salieron de la pobreza pero los bancos tambi\u00e9n se enriquecieron\u00bb, asegur\u00f3 Lula"}]},{"@type":"WebSite","@id":"https:\/\/www.pressenza.com\/es\/#website","url":"https:\/\/www.pressenza.com\/es\/","name":"Pressenza","description":"International Press Agency","publisher":{"@id":"https:\/\/www.pressenza.com\/es\/#organization"},"potentialAction":[{"@type":"SearchAction","target":{"@type":"EntryPoint","urlTemplate":"https:\/\/www.pressenza.com\/es\/?s={search_term_string}"},"query-input":{"@type":"PropertyValueSpecification","valueRequired":true,"valueName":"search_term_string"}}],"inLanguage":"es"},{"@type":"Organization","@id":"https:\/\/www.pressenza.com\/es\/#organization","name":"Pressenza","url":"https:\/\/www.pressenza.com\/es\/","logo":{"@type":"ImageObject","inLanguage":"es","@id":"https:\/\/www.pressenza.com\/es\/#\/schema\/logo\/image\/","url":"https:\/\/www.pressenza.com\/wp-content\/uploads\/2022\/10\/pressenza_logo_200x200.jpg","contentUrl":"https:\/\/www.pressenza.com\/wp-content\/uploads\/2022\/10\/pressenza_logo_200x200.jpg","width":200,"height":200,"caption":"Pressenza"},"image":{"@id":"https:\/\/www.pressenza.com\/es\/#\/schema\/logo\/image\/"},"sameAs":["https:\/\/www.facebook.com\/PressenzaItalia","https:\/\/x.com\/PressenzaIPA"]},{"@type":"Person","@id":"https:\/\/www.pressenza.com\/es\/#\/schema\/person\/f1a879435e38cd8f69eac14ebf21489e","name":"T\u00e9lam - Agencia Nacional de Noticias de la Rep\u00fablica Argentina","description":"T\u00e9lam es una de las grandes agencias de noticias a nivel regional. El prestigio, acceso a fuentes oficiales, la cobertura en todo el territorio nacional y corresponsal\u00edas en el exterior; y la responsabilidad en el tratamiento informativo son caracter\u00edsticas que colocan a T\u00e9lam en referente period\u00edstico confiable y cre\u00edble en el pa\u00eds y en el mundo. Sostiene un servicio actualizado, detallado y original en diversos formatos, las 24 horas del d\u00eda, todos los d\u00edas del a\u00f1o. Es l\u00edder en el mercado nacional y sostiene alianzas a nivel regional y mundial que le permiten expandir los servicios period\u00edsticos. Suministra sus productos v\u00eda on line, tanto a nivel local como internacional. En la actualidad, la Agencia suma a sus servicios tradicionales, nuevos desaf\u00edos a partir de la realizaci\u00f3n de producciones multimedia para diversas plataformas. www.telam.com.ar","sameAs":["https:\/\/www.facebook.com\/AgenciaTELAM","https:\/\/x.com\/AgenciaTelam"],"url":"https:\/\/www.pressenza.com\/es\/author\/telam\/"}]}},"place":"Brasil","original_article_url":"","_links":{"self":[{"href":"https:\/\/www.pressenza.com\/es\/wp-json\/wp\/v2\/posts\/64266","targetHints":{"allow":["GET"]}}],"collection":[{"href":"https:\/\/www.pressenza.com\/es\/wp-json\/wp\/v2\/posts"}],"about":[{"href":"https:\/\/www.pressenza.com\/es\/wp-json\/wp\/v2\/types\/post"}],"author":[{"embeddable":true,"href":"https:\/\/www.pressenza.com\/es\/wp-json\/wp\/v2\/users\/494"}],"replies":[{"embeddable":true,"href":"https:\/\/www.pressenza.com\/es\/wp-json\/wp\/v2\/comments?post=64266"}],"version-history":[{"count":0,"href":"https:\/\/www.pressenza.com\/es\/wp-json\/wp\/v2\/posts\/64266\/revisions"}],"wp:featuredmedia":[{"embeddable":true,"href":"https:\/\/www.pressenza.com\/es\/wp-json\/wp\/v2\/media\/64270"}],"wp:attachment":[{"href":"https:\/\/www.pressenza.com\/es\/wp-json\/wp\/v2\/media?parent=64266"}],"wp:term":[{"taxonomy":"category","embeddable":true,"href":"https:\/\/www.pressenza.com\/es\/wp-json\/wp\/v2\/categories?post=64266"},{"taxonomy":"post_tag","embeddable":true,"href":"https:\/\/www.pressenza.com\/es\/wp-json\/wp\/v2\/tags?post=64266"}],"curies":[{"name":"wp","href":"https:\/\/api.w.org\/{rel}","templated":true}]}}