{"id":641916,"date":"2018-05-17T15:37:55","date_gmt":"2018-05-17T14:37:55","guid":{"rendered":"https:\/\/www.pressenza.com\/?p=641916"},"modified":"2018-05-17T15:37:55","modified_gmt":"2018-05-17T14:37:55","slug":"chile-nepotismo-gloria-majestad","status":"publish","type":"post","link":"https:\/\/www.pressenza.com\/es\/2018\/05\/chile-nepotismo-gloria-majestad\/","title":{"rendered":"Chile: El nepotismo en gloria y majestad"},"content":{"rendered":"<p>A ra\u00edz del fallido nombramiento del hermano del presidente como embajador en Argentina, se reflot\u00f3 el tema del nepotismo. De rebote salpic\u00f3 al hijo del ministro del interior y la oposici\u00f3n aprovech\u00f3 la ocasi\u00f3n para airear otros innumerables casos. En la situaci\u00f3n del hermano fue la Contralor\u00eda la que se interpuso, precisando que no pod\u00eda tomar raz\u00f3n antes de un tiempo. Dada la premura que el propio gobierno se hab\u00eda fijado, no tuvo m\u00e1s remedio que echar pie atr\u00e1s. En el caso del hijo del ministro del interior, quien es primo de primer grado del presidente, para que la oposici\u00f3n no se diera un fest\u00edn, decidi\u00f3 dar un paso al costado. Sin perjuicio de ello, de todas formas, la oposici\u00f3n est\u00e1 d\u00e1ndole como al gobierno. No es para menos. Mal que mal, se la han dado en bandeja.<br \/>\nReconozcamos que es dif\u00edcil encontrar gobiernos en los cuales no se den situaciones de esta naturaleza. De hecho, desde la derecha r\u00e1pidamente se encargaron de elaborar una suerte de dossier con todas las redes familiares implementadas en gobiernos anteriores. Por tanto, si esto se ha dado desde tiempos inmemoriales, cabe preguntarse: \u00bfpor qu\u00e9 tanto esc\u00e1ndalo?<br \/>\n Me centrar\u00e9 en cuatro razones. Una, la conducta adoptada cuando eran oposici\u00f3n las fuerzas pol\u00edticas que ahora est\u00e1n en el gobierno; dos, por los avances que registra el pa\u00eds en materia de transparencia que permiten conocer hoy lo que antes no se sab\u00eda; tres, porque les guste o no, quienes ahora nos gobiernan, quienes cortan el queque son los de arriba, los pudientes, quienes viven en Las Condes, Vitacura, La Dehesa; y cuatro, porque al pa\u00eds pareciera que a\u00fan le queda una dosis de decencia, de capacidad para asombrarse, escandalizarse ante determinadas situaciones.<br \/>\nCuando quienes nos gobiernan eran oposici\u00f3n, dentro de sus banderas estuvo la necesidad de hacer carne la igualdad de oportunidades, de la necesidad de abrir espacio a la meritocracia, asegurando que en caso de acceder al gobierno sacar\u00edan a los operadores pol\u00edticos enquistados, que atacar\u00edan el nepotismo, el amiguismo, y el famoso pituteo.<br \/>\nComo discurso, impecable, inobjetable, tan impecable e inobjetable, que les permiti\u00f3 triunfar en las elecciones presidenciales. Sin embargo, en la pr\u00e1ctica, dado que quienes nos gobiernan provienen de cunas de oro, que se distribuyan los cargos entre ellos, en familia, es altamente reprochable. Doblemente reprochable que bajo los gobiernos anteriores dado que sus dirigentes proven\u00edan de cunas de bronce o plata, antes que de oro. Mal que mal, dentro de las propias \u00e9lites es posible distinguir a unos de otros.<br \/>\nComo sostuviera el gobierno pocos pueden dudar de las capacidades de quien iba a ser el embajador en Argentina. De igual modo, tampoco tenemos derecho a poner en duda de las capacidades del hijo del ministro del interior, contratado a honorarios. El punto es otro. \u00bfAcaso no hay otros con similares o mayores capacidades que el hermano del presidente para ser embajador? \u00bfAcaso no hay otros con las capacidades que el hijo del ministro?<br \/>\nLos hay y de sobra, y por m\u00e1s que se diga lo contrario, se opt\u00f3 por ellos por la confianza que despiertan, la que viene dada por los lazos familiares. Con esa l\u00f3gica es como vamos metiendo a familiares, amigos y contactos.  Esta observaci\u00f3n, este reproche vale tanto para moros como cristianos, para quienes est\u00e1n en el mundo de izquierda y en el de la derecha.<br \/>\nEl nepotismo no es algo nuevo, y se da en todas partes. Es cierto, pero ojo, porque ello no implica que haya que resignarse a su existencia o que est\u00e9 en la naturaleza del ser humano como no pocos sugerir\u00edan. Muy por el contrario, su persistencia debe hacer redoblar nuestros esfuerzos por eliminar todo rasgo de nepotismo. <\/p>\n","protected":false},"excerpt":{"rendered":"<p>A ra\u00edz del fallido nombramiento del hermano del presidente como embajador en Argentina, se reflot\u00f3 el tema del nepotismo. De rebote salpic\u00f3 al hijo del ministro del interior y la oposici\u00f3n aprovech\u00f3 la ocasi\u00f3n para airear otros innumerables casos. En&hellip;<\/p>\n","protected":false},"author":1346,"featured_media":641917,"comment_status":"closed","ping_status":"closed","sticky":false,"template":"","format":"standard","meta":{"footnotes":""},"categories":[11389,161,74,67],"tags":[29,773,33850,8641],"class_list":["post-641916","post","type-post","status-publish","format-standard","has-post-thumbnail","hentry","category-contenido-original","category-opiniones","category-politica-es","category-sudamerica","tag-chile","tag-corrupcion","tag-nepotismo","tag-santiago"],"yoast_head":"<!-- This site is optimized with the Yoast SEO plugin v27.1.1 - https:\/\/yoast.com\/product\/yoast-seo-wordpress\/ -->\n<title>Chile: El nepotismo en gloria y majestad<\/title>\n<meta name=\"description\" content=\"A ra\u00edz del fallido nombramiento del hermano del presidente como embajador en Argentina, se reflot\u00f3 el tema del nepotismo. De rebote salpic\u00f3 al hijo del\" \/>\n<meta name=\"robots\" content=\"index, follow, max-snippet:-1, max-image-preview:large, max-video-preview:-1\" \/>\n<link rel=\"canonical\" href=\"https:\/\/www.pressenza.com\/es\/2018\/05\/chile-nepotismo-gloria-majestad\/\" \/>\n<meta property=\"og:locale\" content=\"es_ES\" \/>\n<meta property=\"og:type\" content=\"article\" \/>\n<meta property=\"og:title\" content=\"Chile: El nepotismo en gloria y majestad\" \/>\n<meta property=\"og:description\" content=\"A ra\u00edz del fallido nombramiento del hermano del presidente como embajador en Argentina, se reflot\u00f3 el tema del nepotismo. De rebote salpic\u00f3 al hijo del\" \/>\n<meta property=\"og:url\" content=\"https:\/\/www.pressenza.com\/es\/2018\/05\/chile-nepotismo-gloria-majestad\/\" \/>\n<meta property=\"og:site_name\" content=\"Pressenza\" \/>\n<meta property=\"article:publisher\" content=\"https:\/\/www.facebook.com\/PressenzaItalia\" \/>\n<meta property=\"article:published_time\" content=\"2018-05-17T14:37:55+00:00\" \/>\n<meta property=\"og:image\" content=\"https:\/\/www.pressenza.com\/wp-content\/uploads\/2018\/05\/NEPOTISMO.jpg\" \/>\n\t<meta property=\"og:image:width\" content=\"872\" \/>\n\t<meta property=\"og:image:height\" content=\"480\" \/>\n\t<meta property=\"og:image:type\" content=\"image\/jpeg\" \/>\n<meta name=\"author\" content=\"Rodolfo Schmal\" \/>\n<meta name=\"twitter:card\" content=\"summary_large_image\" \/>\n<meta name=\"twitter:creator\" content=\"@PressenzaIPA\" \/>\n<meta name=\"twitter:site\" content=\"@PressenzaIPA\" \/>\n<meta name=\"twitter:label1\" content=\"Escrito por\" \/>\n\t<meta name=\"twitter:data1\" content=\"Rodolfo Schmal\" \/>\n\t<meta name=\"twitter:label2\" content=\"Tiempo de lectura\" \/>\n\t<meta name=\"twitter:data2\" content=\"3 minutos\" \/>\n<script type=\"application\/ld+json\" class=\"yoast-schema-graph\">{\"@context\":\"https:\/\/schema.org\",\"@graph\":[{\"@type\":\"Article\",\"@id\":\"https:\/\/www.pressenza.com\/es\/2018\/05\/chile-nepotismo-gloria-majestad\/#article\",\"isPartOf\":{\"@id\":\"https:\/\/www.pressenza.com\/es\/2018\/05\/chile-nepotismo-gloria-majestad\/\"},\"author\":{\"name\":\"Rodolfo Schmal\",\"@id\":\"https:\/\/www.pressenza.com\/es\/#\/schema\/person\/f997ea76500c802de8beb920d3db5a96\"},\"headline\":\"Chile: El nepotismo en gloria y majestad\",\"datePublished\":\"2018-05-17T14:37:55+00:00\",\"mainEntityOfPage\":{\"@id\":\"https:\/\/www.pressenza.com\/es\/2018\/05\/chile-nepotismo-gloria-majestad\/\"},\"wordCount\":658,\"publisher\":{\"@id\":\"https:\/\/www.pressenza.com\/es\/#organization\"},\"image\":{\"@id\":\"https:\/\/www.pressenza.com\/es\/2018\/05\/chile-nepotismo-gloria-majestad\/#primaryimage\"},\"thumbnailUrl\":\"https:\/\/www.pressenza.com\/wp-content\/uploads\/2018\/05\/NEPOTISMO.jpg\",\"keywords\":[\"Chile\",\"corrupci\u00f3n\",\"nepotismo\",\"Santiago\"],\"articleSection\":[\"Contenido Original\",\"Opiniones\",\"Pol\u00edtica\",\"Sudam\u00e9rica\"],\"inLanguage\":\"es\"},{\"@type\":\"WebPage\",\"@id\":\"https:\/\/www.pressenza.com\/es\/2018\/05\/chile-nepotismo-gloria-majestad\/\",\"url\":\"https:\/\/www.pressenza.com\/es\/2018\/05\/chile-nepotismo-gloria-majestad\/\",\"name\":\"Chile: El nepotismo en gloria y majestad\",\"isPartOf\":{\"@id\":\"https:\/\/www.pressenza.com\/es\/#website\"},\"primaryImageOfPage\":{\"@id\":\"https:\/\/www.pressenza.com\/es\/2018\/05\/chile-nepotismo-gloria-majestad\/#primaryimage\"},\"image\":{\"@id\":\"https:\/\/www.pressenza.com\/es\/2018\/05\/chile-nepotismo-gloria-majestad\/#primaryimage\"},\"thumbnailUrl\":\"https:\/\/www.pressenza.com\/wp-content\/uploads\/2018\/05\/NEPOTISMO.jpg\",\"datePublished\":\"2018-05-17T14:37:55+00:00\",\"description\":\"A ra\u00edz del fallido nombramiento del hermano del presidente como embajador en Argentina, se reflot\u00f3 el tema del nepotismo. De rebote salpic\u00f3 al hijo del\",\"breadcrumb\":{\"@id\":\"https:\/\/www.pressenza.com\/es\/2018\/05\/chile-nepotismo-gloria-majestad\/#breadcrumb\"},\"inLanguage\":\"es\",\"potentialAction\":[{\"@type\":\"ReadAction\",\"target\":[\"https:\/\/www.pressenza.com\/es\/2018\/05\/chile-nepotismo-gloria-majestad\/\"]}]},{\"@type\":\"ImageObject\",\"inLanguage\":\"es\",\"@id\":\"https:\/\/www.pressenza.com\/es\/2018\/05\/chile-nepotismo-gloria-majestad\/#primaryimage\",\"url\":\"https:\/\/www.pressenza.com\/wp-content\/uploads\/2018\/05\/NEPOTISMO.jpg\",\"contentUrl\":\"https:\/\/www.pressenza.com\/wp-content\/uploads\/2018\/05\/NEPOTISMO.jpg\",\"width\":872,\"height\":480},{\"@type\":\"BreadcrumbList\",\"@id\":\"https:\/\/www.pressenza.com\/es\/2018\/05\/chile-nepotismo-gloria-majestad\/#breadcrumb\",\"itemListElement\":[{\"@type\":\"ListItem\",\"position\":1,\"name\":\"Accueil\",\"item\":\"https:\/\/www.pressenza.com\/es\/\"},{\"@type\":\"ListItem\",\"position\":2,\"name\":\"Chile: El nepotismo en gloria y majestad\"}]},{\"@type\":\"WebSite\",\"@id\":\"https:\/\/www.pressenza.com\/es\/#website\",\"url\":\"https:\/\/www.pressenza.com\/es\/\",\"name\":\"Pressenza\",\"description\":\"International Press Agency\",\"publisher\":{\"@id\":\"https:\/\/www.pressenza.com\/es\/#organization\"},\"potentialAction\":[{\"@type\":\"SearchAction\",\"target\":{\"@type\":\"EntryPoint\",\"urlTemplate\":\"https:\/\/www.pressenza.com\/es\/?s={search_term_string}\"},\"query-input\":{\"@type\":\"PropertyValueSpecification\",\"valueRequired\":true,\"valueName\":\"search_term_string\"}}],\"inLanguage\":\"es\"},{\"@type\":\"Organization\",\"@id\":\"https:\/\/www.pressenza.com\/es\/#organization\",\"name\":\"Pressenza\",\"url\":\"https:\/\/www.pressenza.com\/es\/\",\"logo\":{\"@type\":\"ImageObject\",\"inLanguage\":\"es\",\"@id\":\"https:\/\/www.pressenza.com\/es\/#\/schema\/logo\/image\/\",\"url\":\"https:\/\/www.pressenza.com\/wp-content\/uploads\/2022\/10\/pressenza_logo_200x200.jpg\",\"contentUrl\":\"https:\/\/www.pressenza.com\/wp-content\/uploads\/2022\/10\/pressenza_logo_200x200.jpg\",\"width\":200,\"height\":200,\"caption\":\"Pressenza\"},\"image\":{\"@id\":\"https:\/\/www.pressenza.com\/es\/#\/schema\/logo\/image\/\"},\"sameAs\":[\"https:\/\/www.facebook.com\/PressenzaItalia\",\"https:\/\/x.com\/PressenzaIPA\"]},{\"@type\":\"Person\",\"@id\":\"https:\/\/www.pressenza.com\/es\/#\/schema\/person\/f997ea76500c802de8beb920d3db5a96\",\"name\":\"Rodolfo Schmal\",\"description\":\"Rodolfo Schmal Simon es Ingeniero Civil Industrial de la Universidad de Chile y Magister en Inform\u00e1tica de la Universidad Polit\u00e9cnica de Madrid-Espa\u00f1a. Ha sido profesor de las Universidades de Chile, del Norte, de Tarapac\u00e1 y de Talca; socio de las empresas inform\u00e1ticas PRODAT y ALEPH; Director de ZOFRI S.A.; Secretario y Tesorero de la Asociaci\u00f3n de Acad\u00e9micos de la Universidad de Talca. Es autor de textos docentes y art\u00edculos en revistas acad\u00e9micas nacionales e internacionales indexadas. Reside en Talca, Chile.\",\"url\":\"https:\/\/www.pressenza.com\/es\/author\/rodolfo-schmal\/\"}]}<\/script>\n<!-- \/ Yoast SEO plugin. -->","yoast_head_json":{"title":"Chile: El nepotismo en gloria y majestad","description":"A ra\u00edz del fallido nombramiento del hermano del presidente como embajador en Argentina, se reflot\u00f3 el tema del nepotismo. De rebote salpic\u00f3 al hijo del","robots":{"index":"index","follow":"follow","max-snippet":"max-snippet:-1","max-image-preview":"max-image-preview:large","max-video-preview":"max-video-preview:-1"},"canonical":"https:\/\/www.pressenza.com\/es\/2018\/05\/chile-nepotismo-gloria-majestad\/","og_locale":"es_ES","og_type":"article","og_title":"Chile: El nepotismo en gloria y majestad","og_description":"A ra\u00edz del fallido nombramiento del hermano del presidente como embajador en Argentina, se reflot\u00f3 el tema del nepotismo. De rebote salpic\u00f3 al hijo del","og_url":"https:\/\/www.pressenza.com\/es\/2018\/05\/chile-nepotismo-gloria-majestad\/","og_site_name":"Pressenza","article_publisher":"https:\/\/www.facebook.com\/PressenzaItalia","article_published_time":"2018-05-17T14:37:55+00:00","og_image":[{"width":872,"height":480,"url":"https:\/\/www.pressenza.com\/wp-content\/uploads\/2018\/05\/NEPOTISMO.jpg","type":"image\/jpeg"}],"author":"Rodolfo Schmal","twitter_card":"summary_large_image","twitter_creator":"@PressenzaIPA","twitter_site":"@PressenzaIPA","twitter_misc":{"Escrito por":"Rodolfo Schmal","Tiempo de lectura":"3 minutos"},"schema":{"@context":"https:\/\/schema.org","@graph":[{"@type":"Article","@id":"https:\/\/www.pressenza.com\/es\/2018\/05\/chile-nepotismo-gloria-majestad\/#article","isPartOf":{"@id":"https:\/\/www.pressenza.com\/es\/2018\/05\/chile-nepotismo-gloria-majestad\/"},"author":{"name":"Rodolfo Schmal","@id":"https:\/\/www.pressenza.com\/es\/#\/schema\/person\/f997ea76500c802de8beb920d3db5a96"},"headline":"Chile: El nepotismo en gloria y majestad","datePublished":"2018-05-17T14:37:55+00:00","mainEntityOfPage":{"@id":"https:\/\/www.pressenza.com\/es\/2018\/05\/chile-nepotismo-gloria-majestad\/"},"wordCount":658,"publisher":{"@id":"https:\/\/www.pressenza.com\/es\/#organization"},"image":{"@id":"https:\/\/www.pressenza.com\/es\/2018\/05\/chile-nepotismo-gloria-majestad\/#primaryimage"},"thumbnailUrl":"https:\/\/www.pressenza.com\/wp-content\/uploads\/2018\/05\/NEPOTISMO.jpg","keywords":["Chile","corrupci\u00f3n","nepotismo","Santiago"],"articleSection":["Contenido Original","Opiniones","Pol\u00edtica","Sudam\u00e9rica"],"inLanguage":"es"},{"@type":"WebPage","@id":"https:\/\/www.pressenza.com\/es\/2018\/05\/chile-nepotismo-gloria-majestad\/","url":"https:\/\/www.pressenza.com\/es\/2018\/05\/chile-nepotismo-gloria-majestad\/","name":"Chile: El nepotismo en gloria y majestad","isPartOf":{"@id":"https:\/\/www.pressenza.com\/es\/#website"},"primaryImageOfPage":{"@id":"https:\/\/www.pressenza.com\/es\/2018\/05\/chile-nepotismo-gloria-majestad\/#primaryimage"},"image":{"@id":"https:\/\/www.pressenza.com\/es\/2018\/05\/chile-nepotismo-gloria-majestad\/#primaryimage"},"thumbnailUrl":"https:\/\/www.pressenza.com\/wp-content\/uploads\/2018\/05\/NEPOTISMO.jpg","datePublished":"2018-05-17T14:37:55+00:00","description":"A ra\u00edz del fallido nombramiento del hermano del presidente como embajador en Argentina, se reflot\u00f3 el tema del nepotismo. De rebote salpic\u00f3 al hijo del","breadcrumb":{"@id":"https:\/\/www.pressenza.com\/es\/2018\/05\/chile-nepotismo-gloria-majestad\/#breadcrumb"},"inLanguage":"es","potentialAction":[{"@type":"ReadAction","target":["https:\/\/www.pressenza.com\/es\/2018\/05\/chile-nepotismo-gloria-majestad\/"]}]},{"@type":"ImageObject","inLanguage":"es","@id":"https:\/\/www.pressenza.com\/es\/2018\/05\/chile-nepotismo-gloria-majestad\/#primaryimage","url":"https:\/\/www.pressenza.com\/wp-content\/uploads\/2018\/05\/NEPOTISMO.jpg","contentUrl":"https:\/\/www.pressenza.com\/wp-content\/uploads\/2018\/05\/NEPOTISMO.jpg","width":872,"height":480},{"@type":"BreadcrumbList","@id":"https:\/\/www.pressenza.com\/es\/2018\/05\/chile-nepotismo-gloria-majestad\/#breadcrumb","itemListElement":[{"@type":"ListItem","position":1,"name":"Accueil","item":"https:\/\/www.pressenza.com\/es\/"},{"@type":"ListItem","position":2,"name":"Chile: El nepotismo en gloria y majestad"}]},{"@type":"WebSite","@id":"https:\/\/www.pressenza.com\/es\/#website","url":"https:\/\/www.pressenza.com\/es\/","name":"Pressenza","description":"International Press Agency","publisher":{"@id":"https:\/\/www.pressenza.com\/es\/#organization"},"potentialAction":[{"@type":"SearchAction","target":{"@type":"EntryPoint","urlTemplate":"https:\/\/www.pressenza.com\/es\/?s={search_term_string}"},"query-input":{"@type":"PropertyValueSpecification","valueRequired":true,"valueName":"search_term_string"}}],"inLanguage":"es"},{"@type":"Organization","@id":"https:\/\/www.pressenza.com\/es\/#organization","name":"Pressenza","url":"https:\/\/www.pressenza.com\/es\/","logo":{"@type":"ImageObject","inLanguage":"es","@id":"https:\/\/www.pressenza.com\/es\/#\/schema\/logo\/image\/","url":"https:\/\/www.pressenza.com\/wp-content\/uploads\/2022\/10\/pressenza_logo_200x200.jpg","contentUrl":"https:\/\/www.pressenza.com\/wp-content\/uploads\/2022\/10\/pressenza_logo_200x200.jpg","width":200,"height":200,"caption":"Pressenza"},"image":{"@id":"https:\/\/www.pressenza.com\/es\/#\/schema\/logo\/image\/"},"sameAs":["https:\/\/www.facebook.com\/PressenzaItalia","https:\/\/x.com\/PressenzaIPA"]},{"@type":"Person","@id":"https:\/\/www.pressenza.com\/es\/#\/schema\/person\/f997ea76500c802de8beb920d3db5a96","name":"Rodolfo Schmal","description":"Rodolfo Schmal Simon es Ingeniero Civil Industrial de la Universidad de Chile y Magister en Inform\u00e1tica de la Universidad Polit\u00e9cnica de Madrid-Espa\u00f1a. Ha sido profesor de las Universidades de Chile, del Norte, de Tarapac\u00e1 y de Talca; socio de las empresas inform\u00e1ticas PRODAT y ALEPH; Director de ZOFRI S.A.; Secretario y Tesorero de la Asociaci\u00f3n de Acad\u00e9micos de la Universidad de Talca. Es autor de textos docentes y art\u00edculos en revistas acad\u00e9micas nacionales e internacionales indexadas. Reside en Talca, Chile.","url":"https:\/\/www.pressenza.com\/es\/author\/rodolfo-schmal\/"}]}},"place":"","original_article_url":"","_links":{"self":[{"href":"https:\/\/www.pressenza.com\/es\/wp-json\/wp\/v2\/posts\/641916","targetHints":{"allow":["GET"]}}],"collection":[{"href":"https:\/\/www.pressenza.com\/es\/wp-json\/wp\/v2\/posts"}],"about":[{"href":"https:\/\/www.pressenza.com\/es\/wp-json\/wp\/v2\/types\/post"}],"author":[{"embeddable":true,"href":"https:\/\/www.pressenza.com\/es\/wp-json\/wp\/v2\/users\/1346"}],"replies":[{"embeddable":true,"href":"https:\/\/www.pressenza.com\/es\/wp-json\/wp\/v2\/comments?post=641916"}],"version-history":[{"count":0,"href":"https:\/\/www.pressenza.com\/es\/wp-json\/wp\/v2\/posts\/641916\/revisions"}],"wp:featuredmedia":[{"embeddable":true,"href":"https:\/\/www.pressenza.com\/es\/wp-json\/wp\/v2\/media\/641917"}],"wp:attachment":[{"href":"https:\/\/www.pressenza.com\/es\/wp-json\/wp\/v2\/media?parent=641916"}],"wp:term":[{"taxonomy":"category","embeddable":true,"href":"https:\/\/www.pressenza.com\/es\/wp-json\/wp\/v2\/categories?post=641916"},{"taxonomy":"post_tag","embeddable":true,"href":"https:\/\/www.pressenza.com\/es\/wp-json\/wp\/v2\/tags?post=641916"}],"curies":[{"name":"wp","href":"https:\/\/api.w.org\/{rel}","templated":true}]}}