{"id":641225,"date":"2018-05-15T07:28:59","date_gmt":"2018-05-15T06:28:59","guid":{"rendered":"https:\/\/www.pressenza.com\/?p=641225"},"modified":"2018-05-15T08:21:56","modified_gmt":"2018-05-15T07:21:56","slug":"foro-humanista-europeo-aprueba-declaracion-apoyo-al-pueblo-mapuche","status":"publish","type":"post","link":"https:\/\/www.pressenza.com\/es\/2018\/05\/foro-humanista-europeo-aprueba-declaracion-apoyo-al-pueblo-mapuche\/","title":{"rendered":"El Foro Humanista Europeo aprueba Declaraci\u00f3n de Apoyo al Pueblo Mapuche"},"content":{"rendered":"<p>En la sesi\u00f3n final del Foro Humanista Europeo 2018, el plenario aprob\u00f3 por aclamaci\u00f3n una Declaraci\u00f3n de Apoyo al Pueblo Mapuche, que reproducimos m\u00e1s abajo.<\/p>\n<p>El Diputado chileno Tom\u00e1s Hirsch, ponente en el Foro, se comprometi\u00f3 p\u00fablicamente a entregar dicha Declaraci\u00f3n a los presos mapuches.<\/p>\n<p>https:\/\/www.facebook.com\/EHF2018\/videos\/1078551742283500\/<\/p>\n<p><em>Momento en el que se lee y aprueba la Declaraci\u00f3n en la sesi\u00f3n final del FHE2018<\/em><\/p>\n<p>Dicha declaraci\u00f3n se aprob\u00f3 de modo un\u00e1nime y aclamaci\u00f3n, a propuesta de las mesas de trabajo de Convergencia Social Pol\u00edtical, Interculturalidad, encuentro y di\u00e1logo entre seres humanos, y Derechos Humanos.<\/p>\n<h4>Texto de la Declaraci\u00f3n de Apoyo por parte del FHE2018 al Pueblo Mapuche<\/h4>\n<p><em>El Foro Humanista Europeo, reunido durante los d\u00edas 11, 12 y 13 de mayo del 2018 \u00a0en la ciudad de Madrid, Espa\u00f1a, acuerda la siguiente resoluci\u00f3n:<\/em><\/p>\n<p><em>1.- Apoyamos y solidarizamos con la leg\u00edtima lucha de la Naci\u00f3n Mapuche por la b\u00fasqueda de justicia en la recuperaci\u00f3n de sus territorios ancestrales y su reconocimiento como cultura originaria existente desde antes de la fundaci\u00f3n de la Rep\u00fablica de Chile.<\/em><\/p>\n<p><em>2.- Exigimos del Estado de Chile, y en particular de su actual Presidente de la Rep\u00fablica Sebasti\u00e1n Pi\u00f1era, el desistimiento de toda acci\u00f3n represiva en contra de las comunidades mapuche. Se debe avanzar en soluciones\u00a0 pol\u00edticas alejadas de las respuestas militarizadas que hasta ahora se han intentado, raz\u00f3n \u00a0por la cual \u00a0condenamos la criminalizaci\u00f3n que se ha hecho de la leg\u00edtima causa mapuche.<\/em><\/p>\n<p><em>3.- En particular, apoyamos y exigimos la libertad de Jos\u00e9 Tralcal, Luis Tralcal y Jos\u00e9 Peralino, qui\u00e9nes &#8211; en un reciente fallo amparado en la esp\u00farea Ley Antiterrorista de Pinochet- fueron condenados luego de un juicio absolutamente irregular y alejado de las m\u00e1s m\u00ednimas garant\u00edas del debido proceso. Consideramos inaceptable que el Estado chileno aplique a los mapuches la Ley Antiterrorista y que, en base a ello, pretenda castigar conductas estrictamente pol\u00edticas que deben ser atendidas como parte de un conflicto que el propio Estado chileno desencaden\u00f3 a fines del siglo XIX.<\/em><\/p>\n<p><em>4.- Del mismo modo, solicitamos que el gobierno chileno respete los derechos humanos y los principios b\u00e1sicos del derecho internacional y atienda la demanda del machi Celestino C\u00f3rdova, autoridad espiritual mapuche que est\u00e1 preso en la c\u00e1rcel de Temuco, cumpliendo una condena de 18 a\u00f1os por supuesta participaci\u00f3n en un atentado criminal, y le dejen salir 48 horas y asistir a su centro ceremonial (rewe) para renovar su compromiso espiritual. Solicitamos al gobierno del Presidente Pi\u00f1era que reconsidere de inmediato su actitud, autorice el permiso solicitado y garantice al machi C\u00f3rdova y a su pueblo el ejercicio efectivo de sus derechos y la pr\u00e1ctica de su espiritualidad.<\/em><\/p>\n<p><em>5.- Todo lo anterior se inscribe en una escalada de medidas represivas contra las comunidades mapuche, escalada que coincide con la llegada a la presidencia de Sebasti\u00e1n Pi\u00f1era. Entre ellas cabe mencionar el constante asedio policial a las comunidades movilizadas, el allanamiento permanente de las viviendas de los mapuche, los controles camineros sobre sus desplazamientos, el acoso contra los presos pol\u00edticos mapuche en las prisiones y el cerco medi\u00e1tico que han impuesto sobre el conflicto los medios de comunicaci\u00f3n.<\/em><\/p>\n<p><em>6.- Nuestra invitaci\u00f3n a las distintas organizaciones sociales y pol\u00edticas a estar alertas y movilizadas, a\u00a0 redoblar la solidaridad con la Naci\u00f3n Mapuche\u00a0 y con las luchas hist\u00f3ricas protagonizadas por su pueblo pues en el planeta se visualiza un resurgimiento de los neofascismos y, por consiguiente, un aumento en la represi\u00f3n y criminalizaci\u00f3n de las causas justas en todo el planeta. Solidarizar con la causa mapuche es solidarizar con todas las luchas de los injustamente perseguidos de todo el mundo.<\/em><\/p>\n<p><em>Foro Humanista Europeo,<\/em><\/p>\n<p><em>Madrid, 13 Mayo de 2018<\/em><\/p>\n<p>&nbsp;<\/p>\n","protected":false},"excerpt":{"rendered":"<p>En la sesi\u00f3n final del Foro Humanista Europeo 2018, el plenario aprob\u00f3 por aclamaci\u00f3n una Declaraci\u00f3n de Apoyo al Pueblo Mapuche, que reproducimos m\u00e1s abajo. El Diputado chileno Tom\u00e1s Hirsch, ponente en el Foro, se comprometi\u00f3 p\u00fablicamente a entregar dicha&hellip;<\/p>\n","protected":false},"author":1508,"featured_media":641228,"comment_status":"closed","ping_status":"closed","sticky":false,"template":"","format":"standard","meta":{"footnotes":""},"categories":[11389,79,1240,39,80],"tags":[45285,44833,45287,45216,46090,10127,412],"class_list":["post-641225","post","type-post","status-publish","format-standard","has-post-thumbnail","hentry","category-contenido-original","category-derechos-humanos","category-humanismo-espiritualidad","category-internacional","category-pueblos-originarios","tag-fhe2018","tag-forohumanistaeuropeo2018","tag-loquenosune","tag-frente-amplio-de-chile","tag-represion-pueblo-mapuche","tag-solidaridad","tag-tomas-hirsch"],"yoast_head":"<!-- This site is optimized with the Yoast SEO plugin v27.1.1 - https:\/\/yoast.com\/product\/yoast-seo-wordpress\/ -->\n<title>El Foro Humanista Europeo aprueba Declaraci\u00f3n de Apoyo al Pueblo Mapuche<\/title>\n<meta name=\"description\" content=\"En la sesi\u00f3n final del Foro Humanista Europeo 2018, el plenario aprob\u00f3 por aclamaci\u00f3n una Declaraci\u00f3n de Apoyo al Pueblo Mapuche, que reproducimos m\u00e1s\" \/>\n<meta name=\"robots\" content=\"index, follow, max-snippet:-1, max-image-preview:large, max-video-preview:-1\" \/>\n<link rel=\"canonical\" href=\"https:\/\/www.pressenza.com\/es\/2018\/05\/foro-humanista-europeo-aprueba-declaracion-apoyo-al-pueblo-mapuche\/\" \/>\n<meta property=\"og:locale\" content=\"es_ES\" \/>\n<meta property=\"og:type\" content=\"article\" \/>\n<meta property=\"og:title\" content=\"El Foro Humanista Europeo aprueba Declaraci\u00f3n de Apoyo al Pueblo Mapuche\" \/>\n<meta property=\"og:description\" content=\"En la sesi\u00f3n final del Foro Humanista Europeo 2018, el plenario aprob\u00f3 por aclamaci\u00f3n una Declaraci\u00f3n de Apoyo al Pueblo Mapuche, que reproducimos m\u00e1s\" \/>\n<meta property=\"og:url\" content=\"https:\/\/www.pressenza.com\/es\/2018\/05\/foro-humanista-europeo-aprueba-declaracion-apoyo-al-pueblo-mapuche\/\" \/>\n<meta property=\"og:site_name\" content=\"Pressenza\" \/>\n<meta property=\"article:publisher\" content=\"https:\/\/www.facebook.com\/PressenzaItalia\" \/>\n<meta property=\"article:published_time\" content=\"2018-05-15T06:28:59+00:00\" \/>\n<meta property=\"article:modified_time\" content=\"2018-05-15T07:21:56+00:00\" \/>\n<meta property=\"og:image\" content=\"https:\/\/www.pressenza.com\/wp-content\/uploads\/2018\/05\/apoyo-pueblo-mapuche.jpg\" \/>\n\t<meta property=\"og:image:width\" content=\"1125\" \/>\n\t<meta property=\"og:image:height\" content=\"745\" \/>\n\t<meta property=\"og:image:type\" content=\"image\/jpeg\" \/>\n<meta name=\"author\" content=\"European Humanist Forum\" \/>\n<meta name=\"twitter:card\" content=\"summary_large_image\" \/>\n<meta name=\"twitter:creator\" content=\"@PressenzaIPA\" \/>\n<meta name=\"twitter:site\" content=\"@PressenzaIPA\" \/>\n<meta name=\"twitter:label1\" content=\"Escrito por\" \/>\n\t<meta name=\"twitter:data1\" content=\"European Humanist Forum\" \/>\n\t<meta name=\"twitter:label2\" content=\"Tiempo de lectura\" \/>\n\t<meta name=\"twitter:data2\" content=\"3 minutos\" \/>\n<script type=\"application\/ld+json\" class=\"yoast-schema-graph\">{\"@context\":\"https:\/\/schema.org\",\"@graph\":[{\"@type\":\"Article\",\"@id\":\"https:\/\/www.pressenza.com\/es\/2018\/05\/foro-humanista-europeo-aprueba-declaracion-apoyo-al-pueblo-mapuche\/#article\",\"isPartOf\":{\"@id\":\"https:\/\/www.pressenza.com\/es\/2018\/05\/foro-humanista-europeo-aprueba-declaracion-apoyo-al-pueblo-mapuche\/\"},\"author\":{\"name\":\"European Humanist Forum\",\"@id\":\"https:\/\/www.pressenza.com\/es\/#\/schema\/person\/0b103aa2cc3460da3ad453ade8a7ef24\"},\"headline\":\"El Foro Humanista Europeo aprueba Declaraci\u00f3n de Apoyo al Pueblo Mapuche\",\"datePublished\":\"2018-05-15T06:28:59+00:00\",\"dateModified\":\"2018-05-15T07:21:56+00:00\",\"mainEntityOfPage\":{\"@id\":\"https:\/\/www.pressenza.com\/es\/2018\/05\/foro-humanista-europeo-aprueba-declaracion-apoyo-al-pueblo-mapuche\/\"},\"wordCount\":667,\"publisher\":{\"@id\":\"https:\/\/www.pressenza.com\/es\/#organization\"},\"image\":{\"@id\":\"https:\/\/www.pressenza.com\/es\/2018\/05\/foro-humanista-europeo-aprueba-declaracion-apoyo-al-pueblo-mapuche\/#primaryimage\"},\"thumbnailUrl\":\"https:\/\/www.pressenza.com\/wp-content\/uploads\/2018\/05\/apoyo-pueblo-mapuche.jpg\",\"keywords\":[\"#FHE2018\",\"#ForoHumanistaEuropeo2018\",\"#LoQueNosUne\",\"Frente Amplio de Chile\",\"Represi\u00f3n Pueblo Mapuche\",\"Solidaridad\",\"Tom\u00e1s Hirsch\"],\"articleSection\":[\"Contenido Original\",\"Derechos Humanos\",\"Humanismo y Espiritualidad\",\"Internacional\",\"Pueblos Originarios\"],\"inLanguage\":\"es\"},{\"@type\":\"WebPage\",\"@id\":\"https:\/\/www.pressenza.com\/es\/2018\/05\/foro-humanista-europeo-aprueba-declaracion-apoyo-al-pueblo-mapuche\/\",\"url\":\"https:\/\/www.pressenza.com\/es\/2018\/05\/foro-humanista-europeo-aprueba-declaracion-apoyo-al-pueblo-mapuche\/\",\"name\":\"El Foro Humanista Europeo aprueba Declaraci\u00f3n de Apoyo al Pueblo Mapuche\",\"isPartOf\":{\"@id\":\"https:\/\/www.pressenza.com\/es\/#website\"},\"primaryImageOfPage\":{\"@id\":\"https:\/\/www.pressenza.com\/es\/2018\/05\/foro-humanista-europeo-aprueba-declaracion-apoyo-al-pueblo-mapuche\/#primaryimage\"},\"image\":{\"@id\":\"https:\/\/www.pressenza.com\/es\/2018\/05\/foro-humanista-europeo-aprueba-declaracion-apoyo-al-pueblo-mapuche\/#primaryimage\"},\"thumbnailUrl\":\"https:\/\/www.pressenza.com\/wp-content\/uploads\/2018\/05\/apoyo-pueblo-mapuche.jpg\",\"datePublished\":\"2018-05-15T06:28:59+00:00\",\"dateModified\":\"2018-05-15T07:21:56+00:00\",\"description\":\"En la sesi\u00f3n final del Foro Humanista Europeo 2018, el plenario aprob\u00f3 por aclamaci\u00f3n una Declaraci\u00f3n de Apoyo al Pueblo Mapuche, que reproducimos m\u00e1s\",\"breadcrumb\":{\"@id\":\"https:\/\/www.pressenza.com\/es\/2018\/05\/foro-humanista-europeo-aprueba-declaracion-apoyo-al-pueblo-mapuche\/#breadcrumb\"},\"inLanguage\":\"es\",\"potentialAction\":[{\"@type\":\"ReadAction\",\"target\":[\"https:\/\/www.pressenza.com\/es\/2018\/05\/foro-humanista-europeo-aprueba-declaracion-apoyo-al-pueblo-mapuche\/\"]}]},{\"@type\":\"ImageObject\",\"inLanguage\":\"es\",\"@id\":\"https:\/\/www.pressenza.com\/es\/2018\/05\/foro-humanista-europeo-aprueba-declaracion-apoyo-al-pueblo-mapuche\/#primaryimage\",\"url\":\"https:\/\/www.pressenza.com\/wp-content\/uploads\/2018\/05\/apoyo-pueblo-mapuche.jpg\",\"contentUrl\":\"https:\/\/www.pressenza.com\/wp-content\/uploads\/2018\/05\/apoyo-pueblo-mapuche.jpg\",\"width\":1125,\"height\":745},{\"@type\":\"BreadcrumbList\",\"@id\":\"https:\/\/www.pressenza.com\/es\/2018\/05\/foro-humanista-europeo-aprueba-declaracion-apoyo-al-pueblo-mapuche\/#breadcrumb\",\"itemListElement\":[{\"@type\":\"ListItem\",\"position\":1,\"name\":\"Accueil\",\"item\":\"https:\/\/www.pressenza.com\/es\/\"},{\"@type\":\"ListItem\",\"position\":2,\"name\":\"El Foro Humanista Europeo aprueba Declaraci\u00f3n de Apoyo al Pueblo Mapuche\"}]},{\"@type\":\"WebSite\",\"@id\":\"https:\/\/www.pressenza.com\/es\/#website\",\"url\":\"https:\/\/www.pressenza.com\/es\/\",\"name\":\"Pressenza\",\"description\":\"International Press Agency\",\"publisher\":{\"@id\":\"https:\/\/www.pressenza.com\/es\/#organization\"},\"potentialAction\":[{\"@type\":\"SearchAction\",\"target\":{\"@type\":\"EntryPoint\",\"urlTemplate\":\"https:\/\/www.pressenza.com\/es\/?s={search_term_string}\"},\"query-input\":{\"@type\":\"PropertyValueSpecification\",\"valueRequired\":true,\"valueName\":\"search_term_string\"}}],\"inLanguage\":\"es\"},{\"@type\":\"Organization\",\"@id\":\"https:\/\/www.pressenza.com\/es\/#organization\",\"name\":\"Pressenza\",\"url\":\"https:\/\/www.pressenza.com\/es\/\",\"logo\":{\"@type\":\"ImageObject\",\"inLanguage\":\"es\",\"@id\":\"https:\/\/www.pressenza.com\/es\/#\/schema\/logo\/image\/\",\"url\":\"https:\/\/www.pressenza.com\/wp-content\/uploads\/2022\/10\/pressenza_logo_200x200.jpg\",\"contentUrl\":\"https:\/\/www.pressenza.com\/wp-content\/uploads\/2022\/10\/pressenza_logo_200x200.jpg\",\"width\":200,\"height\":200,\"caption\":\"Pressenza\"},\"image\":{\"@id\":\"https:\/\/www.pressenza.com\/es\/#\/schema\/logo\/image\/\"},\"sameAs\":[\"https:\/\/www.facebook.com\/PressenzaItalia\",\"https:\/\/x.com\/PressenzaIPA\"]},{\"@type\":\"Person\",\"@id\":\"https:\/\/www.pressenza.com\/es\/#\/schema\/person\/0b103aa2cc3460da3ad453ade8a7ef24\",\"name\":\"European Humanist Forum\",\"url\":\"https:\/\/www.pressenza.com\/es\/author\/european-humanist-forum-2018\/\"}]}<\/script>\n<!-- \/ Yoast SEO plugin. -->","yoast_head_json":{"title":"El Foro Humanista Europeo aprueba Declaraci\u00f3n de Apoyo al Pueblo Mapuche","description":"En la sesi\u00f3n final del Foro Humanista Europeo 2018, el plenario aprob\u00f3 por aclamaci\u00f3n una Declaraci\u00f3n de Apoyo al Pueblo Mapuche, que reproducimos m\u00e1s","robots":{"index":"index","follow":"follow","max-snippet":"max-snippet:-1","max-image-preview":"max-image-preview:large","max-video-preview":"max-video-preview:-1"},"canonical":"https:\/\/www.pressenza.com\/es\/2018\/05\/foro-humanista-europeo-aprueba-declaracion-apoyo-al-pueblo-mapuche\/","og_locale":"es_ES","og_type":"article","og_title":"El Foro Humanista Europeo aprueba Declaraci\u00f3n de Apoyo al Pueblo Mapuche","og_description":"En la sesi\u00f3n final del Foro Humanista Europeo 2018, el plenario aprob\u00f3 por aclamaci\u00f3n una Declaraci\u00f3n de Apoyo al Pueblo Mapuche, que reproducimos m\u00e1s","og_url":"https:\/\/www.pressenza.com\/es\/2018\/05\/foro-humanista-europeo-aprueba-declaracion-apoyo-al-pueblo-mapuche\/","og_site_name":"Pressenza","article_publisher":"https:\/\/www.facebook.com\/PressenzaItalia","article_published_time":"2018-05-15T06:28:59+00:00","article_modified_time":"2018-05-15T07:21:56+00:00","og_image":[{"width":1125,"height":745,"url":"https:\/\/www.pressenza.com\/wp-content\/uploads\/2018\/05\/apoyo-pueblo-mapuche.jpg","type":"image\/jpeg"}],"author":"European Humanist Forum","twitter_card":"summary_large_image","twitter_creator":"@PressenzaIPA","twitter_site":"@PressenzaIPA","twitter_misc":{"Escrito por":"European Humanist Forum","Tiempo de lectura":"3 minutos"},"schema":{"@context":"https:\/\/schema.org","@graph":[{"@type":"Article","@id":"https:\/\/www.pressenza.com\/es\/2018\/05\/foro-humanista-europeo-aprueba-declaracion-apoyo-al-pueblo-mapuche\/#article","isPartOf":{"@id":"https:\/\/www.pressenza.com\/es\/2018\/05\/foro-humanista-europeo-aprueba-declaracion-apoyo-al-pueblo-mapuche\/"},"author":{"name":"European Humanist Forum","@id":"https:\/\/www.pressenza.com\/es\/#\/schema\/person\/0b103aa2cc3460da3ad453ade8a7ef24"},"headline":"El Foro Humanista Europeo aprueba Declaraci\u00f3n de Apoyo al Pueblo Mapuche","datePublished":"2018-05-15T06:28:59+00:00","dateModified":"2018-05-15T07:21:56+00:00","mainEntityOfPage":{"@id":"https:\/\/www.pressenza.com\/es\/2018\/05\/foro-humanista-europeo-aprueba-declaracion-apoyo-al-pueblo-mapuche\/"},"wordCount":667,"publisher":{"@id":"https:\/\/www.pressenza.com\/es\/#organization"},"image":{"@id":"https:\/\/www.pressenza.com\/es\/2018\/05\/foro-humanista-europeo-aprueba-declaracion-apoyo-al-pueblo-mapuche\/#primaryimage"},"thumbnailUrl":"https:\/\/www.pressenza.com\/wp-content\/uploads\/2018\/05\/apoyo-pueblo-mapuche.jpg","keywords":["#FHE2018","#ForoHumanistaEuropeo2018","#LoQueNosUne","Frente Amplio de Chile","Represi\u00f3n Pueblo Mapuche","Solidaridad","Tom\u00e1s Hirsch"],"articleSection":["Contenido Original","Derechos Humanos","Humanismo y Espiritualidad","Internacional","Pueblos Originarios"],"inLanguage":"es"},{"@type":"WebPage","@id":"https:\/\/www.pressenza.com\/es\/2018\/05\/foro-humanista-europeo-aprueba-declaracion-apoyo-al-pueblo-mapuche\/","url":"https:\/\/www.pressenza.com\/es\/2018\/05\/foro-humanista-europeo-aprueba-declaracion-apoyo-al-pueblo-mapuche\/","name":"El Foro Humanista Europeo aprueba Declaraci\u00f3n de Apoyo al Pueblo Mapuche","isPartOf":{"@id":"https:\/\/www.pressenza.com\/es\/#website"},"primaryImageOfPage":{"@id":"https:\/\/www.pressenza.com\/es\/2018\/05\/foro-humanista-europeo-aprueba-declaracion-apoyo-al-pueblo-mapuche\/#primaryimage"},"image":{"@id":"https:\/\/www.pressenza.com\/es\/2018\/05\/foro-humanista-europeo-aprueba-declaracion-apoyo-al-pueblo-mapuche\/#primaryimage"},"thumbnailUrl":"https:\/\/www.pressenza.com\/wp-content\/uploads\/2018\/05\/apoyo-pueblo-mapuche.jpg","datePublished":"2018-05-15T06:28:59+00:00","dateModified":"2018-05-15T07:21:56+00:00","description":"En la sesi\u00f3n final del Foro Humanista Europeo 2018, el plenario aprob\u00f3 por aclamaci\u00f3n una Declaraci\u00f3n de Apoyo al Pueblo Mapuche, que reproducimos m\u00e1s","breadcrumb":{"@id":"https:\/\/www.pressenza.com\/es\/2018\/05\/foro-humanista-europeo-aprueba-declaracion-apoyo-al-pueblo-mapuche\/#breadcrumb"},"inLanguage":"es","potentialAction":[{"@type":"ReadAction","target":["https:\/\/www.pressenza.com\/es\/2018\/05\/foro-humanista-europeo-aprueba-declaracion-apoyo-al-pueblo-mapuche\/"]}]},{"@type":"ImageObject","inLanguage":"es","@id":"https:\/\/www.pressenza.com\/es\/2018\/05\/foro-humanista-europeo-aprueba-declaracion-apoyo-al-pueblo-mapuche\/#primaryimage","url":"https:\/\/www.pressenza.com\/wp-content\/uploads\/2018\/05\/apoyo-pueblo-mapuche.jpg","contentUrl":"https:\/\/www.pressenza.com\/wp-content\/uploads\/2018\/05\/apoyo-pueblo-mapuche.jpg","width":1125,"height":745},{"@type":"BreadcrumbList","@id":"https:\/\/www.pressenza.com\/es\/2018\/05\/foro-humanista-europeo-aprueba-declaracion-apoyo-al-pueblo-mapuche\/#breadcrumb","itemListElement":[{"@type":"ListItem","position":1,"name":"Accueil","item":"https:\/\/www.pressenza.com\/es\/"},{"@type":"ListItem","position":2,"name":"El Foro Humanista Europeo aprueba Declaraci\u00f3n de Apoyo al Pueblo Mapuche"}]},{"@type":"WebSite","@id":"https:\/\/www.pressenza.com\/es\/#website","url":"https:\/\/www.pressenza.com\/es\/","name":"Pressenza","description":"International Press Agency","publisher":{"@id":"https:\/\/www.pressenza.com\/es\/#organization"},"potentialAction":[{"@type":"SearchAction","target":{"@type":"EntryPoint","urlTemplate":"https:\/\/www.pressenza.com\/es\/?s={search_term_string}"},"query-input":{"@type":"PropertyValueSpecification","valueRequired":true,"valueName":"search_term_string"}}],"inLanguage":"es"},{"@type":"Organization","@id":"https:\/\/www.pressenza.com\/es\/#organization","name":"Pressenza","url":"https:\/\/www.pressenza.com\/es\/","logo":{"@type":"ImageObject","inLanguage":"es","@id":"https:\/\/www.pressenza.com\/es\/#\/schema\/logo\/image\/","url":"https:\/\/www.pressenza.com\/wp-content\/uploads\/2022\/10\/pressenza_logo_200x200.jpg","contentUrl":"https:\/\/www.pressenza.com\/wp-content\/uploads\/2022\/10\/pressenza_logo_200x200.jpg","width":200,"height":200,"caption":"Pressenza"},"image":{"@id":"https:\/\/www.pressenza.com\/es\/#\/schema\/logo\/image\/"},"sameAs":["https:\/\/www.facebook.com\/PressenzaItalia","https:\/\/x.com\/PressenzaIPA"]},{"@type":"Person","@id":"https:\/\/www.pressenza.com\/es\/#\/schema\/person\/0b103aa2cc3460da3ad453ade8a7ef24","name":"European Humanist Forum","url":"https:\/\/www.pressenza.com\/es\/author\/european-humanist-forum-2018\/"}]}},"place":"Madrid","original_article_url":"","_links":{"self":[{"href":"https:\/\/www.pressenza.com\/es\/wp-json\/wp\/v2\/posts\/641225","targetHints":{"allow":["GET"]}}],"collection":[{"href":"https:\/\/www.pressenza.com\/es\/wp-json\/wp\/v2\/posts"}],"about":[{"href":"https:\/\/www.pressenza.com\/es\/wp-json\/wp\/v2\/types\/post"}],"author":[{"embeddable":true,"href":"https:\/\/www.pressenza.com\/es\/wp-json\/wp\/v2\/users\/1508"}],"replies":[{"embeddable":true,"href":"https:\/\/www.pressenza.com\/es\/wp-json\/wp\/v2\/comments?post=641225"}],"version-history":[{"count":0,"href":"https:\/\/www.pressenza.com\/es\/wp-json\/wp\/v2\/posts\/641225\/revisions"}],"wp:featuredmedia":[{"embeddable":true,"href":"https:\/\/www.pressenza.com\/es\/wp-json\/wp\/v2\/media\/641228"}],"wp:attachment":[{"href":"https:\/\/www.pressenza.com\/es\/wp-json\/wp\/v2\/media?parent=641225"}],"wp:term":[{"taxonomy":"category","embeddable":true,"href":"https:\/\/www.pressenza.com\/es\/wp-json\/wp\/v2\/categories?post=641225"},{"taxonomy":"post_tag","embeddable":true,"href":"https:\/\/www.pressenza.com\/es\/wp-json\/wp\/v2\/tags?post=641225"}],"curies":[{"name":"wp","href":"https:\/\/api.w.org\/{rel}","templated":true}]}}