{"id":641174,"date":"2018-05-14T22:30:31","date_gmt":"2018-05-14T21:30:31","guid":{"rendered":"https:\/\/www.pressenza.com\/?p=641174"},"modified":"2018-05-20T23:27:46","modified_gmt":"2018-05-20T22:27:46","slug":"declaracion-final-v-foro-humanista-europeo-2018","status":"publish","type":"post","link":"https:\/\/www.pressenza.com\/es\/2018\/05\/declaracion-final-v-foro-humanista-europeo-2018\/","title":{"rendered":"Declaraci\u00f3n final &#8211; V Foro Humanista Europeo 2018"},"content":{"rendered":"<p>Transcribimos la Declaraci\u00f3n Final del Foro Humanista Europeo 2018, con la que se cerr\u00f3 el evento el 13 de mayo de 2018.<\/p>\n<p>\u00abQueridos amigos y amigas, nos hemos encontrado aqu\u00ed en Madrid, los d\u00edas 11, 12 y 13 de mayo de 2018 en un momento de suma preocupaci\u00f3n, tanto por la situaci\u00f3n social en donde la violencia crece y la vida se pone m\u00e1s dif\u00edcil cada d\u00eda, como por la situaci\u00f3n interna de los seres humanos. La falta de sentido y la falta de fe en que es posible cambiar las cosas, lleva a la desesperanza, la intolerancia, el nihilismo, la violencia interna y al suicidio en muchos casos.<\/p>\n<p>Pero frente a esta situaci\u00f3n, en este Foro, hemos comprobado que se est\u00e1 construyendo otra realidad en paralelo, que el discurso \u201coficial\u201d esconde: Hemos podido ver ejemplos, muestras, de esa Naci\u00f3n Humana Universal, que no est\u00e1 solo en el futuro sino que ya hoy se est\u00e1 haciendo realidad y que la hemos podido experimentar en estos d\u00edas entre nosotros.<\/p>\n<p>En las 21 mesas de trabajo, en donde han participado m\u00e1s de 600 personas de 40 pa\u00edses, hemos intercambiado sobre un abanico de temas casi imposible de sintetizar \u2013 aunque lo intentaremos en las pr\u00f3ximas semanas- public\u00e1ndolo en la web y en un libro que prepararemos lo antes posible.<\/p>\n<p>En el transcurso de este foro hemos buscado en todo momento aquello que nos une desde la diversidad, con la comprensi\u00f3n que los problemas no se pueden resolver aisladamente, sino por los esfuerzos intencionales y en direcci\u00f3n convergente de toda la gente del mundo que se siente humanista.<\/p>\n<p>Pero \u00bfqu\u00e9 ha sido lo que nos ha unido en estos d\u00edas intensos? \u00bfY c\u00f3mo irradiar\u00e1 al futuro la experiencia de este Foro?<\/p>\n<p>Hemos visto que la esencia de \u201clo que nos une\u201d es considerar al ser humano como m\u00e1ximo valor por encima del dinero, el estado, la religi\u00f3n, los modelos y los sistemas sociales. Es impulsar la libertad de pensamiento. Es propiciar la igualdad de derechos y la igualdad de oportunidades para todos. Es reconocer y alentar la diversidad de costumbres y culturas. Es oponerse a toda discriminaci\u00f3n y consagrar la resistencia justa contra toda forma de violencia f\u00edsica, econ\u00f3mica, racial, religiosa, sexual, psicol\u00f3gica y moral.<\/p>\n<p>El mundo en que vivimos hoy est\u00e1 en una encrucijada que necesita nuevas respuestas y una nueva consciencia. Hoy es preciso buscar el buen conocimiento. Cuando este avanza, el dolor y el sufrimiento que experimentamos los seres humanos, retrocede. El buen conocimiento lleva a la justicia, lleva a la reconciliaci\u00f3n. El buen conocimiento lleva tambi\u00e9n, a reconocer lo sagrado en la profundidad de la conciencia humana.<\/p>\n<p>Nos une la no discriminaci\u00f3n de otros por su religi\u00f3n o su irreligiosidad; tambi\u00e9n la libertad de proclamar, o no, la propia espiritualidad y creencia en la inmortalidad y en lo sagrado. La reivindicaci\u00f3n una vez m\u00e1s de la milenaria regla de oro, que ha acompa\u00f1ado al ser humano en los mejores momentos de su historia y que proclama \u201ctrata a los dem\u00e1s como quieres ser tratado\u201d. Por \u00faltimo, nos une el anhelo de una nueva cultura de reconciliaci\u00f3n y noviolencia.<\/p>\n<p>Amigos, amigas, el trabajo de este Foro no termina hoy en este acto de cierre, esto ha sido simplemente un momento de s\u00edntesis. Las diferentes iniciativas y propuestas que hemos reci\u00e9n escuchado siguen en la direcci\u00f3n apuntada por este Foro y nos llevan a proyectar otro momento de s\u00edntesis en un futuro no tan lejano.<\/p>\n<p>As\u00ed es que con mucha alegr\u00eda, podemos anunciar hoy que este Foro se reunir\u00e1 nuevamente en dos a\u00f1os m\u00e1s.<\/p>\n<p>Para lo cual proponemos Roma, los d\u00edas 12, 13 y 14 de junio de 2020.<\/p>\n<p>\u00a1Para todos, paz, fuerza y alegr\u00eda!<\/p>\n<p>Madrid, 13 de mayo 2018\u00bb<\/p>\n<p><iframe loading=\"lazy\" title=\"Declaraci\u00f3n final \u2013 V Foro Humanista Europeo 2018\" width=\"500\" height=\"281\" src=\"https:\/\/www.youtube.com\/embed\/TkGYlRvNYt4?feature=oembed\" frameborder=\"0\" allow=\"accelerometer; autoplay; clipboard-write; encrypted-media; gyroscope; picture-in-picture; web-share\" referrerpolicy=\"strict-origin-when-cross-origin\" allowfullscreen><\/iframe><\/p>\n","protected":false},"excerpt":{"rendered":"<p>Transcribimos la Declaraci\u00f3n Final del Foro Humanista Europeo 2018, con la que se cerr\u00f3 el evento el 13 de mayo de 2018. \u00abQueridos amigos y amigas, nos hemos encontrado aqu\u00ed en Madrid, los d\u00edas 11, 12 y 13 de mayo&hellip;<\/p>\n","protected":false},"author":1508,"featured_media":641175,"comment_status":"closed","ping_status":"closed","sticky":false,"template":"","format":"standard","meta":{"footnotes":""},"categories":[11389,66,1240,39],"tags":[45285,45288,45286,45287,45586,15631,21527,43429,953,45979,43109,866,16528,15571,383],"class_list":["post-641174","post","type-post","status-publish","format-standard","has-post-thumbnail","hentry","category-contenido-original","category-europa-es","category-humanismo-espiritualidad","category-internacional","tag-fhe2018","tag-forohumanistaeuropeo","tag-fue2018","tag-loquenosune","tag-whatunitesus","tag-buen-conocimiento","tag-declaracion","tag-ehf2018","tag-europa-es-2","tag-foro-humanista-europeo","tag-foro-humanista-europeo-2018","tag-humanismo","tag-madrid-es","tag-nacion-humana-universal","tag-noviolencia"],"yoast_head":"<!-- This site is optimized with the Yoast SEO plugin v27.1.1 - https:\/\/yoast.com\/product\/yoast-seo-wordpress\/ -->\n<title>Declaraci\u00f3n final - V Foro Humanista Europeo 2018<\/title>\n<meta name=\"description\" content=\"Transcribimos la Declaraci\u00f3n Final del Foro Humanista Europeo 2018, con la que se cerr\u00f3 el evento el 13 de mayo de 2018. &quot;Queridos amigos y amigas, nos\" \/>\n<meta name=\"robots\" content=\"index, follow, max-snippet:-1, max-image-preview:large, max-video-preview:-1\" \/>\n<link rel=\"canonical\" href=\"https:\/\/www.pressenza.com\/es\/2018\/05\/declaracion-final-v-foro-humanista-europeo-2018\/\" \/>\n<meta property=\"og:locale\" content=\"es_ES\" \/>\n<meta property=\"og:type\" content=\"article\" \/>\n<meta property=\"og:title\" content=\"Declaraci\u00f3n final - V Foro Humanista Europeo 2018\" \/>\n<meta property=\"og:description\" content=\"Transcribimos la Declaraci\u00f3n Final del Foro Humanista Europeo 2018, con la que se cerr\u00f3 el evento el 13 de mayo de 2018. &quot;Queridos amigos y amigas, nos\" \/>\n<meta property=\"og:url\" content=\"https:\/\/www.pressenza.com\/es\/2018\/05\/declaracion-final-v-foro-humanista-europeo-2018\/\" \/>\n<meta property=\"og:site_name\" content=\"Pressenza\" \/>\n<meta property=\"article:publisher\" content=\"https:\/\/www.facebook.com\/PressenzaItalia\" \/>\n<meta property=\"article:published_time\" content=\"2018-05-14T21:30:31+00:00\" \/>\n<meta property=\"article:modified_time\" content=\"2018-05-20T22:27:46+00:00\" \/>\n<meta property=\"og:image\" content=\"https:\/\/www.pressenza.com\/wp-content\/uploads\/2018\/05\/declaracion-final-EHF-2018-720x415.png\" \/>\n\t<meta property=\"og:image:width\" content=\"720\" \/>\n\t<meta property=\"og:image:height\" content=\"415\" \/>\n\t<meta property=\"og:image:type\" content=\"image\/png\" \/>\n<meta name=\"author\" content=\"European Humanist Forum\" \/>\n<meta name=\"twitter:card\" content=\"summary_large_image\" \/>\n<meta name=\"twitter:creator\" content=\"@PressenzaIPA\" \/>\n<meta name=\"twitter:site\" content=\"@PressenzaIPA\" \/>\n<meta name=\"twitter:label1\" content=\"Escrito por\" \/>\n\t<meta name=\"twitter:data1\" content=\"European Humanist Forum\" \/>\n\t<meta name=\"twitter:label2\" content=\"Tiempo de lectura\" \/>\n\t<meta name=\"twitter:data2\" content=\"3 minutos\" \/>\n<script type=\"application\/ld+json\" class=\"yoast-schema-graph\">{\"@context\":\"https:\/\/schema.org\",\"@graph\":[{\"@type\":\"Article\",\"@id\":\"https:\/\/www.pressenza.com\/es\/2018\/05\/declaracion-final-v-foro-humanista-europeo-2018\/#article\",\"isPartOf\":{\"@id\":\"https:\/\/www.pressenza.com\/es\/2018\/05\/declaracion-final-v-foro-humanista-europeo-2018\/\"},\"author\":{\"name\":\"European Humanist Forum\",\"@id\":\"https:\/\/www.pressenza.com\/es\/#\/schema\/person\/0b103aa2cc3460da3ad453ade8a7ef24\"},\"headline\":\"Declaraci\u00f3n final &#8211; V Foro Humanista Europeo 2018\",\"datePublished\":\"2018-05-14T21:30:31+00:00\",\"dateModified\":\"2018-05-20T22:27:46+00:00\",\"mainEntityOfPage\":{\"@id\":\"https:\/\/www.pressenza.com\/es\/2018\/05\/declaracion-final-v-foro-humanista-europeo-2018\/\"},\"wordCount\":658,\"publisher\":{\"@id\":\"https:\/\/www.pressenza.com\/es\/#organization\"},\"image\":{\"@id\":\"https:\/\/www.pressenza.com\/es\/2018\/05\/declaracion-final-v-foro-humanista-europeo-2018\/#primaryimage\"},\"thumbnailUrl\":\"https:\/\/www.pressenza.com\/wp-content\/uploads\/2018\/05\/declaracion-final-EHF-2018.png\",\"keywords\":[\"#FHE2018\",\"#ForoHumanistaEuropeo\",\"#FUE2018\",\"#LoQueNosUne\",\"#WhatUnitesUs\",\"Buen Conocimiento\",\"Declaraci\u00f3n\",\"EHF2018\",\"Europa\",\"Foro Humanista Europeo\",\"Foro Humanista Europeo 2018\",\"Humanismo\",\"Madrid\",\"Naci\u00f3n Humana Universal\",\"Noviolencia\"],\"articleSection\":[\"Contenido Original\",\"Europa\",\"Humanismo y Espiritualidad\",\"Internacional\"],\"inLanguage\":\"es\"},{\"@type\":\"WebPage\",\"@id\":\"https:\/\/www.pressenza.com\/es\/2018\/05\/declaracion-final-v-foro-humanista-europeo-2018\/\",\"url\":\"https:\/\/www.pressenza.com\/es\/2018\/05\/declaracion-final-v-foro-humanista-europeo-2018\/\",\"name\":\"Declaraci\u00f3n final - V Foro Humanista Europeo 2018\",\"isPartOf\":{\"@id\":\"https:\/\/www.pressenza.com\/es\/#website\"},\"primaryImageOfPage\":{\"@id\":\"https:\/\/www.pressenza.com\/es\/2018\/05\/declaracion-final-v-foro-humanista-europeo-2018\/#primaryimage\"},\"image\":{\"@id\":\"https:\/\/www.pressenza.com\/es\/2018\/05\/declaracion-final-v-foro-humanista-europeo-2018\/#primaryimage\"},\"thumbnailUrl\":\"https:\/\/www.pressenza.com\/wp-content\/uploads\/2018\/05\/declaracion-final-EHF-2018.png\",\"datePublished\":\"2018-05-14T21:30:31+00:00\",\"dateModified\":\"2018-05-20T22:27:46+00:00\",\"description\":\"Transcribimos la Declaraci\u00f3n Final del Foro Humanista Europeo 2018, con la que se cerr\u00f3 el evento el 13 de mayo de 2018. \\\"Queridos amigos y amigas, nos\",\"breadcrumb\":{\"@id\":\"https:\/\/www.pressenza.com\/es\/2018\/05\/declaracion-final-v-foro-humanista-europeo-2018\/#breadcrumb\"},\"inLanguage\":\"es\",\"potentialAction\":[{\"@type\":\"ReadAction\",\"target\":[\"https:\/\/www.pressenza.com\/es\/2018\/05\/declaracion-final-v-foro-humanista-europeo-2018\/\"]}]},{\"@type\":\"ImageObject\",\"inLanguage\":\"es\",\"@id\":\"https:\/\/www.pressenza.com\/es\/2018\/05\/declaracion-final-v-foro-humanista-europeo-2018\/#primaryimage\",\"url\":\"https:\/\/www.pressenza.com\/wp-content\/uploads\/2018\/05\/declaracion-final-EHF-2018.png\",\"contentUrl\":\"https:\/\/www.pressenza.com\/wp-content\/uploads\/2018\/05\/declaracion-final-EHF-2018.png\",\"width\":2048,\"height\":1180,\"caption\":\"foro humanista europeo\"},{\"@type\":\"BreadcrumbList\",\"@id\":\"https:\/\/www.pressenza.com\/es\/2018\/05\/declaracion-final-v-foro-humanista-europeo-2018\/#breadcrumb\",\"itemListElement\":[{\"@type\":\"ListItem\",\"position\":1,\"name\":\"Accueil\",\"item\":\"https:\/\/www.pressenza.com\/es\/\"},{\"@type\":\"ListItem\",\"position\":2,\"name\":\"Declaraci\u00f3n final &#8211; V Foro Humanista Europeo 2018\"}]},{\"@type\":\"WebSite\",\"@id\":\"https:\/\/www.pressenza.com\/es\/#website\",\"url\":\"https:\/\/www.pressenza.com\/es\/\",\"name\":\"Pressenza\",\"description\":\"International Press Agency\",\"publisher\":{\"@id\":\"https:\/\/www.pressenza.com\/es\/#organization\"},\"potentialAction\":[{\"@type\":\"SearchAction\",\"target\":{\"@type\":\"EntryPoint\",\"urlTemplate\":\"https:\/\/www.pressenza.com\/es\/?s={search_term_string}\"},\"query-input\":{\"@type\":\"PropertyValueSpecification\",\"valueRequired\":true,\"valueName\":\"search_term_string\"}}],\"inLanguage\":\"es\"},{\"@type\":\"Organization\",\"@id\":\"https:\/\/www.pressenza.com\/es\/#organization\",\"name\":\"Pressenza\",\"url\":\"https:\/\/www.pressenza.com\/es\/\",\"logo\":{\"@type\":\"ImageObject\",\"inLanguage\":\"es\",\"@id\":\"https:\/\/www.pressenza.com\/es\/#\/schema\/logo\/image\/\",\"url\":\"https:\/\/www.pressenza.com\/wp-content\/uploads\/2022\/10\/pressenza_logo_200x200.jpg\",\"contentUrl\":\"https:\/\/www.pressenza.com\/wp-content\/uploads\/2022\/10\/pressenza_logo_200x200.jpg\",\"width\":200,\"height\":200,\"caption\":\"Pressenza\"},\"image\":{\"@id\":\"https:\/\/www.pressenza.com\/es\/#\/schema\/logo\/image\/\"},\"sameAs\":[\"https:\/\/www.facebook.com\/PressenzaItalia\",\"https:\/\/x.com\/PressenzaIPA\"]},{\"@type\":\"Person\",\"@id\":\"https:\/\/www.pressenza.com\/es\/#\/schema\/person\/0b103aa2cc3460da3ad453ade8a7ef24\",\"name\":\"European Humanist Forum\",\"url\":\"https:\/\/www.pressenza.com\/es\/author\/european-humanist-forum-2018\/\"}]}<\/script>\n<!-- \/ Yoast SEO plugin. -->","yoast_head_json":{"title":"Declaraci\u00f3n final - V Foro Humanista Europeo 2018","description":"Transcribimos la Declaraci\u00f3n Final del Foro Humanista Europeo 2018, con la que se cerr\u00f3 el evento el 13 de mayo de 2018. \"Queridos amigos y amigas, nos","robots":{"index":"index","follow":"follow","max-snippet":"max-snippet:-1","max-image-preview":"max-image-preview:large","max-video-preview":"max-video-preview:-1"},"canonical":"https:\/\/www.pressenza.com\/es\/2018\/05\/declaracion-final-v-foro-humanista-europeo-2018\/","og_locale":"es_ES","og_type":"article","og_title":"Declaraci\u00f3n final - V Foro Humanista Europeo 2018","og_description":"Transcribimos la Declaraci\u00f3n Final del Foro Humanista Europeo 2018, con la que se cerr\u00f3 el evento el 13 de mayo de 2018. \"Queridos amigos y amigas, nos","og_url":"https:\/\/www.pressenza.com\/es\/2018\/05\/declaracion-final-v-foro-humanista-europeo-2018\/","og_site_name":"Pressenza","article_publisher":"https:\/\/www.facebook.com\/PressenzaItalia","article_published_time":"2018-05-14T21:30:31+00:00","article_modified_time":"2018-05-20T22:27:46+00:00","og_image":[{"width":720,"height":415,"url":"https:\/\/www.pressenza.com\/wp-content\/uploads\/2018\/05\/declaracion-final-EHF-2018-720x415.png","type":"image\/png"}],"author":"European Humanist Forum","twitter_card":"summary_large_image","twitter_creator":"@PressenzaIPA","twitter_site":"@PressenzaIPA","twitter_misc":{"Escrito por":"European Humanist Forum","Tiempo de lectura":"3 minutos"},"schema":{"@context":"https:\/\/schema.org","@graph":[{"@type":"Article","@id":"https:\/\/www.pressenza.com\/es\/2018\/05\/declaracion-final-v-foro-humanista-europeo-2018\/#article","isPartOf":{"@id":"https:\/\/www.pressenza.com\/es\/2018\/05\/declaracion-final-v-foro-humanista-europeo-2018\/"},"author":{"name":"European Humanist Forum","@id":"https:\/\/www.pressenza.com\/es\/#\/schema\/person\/0b103aa2cc3460da3ad453ade8a7ef24"},"headline":"Declaraci\u00f3n final &#8211; V Foro Humanista Europeo 2018","datePublished":"2018-05-14T21:30:31+00:00","dateModified":"2018-05-20T22:27:46+00:00","mainEntityOfPage":{"@id":"https:\/\/www.pressenza.com\/es\/2018\/05\/declaracion-final-v-foro-humanista-europeo-2018\/"},"wordCount":658,"publisher":{"@id":"https:\/\/www.pressenza.com\/es\/#organization"},"image":{"@id":"https:\/\/www.pressenza.com\/es\/2018\/05\/declaracion-final-v-foro-humanista-europeo-2018\/#primaryimage"},"thumbnailUrl":"https:\/\/www.pressenza.com\/wp-content\/uploads\/2018\/05\/declaracion-final-EHF-2018.png","keywords":["#FHE2018","#ForoHumanistaEuropeo","#FUE2018","#LoQueNosUne","#WhatUnitesUs","Buen Conocimiento","Declaraci\u00f3n","EHF2018","Europa","Foro Humanista Europeo","Foro Humanista Europeo 2018","Humanismo","Madrid","Naci\u00f3n Humana Universal","Noviolencia"],"articleSection":["Contenido Original","Europa","Humanismo y Espiritualidad","Internacional"],"inLanguage":"es"},{"@type":"WebPage","@id":"https:\/\/www.pressenza.com\/es\/2018\/05\/declaracion-final-v-foro-humanista-europeo-2018\/","url":"https:\/\/www.pressenza.com\/es\/2018\/05\/declaracion-final-v-foro-humanista-europeo-2018\/","name":"Declaraci\u00f3n final - V Foro Humanista Europeo 2018","isPartOf":{"@id":"https:\/\/www.pressenza.com\/es\/#website"},"primaryImageOfPage":{"@id":"https:\/\/www.pressenza.com\/es\/2018\/05\/declaracion-final-v-foro-humanista-europeo-2018\/#primaryimage"},"image":{"@id":"https:\/\/www.pressenza.com\/es\/2018\/05\/declaracion-final-v-foro-humanista-europeo-2018\/#primaryimage"},"thumbnailUrl":"https:\/\/www.pressenza.com\/wp-content\/uploads\/2018\/05\/declaracion-final-EHF-2018.png","datePublished":"2018-05-14T21:30:31+00:00","dateModified":"2018-05-20T22:27:46+00:00","description":"Transcribimos la Declaraci\u00f3n Final del Foro Humanista Europeo 2018, con la que se cerr\u00f3 el evento el 13 de mayo de 2018. \"Queridos amigos y amigas, nos","breadcrumb":{"@id":"https:\/\/www.pressenza.com\/es\/2018\/05\/declaracion-final-v-foro-humanista-europeo-2018\/#breadcrumb"},"inLanguage":"es","potentialAction":[{"@type":"ReadAction","target":["https:\/\/www.pressenza.com\/es\/2018\/05\/declaracion-final-v-foro-humanista-europeo-2018\/"]}]},{"@type":"ImageObject","inLanguage":"es","@id":"https:\/\/www.pressenza.com\/es\/2018\/05\/declaracion-final-v-foro-humanista-europeo-2018\/#primaryimage","url":"https:\/\/www.pressenza.com\/wp-content\/uploads\/2018\/05\/declaracion-final-EHF-2018.png","contentUrl":"https:\/\/www.pressenza.com\/wp-content\/uploads\/2018\/05\/declaracion-final-EHF-2018.png","width":2048,"height":1180,"caption":"foro humanista europeo"},{"@type":"BreadcrumbList","@id":"https:\/\/www.pressenza.com\/es\/2018\/05\/declaracion-final-v-foro-humanista-europeo-2018\/#breadcrumb","itemListElement":[{"@type":"ListItem","position":1,"name":"Accueil","item":"https:\/\/www.pressenza.com\/es\/"},{"@type":"ListItem","position":2,"name":"Declaraci\u00f3n final &#8211; V Foro Humanista Europeo 2018"}]},{"@type":"WebSite","@id":"https:\/\/www.pressenza.com\/es\/#website","url":"https:\/\/www.pressenza.com\/es\/","name":"Pressenza","description":"International Press Agency","publisher":{"@id":"https:\/\/www.pressenza.com\/es\/#organization"},"potentialAction":[{"@type":"SearchAction","target":{"@type":"EntryPoint","urlTemplate":"https:\/\/www.pressenza.com\/es\/?s={search_term_string}"},"query-input":{"@type":"PropertyValueSpecification","valueRequired":true,"valueName":"search_term_string"}}],"inLanguage":"es"},{"@type":"Organization","@id":"https:\/\/www.pressenza.com\/es\/#organization","name":"Pressenza","url":"https:\/\/www.pressenza.com\/es\/","logo":{"@type":"ImageObject","inLanguage":"es","@id":"https:\/\/www.pressenza.com\/es\/#\/schema\/logo\/image\/","url":"https:\/\/www.pressenza.com\/wp-content\/uploads\/2022\/10\/pressenza_logo_200x200.jpg","contentUrl":"https:\/\/www.pressenza.com\/wp-content\/uploads\/2022\/10\/pressenza_logo_200x200.jpg","width":200,"height":200,"caption":"Pressenza"},"image":{"@id":"https:\/\/www.pressenza.com\/es\/#\/schema\/logo\/image\/"},"sameAs":["https:\/\/www.facebook.com\/PressenzaItalia","https:\/\/x.com\/PressenzaIPA"]},{"@type":"Person","@id":"https:\/\/www.pressenza.com\/es\/#\/schema\/person\/0b103aa2cc3460da3ad453ade8a7ef24","name":"European Humanist Forum","url":"https:\/\/www.pressenza.com\/es\/author\/european-humanist-forum-2018\/"}]}},"place":"Madrid, Espa\u00f1a","original_article_url":"","_links":{"self":[{"href":"https:\/\/www.pressenza.com\/es\/wp-json\/wp\/v2\/posts\/641174","targetHints":{"allow":["GET"]}}],"collection":[{"href":"https:\/\/www.pressenza.com\/es\/wp-json\/wp\/v2\/posts"}],"about":[{"href":"https:\/\/www.pressenza.com\/es\/wp-json\/wp\/v2\/types\/post"}],"author":[{"embeddable":true,"href":"https:\/\/www.pressenza.com\/es\/wp-json\/wp\/v2\/users\/1508"}],"replies":[{"embeddable":true,"href":"https:\/\/www.pressenza.com\/es\/wp-json\/wp\/v2\/comments?post=641174"}],"version-history":[{"count":0,"href":"https:\/\/www.pressenza.com\/es\/wp-json\/wp\/v2\/posts\/641174\/revisions"}],"wp:featuredmedia":[{"embeddable":true,"href":"https:\/\/www.pressenza.com\/es\/wp-json\/wp\/v2\/media\/641175"}],"wp:attachment":[{"href":"https:\/\/www.pressenza.com\/es\/wp-json\/wp\/v2\/media?parent=641174"}],"wp:term":[{"taxonomy":"category","embeddable":true,"href":"https:\/\/www.pressenza.com\/es\/wp-json\/wp\/v2\/categories?post=641174"},{"taxonomy":"post_tag","embeddable":true,"href":"https:\/\/www.pressenza.com\/es\/wp-json\/wp\/v2\/tags?post=641174"}],"curies":[{"name":"wp","href":"https:\/\/api.w.org\/{rel}","templated":true}]}}