{"id":64099,"date":"2013-08-09T19:19:01","date_gmt":"2013-08-09T18:19:01","guid":{"rendered":"http:\/\/www.pressenza.com\/?p=64099"},"modified":"2013-08-09T19:22:49","modified_gmt":"2013-08-09T18:22:49","slug":"militar-denuncia-conexiones-de-altos-mandos-con-delincuencia-organizada-en-michoacan","status":"publish","type":"post","link":"https:\/\/www.pressenza.com\/es\/2013\/08\/militar-denuncia-conexiones-de-altos-mandos-con-delincuencia-organizada-en-michoacan\/","title":{"rendered":"Militar denuncia conexiones de altos mandos con delincuencia organizada en Michoac\u00e1n"},"content":{"rendered":"<p><strong><em>Por Natalia Antezana Bosques \/ <a href=\"https:\/\/twitter.com\/Natalia3_0\" target=\"_blank\">@Natalia3_0<\/a><\/em><\/strong><\/p>\n<p style=\"text-align: justify;\">(06 de agosto, 2013).- Un cabo perteneciente al 88 Batall\u00f3n de Infanter\u00eda adscrito a la 20\/a Zona Militar, denunci\u00f3 a dos generales brigadieres y un coronel de tener nexos con la delincuencia organizada de la zona. La denuncia se encuentra en un video proporcionado a <a href=\"http:\/\/revoluciontrespuntocero.com\/militar-denuncia-conexiones-de-altos-mandos-con-delincuencia-organizada-en-michoacan\/\"><b>REVOLUCI\u00d3N TRESPUNTOCERO<\/b><\/a> por la p\u00e1gina Verdad por Chinicuila.<\/p>\n<p style=\"text-align: justify;\">\u201cLos que est\u00e1n ah\u00ed son de la 20 zona militar: el general de brigada Jorge Cutberto G\u00f3mez, el jefe de Estado Mayor de la 20 Zona [Militar], general brigadier mayor Cornelio Hern\u00e1ndez y el coronel del 88 Batall\u00f3n de Infanter\u00eda Ra\u00fal \u00c1lvarez Mart\u00ednez\u201d, denunci\u00f3 el militar.<\/p>\n<p style=\"text-align: justify;\">Se\u00f1al\u00f3 que los militares antes mencionados ten\u00edan v\u00ednculos con el crimen organizado puesto que a pesar de que los cabos entregan denuncias ciudadanas, los altos mandos no pasan las \u201ctarjetas\u201d y por lo tanto nunca se hace nada al respecto.<\/p>\n<p style=\"text-align: justify;\">\u201c\u00c9sos tienen conexos con la delincuencia organizada, por v\u00ednculos. Porque nosotros hemos entregado tarjetas y no las han pasado; tarjetas de denuncias ciudadanas y de informaci\u00f3n que hemos explotado [<i>sic<\/i>] y nunca llegan a explotar [<i>sic<\/i>] esa informaci\u00f3n y nunca llegan a agarrar a esos delincuentes\u201d, denunci\u00f3 el cabo del 88 Batall\u00f3n.<\/p>\n<p style=\"text-align: justify;\">Asimismo, explic\u00f3 que en ocasiones pasadas, en el municipio de Coahuayana, los altos mandos liberaron a tres sicarios que hab\u00edan sido detenidos, despu\u00e9s de cobrar una cuota de 20 mil pesos. Y tambi\u00e9n dijo que ten\u00eda informaci\u00f3n sobre v\u00ednculos de marinos de Manzanillo con los jefes de plaza de Michoac\u00e1n:<\/p>\n<p style=\"text-align: justify;\">\u201cTambi\u00e9n tengo conocimiento que llegan dos marinos de Manzanillo a pasarle informaci\u00f3n a Honorio N\u00fa\u00f1ez Vargas, \u00e9l es jefe de plaza del Ranchito Michoac\u00e1n\u201d.<\/p>\n<p style=\"text-align: justify;\">Cabe se\u00f1alar que la 20\/a Zona Militar se encuentra en el estado de Colima, que limita con el municipio de Coahuayana.<\/p>\n<p style=\"text-align: justify;\">El general de brigada diplomado de Estado Mayor, Jorge Cutberto G\u00f3mez L\u00f3pez, es el comandante de la 20\/a Zona Militar, y ante de ocupar dicho cargo fue director general del Arma Blindada de la Secretar\u00eda de la Defensa Nacional (Sedena).<\/p>\n<p style=\"text-align: justify;\">El general brigadier diplomado de Estado Mayor Cornelio Casio Hern\u00e1ndez es jefe del Estado Mayor de esta zona militar y el coronel del 88 Batall\u00f3n de Infanter\u00eda se llama Ricardo \u00c1lvarez Mart\u00ednez.<\/p>\n<p style=\"text-align: center;\"><strong>***<\/strong><\/p>\n<p style=\"text-align: justify;\">El pasado domingo, un militar vestido de civil fue detenido en el municipio de Aquila, Michoac\u00e1n, por un grupo de autodefensa, lo cual deriv\u00f3 en un fuerte operativo castrense para recuperar a su compa\u00f1ero retenido.<\/p>\n<p style=\"text-align: justify;\">Seg\u00fan informaci\u00f3n de los administradores de la p\u00e1gina Verdad por Chinicuila, dicho militar es el mismo que denunci\u00f3 a los altos mandos. Asimismo, informaron a <b>REVOLUCI\u00d3N TRESPUNTOCERO<\/b> que el cabo fue trasladado a la Ciudad de M\u00e9xico por la Polic\u00eda Federal.<\/p>\n<p style=\"text-align: justify;\">Elementos de la Polic\u00eda Federal y el Ej\u00e9rcito ingresaron a Aquila el domingo en la noche para rescatar a su compa\u00f1ero; no obstante, la guardia comunitaria pidi\u00f3 refuerzos a sus compa\u00f1eros del municipio de Chinicuila, quienes se movilizaron de manera efectiva para reforzar a la autodefensa de Aquila. Los uniformados se retiraron.<\/p>\n<p style=\"text-align: justify;\">El lunes por la tarde un convoy de 50 camionetas de las polic\u00edas Estatal, Ministerial y del Grupo de Operaciones Estatales (GOE) parti\u00f3 rumbo a Aquila. Incluso, el titular de la Secretar\u00eda de Seguridad P\u00fablica de la entidad, Alberto Reyes Vaca, coordin\u00f3 el operativo de rescate.<\/p>\n","protected":false},"excerpt":{"rendered":"<p>Por Natalia Antezana Bosques \/ @Natalia3_0 (06 de agosto, 2013).- Un cabo perteneciente al 88 Batall\u00f3n de Infanter\u00eda adscrito a la 20\/a Zona Militar, denunci\u00f3 a dos generales brigadieres y un coronel de tener nexos con la delincuencia organizada de&hellip;<\/p>\n","protected":false},"author":950,"featured_media":64102,"comment_status":"closed","ping_status":"open","sticky":false,"template":"","format":"standard","meta":{"footnotes":""},"categories":[69,79,68,74],"tags":[1321,2427,394,6267,623],"class_list":["post-64099","post","type-post","status-publish","format-standard","has-post-thumbnail","hentry","category-america-central","category-derechos-humanos","category-norteamerica","category-politica-es","tag-mexico","tag-narcotrafico","tag-protestas-sociales","tag-violence-es","tag-violencia"],"yoast_head":"<!-- This site is optimized with the Yoast SEO plugin v27.1.1 - https:\/\/yoast.com\/product\/yoast-seo-wordpress\/ -->\n<title>Militar denuncia conexiones de altos mandos con delincuencia organizada en Michoac\u00e1n<\/title>\n<meta name=\"description\" content=\"Por Natalia Antezana Bosques \/ @Natalia3_0 (06 de agosto, 2013).- Un cabo perteneciente al 88 Batall\u00f3n de Infanter\u00eda adscrito a la 20\/a Zona Militar,\" \/>\n<meta name=\"robots\" content=\"index, follow, max-snippet:-1, max-image-preview:large, max-video-preview:-1\" \/>\n<link rel=\"canonical\" href=\"https:\/\/www.pressenza.com\/es\/2013\/08\/militar-denuncia-conexiones-de-altos-mandos-con-delincuencia-organizada-en-michoacan\/\" \/>\n<meta property=\"og:locale\" content=\"es_ES\" \/>\n<meta property=\"og:type\" content=\"article\" \/>\n<meta property=\"og:title\" content=\"Militar denuncia conexiones de altos mandos con delincuencia organizada en Michoac\u00e1n\" \/>\n<meta property=\"og:description\" content=\"Por Natalia Antezana Bosques \/ @Natalia3_0 (06 de agosto, 2013).- Un cabo perteneciente al 88 Batall\u00f3n de Infanter\u00eda adscrito a la 20\/a Zona Militar,\" \/>\n<meta property=\"og:url\" content=\"https:\/\/www.pressenza.com\/es\/2013\/08\/militar-denuncia-conexiones-de-altos-mandos-con-delincuencia-organizada-en-michoacan\/\" \/>\n<meta property=\"og:site_name\" content=\"Pressenza\" \/>\n<meta property=\"article:publisher\" content=\"https:\/\/www.facebook.com\/PressenzaItalia\" \/>\n<meta property=\"article:published_time\" content=\"2013-08-09T18:19:01+00:00\" \/>\n<meta property=\"article:modified_time\" content=\"2013-08-09T18:22:49+00:00\" \/>\n<meta property=\"og:image\" content=\"https:\/\/www.pressenza.com\/wp-content\/uploads\/2013\/08\/Militar-denuncia-conexiones-de-altos-mandos-con-delincuencia-organizada-banner.jpg\" \/>\n\t<meta property=\"og:image:width\" content=\"728\" \/>\n\t<meta property=\"og:image:height\" content=\"387\" \/>\n\t<meta property=\"og:image:type\" content=\"image\/jpeg\" \/>\n<meta name=\"author\" content=\"Revoluciontrespuntocero\" \/>\n<meta name=\"twitter:card\" content=\"summary_large_image\" \/>\n<meta name=\"twitter:creator\" content=\"@PressenzaIPA\" \/>\n<meta name=\"twitter:site\" content=\"@PressenzaIPA\" \/>\n<meta name=\"twitter:label1\" content=\"Escrito por\" \/>\n\t<meta name=\"twitter:data1\" content=\"Revoluciontrespuntocero\" \/>\n\t<meta name=\"twitter:label2\" content=\"Tiempo de lectura\" \/>\n\t<meta name=\"twitter:data2\" content=\"3 minutos\" \/>\n<script type=\"application\/ld+json\" class=\"yoast-schema-graph\">{\"@context\":\"https:\/\/schema.org\",\"@graph\":[{\"@type\":\"Article\",\"@id\":\"https:\/\/www.pressenza.com\/es\/2013\/08\/militar-denuncia-conexiones-de-altos-mandos-con-delincuencia-organizada-en-michoacan\/#article\",\"isPartOf\":{\"@id\":\"https:\/\/www.pressenza.com\/es\/2013\/08\/militar-denuncia-conexiones-de-altos-mandos-con-delincuencia-organizada-en-michoacan\/\"},\"author\":{\"name\":\"Revoluciontrespuntocero\",\"@id\":\"https:\/\/www.pressenza.com\/es\/#\/schema\/person\/e925cc98ff48be902dbcfe12b1735152\"},\"headline\":\"Militar denuncia conexiones de altos mandos con delincuencia organizada en Michoac\u00e1n\",\"datePublished\":\"2013-08-09T18:19:01+00:00\",\"dateModified\":\"2013-08-09T18:22:49+00:00\",\"mainEntityOfPage\":{\"@id\":\"https:\/\/www.pressenza.com\/es\/2013\/08\/militar-denuncia-conexiones-de-altos-mandos-con-delincuencia-organizada-en-michoacan\/\"},\"wordCount\":592,\"publisher\":{\"@id\":\"https:\/\/www.pressenza.com\/es\/#organization\"},\"image\":{\"@id\":\"https:\/\/www.pressenza.com\/es\/2013\/08\/militar-denuncia-conexiones-de-altos-mandos-con-delincuencia-organizada-en-michoacan\/#primaryimage\"},\"thumbnailUrl\":\"https:\/\/www.pressenza.com\/wp-content\/uploads\/2013\/08\/Militar-denuncia-conexiones-de-altos-mandos-con-delincuencia-organizada-banner.jpg\",\"keywords\":[\"M\u00e9xico\",\"narcotr\u00e1fico\",\"protestas sociales\",\"violence\",\"Violencia\"],\"articleSection\":[\"Am\u00e9rica Central\",\"Derechos Humanos\",\"Norteam\u00e9rica\",\"Pol\u00edtica\"],\"inLanguage\":\"es\"},{\"@type\":\"WebPage\",\"@id\":\"https:\/\/www.pressenza.com\/es\/2013\/08\/militar-denuncia-conexiones-de-altos-mandos-con-delincuencia-organizada-en-michoacan\/\",\"url\":\"https:\/\/www.pressenza.com\/es\/2013\/08\/militar-denuncia-conexiones-de-altos-mandos-con-delincuencia-organizada-en-michoacan\/\",\"name\":\"Militar denuncia conexiones de altos mandos con delincuencia organizada en Michoac\u00e1n\",\"isPartOf\":{\"@id\":\"https:\/\/www.pressenza.com\/es\/#website\"},\"primaryImageOfPage\":{\"@id\":\"https:\/\/www.pressenza.com\/es\/2013\/08\/militar-denuncia-conexiones-de-altos-mandos-con-delincuencia-organizada-en-michoacan\/#primaryimage\"},\"image\":{\"@id\":\"https:\/\/www.pressenza.com\/es\/2013\/08\/militar-denuncia-conexiones-de-altos-mandos-con-delincuencia-organizada-en-michoacan\/#primaryimage\"},\"thumbnailUrl\":\"https:\/\/www.pressenza.com\/wp-content\/uploads\/2013\/08\/Militar-denuncia-conexiones-de-altos-mandos-con-delincuencia-organizada-banner.jpg\",\"datePublished\":\"2013-08-09T18:19:01+00:00\",\"dateModified\":\"2013-08-09T18:22:49+00:00\",\"description\":\"Por Natalia Antezana Bosques \/ @Natalia3_0 (06 de agosto, 2013).- Un cabo perteneciente al 88 Batall\u00f3n de Infanter\u00eda adscrito a la 20\/a Zona Militar,\",\"breadcrumb\":{\"@id\":\"https:\/\/www.pressenza.com\/es\/2013\/08\/militar-denuncia-conexiones-de-altos-mandos-con-delincuencia-organizada-en-michoacan\/#breadcrumb\"},\"inLanguage\":\"es\",\"potentialAction\":[{\"@type\":\"ReadAction\",\"target\":[\"https:\/\/www.pressenza.com\/es\/2013\/08\/militar-denuncia-conexiones-de-altos-mandos-con-delincuencia-organizada-en-michoacan\/\"]}]},{\"@type\":\"ImageObject\",\"inLanguage\":\"es\",\"@id\":\"https:\/\/www.pressenza.com\/es\/2013\/08\/militar-denuncia-conexiones-de-altos-mandos-con-delincuencia-organizada-en-michoacan\/#primaryimage\",\"url\":\"https:\/\/www.pressenza.com\/wp-content\/uploads\/2013\/08\/Militar-denuncia-conexiones-de-altos-mandos-con-delincuencia-organizada-banner.jpg\",\"contentUrl\":\"https:\/\/www.pressenza.com\/wp-content\/uploads\/2013\/08\/Militar-denuncia-conexiones-de-altos-mandos-con-delincuencia-organizada-banner.jpg\",\"width\":728,\"height\":387},{\"@type\":\"BreadcrumbList\",\"@id\":\"https:\/\/www.pressenza.com\/es\/2013\/08\/militar-denuncia-conexiones-de-altos-mandos-con-delincuencia-organizada-en-michoacan\/#breadcrumb\",\"itemListElement\":[{\"@type\":\"ListItem\",\"position\":1,\"name\":\"Accueil\",\"item\":\"https:\/\/www.pressenza.com\/es\/\"},{\"@type\":\"ListItem\",\"position\":2,\"name\":\"Militar denuncia conexiones de altos mandos con delincuencia organizada en Michoac\u00e1n\"}]},{\"@type\":\"WebSite\",\"@id\":\"https:\/\/www.pressenza.com\/es\/#website\",\"url\":\"https:\/\/www.pressenza.com\/es\/\",\"name\":\"Pressenza\",\"description\":\"International Press Agency\",\"publisher\":{\"@id\":\"https:\/\/www.pressenza.com\/es\/#organization\"},\"potentialAction\":[{\"@type\":\"SearchAction\",\"target\":{\"@type\":\"EntryPoint\",\"urlTemplate\":\"https:\/\/www.pressenza.com\/es\/?s={search_term_string}\"},\"query-input\":{\"@type\":\"PropertyValueSpecification\",\"valueRequired\":true,\"valueName\":\"search_term_string\"}}],\"inLanguage\":\"es\"},{\"@type\":\"Organization\",\"@id\":\"https:\/\/www.pressenza.com\/es\/#organization\",\"name\":\"Pressenza\",\"url\":\"https:\/\/www.pressenza.com\/es\/\",\"logo\":{\"@type\":\"ImageObject\",\"inLanguage\":\"es\",\"@id\":\"https:\/\/www.pressenza.com\/es\/#\/schema\/logo\/image\/\",\"url\":\"https:\/\/www.pressenza.com\/wp-content\/uploads\/2022\/10\/pressenza_logo_200x200.jpg\",\"contentUrl\":\"https:\/\/www.pressenza.com\/wp-content\/uploads\/2022\/10\/pressenza_logo_200x200.jpg\",\"width\":200,\"height\":200,\"caption\":\"Pressenza\"},\"image\":{\"@id\":\"https:\/\/www.pressenza.com\/es\/#\/schema\/logo\/image\/\"},\"sameAs\":[\"https:\/\/www.facebook.com\/PressenzaItalia\",\"https:\/\/x.com\/PressenzaIPA\"]},{\"@type\":\"Person\",\"@id\":\"https:\/\/www.pressenza.com\/es\/#\/schema\/person\/e925cc98ff48be902dbcfe12b1735152\",\"name\":\"Revoluciontrespuntocero\",\"description\":\"Desde M\u00e9xico, un espacio abierto reconociendo la voz del ciudadano como un elemento significativo de la noticia\",\"sameAs\":[\"http:\/\/www.revoluciontrespuntocero.com\"],\"url\":\"https:\/\/www.pressenza.com\/es\/author\/revoluciontrespuntocero\/\"}]}<\/script>\n<!-- \/ Yoast SEO plugin. -->","yoast_head_json":{"title":"Militar denuncia conexiones de altos mandos con delincuencia organizada en Michoac\u00e1n","description":"Por Natalia Antezana Bosques \/ @Natalia3_0 (06 de agosto, 2013).- Un cabo perteneciente al 88 Batall\u00f3n de Infanter\u00eda adscrito a la 20\/a Zona Militar,","robots":{"index":"index","follow":"follow","max-snippet":"max-snippet:-1","max-image-preview":"max-image-preview:large","max-video-preview":"max-video-preview:-1"},"canonical":"https:\/\/www.pressenza.com\/es\/2013\/08\/militar-denuncia-conexiones-de-altos-mandos-con-delincuencia-organizada-en-michoacan\/","og_locale":"es_ES","og_type":"article","og_title":"Militar denuncia conexiones de altos mandos con delincuencia organizada en Michoac\u00e1n","og_description":"Por Natalia Antezana Bosques \/ @Natalia3_0 (06 de agosto, 2013).- Un cabo perteneciente al 88 Batall\u00f3n de Infanter\u00eda adscrito a la 20\/a Zona Militar,","og_url":"https:\/\/www.pressenza.com\/es\/2013\/08\/militar-denuncia-conexiones-de-altos-mandos-con-delincuencia-organizada-en-michoacan\/","og_site_name":"Pressenza","article_publisher":"https:\/\/www.facebook.com\/PressenzaItalia","article_published_time":"2013-08-09T18:19:01+00:00","article_modified_time":"2013-08-09T18:22:49+00:00","og_image":[{"width":728,"height":387,"url":"https:\/\/www.pressenza.com\/wp-content\/uploads\/2013\/08\/Militar-denuncia-conexiones-de-altos-mandos-con-delincuencia-organizada-banner.jpg","type":"image\/jpeg"}],"author":"Revoluciontrespuntocero","twitter_card":"summary_large_image","twitter_creator":"@PressenzaIPA","twitter_site":"@PressenzaIPA","twitter_misc":{"Escrito por":"Revoluciontrespuntocero","Tiempo de lectura":"3 minutos"},"schema":{"@context":"https:\/\/schema.org","@graph":[{"@type":"Article","@id":"https:\/\/www.pressenza.com\/es\/2013\/08\/militar-denuncia-conexiones-de-altos-mandos-con-delincuencia-organizada-en-michoacan\/#article","isPartOf":{"@id":"https:\/\/www.pressenza.com\/es\/2013\/08\/militar-denuncia-conexiones-de-altos-mandos-con-delincuencia-organizada-en-michoacan\/"},"author":{"name":"Revoluciontrespuntocero","@id":"https:\/\/www.pressenza.com\/es\/#\/schema\/person\/e925cc98ff48be902dbcfe12b1735152"},"headline":"Militar denuncia conexiones de altos mandos con delincuencia organizada en Michoac\u00e1n","datePublished":"2013-08-09T18:19:01+00:00","dateModified":"2013-08-09T18:22:49+00:00","mainEntityOfPage":{"@id":"https:\/\/www.pressenza.com\/es\/2013\/08\/militar-denuncia-conexiones-de-altos-mandos-con-delincuencia-organizada-en-michoacan\/"},"wordCount":592,"publisher":{"@id":"https:\/\/www.pressenza.com\/es\/#organization"},"image":{"@id":"https:\/\/www.pressenza.com\/es\/2013\/08\/militar-denuncia-conexiones-de-altos-mandos-con-delincuencia-organizada-en-michoacan\/#primaryimage"},"thumbnailUrl":"https:\/\/www.pressenza.com\/wp-content\/uploads\/2013\/08\/Militar-denuncia-conexiones-de-altos-mandos-con-delincuencia-organizada-banner.jpg","keywords":["M\u00e9xico","narcotr\u00e1fico","protestas sociales","violence","Violencia"],"articleSection":["Am\u00e9rica Central","Derechos Humanos","Norteam\u00e9rica","Pol\u00edtica"],"inLanguage":"es"},{"@type":"WebPage","@id":"https:\/\/www.pressenza.com\/es\/2013\/08\/militar-denuncia-conexiones-de-altos-mandos-con-delincuencia-organizada-en-michoacan\/","url":"https:\/\/www.pressenza.com\/es\/2013\/08\/militar-denuncia-conexiones-de-altos-mandos-con-delincuencia-organizada-en-michoacan\/","name":"Militar denuncia conexiones de altos mandos con delincuencia organizada en Michoac\u00e1n","isPartOf":{"@id":"https:\/\/www.pressenza.com\/es\/#website"},"primaryImageOfPage":{"@id":"https:\/\/www.pressenza.com\/es\/2013\/08\/militar-denuncia-conexiones-de-altos-mandos-con-delincuencia-organizada-en-michoacan\/#primaryimage"},"image":{"@id":"https:\/\/www.pressenza.com\/es\/2013\/08\/militar-denuncia-conexiones-de-altos-mandos-con-delincuencia-organizada-en-michoacan\/#primaryimage"},"thumbnailUrl":"https:\/\/www.pressenza.com\/wp-content\/uploads\/2013\/08\/Militar-denuncia-conexiones-de-altos-mandos-con-delincuencia-organizada-banner.jpg","datePublished":"2013-08-09T18:19:01+00:00","dateModified":"2013-08-09T18:22:49+00:00","description":"Por Natalia Antezana Bosques \/ @Natalia3_0 (06 de agosto, 2013).- Un cabo perteneciente al 88 Batall\u00f3n de Infanter\u00eda adscrito a la 20\/a Zona Militar,","breadcrumb":{"@id":"https:\/\/www.pressenza.com\/es\/2013\/08\/militar-denuncia-conexiones-de-altos-mandos-con-delincuencia-organizada-en-michoacan\/#breadcrumb"},"inLanguage":"es","potentialAction":[{"@type":"ReadAction","target":["https:\/\/www.pressenza.com\/es\/2013\/08\/militar-denuncia-conexiones-de-altos-mandos-con-delincuencia-organizada-en-michoacan\/"]}]},{"@type":"ImageObject","inLanguage":"es","@id":"https:\/\/www.pressenza.com\/es\/2013\/08\/militar-denuncia-conexiones-de-altos-mandos-con-delincuencia-organizada-en-michoacan\/#primaryimage","url":"https:\/\/www.pressenza.com\/wp-content\/uploads\/2013\/08\/Militar-denuncia-conexiones-de-altos-mandos-con-delincuencia-organizada-banner.jpg","contentUrl":"https:\/\/www.pressenza.com\/wp-content\/uploads\/2013\/08\/Militar-denuncia-conexiones-de-altos-mandos-con-delincuencia-organizada-banner.jpg","width":728,"height":387},{"@type":"BreadcrumbList","@id":"https:\/\/www.pressenza.com\/es\/2013\/08\/militar-denuncia-conexiones-de-altos-mandos-con-delincuencia-organizada-en-michoacan\/#breadcrumb","itemListElement":[{"@type":"ListItem","position":1,"name":"Accueil","item":"https:\/\/www.pressenza.com\/es\/"},{"@type":"ListItem","position":2,"name":"Militar denuncia conexiones de altos mandos con delincuencia organizada en Michoac\u00e1n"}]},{"@type":"WebSite","@id":"https:\/\/www.pressenza.com\/es\/#website","url":"https:\/\/www.pressenza.com\/es\/","name":"Pressenza","description":"International Press Agency","publisher":{"@id":"https:\/\/www.pressenza.com\/es\/#organization"},"potentialAction":[{"@type":"SearchAction","target":{"@type":"EntryPoint","urlTemplate":"https:\/\/www.pressenza.com\/es\/?s={search_term_string}"},"query-input":{"@type":"PropertyValueSpecification","valueRequired":true,"valueName":"search_term_string"}}],"inLanguage":"es"},{"@type":"Organization","@id":"https:\/\/www.pressenza.com\/es\/#organization","name":"Pressenza","url":"https:\/\/www.pressenza.com\/es\/","logo":{"@type":"ImageObject","inLanguage":"es","@id":"https:\/\/www.pressenza.com\/es\/#\/schema\/logo\/image\/","url":"https:\/\/www.pressenza.com\/wp-content\/uploads\/2022\/10\/pressenza_logo_200x200.jpg","contentUrl":"https:\/\/www.pressenza.com\/wp-content\/uploads\/2022\/10\/pressenza_logo_200x200.jpg","width":200,"height":200,"caption":"Pressenza"},"image":{"@id":"https:\/\/www.pressenza.com\/es\/#\/schema\/logo\/image\/"},"sameAs":["https:\/\/www.facebook.com\/PressenzaItalia","https:\/\/x.com\/PressenzaIPA"]},{"@type":"Person","@id":"https:\/\/www.pressenza.com\/es\/#\/schema\/person\/e925cc98ff48be902dbcfe12b1735152","name":"Revoluciontrespuntocero","description":"Desde M\u00e9xico, un espacio abierto reconociendo la voz del ciudadano como un elemento significativo de la noticia","sameAs":["http:\/\/www.revoluciontrespuntocero.com"],"url":"https:\/\/www.pressenza.com\/es\/author\/revoluciontrespuntocero\/"}]}},"place":"Michoac\u00e1n, M\u00c9XICO","original_article_url":"","_links":{"self":[{"href":"https:\/\/www.pressenza.com\/es\/wp-json\/wp\/v2\/posts\/64099","targetHints":{"allow":["GET"]}}],"collection":[{"href":"https:\/\/www.pressenza.com\/es\/wp-json\/wp\/v2\/posts"}],"about":[{"href":"https:\/\/www.pressenza.com\/es\/wp-json\/wp\/v2\/types\/post"}],"author":[{"embeddable":true,"href":"https:\/\/www.pressenza.com\/es\/wp-json\/wp\/v2\/users\/950"}],"replies":[{"embeddable":true,"href":"https:\/\/www.pressenza.com\/es\/wp-json\/wp\/v2\/comments?post=64099"}],"version-history":[{"count":0,"href":"https:\/\/www.pressenza.com\/es\/wp-json\/wp\/v2\/posts\/64099\/revisions"}],"wp:featuredmedia":[{"embeddable":true,"href":"https:\/\/www.pressenza.com\/es\/wp-json\/wp\/v2\/media\/64102"}],"wp:attachment":[{"href":"https:\/\/www.pressenza.com\/es\/wp-json\/wp\/v2\/media?parent=64099"}],"wp:term":[{"taxonomy":"category","embeddable":true,"href":"https:\/\/www.pressenza.com\/es\/wp-json\/wp\/v2\/categories?post=64099"},{"taxonomy":"post_tag","embeddable":true,"href":"https:\/\/www.pressenza.com\/es\/wp-json\/wp\/v2\/tags?post=64099"}],"curies":[{"name":"wp","href":"https:\/\/api.w.org\/{rel}","templated":true}]}}