{"id":640687,"date":"2018-05-13T17:24:29","date_gmt":"2018-05-13T16:24:29","guid":{"rendered":"https:\/\/www.pressenza.com\/?p=640687"},"modified":"2018-05-13T17:24:29","modified_gmt":"2018-05-13T16:24:29","slug":"bloque-trabajadores-migrantes-repudia-arancelamiento-la-salud-migrantes","status":"publish","type":"post","link":"https:\/\/www.pressenza.com\/es\/2018\/05\/bloque-trabajadores-migrantes-repudia-arancelamiento-la-salud-migrantes\/","title":{"rendered":"Bloque de Trabajadores Migrantes repudia arancelamiento de la salud a migrantes"},"content":{"rendered":"<p>Compartimos el comunicado de prensa que nos hizo llegar el Bloque de Trabajadores Migrantes, alarmados frente a la situaci\u00f3n en la provincia de JUjuy, Argentina, donde el gobierno de Gerardo Morales, en una actitud xen\u00f3foba quiere cobrarles el servicio de salud a los migrantes que viven en su territorio.<\/p>\n<p>Desde el Bloque se oponen a cualquier recorte de los derechos adquiridos y se defiende el derecho de las personas a su movilidad. Tambi\u00e9n denuncian las pol\u00edticas atentarias de derechos y de clara ideolog\u00eda xen\u00f3foba que se vanagloria en expresar el gobernador de la Alianza Cambiemos, Gerardo Morales.<\/p>\n<p><em>Desde el Bloque de Trabajadorxs Migrantes &#8211; BTM acompa\u00f1amos la resistencia de las organizaciones hermanas que resisten en Jujuy ante la avanzada xen\u00f3foba del Gobierno Provincial de Gerardo Morales.<\/em><\/p>\n<p><em>Repudiamos el intento de arancelar la salud para lxs migrantes, por ser inconstitucional y atentar contra los derechos conquistados durante a\u00f1os de lucha.<\/em><\/p>\n<p><em>El proyecto de ley que baj\u00f3 el Ejecutivo juje\u00f1o al Legislativo de dicha provincia, es otra muestra m\u00e1s de la xenofobia reinante de los aliados de Cambiemos que pretenden disfrazar sus intenciones con proyectos como el de la creaci\u00f3n de un Sistema Provincial de Seguro de Salud para extranjeros, pero los vuelve a desenmascarar al respecto de sus pol\u00edticas restrictivas de derechos, a la vez de perjudiciales a otros ya adquiridos, pues plantean el cercenamiento de los mismos.<\/em><\/p>\n<p><em>Las organizaciones firmantes esperamos que quienes tienen el poder de legislar lo hagan atendiendo los marcos normativos existentes, sin avasallar derechos consagrados a ninguna persona, m\u00e1s all\u00e1 de su condici\u00f3n migratoria o nacionalidad.<\/em><\/p>\n<p><em>? Sum\u00e1 tu adhesi\u00f3n en este enlace:<a href=\"https:\/\/goo.gl\/forms\/CM9QpOwW5WQqPfLf1\"> https:\/\/goo.gl\/forms\/CM9QpOwW5WQqPfLf1<\/a> presentado por ANDHES, CAREF, CELS, y el Programa de Migraci\u00f3n y Asilo del Instituto de Justicia y Derechos Humanos de la UNLa que ser\u00e1 presentado en la Legislatura de Jujuy.<\/em><\/p>\n<p><em>\u00a1Seguiremos organizadxs y en alerta, repudiando cualquier intento xen\u00f3fobo de ley!<\/em><\/p>\n<p><em>\u00a1Migrar no es delito, migrar es un Derecho Humano, la salud tambi\u00e9n lo es!<\/em><\/p>\n<p><em>#MigrarNoEsDelito #NoEsReciprocidadEsXenofobia<\/em><\/p>\n<p><em>Contactos de prensa<\/em><\/p>\n<p><em>ANDHES: +54 388 154352404<\/em><\/p>\n<p><em>CAREF: +54 11 66122753<\/em><\/p>\n<p><em>CELS: +54 11 62412298<\/em><\/p>\n","protected":false},"excerpt":{"rendered":"<p>Compartimos el comunicado de prensa que nos hizo llegar el Bloque de Trabajadores Migrantes, alarmados frente a la situaci\u00f3n en la provincia de JUjuy, Argentina, donde el gobierno de Gerardo Morales, en una actitud xen\u00f3foba quiere cobrarles el servicio de&hellip;<\/p>\n","protected":false},"author":87,"featured_media":640697,"comment_status":"closed","ping_status":"closed","sticky":false,"template":"","format":"standard","meta":{"footnotes":""},"categories":[149,11389,79,1239,67],"tags":[46057,46059,26,46058,19264,7399,15633,22219],"class_list":["post-640687","post","type-post","status-publish","format-standard","has-post-thumbnail","hentry","category-comunicados-de-prensa","category-contenido-original","category-derechos-humanos","category-salud","category-sudamerica","tag-acceso-a-la-salud","tag-arancelamiento","tag-argentina","tag-derecho-a-la-salud","tag-gerardo-morales","tag-jujuy","tag-migrantes","tag-salud"],"yoast_head":"<!-- This site is optimized with the Yoast SEO plugin v27.1.1 - https:\/\/yoast.com\/product\/yoast-seo-wordpress\/ -->\n<title>Bloque de Trabajadores Migrantes repudia arancelamiento de la salud a migrantes<\/title>\n<meta name=\"description\" content=\"Compartimos el comunicado de prensa que nos hizo llegar el Bloque de Trabajadores Migrantes, alarmados frente a la situaci\u00f3n en la provincia de JUjuy,\" \/>\n<meta name=\"robots\" content=\"index, follow, max-snippet:-1, max-image-preview:large, max-video-preview:-1\" \/>\n<link rel=\"canonical\" href=\"https:\/\/www.pressenza.com\/es\/2018\/05\/bloque-trabajadores-migrantes-repudia-arancelamiento-la-salud-migrantes\/\" \/>\n<meta property=\"og:locale\" content=\"es_ES\" \/>\n<meta property=\"og:type\" content=\"article\" \/>\n<meta property=\"og:title\" content=\"Bloque de Trabajadores Migrantes repudia arancelamiento de la salud a migrantes\" \/>\n<meta property=\"og:description\" content=\"Compartimos el comunicado de prensa que nos hizo llegar el Bloque de Trabajadores Migrantes, alarmados frente a la situaci\u00f3n en la provincia de JUjuy,\" \/>\n<meta property=\"og:url\" content=\"https:\/\/www.pressenza.com\/es\/2018\/05\/bloque-trabajadores-migrantes-repudia-arancelamiento-la-salud-migrantes\/\" \/>\n<meta property=\"og:site_name\" content=\"Pressenza\" \/>\n<meta property=\"article:publisher\" content=\"https:\/\/www.facebook.com\/PressenzaItalia\" \/>\n<meta property=\"article:published_time\" content=\"2018-05-13T16:24:29+00:00\" \/>\n<meta property=\"og:image\" content=\"https:\/\/www.pressenza.com\/wp-content\/uploads\/2018\/05\/btm-1.png\" \/>\n\t<meta property=\"og:image:width\" content=\"974\" \/>\n\t<meta property=\"og:image:height\" content=\"638\" \/>\n\t<meta property=\"og:image:type\" content=\"image\/png\" \/>\n<meta name=\"author\" content=\"Redacci\u00f3n Argentina\" \/>\n<meta name=\"twitter:card\" content=\"summary_large_image\" \/>\n<meta name=\"twitter:creator\" content=\"@pressenza\" \/>\n<meta name=\"twitter:site\" content=\"@PressenzaIPA\" \/>\n<meta name=\"twitter:label1\" content=\"Escrito por\" \/>\n\t<meta name=\"twitter:data1\" content=\"Redacci\u00f3n Argentina\" \/>\n\t<meta name=\"twitter:label2\" content=\"Tiempo de lectura\" \/>\n\t<meta name=\"twitter:data2\" content=\"2 minutos\" \/>\n<script type=\"application\/ld+json\" class=\"yoast-schema-graph\">{\"@context\":\"https:\/\/schema.org\",\"@graph\":[{\"@type\":\"Article\",\"@id\":\"https:\/\/www.pressenza.com\/es\/2018\/05\/bloque-trabajadores-migrantes-repudia-arancelamiento-la-salud-migrantes\/#article\",\"isPartOf\":{\"@id\":\"https:\/\/www.pressenza.com\/es\/2018\/05\/bloque-trabajadores-migrantes-repudia-arancelamiento-la-salud-migrantes\/\"},\"author\":{\"name\":\"Redacci\u00f3n Argentina\",\"@id\":\"https:\/\/www.pressenza.com\/es\/#\/schema\/person\/0dda7d1b68267ad95b1e1d83abc98c89\"},\"headline\":\"Bloque de Trabajadores Migrantes repudia arancelamiento de la salud a migrantes\",\"datePublished\":\"2018-05-13T16:24:29+00:00\",\"mainEntityOfPage\":{\"@id\":\"https:\/\/www.pressenza.com\/es\/2018\/05\/bloque-trabajadores-migrantes-repudia-arancelamiento-la-salud-migrantes\/\"},\"wordCount\":366,\"publisher\":{\"@id\":\"https:\/\/www.pressenza.com\/es\/#organization\"},\"image\":{\"@id\":\"https:\/\/www.pressenza.com\/es\/2018\/05\/bloque-trabajadores-migrantes-repudia-arancelamiento-la-salud-migrantes\/#primaryimage\"},\"thumbnailUrl\":\"https:\/\/www.pressenza.com\/wp-content\/uploads\/2018\/05\/btm-1.png\",\"keywords\":[\"acceso a la salud\",\"arancelamiento\",\"Argentina\",\"derecho a la salud\",\"Gerardo Morales\",\"Jujuy\",\"migrantes\",\"Salud\"],\"articleSection\":[\"Comunicados de Prensa\",\"Contenido Original\",\"Derechos Humanos\",\"Salud\",\"Sudam\u00e9rica\"],\"inLanguage\":\"es\"},{\"@type\":\"WebPage\",\"@id\":\"https:\/\/www.pressenza.com\/es\/2018\/05\/bloque-trabajadores-migrantes-repudia-arancelamiento-la-salud-migrantes\/\",\"url\":\"https:\/\/www.pressenza.com\/es\/2018\/05\/bloque-trabajadores-migrantes-repudia-arancelamiento-la-salud-migrantes\/\",\"name\":\"Bloque de Trabajadores Migrantes repudia arancelamiento de la salud a migrantes\",\"isPartOf\":{\"@id\":\"https:\/\/www.pressenza.com\/es\/#website\"},\"primaryImageOfPage\":{\"@id\":\"https:\/\/www.pressenza.com\/es\/2018\/05\/bloque-trabajadores-migrantes-repudia-arancelamiento-la-salud-migrantes\/#primaryimage\"},\"image\":{\"@id\":\"https:\/\/www.pressenza.com\/es\/2018\/05\/bloque-trabajadores-migrantes-repudia-arancelamiento-la-salud-migrantes\/#primaryimage\"},\"thumbnailUrl\":\"https:\/\/www.pressenza.com\/wp-content\/uploads\/2018\/05\/btm-1.png\",\"datePublished\":\"2018-05-13T16:24:29+00:00\",\"description\":\"Compartimos el comunicado de prensa que nos hizo llegar el Bloque de Trabajadores Migrantes, alarmados frente a la situaci\u00f3n en la provincia de JUjuy,\",\"breadcrumb\":{\"@id\":\"https:\/\/www.pressenza.com\/es\/2018\/05\/bloque-trabajadores-migrantes-repudia-arancelamiento-la-salud-migrantes\/#breadcrumb\"},\"inLanguage\":\"es\",\"potentialAction\":[{\"@type\":\"ReadAction\",\"target\":[\"https:\/\/www.pressenza.com\/es\/2018\/05\/bloque-trabajadores-migrantes-repudia-arancelamiento-la-salud-migrantes\/\"]}]},{\"@type\":\"ImageObject\",\"inLanguage\":\"es\",\"@id\":\"https:\/\/www.pressenza.com\/es\/2018\/05\/bloque-trabajadores-migrantes-repudia-arancelamiento-la-salud-migrantes\/#primaryimage\",\"url\":\"https:\/\/www.pressenza.com\/wp-content\/uploads\/2018\/05\/btm-1.png\",\"contentUrl\":\"https:\/\/www.pressenza.com\/wp-content\/uploads\/2018\/05\/btm-1.png\",\"width\":974,\"height\":638},{\"@type\":\"BreadcrumbList\",\"@id\":\"https:\/\/www.pressenza.com\/es\/2018\/05\/bloque-trabajadores-migrantes-repudia-arancelamiento-la-salud-migrantes\/#breadcrumb\",\"itemListElement\":[{\"@type\":\"ListItem\",\"position\":1,\"name\":\"Accueil\",\"item\":\"https:\/\/www.pressenza.com\/es\/\"},{\"@type\":\"ListItem\",\"position\":2,\"name\":\"Bloque de Trabajadores Migrantes repudia arancelamiento de la salud a migrantes\"}]},{\"@type\":\"WebSite\",\"@id\":\"https:\/\/www.pressenza.com\/es\/#website\",\"url\":\"https:\/\/www.pressenza.com\/es\/\",\"name\":\"Pressenza\",\"description\":\"International Press Agency\",\"publisher\":{\"@id\":\"https:\/\/www.pressenza.com\/es\/#organization\"},\"potentialAction\":[{\"@type\":\"SearchAction\",\"target\":{\"@type\":\"EntryPoint\",\"urlTemplate\":\"https:\/\/www.pressenza.com\/es\/?s={search_term_string}\"},\"query-input\":{\"@type\":\"PropertyValueSpecification\",\"valueRequired\":true,\"valueName\":\"search_term_string\"}}],\"inLanguage\":\"es\"},{\"@type\":\"Organization\",\"@id\":\"https:\/\/www.pressenza.com\/es\/#organization\",\"name\":\"Pressenza\",\"url\":\"https:\/\/www.pressenza.com\/es\/\",\"logo\":{\"@type\":\"ImageObject\",\"inLanguage\":\"es\",\"@id\":\"https:\/\/www.pressenza.com\/es\/#\/schema\/logo\/image\/\",\"url\":\"https:\/\/www.pressenza.com\/wp-content\/uploads\/2022\/10\/pressenza_logo_200x200.jpg\",\"contentUrl\":\"https:\/\/www.pressenza.com\/wp-content\/uploads\/2022\/10\/pressenza_logo_200x200.jpg\",\"width\":200,\"height\":200,\"caption\":\"Pressenza\"},\"image\":{\"@id\":\"https:\/\/www.pressenza.com\/es\/#\/schema\/logo\/image\/\"},\"sameAs\":[\"https:\/\/www.facebook.com\/PressenzaItalia\",\"https:\/\/x.com\/PressenzaIPA\"]},{\"@type\":\"Person\",\"@id\":\"https:\/\/www.pressenza.com\/es\/#\/schema\/person\/0dda7d1b68267ad95b1e1d83abc98c89\",\"name\":\"Redacci\u00f3n Argentina\",\"description\":\"News from the Pressenza Bureau in Argentina.\",\"sameAs\":[\"https:\/\/x.com\/pressenza\"],\"url\":\"https:\/\/www.pressenza.com\/es\/author\/redaccion-argentina\/\"}]}<\/script>\n<!-- \/ Yoast SEO plugin. -->","yoast_head_json":{"title":"Bloque de Trabajadores Migrantes repudia arancelamiento de la salud a migrantes","description":"Compartimos el comunicado de prensa que nos hizo llegar el Bloque de Trabajadores Migrantes, alarmados frente a la situaci\u00f3n en la provincia de JUjuy,","robots":{"index":"index","follow":"follow","max-snippet":"max-snippet:-1","max-image-preview":"max-image-preview:large","max-video-preview":"max-video-preview:-1"},"canonical":"https:\/\/www.pressenza.com\/es\/2018\/05\/bloque-trabajadores-migrantes-repudia-arancelamiento-la-salud-migrantes\/","og_locale":"es_ES","og_type":"article","og_title":"Bloque de Trabajadores Migrantes repudia arancelamiento de la salud a migrantes","og_description":"Compartimos el comunicado de prensa que nos hizo llegar el Bloque de Trabajadores Migrantes, alarmados frente a la situaci\u00f3n en la provincia de JUjuy,","og_url":"https:\/\/www.pressenza.com\/es\/2018\/05\/bloque-trabajadores-migrantes-repudia-arancelamiento-la-salud-migrantes\/","og_site_name":"Pressenza","article_publisher":"https:\/\/www.facebook.com\/PressenzaItalia","article_published_time":"2018-05-13T16:24:29+00:00","og_image":[{"width":974,"height":638,"url":"https:\/\/www.pressenza.com\/wp-content\/uploads\/2018\/05\/btm-1.png","type":"image\/png"}],"author":"Redacci\u00f3n Argentina","twitter_card":"summary_large_image","twitter_creator":"@pressenza","twitter_site":"@PressenzaIPA","twitter_misc":{"Escrito por":"Redacci\u00f3n Argentina","Tiempo de lectura":"2 minutos"},"schema":{"@context":"https:\/\/schema.org","@graph":[{"@type":"Article","@id":"https:\/\/www.pressenza.com\/es\/2018\/05\/bloque-trabajadores-migrantes-repudia-arancelamiento-la-salud-migrantes\/#article","isPartOf":{"@id":"https:\/\/www.pressenza.com\/es\/2018\/05\/bloque-trabajadores-migrantes-repudia-arancelamiento-la-salud-migrantes\/"},"author":{"name":"Redacci\u00f3n Argentina","@id":"https:\/\/www.pressenza.com\/es\/#\/schema\/person\/0dda7d1b68267ad95b1e1d83abc98c89"},"headline":"Bloque de Trabajadores Migrantes repudia arancelamiento de la salud a migrantes","datePublished":"2018-05-13T16:24:29+00:00","mainEntityOfPage":{"@id":"https:\/\/www.pressenza.com\/es\/2018\/05\/bloque-trabajadores-migrantes-repudia-arancelamiento-la-salud-migrantes\/"},"wordCount":366,"publisher":{"@id":"https:\/\/www.pressenza.com\/es\/#organization"},"image":{"@id":"https:\/\/www.pressenza.com\/es\/2018\/05\/bloque-trabajadores-migrantes-repudia-arancelamiento-la-salud-migrantes\/#primaryimage"},"thumbnailUrl":"https:\/\/www.pressenza.com\/wp-content\/uploads\/2018\/05\/btm-1.png","keywords":["acceso a la salud","arancelamiento","Argentina","derecho a la salud","Gerardo Morales","Jujuy","migrantes","Salud"],"articleSection":["Comunicados de Prensa","Contenido Original","Derechos Humanos","Salud","Sudam\u00e9rica"],"inLanguage":"es"},{"@type":"WebPage","@id":"https:\/\/www.pressenza.com\/es\/2018\/05\/bloque-trabajadores-migrantes-repudia-arancelamiento-la-salud-migrantes\/","url":"https:\/\/www.pressenza.com\/es\/2018\/05\/bloque-trabajadores-migrantes-repudia-arancelamiento-la-salud-migrantes\/","name":"Bloque de Trabajadores Migrantes repudia arancelamiento de la salud a migrantes","isPartOf":{"@id":"https:\/\/www.pressenza.com\/es\/#website"},"primaryImageOfPage":{"@id":"https:\/\/www.pressenza.com\/es\/2018\/05\/bloque-trabajadores-migrantes-repudia-arancelamiento-la-salud-migrantes\/#primaryimage"},"image":{"@id":"https:\/\/www.pressenza.com\/es\/2018\/05\/bloque-trabajadores-migrantes-repudia-arancelamiento-la-salud-migrantes\/#primaryimage"},"thumbnailUrl":"https:\/\/www.pressenza.com\/wp-content\/uploads\/2018\/05\/btm-1.png","datePublished":"2018-05-13T16:24:29+00:00","description":"Compartimos el comunicado de prensa que nos hizo llegar el Bloque de Trabajadores Migrantes, alarmados frente a la situaci\u00f3n en la provincia de JUjuy,","breadcrumb":{"@id":"https:\/\/www.pressenza.com\/es\/2018\/05\/bloque-trabajadores-migrantes-repudia-arancelamiento-la-salud-migrantes\/#breadcrumb"},"inLanguage":"es","potentialAction":[{"@type":"ReadAction","target":["https:\/\/www.pressenza.com\/es\/2018\/05\/bloque-trabajadores-migrantes-repudia-arancelamiento-la-salud-migrantes\/"]}]},{"@type":"ImageObject","inLanguage":"es","@id":"https:\/\/www.pressenza.com\/es\/2018\/05\/bloque-trabajadores-migrantes-repudia-arancelamiento-la-salud-migrantes\/#primaryimage","url":"https:\/\/www.pressenza.com\/wp-content\/uploads\/2018\/05\/btm-1.png","contentUrl":"https:\/\/www.pressenza.com\/wp-content\/uploads\/2018\/05\/btm-1.png","width":974,"height":638},{"@type":"BreadcrumbList","@id":"https:\/\/www.pressenza.com\/es\/2018\/05\/bloque-trabajadores-migrantes-repudia-arancelamiento-la-salud-migrantes\/#breadcrumb","itemListElement":[{"@type":"ListItem","position":1,"name":"Accueil","item":"https:\/\/www.pressenza.com\/es\/"},{"@type":"ListItem","position":2,"name":"Bloque de Trabajadores Migrantes repudia arancelamiento de la salud a migrantes"}]},{"@type":"WebSite","@id":"https:\/\/www.pressenza.com\/es\/#website","url":"https:\/\/www.pressenza.com\/es\/","name":"Pressenza","description":"International Press Agency","publisher":{"@id":"https:\/\/www.pressenza.com\/es\/#organization"},"potentialAction":[{"@type":"SearchAction","target":{"@type":"EntryPoint","urlTemplate":"https:\/\/www.pressenza.com\/es\/?s={search_term_string}"},"query-input":{"@type":"PropertyValueSpecification","valueRequired":true,"valueName":"search_term_string"}}],"inLanguage":"es"},{"@type":"Organization","@id":"https:\/\/www.pressenza.com\/es\/#organization","name":"Pressenza","url":"https:\/\/www.pressenza.com\/es\/","logo":{"@type":"ImageObject","inLanguage":"es","@id":"https:\/\/www.pressenza.com\/es\/#\/schema\/logo\/image\/","url":"https:\/\/www.pressenza.com\/wp-content\/uploads\/2022\/10\/pressenza_logo_200x200.jpg","contentUrl":"https:\/\/www.pressenza.com\/wp-content\/uploads\/2022\/10\/pressenza_logo_200x200.jpg","width":200,"height":200,"caption":"Pressenza"},"image":{"@id":"https:\/\/www.pressenza.com\/es\/#\/schema\/logo\/image\/"},"sameAs":["https:\/\/www.facebook.com\/PressenzaItalia","https:\/\/x.com\/PressenzaIPA"]},{"@type":"Person","@id":"https:\/\/www.pressenza.com\/es\/#\/schema\/person\/0dda7d1b68267ad95b1e1d83abc98c89","name":"Redacci\u00f3n Argentina","description":"News from the Pressenza Bureau in Argentina.","sameAs":["https:\/\/x.com\/pressenza"],"url":"https:\/\/www.pressenza.com\/es\/author\/redaccion-argentina\/"}]}},"place":"San Salvador de Jujuy, Argentina","original_article_url":"","_links":{"self":[{"href":"https:\/\/www.pressenza.com\/es\/wp-json\/wp\/v2\/posts\/640687","targetHints":{"allow":["GET"]}}],"collection":[{"href":"https:\/\/www.pressenza.com\/es\/wp-json\/wp\/v2\/posts"}],"about":[{"href":"https:\/\/www.pressenza.com\/es\/wp-json\/wp\/v2\/types\/post"}],"author":[{"embeddable":true,"href":"https:\/\/www.pressenza.com\/es\/wp-json\/wp\/v2\/users\/87"}],"replies":[{"embeddable":true,"href":"https:\/\/www.pressenza.com\/es\/wp-json\/wp\/v2\/comments?post=640687"}],"version-history":[{"count":0,"href":"https:\/\/www.pressenza.com\/es\/wp-json\/wp\/v2\/posts\/640687\/revisions"}],"wp:featuredmedia":[{"embeddable":true,"href":"https:\/\/www.pressenza.com\/es\/wp-json\/wp\/v2\/media\/640697"}],"wp:attachment":[{"href":"https:\/\/www.pressenza.com\/es\/wp-json\/wp\/v2\/media?parent=640687"}],"wp:term":[{"taxonomy":"category","embeddable":true,"href":"https:\/\/www.pressenza.com\/es\/wp-json\/wp\/v2\/categories?post=640687"},{"taxonomy":"post_tag","embeddable":true,"href":"https:\/\/www.pressenza.com\/es\/wp-json\/wp\/v2\/tags?post=640687"}],"curies":[{"name":"wp","href":"https:\/\/api.w.org\/{rel}","templated":true}]}}