{"id":638690,"date":"2018-05-11T12:54:58","date_gmt":"2018-05-11T11:54:58","guid":{"rendered":"https:\/\/www.pressenza.com\/?p=638690"},"modified":"2018-05-11T12:54:58","modified_gmt":"2018-05-11T11:54:58","slug":"berlin-valor-lo-publico","status":"publish","type":"post","link":"https:\/\/www.pressenza.com\/es\/2018\/05\/berlin-valor-lo-publico\/","title":{"rendered":"Berl\u00edn, el valor de lo p\u00fablico"},"content":{"rendered":"<p>No obstante que Berl\u00edn volvi\u00f3 a ser la capital de Alemania luego de la reunificaci\u00f3n, hace ya casi 30 a\u00f1os, sus habitantes se empe\u00f1an en se\u00f1alar que la Alemania profunda est\u00e1 fuera de Berl\u00edn. No pocos berlineses, con alguna dosis de exageraci\u00f3n e iron\u00eda, afirman que mientras en Alemania todo funciona, en Berl\u00edn nada funciona. Pude comprobar que efectivamente hay cosas que no funcionan, pero ello no significa que nada funciona. Por ejemplo, una l\u00ednea del tranv\u00eda no estaba operativa, no funcionaba. Ante esta situaci\u00f3n, se activ\u00f3 inmediatamente una l\u00ednea de bus de emergencia para que hiciera el mismo recorrido.<br \/>\nBerl\u00edn es una ciudad cosmopolita, se podr\u00eda afirmar que el mundo est\u00e1 en ella. Por sus calles, parques, lagos y plazas podemos observar personajes de todos los colores y pelajes, procedentes del mundo entero. Me centrar\u00e9 en dos puntos que me han llamado la atenci\u00f3n. Uno, la amabilidad de su poblaci\u00f3n, rasgo que se expresa de mil maneras. Si te ven perdido, te preguntan si pueden ayudar en algo. En una ocasi\u00f3n estando en la salida de una estaci\u00f3n del metro (U-bahn), en Friedrichstrasse, consult\u00e9 a un joven que pasaba d\u00f3nde estaba el Hackescher Market. Me indic\u00f3 hacia d\u00f3nde deb\u00eda ir y para all\u00e1 part\u00ed. En pocos segundos vuelve el joven para pedirme disculpas porque le baj\u00f3 la duda, consult\u00f3 a un tercero, comprobando que se hab\u00eda equivocado y que era para otro lado. Le agradecimos. Otro caso similar me ocurri\u00f3 cuando quise ir a ver una alfombra de tulipanes en un jard\u00edn, el Britzergarten. Los buses, similares a los de Santiago, impecables, con choferes atentos que no trepidan en bajarse para ayudar a los discapacitados a subirse y bajarse del bus en sus sillas de ruedas. Todo con buena cara, no como si fuera un cacho.<br \/>\nEl otro punto tiene que ver con el valor de lo p\u00fablico, tr\u00e1tese de la locomoci\u00f3n colectiva, de la salud, de la educaci\u00f3n, de la previsi\u00f3n, del esparcimiento, de los espacios. Mientras en Chile denostamos todo lo que huele a p\u00fablico y sobrevaloramos lo privado, ac\u00e1 la relaci\u00f3n p\u00fablico-privada es resultante de acuerdos entre trabajadores, empresarios y gobierno, donde nadie la pone el pie encima al otro. Acuerdos donde se impone el equilibrio con una justa distribuci\u00f3n de los beneficios y costos entre las partes, sin necesidad de contubernios, colusiones, abusos o estafas que tanto nos caracterizan y que dificultan sobremanera nuestra convivencia.<br \/>\nEl valor de lo p\u00fablico se expresa de mil maneras, pero destacar\u00e9 especialmente lo concerniente al esparcimiento, a la cantidad, calidad y limpieza de espacios p\u00fablicos \u2013parques, estacionamientos, plazas, lagos, calles, juegos infantiles-. No se hace necesario que cada uno tenga su propio jard\u00edn. El jard\u00edn de uno es el parque, la plaza de juegos. No es necesario que cada uno tenga su piscina. Adem\u00e1s de los preciosos lagos existentes y donde se sumergen los berlineses apenas sale el sol, tambi\u00e9n hay piscinas p\u00fablicas a precios m\u00f3dicos. La buena locomoci\u00f3n p\u00fablica inhibe la necesidad de que cada familia tenga su propio veh\u00edculo particular, y si lo tiene, no lo ocupa para la vida diaria, sino que tan solo para los fines de semana, reduciendo con ello los costos de la congesti\u00f3n.<br \/>\nClaro que todo esto es ayudado por una manera de ser de los berlineses, caracterizada por su sencillez y su responsabilidad, que de alguna manera ha sido asimilado por los inmigrantes.     <\/p>\n","protected":false},"excerpt":{"rendered":"<p>No obstante que Berl\u00edn volvi\u00f3 a ser la capital de Alemania luego de la reunificaci\u00f3n, hace ya casi 30 a\u00f1os, sus habitantes se empe\u00f1an en se\u00f1alar que la Alemania profunda est\u00e1 fuera de Berl\u00edn. No pocos berlineses, con alguna dosis&hellip;<\/p>\n","protected":false},"author":1346,"featured_media":638694,"comment_status":"closed","ping_status":"closed","sticky":false,"template":"","format":"standard","meta":{"footnotes":""},"categories":[11389,75,78,66,161],"tags":[5374,9736,46019,46021,46020],"class_list":["post-638690","post","type-post","status-publish","format-standard","has-post-thumbnail","hentry","category-contenido-original","category-cultura-es","category-medio-ambiente-ecologia","category-europa-es","category-opiniones","tag-alemania","tag-berlin-es","tag-calidad-de-vida","tag-ciudad","tag-esparcimiento"],"yoast_head":"<!-- This site is optimized with the Yoast SEO plugin v27.1.1 - https:\/\/yoast.com\/product\/yoast-seo-wordpress\/ -->\n<title>Berl\u00edn, el valor de lo p\u00fablico<\/title>\n<meta name=\"description\" content=\"No obstante que Berl\u00edn volvi\u00f3 a ser la capital de Alemania luego de la reunificaci\u00f3n, hace ya casi 30 a\u00f1os, sus habitantes se empe\u00f1an en se\u00f1alar que la\" \/>\n<meta name=\"robots\" content=\"index, follow, max-snippet:-1, max-image-preview:large, max-video-preview:-1\" \/>\n<link rel=\"canonical\" href=\"https:\/\/www.pressenza.com\/es\/2018\/05\/berlin-valor-lo-publico\/\" \/>\n<meta property=\"og:locale\" content=\"es_ES\" \/>\n<meta property=\"og:type\" content=\"article\" \/>\n<meta property=\"og:title\" content=\"Berl\u00edn, el valor de lo p\u00fablico\" \/>\n<meta property=\"og:description\" content=\"No obstante que Berl\u00edn volvi\u00f3 a ser la capital de Alemania luego de la reunificaci\u00f3n, hace ya casi 30 a\u00f1os, sus habitantes se empe\u00f1an en se\u00f1alar que la\" \/>\n<meta property=\"og:url\" content=\"https:\/\/www.pressenza.com\/es\/2018\/05\/berlin-valor-lo-publico\/\" \/>\n<meta property=\"og:site_name\" content=\"Pressenza\" \/>\n<meta property=\"article:publisher\" content=\"https:\/\/www.facebook.com\/PressenzaItalia\" \/>\n<meta property=\"article:published_time\" content=\"2018-05-11T11:54:58+00:00\" \/>\n<meta property=\"og:image\" content=\"https:\/\/www.pressenza.com\/wp-content\/uploads\/2018\/05\/20180508_1130141.jpg\" \/>\n\t<meta property=\"og:image:width\" content=\"2048\" \/>\n\t<meta property=\"og:image:height\" content=\"1536\" \/>\n\t<meta property=\"og:image:type\" content=\"image\/jpeg\" \/>\n<meta name=\"author\" content=\"Rodolfo Schmal\" \/>\n<meta name=\"twitter:card\" content=\"summary_large_image\" \/>\n<meta name=\"twitter:creator\" content=\"@PressenzaIPA\" \/>\n<meta name=\"twitter:site\" content=\"@PressenzaIPA\" \/>\n<meta name=\"twitter:label1\" content=\"Escrito por\" \/>\n\t<meta name=\"twitter:data1\" content=\"Rodolfo Schmal\" \/>\n\t<meta name=\"twitter:label2\" content=\"Tiempo de lectura\" \/>\n\t<meta name=\"twitter:data2\" content=\"3 minutos\" \/>\n<script type=\"application\/ld+json\" class=\"yoast-schema-graph\">{\"@context\":\"https:\/\/schema.org\",\"@graph\":[{\"@type\":\"Article\",\"@id\":\"https:\/\/www.pressenza.com\/es\/2018\/05\/berlin-valor-lo-publico\/#article\",\"isPartOf\":{\"@id\":\"https:\/\/www.pressenza.com\/es\/2018\/05\/berlin-valor-lo-publico\/\"},\"author\":{\"name\":\"Rodolfo Schmal\",\"@id\":\"https:\/\/www.pressenza.com\/es\/#\/schema\/person\/f997ea76500c802de8beb920d3db5a96\"},\"headline\":\"Berl\u00edn, el valor de lo p\u00fablico\",\"datePublished\":\"2018-05-11T11:54:58+00:00\",\"mainEntityOfPage\":{\"@id\":\"https:\/\/www.pressenza.com\/es\/2018\/05\/berlin-valor-lo-publico\/\"},\"wordCount\":614,\"publisher\":{\"@id\":\"https:\/\/www.pressenza.com\/es\/#organization\"},\"image\":{\"@id\":\"https:\/\/www.pressenza.com\/es\/2018\/05\/berlin-valor-lo-publico\/#primaryimage\"},\"thumbnailUrl\":\"https:\/\/www.pressenza.com\/wp-content\/uploads\/2018\/05\/20180508_1130141.jpg\",\"keywords\":[\"Alemania\",\"Berlin\",\"Calidad de vida\",\"ciudad\",\"esparcimiento\"],\"articleSection\":[\"Contenido Original\",\"Cultura y Medios\",\"Ecolog\u00eda y Medio Ambiente\",\"Europa\",\"Opiniones\"],\"inLanguage\":\"es\"},{\"@type\":\"WebPage\",\"@id\":\"https:\/\/www.pressenza.com\/es\/2018\/05\/berlin-valor-lo-publico\/\",\"url\":\"https:\/\/www.pressenza.com\/es\/2018\/05\/berlin-valor-lo-publico\/\",\"name\":\"Berl\u00edn, el valor de lo p\u00fablico\",\"isPartOf\":{\"@id\":\"https:\/\/www.pressenza.com\/es\/#website\"},\"primaryImageOfPage\":{\"@id\":\"https:\/\/www.pressenza.com\/es\/2018\/05\/berlin-valor-lo-publico\/#primaryimage\"},\"image\":{\"@id\":\"https:\/\/www.pressenza.com\/es\/2018\/05\/berlin-valor-lo-publico\/#primaryimage\"},\"thumbnailUrl\":\"https:\/\/www.pressenza.com\/wp-content\/uploads\/2018\/05\/20180508_1130141.jpg\",\"datePublished\":\"2018-05-11T11:54:58+00:00\",\"description\":\"No obstante que Berl\u00edn volvi\u00f3 a ser la capital de Alemania luego de la reunificaci\u00f3n, hace ya casi 30 a\u00f1os, sus habitantes se empe\u00f1an en se\u00f1alar que la\",\"breadcrumb\":{\"@id\":\"https:\/\/www.pressenza.com\/es\/2018\/05\/berlin-valor-lo-publico\/#breadcrumb\"},\"inLanguage\":\"es\",\"potentialAction\":[{\"@type\":\"ReadAction\",\"target\":[\"https:\/\/www.pressenza.com\/es\/2018\/05\/berlin-valor-lo-publico\/\"]}]},{\"@type\":\"ImageObject\",\"inLanguage\":\"es\",\"@id\":\"https:\/\/www.pressenza.com\/es\/2018\/05\/berlin-valor-lo-publico\/#primaryimage\",\"url\":\"https:\/\/www.pressenza.com\/wp-content\/uploads\/2018\/05\/20180508_1130141.jpg\",\"contentUrl\":\"https:\/\/www.pressenza.com\/wp-content\/uploads\/2018\/05\/20180508_1130141.jpg\",\"width\":2048,\"height\":1536},{\"@type\":\"BreadcrumbList\",\"@id\":\"https:\/\/www.pressenza.com\/es\/2018\/05\/berlin-valor-lo-publico\/#breadcrumb\",\"itemListElement\":[{\"@type\":\"ListItem\",\"position\":1,\"name\":\"Accueil\",\"item\":\"https:\/\/www.pressenza.com\/es\/\"},{\"@type\":\"ListItem\",\"position\":2,\"name\":\"Berl\u00edn, el valor de lo p\u00fablico\"}]},{\"@type\":\"WebSite\",\"@id\":\"https:\/\/www.pressenza.com\/es\/#website\",\"url\":\"https:\/\/www.pressenza.com\/es\/\",\"name\":\"Pressenza\",\"description\":\"International Press Agency\",\"publisher\":{\"@id\":\"https:\/\/www.pressenza.com\/es\/#organization\"},\"potentialAction\":[{\"@type\":\"SearchAction\",\"target\":{\"@type\":\"EntryPoint\",\"urlTemplate\":\"https:\/\/www.pressenza.com\/es\/?s={search_term_string}\"},\"query-input\":{\"@type\":\"PropertyValueSpecification\",\"valueRequired\":true,\"valueName\":\"search_term_string\"}}],\"inLanguage\":\"es\"},{\"@type\":\"Organization\",\"@id\":\"https:\/\/www.pressenza.com\/es\/#organization\",\"name\":\"Pressenza\",\"url\":\"https:\/\/www.pressenza.com\/es\/\",\"logo\":{\"@type\":\"ImageObject\",\"inLanguage\":\"es\",\"@id\":\"https:\/\/www.pressenza.com\/es\/#\/schema\/logo\/image\/\",\"url\":\"https:\/\/www.pressenza.com\/wp-content\/uploads\/2022\/10\/pressenza_logo_200x200.jpg\",\"contentUrl\":\"https:\/\/www.pressenza.com\/wp-content\/uploads\/2022\/10\/pressenza_logo_200x200.jpg\",\"width\":200,\"height\":200,\"caption\":\"Pressenza\"},\"image\":{\"@id\":\"https:\/\/www.pressenza.com\/es\/#\/schema\/logo\/image\/\"},\"sameAs\":[\"https:\/\/www.facebook.com\/PressenzaItalia\",\"https:\/\/x.com\/PressenzaIPA\"]},{\"@type\":\"Person\",\"@id\":\"https:\/\/www.pressenza.com\/es\/#\/schema\/person\/f997ea76500c802de8beb920d3db5a96\",\"name\":\"Rodolfo Schmal\",\"description\":\"Rodolfo Schmal Simon es Ingeniero Civil Industrial de la Universidad de Chile y Magister en Inform\u00e1tica de la Universidad Polit\u00e9cnica de Madrid-Espa\u00f1a. Ha sido profesor de las Universidades de Chile, del Norte, de Tarapac\u00e1 y de Talca; socio de las empresas inform\u00e1ticas PRODAT y ALEPH; Director de ZOFRI S.A.; Secretario y Tesorero de la Asociaci\u00f3n de Acad\u00e9micos de la Universidad de Talca. Es autor de textos docentes y art\u00edculos en revistas acad\u00e9micas nacionales e internacionales indexadas. Reside en Talca, Chile.\",\"url\":\"https:\/\/www.pressenza.com\/es\/author\/rodolfo-schmal\/\"}]}<\/script>\n<!-- \/ Yoast SEO plugin. -->","yoast_head_json":{"title":"Berl\u00edn, el valor de lo p\u00fablico","description":"No obstante que Berl\u00edn volvi\u00f3 a ser la capital de Alemania luego de la reunificaci\u00f3n, hace ya casi 30 a\u00f1os, sus habitantes se empe\u00f1an en se\u00f1alar que la","robots":{"index":"index","follow":"follow","max-snippet":"max-snippet:-1","max-image-preview":"max-image-preview:large","max-video-preview":"max-video-preview:-1"},"canonical":"https:\/\/www.pressenza.com\/es\/2018\/05\/berlin-valor-lo-publico\/","og_locale":"es_ES","og_type":"article","og_title":"Berl\u00edn, el valor de lo p\u00fablico","og_description":"No obstante que Berl\u00edn volvi\u00f3 a ser la capital de Alemania luego de la reunificaci\u00f3n, hace ya casi 30 a\u00f1os, sus habitantes se empe\u00f1an en se\u00f1alar que la","og_url":"https:\/\/www.pressenza.com\/es\/2018\/05\/berlin-valor-lo-publico\/","og_site_name":"Pressenza","article_publisher":"https:\/\/www.facebook.com\/PressenzaItalia","article_published_time":"2018-05-11T11:54:58+00:00","og_image":[{"width":2048,"height":1536,"url":"https:\/\/www.pressenza.com\/wp-content\/uploads\/2018\/05\/20180508_1130141.jpg","type":"image\/jpeg"}],"author":"Rodolfo Schmal","twitter_card":"summary_large_image","twitter_creator":"@PressenzaIPA","twitter_site":"@PressenzaIPA","twitter_misc":{"Escrito por":"Rodolfo Schmal","Tiempo de lectura":"3 minutos"},"schema":{"@context":"https:\/\/schema.org","@graph":[{"@type":"Article","@id":"https:\/\/www.pressenza.com\/es\/2018\/05\/berlin-valor-lo-publico\/#article","isPartOf":{"@id":"https:\/\/www.pressenza.com\/es\/2018\/05\/berlin-valor-lo-publico\/"},"author":{"name":"Rodolfo Schmal","@id":"https:\/\/www.pressenza.com\/es\/#\/schema\/person\/f997ea76500c802de8beb920d3db5a96"},"headline":"Berl\u00edn, el valor de lo p\u00fablico","datePublished":"2018-05-11T11:54:58+00:00","mainEntityOfPage":{"@id":"https:\/\/www.pressenza.com\/es\/2018\/05\/berlin-valor-lo-publico\/"},"wordCount":614,"publisher":{"@id":"https:\/\/www.pressenza.com\/es\/#organization"},"image":{"@id":"https:\/\/www.pressenza.com\/es\/2018\/05\/berlin-valor-lo-publico\/#primaryimage"},"thumbnailUrl":"https:\/\/www.pressenza.com\/wp-content\/uploads\/2018\/05\/20180508_1130141.jpg","keywords":["Alemania","Berlin","Calidad de vida","ciudad","esparcimiento"],"articleSection":["Contenido Original","Cultura y Medios","Ecolog\u00eda y Medio Ambiente","Europa","Opiniones"],"inLanguage":"es"},{"@type":"WebPage","@id":"https:\/\/www.pressenza.com\/es\/2018\/05\/berlin-valor-lo-publico\/","url":"https:\/\/www.pressenza.com\/es\/2018\/05\/berlin-valor-lo-publico\/","name":"Berl\u00edn, el valor de lo p\u00fablico","isPartOf":{"@id":"https:\/\/www.pressenza.com\/es\/#website"},"primaryImageOfPage":{"@id":"https:\/\/www.pressenza.com\/es\/2018\/05\/berlin-valor-lo-publico\/#primaryimage"},"image":{"@id":"https:\/\/www.pressenza.com\/es\/2018\/05\/berlin-valor-lo-publico\/#primaryimage"},"thumbnailUrl":"https:\/\/www.pressenza.com\/wp-content\/uploads\/2018\/05\/20180508_1130141.jpg","datePublished":"2018-05-11T11:54:58+00:00","description":"No obstante que Berl\u00edn volvi\u00f3 a ser la capital de Alemania luego de la reunificaci\u00f3n, hace ya casi 30 a\u00f1os, sus habitantes se empe\u00f1an en se\u00f1alar que la","breadcrumb":{"@id":"https:\/\/www.pressenza.com\/es\/2018\/05\/berlin-valor-lo-publico\/#breadcrumb"},"inLanguage":"es","potentialAction":[{"@type":"ReadAction","target":["https:\/\/www.pressenza.com\/es\/2018\/05\/berlin-valor-lo-publico\/"]}]},{"@type":"ImageObject","inLanguage":"es","@id":"https:\/\/www.pressenza.com\/es\/2018\/05\/berlin-valor-lo-publico\/#primaryimage","url":"https:\/\/www.pressenza.com\/wp-content\/uploads\/2018\/05\/20180508_1130141.jpg","contentUrl":"https:\/\/www.pressenza.com\/wp-content\/uploads\/2018\/05\/20180508_1130141.jpg","width":2048,"height":1536},{"@type":"BreadcrumbList","@id":"https:\/\/www.pressenza.com\/es\/2018\/05\/berlin-valor-lo-publico\/#breadcrumb","itemListElement":[{"@type":"ListItem","position":1,"name":"Accueil","item":"https:\/\/www.pressenza.com\/es\/"},{"@type":"ListItem","position":2,"name":"Berl\u00edn, el valor de lo p\u00fablico"}]},{"@type":"WebSite","@id":"https:\/\/www.pressenza.com\/es\/#website","url":"https:\/\/www.pressenza.com\/es\/","name":"Pressenza","description":"International Press Agency","publisher":{"@id":"https:\/\/www.pressenza.com\/es\/#organization"},"potentialAction":[{"@type":"SearchAction","target":{"@type":"EntryPoint","urlTemplate":"https:\/\/www.pressenza.com\/es\/?s={search_term_string}"},"query-input":{"@type":"PropertyValueSpecification","valueRequired":true,"valueName":"search_term_string"}}],"inLanguage":"es"},{"@type":"Organization","@id":"https:\/\/www.pressenza.com\/es\/#organization","name":"Pressenza","url":"https:\/\/www.pressenza.com\/es\/","logo":{"@type":"ImageObject","inLanguage":"es","@id":"https:\/\/www.pressenza.com\/es\/#\/schema\/logo\/image\/","url":"https:\/\/www.pressenza.com\/wp-content\/uploads\/2022\/10\/pressenza_logo_200x200.jpg","contentUrl":"https:\/\/www.pressenza.com\/wp-content\/uploads\/2022\/10\/pressenza_logo_200x200.jpg","width":200,"height":200,"caption":"Pressenza"},"image":{"@id":"https:\/\/www.pressenza.com\/es\/#\/schema\/logo\/image\/"},"sameAs":["https:\/\/www.facebook.com\/PressenzaItalia","https:\/\/x.com\/PressenzaIPA"]},{"@type":"Person","@id":"https:\/\/www.pressenza.com\/es\/#\/schema\/person\/f997ea76500c802de8beb920d3db5a96","name":"Rodolfo Schmal","description":"Rodolfo Schmal Simon es Ingeniero Civil Industrial de la Universidad de Chile y Magister en Inform\u00e1tica de la Universidad Polit\u00e9cnica de Madrid-Espa\u00f1a. Ha sido profesor de las Universidades de Chile, del Norte, de Tarapac\u00e1 y de Talca; socio de las empresas inform\u00e1ticas PRODAT y ALEPH; Director de ZOFRI S.A.; Secretario y Tesorero de la Asociaci\u00f3n de Acad\u00e9micos de la Universidad de Talca. Es autor de textos docentes y art\u00edculos en revistas acad\u00e9micas nacionales e internacionales indexadas. Reside en Talca, Chile.","url":"https:\/\/www.pressenza.com\/es\/author\/rodolfo-schmal\/"}]}},"place":"","original_article_url":"","_links":{"self":[{"href":"https:\/\/www.pressenza.com\/es\/wp-json\/wp\/v2\/posts\/638690","targetHints":{"allow":["GET"]}}],"collection":[{"href":"https:\/\/www.pressenza.com\/es\/wp-json\/wp\/v2\/posts"}],"about":[{"href":"https:\/\/www.pressenza.com\/es\/wp-json\/wp\/v2\/types\/post"}],"author":[{"embeddable":true,"href":"https:\/\/www.pressenza.com\/es\/wp-json\/wp\/v2\/users\/1346"}],"replies":[{"embeddable":true,"href":"https:\/\/www.pressenza.com\/es\/wp-json\/wp\/v2\/comments?post=638690"}],"version-history":[{"count":0,"href":"https:\/\/www.pressenza.com\/es\/wp-json\/wp\/v2\/posts\/638690\/revisions"}],"wp:featuredmedia":[{"embeddable":true,"href":"https:\/\/www.pressenza.com\/es\/wp-json\/wp\/v2\/media\/638694"}],"wp:attachment":[{"href":"https:\/\/www.pressenza.com\/es\/wp-json\/wp\/v2\/media?parent=638690"}],"wp:term":[{"taxonomy":"category","embeddable":true,"href":"https:\/\/www.pressenza.com\/es\/wp-json\/wp\/v2\/categories?post=638690"},{"taxonomy":"post_tag","embeddable":true,"href":"https:\/\/www.pressenza.com\/es\/wp-json\/wp\/v2\/tags?post=638690"}],"curies":[{"name":"wp","href":"https:\/\/api.w.org\/{rel}","templated":true}]}}