{"id":638007,"date":"2018-05-10T04:36:54","date_gmt":"2018-05-10T03:36:54","guid":{"rendered":"https:\/\/www.pressenza.com\/?p=638007"},"modified":"2018-05-10T04:36:54","modified_gmt":"2018-05-10T03:36:54","slug":"espacios-publicos-y-participacion-en-la-presentacion-de-el-agora-de-messina","status":"publish","type":"post","link":"https:\/\/www.pressenza.com\/es\/2018\/05\/espacios-publicos-y-participacion-en-la-presentacion-de-el-agora-de-messina\/","title":{"rendered":"Espacios p\u00fablicos y participaci\u00f3n: en la presentaci\u00f3n de \u00abEl \u00c1gora de Messina\u00bb"},"content":{"rendered":"<p><em>El Ayuntamiento lanza el proyecto del \u00ab\u00c1gora de Messina\u00bb junto con \u00abLa Sociedad Democr\u00e1tica\u00bb y con la colaboraci\u00f3n del Consejo de Europa.<\/em><\/p>\n<p>Ayer martes 8, en el Palazzo Zanca, el memorando de acuerdo entre el alcalde, Renato Accorinti, y el presidente de \u00abLa Sociedad Democr\u00e1tica\u00bb (Demsoc), Anthony Zacharzewski, para el proyecto de democracia participativa \u00abEl \u00c1gora de Messina\u00bb, financiado en su totalidad por donantes externos, sin costes para la ciudad de Messina, promovido y coordinado por el Departamento de Cultura. El objetivo del proyecto es desarrollar un programa de actividades interconectadas para fomentar la participaci\u00f3n democr\u00e1tica en el coraz\u00f3n de la comunidad de Messina, trabajando en la definici\u00f3n de un protocolo de participaci\u00f3n para apoyar una infraestructura democr\u00e1tica local e independiente de la voluntad pol\u00edtica, poniendo en pr\u00e1ctica, entre otras cosas, estas habilidades con los proyectos de reurbanizaci\u00f3n participativa de algunos espacios perif\u00e9ricos (los \u00abEspacios Ecol\u00f3gicos Urbanos\u00bb).<\/p>\n<p>En el coraz\u00f3n de la propuesta est\u00e1 la idea de que la participaci\u00f3n es m\u00e1s efectiva si se dise\u00f1a con las personas que la usan y que la apoyar\u00e1n dentro de sus comunidades. Por lo tanto, se pedir\u00e1 a los ciudadanos que cooperen activamente desde el principio. El proyecto se basa en los argumentos del proyecto piloto del \u00abForo Mundial para la Democracia 2017\u00bb, celebrado en Messina el pasado mes de octubre, que arroj\u00f3 resultados interesantes y retos ambiciosos para la participaci\u00f3n a nivel europeo y local, y que durar\u00e1 un a\u00f1o. Messina, adem\u00e1s, ya cuenta con algunas experiencias de iniciativas participativas como la legislaci\u00f3n en curso sobre bienes comunes y las numerosas y variadas colaboraciones con instituciones europeas (entre otras \u00abQuartieri in movimento\u00bb, en el marco del Festival Transeuropa), y recientemente se ha convertido en miembro del proyecto sobre ciudades interculturales europeas.<\/p>\n<p><strong><em>Oficina de prensa Ciudad de Messina<\/em><\/strong><\/p>\n","protected":false},"excerpt":{"rendered":"<p>El Ayuntamiento lanza el proyecto del \u00ab\u00c1gora de Messina\u00bb junto con \u00abLa Sociedad Democr\u00e1tica\u00bb y con la colaboraci\u00f3n del Consejo de Europa. Ayer martes 8, en el Palazzo Zanca, el memorando de acuerdo entre el alcalde, Renato Accorinti, y el&hellip;<\/p>\n","protected":false},"author":594,"featured_media":637469,"comment_status":"closed","ping_status":"closed","sticky":false,"template":"","format":"standard","meta":{"footnotes":""},"categories":[149,66,74],"tags":[9880,45971,636],"class_list":["post-638007","post","type-post","status-publish","format-standard","has-post-thumbnail","hentry","category-comunicados-de-prensa","category-europa-es","category-politica-es","tag-democracia-participativa","tag-democracia-popular","tag-messina"],"yoast_head":"<!-- This site is optimized with the Yoast SEO plugin v27.1.1 - https:\/\/yoast.com\/product\/yoast-seo-wordpress\/ -->\n<title>Espacios p\u00fablicos y participaci\u00f3n: en la presentaci\u00f3n de &quot;El \u00c1gora de Messina&quot;<\/title>\n<meta name=\"description\" content=\"El Ayuntamiento lanza el proyecto del &quot;\u00c1gora de Messina&quot; junto con &quot;La Sociedad Democr\u00e1tica&quot; y con la colaboraci\u00f3n del Consejo de Europa. Ayer martes 8,\" \/>\n<meta name=\"robots\" content=\"index, follow, max-snippet:-1, max-image-preview:large, max-video-preview:-1\" \/>\n<link rel=\"canonical\" href=\"https:\/\/www.pressenza.com\/es\/2018\/05\/espacios-publicos-y-participacion-en-la-presentacion-de-el-agora-de-messina\/\" \/>\n<meta property=\"og:locale\" content=\"es_ES\" \/>\n<meta property=\"og:type\" content=\"article\" \/>\n<meta property=\"og:title\" content=\"Espacios p\u00fablicos y participaci\u00f3n: en la presentaci\u00f3n de &quot;El \u00c1gora de Messina&quot;\" \/>\n<meta property=\"og:description\" content=\"El Ayuntamiento lanza el proyecto del &quot;\u00c1gora de Messina&quot; junto con &quot;La Sociedad Democr\u00e1tica&quot; y con la colaboraci\u00f3n del Consejo de Europa. Ayer martes 8,\" \/>\n<meta property=\"og:url\" content=\"https:\/\/www.pressenza.com\/es\/2018\/05\/espacios-publicos-y-participacion-en-la-presentacion-de-el-agora-de-messina\/\" \/>\n<meta property=\"og:site_name\" content=\"Pressenza\" \/>\n<meta property=\"article:publisher\" content=\"https:\/\/www.facebook.com\/PressenzaItalia\" \/>\n<meta property=\"article:author\" content=\"https:\/\/www.facebook.com\/PressenzaItalia\" \/>\n<meta property=\"article:published_time\" content=\"2018-05-10T03:36:54+00:00\" \/>\n<meta property=\"og:image\" content=\"https:\/\/www.pressenza.com\/wp-content\/uploads\/2018\/05\/messina-1.jpg\" \/>\n\t<meta property=\"og:image:width\" content=\"550\" \/>\n\t<meta property=\"og:image:height\" content=\"424\" \/>\n\t<meta property=\"og:image:type\" content=\"image\/jpeg\" \/>\n<meta name=\"author\" content=\"Redazione Italia\" \/>\n<meta name=\"twitter:card\" content=\"summary_large_image\" \/>\n<meta name=\"twitter:creator\" content=\"@pressenza_it\" \/>\n<meta name=\"twitter:site\" content=\"@PressenzaIPA\" \/>\n<meta name=\"twitter:label1\" content=\"Escrito por\" \/>\n\t<meta name=\"twitter:data1\" content=\"Redazione Italia\" \/>\n\t<meta name=\"twitter:label2\" content=\"Tiempo de lectura\" \/>\n\t<meta name=\"twitter:data2\" content=\"2 minutos\" \/>\n<script type=\"application\/ld+json\" class=\"yoast-schema-graph\">{\"@context\":\"https:\/\/schema.org\",\"@graph\":[{\"@type\":\"Article\",\"@id\":\"https:\/\/www.pressenza.com\/es\/2018\/05\/espacios-publicos-y-participacion-en-la-presentacion-de-el-agora-de-messina\/#article\",\"isPartOf\":{\"@id\":\"https:\/\/www.pressenza.com\/es\/2018\/05\/espacios-publicos-y-participacion-en-la-presentacion-de-el-agora-de-messina\/\"},\"author\":{\"name\":\"Redazione Italia\",\"@id\":\"https:\/\/www.pressenza.com\/es\/#\/schema\/person\/d983e81827ae24f2c7b1a2123d197f8d\"},\"headline\":\"Espacios p\u00fablicos y participaci\u00f3n: en la presentaci\u00f3n de \u00abEl \u00c1gora de Messina\u00bb\",\"datePublished\":\"2018-05-10T03:36:54+00:00\",\"mainEntityOfPage\":{\"@id\":\"https:\/\/www.pressenza.com\/es\/2018\/05\/espacios-publicos-y-participacion-en-la-presentacion-de-el-agora-de-messina\/\"},\"wordCount\":332,\"publisher\":{\"@id\":\"https:\/\/www.pressenza.com\/es\/#organization\"},\"image\":{\"@id\":\"https:\/\/www.pressenza.com\/es\/2018\/05\/espacios-publicos-y-participacion-en-la-presentacion-de-el-agora-de-messina\/#primaryimage\"},\"thumbnailUrl\":\"https:\/\/www.pressenza.com\/wp-content\/uploads\/2018\/05\/messina-1.jpg\",\"keywords\":[\"Democracia participativa\",\"democracia popular\",\"Messina\"],\"articleSection\":[\"Comunicados de Prensa\",\"Europa\",\"Pol\u00edtica\"],\"inLanguage\":\"es\"},{\"@type\":\"WebPage\",\"@id\":\"https:\/\/www.pressenza.com\/es\/2018\/05\/espacios-publicos-y-participacion-en-la-presentacion-de-el-agora-de-messina\/\",\"url\":\"https:\/\/www.pressenza.com\/es\/2018\/05\/espacios-publicos-y-participacion-en-la-presentacion-de-el-agora-de-messina\/\",\"name\":\"Espacios p\u00fablicos y participaci\u00f3n: en la presentaci\u00f3n de \\\"El \u00c1gora de Messina\\\"\",\"isPartOf\":{\"@id\":\"https:\/\/www.pressenza.com\/es\/#website\"},\"primaryImageOfPage\":{\"@id\":\"https:\/\/www.pressenza.com\/es\/2018\/05\/espacios-publicos-y-participacion-en-la-presentacion-de-el-agora-de-messina\/#primaryimage\"},\"image\":{\"@id\":\"https:\/\/www.pressenza.com\/es\/2018\/05\/espacios-publicos-y-participacion-en-la-presentacion-de-el-agora-de-messina\/#primaryimage\"},\"thumbnailUrl\":\"https:\/\/www.pressenza.com\/wp-content\/uploads\/2018\/05\/messina-1.jpg\",\"datePublished\":\"2018-05-10T03:36:54+00:00\",\"description\":\"El Ayuntamiento lanza el proyecto del \\\"\u00c1gora de Messina\\\" junto con \\\"La Sociedad Democr\u00e1tica\\\" y con la colaboraci\u00f3n del Consejo de Europa. Ayer martes 8,\",\"breadcrumb\":{\"@id\":\"https:\/\/www.pressenza.com\/es\/2018\/05\/espacios-publicos-y-participacion-en-la-presentacion-de-el-agora-de-messina\/#breadcrumb\"},\"inLanguage\":\"es\",\"potentialAction\":[{\"@type\":\"ReadAction\",\"target\":[\"https:\/\/www.pressenza.com\/es\/2018\/05\/espacios-publicos-y-participacion-en-la-presentacion-de-el-agora-de-messina\/\"]}]},{\"@type\":\"ImageObject\",\"inLanguage\":\"es\",\"@id\":\"https:\/\/www.pressenza.com\/es\/2018\/05\/espacios-publicos-y-participacion-en-la-presentacion-de-el-agora-de-messina\/#primaryimage\",\"url\":\"https:\/\/www.pressenza.com\/wp-content\/uploads\/2018\/05\/messina-1.jpg\",\"contentUrl\":\"https:\/\/www.pressenza.com\/wp-content\/uploads\/2018\/05\/messina-1.jpg\",\"width\":550,\"height\":424},{\"@type\":\"BreadcrumbList\",\"@id\":\"https:\/\/www.pressenza.com\/es\/2018\/05\/espacios-publicos-y-participacion-en-la-presentacion-de-el-agora-de-messina\/#breadcrumb\",\"itemListElement\":[{\"@type\":\"ListItem\",\"position\":1,\"name\":\"Accueil\",\"item\":\"https:\/\/www.pressenza.com\/es\/\"},{\"@type\":\"ListItem\",\"position\":2,\"name\":\"Espacios p\u00fablicos y participaci\u00f3n: en la presentaci\u00f3n de \u00abEl \u00c1gora de Messina\u00bb\"}]},{\"@type\":\"WebSite\",\"@id\":\"https:\/\/www.pressenza.com\/es\/#website\",\"url\":\"https:\/\/www.pressenza.com\/es\/\",\"name\":\"Pressenza\",\"description\":\"International Press Agency\",\"publisher\":{\"@id\":\"https:\/\/www.pressenza.com\/es\/#organization\"},\"potentialAction\":[{\"@type\":\"SearchAction\",\"target\":{\"@type\":\"EntryPoint\",\"urlTemplate\":\"https:\/\/www.pressenza.com\/es\/?s={search_term_string}\"},\"query-input\":{\"@type\":\"PropertyValueSpecification\",\"valueRequired\":true,\"valueName\":\"search_term_string\"}}],\"inLanguage\":\"es\"},{\"@type\":\"Organization\",\"@id\":\"https:\/\/www.pressenza.com\/es\/#organization\",\"name\":\"Pressenza\",\"url\":\"https:\/\/www.pressenza.com\/es\/\",\"logo\":{\"@type\":\"ImageObject\",\"inLanguage\":\"es\",\"@id\":\"https:\/\/www.pressenza.com\/es\/#\/schema\/logo\/image\/\",\"url\":\"https:\/\/www.pressenza.com\/wp-content\/uploads\/2022\/10\/pressenza_logo_200x200.jpg\",\"contentUrl\":\"https:\/\/www.pressenza.com\/wp-content\/uploads\/2022\/10\/pressenza_logo_200x200.jpg\",\"width\":200,\"height\":200,\"caption\":\"Pressenza\"},\"image\":{\"@id\":\"https:\/\/www.pressenza.com\/es\/#\/schema\/logo\/image\/\"},\"sameAs\":[\"https:\/\/www.facebook.com\/PressenzaItalia\",\"https:\/\/x.com\/PressenzaIPA\"]},{\"@type\":\"Person\",\"@id\":\"https:\/\/www.pressenza.com\/es\/#\/schema\/person\/d983e81827ae24f2c7b1a2123d197f8d\",\"name\":\"Redazione Italia\",\"description\":\"News from the Pressenza Bureau in Italy\",\"sameAs\":[\"https:\/\/www.pressenza.com\/it\/author\/redazione-italia\/\",\"https:\/\/www.facebook.com\/PressenzaItalia\",\"https:\/\/www.instagram.com\/pressenza_italia\/\",\"https:\/\/x.com\/pressenza_it\",\"https:\/\/www.youtube.com\/channel\/UCSalEIWjE1RSxkwjfftFuqg\"],\"url\":\"https:\/\/www.pressenza.com\/es\/author\/redazione-italia\/\"}]}<\/script>\n<!-- \/ Yoast SEO plugin. -->","yoast_head_json":{"title":"Espacios p\u00fablicos y participaci\u00f3n: en la presentaci\u00f3n de \"El \u00c1gora de Messina\"","description":"El Ayuntamiento lanza el proyecto del \"\u00c1gora de Messina\" junto con \"La Sociedad Democr\u00e1tica\" y con la colaboraci\u00f3n del Consejo de Europa. Ayer martes 8,","robots":{"index":"index","follow":"follow","max-snippet":"max-snippet:-1","max-image-preview":"max-image-preview:large","max-video-preview":"max-video-preview:-1"},"canonical":"https:\/\/www.pressenza.com\/es\/2018\/05\/espacios-publicos-y-participacion-en-la-presentacion-de-el-agora-de-messina\/","og_locale":"es_ES","og_type":"article","og_title":"Espacios p\u00fablicos y participaci\u00f3n: en la presentaci\u00f3n de \"El \u00c1gora de Messina\"","og_description":"El Ayuntamiento lanza el proyecto del \"\u00c1gora de Messina\" junto con \"La Sociedad Democr\u00e1tica\" y con la colaboraci\u00f3n del Consejo de Europa. Ayer martes 8,","og_url":"https:\/\/www.pressenza.com\/es\/2018\/05\/espacios-publicos-y-participacion-en-la-presentacion-de-el-agora-de-messina\/","og_site_name":"Pressenza","article_publisher":"https:\/\/www.facebook.com\/PressenzaItalia","article_author":"https:\/\/www.facebook.com\/PressenzaItalia","article_published_time":"2018-05-10T03:36:54+00:00","og_image":[{"width":550,"height":424,"url":"https:\/\/www.pressenza.com\/wp-content\/uploads\/2018\/05\/messina-1.jpg","type":"image\/jpeg"}],"author":"Redazione Italia","twitter_card":"summary_large_image","twitter_creator":"@pressenza_it","twitter_site":"@PressenzaIPA","twitter_misc":{"Escrito por":"Redazione Italia","Tiempo de lectura":"2 minutos"},"schema":{"@context":"https:\/\/schema.org","@graph":[{"@type":"Article","@id":"https:\/\/www.pressenza.com\/es\/2018\/05\/espacios-publicos-y-participacion-en-la-presentacion-de-el-agora-de-messina\/#article","isPartOf":{"@id":"https:\/\/www.pressenza.com\/es\/2018\/05\/espacios-publicos-y-participacion-en-la-presentacion-de-el-agora-de-messina\/"},"author":{"name":"Redazione Italia","@id":"https:\/\/www.pressenza.com\/es\/#\/schema\/person\/d983e81827ae24f2c7b1a2123d197f8d"},"headline":"Espacios p\u00fablicos y participaci\u00f3n: en la presentaci\u00f3n de \u00abEl \u00c1gora de Messina\u00bb","datePublished":"2018-05-10T03:36:54+00:00","mainEntityOfPage":{"@id":"https:\/\/www.pressenza.com\/es\/2018\/05\/espacios-publicos-y-participacion-en-la-presentacion-de-el-agora-de-messina\/"},"wordCount":332,"publisher":{"@id":"https:\/\/www.pressenza.com\/es\/#organization"},"image":{"@id":"https:\/\/www.pressenza.com\/es\/2018\/05\/espacios-publicos-y-participacion-en-la-presentacion-de-el-agora-de-messina\/#primaryimage"},"thumbnailUrl":"https:\/\/www.pressenza.com\/wp-content\/uploads\/2018\/05\/messina-1.jpg","keywords":["Democracia participativa","democracia popular","Messina"],"articleSection":["Comunicados de Prensa","Europa","Pol\u00edtica"],"inLanguage":"es"},{"@type":"WebPage","@id":"https:\/\/www.pressenza.com\/es\/2018\/05\/espacios-publicos-y-participacion-en-la-presentacion-de-el-agora-de-messina\/","url":"https:\/\/www.pressenza.com\/es\/2018\/05\/espacios-publicos-y-participacion-en-la-presentacion-de-el-agora-de-messina\/","name":"Espacios p\u00fablicos y participaci\u00f3n: en la presentaci\u00f3n de \"El \u00c1gora de Messina\"","isPartOf":{"@id":"https:\/\/www.pressenza.com\/es\/#website"},"primaryImageOfPage":{"@id":"https:\/\/www.pressenza.com\/es\/2018\/05\/espacios-publicos-y-participacion-en-la-presentacion-de-el-agora-de-messina\/#primaryimage"},"image":{"@id":"https:\/\/www.pressenza.com\/es\/2018\/05\/espacios-publicos-y-participacion-en-la-presentacion-de-el-agora-de-messina\/#primaryimage"},"thumbnailUrl":"https:\/\/www.pressenza.com\/wp-content\/uploads\/2018\/05\/messina-1.jpg","datePublished":"2018-05-10T03:36:54+00:00","description":"El Ayuntamiento lanza el proyecto del \"\u00c1gora de Messina\" junto con \"La Sociedad Democr\u00e1tica\" y con la colaboraci\u00f3n del Consejo de Europa. Ayer martes 8,","breadcrumb":{"@id":"https:\/\/www.pressenza.com\/es\/2018\/05\/espacios-publicos-y-participacion-en-la-presentacion-de-el-agora-de-messina\/#breadcrumb"},"inLanguage":"es","potentialAction":[{"@type":"ReadAction","target":["https:\/\/www.pressenza.com\/es\/2018\/05\/espacios-publicos-y-participacion-en-la-presentacion-de-el-agora-de-messina\/"]}]},{"@type":"ImageObject","inLanguage":"es","@id":"https:\/\/www.pressenza.com\/es\/2018\/05\/espacios-publicos-y-participacion-en-la-presentacion-de-el-agora-de-messina\/#primaryimage","url":"https:\/\/www.pressenza.com\/wp-content\/uploads\/2018\/05\/messina-1.jpg","contentUrl":"https:\/\/www.pressenza.com\/wp-content\/uploads\/2018\/05\/messina-1.jpg","width":550,"height":424},{"@type":"BreadcrumbList","@id":"https:\/\/www.pressenza.com\/es\/2018\/05\/espacios-publicos-y-participacion-en-la-presentacion-de-el-agora-de-messina\/#breadcrumb","itemListElement":[{"@type":"ListItem","position":1,"name":"Accueil","item":"https:\/\/www.pressenza.com\/es\/"},{"@type":"ListItem","position":2,"name":"Espacios p\u00fablicos y participaci\u00f3n: en la presentaci\u00f3n de \u00abEl \u00c1gora de Messina\u00bb"}]},{"@type":"WebSite","@id":"https:\/\/www.pressenza.com\/es\/#website","url":"https:\/\/www.pressenza.com\/es\/","name":"Pressenza","description":"International Press Agency","publisher":{"@id":"https:\/\/www.pressenza.com\/es\/#organization"},"potentialAction":[{"@type":"SearchAction","target":{"@type":"EntryPoint","urlTemplate":"https:\/\/www.pressenza.com\/es\/?s={search_term_string}"},"query-input":{"@type":"PropertyValueSpecification","valueRequired":true,"valueName":"search_term_string"}}],"inLanguage":"es"},{"@type":"Organization","@id":"https:\/\/www.pressenza.com\/es\/#organization","name":"Pressenza","url":"https:\/\/www.pressenza.com\/es\/","logo":{"@type":"ImageObject","inLanguage":"es","@id":"https:\/\/www.pressenza.com\/es\/#\/schema\/logo\/image\/","url":"https:\/\/www.pressenza.com\/wp-content\/uploads\/2022\/10\/pressenza_logo_200x200.jpg","contentUrl":"https:\/\/www.pressenza.com\/wp-content\/uploads\/2022\/10\/pressenza_logo_200x200.jpg","width":200,"height":200,"caption":"Pressenza"},"image":{"@id":"https:\/\/www.pressenza.com\/es\/#\/schema\/logo\/image\/"},"sameAs":["https:\/\/www.facebook.com\/PressenzaItalia","https:\/\/x.com\/PressenzaIPA"]},{"@type":"Person","@id":"https:\/\/www.pressenza.com\/es\/#\/schema\/person\/d983e81827ae24f2c7b1a2123d197f8d","name":"Redazione Italia","description":"News from the Pressenza Bureau in Italy","sameAs":["https:\/\/www.pressenza.com\/it\/author\/redazione-italia\/","https:\/\/www.facebook.com\/PressenzaItalia","https:\/\/www.instagram.com\/pressenza_italia\/","https:\/\/x.com\/pressenza_it","https:\/\/www.youtube.com\/channel\/UCSalEIWjE1RSxkwjfftFuqg"],"url":"https:\/\/www.pressenza.com\/es\/author\/redazione-italia\/"}]}},"place":"","original_article_url":"","_links":{"self":[{"href":"https:\/\/www.pressenza.com\/es\/wp-json\/wp\/v2\/posts\/638007","targetHints":{"allow":["GET"]}}],"collection":[{"href":"https:\/\/www.pressenza.com\/es\/wp-json\/wp\/v2\/posts"}],"about":[{"href":"https:\/\/www.pressenza.com\/es\/wp-json\/wp\/v2\/types\/post"}],"author":[{"embeddable":true,"href":"https:\/\/www.pressenza.com\/es\/wp-json\/wp\/v2\/users\/594"}],"replies":[{"embeddable":true,"href":"https:\/\/www.pressenza.com\/es\/wp-json\/wp\/v2\/comments?post=638007"}],"version-history":[{"count":0,"href":"https:\/\/www.pressenza.com\/es\/wp-json\/wp\/v2\/posts\/638007\/revisions"}],"wp:featuredmedia":[{"embeddable":true,"href":"https:\/\/www.pressenza.com\/es\/wp-json\/wp\/v2\/media\/637469"}],"wp:attachment":[{"href":"https:\/\/www.pressenza.com\/es\/wp-json\/wp\/v2\/media?parent=638007"}],"wp:term":[{"taxonomy":"category","embeddable":true,"href":"https:\/\/www.pressenza.com\/es\/wp-json\/wp\/v2\/categories?post=638007"},{"taxonomy":"post_tag","embeddable":true,"href":"https:\/\/www.pressenza.com\/es\/wp-json\/wp\/v2\/tags?post=638007"}],"curies":[{"name":"wp","href":"https:\/\/api.w.org\/{rel}","templated":true}]}}