{"id":636872,"date":"2018-05-08T14:34:37","date_gmt":"2018-05-08T13:34:37","guid":{"rendered":"https:\/\/www.pressenza.com\/?p=636872"},"modified":"2018-05-08T14:34:37","modified_gmt":"2018-05-08T13:34:37","slug":"la-red-para-el-desarme-y-la-fundacion-para-la-financiacion-etica-en-la-asamblea-de-rheinmetall-hoy-en-berlin","status":"publish","type":"post","link":"https:\/\/www.pressenza.com\/es\/2018\/05\/la-red-para-el-desarme-y-la-fundacion-para-la-financiacion-etica-en-la-asamblea-de-rheinmetall-hoy-en-berlin\/","title":{"rendered":"La Red para el Desarme y la Fundaci\u00f3n para la Financiaci\u00f3n \u00c9tica en la Asamblea de Rheinmetall hoy en Berl\u00edn"},"content":{"rendered":"<p>Hoy, por segunda vez, <strong>la Fundaci\u00f3n para las Finanzas \u00c9ticas (FFE) participa en la junta de accionistas de Rheinmetall,<\/strong> uno de los principales fabricantes de armas de Alemania. \u00abEntramos en la asamblea junto con la <strong>Red Italiana para el Desarme<\/strong>, que coordina varias organizaciones pacifistas, y el <strong>Banco Cat\u00f3lico para la Iglesia y C\u00e1ritas<\/strong>\u00ab, explica <strong>Andrea Baranes<\/strong>, presidenta de la FFE, fundada en 2003 por Banca \u00c9tica.<\/p>\n<p>La intervenci\u00f3n de la Fundaci\u00f3n <strong>criticar\u00e1 la exportaci\u00f3n de bombas de la filial italiana RWM Italia SpA de Cerde\u00f1a a Arabia Saud\u00ed<\/strong>. \u00abLas bombas exportadas a los saud\u00edes se utilizan para bombardear Yemen, en una guerra que no tiene legitimidad desde el punto de vista del derecho internacional y que ha <strong>causado miles de muertes de civiles, con las Naciones Unidas certificando un desastre humanitario sin proporciones<\/strong>\u00ab, dijo <strong>Francesco Vignarca<\/strong>, coordinador de la Red de Desarme. \u00ab<strong>Vamos a hacer diez preguntas en Rheinmetall. Nos preguntaremos, entre otras cosas, qu\u00e9 planes tienen para la f\u00e1brica de Domusnovas en Cerde\u00f1a y si es cierto que quieren trasladar la producci\u00f3n a otro lugar<\/strong>. Y luego nos gustar\u00eda saber c\u00f3mo se est\u00e1n preparando para las medidas previstas en el contrato de coalici\u00f3n del nuevo Gobierno alem\u00e1n, que impone un alto a las exportaciones a los pa\u00edses implicados en la guerra de Yemen. <strong>Rheinmetall no puede seguir ignorando la cuesti\u00f3n escondi\u00e9ndola bajo el nombre de su filial italiana<\/strong>.\u00bb<\/p>\n<p>A la reuni\u00f3n de Rheinmetall asistir\u00e1n un total de <strong>diez accionistas cr\u00edticos, entre ellos las organizaciones Urgewald, ECCHR y Campact. Por primera vez, estar\u00e1 presente el Bank f\u00fcr Kirche und Caritas<\/strong>, miembro fundador de la red de inversores institucionales <strong>SfC-Shareholders for Change, promovida por la Fondazione Finanza Etica<\/strong>. \u00abComo miembros de la SfC y representantes de los inversionistas cat\u00f3licos, es importante que demos <strong>una se\u00f1al en contra de las violaciones de los derechos humanos en Yemen porque, como tambi\u00e9n dice el obispo de Iglesias John Paul Zedda, nadie justificar\u00eda que se enviaran armas producidas en otros lugares para bombardear nuestros hogares, nuestros hospitales, nuestras iglesias, nuestro pueblo. \u00bfNo tiene el pueblo de Yemen los mismos derechos que nosotros?<\/strong>\u00ab, declar\u00f3 <strong>Tommy Piemonte<\/strong>, responsable de sostenibilidad del Bank f\u00fcr Kirche, und Caritas.<\/p>\n<p>La asamblea de Rheinmetall se celebra en Berl\u00edn en el Hotel Maritim en Potsdamer Platz. El encuentro se est\u00e1 celebrando en directo en twitter, hashtag #Rheinmetall y Facebook desde las p\u00e1ginas de Rete Italiana Disarmo y Fondazione Finanza Etica.<\/p>\n","protected":false},"excerpt":{"rendered":"<p>Hoy, por segunda vez, la Fundaci\u00f3n para las Finanzas \u00c9ticas (FFE) participa en la junta de accionistas de Rheinmetall, uno de los principales fabricantes de armas de Alemania. \u00abEntramos en la asamblea junto con la Red Italiana para el Desarme,&hellip;<\/p>\n","protected":false},"author":235,"featured_media":636845,"comment_status":"closed","ping_status":"closed","sticky":false,"template":"","format":"standard","meta":{"footnotes":""},"categories":[149,66,1243],"tags":[3514,45906,2945,41413,10326,45905,22453],"class_list":["post-636872","post","type-post","status-publish","format-standard","has-post-thumbnail","hentry","category-comunicados-de-prensa","category-europa-es","category-paz-desarme","tag-arabia-saudita-es","tag-banco-etico","tag-comercio-de-armas","tag-red-de-desarme","tag-rheinmetall","tag-rwm","tag-rwm-italia"],"yoast_head":"<!-- This site is optimized with the Yoast SEO plugin v27.1.1 - https:\/\/yoast.com\/product\/yoast-seo-wordpress\/ -->\n<title>La Red para el Desarme y la Fundaci\u00f3n para la Financiaci\u00f3n \u00c9tica en la Asamblea de Rheinmetall hoy en Berl\u00edn<\/title>\n<meta name=\"description\" content=\"Hoy, por segunda vez, la Fundaci\u00f3n para las Finanzas \u00c9ticas (FFE) participa en la junta de accionistas de Rheinmetall, uno de los principales fabricantes\" \/>\n<meta name=\"robots\" content=\"index, follow, max-snippet:-1, max-image-preview:large, max-video-preview:-1\" \/>\n<link rel=\"canonical\" href=\"https:\/\/www.pressenza.com\/es\/2018\/05\/la-red-para-el-desarme-y-la-fundacion-para-la-financiacion-etica-en-la-asamblea-de-rheinmetall-hoy-en-berlin\/\" \/>\n<meta property=\"og:locale\" content=\"es_ES\" \/>\n<meta property=\"og:type\" content=\"article\" \/>\n<meta property=\"og:title\" content=\"La Red para el Desarme y la Fundaci\u00f3n para la Financiaci\u00f3n \u00c9tica en la Asamblea de Rheinmetall hoy en Berl\u00edn\" \/>\n<meta property=\"og:description\" content=\"Hoy, por segunda vez, la Fundaci\u00f3n para las Finanzas \u00c9ticas (FFE) participa en la junta de accionistas de Rheinmetall, uno de los principales fabricantes\" \/>\n<meta property=\"og:url\" content=\"https:\/\/www.pressenza.com\/es\/2018\/05\/la-red-para-el-desarme-y-la-fundacion-para-la-financiacion-etica-en-la-asamblea-de-rheinmetall-hoy-en-berlin\/\" \/>\n<meta property=\"og:site_name\" content=\"Pressenza\" \/>\n<meta property=\"article:publisher\" content=\"https:\/\/www.facebook.com\/PressenzaItalia\" \/>\n<meta property=\"article:author\" content=\"https:\/\/www.facebook.com\/retedisarmo\/\" \/>\n<meta property=\"article:published_time\" content=\"2018-05-08T13:34:37+00:00\" \/>\n<meta property=\"og:image\" content=\"https:\/\/www.pressenza.com\/wp-content\/uploads\/2018\/05\/rheinmetall.jpg\" \/>\n\t<meta property=\"og:image:width\" content=\"620\" \/>\n\t<meta property=\"og:image:height\" content=\"330\" \/>\n\t<meta property=\"og:image:type\" content=\"image\/jpeg\" \/>\n<meta name=\"author\" content=\"Rete Italiana per il Disarmo\" \/>\n<meta name=\"twitter:card\" content=\"summary_large_image\" \/>\n<meta name=\"twitter:creator\" content=\"@PressenzaIPA\" \/>\n<meta name=\"twitter:site\" content=\"@PressenzaIPA\" \/>\n<meta name=\"twitter:label1\" content=\"Escrito por\" \/>\n\t<meta name=\"twitter:data1\" content=\"Rete Italiana per il Disarmo\" \/>\n\t<meta name=\"twitter:label2\" content=\"Tiempo de lectura\" \/>\n\t<meta name=\"twitter:data2\" content=\"2 minutos\" \/>\n<script type=\"application\/ld+json\" class=\"yoast-schema-graph\">{\"@context\":\"https:\/\/schema.org\",\"@graph\":[{\"@type\":\"Article\",\"@id\":\"https:\/\/www.pressenza.com\/es\/2018\/05\/la-red-para-el-desarme-y-la-fundacion-para-la-financiacion-etica-en-la-asamblea-de-rheinmetall-hoy-en-berlin\/#article\",\"isPartOf\":{\"@id\":\"https:\/\/www.pressenza.com\/es\/2018\/05\/la-red-para-el-desarme-y-la-fundacion-para-la-financiacion-etica-en-la-asamblea-de-rheinmetall-hoy-en-berlin\/\"},\"author\":{\"name\":\"Rete Italiana per il Disarmo\",\"@id\":\"https:\/\/www.pressenza.com\/es\/#\/schema\/person\/68db3ba40086f89be9c210065b21fb6e\"},\"headline\":\"La Red para el Desarme y la Fundaci\u00f3n para la Financiaci\u00f3n \u00c9tica en la Asamblea de Rheinmetall hoy en Berl\u00edn\",\"datePublished\":\"2018-05-08T13:34:37+00:00\",\"mainEntityOfPage\":{\"@id\":\"https:\/\/www.pressenza.com\/es\/2018\/05\/la-red-para-el-desarme-y-la-fundacion-para-la-financiacion-etica-en-la-asamblea-de-rheinmetall-hoy-en-berlin\/\"},\"wordCount\":451,\"publisher\":{\"@id\":\"https:\/\/www.pressenza.com\/es\/#organization\"},\"image\":{\"@id\":\"https:\/\/www.pressenza.com\/es\/2018\/05\/la-red-para-el-desarme-y-la-fundacion-para-la-financiacion-etica-en-la-asamblea-de-rheinmetall-hoy-en-berlin\/#primaryimage\"},\"thumbnailUrl\":\"https:\/\/www.pressenza.com\/wp-content\/uploads\/2018\/05\/rheinmetall.jpg\",\"keywords\":[\"Arabia Saudita\",\"Banco \u00c9tico\",\"comercio de armas\",\"Red de Desarme\",\"Rheinmetall\",\"RWM\",\"RWM Italia\"],\"articleSection\":[\"Comunicados de Prensa\",\"Europa\",\"Paz y Desarme\"],\"inLanguage\":\"es\"},{\"@type\":\"WebPage\",\"@id\":\"https:\/\/www.pressenza.com\/es\/2018\/05\/la-red-para-el-desarme-y-la-fundacion-para-la-financiacion-etica-en-la-asamblea-de-rheinmetall-hoy-en-berlin\/\",\"url\":\"https:\/\/www.pressenza.com\/es\/2018\/05\/la-red-para-el-desarme-y-la-fundacion-para-la-financiacion-etica-en-la-asamblea-de-rheinmetall-hoy-en-berlin\/\",\"name\":\"La Red para el Desarme y la Fundaci\u00f3n para la Financiaci\u00f3n \u00c9tica en la Asamblea de Rheinmetall hoy en Berl\u00edn\",\"isPartOf\":{\"@id\":\"https:\/\/www.pressenza.com\/es\/#website\"},\"primaryImageOfPage\":{\"@id\":\"https:\/\/www.pressenza.com\/es\/2018\/05\/la-red-para-el-desarme-y-la-fundacion-para-la-financiacion-etica-en-la-asamblea-de-rheinmetall-hoy-en-berlin\/#primaryimage\"},\"image\":{\"@id\":\"https:\/\/www.pressenza.com\/es\/2018\/05\/la-red-para-el-desarme-y-la-fundacion-para-la-financiacion-etica-en-la-asamblea-de-rheinmetall-hoy-en-berlin\/#primaryimage\"},\"thumbnailUrl\":\"https:\/\/www.pressenza.com\/wp-content\/uploads\/2018\/05\/rheinmetall.jpg\",\"datePublished\":\"2018-05-08T13:34:37+00:00\",\"description\":\"Hoy, por segunda vez, la Fundaci\u00f3n para las Finanzas \u00c9ticas (FFE) participa en la junta de accionistas de Rheinmetall, uno de los principales fabricantes\",\"breadcrumb\":{\"@id\":\"https:\/\/www.pressenza.com\/es\/2018\/05\/la-red-para-el-desarme-y-la-fundacion-para-la-financiacion-etica-en-la-asamblea-de-rheinmetall-hoy-en-berlin\/#breadcrumb\"},\"inLanguage\":\"es\",\"potentialAction\":[{\"@type\":\"ReadAction\",\"target\":[\"https:\/\/www.pressenza.com\/es\/2018\/05\/la-red-para-el-desarme-y-la-fundacion-para-la-financiacion-etica-en-la-asamblea-de-rheinmetall-hoy-en-berlin\/\"]}]},{\"@type\":\"ImageObject\",\"inLanguage\":\"es\",\"@id\":\"https:\/\/www.pressenza.com\/es\/2018\/05\/la-red-para-el-desarme-y-la-fundacion-para-la-financiacion-etica-en-la-asamblea-de-rheinmetall-hoy-en-berlin\/#primaryimage\",\"url\":\"https:\/\/www.pressenza.com\/wp-content\/uploads\/2018\/05\/rheinmetall.jpg\",\"contentUrl\":\"https:\/\/www.pressenza.com\/wp-content\/uploads\/2018\/05\/rheinmetall.jpg\",\"width\":620,\"height\":330},{\"@type\":\"BreadcrumbList\",\"@id\":\"https:\/\/www.pressenza.com\/es\/2018\/05\/la-red-para-el-desarme-y-la-fundacion-para-la-financiacion-etica-en-la-asamblea-de-rheinmetall-hoy-en-berlin\/#breadcrumb\",\"itemListElement\":[{\"@type\":\"ListItem\",\"position\":1,\"name\":\"Accueil\",\"item\":\"https:\/\/www.pressenza.com\/es\/\"},{\"@type\":\"ListItem\",\"position\":2,\"name\":\"La Red para el Desarme y la Fundaci\u00f3n para la Financiaci\u00f3n \u00c9tica en la Asamblea de Rheinmetall hoy en Berl\u00edn\"}]},{\"@type\":\"WebSite\",\"@id\":\"https:\/\/www.pressenza.com\/es\/#website\",\"url\":\"https:\/\/www.pressenza.com\/es\/\",\"name\":\"Pressenza\",\"description\":\"International Press Agency\",\"publisher\":{\"@id\":\"https:\/\/www.pressenza.com\/es\/#organization\"},\"potentialAction\":[{\"@type\":\"SearchAction\",\"target\":{\"@type\":\"EntryPoint\",\"urlTemplate\":\"https:\/\/www.pressenza.com\/es\/?s={search_term_string}\"},\"query-input\":{\"@type\":\"PropertyValueSpecification\",\"valueRequired\":true,\"valueName\":\"search_term_string\"}}],\"inLanguage\":\"es\"},{\"@type\":\"Organization\",\"@id\":\"https:\/\/www.pressenza.com\/es\/#organization\",\"name\":\"Pressenza\",\"url\":\"https:\/\/www.pressenza.com\/es\/\",\"logo\":{\"@type\":\"ImageObject\",\"inLanguage\":\"es\",\"@id\":\"https:\/\/www.pressenza.com\/es\/#\/schema\/logo\/image\/\",\"url\":\"https:\/\/www.pressenza.com\/wp-content\/uploads\/2022\/10\/pressenza_logo_200x200.jpg\",\"contentUrl\":\"https:\/\/www.pressenza.com\/wp-content\/uploads\/2022\/10\/pressenza_logo_200x200.jpg\",\"width\":200,\"height\":200,\"caption\":\"Pressenza\"},\"image\":{\"@id\":\"https:\/\/www.pressenza.com\/es\/#\/schema\/logo\/image\/\"},\"sameAs\":[\"https:\/\/www.facebook.com\/PressenzaItalia\",\"https:\/\/x.com\/PressenzaIPA\"]},{\"@type\":\"Person\",\"@id\":\"https:\/\/www.pressenza.com\/es\/#\/schema\/person\/68db3ba40086f89be9c210065b21fb6e\",\"name\":\"Rete Italiana per il Disarmo\",\"description\":\"www.disarmo.org\",\"sameAs\":[\"http:\/\/www.disarmo.org\/\",\"https:\/\/www.facebook.com\/retedisarmo\/\"],\"url\":\"https:\/\/www.pressenza.com\/es\/author\/rete-disarmo\/\"}]}<\/script>\n<!-- \/ Yoast SEO plugin. -->","yoast_head_json":{"title":"La Red para el Desarme y la Fundaci\u00f3n para la Financiaci\u00f3n \u00c9tica en la Asamblea de Rheinmetall hoy en Berl\u00edn","description":"Hoy, por segunda vez, la Fundaci\u00f3n para las Finanzas \u00c9ticas (FFE) participa en la junta de accionistas de Rheinmetall, uno de los principales fabricantes","robots":{"index":"index","follow":"follow","max-snippet":"max-snippet:-1","max-image-preview":"max-image-preview:large","max-video-preview":"max-video-preview:-1"},"canonical":"https:\/\/www.pressenza.com\/es\/2018\/05\/la-red-para-el-desarme-y-la-fundacion-para-la-financiacion-etica-en-la-asamblea-de-rheinmetall-hoy-en-berlin\/","og_locale":"es_ES","og_type":"article","og_title":"La Red para el Desarme y la Fundaci\u00f3n para la Financiaci\u00f3n \u00c9tica en la Asamblea de Rheinmetall hoy en Berl\u00edn","og_description":"Hoy, por segunda vez, la Fundaci\u00f3n para las Finanzas \u00c9ticas (FFE) participa en la junta de accionistas de Rheinmetall, uno de los principales fabricantes","og_url":"https:\/\/www.pressenza.com\/es\/2018\/05\/la-red-para-el-desarme-y-la-fundacion-para-la-financiacion-etica-en-la-asamblea-de-rheinmetall-hoy-en-berlin\/","og_site_name":"Pressenza","article_publisher":"https:\/\/www.facebook.com\/PressenzaItalia","article_author":"https:\/\/www.facebook.com\/retedisarmo\/","article_published_time":"2018-05-08T13:34:37+00:00","og_image":[{"width":620,"height":330,"url":"https:\/\/www.pressenza.com\/wp-content\/uploads\/2018\/05\/rheinmetall.jpg","type":"image\/jpeg"}],"author":"Rete Italiana per il Disarmo","twitter_card":"summary_large_image","twitter_creator":"@PressenzaIPA","twitter_site":"@PressenzaIPA","twitter_misc":{"Escrito por":"Rete Italiana per il Disarmo","Tiempo de lectura":"2 minutos"},"schema":{"@context":"https:\/\/schema.org","@graph":[{"@type":"Article","@id":"https:\/\/www.pressenza.com\/es\/2018\/05\/la-red-para-el-desarme-y-la-fundacion-para-la-financiacion-etica-en-la-asamblea-de-rheinmetall-hoy-en-berlin\/#article","isPartOf":{"@id":"https:\/\/www.pressenza.com\/es\/2018\/05\/la-red-para-el-desarme-y-la-fundacion-para-la-financiacion-etica-en-la-asamblea-de-rheinmetall-hoy-en-berlin\/"},"author":{"name":"Rete Italiana per il Disarmo","@id":"https:\/\/www.pressenza.com\/es\/#\/schema\/person\/68db3ba40086f89be9c210065b21fb6e"},"headline":"La Red para el Desarme y la Fundaci\u00f3n para la Financiaci\u00f3n \u00c9tica en la Asamblea de Rheinmetall hoy en Berl\u00edn","datePublished":"2018-05-08T13:34:37+00:00","mainEntityOfPage":{"@id":"https:\/\/www.pressenza.com\/es\/2018\/05\/la-red-para-el-desarme-y-la-fundacion-para-la-financiacion-etica-en-la-asamblea-de-rheinmetall-hoy-en-berlin\/"},"wordCount":451,"publisher":{"@id":"https:\/\/www.pressenza.com\/es\/#organization"},"image":{"@id":"https:\/\/www.pressenza.com\/es\/2018\/05\/la-red-para-el-desarme-y-la-fundacion-para-la-financiacion-etica-en-la-asamblea-de-rheinmetall-hoy-en-berlin\/#primaryimage"},"thumbnailUrl":"https:\/\/www.pressenza.com\/wp-content\/uploads\/2018\/05\/rheinmetall.jpg","keywords":["Arabia Saudita","Banco \u00c9tico","comercio de armas","Red de Desarme","Rheinmetall","RWM","RWM Italia"],"articleSection":["Comunicados de Prensa","Europa","Paz y Desarme"],"inLanguage":"es"},{"@type":"WebPage","@id":"https:\/\/www.pressenza.com\/es\/2018\/05\/la-red-para-el-desarme-y-la-fundacion-para-la-financiacion-etica-en-la-asamblea-de-rheinmetall-hoy-en-berlin\/","url":"https:\/\/www.pressenza.com\/es\/2018\/05\/la-red-para-el-desarme-y-la-fundacion-para-la-financiacion-etica-en-la-asamblea-de-rheinmetall-hoy-en-berlin\/","name":"La Red para el Desarme y la Fundaci\u00f3n para la Financiaci\u00f3n \u00c9tica en la Asamblea de Rheinmetall hoy en Berl\u00edn","isPartOf":{"@id":"https:\/\/www.pressenza.com\/es\/#website"},"primaryImageOfPage":{"@id":"https:\/\/www.pressenza.com\/es\/2018\/05\/la-red-para-el-desarme-y-la-fundacion-para-la-financiacion-etica-en-la-asamblea-de-rheinmetall-hoy-en-berlin\/#primaryimage"},"image":{"@id":"https:\/\/www.pressenza.com\/es\/2018\/05\/la-red-para-el-desarme-y-la-fundacion-para-la-financiacion-etica-en-la-asamblea-de-rheinmetall-hoy-en-berlin\/#primaryimage"},"thumbnailUrl":"https:\/\/www.pressenza.com\/wp-content\/uploads\/2018\/05\/rheinmetall.jpg","datePublished":"2018-05-08T13:34:37+00:00","description":"Hoy, por segunda vez, la Fundaci\u00f3n para las Finanzas \u00c9ticas (FFE) participa en la junta de accionistas de Rheinmetall, uno de los principales fabricantes","breadcrumb":{"@id":"https:\/\/www.pressenza.com\/es\/2018\/05\/la-red-para-el-desarme-y-la-fundacion-para-la-financiacion-etica-en-la-asamblea-de-rheinmetall-hoy-en-berlin\/#breadcrumb"},"inLanguage":"es","potentialAction":[{"@type":"ReadAction","target":["https:\/\/www.pressenza.com\/es\/2018\/05\/la-red-para-el-desarme-y-la-fundacion-para-la-financiacion-etica-en-la-asamblea-de-rheinmetall-hoy-en-berlin\/"]}]},{"@type":"ImageObject","inLanguage":"es","@id":"https:\/\/www.pressenza.com\/es\/2018\/05\/la-red-para-el-desarme-y-la-fundacion-para-la-financiacion-etica-en-la-asamblea-de-rheinmetall-hoy-en-berlin\/#primaryimage","url":"https:\/\/www.pressenza.com\/wp-content\/uploads\/2018\/05\/rheinmetall.jpg","contentUrl":"https:\/\/www.pressenza.com\/wp-content\/uploads\/2018\/05\/rheinmetall.jpg","width":620,"height":330},{"@type":"BreadcrumbList","@id":"https:\/\/www.pressenza.com\/es\/2018\/05\/la-red-para-el-desarme-y-la-fundacion-para-la-financiacion-etica-en-la-asamblea-de-rheinmetall-hoy-en-berlin\/#breadcrumb","itemListElement":[{"@type":"ListItem","position":1,"name":"Accueil","item":"https:\/\/www.pressenza.com\/es\/"},{"@type":"ListItem","position":2,"name":"La Red para el Desarme y la Fundaci\u00f3n para la Financiaci\u00f3n \u00c9tica en la Asamblea de Rheinmetall hoy en Berl\u00edn"}]},{"@type":"WebSite","@id":"https:\/\/www.pressenza.com\/es\/#website","url":"https:\/\/www.pressenza.com\/es\/","name":"Pressenza","description":"International Press Agency","publisher":{"@id":"https:\/\/www.pressenza.com\/es\/#organization"},"potentialAction":[{"@type":"SearchAction","target":{"@type":"EntryPoint","urlTemplate":"https:\/\/www.pressenza.com\/es\/?s={search_term_string}"},"query-input":{"@type":"PropertyValueSpecification","valueRequired":true,"valueName":"search_term_string"}}],"inLanguage":"es"},{"@type":"Organization","@id":"https:\/\/www.pressenza.com\/es\/#organization","name":"Pressenza","url":"https:\/\/www.pressenza.com\/es\/","logo":{"@type":"ImageObject","inLanguage":"es","@id":"https:\/\/www.pressenza.com\/es\/#\/schema\/logo\/image\/","url":"https:\/\/www.pressenza.com\/wp-content\/uploads\/2022\/10\/pressenza_logo_200x200.jpg","contentUrl":"https:\/\/www.pressenza.com\/wp-content\/uploads\/2022\/10\/pressenza_logo_200x200.jpg","width":200,"height":200,"caption":"Pressenza"},"image":{"@id":"https:\/\/www.pressenza.com\/es\/#\/schema\/logo\/image\/"},"sameAs":["https:\/\/www.facebook.com\/PressenzaItalia","https:\/\/x.com\/PressenzaIPA"]},{"@type":"Person","@id":"https:\/\/www.pressenza.com\/es\/#\/schema\/person\/68db3ba40086f89be9c210065b21fb6e","name":"Rete Italiana per il Disarmo","description":"www.disarmo.org","sameAs":["http:\/\/www.disarmo.org\/","https:\/\/www.facebook.com\/retedisarmo\/"],"url":"https:\/\/www.pressenza.com\/es\/author\/rete-disarmo\/"}]}},"place":"","original_article_url":"","_links":{"self":[{"href":"https:\/\/www.pressenza.com\/es\/wp-json\/wp\/v2\/posts\/636872","targetHints":{"allow":["GET"]}}],"collection":[{"href":"https:\/\/www.pressenza.com\/es\/wp-json\/wp\/v2\/posts"}],"about":[{"href":"https:\/\/www.pressenza.com\/es\/wp-json\/wp\/v2\/types\/post"}],"author":[{"embeddable":true,"href":"https:\/\/www.pressenza.com\/es\/wp-json\/wp\/v2\/users\/235"}],"replies":[{"embeddable":true,"href":"https:\/\/www.pressenza.com\/es\/wp-json\/wp\/v2\/comments?post=636872"}],"version-history":[{"count":0,"href":"https:\/\/www.pressenza.com\/es\/wp-json\/wp\/v2\/posts\/636872\/revisions"}],"wp:featuredmedia":[{"embeddable":true,"href":"https:\/\/www.pressenza.com\/es\/wp-json\/wp\/v2\/media\/636845"}],"wp:attachment":[{"href":"https:\/\/www.pressenza.com\/es\/wp-json\/wp\/v2\/media?parent=636872"}],"wp:term":[{"taxonomy":"category","embeddable":true,"href":"https:\/\/www.pressenza.com\/es\/wp-json\/wp\/v2\/categories?post=636872"},{"taxonomy":"post_tag","embeddable":true,"href":"https:\/\/www.pressenza.com\/es\/wp-json\/wp\/v2\/tags?post=636872"}],"curies":[{"name":"wp","href":"https:\/\/api.w.org\/{rel}","templated":true}]}}