{"id":63683,"date":"2013-08-05T04:48:12","date_gmt":"2013-08-05T03:48:12","guid":{"rendered":"http:\/\/www.pressenza.com\/?p=63683"},"modified":"2013-08-05T14:58:38","modified_gmt":"2013-08-05T13:58:38","slug":"revelaron-otro-caso-de-espionaje-de-estados-unidos-sobre-latinoamerica","status":"publish","type":"post","link":"https:\/\/www.pressenza.com\/es\/2013\/08\/revelaron-otro-caso-de-espionaje-de-estados-unidos-sobre-latinoamerica\/","title":{"rendered":"Revelaron otro caso de espionaje de Estados Unidos sobre Latinoam\u00e9rica"},"content":{"rendered":"<p style=\"text-align: justify;\">El gobierno de Brasil calific\u00f3 como un \u201cesc\u00e1ndalo de proporciones globales\u201d a la revelaci\u00f3n, hecha ayer por la prensa brasile\u00f1a, de que EEUU utiliz\u00f3 informaci\u00f3n proveniente de espionaje para decidir su actuaci\u00f3n en la Cumbre de las Am\u00e9ricas de 2009.<\/p>\n<p style=\"text-align: justify;\">\u201cEstamos frente a un esc\u00e1ndalo de proporciones globales; este episodio que ustedes mostraron es algo desmoralizador para la diplomacia internacional\u201d, afirm\u00f3 el ministro de Comunicaciones brasile\u00f1o, Paulo Bernardo, en declaraciones que public\u00f3 ayer el semanario Epoca y recogi\u00f3 la agencia noticiosa ANSA.<\/p>\n<p style=\"text-align: justify;\">Epoca public\u00f3 en la misma edici\u00f3n una carta firmada en mayo de 2009 por Shannon, entonces secretario de Estado adjunto para el Hemisferio Occidental, en la que agradece y felicita al director de la Agencia de Seguridad Nacional (NSA), Keith Alexander, por los \u201cexcepcionales\u201d datos que le brind\u00f3 en m\u00e1s de un centenar de informes.<\/p>\n<p>Esos informes \u201cnos dieron una comprensi\u00f3n profunda de los planes e intenciones de otros participantes de la cumbre y garantizaron que nuestros diplom\u00e1ticos estuvieran bien preparados para asesorar al presidente (Barack) Obama y a la secretaria (de Estado, Hillary) Clinton\u201d, indic\u00f3 Shannon en la nota.<\/p>\n<p>El funcionario estadounidense detall\u00f3 que entre los datos mejor aprovechados estuvieron aquellos relacionados con \u201cc\u00f3mo lidiar con asuntos controvertidos tales como Cuba, y (c\u00f3mo) interactuar con contrapartes dif\u00edciles, como el presidente de Venezuela, Hugo Ch\u00e1vez\u201d.<\/p>\n<p>Epoca record\u00f3 que ese a\u00f1o la Casa Blanca ten\u00eda como objetivo principal para la cita que se realiz\u00f3 en Puerto Espa\u00f1a, capital de Trinidad y Tobago, presentar al entonces flamante presidente Obama como un l\u00edder predispuesto a dialogar con el resto del continente.<\/p>\n<p>Shannon evalu\u00f3 como \u201cexitosa\u201d la actuaci\u00f3n de la delegaci\u00f3n estadounidense en el encuentro, en el que Obama coincidi\u00f3 por primera vez con los dos mandatarios m\u00e1s cr\u00edticos de su pa\u00eds, Ch\u00e1vez y el boliviano Evo Morales.<\/p>\n<p>\u201cNuestro gobierno estaba decidido a construir una relaci\u00f3n productiva y positiva con nuestros vecinos, mientras nuestros rivales en la regi\u00f3n estaban igualmente decididos a desacreditarnos y avergonzarnos; tuvimos \u00e9xito y nuestros rivales fracasaron, y nuestro \u00e9xito se debe, en buena medida, a las informaciones abundantes, detalladas y en tiempo adecuado que ustedes nos suministraron\u201d, dijo Shannon a Alexander en la carta, seg\u00fan detall\u00f3 la agencia de noticias DPA.<\/p>\n<p>La revelaci\u00f3n se sum\u00f3 a las hechas el mes pasado por los diarios brasile\u00f1o O Globo y brit\u00e1nico The Guardian sobre la base de documentos filtrados por el exagente de la NSA Edward Snowden.<\/p>\n<p>Seg\u00fan aquellas denuncias, Estados Unidos monitore\u00f3 en la \u00faltima d\u00e9cada a trav\u00e9s de sus servicios secretos miles de llamadas telef\u00f3nicas y flujos de correo electr\u00f3nico realizados por ciudadanos e instituciones de numerosos pa\u00edses.<\/p>\n<p>Tambi\u00e9n se afirm\u00f3 aquella vez que, en el caso de Brasil, el espionaje estadounidense se realiz\u00f3 desde una base instalada en el propio pa\u00eds latinoamericano, hecho que fue negado o relativizado por autoridades brasile\u00f1as actuales y anteriores.<\/p>\n<p>La hipot\u00e9tica existencia de esa base tambi\u00e9n fue negada por Shannon en una conversaci\u00f3n que tuvo con Bernardo, que lo cit\u00f3 para obtener alguna explicaci\u00f3n.<\/p>\n<p>De todos modos, el incidente gener\u00f3 un malestar en las relaciones entre Brasilia y Washington, pero, seg\u00fan dijo entonces el gobierno brasile\u00f1o, no afectar\u00e1 la visita de estado de Rousseff a la capital estadounidense, programada para el 23 octubre pr\u00f3ximo.<\/p>\n<p>\u201cHacer espionaje en el campo aliado puede configurar hasta una forma de estafar las negociaciones que est\u00e1n en desarrollo\u201d, advirti\u00f3 Bernardo en la entrevista publicada ayer.<\/p>\n<p>El ministro tambi\u00e9n se refiri\u00f3 a documentos publicados la semana pasada por Epoca, seg\u00fan los cuales Estados Unidos tambi\u00e9n obtuvo informes de diplom\u00e1ticos brasile\u00f1os en las Naciones Unidas.<\/p>\n<p>Bernardo especul\u00f3 con que si se hacen esas operaciones clandestinas en la ONU, todo lleva a pensar que tambi\u00e9n se realicen \u201cen cualquier otro foro como la Organizaci\u00f3n Mundial del Comercio\u201d.<\/p>\n","protected":false},"excerpt":{"rendered":"<p>El gobierno de Brasil calific\u00f3 como un \u201cesc\u00e1ndalo de proporciones globales\u201d a la revelaci\u00f3n, hecha ayer por la prensa brasile\u00f1a, de que EEUU utiliz\u00f3 informaci\u00f3n proveniente de espionaje para decidir su actuaci\u00f3n en la Cumbre de las Am\u00e9ricas de 2009.&hellip;<\/p>\n","protected":false},"author":494,"featured_media":63719,"comment_status":"closed","ping_status":"open","sticky":false,"template":"","format":"standard","meta":{"footnotes":""},"categories":[76,67],"tags":[],"class_list":["post-63683","post","type-post","status-publish","format-standard","has-post-thumbnail","hentry","category-relaciones-exteriores","category-sudamerica"],"yoast_head":"<!-- This site is optimized with the Yoast SEO plugin v27.1.1 - https:\/\/yoast.com\/product\/yoast-seo-wordpress\/ -->\n<title>Revelaron otro caso de espionaje de Estados Unidos sobre Latinoam\u00e9rica<\/title>\n<meta name=\"description\" content=\"El gobierno de Brasil calific\u00f3 como un \u201cesc\u00e1ndalo de proporciones globales\u201d a la revelaci\u00f3n, hecha ayer por la prensa brasile\u00f1a, de que EEUU utiliz\u00f3\" \/>\n<meta name=\"robots\" content=\"index, follow, max-snippet:-1, max-image-preview:large, max-video-preview:-1\" \/>\n<link rel=\"canonical\" href=\"https:\/\/www.pressenza.com\/es\/2013\/08\/revelaron-otro-caso-de-espionaje-de-estados-unidos-sobre-latinoamerica\/\" \/>\n<meta property=\"og:locale\" content=\"es_ES\" \/>\n<meta property=\"og:type\" content=\"article\" \/>\n<meta property=\"og:title\" content=\"Revelaron otro caso de espionaje de Estados Unidos sobre Latinoam\u00e9rica\" \/>\n<meta property=\"og:description\" content=\"El gobierno de Brasil calific\u00f3 como un \u201cesc\u00e1ndalo de proporciones globales\u201d a la revelaci\u00f3n, hecha ayer por la prensa brasile\u00f1a, de que EEUU utiliz\u00f3\" \/>\n<meta property=\"og:url\" content=\"https:\/\/www.pressenza.com\/es\/2013\/08\/revelaron-otro-caso-de-espionaje-de-estados-unidos-sobre-latinoamerica\/\" \/>\n<meta property=\"og:site_name\" content=\"Pressenza\" \/>\n<meta property=\"article:publisher\" content=\"https:\/\/www.facebook.com\/PressenzaItalia\" \/>\n<meta property=\"article:author\" content=\"https:\/\/www.facebook.com\/AgenciaTELAM\" \/>\n<meta property=\"article:published_time\" content=\"2013-08-05T03:48:12+00:00\" \/>\n<meta property=\"article:modified_time\" content=\"2013-08-05T13:58:38+00:00\" \/>\n<meta property=\"og:image\" content=\"https:\/\/www.pressenza.com\/wp-content\/uploads\/2013\/08\/Paulo_bernardo-Ministro-de-Comunicaciones.jpg\" \/>\n\t<meta property=\"og:image:width\" content=\"220\" \/>\n\t<meta property=\"og:image:height\" content=\"273\" \/>\n\t<meta property=\"og:image:type\" content=\"image\/jpeg\" \/>\n<meta name=\"author\" content=\"T\u00e9lam - Agencia Nacional de Noticias de la Rep\u00fablica Argentina\" \/>\n<meta name=\"twitter:card\" content=\"summary_large_image\" \/>\n<meta name=\"twitter:creator\" content=\"@AgenciaTelam\" \/>\n<meta name=\"twitter:site\" content=\"@PressenzaIPA\" \/>\n<meta name=\"twitter:label1\" content=\"Escrito por\" \/>\n\t<meta name=\"twitter:data1\" content=\"T\u00e9lam - Agencia Nacional de Noticias de la Rep\u00fablica Argentina\" \/>\n\t<meta name=\"twitter:label2\" content=\"Tiempo de lectura\" \/>\n\t<meta name=\"twitter:data2\" content=\"3 minutos\" \/>\n<script type=\"application\/ld+json\" class=\"yoast-schema-graph\">{\"@context\":\"https:\/\/schema.org\",\"@graph\":[{\"@type\":\"Article\",\"@id\":\"https:\/\/www.pressenza.com\/es\/2013\/08\/revelaron-otro-caso-de-espionaje-de-estados-unidos-sobre-latinoamerica\/#article\",\"isPartOf\":{\"@id\":\"https:\/\/www.pressenza.com\/es\/2013\/08\/revelaron-otro-caso-de-espionaje-de-estados-unidos-sobre-latinoamerica\/\"},\"author\":{\"name\":\"T\u00e9lam - Agencia Nacional de Noticias de la Rep\u00fablica Argentina\",\"@id\":\"https:\/\/www.pressenza.com\/es\/#\/schema\/person\/f1a879435e38cd8f69eac14ebf21489e\"},\"headline\":\"Revelaron otro caso de espionaje de Estados Unidos sobre Latinoam\u00e9rica\",\"datePublished\":\"2013-08-05T03:48:12+00:00\",\"dateModified\":\"2013-08-05T13:58:38+00:00\",\"mainEntityOfPage\":{\"@id\":\"https:\/\/www.pressenza.com\/es\/2013\/08\/revelaron-otro-caso-de-espionaje-de-estados-unidos-sobre-latinoamerica\/\"},\"wordCount\":682,\"publisher\":{\"@id\":\"https:\/\/www.pressenza.com\/es\/#organization\"},\"image\":{\"@id\":\"https:\/\/www.pressenza.com\/es\/2013\/08\/revelaron-otro-caso-de-espionaje-de-estados-unidos-sobre-latinoamerica\/#primaryimage\"},\"thumbnailUrl\":\"https:\/\/www.pressenza.com\/wp-content\/uploads\/2013\/08\/Paulo_bernardo-Ministro-de-Comunicaciones.jpg\",\"articleSection\":[\"Asuntos internacionales\",\"Sudam\u00e9rica\"],\"inLanguage\":\"es\"},{\"@type\":\"WebPage\",\"@id\":\"https:\/\/www.pressenza.com\/es\/2013\/08\/revelaron-otro-caso-de-espionaje-de-estados-unidos-sobre-latinoamerica\/\",\"url\":\"https:\/\/www.pressenza.com\/es\/2013\/08\/revelaron-otro-caso-de-espionaje-de-estados-unidos-sobre-latinoamerica\/\",\"name\":\"Revelaron otro caso de espionaje de Estados Unidos sobre Latinoam\u00e9rica\",\"isPartOf\":{\"@id\":\"https:\/\/www.pressenza.com\/es\/#website\"},\"primaryImageOfPage\":{\"@id\":\"https:\/\/www.pressenza.com\/es\/2013\/08\/revelaron-otro-caso-de-espionaje-de-estados-unidos-sobre-latinoamerica\/#primaryimage\"},\"image\":{\"@id\":\"https:\/\/www.pressenza.com\/es\/2013\/08\/revelaron-otro-caso-de-espionaje-de-estados-unidos-sobre-latinoamerica\/#primaryimage\"},\"thumbnailUrl\":\"https:\/\/www.pressenza.com\/wp-content\/uploads\/2013\/08\/Paulo_bernardo-Ministro-de-Comunicaciones.jpg\",\"datePublished\":\"2013-08-05T03:48:12+00:00\",\"dateModified\":\"2013-08-05T13:58:38+00:00\",\"description\":\"El gobierno de Brasil calific\u00f3 como un \u201cesc\u00e1ndalo de proporciones globales\u201d a la revelaci\u00f3n, hecha ayer por la prensa brasile\u00f1a, de que EEUU utiliz\u00f3\",\"breadcrumb\":{\"@id\":\"https:\/\/www.pressenza.com\/es\/2013\/08\/revelaron-otro-caso-de-espionaje-de-estados-unidos-sobre-latinoamerica\/#breadcrumb\"},\"inLanguage\":\"es\",\"potentialAction\":[{\"@type\":\"ReadAction\",\"target\":[\"https:\/\/www.pressenza.com\/es\/2013\/08\/revelaron-otro-caso-de-espionaje-de-estados-unidos-sobre-latinoamerica\/\"]}]},{\"@type\":\"ImageObject\",\"inLanguage\":\"es\",\"@id\":\"https:\/\/www.pressenza.com\/es\/2013\/08\/revelaron-otro-caso-de-espionaje-de-estados-unidos-sobre-latinoamerica\/#primaryimage\",\"url\":\"https:\/\/www.pressenza.com\/wp-content\/uploads\/2013\/08\/Paulo_bernardo-Ministro-de-Comunicaciones.jpg\",\"contentUrl\":\"https:\/\/www.pressenza.com\/wp-content\/uploads\/2013\/08\/Paulo_bernardo-Ministro-de-Comunicaciones.jpg\",\"width\":220,\"height\":273},{\"@type\":\"BreadcrumbList\",\"@id\":\"https:\/\/www.pressenza.com\/es\/2013\/08\/revelaron-otro-caso-de-espionaje-de-estados-unidos-sobre-latinoamerica\/#breadcrumb\",\"itemListElement\":[{\"@type\":\"ListItem\",\"position\":1,\"name\":\"Accueil\",\"item\":\"https:\/\/www.pressenza.com\/es\/\"},{\"@type\":\"ListItem\",\"position\":2,\"name\":\"Revelaron otro caso de espionaje de Estados Unidos sobre Latinoam\u00e9rica\"}]},{\"@type\":\"WebSite\",\"@id\":\"https:\/\/www.pressenza.com\/es\/#website\",\"url\":\"https:\/\/www.pressenza.com\/es\/\",\"name\":\"Pressenza\",\"description\":\"International Press Agency\",\"publisher\":{\"@id\":\"https:\/\/www.pressenza.com\/es\/#organization\"},\"potentialAction\":[{\"@type\":\"SearchAction\",\"target\":{\"@type\":\"EntryPoint\",\"urlTemplate\":\"https:\/\/www.pressenza.com\/es\/?s={search_term_string}\"},\"query-input\":{\"@type\":\"PropertyValueSpecification\",\"valueRequired\":true,\"valueName\":\"search_term_string\"}}],\"inLanguage\":\"es\"},{\"@type\":\"Organization\",\"@id\":\"https:\/\/www.pressenza.com\/es\/#organization\",\"name\":\"Pressenza\",\"url\":\"https:\/\/www.pressenza.com\/es\/\",\"logo\":{\"@type\":\"ImageObject\",\"inLanguage\":\"es\",\"@id\":\"https:\/\/www.pressenza.com\/es\/#\/schema\/logo\/image\/\",\"url\":\"https:\/\/www.pressenza.com\/wp-content\/uploads\/2022\/10\/pressenza_logo_200x200.jpg\",\"contentUrl\":\"https:\/\/www.pressenza.com\/wp-content\/uploads\/2022\/10\/pressenza_logo_200x200.jpg\",\"width\":200,\"height\":200,\"caption\":\"Pressenza\"},\"image\":{\"@id\":\"https:\/\/www.pressenza.com\/es\/#\/schema\/logo\/image\/\"},\"sameAs\":[\"https:\/\/www.facebook.com\/PressenzaItalia\",\"https:\/\/x.com\/PressenzaIPA\"]},{\"@type\":\"Person\",\"@id\":\"https:\/\/www.pressenza.com\/es\/#\/schema\/person\/f1a879435e38cd8f69eac14ebf21489e\",\"name\":\"T\u00e9lam - Agencia Nacional de Noticias de la Rep\u00fablica Argentina\",\"description\":\"T\u00e9lam es una de las grandes agencias de noticias a nivel regional. El prestigio, acceso a fuentes oficiales, la cobertura en todo el territorio nacional y corresponsal\u00edas en el exterior; y la responsabilidad en el tratamiento informativo son caracter\u00edsticas que colocan a T\u00e9lam en referente period\u00edstico confiable y cre\u00edble en el pa\u00eds y en el mundo. Sostiene un servicio actualizado, detallado y original en diversos formatos, las 24 horas del d\u00eda, todos los d\u00edas del a\u00f1o. Es l\u00edder en el mercado nacional y sostiene alianzas a nivel regional y mundial que le permiten expandir los servicios period\u00edsticos. Suministra sus productos v\u00eda on line, tanto a nivel local como internacional. En la actualidad, la Agencia suma a sus servicios tradicionales, nuevos desaf\u00edos a partir de la realizaci\u00f3n de producciones multimedia para diversas plataformas. www.telam.com.ar\",\"sameAs\":[\"https:\/\/www.facebook.com\/AgenciaTELAM\",\"https:\/\/x.com\/AgenciaTelam\"],\"url\":\"https:\/\/www.pressenza.com\/es\/author\/telam\/\"}]}<\/script>\n<!-- \/ Yoast SEO plugin. -->","yoast_head_json":{"title":"Revelaron otro caso de espionaje de Estados Unidos sobre Latinoam\u00e9rica","description":"El gobierno de Brasil calific\u00f3 como un \u201cesc\u00e1ndalo de proporciones globales\u201d a la revelaci\u00f3n, hecha ayer por la prensa brasile\u00f1a, de que EEUU utiliz\u00f3","robots":{"index":"index","follow":"follow","max-snippet":"max-snippet:-1","max-image-preview":"max-image-preview:large","max-video-preview":"max-video-preview:-1"},"canonical":"https:\/\/www.pressenza.com\/es\/2013\/08\/revelaron-otro-caso-de-espionaje-de-estados-unidos-sobre-latinoamerica\/","og_locale":"es_ES","og_type":"article","og_title":"Revelaron otro caso de espionaje de Estados Unidos sobre Latinoam\u00e9rica","og_description":"El gobierno de Brasil calific\u00f3 como un \u201cesc\u00e1ndalo de proporciones globales\u201d a la revelaci\u00f3n, hecha ayer por la prensa brasile\u00f1a, de que EEUU utiliz\u00f3","og_url":"https:\/\/www.pressenza.com\/es\/2013\/08\/revelaron-otro-caso-de-espionaje-de-estados-unidos-sobre-latinoamerica\/","og_site_name":"Pressenza","article_publisher":"https:\/\/www.facebook.com\/PressenzaItalia","article_author":"https:\/\/www.facebook.com\/AgenciaTELAM","article_published_time":"2013-08-05T03:48:12+00:00","article_modified_time":"2013-08-05T13:58:38+00:00","og_image":[{"width":220,"height":273,"url":"https:\/\/www.pressenza.com\/wp-content\/uploads\/2013\/08\/Paulo_bernardo-Ministro-de-Comunicaciones.jpg","type":"image\/jpeg"}],"author":"T\u00e9lam - Agencia Nacional de Noticias de la Rep\u00fablica Argentina","twitter_card":"summary_large_image","twitter_creator":"@AgenciaTelam","twitter_site":"@PressenzaIPA","twitter_misc":{"Escrito por":"T\u00e9lam - Agencia Nacional de Noticias de la Rep\u00fablica Argentina","Tiempo de lectura":"3 minutos"},"schema":{"@context":"https:\/\/schema.org","@graph":[{"@type":"Article","@id":"https:\/\/www.pressenza.com\/es\/2013\/08\/revelaron-otro-caso-de-espionaje-de-estados-unidos-sobre-latinoamerica\/#article","isPartOf":{"@id":"https:\/\/www.pressenza.com\/es\/2013\/08\/revelaron-otro-caso-de-espionaje-de-estados-unidos-sobre-latinoamerica\/"},"author":{"name":"T\u00e9lam - Agencia Nacional de Noticias de la Rep\u00fablica Argentina","@id":"https:\/\/www.pressenza.com\/es\/#\/schema\/person\/f1a879435e38cd8f69eac14ebf21489e"},"headline":"Revelaron otro caso de espionaje de Estados Unidos sobre Latinoam\u00e9rica","datePublished":"2013-08-05T03:48:12+00:00","dateModified":"2013-08-05T13:58:38+00:00","mainEntityOfPage":{"@id":"https:\/\/www.pressenza.com\/es\/2013\/08\/revelaron-otro-caso-de-espionaje-de-estados-unidos-sobre-latinoamerica\/"},"wordCount":682,"publisher":{"@id":"https:\/\/www.pressenza.com\/es\/#organization"},"image":{"@id":"https:\/\/www.pressenza.com\/es\/2013\/08\/revelaron-otro-caso-de-espionaje-de-estados-unidos-sobre-latinoamerica\/#primaryimage"},"thumbnailUrl":"https:\/\/www.pressenza.com\/wp-content\/uploads\/2013\/08\/Paulo_bernardo-Ministro-de-Comunicaciones.jpg","articleSection":["Asuntos internacionales","Sudam\u00e9rica"],"inLanguage":"es"},{"@type":"WebPage","@id":"https:\/\/www.pressenza.com\/es\/2013\/08\/revelaron-otro-caso-de-espionaje-de-estados-unidos-sobre-latinoamerica\/","url":"https:\/\/www.pressenza.com\/es\/2013\/08\/revelaron-otro-caso-de-espionaje-de-estados-unidos-sobre-latinoamerica\/","name":"Revelaron otro caso de espionaje de Estados Unidos sobre Latinoam\u00e9rica","isPartOf":{"@id":"https:\/\/www.pressenza.com\/es\/#website"},"primaryImageOfPage":{"@id":"https:\/\/www.pressenza.com\/es\/2013\/08\/revelaron-otro-caso-de-espionaje-de-estados-unidos-sobre-latinoamerica\/#primaryimage"},"image":{"@id":"https:\/\/www.pressenza.com\/es\/2013\/08\/revelaron-otro-caso-de-espionaje-de-estados-unidos-sobre-latinoamerica\/#primaryimage"},"thumbnailUrl":"https:\/\/www.pressenza.com\/wp-content\/uploads\/2013\/08\/Paulo_bernardo-Ministro-de-Comunicaciones.jpg","datePublished":"2013-08-05T03:48:12+00:00","dateModified":"2013-08-05T13:58:38+00:00","description":"El gobierno de Brasil calific\u00f3 como un \u201cesc\u00e1ndalo de proporciones globales\u201d a la revelaci\u00f3n, hecha ayer por la prensa brasile\u00f1a, de que EEUU utiliz\u00f3","breadcrumb":{"@id":"https:\/\/www.pressenza.com\/es\/2013\/08\/revelaron-otro-caso-de-espionaje-de-estados-unidos-sobre-latinoamerica\/#breadcrumb"},"inLanguage":"es","potentialAction":[{"@type":"ReadAction","target":["https:\/\/www.pressenza.com\/es\/2013\/08\/revelaron-otro-caso-de-espionaje-de-estados-unidos-sobre-latinoamerica\/"]}]},{"@type":"ImageObject","inLanguage":"es","@id":"https:\/\/www.pressenza.com\/es\/2013\/08\/revelaron-otro-caso-de-espionaje-de-estados-unidos-sobre-latinoamerica\/#primaryimage","url":"https:\/\/www.pressenza.com\/wp-content\/uploads\/2013\/08\/Paulo_bernardo-Ministro-de-Comunicaciones.jpg","contentUrl":"https:\/\/www.pressenza.com\/wp-content\/uploads\/2013\/08\/Paulo_bernardo-Ministro-de-Comunicaciones.jpg","width":220,"height":273},{"@type":"BreadcrumbList","@id":"https:\/\/www.pressenza.com\/es\/2013\/08\/revelaron-otro-caso-de-espionaje-de-estados-unidos-sobre-latinoamerica\/#breadcrumb","itemListElement":[{"@type":"ListItem","position":1,"name":"Accueil","item":"https:\/\/www.pressenza.com\/es\/"},{"@type":"ListItem","position":2,"name":"Revelaron otro caso de espionaje de Estados Unidos sobre Latinoam\u00e9rica"}]},{"@type":"WebSite","@id":"https:\/\/www.pressenza.com\/es\/#website","url":"https:\/\/www.pressenza.com\/es\/","name":"Pressenza","description":"International Press Agency","publisher":{"@id":"https:\/\/www.pressenza.com\/es\/#organization"},"potentialAction":[{"@type":"SearchAction","target":{"@type":"EntryPoint","urlTemplate":"https:\/\/www.pressenza.com\/es\/?s={search_term_string}"},"query-input":{"@type":"PropertyValueSpecification","valueRequired":true,"valueName":"search_term_string"}}],"inLanguage":"es"},{"@type":"Organization","@id":"https:\/\/www.pressenza.com\/es\/#organization","name":"Pressenza","url":"https:\/\/www.pressenza.com\/es\/","logo":{"@type":"ImageObject","inLanguage":"es","@id":"https:\/\/www.pressenza.com\/es\/#\/schema\/logo\/image\/","url":"https:\/\/www.pressenza.com\/wp-content\/uploads\/2022\/10\/pressenza_logo_200x200.jpg","contentUrl":"https:\/\/www.pressenza.com\/wp-content\/uploads\/2022\/10\/pressenza_logo_200x200.jpg","width":200,"height":200,"caption":"Pressenza"},"image":{"@id":"https:\/\/www.pressenza.com\/es\/#\/schema\/logo\/image\/"},"sameAs":["https:\/\/www.facebook.com\/PressenzaItalia","https:\/\/x.com\/PressenzaIPA"]},{"@type":"Person","@id":"https:\/\/www.pressenza.com\/es\/#\/schema\/person\/f1a879435e38cd8f69eac14ebf21489e","name":"T\u00e9lam - Agencia Nacional de Noticias de la Rep\u00fablica Argentina","description":"T\u00e9lam es una de las grandes agencias de noticias a nivel regional. El prestigio, acceso a fuentes oficiales, la cobertura en todo el territorio nacional y corresponsal\u00edas en el exterior; y la responsabilidad en el tratamiento informativo son caracter\u00edsticas que colocan a T\u00e9lam en referente period\u00edstico confiable y cre\u00edble en el pa\u00eds y en el mundo. Sostiene un servicio actualizado, detallado y original en diversos formatos, las 24 horas del d\u00eda, todos los d\u00edas del a\u00f1o. Es l\u00edder en el mercado nacional y sostiene alianzas a nivel regional y mundial que le permiten expandir los servicios period\u00edsticos. Suministra sus productos v\u00eda on line, tanto a nivel local como internacional. En la actualidad, la Agencia suma a sus servicios tradicionales, nuevos desaf\u00edos a partir de la realizaci\u00f3n de producciones multimedia para diversas plataformas. www.telam.com.ar","sameAs":["https:\/\/www.facebook.com\/AgenciaTELAM","https:\/\/x.com\/AgenciaTelam"],"url":"https:\/\/www.pressenza.com\/es\/author\/telam\/"}]}},"place":"Brasilia","original_article_url":"","_links":{"self":[{"href":"https:\/\/www.pressenza.com\/es\/wp-json\/wp\/v2\/posts\/63683","targetHints":{"allow":["GET"]}}],"collection":[{"href":"https:\/\/www.pressenza.com\/es\/wp-json\/wp\/v2\/posts"}],"about":[{"href":"https:\/\/www.pressenza.com\/es\/wp-json\/wp\/v2\/types\/post"}],"author":[{"embeddable":true,"href":"https:\/\/www.pressenza.com\/es\/wp-json\/wp\/v2\/users\/494"}],"replies":[{"embeddable":true,"href":"https:\/\/www.pressenza.com\/es\/wp-json\/wp\/v2\/comments?post=63683"}],"version-history":[{"count":0,"href":"https:\/\/www.pressenza.com\/es\/wp-json\/wp\/v2\/posts\/63683\/revisions"}],"wp:featuredmedia":[{"embeddable":true,"href":"https:\/\/www.pressenza.com\/es\/wp-json\/wp\/v2\/media\/63719"}],"wp:attachment":[{"href":"https:\/\/www.pressenza.com\/es\/wp-json\/wp\/v2\/media?parent=63683"}],"wp:term":[{"taxonomy":"category","embeddable":true,"href":"https:\/\/www.pressenza.com\/es\/wp-json\/wp\/v2\/categories?post=63683"},{"taxonomy":"post_tag","embeddable":true,"href":"https:\/\/www.pressenza.com\/es\/wp-json\/wp\/v2\/tags?post=63683"}],"curies":[{"name":"wp","href":"https:\/\/api.w.org\/{rel}","templated":true}]}}