{"id":636353,"date":"2018-05-07T02:27:24","date_gmt":"2018-05-07T01:27:24","guid":{"rendered":"https:\/\/www.pressenza.com\/?p=636353"},"modified":"2018-05-07T02:27:24","modified_gmt":"2018-05-07T01:27:24","slug":"educar-cambio-una-nueva-educacion-mundo-verdaderamente-humano","status":"publish","type":"post","link":"https:\/\/www.pressenza.com\/es\/2018\/05\/educar-cambio-una-nueva-educacion-mundo-verdaderamente-humano\/","title":{"rendered":"Educar para el cambio: una nueva educaci\u00f3n para un mundo verdaderamente humano"},"content":{"rendered":"<p><em>\u00abLa educaci\u00f3n, para nosotros, es la m\u00e1s noble y significativa de las actividades humanas porque es la vanguardia de la direcci\u00f3n evolutiva del ser humano y no la \u00abretaguardia\u00bb, como lo ha sido hasta ahora\u00bb.<\/em> (Aguilar y Bize)<\/p>\n<p>La misi\u00f3n de una nueva educaci\u00f3n es permitir a las nuevas generaciones ejercer una visi\u00f3n plural y activa de la realidad, una visi\u00f3n integradora, amplia, abierta, no dogm\u00e1tica y contempor\u00e1nea.<\/p>\n<p>Esto se discute en el libro <strong><em>\u00abPedagog\u00eda de la Intencionalidad. Educando para una conciencia activa\u00bb<\/em><\/strong>, escrito por Mario Aguilar y Rebeca Bize, reci\u00e9n traducido al italiano por <a href=\"http:\/\/www.multimage.org\/\">Multimage, la editorial de Derechos Humanos.<\/a><\/p>\n<p>Seg\u00fan los autores, el papel de los educadores es extremadamente importante en los tiempos venideros, se trata de habilitar al ser humano para activar todas las capacidades humanas rompiendo la dicotom\u00eda entre interioridad y exterioridad, para que exprese lo mejor de s\u00ed mismo, su mayor potencial en la direcci\u00f3n de un salto cualitativo que abra la posibilidad real de un mundo nuevo, acogedor, no violento, plenamente humano, poniendo fin al paradigma cultural patriarcal actual, abusivo y violento.<\/p>\n<p>Esta es la tarea principal de una nueva educaci\u00f3n basada en los fundamentos de un nuevo paradigma, orientado por una utop\u00eda social de car\u00e1cter claramente humanizador, para ser realizada a trav\u00e9s de una pr\u00e1ctica educativa coherente con todos sus principios.<\/p>\n<p>Tambi\u00e9n es importante preguntarse qui\u00e9n es el ser humano que estamos educando, para tener una visi\u00f3n clara de la complejidad del tema que estamos tratando.<\/p>\n<p>Dos eventos para explorar el tema y presentar la edici\u00f3n italiana del libro, organizado por el Centro de No Violencia Activa, Energ\u00eda para los Derechos Humanos y Multimage:<\/p>\n<p><strong>ROMA &gt; martes 15 de mayo de 2018, 19:00 horas<\/strong><\/p>\n<p>en Energ\u00eda para los Derechos Humanos&gt; Via degli Equi 45, 00185 Roma<\/p>\n<p><a href=\"https:\/\/www.facebook.com\/events\/2046658322214981\/\">https:\/\/www.facebook.com\/events\/2046658322214981\/<\/a><\/p>\n<p>&nbsp;<\/p>\n<p><strong>MIL\u00c1N&gt; mi\u00e9rcoles 16 de mayo de 2018, 19:00 horas<\/strong><\/p>\n<p>en el Lado B &#8211; el otro lado de Mil\u00e1n &gt; Viale Pasubio 14, 20154 Mil\u00e1n<\/p>\n<p><a href=\"https:\/\/www.facebook.com\/events\/1720350408013698\/\">https:\/\/www.facebook.com\/events\/1720350408013698\/<\/a><\/p>\n<p>&nbsp;<\/p>\n<p>participan:<\/p>\n<p><strong>&gt; Mario Aguilar<\/strong>, coautor y presidente del Colegio de Profesores de Chile<\/p>\n<p><strong>&gt; Olivier Turquet,<\/strong> redactor jefe de la editorial Multimage<\/p>\n<p><strong>&gt; Annabella Coiro<\/strong>, persona de contacto para los proyectos educativos del Centro de No-violencia Activa<\/p>\n<p>&nbsp;<\/p>\n<p><strong>&gt; Dino Mancarella<\/strong>, doctor en educaci\u00f3n social, formador en no violencia.<\/p>\n<p>&nbsp;<\/p>\n<p>Como dicen los organizadores: <strong><em>\u201cUn encuentro para los interesados en construir el futuro de las generaciones futuras.\u201d<\/em><\/strong><\/p>\n<p>Ambos eventos son p\u00fablicos y gratuitos<\/p>\n<p><strong>ALGUNOS AVANCES DEL LIBRO<\/strong><\/p>\n<p><em>\u00abTenemos en nuestras manos un libro muy bien elaborado, que en pocas p\u00e1ginas contiene una propuesta revolucionaria en el campo de la educaci\u00f3n. No s\u00f3lo es v\u00e1lido por su contenido, sino tambi\u00e9n por la metodolog\u00eda empleada\u00bb.<\/em><\/p>\n<p>Aurora Marquina, Profesora UNED, Madrid<\/p>\n<p>&nbsp;<\/p>\n<p><em>\u00abMe gustar\u00eda se\u00f1alar que estamos hablando de un tema que nos preocupa y que nos ocupa, un tema que tiene sentido para nosotros. Lo que le pasa a la humanidad tiene un sentido, lo que le pasa a los ni\u00f1os tiene un sentido. Nos preocupamos por la humanidad de los ni\u00f1os, porque al final nos preocupamos por nosotros mismos. [&#8230;] Este es un gran libro en su contenido, converge en nuestra visi\u00f3n desde el punto de vista de la biolog\u00eda cultural, en la direcci\u00f3n de proponer una acci\u00f3n que aborde la formaci\u00f3n de los profesores, creando espacios donde las inspiraciones, los deseos de bienestar, la visi\u00f3n \u00e9tica, el sentido social, la responsabilidad social, la voluntad de ver y escuchar a los ni\u00f1os son centrales.\u00bb<\/em><\/p>\n<p>Humberto Maturana Romes\u00edn, fundador del Instituto Matriztico, Santiago del Cile<\/p>\n<p>&nbsp;<\/p>\n<p><em>\u00abHemos aplicado muchas de las propuestas contenidas en este libro en nuestras pr\u00e1cticas educativas, experimentando que una nueva educaci\u00f3n no s\u00f3lo es necesaria sino tambi\u00e9n posible. Se puede crear esa armon\u00eda satisfactoria entre el mundo interno y externo del que hablan los autores, donde el rechazo de la violencia no s\u00f3lo es intelectual, sino que implica una revoluci\u00f3n tambi\u00e9n fisiol\u00f3gica. Reconocemos un intento de construir una educaci\u00f3n que no tenga como objetivo el tecnicismo, las exigencias de la productividad del trabajo y la globalizaci\u00f3n econ\u00f3mica, sino que las supere sin negarlas para avanzar hacia la plena realizaci\u00f3n de todas las caracter\u00edsticas del ser humano.\u00bb<\/em><\/p>\n<p>Annabella Coiro y Dino Mancarella, autores del prefacio de la edici\u00f3n italiana del libro de Aguilar y Bize<\/p>\n","protected":false},"excerpt":{"rendered":"<p>\u00abLa educaci\u00f3n, para nosotros, es la m\u00e1s noble y significativa de las actividades humanas porque es la vanguardia de la direcci\u00f3n evolutiva del ser humano y no la \u00abretaguardia\u00bb, como lo ha sido hasta ahora\u00bb. (Aguilar y Bize) La misi\u00f3n&hellip;<\/p>\n","protected":false},"author":594,"featured_media":636197,"comment_status":"closed","ping_status":"closed","sticky":false,"template":"","format":"standard","meta":{"footnotes":""},"categories":[75,1230,1240],"tags":[17206,1428,3060,49946,7784,18352,22224,45864,10981],"class_list":["post-636353","post","type-post","status-publish","format-standard","has-post-thumbnail","hentry","category-cultura-es","category-educacion-tema","category-humanismo-espiritualidad","tag-conciencia-activa","tag-copehu","tag-educacion-humanista","tag-humanist-movement-es","tag-mario-aguilar","tag-milan","tag-cap-multimage","tag-rebeca-bize","tag-roma-es"],"yoast_head":"<!-- This site is optimized with the Yoast SEO plugin v27.1.1 - https:\/\/yoast.com\/product\/yoast-seo-wordpress\/ -->\n<title>Educar para el cambio: una nueva educaci\u00f3n para un mundo verdaderamente humano<\/title>\n<meta name=\"description\" content=\"&quot;La educaci\u00f3n, para nosotros, es la m\u00e1s noble y significativa de las actividades humanas porque es la vanguardia de la direcci\u00f3n evolutiva del ser humano\" \/>\n<meta name=\"robots\" content=\"index, follow, max-snippet:-1, max-image-preview:large, max-video-preview:-1\" \/>\n<link rel=\"canonical\" href=\"https:\/\/www.pressenza.com\/es\/2018\/05\/educar-cambio-una-nueva-educacion-mundo-verdaderamente-humano\/\" \/>\n<meta property=\"og:locale\" content=\"es_ES\" \/>\n<meta property=\"og:type\" content=\"article\" \/>\n<meta property=\"og:title\" content=\"Educar para el cambio: una nueva educaci\u00f3n para un mundo verdaderamente humano\" \/>\n<meta property=\"og:description\" content=\"&quot;La educaci\u00f3n, para nosotros, es la m\u00e1s noble y significativa de las actividades humanas porque es la vanguardia de la direcci\u00f3n evolutiva del ser humano\" \/>\n<meta property=\"og:url\" content=\"https:\/\/www.pressenza.com\/es\/2018\/05\/educar-cambio-una-nueva-educacion-mundo-verdaderamente-humano\/\" \/>\n<meta property=\"og:site_name\" content=\"Pressenza\" \/>\n<meta property=\"article:publisher\" content=\"https:\/\/www.facebook.com\/PressenzaItalia\" \/>\n<meta property=\"article:author\" content=\"https:\/\/www.facebook.com\/PressenzaItalia\" \/>\n<meta property=\"article:published_time\" content=\"2018-05-07T01:27:24+00:00\" \/>\n<meta property=\"og:image\" content=\"https:\/\/www.pressenza.com\/wp-content\/uploads\/2018\/05\/LIBRO.jpeg.jpg\" \/>\n\t<meta property=\"og:image:width\" content=\"746\" \/>\n\t<meta property=\"og:image:height\" content=\"893\" \/>\n\t<meta property=\"og:image:type\" content=\"image\/jpeg\" \/>\n<meta name=\"author\" content=\"Redazione Italia\" \/>\n<meta name=\"twitter:card\" content=\"summary_large_image\" \/>\n<meta name=\"twitter:creator\" content=\"@pressenza_it\" \/>\n<meta name=\"twitter:site\" content=\"@PressenzaIPA\" \/>\n<meta name=\"twitter:label1\" content=\"Escrito por\" \/>\n\t<meta name=\"twitter:data1\" content=\"Redazione Italia\" \/>\n\t<meta name=\"twitter:label2\" content=\"Tiempo de lectura\" \/>\n\t<meta name=\"twitter:data2\" content=\"4 minutos\" \/>\n<script type=\"application\/ld+json\" class=\"yoast-schema-graph\">{\"@context\":\"https:\/\/schema.org\",\"@graph\":[{\"@type\":\"Article\",\"@id\":\"https:\/\/www.pressenza.com\/es\/2018\/05\/educar-cambio-una-nueva-educacion-mundo-verdaderamente-humano\/#article\",\"isPartOf\":{\"@id\":\"https:\/\/www.pressenza.com\/es\/2018\/05\/educar-cambio-una-nueva-educacion-mundo-verdaderamente-humano\/\"},\"author\":{\"name\":\"Redazione Italia\",\"@id\":\"https:\/\/www.pressenza.com\/es\/#\/schema\/person\/d983e81827ae24f2c7b1a2123d197f8d\"},\"headline\":\"Educar para el cambio: una nueva educaci\u00f3n para un mundo verdaderamente humano\",\"datePublished\":\"2018-05-07T01:27:24+00:00\",\"mainEntityOfPage\":{\"@id\":\"https:\/\/www.pressenza.com\/es\/2018\/05\/educar-cambio-una-nueva-educacion-mundo-verdaderamente-humano\/\"},\"wordCount\":774,\"publisher\":{\"@id\":\"https:\/\/www.pressenza.com\/es\/#organization\"},\"image\":{\"@id\":\"https:\/\/www.pressenza.com\/es\/2018\/05\/educar-cambio-una-nueva-educacion-mundo-verdaderamente-humano\/#primaryimage\"},\"thumbnailUrl\":\"https:\/\/www.pressenza.com\/wp-content\/uploads\/2018\/05\/LIBRO.jpeg.jpg\",\"keywords\":[\"Conciencia activa\",\"COPEHU\",\"Educaci\u00f3n Humanista\",\"Humanist Movement\",\"Mario Aguilar\",\"Milan\",\"Multimage\",\"Rebeca Bize\",\"Roma\"],\"articleSection\":[\"Cultura y Medios\",\"Educaci\u00f3n\",\"Humanismo y Espiritualidad\"],\"inLanguage\":\"es\"},{\"@type\":\"WebPage\",\"@id\":\"https:\/\/www.pressenza.com\/es\/2018\/05\/educar-cambio-una-nueva-educacion-mundo-verdaderamente-humano\/\",\"url\":\"https:\/\/www.pressenza.com\/es\/2018\/05\/educar-cambio-una-nueva-educacion-mundo-verdaderamente-humano\/\",\"name\":\"Educar para el cambio: una nueva educaci\u00f3n para un mundo verdaderamente humano\",\"isPartOf\":{\"@id\":\"https:\/\/www.pressenza.com\/es\/#website\"},\"primaryImageOfPage\":{\"@id\":\"https:\/\/www.pressenza.com\/es\/2018\/05\/educar-cambio-una-nueva-educacion-mundo-verdaderamente-humano\/#primaryimage\"},\"image\":{\"@id\":\"https:\/\/www.pressenza.com\/es\/2018\/05\/educar-cambio-una-nueva-educacion-mundo-verdaderamente-humano\/#primaryimage\"},\"thumbnailUrl\":\"https:\/\/www.pressenza.com\/wp-content\/uploads\/2018\/05\/LIBRO.jpeg.jpg\",\"datePublished\":\"2018-05-07T01:27:24+00:00\",\"description\":\"\\\"La educaci\u00f3n, para nosotros, es la m\u00e1s noble y significativa de las actividades humanas porque es la vanguardia de la direcci\u00f3n evolutiva del ser humano\",\"breadcrumb\":{\"@id\":\"https:\/\/www.pressenza.com\/es\/2018\/05\/educar-cambio-una-nueva-educacion-mundo-verdaderamente-humano\/#breadcrumb\"},\"inLanguage\":\"es\",\"potentialAction\":[{\"@type\":\"ReadAction\",\"target\":[\"https:\/\/www.pressenza.com\/es\/2018\/05\/educar-cambio-una-nueva-educacion-mundo-verdaderamente-humano\/\"]}]},{\"@type\":\"ImageObject\",\"inLanguage\":\"es\",\"@id\":\"https:\/\/www.pressenza.com\/es\/2018\/05\/educar-cambio-una-nueva-educacion-mundo-verdaderamente-humano\/#primaryimage\",\"url\":\"https:\/\/www.pressenza.com\/wp-content\/uploads\/2018\/05\/LIBRO.jpeg.jpg\",\"contentUrl\":\"https:\/\/www.pressenza.com\/wp-content\/uploads\/2018\/05\/LIBRO.jpeg.jpg\",\"width\":746,\"height\":893},{\"@type\":\"BreadcrumbList\",\"@id\":\"https:\/\/www.pressenza.com\/es\/2018\/05\/educar-cambio-una-nueva-educacion-mundo-verdaderamente-humano\/#breadcrumb\",\"itemListElement\":[{\"@type\":\"ListItem\",\"position\":1,\"name\":\"Accueil\",\"item\":\"https:\/\/www.pressenza.com\/es\/\"},{\"@type\":\"ListItem\",\"position\":2,\"name\":\"Educar para el cambio: una nueva educaci\u00f3n para un mundo verdaderamente humano\"}]},{\"@type\":\"WebSite\",\"@id\":\"https:\/\/www.pressenza.com\/es\/#website\",\"url\":\"https:\/\/www.pressenza.com\/es\/\",\"name\":\"Pressenza\",\"description\":\"International Press Agency\",\"publisher\":{\"@id\":\"https:\/\/www.pressenza.com\/es\/#organization\"},\"potentialAction\":[{\"@type\":\"SearchAction\",\"target\":{\"@type\":\"EntryPoint\",\"urlTemplate\":\"https:\/\/www.pressenza.com\/es\/?s={search_term_string}\"},\"query-input\":{\"@type\":\"PropertyValueSpecification\",\"valueRequired\":true,\"valueName\":\"search_term_string\"}}],\"inLanguage\":\"es\"},{\"@type\":\"Organization\",\"@id\":\"https:\/\/www.pressenza.com\/es\/#organization\",\"name\":\"Pressenza\",\"url\":\"https:\/\/www.pressenza.com\/es\/\",\"logo\":{\"@type\":\"ImageObject\",\"inLanguage\":\"es\",\"@id\":\"https:\/\/www.pressenza.com\/es\/#\/schema\/logo\/image\/\",\"url\":\"https:\/\/www.pressenza.com\/wp-content\/uploads\/2022\/10\/pressenza_logo_200x200.jpg\",\"contentUrl\":\"https:\/\/www.pressenza.com\/wp-content\/uploads\/2022\/10\/pressenza_logo_200x200.jpg\",\"width\":200,\"height\":200,\"caption\":\"Pressenza\"},\"image\":{\"@id\":\"https:\/\/www.pressenza.com\/es\/#\/schema\/logo\/image\/\"},\"sameAs\":[\"https:\/\/www.facebook.com\/PressenzaItalia\",\"https:\/\/x.com\/PressenzaIPA\"]},{\"@type\":\"Person\",\"@id\":\"https:\/\/www.pressenza.com\/es\/#\/schema\/person\/d983e81827ae24f2c7b1a2123d197f8d\",\"name\":\"Redazione Italia\",\"description\":\"News from the Pressenza Bureau in Italy\",\"sameAs\":[\"https:\/\/www.pressenza.com\/it\/author\/redazione-italia\/\",\"https:\/\/www.facebook.com\/PressenzaItalia\",\"https:\/\/www.instagram.com\/pressenza_italia\/\",\"https:\/\/x.com\/pressenza_it\",\"https:\/\/www.youtube.com\/channel\/UCSalEIWjE1RSxkwjfftFuqg\"],\"url\":\"https:\/\/www.pressenza.com\/es\/author\/redazione-italia\/\"}]}<\/script>\n<!-- \/ Yoast SEO plugin. -->","yoast_head_json":{"title":"Educar para el cambio: una nueva educaci\u00f3n para un mundo verdaderamente humano","description":"\"La educaci\u00f3n, para nosotros, es la m\u00e1s noble y significativa de las actividades humanas porque es la vanguardia de la direcci\u00f3n evolutiva del ser humano","robots":{"index":"index","follow":"follow","max-snippet":"max-snippet:-1","max-image-preview":"max-image-preview:large","max-video-preview":"max-video-preview:-1"},"canonical":"https:\/\/www.pressenza.com\/es\/2018\/05\/educar-cambio-una-nueva-educacion-mundo-verdaderamente-humano\/","og_locale":"es_ES","og_type":"article","og_title":"Educar para el cambio: una nueva educaci\u00f3n para un mundo verdaderamente humano","og_description":"\"La educaci\u00f3n, para nosotros, es la m\u00e1s noble y significativa de las actividades humanas porque es la vanguardia de la direcci\u00f3n evolutiva del ser humano","og_url":"https:\/\/www.pressenza.com\/es\/2018\/05\/educar-cambio-una-nueva-educacion-mundo-verdaderamente-humano\/","og_site_name":"Pressenza","article_publisher":"https:\/\/www.facebook.com\/PressenzaItalia","article_author":"https:\/\/www.facebook.com\/PressenzaItalia","article_published_time":"2018-05-07T01:27:24+00:00","og_image":[{"width":746,"height":893,"url":"https:\/\/www.pressenza.com\/wp-content\/uploads\/2018\/05\/LIBRO.jpeg.jpg","type":"image\/jpeg"}],"author":"Redazione Italia","twitter_card":"summary_large_image","twitter_creator":"@pressenza_it","twitter_site":"@PressenzaIPA","twitter_misc":{"Escrito por":"Redazione Italia","Tiempo de lectura":"4 minutos"},"schema":{"@context":"https:\/\/schema.org","@graph":[{"@type":"Article","@id":"https:\/\/www.pressenza.com\/es\/2018\/05\/educar-cambio-una-nueva-educacion-mundo-verdaderamente-humano\/#article","isPartOf":{"@id":"https:\/\/www.pressenza.com\/es\/2018\/05\/educar-cambio-una-nueva-educacion-mundo-verdaderamente-humano\/"},"author":{"name":"Redazione Italia","@id":"https:\/\/www.pressenza.com\/es\/#\/schema\/person\/d983e81827ae24f2c7b1a2123d197f8d"},"headline":"Educar para el cambio: una nueva educaci\u00f3n para un mundo verdaderamente humano","datePublished":"2018-05-07T01:27:24+00:00","mainEntityOfPage":{"@id":"https:\/\/www.pressenza.com\/es\/2018\/05\/educar-cambio-una-nueva-educacion-mundo-verdaderamente-humano\/"},"wordCount":774,"publisher":{"@id":"https:\/\/www.pressenza.com\/es\/#organization"},"image":{"@id":"https:\/\/www.pressenza.com\/es\/2018\/05\/educar-cambio-una-nueva-educacion-mundo-verdaderamente-humano\/#primaryimage"},"thumbnailUrl":"https:\/\/www.pressenza.com\/wp-content\/uploads\/2018\/05\/LIBRO.jpeg.jpg","keywords":["Conciencia activa","COPEHU","Educaci\u00f3n Humanista","Humanist Movement","Mario Aguilar","Milan","Multimage","Rebeca Bize","Roma"],"articleSection":["Cultura y Medios","Educaci\u00f3n","Humanismo y Espiritualidad"],"inLanguage":"es"},{"@type":"WebPage","@id":"https:\/\/www.pressenza.com\/es\/2018\/05\/educar-cambio-una-nueva-educacion-mundo-verdaderamente-humano\/","url":"https:\/\/www.pressenza.com\/es\/2018\/05\/educar-cambio-una-nueva-educacion-mundo-verdaderamente-humano\/","name":"Educar para el cambio: una nueva educaci\u00f3n para un mundo verdaderamente humano","isPartOf":{"@id":"https:\/\/www.pressenza.com\/es\/#website"},"primaryImageOfPage":{"@id":"https:\/\/www.pressenza.com\/es\/2018\/05\/educar-cambio-una-nueva-educacion-mundo-verdaderamente-humano\/#primaryimage"},"image":{"@id":"https:\/\/www.pressenza.com\/es\/2018\/05\/educar-cambio-una-nueva-educacion-mundo-verdaderamente-humano\/#primaryimage"},"thumbnailUrl":"https:\/\/www.pressenza.com\/wp-content\/uploads\/2018\/05\/LIBRO.jpeg.jpg","datePublished":"2018-05-07T01:27:24+00:00","description":"\"La educaci\u00f3n, para nosotros, es la m\u00e1s noble y significativa de las actividades humanas porque es la vanguardia de la direcci\u00f3n evolutiva del ser humano","breadcrumb":{"@id":"https:\/\/www.pressenza.com\/es\/2018\/05\/educar-cambio-una-nueva-educacion-mundo-verdaderamente-humano\/#breadcrumb"},"inLanguage":"es","potentialAction":[{"@type":"ReadAction","target":["https:\/\/www.pressenza.com\/es\/2018\/05\/educar-cambio-una-nueva-educacion-mundo-verdaderamente-humano\/"]}]},{"@type":"ImageObject","inLanguage":"es","@id":"https:\/\/www.pressenza.com\/es\/2018\/05\/educar-cambio-una-nueva-educacion-mundo-verdaderamente-humano\/#primaryimage","url":"https:\/\/www.pressenza.com\/wp-content\/uploads\/2018\/05\/LIBRO.jpeg.jpg","contentUrl":"https:\/\/www.pressenza.com\/wp-content\/uploads\/2018\/05\/LIBRO.jpeg.jpg","width":746,"height":893},{"@type":"BreadcrumbList","@id":"https:\/\/www.pressenza.com\/es\/2018\/05\/educar-cambio-una-nueva-educacion-mundo-verdaderamente-humano\/#breadcrumb","itemListElement":[{"@type":"ListItem","position":1,"name":"Accueil","item":"https:\/\/www.pressenza.com\/es\/"},{"@type":"ListItem","position":2,"name":"Educar para el cambio: una nueva educaci\u00f3n para un mundo verdaderamente humano"}]},{"@type":"WebSite","@id":"https:\/\/www.pressenza.com\/es\/#website","url":"https:\/\/www.pressenza.com\/es\/","name":"Pressenza","description":"International Press Agency","publisher":{"@id":"https:\/\/www.pressenza.com\/es\/#organization"},"potentialAction":[{"@type":"SearchAction","target":{"@type":"EntryPoint","urlTemplate":"https:\/\/www.pressenza.com\/es\/?s={search_term_string}"},"query-input":{"@type":"PropertyValueSpecification","valueRequired":true,"valueName":"search_term_string"}}],"inLanguage":"es"},{"@type":"Organization","@id":"https:\/\/www.pressenza.com\/es\/#organization","name":"Pressenza","url":"https:\/\/www.pressenza.com\/es\/","logo":{"@type":"ImageObject","inLanguage":"es","@id":"https:\/\/www.pressenza.com\/es\/#\/schema\/logo\/image\/","url":"https:\/\/www.pressenza.com\/wp-content\/uploads\/2022\/10\/pressenza_logo_200x200.jpg","contentUrl":"https:\/\/www.pressenza.com\/wp-content\/uploads\/2022\/10\/pressenza_logo_200x200.jpg","width":200,"height":200,"caption":"Pressenza"},"image":{"@id":"https:\/\/www.pressenza.com\/es\/#\/schema\/logo\/image\/"},"sameAs":["https:\/\/www.facebook.com\/PressenzaItalia","https:\/\/x.com\/PressenzaIPA"]},{"@type":"Person","@id":"https:\/\/www.pressenza.com\/es\/#\/schema\/person\/d983e81827ae24f2c7b1a2123d197f8d","name":"Redazione Italia","description":"News from the Pressenza Bureau in Italy","sameAs":["https:\/\/www.pressenza.com\/it\/author\/redazione-italia\/","https:\/\/www.facebook.com\/PressenzaItalia","https:\/\/www.instagram.com\/pressenza_italia\/","https:\/\/x.com\/pressenza_it","https:\/\/www.youtube.com\/channel\/UCSalEIWjE1RSxkwjfftFuqg"],"url":"https:\/\/www.pressenza.com\/es\/author\/redazione-italia\/"}]}},"place":"","original_article_url":"","_links":{"self":[{"href":"https:\/\/www.pressenza.com\/es\/wp-json\/wp\/v2\/posts\/636353","targetHints":{"allow":["GET"]}}],"collection":[{"href":"https:\/\/www.pressenza.com\/es\/wp-json\/wp\/v2\/posts"}],"about":[{"href":"https:\/\/www.pressenza.com\/es\/wp-json\/wp\/v2\/types\/post"}],"author":[{"embeddable":true,"href":"https:\/\/www.pressenza.com\/es\/wp-json\/wp\/v2\/users\/594"}],"replies":[{"embeddable":true,"href":"https:\/\/www.pressenza.com\/es\/wp-json\/wp\/v2\/comments?post=636353"}],"version-history":[{"count":0,"href":"https:\/\/www.pressenza.com\/es\/wp-json\/wp\/v2\/posts\/636353\/revisions"}],"wp:featuredmedia":[{"embeddable":true,"href":"https:\/\/www.pressenza.com\/es\/wp-json\/wp\/v2\/media\/636197"}],"wp:attachment":[{"href":"https:\/\/www.pressenza.com\/es\/wp-json\/wp\/v2\/media?parent=636353"}],"wp:term":[{"taxonomy":"category","embeddable":true,"href":"https:\/\/www.pressenza.com\/es\/wp-json\/wp\/v2\/categories?post=636353"},{"taxonomy":"post_tag","embeddable":true,"href":"https:\/\/www.pressenza.com\/es\/wp-json\/wp\/v2\/tags?post=636353"}],"curies":[{"name":"wp","href":"https:\/\/api.w.org\/{rel}","templated":true}]}}