{"id":636095,"date":"2018-05-06T18:45:46","date_gmt":"2018-05-06T17:45:46","guid":{"rendered":"https:\/\/www.pressenza.com\/?p=636095"},"modified":"2018-05-06T18:45:46","modified_gmt":"2018-05-06T17:45:46","slug":"espiral-armamentista-el-desarme-esta-a-la-orden-del-dia","status":"publish","type":"post","link":"https:\/\/www.pressenza.com\/es\/2018\/05\/espiral-armamentista-el-desarme-esta-a-la-orden-del-dia\/","title":{"rendered":"Espiral armamentista: el desarme est\u00e1 a la orden del d\u00eda"},"content":{"rendered":"<p><strong>La locura mundial por las armas contin\u00faa, aumentando por quinta vez consecutiva en 2017 hasta alcanzar los 1.700 millones de d\u00f3lares estadounidenses. Rusia est\u00e1 asombrosamente con una reducci\u00f3n del 20\u00a0% del gasto en armas.<\/strong><\/p>\n<p>Con motivo de la publicaci\u00f3n de las estad\u00edsticas sobre el gasto mundial en armamento para 2017 elaboradas por el Instituto Sueco de Investigaci\u00f3n para la Paz (<a href=\"https:\/\/www.sipri.org\/\">Instituto Internacional de Estocolmo para la Investigaci\u00f3n de la Paz &#8211; SIPRI<\/a>), miembros del Bundestag alem\u00e1n y representantes del movimiento por la paz criticaron el inmenso armamento mundial, que se refleja en los casi 1.739.000 millones de d\u00f3lares estadounidenses con tendencia al alza, en la conferencia de prensa de la <a href=\"http:\/\/www.ipb.org\/\">Oficina Internacional de la Paz<\/a> (IPB).<\/p>\n<p>Reiner Braun, de la Oficina Internacional de la Paz, inaugur\u00f3 la conferencia de prensa con motivo de las \u00faltimas cifras sobre el desarrollo de armamentos anunciadas por el SIPRI y de las jornadas mundiales de acci\u00f3n contra el gasto militar que se celebraron en esta ocasi\u00f3n con las siguientes palabras claras:<\/p>\n<p>\u00abLas cifras del SIPRI para 2018 muestran que la locura mundial por el armamentismo contin\u00faa y se acelera. La realidad de las cifras muestra que estamos en una fase de transici\u00f3n en la que los EE. UU. se est\u00e1n acercando a un bill\u00f3n de d\u00f3lares (1.000.000.000.000.000) y, sobre todo, los pa\u00edses emergentes China e India representan una gigantesca carrera armamentista en el Lejano Asia con tasas de crecimiento entre el 5% y el 7%\u00bb.<\/p>\n<h3><strong>Alemania y Europa forman parte de esta carrera armamentista<\/strong><\/h3>\n<p>\u00abEsto se complementa con el objetivo del 2% de la OTAN, con el que el Ministro de Asuntos Exteriores socialista Heiko Maas reiter\u00f3 su compromiso la semana pasada. Como resultado, el gasto en armamento de la OTAN aumentar\u00eda de unos 250.000 millones de euros a 400.000 millones de euros y el gasto alem\u00e1n en armamento se duplicar\u00eda. En realidad, el 0,7% significa 30.000 millones m\u00e1s para el armamento si Alemania quiere alcanzar el objetivo del 2% y, por lo tanto, ocupa el cuarto lugar en las cifras del SIPRI. Alemania y Europa son parte de esta carrera armamentista\u00bb, contin\u00faa el copresidente de la IPB.<\/p>\n<h3><strong>Rusia reduce su gasto en armamento en un 20%<\/strong><\/h3>\n<p>Esto hace que la reducci\u00f3n del 20\u00a0% del gasto en armamento en Rusia sea a\u00fan m\u00e1s sorprendente, lo que sin duda tambi\u00e9n puede atribuirse a la debilidad econ\u00f3mica del pa\u00eds. Pero tambi\u00e9n vale la pena considerar que Rusia no est\u00e1 respondiendo a esta crisis econ\u00f3mica ni aumentando la deuda de su presupuesto ni aumentando los impuestos para la poblaci\u00f3n, sino m\u00e1s bien desarm\u00e1ndose y no creyendo que tiene que seguir el mismo camino, a\u00f1adi\u00f3 Reiner Braun.<\/p>\n<p>\u00abNos gustar\u00eda utilizar estas cifras de Rusia para hacer un llamado al gobierno alem\u00e1n para que tome esto como una se\u00f1al de que se debe usar una pol\u00edtica de distensi\u00f3n para responder y levantar las sanciones y finalmente volver a las relaciones de cooperaci\u00f3n con Rusia. Esa ser\u00eda una respuesta pol\u00edtica de paz a esta locura de las armas, que se refleja en las cifras\u00bb, concluy\u00f3 enf\u00e1ticamente su petici\u00f3n.<\/p>\n<h3><strong>Los desaf\u00edos mundiales hacen que sea imperativo volver al desarme<\/strong><\/h3>\n<p>En cambio, no se ha podido llegar a un acuerdo sobre ning\u00fan punto de las negociaciones de Bonn con vistas a la 24\u00aa Conferencia de las Naciones Unidas sobre el clima, porque la financiaci\u00f3n de todos los gastos de la pol\u00edtica clim\u00e1tica est\u00e1 totalmente pendiente y el Fondo para el Clima 2020 ascender\u00e1 a 200\u00a0000 millones, pero ni siquiera se han mencionado 37\u00a0000 millones. Werner Braun record\u00f3 una vez m\u00e1s: \u00abLos desaf\u00edos globales exigen un cambio urgente hacia el desarme.\u00bb<\/p>\n<p>Kathrin Vogler, MdB die Linke, tampoco se content\u00f3 con sus cr\u00edticas: \u00abLos 120.000 millones de d\u00f3lares que se gastaron m\u00e1s en todo el mundo en 2017 corresponden a m\u00e1s de la mitad de lo que tienen en sus arcas los ministros de finanzas del mundo. Si se calcula a una escala reducida, se gastan 248 d\u00f3lares per c\u00e1pita en todo el mundo en armamento y preparaci\u00f3n para la guerra. Los planes de rearme de la OTAN, que ser\u00e1n aplicados gradualmente por la gran coalici\u00f3n, significan que el gasto en armamento en Alemania se duplicar\u00e1 hasta alcanzar los 70.000 millones. El presupuesto del Bundeswehr aumentar\u00eda entre el 15% y el 20% del presupuesto federal\u00bb.<\/p>\n<h3><strong>Cuando la OTAN llama, s\u00fabitamente hay mucho dinero all\u00ed<\/strong><\/h3>\n<p>\u00abCasi a diario o\u00edmos en el Bundestag que para una pensi\u00f3n sostenible con la que se pueda vivir dignamente en la vejez, no se dispone de dinero para un sistema de seguridad social en el que las personas no est\u00e9n excluidas o para un sistema sanitario justo y salarios m\u00e1s altos. Pero cuando la OTAN llama, el fusil de la Sra. von der Leyen est\u00e1 a sus pies y repentinamente hay mucho dinero. Las anteriores guerras de intervenci\u00f3n del Bundeswehr han costado 51.000 millones desde Afganist\u00e1n, pasando por Somalia, hasta Mal\u00ed\u00bb, continu\u00f3 Vogler.<\/p>\n<h2><strong>Combatir y desarmar al enemigo <\/strong><\/h2>\n<p>\u00abEl desarme est\u00e1 a la orden del d\u00eda; debemos enfrentarnos a los desaf\u00edos de la pol\u00edtica global, tambi\u00e9n en Alemania. Lo que significa que necesitamos mucha m\u00e1s cooperaci\u00f3n\u00bb. El desarme s\u00f3lo se producir\u00eda mediante el di\u00e1logo y la cooperaci\u00f3n con aquellos que de otro modo se imaginar\u00edan como enemigos. Hay que luchar contra las im\u00e1genes enemigas y concretar el desarme, porque se puede hacer mucho m\u00e1s por un mundo justo y sostenible y por una transformaci\u00f3n socio-ecol\u00f3gica de nuestra sociedad y as\u00ed eliminar muchas causas de guerra y violencia en el planeta, resumi\u00f3 Katrin Vogler.<\/p>\n<p>En respuesta a las preguntas de los periodistas, el diputado del Bundestag se\u00f1al\u00f3 que no era la primera vez que Rusia reduc\u00eda el gasto en armas. El a\u00f1o pasado fue del 10% y ahora es del 20% de reducci\u00f3n de gastos. Si Rusia sigue reduciendo el gasto militar y Alemania sigue aumentando como estaba previsto, muy pronto nos encontraremos en una situaci\u00f3n en la que s\u00f3lo Alemania gasta m\u00e1s en armamento que Rusia. \u00abMe parece un hecho muy preocupante, ya que entiendo a Alemania como un pa\u00eds sin grandes ambiciones de poder. Mientras tanto, uno puede tener la impresi\u00f3n de que esto ha cambiado. No quiero una Alemania que tenga grandes ambiciones de poder y, sobre todo, una Alemania que viva militarmente tales ambiciones\u00bb.<\/p>\n<h3><strong>El paradigma se aleja de la guerra como \u00faltimo recurso<\/strong><\/h3>\n<p>Antje Heider-Rottwilm, Church and Peace e.V., enfatiz\u00f3: \u00abMientras aceptemos el paradigma de la opci\u00f3n militar como \u00faltimo recurso, nada cambiar\u00e1 fundamentalmente. El uso de los fondos no cambiar\u00e1, ya que siempre nos ocupamos de las razones de \u00faltima hora y, por lo tanto, es la raz\u00f3n principal\u00bb.<\/p>\n<p>Al final de la conferencia de prensa, la hasta ahora \u00fanica llamada internacional <a href=\"https:\/\/abruesten.jetzt\/2018\/05\/internationaler-appell-disarm-dont-arm\/\">\u00ab\u00a1Desarme! \u00a1No al armamentismo!\u00bb<\/a>, que promueve activamente el desarme y fue firmado por varios Premios Nobel, parlamentarios y sindicalistas internacionales, entre otros. Esta amplia participaci\u00f3n demuestra que el desarme puede volver a incluirse en el programa. El desarme est\u00e1 a la orden del d\u00eda, como se afirma en el llamado, y no s\u00f3lo se necesita un debate, sino tambi\u00e9n un movimiento internacional en pro del desarme.<\/p>\n<p><em>M\u00e1s informaci\u00f3n:<\/em><\/p>\n<ul>\n<li><a href=\"https:\/\/www.sipri.org\/media\/press-release\/2018\/global-military-spending-remains-high-17-trillion\">El gasto militar mundial sigue en aumento, con 1,7 billones de d\u00f3lares<\/a><\/li>\n<li><a href=\"http:\/\/demilitarize.org\/\">Campa\u00f1a Global de Gastos Militares<\/a><\/li>\n<li><a href=\"https:\/\/www.pressenza.com\/de\/2018\/05\/ruestungsspirale-abruestung-ist-das-gebot-der-stunde\/Internationaler%20Appell:%20Disarm!%20Don%E2%80%99t%20Arm!\">Desmantelamiento en lugar de actualizaci\u00f3n<\/a><\/li>\n<li><a href=\"http:\/\/www.sueddeutsche.de\/politik\/bundeswehr-deutschland-am-hindukusch-verteidigen-das-war-einmal-1.3965754\">Defender a Alemania en el Hindu Kush &#8211; ese fue una vez el caso <\/a><\/li>\n<\/ul>\n","protected":false},"excerpt":{"rendered":"<p>La locura mundial por las armas contin\u00faa, aumentando por quinta vez consecutiva en 2017 hasta alcanzar los 1.700 millones de d\u00f3lares estadounidenses. Rusia est\u00e1 asombrosamente con una reducci\u00f3n del 20\u00a0% del gasto en armas. Con motivo de la publicaci\u00f3n de&hellip;<\/p>\n","protected":false},"author":1089,"featured_media":636005,"comment_status":"closed","ping_status":"closed","sticky":false,"template":"","format":"standard","meta":{"footnotes":""},"categories":[11389,39,1243],"tags":[19665,45858,45857,26321,4108],"class_list":["post-636095","post","type-post","status-publish","format-standard","has-post-thumbnail","hentry","category-contenido-original","category-internacional","category-paz-desarme","tag-armamento","tag-belicismo","tag-carrera-de-armamento","tag-ipb","tag-sipri"],"yoast_head":"<!-- This site is optimized with the Yoast SEO plugin v27.1.1 - https:\/\/yoast.com\/product\/yoast-seo-wordpress\/ -->\n<title>Espiral armamentista: el desarme est\u00e1 a la orden del d\u00eda<\/title>\n<meta name=\"description\" content=\"La locura mundial por las armas contin\u00faa, aumentando por quinta vez consecutiva en 2017 hasta alcanzar los 1.700 millones de d\u00f3lares estadounidenses.\" \/>\n<meta name=\"robots\" content=\"index, follow, max-snippet:-1, max-image-preview:large, max-video-preview:-1\" \/>\n<link rel=\"canonical\" href=\"https:\/\/www.pressenza.com\/es\/2018\/05\/espiral-armamentista-el-desarme-esta-a-la-orden-del-dia\/\" \/>\n<meta property=\"og:locale\" content=\"es_ES\" \/>\n<meta property=\"og:type\" content=\"article\" \/>\n<meta property=\"og:title\" content=\"Espiral armamentista: el desarme est\u00e1 a la orden del d\u00eda\" \/>\n<meta property=\"og:description\" content=\"La locura mundial por las armas contin\u00faa, aumentando por quinta vez consecutiva en 2017 hasta alcanzar los 1.700 millones de d\u00f3lares estadounidenses.\" \/>\n<meta property=\"og:url\" content=\"https:\/\/www.pressenza.com\/es\/2018\/05\/espiral-armamentista-el-desarme-esta-a-la-orden-del-dia\/\" \/>\n<meta property=\"og:site_name\" content=\"Pressenza\" \/>\n<meta property=\"article:publisher\" content=\"https:\/\/www.facebook.com\/PressenzaItalia\" \/>\n<meta property=\"article:author\" content=\"https:\/\/www.facebook.com\/rthumiger\" \/>\n<meta property=\"article:published_time\" content=\"2018-05-06T17:45:46+00:00\" \/>\n<meta property=\"og:image\" content=\"https:\/\/www.pressenza.com\/wp-content\/uploads\/2018\/05\/SIPRI_PK_IPB_02-05-2018.jpg\" \/>\n\t<meta property=\"og:image:width\" content=\"750\" \/>\n\t<meta property=\"og:image:height\" content=\"424\" \/>\n\t<meta property=\"og:image:type\" content=\"image\/jpeg\" \/>\n<meta name=\"author\" content=\"Reto Thumiger\" \/>\n<meta name=\"twitter:card\" content=\"summary_large_image\" \/>\n<meta name=\"twitter:creator\" content=\"@pressenza_ger\" \/>\n<meta name=\"twitter:site\" content=\"@PressenzaIPA\" \/>\n<meta name=\"twitter:label1\" content=\"Escrito por\" \/>\n\t<meta name=\"twitter:data1\" content=\"Reto Thumiger\" \/>\n\t<meta name=\"twitter:label2\" content=\"Tiempo de lectura\" \/>\n\t<meta name=\"twitter:data2\" content=\"6 minutos\" \/>\n<script type=\"application\/ld+json\" class=\"yoast-schema-graph\">{\"@context\":\"https:\/\/schema.org\",\"@graph\":[{\"@type\":\"Article\",\"@id\":\"https:\/\/www.pressenza.com\/es\/2018\/05\/espiral-armamentista-el-desarme-esta-a-la-orden-del-dia\/#article\",\"isPartOf\":{\"@id\":\"https:\/\/www.pressenza.com\/es\/2018\/05\/espiral-armamentista-el-desarme-esta-a-la-orden-del-dia\/\"},\"author\":{\"name\":\"Reto Thumiger\",\"@id\":\"https:\/\/www.pressenza.com\/es\/#\/schema\/person\/e233667f8b5764bd84b766de5286a5fa\"},\"headline\":\"Espiral armamentista: el desarme est\u00e1 a la orden del d\u00eda\",\"datePublished\":\"2018-05-06T17:45:46+00:00\",\"mainEntityOfPage\":{\"@id\":\"https:\/\/www.pressenza.com\/es\/2018\/05\/espiral-armamentista-el-desarme-esta-a-la-orden-del-dia\/\"},\"wordCount\":1295,\"publisher\":{\"@id\":\"https:\/\/www.pressenza.com\/es\/#organization\"},\"image\":{\"@id\":\"https:\/\/www.pressenza.com\/es\/2018\/05\/espiral-armamentista-el-desarme-esta-a-la-orden-del-dia\/#primaryimage\"},\"thumbnailUrl\":\"https:\/\/www.pressenza.com\/wp-content\/uploads\/2018\/05\/SIPRI_PK_IPB_02-05-2018.jpg\",\"keywords\":[\"armamento\",\"belicismo\",\"carrera de armamento\",\"IPB\",\"SIPRI\"],\"articleSection\":[\"Contenido Original\",\"Internacional\",\"Paz y Desarme\"],\"inLanguage\":\"es\"},{\"@type\":\"WebPage\",\"@id\":\"https:\/\/www.pressenza.com\/es\/2018\/05\/espiral-armamentista-el-desarme-esta-a-la-orden-del-dia\/\",\"url\":\"https:\/\/www.pressenza.com\/es\/2018\/05\/espiral-armamentista-el-desarme-esta-a-la-orden-del-dia\/\",\"name\":\"Espiral armamentista: el desarme est\u00e1 a la orden del d\u00eda\",\"isPartOf\":{\"@id\":\"https:\/\/www.pressenza.com\/es\/#website\"},\"primaryImageOfPage\":{\"@id\":\"https:\/\/www.pressenza.com\/es\/2018\/05\/espiral-armamentista-el-desarme-esta-a-la-orden-del-dia\/#primaryimage\"},\"image\":{\"@id\":\"https:\/\/www.pressenza.com\/es\/2018\/05\/espiral-armamentista-el-desarme-esta-a-la-orden-del-dia\/#primaryimage\"},\"thumbnailUrl\":\"https:\/\/www.pressenza.com\/wp-content\/uploads\/2018\/05\/SIPRI_PK_IPB_02-05-2018.jpg\",\"datePublished\":\"2018-05-06T17:45:46+00:00\",\"description\":\"La locura mundial por las armas contin\u00faa, aumentando por quinta vez consecutiva en 2017 hasta alcanzar los 1.700 millones de d\u00f3lares estadounidenses.\",\"breadcrumb\":{\"@id\":\"https:\/\/www.pressenza.com\/es\/2018\/05\/espiral-armamentista-el-desarme-esta-a-la-orden-del-dia\/#breadcrumb\"},\"inLanguage\":\"es\",\"potentialAction\":[{\"@type\":\"ReadAction\",\"target\":[\"https:\/\/www.pressenza.com\/es\/2018\/05\/espiral-armamentista-el-desarme-esta-a-la-orden-del-dia\/\"]}]},{\"@type\":\"ImageObject\",\"inLanguage\":\"es\",\"@id\":\"https:\/\/www.pressenza.com\/es\/2018\/05\/espiral-armamentista-el-desarme-esta-a-la-orden-del-dia\/#primaryimage\",\"url\":\"https:\/\/www.pressenza.com\/wp-content\/uploads\/2018\/05\/SIPRI_PK_IPB_02-05-2018.jpg\",\"contentUrl\":\"https:\/\/www.pressenza.com\/wp-content\/uploads\/2018\/05\/SIPRI_PK_IPB_02-05-2018.jpg\",\"width\":750,\"height\":424},{\"@type\":\"BreadcrumbList\",\"@id\":\"https:\/\/www.pressenza.com\/es\/2018\/05\/espiral-armamentista-el-desarme-esta-a-la-orden-del-dia\/#breadcrumb\",\"itemListElement\":[{\"@type\":\"ListItem\",\"position\":1,\"name\":\"Accueil\",\"item\":\"https:\/\/www.pressenza.com\/es\/\"},{\"@type\":\"ListItem\",\"position\":2,\"name\":\"Espiral armamentista: el desarme est\u00e1 a la orden del d\u00eda\"}]},{\"@type\":\"WebSite\",\"@id\":\"https:\/\/www.pressenza.com\/es\/#website\",\"url\":\"https:\/\/www.pressenza.com\/es\/\",\"name\":\"Pressenza\",\"description\":\"International Press Agency\",\"publisher\":{\"@id\":\"https:\/\/www.pressenza.com\/es\/#organization\"},\"potentialAction\":[{\"@type\":\"SearchAction\",\"target\":{\"@type\":\"EntryPoint\",\"urlTemplate\":\"https:\/\/www.pressenza.com\/es\/?s={search_term_string}\"},\"query-input\":{\"@type\":\"PropertyValueSpecification\",\"valueRequired\":true,\"valueName\":\"search_term_string\"}}],\"inLanguage\":\"es\"},{\"@type\":\"Organization\",\"@id\":\"https:\/\/www.pressenza.com\/es\/#organization\",\"name\":\"Pressenza\",\"url\":\"https:\/\/www.pressenza.com\/es\/\",\"logo\":{\"@type\":\"ImageObject\",\"inLanguage\":\"es\",\"@id\":\"https:\/\/www.pressenza.com\/es\/#\/schema\/logo\/image\/\",\"url\":\"https:\/\/www.pressenza.com\/wp-content\/uploads\/2022\/10\/pressenza_logo_200x200.jpg\",\"contentUrl\":\"https:\/\/www.pressenza.com\/wp-content\/uploads\/2022\/10\/pressenza_logo_200x200.jpg\",\"width\":200,\"height\":200,\"caption\":\"Pressenza\"},\"image\":{\"@id\":\"https:\/\/www.pressenza.com\/es\/#\/schema\/logo\/image\/\"},\"sameAs\":[\"https:\/\/www.facebook.com\/PressenzaItalia\",\"https:\/\/x.com\/PressenzaIPA\"]},{\"@type\":\"Person\",\"@id\":\"https:\/\/www.pressenza.com\/es\/#\/schema\/person\/e233667f8b5764bd84b766de5286a5fa\",\"name\":\"Reto Thumiger\",\"description\":\"The Swiss-born business administrator has been an activist for the New Humanism for over 25 years. He is committed to the promotion of cultural diversity, equal rights and the creation of equal opportunities for all people. He is committed to an internal and external revolution based on active non-violence. Through his voluntary work at Pressenza, he endeavours to contribute to overcoming violence through journalism that focuses on peace and non-violence.\",\"sameAs\":[\"http:\/\/www.pressenza.com\/de\",\"https:\/\/www.facebook.com\/rthumiger\",\"https:\/\/x.com\/pressenza_ger\"],\"url\":\"https:\/\/www.pressenza.com\/es\/author\/reto-thumiger\/\"}]}<\/script>\n<!-- \/ Yoast SEO plugin. -->","yoast_head_json":{"title":"Espiral armamentista: el desarme est\u00e1 a la orden del d\u00eda","description":"La locura mundial por las armas contin\u00faa, aumentando por quinta vez consecutiva en 2017 hasta alcanzar los 1.700 millones de d\u00f3lares estadounidenses.","robots":{"index":"index","follow":"follow","max-snippet":"max-snippet:-1","max-image-preview":"max-image-preview:large","max-video-preview":"max-video-preview:-1"},"canonical":"https:\/\/www.pressenza.com\/es\/2018\/05\/espiral-armamentista-el-desarme-esta-a-la-orden-del-dia\/","og_locale":"es_ES","og_type":"article","og_title":"Espiral armamentista: el desarme est\u00e1 a la orden del d\u00eda","og_description":"La locura mundial por las armas contin\u00faa, aumentando por quinta vez consecutiva en 2017 hasta alcanzar los 1.700 millones de d\u00f3lares estadounidenses.","og_url":"https:\/\/www.pressenza.com\/es\/2018\/05\/espiral-armamentista-el-desarme-esta-a-la-orden-del-dia\/","og_site_name":"Pressenza","article_publisher":"https:\/\/www.facebook.com\/PressenzaItalia","article_author":"https:\/\/www.facebook.com\/rthumiger","article_published_time":"2018-05-06T17:45:46+00:00","og_image":[{"width":750,"height":424,"url":"https:\/\/www.pressenza.com\/wp-content\/uploads\/2018\/05\/SIPRI_PK_IPB_02-05-2018.jpg","type":"image\/jpeg"}],"author":"Reto Thumiger","twitter_card":"summary_large_image","twitter_creator":"@pressenza_ger","twitter_site":"@PressenzaIPA","twitter_misc":{"Escrito por":"Reto Thumiger","Tiempo de lectura":"6 minutos"},"schema":{"@context":"https:\/\/schema.org","@graph":[{"@type":"Article","@id":"https:\/\/www.pressenza.com\/es\/2018\/05\/espiral-armamentista-el-desarme-esta-a-la-orden-del-dia\/#article","isPartOf":{"@id":"https:\/\/www.pressenza.com\/es\/2018\/05\/espiral-armamentista-el-desarme-esta-a-la-orden-del-dia\/"},"author":{"name":"Reto Thumiger","@id":"https:\/\/www.pressenza.com\/es\/#\/schema\/person\/e233667f8b5764bd84b766de5286a5fa"},"headline":"Espiral armamentista: el desarme est\u00e1 a la orden del d\u00eda","datePublished":"2018-05-06T17:45:46+00:00","mainEntityOfPage":{"@id":"https:\/\/www.pressenza.com\/es\/2018\/05\/espiral-armamentista-el-desarme-esta-a-la-orden-del-dia\/"},"wordCount":1295,"publisher":{"@id":"https:\/\/www.pressenza.com\/es\/#organization"},"image":{"@id":"https:\/\/www.pressenza.com\/es\/2018\/05\/espiral-armamentista-el-desarme-esta-a-la-orden-del-dia\/#primaryimage"},"thumbnailUrl":"https:\/\/www.pressenza.com\/wp-content\/uploads\/2018\/05\/SIPRI_PK_IPB_02-05-2018.jpg","keywords":["armamento","belicismo","carrera de armamento","IPB","SIPRI"],"articleSection":["Contenido Original","Internacional","Paz y Desarme"],"inLanguage":"es"},{"@type":"WebPage","@id":"https:\/\/www.pressenza.com\/es\/2018\/05\/espiral-armamentista-el-desarme-esta-a-la-orden-del-dia\/","url":"https:\/\/www.pressenza.com\/es\/2018\/05\/espiral-armamentista-el-desarme-esta-a-la-orden-del-dia\/","name":"Espiral armamentista: el desarme est\u00e1 a la orden del d\u00eda","isPartOf":{"@id":"https:\/\/www.pressenza.com\/es\/#website"},"primaryImageOfPage":{"@id":"https:\/\/www.pressenza.com\/es\/2018\/05\/espiral-armamentista-el-desarme-esta-a-la-orden-del-dia\/#primaryimage"},"image":{"@id":"https:\/\/www.pressenza.com\/es\/2018\/05\/espiral-armamentista-el-desarme-esta-a-la-orden-del-dia\/#primaryimage"},"thumbnailUrl":"https:\/\/www.pressenza.com\/wp-content\/uploads\/2018\/05\/SIPRI_PK_IPB_02-05-2018.jpg","datePublished":"2018-05-06T17:45:46+00:00","description":"La locura mundial por las armas contin\u00faa, aumentando por quinta vez consecutiva en 2017 hasta alcanzar los 1.700 millones de d\u00f3lares estadounidenses.","breadcrumb":{"@id":"https:\/\/www.pressenza.com\/es\/2018\/05\/espiral-armamentista-el-desarme-esta-a-la-orden-del-dia\/#breadcrumb"},"inLanguage":"es","potentialAction":[{"@type":"ReadAction","target":["https:\/\/www.pressenza.com\/es\/2018\/05\/espiral-armamentista-el-desarme-esta-a-la-orden-del-dia\/"]}]},{"@type":"ImageObject","inLanguage":"es","@id":"https:\/\/www.pressenza.com\/es\/2018\/05\/espiral-armamentista-el-desarme-esta-a-la-orden-del-dia\/#primaryimage","url":"https:\/\/www.pressenza.com\/wp-content\/uploads\/2018\/05\/SIPRI_PK_IPB_02-05-2018.jpg","contentUrl":"https:\/\/www.pressenza.com\/wp-content\/uploads\/2018\/05\/SIPRI_PK_IPB_02-05-2018.jpg","width":750,"height":424},{"@type":"BreadcrumbList","@id":"https:\/\/www.pressenza.com\/es\/2018\/05\/espiral-armamentista-el-desarme-esta-a-la-orden-del-dia\/#breadcrumb","itemListElement":[{"@type":"ListItem","position":1,"name":"Accueil","item":"https:\/\/www.pressenza.com\/es\/"},{"@type":"ListItem","position":2,"name":"Espiral armamentista: el desarme est\u00e1 a la orden del d\u00eda"}]},{"@type":"WebSite","@id":"https:\/\/www.pressenza.com\/es\/#website","url":"https:\/\/www.pressenza.com\/es\/","name":"Pressenza","description":"International Press Agency","publisher":{"@id":"https:\/\/www.pressenza.com\/es\/#organization"},"potentialAction":[{"@type":"SearchAction","target":{"@type":"EntryPoint","urlTemplate":"https:\/\/www.pressenza.com\/es\/?s={search_term_string}"},"query-input":{"@type":"PropertyValueSpecification","valueRequired":true,"valueName":"search_term_string"}}],"inLanguage":"es"},{"@type":"Organization","@id":"https:\/\/www.pressenza.com\/es\/#organization","name":"Pressenza","url":"https:\/\/www.pressenza.com\/es\/","logo":{"@type":"ImageObject","inLanguage":"es","@id":"https:\/\/www.pressenza.com\/es\/#\/schema\/logo\/image\/","url":"https:\/\/www.pressenza.com\/wp-content\/uploads\/2022\/10\/pressenza_logo_200x200.jpg","contentUrl":"https:\/\/www.pressenza.com\/wp-content\/uploads\/2022\/10\/pressenza_logo_200x200.jpg","width":200,"height":200,"caption":"Pressenza"},"image":{"@id":"https:\/\/www.pressenza.com\/es\/#\/schema\/logo\/image\/"},"sameAs":["https:\/\/www.facebook.com\/PressenzaItalia","https:\/\/x.com\/PressenzaIPA"]},{"@type":"Person","@id":"https:\/\/www.pressenza.com\/es\/#\/schema\/person\/e233667f8b5764bd84b766de5286a5fa","name":"Reto Thumiger","description":"The Swiss-born business administrator has been an activist for the New Humanism for over 25 years. He is committed to the promotion of cultural diversity, equal rights and the creation of equal opportunities for all people. He is committed to an internal and external revolution based on active non-violence. Through his voluntary work at Pressenza, he endeavours to contribute to overcoming violence through journalism that focuses on peace and non-violence.","sameAs":["http:\/\/www.pressenza.com\/de","https:\/\/www.facebook.com\/rthumiger","https:\/\/x.com\/pressenza_ger"],"url":"https:\/\/www.pressenza.com\/es\/author\/reto-thumiger\/"}]}},"place":"Berl\u00edn","original_article_url":"","_links":{"self":[{"href":"https:\/\/www.pressenza.com\/es\/wp-json\/wp\/v2\/posts\/636095","targetHints":{"allow":["GET"]}}],"collection":[{"href":"https:\/\/www.pressenza.com\/es\/wp-json\/wp\/v2\/posts"}],"about":[{"href":"https:\/\/www.pressenza.com\/es\/wp-json\/wp\/v2\/types\/post"}],"author":[{"embeddable":true,"href":"https:\/\/www.pressenza.com\/es\/wp-json\/wp\/v2\/users\/1089"}],"replies":[{"embeddable":true,"href":"https:\/\/www.pressenza.com\/es\/wp-json\/wp\/v2\/comments?post=636095"}],"version-history":[{"count":0,"href":"https:\/\/www.pressenza.com\/es\/wp-json\/wp\/v2\/posts\/636095\/revisions"}],"wp:featuredmedia":[{"embeddable":true,"href":"https:\/\/www.pressenza.com\/es\/wp-json\/wp\/v2\/media\/636005"}],"wp:attachment":[{"href":"https:\/\/www.pressenza.com\/es\/wp-json\/wp\/v2\/media?parent=636095"}],"wp:term":[{"taxonomy":"category","embeddable":true,"href":"https:\/\/www.pressenza.com\/es\/wp-json\/wp\/v2\/categories?post=636095"},{"taxonomy":"post_tag","embeddable":true,"href":"https:\/\/www.pressenza.com\/es\/wp-json\/wp\/v2\/tags?post=636095"}],"curies":[{"name":"wp","href":"https:\/\/api.w.org\/{rel}","templated":true}]}}