{"id":635735,"date":"2018-05-05T17:02:53","date_gmt":"2018-05-05T16:02:53","guid":{"rendered":"https:\/\/www.pressenza.com\/?p=635735"},"modified":"2018-05-05T17:02:53","modified_gmt":"2018-05-05T16:02:53","slug":"historico-fallo-condena-banda-neonazi-mar-del-plata","status":"publish","type":"post","link":"https:\/\/www.pressenza.com\/es\/2018\/05\/historico-fallo-condena-banda-neonazi-mar-del-plata\/","title":{"rendered":"Hist\u00f3rico fallo condena a banda neonazi en Mar del Plata"},"content":{"rendered":"<p><em><strong>Por Osvaldo Bocero (*)<\/strong><\/em><\/p>\n<p>Con la lectura de las sentencias culmin\u00f3 este jueves el juicio a los integrantes de la agrupaci\u00f3n neonazi que realiz\u00f3 ataques hacia personas de colectivos vulnerables y sobre edificios p\u00fablicos. Fueron condenados por integrar una \u201csociedad delictiva que profesaba una ideolog\u00eda totalitaria, racista y violenta\u201d.<\/p>\n<p>El\u00a0Tribunal Oral Federal (TOF) de Mar del Plata, Argentina,\u00a0integrado por los jueces\u00a0Mario Portella, Roberto Falcone y Bernardo Bibel\u00a0consider\u00f3 probada la existencia de una organizaci\u00f3n entre los imputados, en sinton\u00eda con las querellas y contrario a lo sostenido por el fiscal Juan Manuel Pettigiani, quien hab\u00eda solicitado penas menores y absoluciones para los imputados. De esta forma,\u00a0conden\u00f3 a siete de los acusados a penas de entre\u00a04 y\u00a09 a\u00f1os de prisi\u00f3n.<\/p>\n<p>Antes de anunciar las condenas, el juez\u00a0Roberto Falcone\u00a0fundament\u00f3 los considerandos que tuvo en cuenta el Tribunal \u2013que integran adem\u00e1s \u00a0Mario Portella y Bernardo Bibel-\u00a0para establecer las penas. En su exposici\u00f3n,\u00a0desestim\u00f3 los argumentos expuestos a lo largo del proceso penal por el fiscal,\u00a0para quien \u201cno oper\u00f3 hilo organizacional alguno\u201d en los hechos juzgados.<\/p>\n<p>Para el Tribunal, el Ministerio P\u00fablico Fiscal y las defensas \u201canalizaron la intervenci\u00f3n de los imputados en los hechos a partir de la\u00a0teor\u00eda formal-objetiva, que rigi\u00f3 en Alemania entre 1915 y 1933, y que hoy est\u00e1 abandonada\u201d.<\/p>\n<p>El punto central del juicio fue la comprobaci\u00f3n de una organizaci\u00f3n criminal conformada para llevar ataques neonazis que se sucedieron entre 2014 y 2016 en Mar del Plata sobre personas trans, integrantes de colectivos de diversidad sexual y militantes antifascistas.<\/p>\n<p>El Dr. Falcone representando al Tribunal, expres\u00f3 que los delitos perpetrados por los acusados\u00a0\u201cincitan al odio, a la hostilidad, a la discriminaci\u00f3n, a la violencia, todos sentimientos destructivos del orden social y democr\u00e1tico\u201d. \u201cSe nos ha presentado un falso escenario\u201d,\u00a0y continu\u00f3: \u201cEsto no fue una confrontaci\u00f3n entre tribus urbanas por la disputa del espacio p\u00fablico.\u00a0El odio es un sentimiento destructivo.\u00a0El derecho jam\u00e1s lo puede tratar con benevolencia\u201d.<\/p>\n<p>Concluida la fundamentaci\u00f3n, el Tribunal dio a conocer\u00a0el veredicto:\u00a0Alan Emanuel Olea\u00a0y\u00a0Gonzalo Salom\u00f3n Paniagua\u00a0fueron condenados a 9 a\u00f1os de prisi\u00f3n;\u00a0Nicol\u00e1s Caputo\u00a0a 8 a\u00f1os y seis meses;\u00a0Oleksandr Levchenko\u00a0a 9 a\u00f1os y seis meses;\u00a0Franco Mart\u00edn Pozas\u00a0a 4 a\u00f1os y seis meses;\u00a0Giuliano Spagnolo\u00a0a 5 a\u00f1os y seis meses\u00a0y\u00a0Marcos Caputo,\u00a0debido a su condici\u00f3n de menor al momento de perpetuar los ataques, a un tratamiento tutelar de 2 a\u00f1os. Por su parte, el \u00fanico absuelto fue\u00a0Giordano Spagnolo.<\/p>\n<p>Esto pidieron las querellas y la Fiscal\u00eda y esta fue la condena:<strong>\u00a0<\/strong><\/p>\n<table width=\"0\">\n<tbody>\n<tr>\n<td width=\"173\"><strong>IMPUTADO<\/strong><\/td>\n<td width=\"134\"><strong>QUERELLAS<\/strong><\/td>\n<td width=\"145\"><strong>FISCALIA <\/strong><\/td>\n<td width=\"157\"><strong>CONDENA<\/strong><\/td>\n<\/tr>\n<tr>\n<td width=\"173\"><strong>Alan Olea<\/strong><\/td>\n<td width=\"134\"><strong>15 a\u00f1os<\/strong><\/td>\n<td width=\"145\"><strong>10 meses <\/strong><\/td>\n<td width=\"157\"><strong>9 a\u00f1os<\/strong><\/td>\n<\/tr>\n<tr>\n<td width=\"173\"><strong>Gonzalo Paniagua<\/strong><\/td>\n<td width=\"134\"><strong>15 a\u00f1os<\/strong><\/td>\n<td width=\"145\"><strong>2 a\u00f1os y medio<\/strong><\/td>\n<td width=\"157\"><strong>9 a\u00f1os<\/strong><\/td>\n<\/tr>\n<tr>\n<td width=\"173\"><strong>Nicol\u00e1s Caputo<\/strong><\/td>\n<td width=\"134\"><strong>15 a\u00f1os<\/strong><\/td>\n<td width=\"145\"><strong>3 a\u00f1os<\/strong><\/td>\n<td width=\"157\"><strong>8 a\u00f1os y medio<\/strong><\/td>\n<\/tr>\n<tr>\n<td width=\"173\"><strong>Oleksandr Levchenko<\/strong><\/td>\n<td width=\"134\"><strong>15 a\u00f1os<\/strong><\/td>\n<td width=\"145\"><strong>1 a\u00f1o y medio<\/strong><\/td>\n<td width=\"157\"><strong>9 a\u00f1os y medio<\/strong><\/td>\n<\/tr>\n<tr>\n<td width=\"173\"><strong>Franco Mart\u00edn Pozas<\/strong><\/td>\n<td width=\"134\"><strong>10 a\u00f1os (DAIA)<\/strong><\/p>\n<p><strong>8 a\u00f1os (Dr. Sivo)<\/strong><\/td>\n<td width=\"145\"><strong>10 meses<\/strong><\/td>\n<td width=\"157\"><strong>4 a\u00f1os y medio<\/strong><\/td>\n<\/tr>\n<tr>\n<td width=\"173\"><strong>Giuliano Spagnolo<\/strong><\/td>\n<td width=\"134\"><strong>8 a\u00f1os (DAIA) 12 a\u00f1os (Dr. Sivo)<\/strong><\/td>\n<td width=\"145\"><strong>Absoluci\u00f3n<\/strong><\/td>\n<td width=\"157\"><strong>5 a\u00f1os y medio<\/strong><\/td>\n<\/tr>\n<tr>\n<td width=\"173\"><strong>Giordano Spagnolo<\/strong><\/td>\n<td width=\"134\"><strong>8 a\u00f1os (DAIA) 6 a\u00f1os (Dr. Sivo)<\/strong><\/td>\n<td width=\"145\"><strong>Absoluci\u00f3n <\/strong><\/td>\n<td width=\"157\"><strong>Absuelto<\/strong><\/td>\n<\/tr>\n<tr>\n<td width=\"173\"><strong>Marcos Caputo<\/strong><\/td>\n<td width=\"134\"><strong>Medidas de Educaci\u00f3n por ser menor<\/strong><\/td>\n<td width=\"145\"><strong>Curso de Derecho<\/strong><\/td>\n<td width=\"157\"><strong>Tratamiento Tutelar de dos a\u00f1os<\/strong><\/td>\n<\/tr>\n<\/tbody>\n<\/table>\n<p><strong>\u00a0<\/strong>(*) Integrante del Colectivo por la No Violencia (organizaci\u00f3n que forma parte de la Asamblea por una sociedad sin fascismo)<\/p>\n","protected":false},"excerpt":{"rendered":"<p>Por Osvaldo Bocero (*) Con la lectura de las sentencias culmin\u00f3 este jueves el juicio a los integrantes de la agrupaci\u00f3n neonazi que realiz\u00f3 ataques hacia personas de colectivos vulnerables y sobre edificios p\u00fablicos. Fueron condenados por integrar una \u201csociedad&hellip;<\/p>\n","protected":false},"author":87,"featured_media":635754,"comment_status":"closed","ping_status":"closed","sticky":false,"template":"","format":"standard","meta":{"footnotes":""},"categories":[11389,79,1241,67],"tags":[26,2883,19327,20803,3098,4107],"class_list":["post-635735","post","type-post","status-publish","format-standard","has-post-thumbnail","hentry","category-contenido-original","category-derechos-humanos","category-diversidad","category-sudamerica","tag-argentina","tag-homofobia","tag-mar-del-plata","tag-neonazis","tag-racismo","tag-violencia-racial"],"yoast_head":"<!-- This site is optimized with the Yoast SEO plugin v27.1.1 - https:\/\/yoast.com\/product\/yoast-seo-wordpress\/ -->\n<title>Hist\u00f3rico fallo condena a banda neonazi en Mar del Plata<\/title>\n<meta name=\"description\" content=\"Por Osvaldo Bocero (*) Con la lectura de las sentencias culmin\u00f3 este jueves el juicio a los integrantes de la agrupaci\u00f3n neonazi que realiz\u00f3 ataques hacia\" \/>\n<meta name=\"robots\" content=\"index, follow, max-snippet:-1, max-image-preview:large, max-video-preview:-1\" \/>\n<link rel=\"canonical\" href=\"https:\/\/www.pressenza.com\/es\/2018\/05\/historico-fallo-condena-banda-neonazi-mar-del-plata\/\" \/>\n<meta property=\"og:locale\" content=\"es_ES\" \/>\n<meta property=\"og:type\" content=\"article\" \/>\n<meta property=\"og:title\" content=\"Hist\u00f3rico fallo condena a banda neonazi en Mar del Plata\" \/>\n<meta property=\"og:description\" content=\"Por Osvaldo Bocero (*) Con la lectura de las sentencias culmin\u00f3 este jueves el juicio a los integrantes de la agrupaci\u00f3n neonazi que realiz\u00f3 ataques hacia\" \/>\n<meta property=\"og:url\" content=\"https:\/\/www.pressenza.com\/es\/2018\/05\/historico-fallo-condena-banda-neonazi-mar-del-plata\/\" \/>\n<meta property=\"og:site_name\" content=\"Pressenza\" \/>\n<meta property=\"article:publisher\" content=\"https:\/\/www.facebook.com\/PressenzaItalia\" \/>\n<meta property=\"article:published_time\" content=\"2018-05-05T16:02:53+00:00\" \/>\n<meta property=\"og:image\" content=\"https:\/\/www.pressenza.com\/wp-content\/uploads\/2018\/05\/31944237_10211755906164459_6737599013521981440_n-2.jpg\" \/>\n\t<meta property=\"og:image:width\" content=\"882\" \/>\n\t<meta property=\"og:image:height\" content=\"579\" \/>\n\t<meta property=\"og:image:type\" content=\"image\/jpeg\" \/>\n<meta name=\"author\" content=\"Redacci\u00f3n Argentina\" \/>\n<meta name=\"twitter:card\" content=\"summary_large_image\" \/>\n<meta name=\"twitter:creator\" content=\"@pressenza\" \/>\n<meta name=\"twitter:site\" content=\"@PressenzaIPA\" \/>\n<meta name=\"twitter:label1\" content=\"Escrito por\" \/>\n\t<meta name=\"twitter:data1\" content=\"Redacci\u00f3n Argentina\" \/>\n\t<meta name=\"twitter:label2\" content=\"Tiempo de lectura\" \/>\n\t<meta name=\"twitter:data2\" content=\"3 minutos\" \/>\n<script type=\"application\/ld+json\" class=\"yoast-schema-graph\">{\"@context\":\"https:\/\/schema.org\",\"@graph\":[{\"@type\":\"Article\",\"@id\":\"https:\/\/www.pressenza.com\/es\/2018\/05\/historico-fallo-condena-banda-neonazi-mar-del-plata\/#article\",\"isPartOf\":{\"@id\":\"https:\/\/www.pressenza.com\/es\/2018\/05\/historico-fallo-condena-banda-neonazi-mar-del-plata\/\"},\"author\":{\"name\":\"Redacci\u00f3n Argentina\",\"@id\":\"https:\/\/www.pressenza.com\/es\/#\/schema\/person\/0dda7d1b68267ad95b1e1d83abc98c89\"},\"headline\":\"Hist\u00f3rico fallo condena a banda neonazi en Mar del Plata\",\"datePublished\":\"2018-05-05T16:02:53+00:00\",\"mainEntityOfPage\":{\"@id\":\"https:\/\/www.pressenza.com\/es\/2018\/05\/historico-fallo-condena-banda-neonazi-mar-del-plata\/\"},\"wordCount\":587,\"publisher\":{\"@id\":\"https:\/\/www.pressenza.com\/es\/#organization\"},\"image\":{\"@id\":\"https:\/\/www.pressenza.com\/es\/2018\/05\/historico-fallo-condena-banda-neonazi-mar-del-plata\/#primaryimage\"},\"thumbnailUrl\":\"https:\/\/www.pressenza.com\/wp-content\/uploads\/2018\/05\/31944237_10211755906164459_6737599013521981440_n-2.jpg\",\"keywords\":[\"Argentina\",\"homofobia\",\"Mar del Plata\",\"neonazis\",\"racismo\",\"Violencia racial\"],\"articleSection\":[\"Contenido Original\",\"Derechos Humanos\",\"Diversidad\",\"Sudam\u00e9rica\"],\"inLanguage\":\"es\"},{\"@type\":\"WebPage\",\"@id\":\"https:\/\/www.pressenza.com\/es\/2018\/05\/historico-fallo-condena-banda-neonazi-mar-del-plata\/\",\"url\":\"https:\/\/www.pressenza.com\/es\/2018\/05\/historico-fallo-condena-banda-neonazi-mar-del-plata\/\",\"name\":\"Hist\u00f3rico fallo condena a banda neonazi en Mar del Plata\",\"isPartOf\":{\"@id\":\"https:\/\/www.pressenza.com\/es\/#website\"},\"primaryImageOfPage\":{\"@id\":\"https:\/\/www.pressenza.com\/es\/2018\/05\/historico-fallo-condena-banda-neonazi-mar-del-plata\/#primaryimage\"},\"image\":{\"@id\":\"https:\/\/www.pressenza.com\/es\/2018\/05\/historico-fallo-condena-banda-neonazi-mar-del-plata\/#primaryimage\"},\"thumbnailUrl\":\"https:\/\/www.pressenza.com\/wp-content\/uploads\/2018\/05\/31944237_10211755906164459_6737599013521981440_n-2.jpg\",\"datePublished\":\"2018-05-05T16:02:53+00:00\",\"description\":\"Por Osvaldo Bocero (*) Con la lectura de las sentencias culmin\u00f3 este jueves el juicio a los integrantes de la agrupaci\u00f3n neonazi que realiz\u00f3 ataques hacia\",\"breadcrumb\":{\"@id\":\"https:\/\/www.pressenza.com\/es\/2018\/05\/historico-fallo-condena-banda-neonazi-mar-del-plata\/#breadcrumb\"},\"inLanguage\":\"es\",\"potentialAction\":[{\"@type\":\"ReadAction\",\"target\":[\"https:\/\/www.pressenza.com\/es\/2018\/05\/historico-fallo-condena-banda-neonazi-mar-del-plata\/\"]}]},{\"@type\":\"ImageObject\",\"inLanguage\":\"es\",\"@id\":\"https:\/\/www.pressenza.com\/es\/2018\/05\/historico-fallo-condena-banda-neonazi-mar-del-plata\/#primaryimage\",\"url\":\"https:\/\/www.pressenza.com\/wp-content\/uploads\/2018\/05\/31944237_10211755906164459_6737599013521981440_n-2.jpg\",\"contentUrl\":\"https:\/\/www.pressenza.com\/wp-content\/uploads\/2018\/05\/31944237_10211755906164459_6737599013521981440_n-2.jpg\",\"width\":882,\"height\":579},{\"@type\":\"BreadcrumbList\",\"@id\":\"https:\/\/www.pressenza.com\/es\/2018\/05\/historico-fallo-condena-banda-neonazi-mar-del-plata\/#breadcrumb\",\"itemListElement\":[{\"@type\":\"ListItem\",\"position\":1,\"name\":\"Accueil\",\"item\":\"https:\/\/www.pressenza.com\/es\/\"},{\"@type\":\"ListItem\",\"position\":2,\"name\":\"Hist\u00f3rico fallo condena a banda neonazi en Mar del Plata\"}]},{\"@type\":\"WebSite\",\"@id\":\"https:\/\/www.pressenza.com\/es\/#website\",\"url\":\"https:\/\/www.pressenza.com\/es\/\",\"name\":\"Pressenza\",\"description\":\"International Press Agency\",\"publisher\":{\"@id\":\"https:\/\/www.pressenza.com\/es\/#organization\"},\"potentialAction\":[{\"@type\":\"SearchAction\",\"target\":{\"@type\":\"EntryPoint\",\"urlTemplate\":\"https:\/\/www.pressenza.com\/es\/?s={search_term_string}\"},\"query-input\":{\"@type\":\"PropertyValueSpecification\",\"valueRequired\":true,\"valueName\":\"search_term_string\"}}],\"inLanguage\":\"es\"},{\"@type\":\"Organization\",\"@id\":\"https:\/\/www.pressenza.com\/es\/#organization\",\"name\":\"Pressenza\",\"url\":\"https:\/\/www.pressenza.com\/es\/\",\"logo\":{\"@type\":\"ImageObject\",\"inLanguage\":\"es\",\"@id\":\"https:\/\/www.pressenza.com\/es\/#\/schema\/logo\/image\/\",\"url\":\"https:\/\/www.pressenza.com\/wp-content\/uploads\/2022\/10\/pressenza_logo_200x200.jpg\",\"contentUrl\":\"https:\/\/www.pressenza.com\/wp-content\/uploads\/2022\/10\/pressenza_logo_200x200.jpg\",\"width\":200,\"height\":200,\"caption\":\"Pressenza\"},\"image\":{\"@id\":\"https:\/\/www.pressenza.com\/es\/#\/schema\/logo\/image\/\"},\"sameAs\":[\"https:\/\/www.facebook.com\/PressenzaItalia\",\"https:\/\/x.com\/PressenzaIPA\"]},{\"@type\":\"Person\",\"@id\":\"https:\/\/www.pressenza.com\/es\/#\/schema\/person\/0dda7d1b68267ad95b1e1d83abc98c89\",\"name\":\"Redacci\u00f3n Argentina\",\"description\":\"News from the Pressenza Bureau in Argentina.\",\"sameAs\":[\"https:\/\/x.com\/pressenza\"],\"url\":\"https:\/\/www.pressenza.com\/es\/author\/redaccion-argentina\/\"}]}<\/script>\n<!-- \/ Yoast SEO plugin. -->","yoast_head_json":{"title":"Hist\u00f3rico fallo condena a banda neonazi en Mar del Plata","description":"Por Osvaldo Bocero (*) Con la lectura de las sentencias culmin\u00f3 este jueves el juicio a los integrantes de la agrupaci\u00f3n neonazi que realiz\u00f3 ataques hacia","robots":{"index":"index","follow":"follow","max-snippet":"max-snippet:-1","max-image-preview":"max-image-preview:large","max-video-preview":"max-video-preview:-1"},"canonical":"https:\/\/www.pressenza.com\/es\/2018\/05\/historico-fallo-condena-banda-neonazi-mar-del-plata\/","og_locale":"es_ES","og_type":"article","og_title":"Hist\u00f3rico fallo condena a banda neonazi en Mar del Plata","og_description":"Por Osvaldo Bocero (*) Con la lectura de las sentencias culmin\u00f3 este jueves el juicio a los integrantes de la agrupaci\u00f3n neonazi que realiz\u00f3 ataques hacia","og_url":"https:\/\/www.pressenza.com\/es\/2018\/05\/historico-fallo-condena-banda-neonazi-mar-del-plata\/","og_site_name":"Pressenza","article_publisher":"https:\/\/www.facebook.com\/PressenzaItalia","article_published_time":"2018-05-05T16:02:53+00:00","og_image":[{"width":882,"height":579,"url":"https:\/\/www.pressenza.com\/wp-content\/uploads\/2018\/05\/31944237_10211755906164459_6737599013521981440_n-2.jpg","type":"image\/jpeg"}],"author":"Redacci\u00f3n Argentina","twitter_card":"summary_large_image","twitter_creator":"@pressenza","twitter_site":"@PressenzaIPA","twitter_misc":{"Escrito por":"Redacci\u00f3n Argentina","Tiempo de lectura":"3 minutos"},"schema":{"@context":"https:\/\/schema.org","@graph":[{"@type":"Article","@id":"https:\/\/www.pressenza.com\/es\/2018\/05\/historico-fallo-condena-banda-neonazi-mar-del-plata\/#article","isPartOf":{"@id":"https:\/\/www.pressenza.com\/es\/2018\/05\/historico-fallo-condena-banda-neonazi-mar-del-plata\/"},"author":{"name":"Redacci\u00f3n Argentina","@id":"https:\/\/www.pressenza.com\/es\/#\/schema\/person\/0dda7d1b68267ad95b1e1d83abc98c89"},"headline":"Hist\u00f3rico fallo condena a banda neonazi en Mar del Plata","datePublished":"2018-05-05T16:02:53+00:00","mainEntityOfPage":{"@id":"https:\/\/www.pressenza.com\/es\/2018\/05\/historico-fallo-condena-banda-neonazi-mar-del-plata\/"},"wordCount":587,"publisher":{"@id":"https:\/\/www.pressenza.com\/es\/#organization"},"image":{"@id":"https:\/\/www.pressenza.com\/es\/2018\/05\/historico-fallo-condena-banda-neonazi-mar-del-plata\/#primaryimage"},"thumbnailUrl":"https:\/\/www.pressenza.com\/wp-content\/uploads\/2018\/05\/31944237_10211755906164459_6737599013521981440_n-2.jpg","keywords":["Argentina","homofobia","Mar del Plata","neonazis","racismo","Violencia racial"],"articleSection":["Contenido Original","Derechos Humanos","Diversidad","Sudam\u00e9rica"],"inLanguage":"es"},{"@type":"WebPage","@id":"https:\/\/www.pressenza.com\/es\/2018\/05\/historico-fallo-condena-banda-neonazi-mar-del-plata\/","url":"https:\/\/www.pressenza.com\/es\/2018\/05\/historico-fallo-condena-banda-neonazi-mar-del-plata\/","name":"Hist\u00f3rico fallo condena a banda neonazi en Mar del Plata","isPartOf":{"@id":"https:\/\/www.pressenza.com\/es\/#website"},"primaryImageOfPage":{"@id":"https:\/\/www.pressenza.com\/es\/2018\/05\/historico-fallo-condena-banda-neonazi-mar-del-plata\/#primaryimage"},"image":{"@id":"https:\/\/www.pressenza.com\/es\/2018\/05\/historico-fallo-condena-banda-neonazi-mar-del-plata\/#primaryimage"},"thumbnailUrl":"https:\/\/www.pressenza.com\/wp-content\/uploads\/2018\/05\/31944237_10211755906164459_6737599013521981440_n-2.jpg","datePublished":"2018-05-05T16:02:53+00:00","description":"Por Osvaldo Bocero (*) Con la lectura de las sentencias culmin\u00f3 este jueves el juicio a los integrantes de la agrupaci\u00f3n neonazi que realiz\u00f3 ataques hacia","breadcrumb":{"@id":"https:\/\/www.pressenza.com\/es\/2018\/05\/historico-fallo-condena-banda-neonazi-mar-del-plata\/#breadcrumb"},"inLanguage":"es","potentialAction":[{"@type":"ReadAction","target":["https:\/\/www.pressenza.com\/es\/2018\/05\/historico-fallo-condena-banda-neonazi-mar-del-plata\/"]}]},{"@type":"ImageObject","inLanguage":"es","@id":"https:\/\/www.pressenza.com\/es\/2018\/05\/historico-fallo-condena-banda-neonazi-mar-del-plata\/#primaryimage","url":"https:\/\/www.pressenza.com\/wp-content\/uploads\/2018\/05\/31944237_10211755906164459_6737599013521981440_n-2.jpg","contentUrl":"https:\/\/www.pressenza.com\/wp-content\/uploads\/2018\/05\/31944237_10211755906164459_6737599013521981440_n-2.jpg","width":882,"height":579},{"@type":"BreadcrumbList","@id":"https:\/\/www.pressenza.com\/es\/2018\/05\/historico-fallo-condena-banda-neonazi-mar-del-plata\/#breadcrumb","itemListElement":[{"@type":"ListItem","position":1,"name":"Accueil","item":"https:\/\/www.pressenza.com\/es\/"},{"@type":"ListItem","position":2,"name":"Hist\u00f3rico fallo condena a banda neonazi en Mar del Plata"}]},{"@type":"WebSite","@id":"https:\/\/www.pressenza.com\/es\/#website","url":"https:\/\/www.pressenza.com\/es\/","name":"Pressenza","description":"International Press Agency","publisher":{"@id":"https:\/\/www.pressenza.com\/es\/#organization"},"potentialAction":[{"@type":"SearchAction","target":{"@type":"EntryPoint","urlTemplate":"https:\/\/www.pressenza.com\/es\/?s={search_term_string}"},"query-input":{"@type":"PropertyValueSpecification","valueRequired":true,"valueName":"search_term_string"}}],"inLanguage":"es"},{"@type":"Organization","@id":"https:\/\/www.pressenza.com\/es\/#organization","name":"Pressenza","url":"https:\/\/www.pressenza.com\/es\/","logo":{"@type":"ImageObject","inLanguage":"es","@id":"https:\/\/www.pressenza.com\/es\/#\/schema\/logo\/image\/","url":"https:\/\/www.pressenza.com\/wp-content\/uploads\/2022\/10\/pressenza_logo_200x200.jpg","contentUrl":"https:\/\/www.pressenza.com\/wp-content\/uploads\/2022\/10\/pressenza_logo_200x200.jpg","width":200,"height":200,"caption":"Pressenza"},"image":{"@id":"https:\/\/www.pressenza.com\/es\/#\/schema\/logo\/image\/"},"sameAs":["https:\/\/www.facebook.com\/PressenzaItalia","https:\/\/x.com\/PressenzaIPA"]},{"@type":"Person","@id":"https:\/\/www.pressenza.com\/es\/#\/schema\/person\/0dda7d1b68267ad95b1e1d83abc98c89","name":"Redacci\u00f3n Argentina","description":"News from the Pressenza Bureau in Argentina.","sameAs":["https:\/\/x.com\/pressenza"],"url":"https:\/\/www.pressenza.com\/es\/author\/redaccion-argentina\/"}]}},"place":"Mar del Plata, Argentina","original_article_url":"","_links":{"self":[{"href":"https:\/\/www.pressenza.com\/es\/wp-json\/wp\/v2\/posts\/635735","targetHints":{"allow":["GET"]}}],"collection":[{"href":"https:\/\/www.pressenza.com\/es\/wp-json\/wp\/v2\/posts"}],"about":[{"href":"https:\/\/www.pressenza.com\/es\/wp-json\/wp\/v2\/types\/post"}],"author":[{"embeddable":true,"href":"https:\/\/www.pressenza.com\/es\/wp-json\/wp\/v2\/users\/87"}],"replies":[{"embeddable":true,"href":"https:\/\/www.pressenza.com\/es\/wp-json\/wp\/v2\/comments?post=635735"}],"version-history":[{"count":0,"href":"https:\/\/www.pressenza.com\/es\/wp-json\/wp\/v2\/posts\/635735\/revisions"}],"wp:featuredmedia":[{"embeddable":true,"href":"https:\/\/www.pressenza.com\/es\/wp-json\/wp\/v2\/media\/635754"}],"wp:attachment":[{"href":"https:\/\/www.pressenza.com\/es\/wp-json\/wp\/v2\/media?parent=635735"}],"wp:term":[{"taxonomy":"category","embeddable":true,"href":"https:\/\/www.pressenza.com\/es\/wp-json\/wp\/v2\/categories?post=635735"},{"taxonomy":"post_tag","embeddable":true,"href":"https:\/\/www.pressenza.com\/es\/wp-json\/wp\/v2\/tags?post=635735"}],"curies":[{"name":"wp","href":"https:\/\/api.w.org\/{rel}","templated":true}]}}