{"id":635001,"date":"2018-05-03T15:09:49","date_gmt":"2018-05-03T14:09:49","guid":{"rendered":"https:\/\/www.pressenza.com\/?p=635001"},"modified":"2018-05-03T15:09:49","modified_gmt":"2018-05-03T14:09:49","slug":"uganda-la-emocion-la-accion","status":"publish","type":"post","link":"https:\/\/www.pressenza.com\/es\/2018\/05\/uganda-la-emocion-la-accion\/","title":{"rendered":"Uganda, de la emoci\u00f3n a la acci\u00f3n"},"content":{"rendered":"<p>Somos un grupo de estudiantes emprendedores del Liceo Cient\u00edfico de Luino, en el campo de las Ciencias Humanas.<\/p>\n<p>Despu\u00e9s de asistir a una reuni\u00f3n con dos j\u00f3venes que acababan de regresar de una misi\u00f3n humanitaria en Uganda, decidimos emprender el mismo tipo de viaje.<\/p>\n<p>Estaremos acompa\u00f1ados en esta aventura por nuestra Profesora de Ciencias Humanas; esperamos llevar nuestra contribuci\u00f3n a \u00c1frica y regresar enriquecidos por esta maravillosa experiencia.<\/p>\n<p>Queremos ver con nuestros propios ojos y tocar con nuestras propias manos una realidad tan lejana y a la vez tan cercana a nosotros, ya que a menudo o\u00edmos hablar de ella, a veces sin un conocimiento real de los hechos.<\/p>\n<p>Gracias al apoyo entusiasta que la escuela y el GIM (Grupo de Compromiso Misionero) de Germignaga nos han dado, podremos hacer nuestra alternancia escuela-trabajo en Uganda, en Namalu.<\/p>\n<p>Nuestra experiencia en Uganda nos implicar\u00e1 en una realidad educativa: trabajaremos de hecho en una estructura de escuela misionera, donde podremos poner en pr\u00e1ctica los conocimientos adquiridos durante nuestros estudios.<\/p>\n<p>Por eso hemos preparado algunos proyectos que queremos proponer cuando estemos en \u00c1frica:<\/p>\n<ul>\n<li>Traeremos libros en ingl\u00e9s con nuestros cuentos tradicionales. Les hablaremos de ellos y escucharemos los suyos, para que podamos encontrar elementos comunes y diferentes<\/li>\n<li>Nos gustar\u00eda traer cassettes para escuchar canciones t\u00edpicas de nuestra y su cultura, para aprender las suyas y las nuestras. Los dejaremos all\u00ed para que puedan escucharlos incluso cuando ya no estemos all\u00ed.<\/li>\n<li>Sabiendo que tienen la capacidad de usarlos nos gustar\u00eda traer tabletas en las que instalaremos aplicaciones educativas. Para facilitar su uso traeremos peque\u00f1os sistemas solares port\u00e1tiles<\/li>\n<li>Habiendo participado en la escuela en un proyecto sobre el uso de nuestro cuerpo en la comunicaci\u00f3n, nos gustar\u00eda compartir con ellos lo que hemos aprendido. Con la ayuda de simples aparatos de gimnasio propondremos juegos para expresar emociones, estimular la expresividad, entrar en relaci\u00f3n.<\/li>\n<li>Construiremos un gran \u00e1rbol en el que cada alumno pegar\u00e1 una hoja con su nombre. En el tronco se anotar\u00e1n los nombres de aquellos que han ayudado a lograr todo esto.<\/li>\n<\/ul>\n<p>Mariella Martorana, Chiara Cipolletta, Christian Ferrari, Damiano Todaro, Ilaria Notari, Martina Ferrari<\/p>\n<p>&nbsp;<\/p>\n<p>Blog: <a href=\"https:\/\/ugandanamalu.wixsite.com\/uganda\">https:\/\/ugandanamalu.wixsite.com\/uganda<\/a><\/p>\n","protected":false},"excerpt":{"rendered":"<p>Somos un grupo de estudiantes emprendedores del Liceo Cient\u00edfico de Luino, en el campo de las Ciencias Humanas. Despu\u00e9s de asistir a una reuni\u00f3n con dos j\u00f3venes que acababan de regresar de una misi\u00f3n humanitaria en Uganda, decidimos emprender el&hellip;<\/p>\n","protected":false},"author":594,"featured_media":634996,"comment_status":"closed","ping_status":"closed","sticky":false,"template":"","format":"standard","meta":{"footnotes":""},"categories":[64,1230,66],"tags":[45775,45776,45774,3672,1280],"class_list":["post-635001","post","type-post","status-publish","format-standard","has-post-thumbnail","hentry","category-africa-es","category-educacion-tema","category-europa-es","tag-alternancia","tag-escuela-de-trabajo","tag-gim","tag-italia-es","tag-uganda"],"yoast_head":"<!-- This site is optimized with the Yoast SEO plugin v27.1.1 - https:\/\/yoast.com\/product\/yoast-seo-wordpress\/ -->\n<title>Uganda, de la emoci\u00f3n a la acci\u00f3n<\/title>\n<meta name=\"description\" content=\"Somos un grupo de estudiantes emprendedores del Liceo Cient\u00edfico de Luino, en el campo de las Ciencias Humanas. Despu\u00e9s de asistir a una reuni\u00f3n con dos\" \/>\n<meta name=\"robots\" content=\"index, follow, max-snippet:-1, max-image-preview:large, max-video-preview:-1\" \/>\n<link rel=\"canonical\" href=\"https:\/\/www.pressenza.com\/es\/2018\/05\/uganda-la-emocion-la-accion\/\" \/>\n<meta property=\"og:locale\" content=\"es_ES\" \/>\n<meta property=\"og:type\" content=\"article\" \/>\n<meta property=\"og:title\" content=\"Uganda, de la emoci\u00f3n a la acci\u00f3n\" \/>\n<meta property=\"og:description\" content=\"Somos un grupo de estudiantes emprendedores del Liceo Cient\u00edfico de Luino, en el campo de las Ciencias Humanas. Despu\u00e9s de asistir a una reuni\u00f3n con dos\" \/>\n<meta property=\"og:url\" content=\"https:\/\/www.pressenza.com\/es\/2018\/05\/uganda-la-emocion-la-accion\/\" \/>\n<meta property=\"og:site_name\" content=\"Pressenza\" \/>\n<meta property=\"article:publisher\" content=\"https:\/\/www.facebook.com\/PressenzaItalia\" \/>\n<meta property=\"article:author\" content=\"https:\/\/www.facebook.com\/PressenzaItalia\" \/>\n<meta property=\"article:published_time\" content=\"2018-05-03T14:09:49+00:00\" \/>\n<meta property=\"og:image\" content=\"https:\/\/www.pressenza.com\/wp-content\/uploads\/2018\/05\/uganda-education.jpg\" \/>\n\t<meta property=\"og:image:width\" content=\"800\" \/>\n\t<meta property=\"og:image:height\" content=\"540\" \/>\n\t<meta property=\"og:image:type\" content=\"image\/jpeg\" \/>\n<meta name=\"author\" content=\"Redazione Italia\" \/>\n<meta name=\"twitter:card\" content=\"summary_large_image\" \/>\n<meta name=\"twitter:creator\" content=\"@pressenza_it\" \/>\n<meta name=\"twitter:site\" content=\"@PressenzaIPA\" \/>\n<meta name=\"twitter:label1\" content=\"Escrito por\" \/>\n\t<meta name=\"twitter:data1\" content=\"Redazione Italia\" \/>\n\t<meta name=\"twitter:label2\" content=\"Tiempo de lectura\" \/>\n\t<meta name=\"twitter:data2\" content=\"2 minutos\" \/>\n<script type=\"application\/ld+json\" class=\"yoast-schema-graph\">{\"@context\":\"https:\/\/schema.org\",\"@graph\":[{\"@type\":\"Article\",\"@id\":\"https:\/\/www.pressenza.com\/es\/2018\/05\/uganda-la-emocion-la-accion\/#article\",\"isPartOf\":{\"@id\":\"https:\/\/www.pressenza.com\/es\/2018\/05\/uganda-la-emocion-la-accion\/\"},\"author\":{\"name\":\"Redazione Italia\",\"@id\":\"https:\/\/www.pressenza.com\/es\/#\/schema\/person\/d983e81827ae24f2c7b1a2123d197f8d\"},\"headline\":\"Uganda, de la emoci\u00f3n a la acci\u00f3n\",\"datePublished\":\"2018-05-03T14:09:49+00:00\",\"mainEntityOfPage\":{\"@id\":\"https:\/\/www.pressenza.com\/es\/2018\/05\/uganda-la-emocion-la-accion\/\"},\"wordCount\":386,\"publisher\":{\"@id\":\"https:\/\/www.pressenza.com\/es\/#organization\"},\"image\":{\"@id\":\"https:\/\/www.pressenza.com\/es\/2018\/05\/uganda-la-emocion-la-accion\/#primaryimage\"},\"thumbnailUrl\":\"https:\/\/www.pressenza.com\/wp-content\/uploads\/2018\/05\/uganda-education.jpg\",\"keywords\":[\"alternancia\",\"escuela de trabajo\",\"GIM\",\"Italia\",\"Uganda\"],\"articleSection\":[\"Africa\",\"Educaci\u00f3n\",\"Europa\"],\"inLanguage\":\"es\"},{\"@type\":\"WebPage\",\"@id\":\"https:\/\/www.pressenza.com\/es\/2018\/05\/uganda-la-emocion-la-accion\/\",\"url\":\"https:\/\/www.pressenza.com\/es\/2018\/05\/uganda-la-emocion-la-accion\/\",\"name\":\"Uganda, de la emoci\u00f3n a la acci\u00f3n\",\"isPartOf\":{\"@id\":\"https:\/\/www.pressenza.com\/es\/#website\"},\"primaryImageOfPage\":{\"@id\":\"https:\/\/www.pressenza.com\/es\/2018\/05\/uganda-la-emocion-la-accion\/#primaryimage\"},\"image\":{\"@id\":\"https:\/\/www.pressenza.com\/es\/2018\/05\/uganda-la-emocion-la-accion\/#primaryimage\"},\"thumbnailUrl\":\"https:\/\/www.pressenza.com\/wp-content\/uploads\/2018\/05\/uganda-education.jpg\",\"datePublished\":\"2018-05-03T14:09:49+00:00\",\"description\":\"Somos un grupo de estudiantes emprendedores del Liceo Cient\u00edfico de Luino, en el campo de las Ciencias Humanas. Despu\u00e9s de asistir a una reuni\u00f3n con dos\",\"breadcrumb\":{\"@id\":\"https:\/\/www.pressenza.com\/es\/2018\/05\/uganda-la-emocion-la-accion\/#breadcrumb\"},\"inLanguage\":\"es\",\"potentialAction\":[{\"@type\":\"ReadAction\",\"target\":[\"https:\/\/www.pressenza.com\/es\/2018\/05\/uganda-la-emocion-la-accion\/\"]}]},{\"@type\":\"ImageObject\",\"inLanguage\":\"es\",\"@id\":\"https:\/\/www.pressenza.com\/es\/2018\/05\/uganda-la-emocion-la-accion\/#primaryimage\",\"url\":\"https:\/\/www.pressenza.com\/wp-content\/uploads\/2018\/05\/uganda-education.jpg\",\"contentUrl\":\"https:\/\/www.pressenza.com\/wp-content\/uploads\/2018\/05\/uganda-education.jpg\",\"width\":800,\"height\":540},{\"@type\":\"BreadcrumbList\",\"@id\":\"https:\/\/www.pressenza.com\/es\/2018\/05\/uganda-la-emocion-la-accion\/#breadcrumb\",\"itemListElement\":[{\"@type\":\"ListItem\",\"position\":1,\"name\":\"Accueil\",\"item\":\"https:\/\/www.pressenza.com\/es\/\"},{\"@type\":\"ListItem\",\"position\":2,\"name\":\"Uganda, de la emoci\u00f3n a la acci\u00f3n\"}]},{\"@type\":\"WebSite\",\"@id\":\"https:\/\/www.pressenza.com\/es\/#website\",\"url\":\"https:\/\/www.pressenza.com\/es\/\",\"name\":\"Pressenza\",\"description\":\"International Press Agency\",\"publisher\":{\"@id\":\"https:\/\/www.pressenza.com\/es\/#organization\"},\"potentialAction\":[{\"@type\":\"SearchAction\",\"target\":{\"@type\":\"EntryPoint\",\"urlTemplate\":\"https:\/\/www.pressenza.com\/es\/?s={search_term_string}\"},\"query-input\":{\"@type\":\"PropertyValueSpecification\",\"valueRequired\":true,\"valueName\":\"search_term_string\"}}],\"inLanguage\":\"es\"},{\"@type\":\"Organization\",\"@id\":\"https:\/\/www.pressenza.com\/es\/#organization\",\"name\":\"Pressenza\",\"url\":\"https:\/\/www.pressenza.com\/es\/\",\"logo\":{\"@type\":\"ImageObject\",\"inLanguage\":\"es\",\"@id\":\"https:\/\/www.pressenza.com\/es\/#\/schema\/logo\/image\/\",\"url\":\"https:\/\/www.pressenza.com\/wp-content\/uploads\/2022\/10\/pressenza_logo_200x200.jpg\",\"contentUrl\":\"https:\/\/www.pressenza.com\/wp-content\/uploads\/2022\/10\/pressenza_logo_200x200.jpg\",\"width\":200,\"height\":200,\"caption\":\"Pressenza\"},\"image\":{\"@id\":\"https:\/\/www.pressenza.com\/es\/#\/schema\/logo\/image\/\"},\"sameAs\":[\"https:\/\/www.facebook.com\/PressenzaItalia\",\"https:\/\/x.com\/PressenzaIPA\"]},{\"@type\":\"Person\",\"@id\":\"https:\/\/www.pressenza.com\/es\/#\/schema\/person\/d983e81827ae24f2c7b1a2123d197f8d\",\"name\":\"Redazione Italia\",\"description\":\"News from the Pressenza Bureau in Italy\",\"sameAs\":[\"https:\/\/www.pressenza.com\/it\/author\/redazione-italia\/\",\"https:\/\/www.facebook.com\/PressenzaItalia\",\"https:\/\/www.instagram.com\/pressenza_italia\/\",\"https:\/\/x.com\/pressenza_it\",\"https:\/\/www.youtube.com\/channel\/UCSalEIWjE1RSxkwjfftFuqg\"],\"url\":\"https:\/\/www.pressenza.com\/es\/author\/redazione-italia\/\"}]}<\/script>\n<!-- \/ Yoast SEO plugin. -->","yoast_head_json":{"title":"Uganda, de la emoci\u00f3n a la acci\u00f3n","description":"Somos un grupo de estudiantes emprendedores del Liceo Cient\u00edfico de Luino, en el campo de las Ciencias Humanas. Despu\u00e9s de asistir a una reuni\u00f3n con dos","robots":{"index":"index","follow":"follow","max-snippet":"max-snippet:-1","max-image-preview":"max-image-preview:large","max-video-preview":"max-video-preview:-1"},"canonical":"https:\/\/www.pressenza.com\/es\/2018\/05\/uganda-la-emocion-la-accion\/","og_locale":"es_ES","og_type":"article","og_title":"Uganda, de la emoci\u00f3n a la acci\u00f3n","og_description":"Somos un grupo de estudiantes emprendedores del Liceo Cient\u00edfico de Luino, en el campo de las Ciencias Humanas. Despu\u00e9s de asistir a una reuni\u00f3n con dos","og_url":"https:\/\/www.pressenza.com\/es\/2018\/05\/uganda-la-emocion-la-accion\/","og_site_name":"Pressenza","article_publisher":"https:\/\/www.facebook.com\/PressenzaItalia","article_author":"https:\/\/www.facebook.com\/PressenzaItalia","article_published_time":"2018-05-03T14:09:49+00:00","og_image":[{"width":800,"height":540,"url":"https:\/\/www.pressenza.com\/wp-content\/uploads\/2018\/05\/uganda-education.jpg","type":"image\/jpeg"}],"author":"Redazione Italia","twitter_card":"summary_large_image","twitter_creator":"@pressenza_it","twitter_site":"@PressenzaIPA","twitter_misc":{"Escrito por":"Redazione Italia","Tiempo de lectura":"2 minutos"},"schema":{"@context":"https:\/\/schema.org","@graph":[{"@type":"Article","@id":"https:\/\/www.pressenza.com\/es\/2018\/05\/uganda-la-emocion-la-accion\/#article","isPartOf":{"@id":"https:\/\/www.pressenza.com\/es\/2018\/05\/uganda-la-emocion-la-accion\/"},"author":{"name":"Redazione Italia","@id":"https:\/\/www.pressenza.com\/es\/#\/schema\/person\/d983e81827ae24f2c7b1a2123d197f8d"},"headline":"Uganda, de la emoci\u00f3n a la acci\u00f3n","datePublished":"2018-05-03T14:09:49+00:00","mainEntityOfPage":{"@id":"https:\/\/www.pressenza.com\/es\/2018\/05\/uganda-la-emocion-la-accion\/"},"wordCount":386,"publisher":{"@id":"https:\/\/www.pressenza.com\/es\/#organization"},"image":{"@id":"https:\/\/www.pressenza.com\/es\/2018\/05\/uganda-la-emocion-la-accion\/#primaryimage"},"thumbnailUrl":"https:\/\/www.pressenza.com\/wp-content\/uploads\/2018\/05\/uganda-education.jpg","keywords":["alternancia","escuela de trabajo","GIM","Italia","Uganda"],"articleSection":["Africa","Educaci\u00f3n","Europa"],"inLanguage":"es"},{"@type":"WebPage","@id":"https:\/\/www.pressenza.com\/es\/2018\/05\/uganda-la-emocion-la-accion\/","url":"https:\/\/www.pressenza.com\/es\/2018\/05\/uganda-la-emocion-la-accion\/","name":"Uganda, de la emoci\u00f3n a la acci\u00f3n","isPartOf":{"@id":"https:\/\/www.pressenza.com\/es\/#website"},"primaryImageOfPage":{"@id":"https:\/\/www.pressenza.com\/es\/2018\/05\/uganda-la-emocion-la-accion\/#primaryimage"},"image":{"@id":"https:\/\/www.pressenza.com\/es\/2018\/05\/uganda-la-emocion-la-accion\/#primaryimage"},"thumbnailUrl":"https:\/\/www.pressenza.com\/wp-content\/uploads\/2018\/05\/uganda-education.jpg","datePublished":"2018-05-03T14:09:49+00:00","description":"Somos un grupo de estudiantes emprendedores del Liceo Cient\u00edfico de Luino, en el campo de las Ciencias Humanas. Despu\u00e9s de asistir a una reuni\u00f3n con dos","breadcrumb":{"@id":"https:\/\/www.pressenza.com\/es\/2018\/05\/uganda-la-emocion-la-accion\/#breadcrumb"},"inLanguage":"es","potentialAction":[{"@type":"ReadAction","target":["https:\/\/www.pressenza.com\/es\/2018\/05\/uganda-la-emocion-la-accion\/"]}]},{"@type":"ImageObject","inLanguage":"es","@id":"https:\/\/www.pressenza.com\/es\/2018\/05\/uganda-la-emocion-la-accion\/#primaryimage","url":"https:\/\/www.pressenza.com\/wp-content\/uploads\/2018\/05\/uganda-education.jpg","contentUrl":"https:\/\/www.pressenza.com\/wp-content\/uploads\/2018\/05\/uganda-education.jpg","width":800,"height":540},{"@type":"BreadcrumbList","@id":"https:\/\/www.pressenza.com\/es\/2018\/05\/uganda-la-emocion-la-accion\/#breadcrumb","itemListElement":[{"@type":"ListItem","position":1,"name":"Accueil","item":"https:\/\/www.pressenza.com\/es\/"},{"@type":"ListItem","position":2,"name":"Uganda, de la emoci\u00f3n a la acci\u00f3n"}]},{"@type":"WebSite","@id":"https:\/\/www.pressenza.com\/es\/#website","url":"https:\/\/www.pressenza.com\/es\/","name":"Pressenza","description":"International Press Agency","publisher":{"@id":"https:\/\/www.pressenza.com\/es\/#organization"},"potentialAction":[{"@type":"SearchAction","target":{"@type":"EntryPoint","urlTemplate":"https:\/\/www.pressenza.com\/es\/?s={search_term_string}"},"query-input":{"@type":"PropertyValueSpecification","valueRequired":true,"valueName":"search_term_string"}}],"inLanguage":"es"},{"@type":"Organization","@id":"https:\/\/www.pressenza.com\/es\/#organization","name":"Pressenza","url":"https:\/\/www.pressenza.com\/es\/","logo":{"@type":"ImageObject","inLanguage":"es","@id":"https:\/\/www.pressenza.com\/es\/#\/schema\/logo\/image\/","url":"https:\/\/www.pressenza.com\/wp-content\/uploads\/2022\/10\/pressenza_logo_200x200.jpg","contentUrl":"https:\/\/www.pressenza.com\/wp-content\/uploads\/2022\/10\/pressenza_logo_200x200.jpg","width":200,"height":200,"caption":"Pressenza"},"image":{"@id":"https:\/\/www.pressenza.com\/es\/#\/schema\/logo\/image\/"},"sameAs":["https:\/\/www.facebook.com\/PressenzaItalia","https:\/\/x.com\/PressenzaIPA"]},{"@type":"Person","@id":"https:\/\/www.pressenza.com\/es\/#\/schema\/person\/d983e81827ae24f2c7b1a2123d197f8d","name":"Redazione Italia","description":"News from the Pressenza Bureau in Italy","sameAs":["https:\/\/www.pressenza.com\/it\/author\/redazione-italia\/","https:\/\/www.facebook.com\/PressenzaItalia","https:\/\/www.instagram.com\/pressenza_italia\/","https:\/\/x.com\/pressenza_it","https:\/\/www.youtube.com\/channel\/UCSalEIWjE1RSxkwjfftFuqg"],"url":"https:\/\/www.pressenza.com\/es\/author\/redazione-italia\/"}]}},"place":"Luino","original_article_url":"","_links":{"self":[{"href":"https:\/\/www.pressenza.com\/es\/wp-json\/wp\/v2\/posts\/635001","targetHints":{"allow":["GET"]}}],"collection":[{"href":"https:\/\/www.pressenza.com\/es\/wp-json\/wp\/v2\/posts"}],"about":[{"href":"https:\/\/www.pressenza.com\/es\/wp-json\/wp\/v2\/types\/post"}],"author":[{"embeddable":true,"href":"https:\/\/www.pressenza.com\/es\/wp-json\/wp\/v2\/users\/594"}],"replies":[{"embeddable":true,"href":"https:\/\/www.pressenza.com\/es\/wp-json\/wp\/v2\/comments?post=635001"}],"version-history":[{"count":0,"href":"https:\/\/www.pressenza.com\/es\/wp-json\/wp\/v2\/posts\/635001\/revisions"}],"wp:featuredmedia":[{"embeddable":true,"href":"https:\/\/www.pressenza.com\/es\/wp-json\/wp\/v2\/media\/634996"}],"wp:attachment":[{"href":"https:\/\/www.pressenza.com\/es\/wp-json\/wp\/v2\/media?parent=635001"}],"wp:term":[{"taxonomy":"category","embeddable":true,"href":"https:\/\/www.pressenza.com\/es\/wp-json\/wp\/v2\/categories?post=635001"},{"taxonomy":"post_tag","embeddable":true,"href":"https:\/\/www.pressenza.com\/es\/wp-json\/wp\/v2\/tags?post=635001"}],"curies":[{"name":"wp","href":"https:\/\/api.w.org\/{rel}","templated":true}]}}