{"id":635,"date":"2009-07-02T00:00:00","date_gmt":"2009-07-02T00:00:00","guid":{"rendered":""},"modified":"2012-11-01T18:59:02","modified_gmt":"2012-11-01T18:59:02","slug":"marco-enriquez-ominami-y-tomxs-hirsch-juntos-por-la-paz","status":"publish","type":"post","link":"https:\/\/www.pressenza.com\/es\/2009\/07\/marco-enriquez-ominami-y-tomxs-hirsch-juntos-por-la-paz\/","title":{"rendered":"Marco Enriquez-Ominami y Tom\u00e1s Hirsch juntos por la paz"},"content":{"rendered":"<p>*\u201cEstamos marchando juntos, me siento muy c\u00f3modo con la invitaci\u00f3n, y espero encontrarnos antes de la segunda vuelta en este y muchos m\u00e1s temas\u201d*, dijo Marco Enr\u00edquez sobre la cita que lo reuni\u00f3 con Hirsch. Mientras, \u00e9ste \u00faltimo explic\u00f3 que *\u201cla Marcha busca ser un puente entre los seres humanos, entre las diversidades, y desde ese punto de pista toda adhesi\u00f3n es bienvenida. No le preguntamos a nadie de d\u00f3nde viene, sino que buscamos coincidir en el hacia d\u00f3nde vamos. Es as\u00ed como en nuestro pa\u00eds se han sumado hombres y mujeres de todos los colores pol\u00edticos\u201d*.  <\/p>\n<p>Ambos comenzaron su intervenci\u00f3n esta ma\u00f1ana en el Hotel Caesar Businnes comprometi\u00e9ndose en torno al desarme nuclear mundial, el retiro de toda tropa invasora, la reducci\u00f3n progresiva y proporcional de armamentos convencionales, la renuncia de los pa\u00edses a la guerra y el rechazo a toda forma de violencia social y personal. Ejes centrales que recalc\u00f3 la presidenta de Mundo Sin Guerras, Gloria Morrison, de esta Marcha que va a recorrer 100 mil kil\u00f3metros, que va a pasar por m\u00e1s de 100 pa\u00edses, por los 6 continentes, incluida la Ant\u00e1rtida pues en una acci\u00f3n absolutamente in\u00e9dita y coordinada con el gobierno chileno, est\u00e1 programado un viaje para fines de diciembre que incluir\u00e1 a ese territorio de paz en esta Marcha Mundial.  <\/p>\n<p>*\u201cAdhiero desde mi biograf\u00eda, desde mis convicciones y desde mi visi\u00f3n de la diplomacia, donde entenderse con el otro no es s\u00f3lo un tema prioritario sino un asunto de principios. Es por ello que cuando lleguemos a ser gobierno tendremos como tarea fundamental trabajar en nuestra relaci\u00f3n con los pa\u00edses vecinos. Porque una diplomacia integradora, de confianza, significa primero llevarse bien con los pa\u00edses vecinos. No existen pa\u00edses pr\u00f3speros que se agarren a piedrazos, no existen barrios donde hay paz cuando uno le tira un escupo al vecino todos los d\u00edas, as\u00ed no funcionan las cosas\u201d*, se\u00f1al\u00f3 Enr\u00edquez-Ominami antes de instar a los dem\u00e1s candidatos presidenciales a dialogar sobre \u00e9ste y otros puntos.    <\/p>\n<p>*\u201cConvoco a todos los otros candidatos a que hagamos un gran pacto. Que saquemos de la guerrilla electoral las relaciones internacionales y hagamos un gran acuerdo: un gran debate sobre pol\u00edtica internacional y despu\u00e9s vamos todos juntos detr\u00e1s de una acci\u00f3n que inspire y convoque, porque la tarea de un presidente no es solamente sustantiva sino tambi\u00e9n simb\u00f3lica, y esta Marcha, que aparentemente es simb\u00f3lica, para m\u00ed es sustantiva porque tiene como sello que los pol\u00edticos se comprometan a no fomentar la desconfianza, a no creer en la guerra como instrumento de negociaci\u00f3n\u201d*, manifest\u00f3. <\/p>\n<p>En ese sentido, Marco Enr\u00edquez \u2013como primer presidenciable en sumarse a la causa- comprometi\u00f3 su adhesi\u00f3n no s\u00f3lo formal, sino tambi\u00e9n activa. *\u201cCuentan ustedes con esta candidatura emergente. Tenemos la mayor disposici\u00f3n para que este mensaje se difunda y llegue al Parlamento, que podamos all\u00ed impulsar un proyecto para apoyar esta iniciativa declar\u00e1ndola de inter\u00e9s nacional, explorar\u00e9 en t\u00e9rminos legislativos todos los caminos que nos permitan cumplir con sus objetivos y desde ya quiero comprometerme a estar en su cierre 2 de enero en el Aconcagua, aunque estemos muy atareados en segunda vuelta con el contendiente que nos toque\u201d*.<\/p>\n<p>Por su parte, el Vocero Latinoamericano de la Marcha y ex abanderado presidencial de los humanistas, Tom\u00e1s Hirsch, apunt\u00f3 que *\u201cEs muy importante que personalidades como un candidato presidencial adhieran a la Marcha Mundial por la Paz y la No Violencia, y me alegra contar con Marco porque quisi\u00e9ramos tambi\u00e9n que Chile avanzara por el camino de la paz, reduciendo su presupuesto b\u00e9lico en el futuro, generando una verdadera integraci\u00f3n latinoamericana, contribuyendo con una salida soberana de Bolivia al oc\u00e9ano y para que nuestro continente contin\u00fae libre de armas nucleares\u201d*.  <\/p>\n<p>Asimismo, recalc\u00f3 que el objetivo fundamental de la iniciativa es crear conciencia que el \u00fanico futuro para la humanidad es un futuro de paz, basado en la no violencia como modo de relaci\u00f3n entre los individuos y las naciones. *\u201cCada vez que se habla de la guerra, parece que el tema fuera lejano. Como si la amenaza estuviera radicada s\u00f3lo en Ir\u00e1n y Europa. Sin embargo, la violencia, la estela de los conflictos armados est\u00e1 muy presente en nuestro pa\u00eds. Chile ha vivido conflictos armados hace m\u00e1s de 100 a\u00f1os y todav\u00eda repercuten y nos significan divisiones con pa\u00edses hermanos como Bolivia y Per\u00fa. Todav\u00eda se ense\u00f1a en muchos colegios que el pa\u00eds de al lado rob\u00f3, quit\u00f3, invadi\u00f3, que cometi\u00f3 irregularidades inaceptables. Tenemos que reconstruir la relaci\u00f3n y la historia de nuestros pa\u00edses\u201d*, expuso.<\/p>\n","protected":false},"excerpt":{"rendered":"<p>Acompa\u00f1ados de la presidenta de la ONG Mundo Sin Guerras, Gloria Morrison, y de Efr\u00e9n Osorio, Presidente del Partido Humanista, el candidato presidencial independiente, en conjunto al ex abanderado del Juntos Podemos, invitaron al mundo pol\u00edtico a sumarse a la Marcha Mundial por la Paz y la No Violencia y reiteraron su compromiso con esta campa\u00f1a cuyo sello es la No Violencia. Enr\u00edquez-Ominami es el primer presidenciable en apoyar formalmente la causa y comprometer su presencia en el cierre, el 2 de enero de 2010, en Punta de Vacas, a los pies del Monte Aconcagua. <\/p>\n","protected":false},"author":19,"featured_media":0,"comment_status":"closed","ping_status":"open","sticky":false,"template":"","format":"standard","meta":{"footnotes":""},"categories":[161,1243,67],"tags":[],"class_list":["post-635","post","type-post","status-publish","format-standard","hentry","category-opiniones","category-paz-desarme","category-sudamerica"],"yoast_head":"<!-- This site is optimized with the Yoast SEO plugin v27.1.1 - https:\/\/yoast.com\/product\/yoast-seo-wordpress\/ -->\n<title>Marco Enriquez-Ominami y Tom\u00e1s Hirsch juntos por la paz<\/title>\n<meta name=\"description\" content=\"Acompa\u00f1ados de la presidenta de la ONG Mundo Sin Guerras, Gloria Morrison, y de Efr\u00e9n Osorio, Presidente del Partido Humanista, el candidato presidencial independiente, en conjunto al ex abanderado del Juntos Podemos, invitaron al mundo pol\u00edtico a sumarse a la Marcha Mundial por la Paz y la No Violencia y reiteraron su compromiso con esta campa\u00f1a cuyo sello es la No Violencia. Enr\u00edquez-Ominami es el primer presidenciable en apoyar formalmente la causa y comprometer su presencia en el cierre, el 2 de enero de 2010, en Punta de Vacas, a los pies del Monte Aconcagua.\" \/>\n<meta name=\"robots\" content=\"index, follow, max-snippet:-1, max-image-preview:large, max-video-preview:-1\" \/>\n<link rel=\"canonical\" href=\"https:\/\/www.pressenza.com\/es\/2009\/07\/marco-enriquez-ominami-y-tomxs-hirsch-juntos-por-la-paz\/\" \/>\n<meta property=\"og:locale\" content=\"es_ES\" \/>\n<meta property=\"og:type\" content=\"article\" \/>\n<meta property=\"og:title\" content=\"Marco Enriquez-Ominami y Tom\u00e1s Hirsch juntos por la paz\" \/>\n<meta property=\"og:description\" content=\"Acompa\u00f1ados de la presidenta de la ONG Mundo Sin Guerras, Gloria Morrison, y de Efr\u00e9n Osorio, Presidente del Partido Humanista, el candidato presidencial independiente, en conjunto al ex abanderado del Juntos Podemos, invitaron al mundo pol\u00edtico a sumarse a la Marcha Mundial por la Paz y la No Violencia y reiteraron su compromiso con esta campa\u00f1a cuyo sello es la No Violencia. Enr\u00edquez-Ominami es el primer presidenciable en apoyar formalmente la causa y comprometer su presencia en el cierre, el 2 de enero de 2010, en Punta de Vacas, a los pies del Monte Aconcagua.\" \/>\n<meta property=\"og:url\" content=\"https:\/\/www.pressenza.com\/es\/2009\/07\/marco-enriquez-ominami-y-tomxs-hirsch-juntos-por-la-paz\/\" \/>\n<meta property=\"og:site_name\" content=\"Pressenza\" \/>\n<meta property=\"article:publisher\" content=\"https:\/\/www.facebook.com\/PressenzaItalia\" \/>\n<meta property=\"article:author\" content=\"https:\/\/www.facebook.com\/pressenza\" \/>\n<meta property=\"article:published_time\" content=\"2009-07-02T00:00:00+00:00\" \/>\n<meta property=\"article:modified_time\" content=\"2012-11-01T18:59:02+00:00\" \/>\n<meta name=\"author\" content=\"Pressenza IPA\" \/>\n<meta name=\"twitter:card\" content=\"summary_large_image\" \/>\n<meta name=\"twitter:creator\" content=\"@PressenzaIPA\" \/>\n<meta name=\"twitter:site\" content=\"@PressenzaIPA\" \/>\n<meta name=\"twitter:label1\" content=\"Escrito por\" \/>\n\t<meta name=\"twitter:data1\" content=\"Pressenza IPA\" \/>\n\t<meta name=\"twitter:label2\" content=\"Tiempo de lectura\" \/>\n\t<meta name=\"twitter:data2\" content=\"4 minutos\" \/>\n<script type=\"application\/ld+json\" class=\"yoast-schema-graph\">{\"@context\":\"https:\/\/schema.org\",\"@graph\":[{\"@type\":\"Article\",\"@id\":\"https:\/\/www.pressenza.com\/es\/2009\/07\/marco-enriquez-ominami-y-tomxs-hirsch-juntos-por-la-paz\/#article\",\"isPartOf\":{\"@id\":\"https:\/\/www.pressenza.com\/es\/2009\/07\/marco-enriquez-ominami-y-tomxs-hirsch-juntos-por-la-paz\/\"},\"author\":{\"name\":\"Pressenza IPA\",\"@id\":\"https:\/\/www.pressenza.com\/es\/#\/schema\/person\/010e5d02bcf40965427a1289a4cc8d75\"},\"headline\":\"Marco Enriquez-Ominami y Tom\u00e1s Hirsch juntos por la paz\",\"datePublished\":\"2009-07-02T00:00:00+00:00\",\"dateModified\":\"2012-11-01T18:59:02+00:00\",\"mainEntityOfPage\":{\"@id\":\"https:\/\/www.pressenza.com\/es\/2009\/07\/marco-enriquez-ominami-y-tomxs-hirsch-juntos-por-la-paz\/\"},\"wordCount\":822,\"publisher\":{\"@id\":\"https:\/\/www.pressenza.com\/es\/#organization\"},\"articleSection\":[\"Opiniones\",\"Paz y Desarme\",\"Sudam\u00e9rica\"],\"inLanguage\":\"es\"},{\"@type\":\"WebPage\",\"@id\":\"https:\/\/www.pressenza.com\/es\/2009\/07\/marco-enriquez-ominami-y-tomxs-hirsch-juntos-por-la-paz\/\",\"url\":\"https:\/\/www.pressenza.com\/es\/2009\/07\/marco-enriquez-ominami-y-tomxs-hirsch-juntos-por-la-paz\/\",\"name\":\"Marco Enriquez-Ominami y Tom\u00e1s Hirsch juntos por la paz\",\"isPartOf\":{\"@id\":\"https:\/\/www.pressenza.com\/es\/#website\"},\"datePublished\":\"2009-07-02T00:00:00+00:00\",\"dateModified\":\"2012-11-01T18:59:02+00:00\",\"description\":\"Acompa\u00f1ados de la presidenta de la ONG Mundo Sin Guerras, Gloria Morrison, y de Efr\u00e9n Osorio, Presidente del Partido Humanista, el candidato presidencial independiente, en conjunto al ex abanderado del Juntos Podemos, invitaron al mundo pol\u00edtico a sumarse a la Marcha Mundial por la Paz y la No Violencia y reiteraron su compromiso con esta campa\u00f1a cuyo sello es la No Violencia. Enr\u00edquez-Ominami es el primer presidenciable en apoyar formalmente la causa y comprometer su presencia en el cierre, el 2 de enero de 2010, en Punta de Vacas, a los pies del Monte Aconcagua.\",\"breadcrumb\":{\"@id\":\"https:\/\/www.pressenza.com\/es\/2009\/07\/marco-enriquez-ominami-y-tomxs-hirsch-juntos-por-la-paz\/#breadcrumb\"},\"inLanguage\":\"es\",\"potentialAction\":[{\"@type\":\"ReadAction\",\"target\":[\"https:\/\/www.pressenza.com\/es\/2009\/07\/marco-enriquez-ominami-y-tomxs-hirsch-juntos-por-la-paz\/\"]}]},{\"@type\":\"BreadcrumbList\",\"@id\":\"https:\/\/www.pressenza.com\/es\/2009\/07\/marco-enriquez-ominami-y-tomxs-hirsch-juntos-por-la-paz\/#breadcrumb\",\"itemListElement\":[{\"@type\":\"ListItem\",\"position\":1,\"name\":\"Accueil\",\"item\":\"https:\/\/www.pressenza.com\/es\/\"},{\"@type\":\"ListItem\",\"position\":2,\"name\":\"Marco Enriquez-Ominami y Tom\u00e1s Hirsch juntos por la paz\"}]},{\"@type\":\"WebSite\",\"@id\":\"https:\/\/www.pressenza.com\/es\/#website\",\"url\":\"https:\/\/www.pressenza.com\/es\/\",\"name\":\"Pressenza\",\"description\":\"International Press Agency\",\"publisher\":{\"@id\":\"https:\/\/www.pressenza.com\/es\/#organization\"},\"potentialAction\":[{\"@type\":\"SearchAction\",\"target\":{\"@type\":\"EntryPoint\",\"urlTemplate\":\"https:\/\/www.pressenza.com\/es\/?s={search_term_string}\"},\"query-input\":{\"@type\":\"PropertyValueSpecification\",\"valueRequired\":true,\"valueName\":\"search_term_string\"}}],\"inLanguage\":\"es\"},{\"@type\":\"Organization\",\"@id\":\"https:\/\/www.pressenza.com\/es\/#organization\",\"name\":\"Pressenza\",\"url\":\"https:\/\/www.pressenza.com\/es\/\",\"logo\":{\"@type\":\"ImageObject\",\"inLanguage\":\"es\",\"@id\":\"https:\/\/www.pressenza.com\/es\/#\/schema\/logo\/image\/\",\"url\":\"https:\/\/www.pressenza.com\/wp-content\/uploads\/2022\/10\/pressenza_logo_200x200.jpg\",\"contentUrl\":\"https:\/\/www.pressenza.com\/wp-content\/uploads\/2022\/10\/pressenza_logo_200x200.jpg\",\"width\":200,\"height\":200,\"caption\":\"Pressenza\"},\"image\":{\"@id\":\"https:\/\/www.pressenza.com\/es\/#\/schema\/logo\/image\/\"},\"sameAs\":[\"https:\/\/www.facebook.com\/PressenzaItalia\",\"https:\/\/x.com\/PressenzaIPA\"]},{\"@type\":\"Person\",\"@id\":\"https:\/\/www.pressenza.com\/es\/#\/schema\/person\/010e5d02bcf40965427a1289a4cc8d75\",\"name\":\"Pressenza IPA\",\"description\":\"News from Pressenza IPA correspondents\",\"sameAs\":[\"https:\/\/www.facebook.com\/pressenza\",\"https:\/\/x.com\/PressenzaIPA\"],\"url\":\"https:\/\/www.pressenza.com\/es\/author\/pressenza-ipa\/\"}]}<\/script>\n<!-- \/ Yoast SEO plugin. -->","yoast_head_json":{"title":"Marco Enriquez-Ominami y Tom\u00e1s Hirsch juntos por la paz","description":"Acompa\u00f1ados de la presidenta de la ONG Mundo Sin Guerras, Gloria Morrison, y de Efr\u00e9n Osorio, Presidente del Partido Humanista, el candidato presidencial independiente, en conjunto al ex abanderado del Juntos Podemos, invitaron al mundo pol\u00edtico a sumarse a la Marcha Mundial por la Paz y la No Violencia y reiteraron su compromiso con esta campa\u00f1a cuyo sello es la No Violencia. Enr\u00edquez-Ominami es el primer presidenciable en apoyar formalmente la causa y comprometer su presencia en el cierre, el 2 de enero de 2010, en Punta de Vacas, a los pies del Monte Aconcagua.","robots":{"index":"index","follow":"follow","max-snippet":"max-snippet:-1","max-image-preview":"max-image-preview:large","max-video-preview":"max-video-preview:-1"},"canonical":"https:\/\/www.pressenza.com\/es\/2009\/07\/marco-enriquez-ominami-y-tomxs-hirsch-juntos-por-la-paz\/","og_locale":"es_ES","og_type":"article","og_title":"Marco Enriquez-Ominami y Tom\u00e1s Hirsch juntos por la paz","og_description":"Acompa\u00f1ados de la presidenta de la ONG Mundo Sin Guerras, Gloria Morrison, y de Efr\u00e9n Osorio, Presidente del Partido Humanista, el candidato presidencial independiente, en conjunto al ex abanderado del Juntos Podemos, invitaron al mundo pol\u00edtico a sumarse a la Marcha Mundial por la Paz y la No Violencia y reiteraron su compromiso con esta campa\u00f1a cuyo sello es la No Violencia. Enr\u00edquez-Ominami es el primer presidenciable en apoyar formalmente la causa y comprometer su presencia en el cierre, el 2 de enero de 2010, en Punta de Vacas, a los pies del Monte Aconcagua.","og_url":"https:\/\/www.pressenza.com\/es\/2009\/07\/marco-enriquez-ominami-y-tomxs-hirsch-juntos-por-la-paz\/","og_site_name":"Pressenza","article_publisher":"https:\/\/www.facebook.com\/PressenzaItalia","article_author":"https:\/\/www.facebook.com\/pressenza","article_published_time":"2009-07-02T00:00:00+00:00","article_modified_time":"2012-11-01T18:59:02+00:00","author":"Pressenza IPA","twitter_card":"summary_large_image","twitter_creator":"@PressenzaIPA","twitter_site":"@PressenzaIPA","twitter_misc":{"Escrito por":"Pressenza IPA","Tiempo de lectura":"4 minutos"},"schema":{"@context":"https:\/\/schema.org","@graph":[{"@type":"Article","@id":"https:\/\/www.pressenza.com\/es\/2009\/07\/marco-enriquez-ominami-y-tomxs-hirsch-juntos-por-la-paz\/#article","isPartOf":{"@id":"https:\/\/www.pressenza.com\/es\/2009\/07\/marco-enriquez-ominami-y-tomxs-hirsch-juntos-por-la-paz\/"},"author":{"name":"Pressenza IPA","@id":"https:\/\/www.pressenza.com\/es\/#\/schema\/person\/010e5d02bcf40965427a1289a4cc8d75"},"headline":"Marco Enriquez-Ominami y Tom\u00e1s Hirsch juntos por la paz","datePublished":"2009-07-02T00:00:00+00:00","dateModified":"2012-11-01T18:59:02+00:00","mainEntityOfPage":{"@id":"https:\/\/www.pressenza.com\/es\/2009\/07\/marco-enriquez-ominami-y-tomxs-hirsch-juntos-por-la-paz\/"},"wordCount":822,"publisher":{"@id":"https:\/\/www.pressenza.com\/es\/#organization"},"articleSection":["Opiniones","Paz y Desarme","Sudam\u00e9rica"],"inLanguage":"es"},{"@type":"WebPage","@id":"https:\/\/www.pressenza.com\/es\/2009\/07\/marco-enriquez-ominami-y-tomxs-hirsch-juntos-por-la-paz\/","url":"https:\/\/www.pressenza.com\/es\/2009\/07\/marco-enriquez-ominami-y-tomxs-hirsch-juntos-por-la-paz\/","name":"Marco Enriquez-Ominami y Tom\u00e1s Hirsch juntos por la paz","isPartOf":{"@id":"https:\/\/www.pressenza.com\/es\/#website"},"datePublished":"2009-07-02T00:00:00+00:00","dateModified":"2012-11-01T18:59:02+00:00","description":"Acompa\u00f1ados de la presidenta de la ONG Mundo Sin Guerras, Gloria Morrison, y de Efr\u00e9n Osorio, Presidente del Partido Humanista, el candidato presidencial independiente, en conjunto al ex abanderado del Juntos Podemos, invitaron al mundo pol\u00edtico a sumarse a la Marcha Mundial por la Paz y la No Violencia y reiteraron su compromiso con esta campa\u00f1a cuyo sello es la No Violencia. Enr\u00edquez-Ominami es el primer presidenciable en apoyar formalmente la causa y comprometer su presencia en el cierre, el 2 de enero de 2010, en Punta de Vacas, a los pies del Monte Aconcagua.","breadcrumb":{"@id":"https:\/\/www.pressenza.com\/es\/2009\/07\/marco-enriquez-ominami-y-tomxs-hirsch-juntos-por-la-paz\/#breadcrumb"},"inLanguage":"es","potentialAction":[{"@type":"ReadAction","target":["https:\/\/www.pressenza.com\/es\/2009\/07\/marco-enriquez-ominami-y-tomxs-hirsch-juntos-por-la-paz\/"]}]},{"@type":"BreadcrumbList","@id":"https:\/\/www.pressenza.com\/es\/2009\/07\/marco-enriquez-ominami-y-tomxs-hirsch-juntos-por-la-paz\/#breadcrumb","itemListElement":[{"@type":"ListItem","position":1,"name":"Accueil","item":"https:\/\/www.pressenza.com\/es\/"},{"@type":"ListItem","position":2,"name":"Marco Enriquez-Ominami y Tom\u00e1s Hirsch juntos por la paz"}]},{"@type":"WebSite","@id":"https:\/\/www.pressenza.com\/es\/#website","url":"https:\/\/www.pressenza.com\/es\/","name":"Pressenza","description":"International Press Agency","publisher":{"@id":"https:\/\/www.pressenza.com\/es\/#organization"},"potentialAction":[{"@type":"SearchAction","target":{"@type":"EntryPoint","urlTemplate":"https:\/\/www.pressenza.com\/es\/?s={search_term_string}"},"query-input":{"@type":"PropertyValueSpecification","valueRequired":true,"valueName":"search_term_string"}}],"inLanguage":"es"},{"@type":"Organization","@id":"https:\/\/www.pressenza.com\/es\/#organization","name":"Pressenza","url":"https:\/\/www.pressenza.com\/es\/","logo":{"@type":"ImageObject","inLanguage":"es","@id":"https:\/\/www.pressenza.com\/es\/#\/schema\/logo\/image\/","url":"https:\/\/www.pressenza.com\/wp-content\/uploads\/2022\/10\/pressenza_logo_200x200.jpg","contentUrl":"https:\/\/www.pressenza.com\/wp-content\/uploads\/2022\/10\/pressenza_logo_200x200.jpg","width":200,"height":200,"caption":"Pressenza"},"image":{"@id":"https:\/\/www.pressenza.com\/es\/#\/schema\/logo\/image\/"},"sameAs":["https:\/\/www.facebook.com\/PressenzaItalia","https:\/\/x.com\/PressenzaIPA"]},{"@type":"Person","@id":"https:\/\/www.pressenza.com\/es\/#\/schema\/person\/010e5d02bcf40965427a1289a4cc8d75","name":"Pressenza IPA","description":"News from Pressenza IPA correspondents","sameAs":["https:\/\/www.facebook.com\/pressenza","https:\/\/x.com\/PressenzaIPA"],"url":"https:\/\/www.pressenza.com\/es\/author\/pressenza-ipa\/"}]}},"place":"Santiago","original_article_url":"","_links":{"self":[{"href":"https:\/\/www.pressenza.com\/es\/wp-json\/wp\/v2\/posts\/635","targetHints":{"allow":["GET"]}}],"collection":[{"href":"https:\/\/www.pressenza.com\/es\/wp-json\/wp\/v2\/posts"}],"about":[{"href":"https:\/\/www.pressenza.com\/es\/wp-json\/wp\/v2\/types\/post"}],"author":[{"embeddable":true,"href":"https:\/\/www.pressenza.com\/es\/wp-json\/wp\/v2\/users\/19"}],"replies":[{"embeddable":true,"href":"https:\/\/www.pressenza.com\/es\/wp-json\/wp\/v2\/comments?post=635"}],"version-history":[{"count":0,"href":"https:\/\/www.pressenza.com\/es\/wp-json\/wp\/v2\/posts\/635\/revisions"}],"wp:attachment":[{"href":"https:\/\/www.pressenza.com\/es\/wp-json\/wp\/v2\/media?parent=635"}],"wp:term":[{"taxonomy":"category","embeddable":true,"href":"https:\/\/www.pressenza.com\/es\/wp-json\/wp\/v2\/categories?post=635"},{"taxonomy":"post_tag","embeddable":true,"href":"https:\/\/www.pressenza.com\/es\/wp-json\/wp\/v2\/tags?post=635"}],"curies":[{"name":"wp","href":"https:\/\/api.w.org\/{rel}","templated":true}]}}