{"id":633377,"date":"2018-04-30T12:15:51","date_gmt":"2018-04-30T11:15:51","guid":{"rendered":"https:\/\/www.pressenza.com\/?p=633377"},"modified":"2018-04-30T12:15:51","modified_gmt":"2018-04-30T11:15:51","slug":"se-lanza-la-segunda-edicion-del-festival-internacional-cine-derechos-humanos-cremona","status":"publish","type":"post","link":"https:\/\/www.pressenza.com\/es\/2018\/04\/se-lanza-la-segunda-edicion-del-festival-internacional-cine-derechos-humanos-cremona\/","title":{"rendered":"\u00a1Se lanza la segunda edici\u00f3n del Festival Internacional de Cine y Derechos Humanos de Cremona!"},"content":{"rendered":"<p>Tras del \u00e9xito de la primer edici\u00f3n, la Asociaci\u00f3n Latinoamericana de Cremona con gran placer anuncia la Segunda Edici\u00f3n del Festival Internacional de Cine y Derechos Humanos de Cremona que tendr\u00e1 lugar del 5 al 7 de octubre en el Teatro Monteverdi ubicado en el centro de la ciudad.<\/p>\n<p>&nbsp;<\/p>\n<p>El Festival ser\u00e1 un espacio de apoyo y defensa de los Derechos Humanos a trav\u00e9s del cine, con el objetivo de potenciar el arte cinematogr\u00e1fico como instrumento de transformaci\u00f3n social, cultural y art\u00edstica y de reforzar el compromiso y el activismo social.<\/p>\n<p>&nbsp;<\/p>\n<p>Su objetivo es difundir documentales y cortometrajes que van m\u00e1s all\u00e1 del simple testimonio para convertirse en un cine activo y comprometido, que quiere desafiar a los espectadores sobre la base de la memoria hist\u00f3rica y art\u00edstica.<\/p>\n<p>&nbsp;<\/p>\n<p>Ser\u00e1n tres jornadas de proyecciones, debates y encuentros entorno al cine y a los Derechos Humanos, cada jornada estar\u00e1 dedicada a una tem\u00e1tica espec\u00edfica: Migraci\u00f3n, Miradas de g\u00e9nero y los Derechos en la era digital.<\/p>\n<p>&nbsp;<\/p>\n<p>Por primera vez, adem\u00e1s de la selecci\u00f3n de documentales, estar\u00e1 <a href=\"http:\/\/www.festivaldirittiumani.com\/concorso\/\">abierta la inscripci\u00f3n <\/a>para la selecci\u00f3n de cortometrajes de cualquier g\u00e9nero. \u00abCremona, ciudad de la m\u00fasica y la luter\u00eda\u00bb otorgar\u00e1 entre los cortometrajes seleccionados el Premio a la Mejor Banda Sonora, que consiste en una escultura creada por un maestro lutier. \u00a0Los formularios de inscripci\u00f3n se encuentran disponibles en el sitio web del Festival: <a href=\"http:\/\/www.festivaldirittiumani.com\/\">www.festivaldirittiumani.com<\/a><\/p>\n<p>&nbsp;<\/p>\n<p>&nbsp;<\/p>\n","protected":false},"excerpt":{"rendered":"<p>Tras del \u00e9xito de la primer edici\u00f3n, la Asociaci\u00f3n Latinoamericana de Cremona con gran placer anuncia la Segunda Edici\u00f3n del Festival Internacional de Cine y Derechos Humanos de Cremona que tendr\u00e1 lugar del 5 al 7 de octubre en el&hellip;<\/p>\n","protected":false},"author":594,"featured_media":633374,"comment_status":"closed","ping_status":"closed","sticky":false,"template":"","format":"standard","meta":{"footnotes":""},"categories":[149,75,79,66],"tags":[476,39716,441,39724,3672],"class_list":["post-633377","post","type-post","status-publish","format-standard","has-post-thumbnail","hentry","category-comunicados-de-prensa","category-cultura-es","category-derechos-humanos","category-europa-es","tag-cinema","tag-cremona","tag-derechos-humanos","tag-festival-internacional-de-cine-y-derechos-humanos","tag-italia-es"],"yoast_head":"<!-- This site is optimized with the Yoast SEO plugin v27.1.1 - https:\/\/yoast.com\/product\/yoast-seo-wordpress\/ -->\n<title>\u00a1Se lanza la segunda edici\u00f3n del Festival Internacional de Cine y Derechos Humanos de Cremona!<\/title>\n<meta name=\"description\" content=\"Tras del \u00e9xito de la primer edici\u00f3n, la Asociaci\u00f3n Latinoamericana de Cremona con gran placer anuncia la Segunda Edici\u00f3n del Festival Internacional de\" \/>\n<meta name=\"robots\" content=\"index, follow, max-snippet:-1, max-image-preview:large, max-video-preview:-1\" \/>\n<link rel=\"canonical\" href=\"https:\/\/www.pressenza.com\/es\/2018\/04\/se-lanza-la-segunda-edicion-del-festival-internacional-cine-derechos-humanos-cremona\/\" \/>\n<meta property=\"og:locale\" content=\"es_ES\" \/>\n<meta property=\"og:type\" content=\"article\" \/>\n<meta property=\"og:title\" content=\"\u00a1Se lanza la segunda edici\u00f3n del Festival Internacional de Cine y Derechos Humanos de Cremona!\" \/>\n<meta property=\"og:description\" content=\"Tras del \u00e9xito de la primer edici\u00f3n, la Asociaci\u00f3n Latinoamericana de Cremona con gran placer anuncia la Segunda Edici\u00f3n del Festival Internacional de\" \/>\n<meta property=\"og:url\" content=\"https:\/\/www.pressenza.com\/es\/2018\/04\/se-lanza-la-segunda-edicion-del-festival-internacional-cine-derechos-humanos-cremona\/\" \/>\n<meta property=\"og:site_name\" content=\"Pressenza\" \/>\n<meta property=\"article:publisher\" content=\"https:\/\/www.facebook.com\/PressenzaItalia\" \/>\n<meta property=\"article:author\" content=\"https:\/\/www.facebook.com\/PressenzaItalia\" \/>\n<meta property=\"article:published_time\" content=\"2018-04-30T11:15:51+00:00\" \/>\n<meta property=\"og:image\" content=\"https:\/\/www.pressenza.com\/wp-content\/uploads\/2018\/04\/Logo_FICDU_2edizione.png\" \/>\n\t<meta property=\"og:image:width\" content=\"2248\" \/>\n\t<meta property=\"og:image:height\" content=\"1574\" \/>\n\t<meta property=\"og:image:type\" content=\"image\/png\" \/>\n<meta name=\"author\" content=\"Redazione Italia\" \/>\n<meta name=\"twitter:card\" content=\"summary_large_image\" \/>\n<meta name=\"twitter:creator\" content=\"@pressenza_it\" \/>\n<meta name=\"twitter:site\" content=\"@PressenzaIPA\" \/>\n<meta name=\"twitter:label1\" content=\"Escrito por\" \/>\n\t<meta name=\"twitter:data1\" content=\"Redazione Italia\" \/>\n\t<meta name=\"twitter:label2\" content=\"Tiempo de lectura\" \/>\n\t<meta name=\"twitter:data2\" content=\"1 minuto\" \/>\n<script type=\"application\/ld+json\" class=\"yoast-schema-graph\">{\"@context\":\"https:\/\/schema.org\",\"@graph\":[{\"@type\":\"Article\",\"@id\":\"https:\/\/www.pressenza.com\/es\/2018\/04\/se-lanza-la-segunda-edicion-del-festival-internacional-cine-derechos-humanos-cremona\/#article\",\"isPartOf\":{\"@id\":\"https:\/\/www.pressenza.com\/es\/2018\/04\/se-lanza-la-segunda-edicion-del-festival-internacional-cine-derechos-humanos-cremona\/\"},\"author\":{\"name\":\"Redazione Italia\",\"@id\":\"https:\/\/www.pressenza.com\/es\/#\/schema\/person\/d983e81827ae24f2c7b1a2123d197f8d\"},\"headline\":\"\u00a1Se lanza la segunda edici\u00f3n del Festival Internacional de Cine y Derechos Humanos de Cremona!\",\"datePublished\":\"2018-04-30T11:15:51+00:00\",\"mainEntityOfPage\":{\"@id\":\"https:\/\/www.pressenza.com\/es\/2018\/04\/se-lanza-la-segunda-edicion-del-festival-internacional-cine-derechos-humanos-cremona\/\"},\"wordCount\":273,\"publisher\":{\"@id\":\"https:\/\/www.pressenza.com\/es\/#organization\"},\"image\":{\"@id\":\"https:\/\/www.pressenza.com\/es\/2018\/04\/se-lanza-la-segunda-edicion-del-festival-internacional-cine-derechos-humanos-cremona\/#primaryimage\"},\"thumbnailUrl\":\"https:\/\/www.pressenza.com\/wp-content\/uploads\/2018\/04\/Logo_FICDU_2edizione.png\",\"keywords\":[\"cinema\",\"Cremona\",\"Derechos humanos\",\"Festival Internacional de Cine y Derechos Humanos\",\"Italia\"],\"articleSection\":[\"Comunicados de Prensa\",\"Cultura y Medios\",\"Derechos Humanos\",\"Europa\"],\"inLanguage\":\"es\"},{\"@type\":\"WebPage\",\"@id\":\"https:\/\/www.pressenza.com\/es\/2018\/04\/se-lanza-la-segunda-edicion-del-festival-internacional-cine-derechos-humanos-cremona\/\",\"url\":\"https:\/\/www.pressenza.com\/es\/2018\/04\/se-lanza-la-segunda-edicion-del-festival-internacional-cine-derechos-humanos-cremona\/\",\"name\":\"\u00a1Se lanza la segunda edici\u00f3n del Festival Internacional de Cine y Derechos Humanos de Cremona!\",\"isPartOf\":{\"@id\":\"https:\/\/www.pressenza.com\/es\/#website\"},\"primaryImageOfPage\":{\"@id\":\"https:\/\/www.pressenza.com\/es\/2018\/04\/se-lanza-la-segunda-edicion-del-festival-internacional-cine-derechos-humanos-cremona\/#primaryimage\"},\"image\":{\"@id\":\"https:\/\/www.pressenza.com\/es\/2018\/04\/se-lanza-la-segunda-edicion-del-festival-internacional-cine-derechos-humanos-cremona\/#primaryimage\"},\"thumbnailUrl\":\"https:\/\/www.pressenza.com\/wp-content\/uploads\/2018\/04\/Logo_FICDU_2edizione.png\",\"datePublished\":\"2018-04-30T11:15:51+00:00\",\"description\":\"Tras del \u00e9xito de la primer edici\u00f3n, la Asociaci\u00f3n Latinoamericana de Cremona con gran placer anuncia la Segunda Edici\u00f3n del Festival Internacional de\",\"breadcrumb\":{\"@id\":\"https:\/\/www.pressenza.com\/es\/2018\/04\/se-lanza-la-segunda-edicion-del-festival-internacional-cine-derechos-humanos-cremona\/#breadcrumb\"},\"inLanguage\":\"es\",\"potentialAction\":[{\"@type\":\"ReadAction\",\"target\":[\"https:\/\/www.pressenza.com\/es\/2018\/04\/se-lanza-la-segunda-edicion-del-festival-internacional-cine-derechos-humanos-cremona\/\"]}]},{\"@type\":\"ImageObject\",\"inLanguage\":\"es\",\"@id\":\"https:\/\/www.pressenza.com\/es\/2018\/04\/se-lanza-la-segunda-edicion-del-festival-internacional-cine-derechos-humanos-cremona\/#primaryimage\",\"url\":\"https:\/\/www.pressenza.com\/wp-content\/uploads\/2018\/04\/Logo_FICDU_2edizione.png\",\"contentUrl\":\"https:\/\/www.pressenza.com\/wp-content\/uploads\/2018\/04\/Logo_FICDU_2edizione.png\",\"width\":2248,\"height\":1574},{\"@type\":\"BreadcrumbList\",\"@id\":\"https:\/\/www.pressenza.com\/es\/2018\/04\/se-lanza-la-segunda-edicion-del-festival-internacional-cine-derechos-humanos-cremona\/#breadcrumb\",\"itemListElement\":[{\"@type\":\"ListItem\",\"position\":1,\"name\":\"Accueil\",\"item\":\"https:\/\/www.pressenza.com\/es\/\"},{\"@type\":\"ListItem\",\"position\":2,\"name\":\"\u00a1Se lanza la segunda edici\u00f3n del Festival Internacional de Cine y Derechos Humanos de Cremona!\"}]},{\"@type\":\"WebSite\",\"@id\":\"https:\/\/www.pressenza.com\/es\/#website\",\"url\":\"https:\/\/www.pressenza.com\/es\/\",\"name\":\"Pressenza\",\"description\":\"International Press Agency\",\"publisher\":{\"@id\":\"https:\/\/www.pressenza.com\/es\/#organization\"},\"potentialAction\":[{\"@type\":\"SearchAction\",\"target\":{\"@type\":\"EntryPoint\",\"urlTemplate\":\"https:\/\/www.pressenza.com\/es\/?s={search_term_string}\"},\"query-input\":{\"@type\":\"PropertyValueSpecification\",\"valueRequired\":true,\"valueName\":\"search_term_string\"}}],\"inLanguage\":\"es\"},{\"@type\":\"Organization\",\"@id\":\"https:\/\/www.pressenza.com\/es\/#organization\",\"name\":\"Pressenza\",\"url\":\"https:\/\/www.pressenza.com\/es\/\",\"logo\":{\"@type\":\"ImageObject\",\"inLanguage\":\"es\",\"@id\":\"https:\/\/www.pressenza.com\/es\/#\/schema\/logo\/image\/\",\"url\":\"https:\/\/www.pressenza.com\/wp-content\/uploads\/2022\/10\/pressenza_logo_200x200.jpg\",\"contentUrl\":\"https:\/\/www.pressenza.com\/wp-content\/uploads\/2022\/10\/pressenza_logo_200x200.jpg\",\"width\":200,\"height\":200,\"caption\":\"Pressenza\"},\"image\":{\"@id\":\"https:\/\/www.pressenza.com\/es\/#\/schema\/logo\/image\/\"},\"sameAs\":[\"https:\/\/www.facebook.com\/PressenzaItalia\",\"https:\/\/x.com\/PressenzaIPA\"]},{\"@type\":\"Person\",\"@id\":\"https:\/\/www.pressenza.com\/es\/#\/schema\/person\/d983e81827ae24f2c7b1a2123d197f8d\",\"name\":\"Redazione Italia\",\"description\":\"News from the Pressenza Bureau in Italy\",\"sameAs\":[\"https:\/\/www.pressenza.com\/it\/author\/redazione-italia\/\",\"https:\/\/www.facebook.com\/PressenzaItalia\",\"https:\/\/www.instagram.com\/pressenza_italia\/\",\"https:\/\/x.com\/pressenza_it\",\"https:\/\/www.youtube.com\/channel\/UCSalEIWjE1RSxkwjfftFuqg\"],\"url\":\"https:\/\/www.pressenza.com\/es\/author\/redazione-italia\/\"}]}<\/script>\n<!-- \/ Yoast SEO plugin. -->","yoast_head_json":{"title":"\u00a1Se lanza la segunda edici\u00f3n del Festival Internacional de Cine y Derechos Humanos de Cremona!","description":"Tras del \u00e9xito de la primer edici\u00f3n, la Asociaci\u00f3n Latinoamericana de Cremona con gran placer anuncia la Segunda Edici\u00f3n del Festival Internacional de","robots":{"index":"index","follow":"follow","max-snippet":"max-snippet:-1","max-image-preview":"max-image-preview:large","max-video-preview":"max-video-preview:-1"},"canonical":"https:\/\/www.pressenza.com\/es\/2018\/04\/se-lanza-la-segunda-edicion-del-festival-internacional-cine-derechos-humanos-cremona\/","og_locale":"es_ES","og_type":"article","og_title":"\u00a1Se lanza la segunda edici\u00f3n del Festival Internacional de Cine y Derechos Humanos de Cremona!","og_description":"Tras del \u00e9xito de la primer edici\u00f3n, la Asociaci\u00f3n Latinoamericana de Cremona con gran placer anuncia la Segunda Edici\u00f3n del Festival Internacional de","og_url":"https:\/\/www.pressenza.com\/es\/2018\/04\/se-lanza-la-segunda-edicion-del-festival-internacional-cine-derechos-humanos-cremona\/","og_site_name":"Pressenza","article_publisher":"https:\/\/www.facebook.com\/PressenzaItalia","article_author":"https:\/\/www.facebook.com\/PressenzaItalia","article_published_time":"2018-04-30T11:15:51+00:00","og_image":[{"width":2248,"height":1574,"url":"https:\/\/www.pressenza.com\/wp-content\/uploads\/2018\/04\/Logo_FICDU_2edizione.png","type":"image\/png"}],"author":"Redazione Italia","twitter_card":"summary_large_image","twitter_creator":"@pressenza_it","twitter_site":"@PressenzaIPA","twitter_misc":{"Escrito por":"Redazione Italia","Tiempo de lectura":"1 minuto"},"schema":{"@context":"https:\/\/schema.org","@graph":[{"@type":"Article","@id":"https:\/\/www.pressenza.com\/es\/2018\/04\/se-lanza-la-segunda-edicion-del-festival-internacional-cine-derechos-humanos-cremona\/#article","isPartOf":{"@id":"https:\/\/www.pressenza.com\/es\/2018\/04\/se-lanza-la-segunda-edicion-del-festival-internacional-cine-derechos-humanos-cremona\/"},"author":{"name":"Redazione Italia","@id":"https:\/\/www.pressenza.com\/es\/#\/schema\/person\/d983e81827ae24f2c7b1a2123d197f8d"},"headline":"\u00a1Se lanza la segunda edici\u00f3n del Festival Internacional de Cine y Derechos Humanos de Cremona!","datePublished":"2018-04-30T11:15:51+00:00","mainEntityOfPage":{"@id":"https:\/\/www.pressenza.com\/es\/2018\/04\/se-lanza-la-segunda-edicion-del-festival-internacional-cine-derechos-humanos-cremona\/"},"wordCount":273,"publisher":{"@id":"https:\/\/www.pressenza.com\/es\/#organization"},"image":{"@id":"https:\/\/www.pressenza.com\/es\/2018\/04\/se-lanza-la-segunda-edicion-del-festival-internacional-cine-derechos-humanos-cremona\/#primaryimage"},"thumbnailUrl":"https:\/\/www.pressenza.com\/wp-content\/uploads\/2018\/04\/Logo_FICDU_2edizione.png","keywords":["cinema","Cremona","Derechos humanos","Festival Internacional de Cine y Derechos Humanos","Italia"],"articleSection":["Comunicados de Prensa","Cultura y Medios","Derechos Humanos","Europa"],"inLanguage":"es"},{"@type":"WebPage","@id":"https:\/\/www.pressenza.com\/es\/2018\/04\/se-lanza-la-segunda-edicion-del-festival-internacional-cine-derechos-humanos-cremona\/","url":"https:\/\/www.pressenza.com\/es\/2018\/04\/se-lanza-la-segunda-edicion-del-festival-internacional-cine-derechos-humanos-cremona\/","name":"\u00a1Se lanza la segunda edici\u00f3n del Festival Internacional de Cine y Derechos Humanos de Cremona!","isPartOf":{"@id":"https:\/\/www.pressenza.com\/es\/#website"},"primaryImageOfPage":{"@id":"https:\/\/www.pressenza.com\/es\/2018\/04\/se-lanza-la-segunda-edicion-del-festival-internacional-cine-derechos-humanos-cremona\/#primaryimage"},"image":{"@id":"https:\/\/www.pressenza.com\/es\/2018\/04\/se-lanza-la-segunda-edicion-del-festival-internacional-cine-derechos-humanos-cremona\/#primaryimage"},"thumbnailUrl":"https:\/\/www.pressenza.com\/wp-content\/uploads\/2018\/04\/Logo_FICDU_2edizione.png","datePublished":"2018-04-30T11:15:51+00:00","description":"Tras del \u00e9xito de la primer edici\u00f3n, la Asociaci\u00f3n Latinoamericana de Cremona con gran placer anuncia la Segunda Edici\u00f3n del Festival Internacional de","breadcrumb":{"@id":"https:\/\/www.pressenza.com\/es\/2018\/04\/se-lanza-la-segunda-edicion-del-festival-internacional-cine-derechos-humanos-cremona\/#breadcrumb"},"inLanguage":"es","potentialAction":[{"@type":"ReadAction","target":["https:\/\/www.pressenza.com\/es\/2018\/04\/se-lanza-la-segunda-edicion-del-festival-internacional-cine-derechos-humanos-cremona\/"]}]},{"@type":"ImageObject","inLanguage":"es","@id":"https:\/\/www.pressenza.com\/es\/2018\/04\/se-lanza-la-segunda-edicion-del-festival-internacional-cine-derechos-humanos-cremona\/#primaryimage","url":"https:\/\/www.pressenza.com\/wp-content\/uploads\/2018\/04\/Logo_FICDU_2edizione.png","contentUrl":"https:\/\/www.pressenza.com\/wp-content\/uploads\/2018\/04\/Logo_FICDU_2edizione.png","width":2248,"height":1574},{"@type":"BreadcrumbList","@id":"https:\/\/www.pressenza.com\/es\/2018\/04\/se-lanza-la-segunda-edicion-del-festival-internacional-cine-derechos-humanos-cremona\/#breadcrumb","itemListElement":[{"@type":"ListItem","position":1,"name":"Accueil","item":"https:\/\/www.pressenza.com\/es\/"},{"@type":"ListItem","position":2,"name":"\u00a1Se lanza la segunda edici\u00f3n del Festival Internacional de Cine y Derechos Humanos de Cremona!"}]},{"@type":"WebSite","@id":"https:\/\/www.pressenza.com\/es\/#website","url":"https:\/\/www.pressenza.com\/es\/","name":"Pressenza","description":"International Press Agency","publisher":{"@id":"https:\/\/www.pressenza.com\/es\/#organization"},"potentialAction":[{"@type":"SearchAction","target":{"@type":"EntryPoint","urlTemplate":"https:\/\/www.pressenza.com\/es\/?s={search_term_string}"},"query-input":{"@type":"PropertyValueSpecification","valueRequired":true,"valueName":"search_term_string"}}],"inLanguage":"es"},{"@type":"Organization","@id":"https:\/\/www.pressenza.com\/es\/#organization","name":"Pressenza","url":"https:\/\/www.pressenza.com\/es\/","logo":{"@type":"ImageObject","inLanguage":"es","@id":"https:\/\/www.pressenza.com\/es\/#\/schema\/logo\/image\/","url":"https:\/\/www.pressenza.com\/wp-content\/uploads\/2022\/10\/pressenza_logo_200x200.jpg","contentUrl":"https:\/\/www.pressenza.com\/wp-content\/uploads\/2022\/10\/pressenza_logo_200x200.jpg","width":200,"height":200,"caption":"Pressenza"},"image":{"@id":"https:\/\/www.pressenza.com\/es\/#\/schema\/logo\/image\/"},"sameAs":["https:\/\/www.facebook.com\/PressenzaItalia","https:\/\/x.com\/PressenzaIPA"]},{"@type":"Person","@id":"https:\/\/www.pressenza.com\/es\/#\/schema\/person\/d983e81827ae24f2c7b1a2123d197f8d","name":"Redazione Italia","description":"News from the Pressenza Bureau in Italy","sameAs":["https:\/\/www.pressenza.com\/it\/author\/redazione-italia\/","https:\/\/www.facebook.com\/PressenzaItalia","https:\/\/www.instagram.com\/pressenza_italia\/","https:\/\/x.com\/pressenza_it","https:\/\/www.youtube.com\/channel\/UCSalEIWjE1RSxkwjfftFuqg"],"url":"https:\/\/www.pressenza.com\/es\/author\/redazione-italia\/"}]}},"place":"Cremona, Italia","original_article_url":"","_links":{"self":[{"href":"https:\/\/www.pressenza.com\/es\/wp-json\/wp\/v2\/posts\/633377","targetHints":{"allow":["GET"]}}],"collection":[{"href":"https:\/\/www.pressenza.com\/es\/wp-json\/wp\/v2\/posts"}],"about":[{"href":"https:\/\/www.pressenza.com\/es\/wp-json\/wp\/v2\/types\/post"}],"author":[{"embeddable":true,"href":"https:\/\/www.pressenza.com\/es\/wp-json\/wp\/v2\/users\/594"}],"replies":[{"embeddable":true,"href":"https:\/\/www.pressenza.com\/es\/wp-json\/wp\/v2\/comments?post=633377"}],"version-history":[{"count":0,"href":"https:\/\/www.pressenza.com\/es\/wp-json\/wp\/v2\/posts\/633377\/revisions"}],"wp:featuredmedia":[{"embeddable":true,"href":"https:\/\/www.pressenza.com\/es\/wp-json\/wp\/v2\/media\/633374"}],"wp:attachment":[{"href":"https:\/\/www.pressenza.com\/es\/wp-json\/wp\/v2\/media?parent=633377"}],"wp:term":[{"taxonomy":"category","embeddable":true,"href":"https:\/\/www.pressenza.com\/es\/wp-json\/wp\/v2\/categories?post=633377"},{"taxonomy":"post_tag","embeddable":true,"href":"https:\/\/www.pressenza.com\/es\/wp-json\/wp\/v2\/tags?post=633377"}],"curies":[{"name":"wp","href":"https:\/\/api.w.org\/{rel}","templated":true}]}}