{"id":633267,"date":"2018-04-30T00:14:17","date_gmt":"2018-04-29T23:14:17","guid":{"rendered":"https:\/\/www.pressenza.com\/?p=633267"},"modified":"2018-04-30T00:14:17","modified_gmt":"2018-04-29T23:14:17","slug":"nicaragua-comision-verdad-justicia-paz","status":"publish","type":"post","link":"https:\/\/www.pressenza.com\/es\/2018\/04\/nicaragua-comision-verdad-justicia-paz\/","title":{"rendered":"Nicaragua: Comisi\u00f3n de Verdad, Justicia y Paz"},"content":{"rendered":"<p>La Asamblea Nacional de Nicaragua aprob\u00f3 la creaci\u00f3n de la Comisi\u00f3n de Verdad, Justicia y Paz,\u00a0durante una sesi\u00f3n extraordinaria que tuvo lugar este domingo, con el objetivo de conocer, analizar y esclarecer los hechos violentos ocurridos\u00a0en el pa\u00eds desde hace una semana.<\/p>\n<p>La Comisi\u00f3n deber\u00e1 ser conformada y juramentada en un per\u00edodo que no sea mayor a los pr\u00f3ximos siete d\u00edas y tendr\u00e1 un plazo de tres meses para presentar los resultados de su trabajo. Ser\u00e1 conformada\u00a0por nicarag\u00fcenses de diferentes sectores: juristas, intelectuales, religiosos, j\u00f3venes, movimientos sociales y quienes\u00a0est\u00e9n de acuerdo con promover el di\u00e1logo y la paz en el pa\u00eds.<\/p>\n<p>Durante las protestas que iniciaron el 20 de abril contra la reforma a las pensiones, al menos 11 personas perdieron la vida cuando grupos violentos intentaban ocupar la sede de la alcald\u00eda de Tipitapa. Los desbordes provocaron m\u00e1s muertes en diferentes lugares del pa\u00eds.<\/p>\n<p>D\u00edas despu\u00e9s, el presidente\u00a0Daniel Ortega\u00a0derog\u00f3 dicha reforma y llam\u00f3 a la Iglesia Cat\u00f3lica a contribuir como mediadora en los\u00a0di\u00e1logos.<\/p>\n<p>El pasado 24 de abril, la Conferencia Episcopal de Nicaragua acept\u00f3 servir como mediadora y testigo del di\u00e1logo entre el Gobierno de Ortega y el empresariado nacional.<\/p>\n","protected":false},"excerpt":{"rendered":"<p>La Asamblea Nacional de Nicaragua aprob\u00f3 la creaci\u00f3n de la Comisi\u00f3n de Verdad, Justicia y Paz,\u00a0durante una sesi\u00f3n extraordinaria que tuvo lugar este domingo, con el objetivo de conocer, analizar y esclarecer los hechos violentos ocurridos\u00a0en el pa\u00eds desde hace&hellip;<\/p>\n","protected":false},"author":1300,"featured_media":633268,"comment_status":"closed","ping_status":"closed","sticky":false,"template":"","format":"standard","meta":{"footnotes":""},"categories":[69,11389,74],"tags":[45654,41976,45655,14610,394,39427],"class_list":["post-633267","post","type-post","status-publish","format-standard","has-post-thumbnail","hentry","category-america-central","category-contenido-original","category-politica-es","tag-comision-de-verdad","tag-daniel-ortega","tag-justicia-y-paz","tag-nicaragua-es","tag-protestas-sociales","tag-reforma-a-las-pensiones"],"yoast_head":"<!-- This site is optimized with the Yoast SEO plugin v27.1.1 - https:\/\/yoast.com\/product\/yoast-seo-wordpress\/ -->\n<title>Nicaragua: Comisi\u00f3n de Verdad, Justicia y Paz<\/title>\n<meta name=\"description\" content=\"La Asamblea Nacional de Nicaragua aprob\u00f3 la creaci\u00f3n de la Comisi\u00f3n de Verdad, Justicia y Paz,\u00a0durante una sesi\u00f3n extraordinaria que tuvo lugar este\" \/>\n<meta name=\"robots\" content=\"index, follow, max-snippet:-1, max-image-preview:large, max-video-preview:-1\" \/>\n<link rel=\"canonical\" href=\"https:\/\/www.pressenza.com\/es\/2018\/04\/nicaragua-comision-verdad-justicia-paz\/\" \/>\n<meta property=\"og:locale\" content=\"es_ES\" \/>\n<meta property=\"og:type\" content=\"article\" \/>\n<meta property=\"og:title\" content=\"Nicaragua: Comisi\u00f3n de Verdad, Justicia y Paz\" \/>\n<meta property=\"og:description\" content=\"La Asamblea Nacional de Nicaragua aprob\u00f3 la creaci\u00f3n de la Comisi\u00f3n de Verdad, Justicia y Paz,\u00a0durante una sesi\u00f3n extraordinaria que tuvo lugar este\" \/>\n<meta property=\"og:url\" content=\"https:\/\/www.pressenza.com\/es\/2018\/04\/nicaragua-comision-verdad-justicia-paz\/\" \/>\n<meta property=\"og:site_name\" content=\"Pressenza\" \/>\n<meta property=\"article:publisher\" content=\"https:\/\/www.facebook.com\/PressenzaItalia\" \/>\n<meta property=\"article:published_time\" content=\"2018-04-29T23:14:17+00:00\" \/>\n<meta property=\"og:image\" content=\"https:\/\/www.pressenza.com\/wp-content\/uploads\/2018\/04\/an_nicaragua_23.jpg_2141998039.jpg\" \/>\n\t<meta property=\"og:image:width\" content=\"746\" \/>\n\t<meta property=\"og:image:height\" content=\"421\" \/>\n\t<meta property=\"og:image:type\" content=\"image\/jpeg\" \/>\n<meta name=\"author\" content=\"Redacci\u00f3n M\u00e9xico\" \/>\n<meta name=\"twitter:card\" content=\"summary_large_image\" \/>\n<meta name=\"twitter:creator\" content=\"@PressenzaIPA\" \/>\n<meta name=\"twitter:site\" content=\"@PressenzaIPA\" \/>\n<meta name=\"twitter:label1\" content=\"Escrito por\" \/>\n\t<meta name=\"twitter:data1\" content=\"Redacci\u00f3n M\u00e9xico\" \/>\n\t<meta name=\"twitter:label2\" content=\"Tiempo de lectura\" \/>\n\t<meta name=\"twitter:data2\" content=\"1 minuto\" \/>\n<script type=\"application\/ld+json\" class=\"yoast-schema-graph\">{\"@context\":\"https:\/\/schema.org\",\"@graph\":[{\"@type\":\"Article\",\"@id\":\"https:\/\/www.pressenza.com\/es\/2018\/04\/nicaragua-comision-verdad-justicia-paz\/#article\",\"isPartOf\":{\"@id\":\"https:\/\/www.pressenza.com\/es\/2018\/04\/nicaragua-comision-verdad-justicia-paz\/\"},\"author\":{\"name\":\"Redacci\u00f3n M\u00e9xico\",\"@id\":\"https:\/\/www.pressenza.com\/es\/#\/schema\/person\/ea3a5d108f4abbf76bec1ad953cf74f4\"},\"headline\":\"Nicaragua: Comisi\u00f3n de Verdad, Justicia y Paz\",\"datePublished\":\"2018-04-29T23:14:17+00:00\",\"mainEntityOfPage\":{\"@id\":\"https:\/\/www.pressenza.com\/es\/2018\/04\/nicaragua-comision-verdad-justicia-paz\/\"},\"wordCount\":224,\"publisher\":{\"@id\":\"https:\/\/www.pressenza.com\/es\/#organization\"},\"image\":{\"@id\":\"https:\/\/www.pressenza.com\/es\/2018\/04\/nicaragua-comision-verdad-justicia-paz\/#primaryimage\"},\"thumbnailUrl\":\"https:\/\/www.pressenza.com\/wp-content\/uploads\/2018\/04\/an_nicaragua_23.jpg_2141998039.jpg\",\"keywords\":[\"Comisi\u00f3n de Verdad\",\"Daniel Ortega\",\"Justicia y Paz\",\"Nicaragua\",\"protestas sociales\",\"reforma a las pensiones\"],\"articleSection\":[\"Am\u00e9rica Central\",\"Contenido Original\",\"Pol\u00edtica\"],\"inLanguage\":\"es\"},{\"@type\":\"WebPage\",\"@id\":\"https:\/\/www.pressenza.com\/es\/2018\/04\/nicaragua-comision-verdad-justicia-paz\/\",\"url\":\"https:\/\/www.pressenza.com\/es\/2018\/04\/nicaragua-comision-verdad-justicia-paz\/\",\"name\":\"Nicaragua: Comisi\u00f3n de Verdad, Justicia y Paz\",\"isPartOf\":{\"@id\":\"https:\/\/www.pressenza.com\/es\/#website\"},\"primaryImageOfPage\":{\"@id\":\"https:\/\/www.pressenza.com\/es\/2018\/04\/nicaragua-comision-verdad-justicia-paz\/#primaryimage\"},\"image\":{\"@id\":\"https:\/\/www.pressenza.com\/es\/2018\/04\/nicaragua-comision-verdad-justicia-paz\/#primaryimage\"},\"thumbnailUrl\":\"https:\/\/www.pressenza.com\/wp-content\/uploads\/2018\/04\/an_nicaragua_23.jpg_2141998039.jpg\",\"datePublished\":\"2018-04-29T23:14:17+00:00\",\"description\":\"La Asamblea Nacional de Nicaragua aprob\u00f3 la creaci\u00f3n de la Comisi\u00f3n de Verdad, Justicia y Paz,\u00a0durante una sesi\u00f3n extraordinaria que tuvo lugar este\",\"breadcrumb\":{\"@id\":\"https:\/\/www.pressenza.com\/es\/2018\/04\/nicaragua-comision-verdad-justicia-paz\/#breadcrumb\"},\"inLanguage\":\"es\",\"potentialAction\":[{\"@type\":\"ReadAction\",\"target\":[\"https:\/\/www.pressenza.com\/es\/2018\/04\/nicaragua-comision-verdad-justicia-paz\/\"]}]},{\"@type\":\"ImageObject\",\"inLanguage\":\"es\",\"@id\":\"https:\/\/www.pressenza.com\/es\/2018\/04\/nicaragua-comision-verdad-justicia-paz\/#primaryimage\",\"url\":\"https:\/\/www.pressenza.com\/wp-content\/uploads\/2018\/04\/an_nicaragua_23.jpg_2141998039.jpg\",\"contentUrl\":\"https:\/\/www.pressenza.com\/wp-content\/uploads\/2018\/04\/an_nicaragua_23.jpg_2141998039.jpg\",\"width\":746,\"height\":421},{\"@type\":\"BreadcrumbList\",\"@id\":\"https:\/\/www.pressenza.com\/es\/2018\/04\/nicaragua-comision-verdad-justicia-paz\/#breadcrumb\",\"itemListElement\":[{\"@type\":\"ListItem\",\"position\":1,\"name\":\"Accueil\",\"item\":\"https:\/\/www.pressenza.com\/es\/\"},{\"@type\":\"ListItem\",\"position\":2,\"name\":\"Nicaragua: Comisi\u00f3n de Verdad, Justicia y Paz\"}]},{\"@type\":\"WebSite\",\"@id\":\"https:\/\/www.pressenza.com\/es\/#website\",\"url\":\"https:\/\/www.pressenza.com\/es\/\",\"name\":\"Pressenza\",\"description\":\"International Press Agency\",\"publisher\":{\"@id\":\"https:\/\/www.pressenza.com\/es\/#organization\"},\"potentialAction\":[{\"@type\":\"SearchAction\",\"target\":{\"@type\":\"EntryPoint\",\"urlTemplate\":\"https:\/\/www.pressenza.com\/es\/?s={search_term_string}\"},\"query-input\":{\"@type\":\"PropertyValueSpecification\",\"valueRequired\":true,\"valueName\":\"search_term_string\"}}],\"inLanguage\":\"es\"},{\"@type\":\"Organization\",\"@id\":\"https:\/\/www.pressenza.com\/es\/#organization\",\"name\":\"Pressenza\",\"url\":\"https:\/\/www.pressenza.com\/es\/\",\"logo\":{\"@type\":\"ImageObject\",\"inLanguage\":\"es\",\"@id\":\"https:\/\/www.pressenza.com\/es\/#\/schema\/logo\/image\/\",\"url\":\"https:\/\/www.pressenza.com\/wp-content\/uploads\/2022\/10\/pressenza_logo_200x200.jpg\",\"contentUrl\":\"https:\/\/www.pressenza.com\/wp-content\/uploads\/2022\/10\/pressenza_logo_200x200.jpg\",\"width\":200,\"height\":200,\"caption\":\"Pressenza\"},\"image\":{\"@id\":\"https:\/\/www.pressenza.com\/es\/#\/schema\/logo\/image\/\"},\"sameAs\":[\"https:\/\/www.facebook.com\/PressenzaItalia\",\"https:\/\/x.com\/PressenzaIPA\"]},{\"@type\":\"Person\",\"@id\":\"https:\/\/www.pressenza.com\/es\/#\/schema\/person\/ea3a5d108f4abbf76bec1ad953cf74f4\",\"name\":\"Redacci\u00f3n M\u00e9xico\",\"description\":\"News published by the Pressenza Bureau in Mexico\",\"url\":\"https:\/\/www.pressenza.com\/es\/author\/redaccion-mexico\/\"}]}<\/script>\n<!-- \/ Yoast SEO plugin. -->","yoast_head_json":{"title":"Nicaragua: Comisi\u00f3n de Verdad, Justicia y Paz","description":"La Asamblea Nacional de Nicaragua aprob\u00f3 la creaci\u00f3n de la Comisi\u00f3n de Verdad, Justicia y Paz,\u00a0durante una sesi\u00f3n extraordinaria que tuvo lugar este","robots":{"index":"index","follow":"follow","max-snippet":"max-snippet:-1","max-image-preview":"max-image-preview:large","max-video-preview":"max-video-preview:-1"},"canonical":"https:\/\/www.pressenza.com\/es\/2018\/04\/nicaragua-comision-verdad-justicia-paz\/","og_locale":"es_ES","og_type":"article","og_title":"Nicaragua: Comisi\u00f3n de Verdad, Justicia y Paz","og_description":"La Asamblea Nacional de Nicaragua aprob\u00f3 la creaci\u00f3n de la Comisi\u00f3n de Verdad, Justicia y Paz,\u00a0durante una sesi\u00f3n extraordinaria que tuvo lugar este","og_url":"https:\/\/www.pressenza.com\/es\/2018\/04\/nicaragua-comision-verdad-justicia-paz\/","og_site_name":"Pressenza","article_publisher":"https:\/\/www.facebook.com\/PressenzaItalia","article_published_time":"2018-04-29T23:14:17+00:00","og_image":[{"width":746,"height":421,"url":"https:\/\/www.pressenza.com\/wp-content\/uploads\/2018\/04\/an_nicaragua_23.jpg_2141998039.jpg","type":"image\/jpeg"}],"author":"Redacci\u00f3n M\u00e9xico","twitter_card":"summary_large_image","twitter_creator":"@PressenzaIPA","twitter_site":"@PressenzaIPA","twitter_misc":{"Escrito por":"Redacci\u00f3n M\u00e9xico","Tiempo de lectura":"1 minuto"},"schema":{"@context":"https:\/\/schema.org","@graph":[{"@type":"Article","@id":"https:\/\/www.pressenza.com\/es\/2018\/04\/nicaragua-comision-verdad-justicia-paz\/#article","isPartOf":{"@id":"https:\/\/www.pressenza.com\/es\/2018\/04\/nicaragua-comision-verdad-justicia-paz\/"},"author":{"name":"Redacci\u00f3n M\u00e9xico","@id":"https:\/\/www.pressenza.com\/es\/#\/schema\/person\/ea3a5d108f4abbf76bec1ad953cf74f4"},"headline":"Nicaragua: Comisi\u00f3n de Verdad, Justicia y Paz","datePublished":"2018-04-29T23:14:17+00:00","mainEntityOfPage":{"@id":"https:\/\/www.pressenza.com\/es\/2018\/04\/nicaragua-comision-verdad-justicia-paz\/"},"wordCount":224,"publisher":{"@id":"https:\/\/www.pressenza.com\/es\/#organization"},"image":{"@id":"https:\/\/www.pressenza.com\/es\/2018\/04\/nicaragua-comision-verdad-justicia-paz\/#primaryimage"},"thumbnailUrl":"https:\/\/www.pressenza.com\/wp-content\/uploads\/2018\/04\/an_nicaragua_23.jpg_2141998039.jpg","keywords":["Comisi\u00f3n de Verdad","Daniel Ortega","Justicia y Paz","Nicaragua","protestas sociales","reforma a las pensiones"],"articleSection":["Am\u00e9rica Central","Contenido Original","Pol\u00edtica"],"inLanguage":"es"},{"@type":"WebPage","@id":"https:\/\/www.pressenza.com\/es\/2018\/04\/nicaragua-comision-verdad-justicia-paz\/","url":"https:\/\/www.pressenza.com\/es\/2018\/04\/nicaragua-comision-verdad-justicia-paz\/","name":"Nicaragua: Comisi\u00f3n de Verdad, Justicia y Paz","isPartOf":{"@id":"https:\/\/www.pressenza.com\/es\/#website"},"primaryImageOfPage":{"@id":"https:\/\/www.pressenza.com\/es\/2018\/04\/nicaragua-comision-verdad-justicia-paz\/#primaryimage"},"image":{"@id":"https:\/\/www.pressenza.com\/es\/2018\/04\/nicaragua-comision-verdad-justicia-paz\/#primaryimage"},"thumbnailUrl":"https:\/\/www.pressenza.com\/wp-content\/uploads\/2018\/04\/an_nicaragua_23.jpg_2141998039.jpg","datePublished":"2018-04-29T23:14:17+00:00","description":"La Asamblea Nacional de Nicaragua aprob\u00f3 la creaci\u00f3n de la Comisi\u00f3n de Verdad, Justicia y Paz,\u00a0durante una sesi\u00f3n extraordinaria que tuvo lugar este","breadcrumb":{"@id":"https:\/\/www.pressenza.com\/es\/2018\/04\/nicaragua-comision-verdad-justicia-paz\/#breadcrumb"},"inLanguage":"es","potentialAction":[{"@type":"ReadAction","target":["https:\/\/www.pressenza.com\/es\/2018\/04\/nicaragua-comision-verdad-justicia-paz\/"]}]},{"@type":"ImageObject","inLanguage":"es","@id":"https:\/\/www.pressenza.com\/es\/2018\/04\/nicaragua-comision-verdad-justicia-paz\/#primaryimage","url":"https:\/\/www.pressenza.com\/wp-content\/uploads\/2018\/04\/an_nicaragua_23.jpg_2141998039.jpg","contentUrl":"https:\/\/www.pressenza.com\/wp-content\/uploads\/2018\/04\/an_nicaragua_23.jpg_2141998039.jpg","width":746,"height":421},{"@type":"BreadcrumbList","@id":"https:\/\/www.pressenza.com\/es\/2018\/04\/nicaragua-comision-verdad-justicia-paz\/#breadcrumb","itemListElement":[{"@type":"ListItem","position":1,"name":"Accueil","item":"https:\/\/www.pressenza.com\/es\/"},{"@type":"ListItem","position":2,"name":"Nicaragua: Comisi\u00f3n de Verdad, Justicia y Paz"}]},{"@type":"WebSite","@id":"https:\/\/www.pressenza.com\/es\/#website","url":"https:\/\/www.pressenza.com\/es\/","name":"Pressenza","description":"International Press Agency","publisher":{"@id":"https:\/\/www.pressenza.com\/es\/#organization"},"potentialAction":[{"@type":"SearchAction","target":{"@type":"EntryPoint","urlTemplate":"https:\/\/www.pressenza.com\/es\/?s={search_term_string}"},"query-input":{"@type":"PropertyValueSpecification","valueRequired":true,"valueName":"search_term_string"}}],"inLanguage":"es"},{"@type":"Organization","@id":"https:\/\/www.pressenza.com\/es\/#organization","name":"Pressenza","url":"https:\/\/www.pressenza.com\/es\/","logo":{"@type":"ImageObject","inLanguage":"es","@id":"https:\/\/www.pressenza.com\/es\/#\/schema\/logo\/image\/","url":"https:\/\/www.pressenza.com\/wp-content\/uploads\/2022\/10\/pressenza_logo_200x200.jpg","contentUrl":"https:\/\/www.pressenza.com\/wp-content\/uploads\/2022\/10\/pressenza_logo_200x200.jpg","width":200,"height":200,"caption":"Pressenza"},"image":{"@id":"https:\/\/www.pressenza.com\/es\/#\/schema\/logo\/image\/"},"sameAs":["https:\/\/www.facebook.com\/PressenzaItalia","https:\/\/x.com\/PressenzaIPA"]},{"@type":"Person","@id":"https:\/\/www.pressenza.com\/es\/#\/schema\/person\/ea3a5d108f4abbf76bec1ad953cf74f4","name":"Redacci\u00f3n M\u00e9xico","description":"News published by the Pressenza Bureau in Mexico","url":"https:\/\/www.pressenza.com\/es\/author\/redaccion-mexico\/"}]}},"place":"Managua, Nicaragua","original_article_url":"","_links":{"self":[{"href":"https:\/\/www.pressenza.com\/es\/wp-json\/wp\/v2\/posts\/633267","targetHints":{"allow":["GET"]}}],"collection":[{"href":"https:\/\/www.pressenza.com\/es\/wp-json\/wp\/v2\/posts"}],"about":[{"href":"https:\/\/www.pressenza.com\/es\/wp-json\/wp\/v2\/types\/post"}],"author":[{"embeddable":true,"href":"https:\/\/www.pressenza.com\/es\/wp-json\/wp\/v2\/users\/1300"}],"replies":[{"embeddable":true,"href":"https:\/\/www.pressenza.com\/es\/wp-json\/wp\/v2\/comments?post=633267"}],"version-history":[{"count":0,"href":"https:\/\/www.pressenza.com\/es\/wp-json\/wp\/v2\/posts\/633267\/revisions"}],"wp:featuredmedia":[{"embeddable":true,"href":"https:\/\/www.pressenza.com\/es\/wp-json\/wp\/v2\/media\/633268"}],"wp:attachment":[{"href":"https:\/\/www.pressenza.com\/es\/wp-json\/wp\/v2\/media?parent=633267"}],"wp:term":[{"taxonomy":"category","embeddable":true,"href":"https:\/\/www.pressenza.com\/es\/wp-json\/wp\/v2\/categories?post=633267"},{"taxonomy":"post_tag","embeddable":true,"href":"https:\/\/www.pressenza.com\/es\/wp-json\/wp\/v2\/tags?post=633267"}],"curies":[{"name":"wp","href":"https:\/\/api.w.org\/{rel}","templated":true}]}}