{"id":633039,"date":"2018-04-30T18:51:14","date_gmt":"2018-04-30T17:51:14","guid":{"rendered":"https:\/\/www.pressenza.com\/?p=633039"},"modified":"2018-04-30T18:51:14","modified_gmt":"2018-04-30T17:51:14","slug":"la-muralla-los-debiles-2","status":"publish","type":"post","link":"https:\/\/www.pressenza.com\/es\/2018\/04\/la-muralla-los-debiles-2\/","title":{"rendered":"La muralla de los d\u00e9biles"},"content":{"rendered":"<p>El 11 de abril reci\u00e9n pasado, en nuestro sitio se public\u00f3 un <a href=\"https:\/\/www.pressenza.com\/es\/2018\/04\/la-muralla-los-debiles\/\">art\u00edculo<\/a> del economista y escritor argentino Guillermo Sullings, que hac\u00eda referencia a la necesidad de <span lang=\"es-AR\"> construir una red mundial que sea capaz de facilitar la articulaci\u00f3n de millones de personas y organizaciones que trabajan por un cambio, y cuyas acciones al estar aisladas, no alcanzan para detener el curso de los acontecimientos<\/span>.<\/p>\n<p>Desde Colombia nos hacen llegar la ilustraci\u00f3n de esta propuesta, a modo de la infograf\u00eda que damos a conocer ac\u00e1. Por lo visto y en buena hora, comienza a resonar la idea\u00a0 de dar forma a una red que facilite la convergencia de quienes trabajan por una Naci\u00f3n Humana Universal.<\/p>\n<p><a href=\"https:\/\/www.pressenza.com\/wp-content\/uploads\/2018\/04\/LA-MURALLA-DE-LOS-DE--BILES-INFOGRAFI--A-01.jpg\"><img loading=\"lazy\" decoding=\"async\" class=\"aligncenter size-full wp-image-633668\" src=\"https:\/\/www.pressenza.com\/wp-content\/uploads\/2018\/04\/LA-MURALLA-DE-LOS-DE--BILES-INFOGRAFI--A-01.jpg\" alt=\"\" width=\"620\" height=\"2048\" srcset=\"https:\/\/www.pressenza.com\/wp-content\/uploads\/2018\/04\/LA-MURALLA-DE-LOS-DE--BILES-INFOGRAFI--A-01.jpg 620w, https:\/\/www.pressenza.com\/wp-content\/uploads\/2018\/04\/LA-MURALLA-DE-LOS-DE--BILES-INFOGRAFI--A-01-91x300.jpg 91w, https:\/\/www.pressenza.com\/wp-content\/uploads\/2018\/04\/LA-MURALLA-DE-LOS-DE--BILES-INFOGRAFI--A-01-310x1024.jpg 310w\" sizes=\"auto, (max-width: 620px) 100vw, 620px\" \/><\/a><\/p>\n<p>&nbsp;<\/p>\n","protected":false},"excerpt":{"rendered":"<p>El 11 de abril reci\u00e9n pasado, en nuestro sitio se public\u00f3 un art\u00edculo del economista y escritor argentino Guillermo Sullings, que hac\u00eda referencia a la necesidad de construir una red mundial que sea capaz de facilitar la articulaci\u00f3n de millones&hellip;<\/p>\n","protected":false},"author":1053,"featured_media":633677,"comment_status":"closed","ping_status":"closed","sticky":false,"template":"","format":"standard","meta":{"footnotes":""},"categories":[11389,1240,39],"tags":[8699,15571,45112],"class_list":["post-633039","post","type-post","status-publish","format-standard","has-post-thumbnail","hentry","category-contenido-original","category-humanismo-espiritualidad","category-internacional","tag-guillermo-sullings-es","tag-nacion-humana-universal","tag-red-de-constructores-de-la-nacion-humana-universal"],"yoast_head":"<!-- This site is optimized with the Yoast SEO plugin v27.1.1 - https:\/\/yoast.com\/product\/yoast-seo-wordpress\/ -->\n<title>La muralla de los d\u00e9biles<\/title>\n<meta name=\"description\" content=\"El 11 de abril reci\u00e9n pasado, en nuestro sitio se public\u00f3 un art\u00edculo del economista y escritor argentino Guillermo Sullings, que hac\u00eda referencia a la\" \/>\n<meta name=\"robots\" content=\"index, follow, max-snippet:-1, max-image-preview:large, max-video-preview:-1\" \/>\n<link rel=\"canonical\" href=\"https:\/\/www.pressenza.com\/es\/2018\/04\/la-muralla-los-debiles-2\/\" \/>\n<meta property=\"og:locale\" content=\"es_ES\" \/>\n<meta property=\"og:type\" content=\"article\" \/>\n<meta property=\"og:title\" content=\"La muralla de los d\u00e9biles\" \/>\n<meta property=\"og:description\" content=\"El 11 de abril reci\u00e9n pasado, en nuestro sitio se public\u00f3 un art\u00edculo del economista y escritor argentino Guillermo Sullings, que hac\u00eda referencia a la\" \/>\n<meta property=\"og:url\" content=\"https:\/\/www.pressenza.com\/es\/2018\/04\/la-muralla-los-debiles-2\/\" \/>\n<meta property=\"og:site_name\" content=\"Pressenza\" \/>\n<meta property=\"article:publisher\" content=\"https:\/\/www.facebook.com\/PressenzaItalia\" \/>\n<meta property=\"article:published_time\" content=\"2018-04-30T17:51:14+00:00\" \/>\n<meta property=\"og:image\" content=\"https:\/\/www.pressenza.com\/wp-content\/uploads\/2018\/04\/30042196494_50769251d8_z.jpg\" \/>\n\t<meta property=\"og:image:width\" content=\"640\" \/>\n\t<meta property=\"og:image:height\" content=\"427\" \/>\n\t<meta property=\"og:image:type\" content=\"image\/jpeg\" \/>\n<meta name=\"author\" content=\"Redacci\u00f3n Colombia\" \/>\n<meta name=\"twitter:card\" content=\"summary_large_image\" \/>\n<meta name=\"twitter:creator\" content=\"@PressenzaIPA\" \/>\n<meta name=\"twitter:site\" content=\"@PressenzaIPA\" \/>\n<meta name=\"twitter:label1\" content=\"Escrito por\" \/>\n\t<meta name=\"twitter:data1\" content=\"Redacci\u00f3n Colombia\" \/>\n\t<meta name=\"twitter:label2\" content=\"Tiempo de lectura\" \/>\n\t<meta name=\"twitter:data2\" content=\"1 minuto\" \/>\n<script type=\"application\/ld+json\" class=\"yoast-schema-graph\">{\"@context\":\"https:\/\/schema.org\",\"@graph\":[{\"@type\":\"Article\",\"@id\":\"https:\/\/www.pressenza.com\/es\/2018\/04\/la-muralla-los-debiles-2\/#article\",\"isPartOf\":{\"@id\":\"https:\/\/www.pressenza.com\/es\/2018\/04\/la-muralla-los-debiles-2\/\"},\"author\":{\"name\":\"Redacci\u00f3n Colombia\",\"@id\":\"https:\/\/www.pressenza.com\/es\/#\/schema\/person\/7c8ee170a4502d638436c91e385315f2\"},\"headline\":\"La muralla de los d\u00e9biles\",\"datePublished\":\"2018-04-30T17:51:14+00:00\",\"mainEntityOfPage\":{\"@id\":\"https:\/\/www.pressenza.com\/es\/2018\/04\/la-muralla-los-debiles-2\/\"},\"wordCount\":127,\"publisher\":{\"@id\":\"https:\/\/www.pressenza.com\/es\/#organization\"},\"image\":{\"@id\":\"https:\/\/www.pressenza.com\/es\/2018\/04\/la-muralla-los-debiles-2\/#primaryimage\"},\"thumbnailUrl\":\"https:\/\/www.pressenza.com\/wp-content\/uploads\/2018\/04\/30042196494_50769251d8_z.jpg\",\"keywords\":[\"Guillermo Sullings\",\"Naci\u00f3n Humana Universal\",\"Red de Constructores de la Naci\u00f3n Humana Universal\"],\"articleSection\":[\"Contenido Original\",\"Humanismo y Espiritualidad\",\"Internacional\"],\"inLanguage\":\"es\"},{\"@type\":\"WebPage\",\"@id\":\"https:\/\/www.pressenza.com\/es\/2018\/04\/la-muralla-los-debiles-2\/\",\"url\":\"https:\/\/www.pressenza.com\/es\/2018\/04\/la-muralla-los-debiles-2\/\",\"name\":\"La muralla de los d\u00e9biles\",\"isPartOf\":{\"@id\":\"https:\/\/www.pressenza.com\/es\/#website\"},\"primaryImageOfPage\":{\"@id\":\"https:\/\/www.pressenza.com\/es\/2018\/04\/la-muralla-los-debiles-2\/#primaryimage\"},\"image\":{\"@id\":\"https:\/\/www.pressenza.com\/es\/2018\/04\/la-muralla-los-debiles-2\/#primaryimage\"},\"thumbnailUrl\":\"https:\/\/www.pressenza.com\/wp-content\/uploads\/2018\/04\/30042196494_50769251d8_z.jpg\",\"datePublished\":\"2018-04-30T17:51:14+00:00\",\"description\":\"El 11 de abril reci\u00e9n pasado, en nuestro sitio se public\u00f3 un art\u00edculo del economista y escritor argentino Guillermo Sullings, que hac\u00eda referencia a la\",\"breadcrumb\":{\"@id\":\"https:\/\/www.pressenza.com\/es\/2018\/04\/la-muralla-los-debiles-2\/#breadcrumb\"},\"inLanguage\":\"es\",\"potentialAction\":[{\"@type\":\"ReadAction\",\"target\":[\"https:\/\/www.pressenza.com\/es\/2018\/04\/la-muralla-los-debiles-2\/\"]}]},{\"@type\":\"ImageObject\",\"inLanguage\":\"es\",\"@id\":\"https:\/\/www.pressenza.com\/es\/2018\/04\/la-muralla-los-debiles-2\/#primaryimage\",\"url\":\"https:\/\/www.pressenza.com\/wp-content\/uploads\/2018\/04\/30042196494_50769251d8_z.jpg\",\"contentUrl\":\"https:\/\/www.pressenza.com\/wp-content\/uploads\/2018\/04\/30042196494_50769251d8_z.jpg\",\"width\":640,\"height\":427},{\"@type\":\"BreadcrumbList\",\"@id\":\"https:\/\/www.pressenza.com\/es\/2018\/04\/la-muralla-los-debiles-2\/#breadcrumb\",\"itemListElement\":[{\"@type\":\"ListItem\",\"position\":1,\"name\":\"Accueil\",\"item\":\"https:\/\/www.pressenza.com\/es\/\"},{\"@type\":\"ListItem\",\"position\":2,\"name\":\"La muralla de los d\u00e9biles\"}]},{\"@type\":\"WebSite\",\"@id\":\"https:\/\/www.pressenza.com\/es\/#website\",\"url\":\"https:\/\/www.pressenza.com\/es\/\",\"name\":\"Pressenza\",\"description\":\"International Press Agency\",\"publisher\":{\"@id\":\"https:\/\/www.pressenza.com\/es\/#organization\"},\"potentialAction\":[{\"@type\":\"SearchAction\",\"target\":{\"@type\":\"EntryPoint\",\"urlTemplate\":\"https:\/\/www.pressenza.com\/es\/?s={search_term_string}\"},\"query-input\":{\"@type\":\"PropertyValueSpecification\",\"valueRequired\":true,\"valueName\":\"search_term_string\"}}],\"inLanguage\":\"es\"},{\"@type\":\"Organization\",\"@id\":\"https:\/\/www.pressenza.com\/es\/#organization\",\"name\":\"Pressenza\",\"url\":\"https:\/\/www.pressenza.com\/es\/\",\"logo\":{\"@type\":\"ImageObject\",\"inLanguage\":\"es\",\"@id\":\"https:\/\/www.pressenza.com\/es\/#\/schema\/logo\/image\/\",\"url\":\"https:\/\/www.pressenza.com\/wp-content\/uploads\/2022\/10\/pressenza_logo_200x200.jpg\",\"contentUrl\":\"https:\/\/www.pressenza.com\/wp-content\/uploads\/2022\/10\/pressenza_logo_200x200.jpg\",\"width\":200,\"height\":200,\"caption\":\"Pressenza\"},\"image\":{\"@id\":\"https:\/\/www.pressenza.com\/es\/#\/schema\/logo\/image\/\"},\"sameAs\":[\"https:\/\/www.facebook.com\/PressenzaItalia\",\"https:\/\/x.com\/PressenzaIPA\"]},{\"@type\":\"Person\",\"@id\":\"https:\/\/www.pressenza.com\/es\/#\/schema\/person\/7c8ee170a4502d638436c91e385315f2\",\"name\":\"Redacci\u00f3n Colombia\",\"description\":\"News published by the Pressenza bureau in Colombia\",\"url\":\"https:\/\/www.pressenza.com\/es\/author\/redaccion-colombia\/\"}]}<\/script>\n<!-- \/ Yoast SEO plugin. -->","yoast_head_json":{"title":"La muralla de los d\u00e9biles","description":"El 11 de abril reci\u00e9n pasado, en nuestro sitio se public\u00f3 un art\u00edculo del economista y escritor argentino Guillermo Sullings, que hac\u00eda referencia a la","robots":{"index":"index","follow":"follow","max-snippet":"max-snippet:-1","max-image-preview":"max-image-preview:large","max-video-preview":"max-video-preview:-1"},"canonical":"https:\/\/www.pressenza.com\/es\/2018\/04\/la-muralla-los-debiles-2\/","og_locale":"es_ES","og_type":"article","og_title":"La muralla de los d\u00e9biles","og_description":"El 11 de abril reci\u00e9n pasado, en nuestro sitio se public\u00f3 un art\u00edculo del economista y escritor argentino Guillermo Sullings, que hac\u00eda referencia a la","og_url":"https:\/\/www.pressenza.com\/es\/2018\/04\/la-muralla-los-debiles-2\/","og_site_name":"Pressenza","article_publisher":"https:\/\/www.facebook.com\/PressenzaItalia","article_published_time":"2018-04-30T17:51:14+00:00","og_image":[{"width":640,"height":427,"url":"https:\/\/www.pressenza.com\/wp-content\/uploads\/2018\/04\/30042196494_50769251d8_z.jpg","type":"image\/jpeg"}],"author":"Redacci\u00f3n Colombia","twitter_card":"summary_large_image","twitter_creator":"@PressenzaIPA","twitter_site":"@PressenzaIPA","twitter_misc":{"Escrito por":"Redacci\u00f3n Colombia","Tiempo de lectura":"1 minuto"},"schema":{"@context":"https:\/\/schema.org","@graph":[{"@type":"Article","@id":"https:\/\/www.pressenza.com\/es\/2018\/04\/la-muralla-los-debiles-2\/#article","isPartOf":{"@id":"https:\/\/www.pressenza.com\/es\/2018\/04\/la-muralla-los-debiles-2\/"},"author":{"name":"Redacci\u00f3n Colombia","@id":"https:\/\/www.pressenza.com\/es\/#\/schema\/person\/7c8ee170a4502d638436c91e385315f2"},"headline":"La muralla de los d\u00e9biles","datePublished":"2018-04-30T17:51:14+00:00","mainEntityOfPage":{"@id":"https:\/\/www.pressenza.com\/es\/2018\/04\/la-muralla-los-debiles-2\/"},"wordCount":127,"publisher":{"@id":"https:\/\/www.pressenza.com\/es\/#organization"},"image":{"@id":"https:\/\/www.pressenza.com\/es\/2018\/04\/la-muralla-los-debiles-2\/#primaryimage"},"thumbnailUrl":"https:\/\/www.pressenza.com\/wp-content\/uploads\/2018\/04\/30042196494_50769251d8_z.jpg","keywords":["Guillermo Sullings","Naci\u00f3n Humana Universal","Red de Constructores de la Naci\u00f3n Humana Universal"],"articleSection":["Contenido Original","Humanismo y Espiritualidad","Internacional"],"inLanguage":"es"},{"@type":"WebPage","@id":"https:\/\/www.pressenza.com\/es\/2018\/04\/la-muralla-los-debiles-2\/","url":"https:\/\/www.pressenza.com\/es\/2018\/04\/la-muralla-los-debiles-2\/","name":"La muralla de los d\u00e9biles","isPartOf":{"@id":"https:\/\/www.pressenza.com\/es\/#website"},"primaryImageOfPage":{"@id":"https:\/\/www.pressenza.com\/es\/2018\/04\/la-muralla-los-debiles-2\/#primaryimage"},"image":{"@id":"https:\/\/www.pressenza.com\/es\/2018\/04\/la-muralla-los-debiles-2\/#primaryimage"},"thumbnailUrl":"https:\/\/www.pressenza.com\/wp-content\/uploads\/2018\/04\/30042196494_50769251d8_z.jpg","datePublished":"2018-04-30T17:51:14+00:00","description":"El 11 de abril reci\u00e9n pasado, en nuestro sitio se public\u00f3 un art\u00edculo del economista y escritor argentino Guillermo Sullings, que hac\u00eda referencia a la","breadcrumb":{"@id":"https:\/\/www.pressenza.com\/es\/2018\/04\/la-muralla-los-debiles-2\/#breadcrumb"},"inLanguage":"es","potentialAction":[{"@type":"ReadAction","target":["https:\/\/www.pressenza.com\/es\/2018\/04\/la-muralla-los-debiles-2\/"]}]},{"@type":"ImageObject","inLanguage":"es","@id":"https:\/\/www.pressenza.com\/es\/2018\/04\/la-muralla-los-debiles-2\/#primaryimage","url":"https:\/\/www.pressenza.com\/wp-content\/uploads\/2018\/04\/30042196494_50769251d8_z.jpg","contentUrl":"https:\/\/www.pressenza.com\/wp-content\/uploads\/2018\/04\/30042196494_50769251d8_z.jpg","width":640,"height":427},{"@type":"BreadcrumbList","@id":"https:\/\/www.pressenza.com\/es\/2018\/04\/la-muralla-los-debiles-2\/#breadcrumb","itemListElement":[{"@type":"ListItem","position":1,"name":"Accueil","item":"https:\/\/www.pressenza.com\/es\/"},{"@type":"ListItem","position":2,"name":"La muralla de los d\u00e9biles"}]},{"@type":"WebSite","@id":"https:\/\/www.pressenza.com\/es\/#website","url":"https:\/\/www.pressenza.com\/es\/","name":"Pressenza","description":"International Press Agency","publisher":{"@id":"https:\/\/www.pressenza.com\/es\/#organization"},"potentialAction":[{"@type":"SearchAction","target":{"@type":"EntryPoint","urlTemplate":"https:\/\/www.pressenza.com\/es\/?s={search_term_string}"},"query-input":{"@type":"PropertyValueSpecification","valueRequired":true,"valueName":"search_term_string"}}],"inLanguage":"es"},{"@type":"Organization","@id":"https:\/\/www.pressenza.com\/es\/#organization","name":"Pressenza","url":"https:\/\/www.pressenza.com\/es\/","logo":{"@type":"ImageObject","inLanguage":"es","@id":"https:\/\/www.pressenza.com\/es\/#\/schema\/logo\/image\/","url":"https:\/\/www.pressenza.com\/wp-content\/uploads\/2022\/10\/pressenza_logo_200x200.jpg","contentUrl":"https:\/\/www.pressenza.com\/wp-content\/uploads\/2022\/10\/pressenza_logo_200x200.jpg","width":200,"height":200,"caption":"Pressenza"},"image":{"@id":"https:\/\/www.pressenza.com\/es\/#\/schema\/logo\/image\/"},"sameAs":["https:\/\/www.facebook.com\/PressenzaItalia","https:\/\/x.com\/PressenzaIPA"]},{"@type":"Person","@id":"https:\/\/www.pressenza.com\/es\/#\/schema\/person\/7c8ee170a4502d638436c91e385315f2","name":"Redacci\u00f3n Colombia","description":"News published by the Pressenza bureau in Colombia","url":"https:\/\/www.pressenza.com\/es\/author\/redaccion-colombia\/"}]}},"place":"Bogot\u00e1, Colombia","original_article_url":"","_links":{"self":[{"href":"https:\/\/www.pressenza.com\/es\/wp-json\/wp\/v2\/posts\/633039","targetHints":{"allow":["GET"]}}],"collection":[{"href":"https:\/\/www.pressenza.com\/es\/wp-json\/wp\/v2\/posts"}],"about":[{"href":"https:\/\/www.pressenza.com\/es\/wp-json\/wp\/v2\/types\/post"}],"author":[{"embeddable":true,"href":"https:\/\/www.pressenza.com\/es\/wp-json\/wp\/v2\/users\/1053"}],"replies":[{"embeddable":true,"href":"https:\/\/www.pressenza.com\/es\/wp-json\/wp\/v2\/comments?post=633039"}],"version-history":[{"count":0,"href":"https:\/\/www.pressenza.com\/es\/wp-json\/wp\/v2\/posts\/633039\/revisions"}],"wp:featuredmedia":[{"embeddable":true,"href":"https:\/\/www.pressenza.com\/es\/wp-json\/wp\/v2\/media\/633677"}],"wp:attachment":[{"href":"https:\/\/www.pressenza.com\/es\/wp-json\/wp\/v2\/media?parent=633039"}],"wp:term":[{"taxonomy":"category","embeddable":true,"href":"https:\/\/www.pressenza.com\/es\/wp-json\/wp\/v2\/categories?post=633039"},{"taxonomy":"post_tag","embeddable":true,"href":"https:\/\/www.pressenza.com\/es\/wp-json\/wp\/v2\/tags?post=633039"}],"curies":[{"name":"wp","href":"https:\/\/api.w.org\/{rel}","templated":true}]}}