{"id":632940,"date":"2018-04-28T23:35:18","date_gmt":"2018-04-28T22:35:18","guid":{"rendered":"https:\/\/www.pressenza.com\/?p=632940"},"modified":"2018-04-28T23:35:18","modified_gmt":"2018-04-28T22:35:18","slug":"hecho-historico-lideres-corea-del-sur-corea-del-norte-se-reunen-zona-desmilitarizada-se-comprometen-buscar-la-paz","status":"publish","type":"post","link":"https:\/\/www.pressenza.com\/es\/2018\/04\/hecho-historico-lideres-corea-del-sur-corea-del-norte-se-reunen-zona-desmilitarizada-se-comprometen-buscar-la-paz\/","title":{"rendered":"En un hecho hist\u00f3rico, l\u00edderes de Corea del Sur y Corea del Norte se re\u00fanen en zona desmilitarizada y se comprometen a buscar la paz"},"content":{"rendered":"<p>Se hizo historia en la pen\u00ednsula de Corea, cuando el presidente de Corea del Sur, Moon Jae-in, y el l\u00edder norcoreano, Kim Jong-un, se estrecharon la mano en la zona desmilitarizada que hay entre los dos pa\u00edses y se comprometieron a trabajar para desnuclearizar la pen\u00ednsula y declarar el fin oficial de la guerra de Corea. La hist\u00f3rica cumbre de ayer fue la primera vez que un l\u00edder de Corea del Norte pisa suelo de Corea del Sur. Durante la reuni\u00f3n, el l\u00edder norcoreano Kim Jong-un afirm\u00f3: \u201cVine aqu\u00ed a poner fin a la historia de enfrentamientos\u201d. Los l\u00edderes de Corea del Sur y Corea del Norte se comprometieron a proseguir negociaciones con Estados Unidos hacia la firma de un tratado formal de paz que remplace el tenso armisticio de 1953. Estas son palabras del l\u00edder de Corea del Norte, Kim Jong-un.<\/p>\n<blockquote><p><strong>Kim Jong-un<\/strong>: \u201cNos esforzaremos para generar buenos resultados con una estrecha comunicaci\u00f3n, para asegurarnos de que el acuerdo que hemos firmado hoy ante el mundo entero no se termine apenas comience, como ha sucedido con otros acuerdos en el pasado\u201d.<\/p><\/blockquote>\n<p>El progreso del d\u00eda de hoy se da en el marco de una serie de avances diplom\u00e1ticos relativos a Corea del Norte y su programa nuclear. El mes pasado, Kim Jong-un viaj\u00f3 a Beijing en un tren blindado para reunirse con el presidente chino, Xi Jinping, en el primer viaje del l\u00edder norcoreano al extranjero desde su asunci\u00f3n en 2011.<\/p>\n<p>Kim Jong-un tambi\u00e9n tiene previsto reunirse pr\u00f3ximamente con el presidente de Estados Unidos, Donald Trump, en lo que ser\u00eda la primera reuni\u00f3n de la historia entre un presidente estadounidense en funciones y un l\u00edder norcoreano. La semana pasada, Corea del Norte anunci\u00f3 que ya no probar\u00eda armas nucleares ni misiles bal\u00edsticos y que cerrar\u00eda el sitio donde se realizaron al menos seis pruebas nucleares. Estas son palabras del presidente de Corea del Sur, Moon Jae-in.<\/p>\n<blockquote><p><strong>Moon Jae-in<\/strong>: \u201cEs muy significativo que Corea del Norte haya dado un primer paso para la desnuclearizaci\u00f3n. Es un comienzo muy valioso para la desnuclearizaci\u00f3n total de la pen\u00ednsula de Corea. Declaro claramente que el Sur y el Norte cooperar\u00e1n de forma estrecha para la desnuclearizaci\u00f3n total\u201d.<\/p><\/blockquote>\n<p>Esta ma\u00f1ana, el presidente Trump tuite\u00f3: \u201cSE <span class=\"caps\">ACABA<\/span> LA <span class=\"caps\">GUERRA<\/span> DE <span class=\"caps\">COREA<\/span>. Estados Unidos y su <span class=\"caps\">GRANDIOSO<\/span> pueblo deber\u00edan estar orgullosos de lo que est\u00e1 sucediendo ahora en Corea\u201d.<\/p>\n","protected":false},"excerpt":{"rendered":"<p>Se hizo historia en la pen\u00ednsula de Corea, cuando el presidente de Corea del Sur, Moon Jae-in, y el l\u00edder norcoreano, Kim Jong-un, se estrecharon la mano en la zona desmilitarizada que hay entre los dos pa\u00edses y se comprometieron&hellip;<\/p>\n","protected":false},"author":77,"featured_media":632938,"comment_status":"closed","ping_status":"closed","sticky":false,"template":"","format":"standard","meta":{"footnotes":""},"categories":[65,1243],"tags":[28273,650,19640],"class_list":["post-632940","post","type-post","status-publish","format-standard","has-post-thumbnail","hentry","category-asia-es","category-paz-desarme","tag-corea","tag-desarme-nuclear","tag-diplomacia"],"yoast_head":"<!-- This site is optimized with the Yoast SEO plugin v27.1.1 - https:\/\/yoast.com\/product\/yoast-seo-wordpress\/ -->\n<title>En un hecho hist\u00f3rico, l\u00edderes de Corea del Sur y Corea del Norte se re\u00fanen en zona desmilitarizada y se comprometen a buscar la paz<\/title>\n<meta name=\"description\" content=\"Se hizo historia en la pen\u00ednsula de Corea, cuando el presidente de Corea del Sur, Moon Jae-in, y el l\u00edder norcoreano, Kim Jong-un, se estrecharon la mano\" \/>\n<meta name=\"robots\" content=\"index, follow, max-snippet:-1, max-image-preview:large, max-video-preview:-1\" \/>\n<link rel=\"canonical\" href=\"https:\/\/www.pressenza.com\/es\/2018\/04\/hecho-historico-lideres-corea-del-sur-corea-del-norte-se-reunen-zona-desmilitarizada-se-comprometen-buscar-la-paz\/\" \/>\n<meta property=\"og:locale\" content=\"es_ES\" \/>\n<meta property=\"og:type\" content=\"article\" \/>\n<meta property=\"og:title\" content=\"En un hecho hist\u00f3rico, l\u00edderes de Corea del Sur y Corea del Norte se re\u00fanen en zona desmilitarizada y se comprometen a buscar la paz\" \/>\n<meta property=\"og:description\" content=\"Se hizo historia en la pen\u00ednsula de Corea, cuando el presidente de Corea del Sur, Moon Jae-in, y el l\u00edder norcoreano, Kim Jong-un, se estrecharon la mano\" \/>\n<meta property=\"og:url\" content=\"https:\/\/www.pressenza.com\/es\/2018\/04\/hecho-historico-lideres-corea-del-sur-corea-del-norte-se-reunen-zona-desmilitarizada-se-comprometen-buscar-la-paz\/\" \/>\n<meta property=\"og:site_name\" content=\"Pressenza\" \/>\n<meta property=\"article:publisher\" content=\"https:\/\/www.facebook.com\/PressenzaItalia\" \/>\n<meta property=\"article:author\" content=\"https:\/\/www.facebook.com\/democracynow\/?fref=ts\" \/>\n<meta property=\"article:published_time\" content=\"2018-04-28T22:35:18+00:00\" \/>\n<meta property=\"og:image\" content=\"https:\/\/www.pressenza.com\/wp-content\/uploads\/2018\/04\/S1_Koreas-peace-talks2.jpg\" \/>\n\t<meta property=\"og:image:width\" content=\"320\" \/>\n\t<meta property=\"og:image:height\" content=\"180\" \/>\n\t<meta property=\"og:image:type\" content=\"image\/jpeg\" \/>\n<meta name=\"author\" content=\"Democracy Now!\" \/>\n<meta name=\"twitter:card\" content=\"summary_large_image\" \/>\n<meta name=\"twitter:creator\" content=\"@democracynow\" \/>\n<meta name=\"twitter:site\" content=\"@PressenzaIPA\" \/>\n<meta name=\"twitter:label1\" content=\"Escrito por\" \/>\n\t<meta name=\"twitter:data1\" content=\"Democracy Now!\" \/>\n\t<meta name=\"twitter:label2\" content=\"Tiempo de lectura\" \/>\n\t<meta name=\"twitter:data2\" content=\"2 minutos\" \/>\n<script type=\"application\/ld+json\" class=\"yoast-schema-graph\">{\"@context\":\"https:\/\/schema.org\",\"@graph\":[{\"@type\":\"Article\",\"@id\":\"https:\/\/www.pressenza.com\/es\/2018\/04\/hecho-historico-lideres-corea-del-sur-corea-del-norte-se-reunen-zona-desmilitarizada-se-comprometen-buscar-la-paz\/#article\",\"isPartOf\":{\"@id\":\"https:\/\/www.pressenza.com\/es\/2018\/04\/hecho-historico-lideres-corea-del-sur-corea-del-norte-se-reunen-zona-desmilitarizada-se-comprometen-buscar-la-paz\/\"},\"author\":{\"name\":\"Democracy Now!\",\"@id\":\"https:\/\/www.pressenza.com\/es\/#\/schema\/person\/6dbfa31ebecf081166f6ed11c10f262c\"},\"headline\":\"En un hecho hist\u00f3rico, l\u00edderes de Corea del Sur y Corea del Norte se re\u00fanen en zona desmilitarizada y se comprometen a buscar la paz\",\"datePublished\":\"2018-04-28T22:35:18+00:00\",\"mainEntityOfPage\":{\"@id\":\"https:\/\/www.pressenza.com\/es\/2018\/04\/hecho-historico-lideres-corea-del-sur-corea-del-norte-se-reunen-zona-desmilitarizada-se-comprometen-buscar-la-paz\/\"},\"wordCount\":449,\"publisher\":{\"@id\":\"https:\/\/www.pressenza.com\/es\/#organization\"},\"image\":{\"@id\":\"https:\/\/www.pressenza.com\/es\/2018\/04\/hecho-historico-lideres-corea-del-sur-corea-del-norte-se-reunen-zona-desmilitarizada-se-comprometen-buscar-la-paz\/#primaryimage\"},\"thumbnailUrl\":\"https:\/\/www.pressenza.com\/wp-content\/uploads\/2018\/04\/S1_Koreas-peace-talks2.jpg\",\"keywords\":[\"Corea\",\"Desarme nuclear\",\"diplomacia\"],\"articleSection\":[\"Asia\",\"Paz y Desarme\"],\"inLanguage\":\"es\"},{\"@type\":\"WebPage\",\"@id\":\"https:\/\/www.pressenza.com\/es\/2018\/04\/hecho-historico-lideres-corea-del-sur-corea-del-norte-se-reunen-zona-desmilitarizada-se-comprometen-buscar-la-paz\/\",\"url\":\"https:\/\/www.pressenza.com\/es\/2018\/04\/hecho-historico-lideres-corea-del-sur-corea-del-norte-se-reunen-zona-desmilitarizada-se-comprometen-buscar-la-paz\/\",\"name\":\"En un hecho hist\u00f3rico, l\u00edderes de Corea del Sur y Corea del Norte se re\u00fanen en zona desmilitarizada y se comprometen a buscar la paz\",\"isPartOf\":{\"@id\":\"https:\/\/www.pressenza.com\/es\/#website\"},\"primaryImageOfPage\":{\"@id\":\"https:\/\/www.pressenza.com\/es\/2018\/04\/hecho-historico-lideres-corea-del-sur-corea-del-norte-se-reunen-zona-desmilitarizada-se-comprometen-buscar-la-paz\/#primaryimage\"},\"image\":{\"@id\":\"https:\/\/www.pressenza.com\/es\/2018\/04\/hecho-historico-lideres-corea-del-sur-corea-del-norte-se-reunen-zona-desmilitarizada-se-comprometen-buscar-la-paz\/#primaryimage\"},\"thumbnailUrl\":\"https:\/\/www.pressenza.com\/wp-content\/uploads\/2018\/04\/S1_Koreas-peace-talks2.jpg\",\"datePublished\":\"2018-04-28T22:35:18+00:00\",\"description\":\"Se hizo historia en la pen\u00ednsula de Corea, cuando el presidente de Corea del Sur, Moon Jae-in, y el l\u00edder norcoreano, Kim Jong-un, se estrecharon la mano\",\"breadcrumb\":{\"@id\":\"https:\/\/www.pressenza.com\/es\/2018\/04\/hecho-historico-lideres-corea-del-sur-corea-del-norte-se-reunen-zona-desmilitarizada-se-comprometen-buscar-la-paz\/#breadcrumb\"},\"inLanguage\":\"es\",\"potentialAction\":[{\"@type\":\"ReadAction\",\"target\":[\"https:\/\/www.pressenza.com\/es\/2018\/04\/hecho-historico-lideres-corea-del-sur-corea-del-norte-se-reunen-zona-desmilitarizada-se-comprometen-buscar-la-paz\/\"]}]},{\"@type\":\"ImageObject\",\"inLanguage\":\"es\",\"@id\":\"https:\/\/www.pressenza.com\/es\/2018\/04\/hecho-historico-lideres-corea-del-sur-corea-del-norte-se-reunen-zona-desmilitarizada-se-comprometen-buscar-la-paz\/#primaryimage\",\"url\":\"https:\/\/www.pressenza.com\/wp-content\/uploads\/2018\/04\/S1_Koreas-peace-talks2.jpg\",\"contentUrl\":\"https:\/\/www.pressenza.com\/wp-content\/uploads\/2018\/04\/S1_Koreas-peace-talks2.jpg\",\"width\":320,\"height\":180},{\"@type\":\"BreadcrumbList\",\"@id\":\"https:\/\/www.pressenza.com\/es\/2018\/04\/hecho-historico-lideres-corea-del-sur-corea-del-norte-se-reunen-zona-desmilitarizada-se-comprometen-buscar-la-paz\/#breadcrumb\",\"itemListElement\":[{\"@type\":\"ListItem\",\"position\":1,\"name\":\"Accueil\",\"item\":\"https:\/\/www.pressenza.com\/es\/\"},{\"@type\":\"ListItem\",\"position\":2,\"name\":\"En un hecho hist\u00f3rico, l\u00edderes de Corea del Sur y Corea del Norte se re\u00fanen en zona desmilitarizada y se comprometen a buscar la paz\"}]},{\"@type\":\"WebSite\",\"@id\":\"https:\/\/www.pressenza.com\/es\/#website\",\"url\":\"https:\/\/www.pressenza.com\/es\/\",\"name\":\"Pressenza\",\"description\":\"International Press Agency\",\"publisher\":{\"@id\":\"https:\/\/www.pressenza.com\/es\/#organization\"},\"potentialAction\":[{\"@type\":\"SearchAction\",\"target\":{\"@type\":\"EntryPoint\",\"urlTemplate\":\"https:\/\/www.pressenza.com\/es\/?s={search_term_string}\"},\"query-input\":{\"@type\":\"PropertyValueSpecification\",\"valueRequired\":true,\"valueName\":\"search_term_string\"}}],\"inLanguage\":\"es\"},{\"@type\":\"Organization\",\"@id\":\"https:\/\/www.pressenza.com\/es\/#organization\",\"name\":\"Pressenza\",\"url\":\"https:\/\/www.pressenza.com\/es\/\",\"logo\":{\"@type\":\"ImageObject\",\"inLanguage\":\"es\",\"@id\":\"https:\/\/www.pressenza.com\/es\/#\/schema\/logo\/image\/\",\"url\":\"https:\/\/www.pressenza.com\/wp-content\/uploads\/2022\/10\/pressenza_logo_200x200.jpg\",\"contentUrl\":\"https:\/\/www.pressenza.com\/wp-content\/uploads\/2022\/10\/pressenza_logo_200x200.jpg\",\"width\":200,\"height\":200,\"caption\":\"Pressenza\"},\"image\":{\"@id\":\"https:\/\/www.pressenza.com\/es\/#\/schema\/logo\/image\/\"},\"sameAs\":[\"https:\/\/www.facebook.com\/PressenzaItalia\",\"https:\/\/x.com\/PressenzaIPA\"]},{\"@type\":\"Person\",\"@id\":\"https:\/\/www.pressenza.com\/es\/#\/schema\/person\/6dbfa31ebecf081166f6ed11c10f262c\",\"name\":\"Democracy Now!\",\"description\":\"Democracy Now! is a national, daily, independent, award-winning news program hosted by journalists Amy Goodman and Juan Gonzalez. www.democracynow.org\",\"sameAs\":[\"http:\/\/www.democracynow.org\",\"https:\/\/www.facebook.com\/democracynow\/?fref=ts\",\"https:\/\/x.com\/democracynow\"],\"url\":\"https:\/\/www.pressenza.com\/es\/author\/democracy-now\/\"}]}<\/script>\n<!-- \/ Yoast SEO plugin. -->","yoast_head_json":{"title":"En un hecho hist\u00f3rico, l\u00edderes de Corea del Sur y Corea del Norte se re\u00fanen en zona desmilitarizada y se comprometen a buscar la paz","description":"Se hizo historia en la pen\u00ednsula de Corea, cuando el presidente de Corea del Sur, Moon Jae-in, y el l\u00edder norcoreano, Kim Jong-un, se estrecharon la mano","robots":{"index":"index","follow":"follow","max-snippet":"max-snippet:-1","max-image-preview":"max-image-preview:large","max-video-preview":"max-video-preview:-1"},"canonical":"https:\/\/www.pressenza.com\/es\/2018\/04\/hecho-historico-lideres-corea-del-sur-corea-del-norte-se-reunen-zona-desmilitarizada-se-comprometen-buscar-la-paz\/","og_locale":"es_ES","og_type":"article","og_title":"En un hecho hist\u00f3rico, l\u00edderes de Corea del Sur y Corea del Norte se re\u00fanen en zona desmilitarizada y se comprometen a buscar la paz","og_description":"Se hizo historia en la pen\u00ednsula de Corea, cuando el presidente de Corea del Sur, Moon Jae-in, y el l\u00edder norcoreano, Kim Jong-un, se estrecharon la mano","og_url":"https:\/\/www.pressenza.com\/es\/2018\/04\/hecho-historico-lideres-corea-del-sur-corea-del-norte-se-reunen-zona-desmilitarizada-se-comprometen-buscar-la-paz\/","og_site_name":"Pressenza","article_publisher":"https:\/\/www.facebook.com\/PressenzaItalia","article_author":"https:\/\/www.facebook.com\/democracynow\/?fref=ts","article_published_time":"2018-04-28T22:35:18+00:00","og_image":[{"width":320,"height":180,"url":"https:\/\/www.pressenza.com\/wp-content\/uploads\/2018\/04\/S1_Koreas-peace-talks2.jpg","type":"image\/jpeg"}],"author":"Democracy Now!","twitter_card":"summary_large_image","twitter_creator":"@democracynow","twitter_site":"@PressenzaIPA","twitter_misc":{"Escrito por":"Democracy Now!","Tiempo de lectura":"2 minutos"},"schema":{"@context":"https:\/\/schema.org","@graph":[{"@type":"Article","@id":"https:\/\/www.pressenza.com\/es\/2018\/04\/hecho-historico-lideres-corea-del-sur-corea-del-norte-se-reunen-zona-desmilitarizada-se-comprometen-buscar-la-paz\/#article","isPartOf":{"@id":"https:\/\/www.pressenza.com\/es\/2018\/04\/hecho-historico-lideres-corea-del-sur-corea-del-norte-se-reunen-zona-desmilitarizada-se-comprometen-buscar-la-paz\/"},"author":{"name":"Democracy Now!","@id":"https:\/\/www.pressenza.com\/es\/#\/schema\/person\/6dbfa31ebecf081166f6ed11c10f262c"},"headline":"En un hecho hist\u00f3rico, l\u00edderes de Corea del Sur y Corea del Norte se re\u00fanen en zona desmilitarizada y se comprometen a buscar la paz","datePublished":"2018-04-28T22:35:18+00:00","mainEntityOfPage":{"@id":"https:\/\/www.pressenza.com\/es\/2018\/04\/hecho-historico-lideres-corea-del-sur-corea-del-norte-se-reunen-zona-desmilitarizada-se-comprometen-buscar-la-paz\/"},"wordCount":449,"publisher":{"@id":"https:\/\/www.pressenza.com\/es\/#organization"},"image":{"@id":"https:\/\/www.pressenza.com\/es\/2018\/04\/hecho-historico-lideres-corea-del-sur-corea-del-norte-se-reunen-zona-desmilitarizada-se-comprometen-buscar-la-paz\/#primaryimage"},"thumbnailUrl":"https:\/\/www.pressenza.com\/wp-content\/uploads\/2018\/04\/S1_Koreas-peace-talks2.jpg","keywords":["Corea","Desarme nuclear","diplomacia"],"articleSection":["Asia","Paz y Desarme"],"inLanguage":"es"},{"@type":"WebPage","@id":"https:\/\/www.pressenza.com\/es\/2018\/04\/hecho-historico-lideres-corea-del-sur-corea-del-norte-se-reunen-zona-desmilitarizada-se-comprometen-buscar-la-paz\/","url":"https:\/\/www.pressenza.com\/es\/2018\/04\/hecho-historico-lideres-corea-del-sur-corea-del-norte-se-reunen-zona-desmilitarizada-se-comprometen-buscar-la-paz\/","name":"En un hecho hist\u00f3rico, l\u00edderes de Corea del Sur y Corea del Norte se re\u00fanen en zona desmilitarizada y se comprometen a buscar la paz","isPartOf":{"@id":"https:\/\/www.pressenza.com\/es\/#website"},"primaryImageOfPage":{"@id":"https:\/\/www.pressenza.com\/es\/2018\/04\/hecho-historico-lideres-corea-del-sur-corea-del-norte-se-reunen-zona-desmilitarizada-se-comprometen-buscar-la-paz\/#primaryimage"},"image":{"@id":"https:\/\/www.pressenza.com\/es\/2018\/04\/hecho-historico-lideres-corea-del-sur-corea-del-norte-se-reunen-zona-desmilitarizada-se-comprometen-buscar-la-paz\/#primaryimage"},"thumbnailUrl":"https:\/\/www.pressenza.com\/wp-content\/uploads\/2018\/04\/S1_Koreas-peace-talks2.jpg","datePublished":"2018-04-28T22:35:18+00:00","description":"Se hizo historia en la pen\u00ednsula de Corea, cuando el presidente de Corea del Sur, Moon Jae-in, y el l\u00edder norcoreano, Kim Jong-un, se estrecharon la mano","breadcrumb":{"@id":"https:\/\/www.pressenza.com\/es\/2018\/04\/hecho-historico-lideres-corea-del-sur-corea-del-norte-se-reunen-zona-desmilitarizada-se-comprometen-buscar-la-paz\/#breadcrumb"},"inLanguage":"es","potentialAction":[{"@type":"ReadAction","target":["https:\/\/www.pressenza.com\/es\/2018\/04\/hecho-historico-lideres-corea-del-sur-corea-del-norte-se-reunen-zona-desmilitarizada-se-comprometen-buscar-la-paz\/"]}]},{"@type":"ImageObject","inLanguage":"es","@id":"https:\/\/www.pressenza.com\/es\/2018\/04\/hecho-historico-lideres-corea-del-sur-corea-del-norte-se-reunen-zona-desmilitarizada-se-comprometen-buscar-la-paz\/#primaryimage","url":"https:\/\/www.pressenza.com\/wp-content\/uploads\/2018\/04\/S1_Koreas-peace-talks2.jpg","contentUrl":"https:\/\/www.pressenza.com\/wp-content\/uploads\/2018\/04\/S1_Koreas-peace-talks2.jpg","width":320,"height":180},{"@type":"BreadcrumbList","@id":"https:\/\/www.pressenza.com\/es\/2018\/04\/hecho-historico-lideres-corea-del-sur-corea-del-norte-se-reunen-zona-desmilitarizada-se-comprometen-buscar-la-paz\/#breadcrumb","itemListElement":[{"@type":"ListItem","position":1,"name":"Accueil","item":"https:\/\/www.pressenza.com\/es\/"},{"@type":"ListItem","position":2,"name":"En un hecho hist\u00f3rico, l\u00edderes de Corea del Sur y Corea del Norte se re\u00fanen en zona desmilitarizada y se comprometen a buscar la paz"}]},{"@type":"WebSite","@id":"https:\/\/www.pressenza.com\/es\/#website","url":"https:\/\/www.pressenza.com\/es\/","name":"Pressenza","description":"International Press Agency","publisher":{"@id":"https:\/\/www.pressenza.com\/es\/#organization"},"potentialAction":[{"@type":"SearchAction","target":{"@type":"EntryPoint","urlTemplate":"https:\/\/www.pressenza.com\/es\/?s={search_term_string}"},"query-input":{"@type":"PropertyValueSpecification","valueRequired":true,"valueName":"search_term_string"}}],"inLanguage":"es"},{"@type":"Organization","@id":"https:\/\/www.pressenza.com\/es\/#organization","name":"Pressenza","url":"https:\/\/www.pressenza.com\/es\/","logo":{"@type":"ImageObject","inLanguage":"es","@id":"https:\/\/www.pressenza.com\/es\/#\/schema\/logo\/image\/","url":"https:\/\/www.pressenza.com\/wp-content\/uploads\/2022\/10\/pressenza_logo_200x200.jpg","contentUrl":"https:\/\/www.pressenza.com\/wp-content\/uploads\/2022\/10\/pressenza_logo_200x200.jpg","width":200,"height":200,"caption":"Pressenza"},"image":{"@id":"https:\/\/www.pressenza.com\/es\/#\/schema\/logo\/image\/"},"sameAs":["https:\/\/www.facebook.com\/PressenzaItalia","https:\/\/x.com\/PressenzaIPA"]},{"@type":"Person","@id":"https:\/\/www.pressenza.com\/es\/#\/schema\/person\/6dbfa31ebecf081166f6ed11c10f262c","name":"Democracy Now!","description":"Democracy Now! is a national, daily, independent, award-winning news program hosted by journalists Amy Goodman and Juan Gonzalez. www.democracynow.org","sameAs":["http:\/\/www.democracynow.org","https:\/\/www.facebook.com\/democracynow\/?fref=ts","https:\/\/x.com\/democracynow"],"url":"https:\/\/www.pressenza.com\/es\/author\/democracy-now\/"}]}},"place":"Pen\u00ednsula de Corea","original_article_url":"https:\/\/www.democracynow.org\/es\/2018\/4\/27\/titulares\/in_historic_move_north_south_korean_leaders_meet_at_dmz_and_commit_to_peace","_links":{"self":[{"href":"https:\/\/www.pressenza.com\/es\/wp-json\/wp\/v2\/posts\/632940","targetHints":{"allow":["GET"]}}],"collection":[{"href":"https:\/\/www.pressenza.com\/es\/wp-json\/wp\/v2\/posts"}],"about":[{"href":"https:\/\/www.pressenza.com\/es\/wp-json\/wp\/v2\/types\/post"}],"author":[{"embeddable":true,"href":"https:\/\/www.pressenza.com\/es\/wp-json\/wp\/v2\/users\/77"}],"replies":[{"embeddable":true,"href":"https:\/\/www.pressenza.com\/es\/wp-json\/wp\/v2\/comments?post=632940"}],"version-history":[{"count":0,"href":"https:\/\/www.pressenza.com\/es\/wp-json\/wp\/v2\/posts\/632940\/revisions"}],"wp:featuredmedia":[{"embeddable":true,"href":"https:\/\/www.pressenza.com\/es\/wp-json\/wp\/v2\/media\/632938"}],"wp:attachment":[{"href":"https:\/\/www.pressenza.com\/es\/wp-json\/wp\/v2\/media?parent=632940"}],"wp:term":[{"taxonomy":"category","embeddable":true,"href":"https:\/\/www.pressenza.com\/es\/wp-json\/wp\/v2\/categories?post=632940"},{"taxonomy":"post_tag","embeddable":true,"href":"https:\/\/www.pressenza.com\/es\/wp-json\/wp\/v2\/tags?post=632940"}],"curies":[{"name":"wp","href":"https:\/\/api.w.org\/{rel}","templated":true}]}}