{"id":632423,"date":"2018-04-27T18:17:47","date_gmt":"2018-04-27T17:17:47","guid":{"rendered":"https:\/\/www.pressenza.com\/?p=632423"},"modified":"2018-04-27T18:17:47","modified_gmt":"2018-04-27T17:17:47","slug":"se-trata-del-pueblo-negro-atacando-al-propio-pueblo-negro","status":"publish","type":"post","link":"https:\/\/www.pressenza.com\/es\/2018\/04\/se-trata-del-pueblo-negro-atacando-al-propio-pueblo-negro\/","title":{"rendered":"\u00abSe trata del pueblo negro atacando al propio pueblo negro\u00bb"},"content":{"rendered":"<p>La intolerancia religiosa en Brasil se da de diferentes formas. De las m\u00e1s sutiles, con expresiones como \u00abCuidado que es macumba\u00bb incluso el caso de Kailane Campos, que recibi\u00f3 una pedrada al salir de un terreiro en la ciudad de R\u00edo de Janeiro.<\/p>\n<p>Seg\u00fan el testimonio de su abuela, un grupo de hombres las agredieron verbalmente y uno de los integrantes del grupo atac\u00f3 con una piedra que golpe\u00f3 a la ni\u00f1a. Adem\u00e1s de este caso, tenemos diversos relatos de terreiros atacados. De s\u00edmbolos religiosos no respetados. De ofrendas que son atacadas. El simple acto de vestir las vestimentas caracter\u00edsticas de las religiones afrobrasile\u00f1as ya despierta el odio.<\/p>\n<p>Mucho del creciente odio para tales segmentos de la poblaci\u00f3n se atribuye a los grupos neopentecostales. Pero hay protestantes, evang\u00e9licos, que se posicionan contra la intolerancia. Una de las <a href=\"http:\/\/www.bbc.com\/portuguese\/brasil-43879422\">informaciones de la BBC Brasil<\/a> trajo la historia de Lusmarina Campos, pastora anglicana que organiz\u00f3 una campa\u00f1a de recaudaci\u00f3n de fondos para reconstruir el terreiro Concei\u00e7\u00e3o d&#8217;Liss\u00e1, situado en la ciudad de Duque de Caxias, en R\u00edo de Janeiro.<\/p>\n<p>Para entender m\u00e1s sobre esta tem\u00e1tica, Pressenza Brasil entrevista a Simony de los \u00c1ngeles que es graduada en Ciencias Sociales (Unifesp), maestr\u00eda en Educaci\u00f3n (USP) y ha estudiado la relaci\u00f3n entre antropolog\u00eda, educaci\u00f3n y diversidad. Escribe el Blog S\u00ed, Genuflexos y escribe la columna (fe)ministas del portal de noticias Justificando.<\/p>\n<p><strong>Pressenza Brasil &#8211;<\/strong> Recientemente el Terreiro Concei\u00e7\u00e3o d&#8217;Liss\u00e1 que queda en Duque de Caxias (RJ) fue incendiado. Para ayudar en la reconstrucci\u00f3n, un grupo recaud\u00f3 12 mil reales para obras. La iniciativa fue organizada por la pastora Lusmarina Campos de la Iglesia Evang\u00e9lica de Confesi\u00f3n Luterana en Brasil. \u00bfCu\u00e1l es la importancia de actos como \u00e9ste para la disminuci\u00f3n de la intolerancia religiosa en Brasil?<\/p>\n<p><strong>Simony de los \u00c1ngeles &#8211;<\/strong> Este tipo de actitud no deber\u00eda ser una excepci\u00f3n, pero, desgraciadamente, adem\u00e1s de rara, son mucho m\u00e1s comunes, provenientes de los cristianos, ataques a templos religiosos y terreiros de religiones de matrices africanas que cualquier tipo de ayuda o empat\u00eda. Para m\u00ed, actitudes como la de la Pastora Lusmarina son esenciales por dos razones: primero, ella es una l\u00edder religiosa que influye en los fieles de su comunidad. Si los l\u00edderes religiosos asumen un discurso de tolerancia y respeto al pr\u00f3jimo, la intolerancia religiosa no existir\u00eda, pues la intolerancia se aprende dentro de las iglesias cristianas, o sea, \u00bfqui\u00e9n est\u00e1 ense\u00f1ando a los fieles, sino el liderazgo de las Iglesias? El segundo motivo es por el hecho de ser una reparaci\u00f3n. Explico, durante siglos los cristianos persiguieron, destruyeron y quisieron apagar las religiones de matrices africanas. As\u00ed, actitudes, como la de la Rev. Campos, apuntan a la retractaci\u00f3n de una deuda hist\u00f3rica que nosotros, cristianos, tenemos con la poblaci\u00f3n negra, en general. Recordando que los cristianos apoyaron la esclavitud, tuvieron esclavos y forzaron a los esclavos a construir sus templos religiosos. El racismo estructural en el que vivimos fue, en gran parte, ratificado por el cristianismo, desgraciadamente.<\/p>\n<p>Perseguir las religiones de matrices africanas es un modo de intentar apagar la existencia (y resistencia) de un pueblo que ya tuvo tanta cosa usurpada en 300 a\u00f1os de esclavitud. Sin embargo, no lo han logrado y, si la cosa depende de los cristianos progresistas, no lo lograr\u00e1n.<\/p>\n<p><strong>P.B. \u2013<\/strong> Desde su mirada, \u00bfcu\u00e1l es el motivo de tanto odio hacia las religiones de matriz africana?<\/p>\n<p><strong>S.A. &#8211;<\/strong> La religi\u00f3n cristiana es manique\u00edsta, o sea, cree que hay un bien mayor y el mal. En el momento de la esclavitud, fue muy oportuno para los cristianos ver el mal en las religiones de matrices africanas, pues, as\u00ed, ten\u00edan legitimidad para atacar esa religi\u00f3n y, junto con ella, el pueblo negro. Si miramos con mirada sociol\u00f3gica a esta cuesti\u00f3n, vemos que la religi\u00f3n es un factor de organizaci\u00f3n y movilizaci\u00f3n social. De esa manera, impedir que los negros adoraran a sus dioses, al igual que prohibieron que hablaran sus lenguas maternas, era una forma de impedir que ellos se organizaran. Con esa herencia esclavista que tenemos, la imagen hist\u00f3rica de esas religiones es justamente la de ser el mal, demon\u00edacas, que necesitan ser combatidas. El racismo estructural y la intolerancia religiosa, en Brasil, est\u00e1n intr\u00ednsecamente ligados.<\/p>\n<p><strong> P.B. &#8211;<\/strong> \u00bfCu\u00e1les son las iniciativas que han luchado por la disminuci\u00f3n de la intolerancia religiosa y buscado di\u00e1logos entre las religiones?<\/p>\n<p><strong>S.A. &#8211;<\/strong> B\u00e1sicamente, todas las organizaciones que tienen orientaci\u00f3n ecum\u00e9nica y tendencias m\u00e1s progresistas. Son raras y dif\u00edcilmente tienen apoyo financiero para continuar. Sin embargo, este tipo de manifestaciones han crecido. Puedo citar, por ejemplo, el CEBi (Centro de Estudio B\u00edblico), que tiene car\u00e1cter ecum\u00e9nico y tradici\u00f3n en la lectura popular de la Biblia, es decir, una lectura para el pueblo, por el pueblo y que libere el pueblo.<\/p>\n<p><strong> P.B. &#8211;<\/strong> \u00bfHay algo que le gustar\u00eda a\u00f1adir?<\/p>\n<p><strong>S.A. <\/strong>Tenemos que tener en cuenta que la poblaci\u00f3n de las iglesias evang\u00e9licas (y gran parte de los cat\u00f3licos, tambi\u00e9n) es de personas negras, pobres y perif\u00e9ricas. Las iglesias est\u00e1n en la mayor\u00eda de las periferias y comunidades de Brasil. As\u00ed, lo que vemos es muy perverso, pues se trata del pueblo negro atacando al propio pueblo negro. \u00bfPuede haber un control social mayor que ese? Es decir, la desuni\u00f3n entre las personas pobres es esencial para el mantenimiento del status quo de nuestra sociedad. Cuando haya solidaridad entre las personas pobres, independientemente de la orientaci\u00f3n sexual, religi\u00f3n, modos de vida, suceder\u00e1 la verdadera revoluci\u00f3n. Como dir\u00eda Angela Davis, cuando la mujer negra se mueve, la sociedad entera se mueve. \u00bfUstedes ya han notado cu\u00e1l es la base de la iglesia evang\u00e9lica? Mujeres negras, es con ellas que tenemos que hablar, por eso la importancia de tener l\u00edderes religiosos progresistas.<\/p>\n<p>* Fin de la entrevista<\/p>\n","protected":false},"excerpt":{"rendered":"<p>La intolerancia religiosa en Brasil se da de diferentes formas. De las m\u00e1s sutiles, con expresiones como \u00abCuidado que es macumba\u00bb incluso el caso de Kailane Campos, que recibi\u00f3 una pedrada al salir de un terreiro en la ciudad de&hellip;<\/p>\n","protected":false},"author":44,"featured_media":632334,"comment_status":"closed","ping_status":"closed","sticky":false,"template":"","format":"standard","meta":{"footnotes":""},"categories":[11389,67],"tags":[11561],"class_list":["post-632423","post","type-post","status-publish","format-standard","has-post-thumbnail","hentry","category-contenido-original","category-sudamerica","tag-religion-es"],"yoast_head":"<!-- This site is optimized with the Yoast SEO plugin v27.1.1 - https:\/\/yoast.com\/product\/yoast-seo-wordpress\/ -->\n<title>&quot;Se trata del pueblo negro atacando al propio pueblo negro&quot;<\/title>\n<meta name=\"description\" content=\"La intolerancia religiosa en Brasil se da de diferentes formas. De las m\u00e1s sutiles, con expresiones como &quot;Cuidado que es macumba&quot; incluso el caso de\" \/>\n<meta name=\"robots\" content=\"index, follow, max-snippet:-1, max-image-preview:large, max-video-preview:-1\" \/>\n<link rel=\"canonical\" href=\"https:\/\/www.pressenza.com\/es\/2018\/04\/se-trata-del-pueblo-negro-atacando-al-propio-pueblo-negro\/\" \/>\n<meta property=\"og:locale\" content=\"es_ES\" \/>\n<meta property=\"og:type\" content=\"article\" \/>\n<meta property=\"og:title\" content=\"&quot;Se trata del pueblo negro atacando al propio pueblo negro&quot;\" \/>\n<meta property=\"og:description\" content=\"La intolerancia religiosa en Brasil se da de diferentes formas. De las m\u00e1s sutiles, con expresiones como &quot;Cuidado que es macumba&quot; incluso el caso de\" \/>\n<meta property=\"og:url\" content=\"https:\/\/www.pressenza.com\/es\/2018\/04\/se-trata-del-pueblo-negro-atacando-al-propio-pueblo-negro\/\" \/>\n<meta property=\"og:site_name\" content=\"Pressenza\" \/>\n<meta property=\"article:publisher\" content=\"https:\/\/www.facebook.com\/PressenzaItalia\" \/>\n<meta property=\"article:author\" content=\"https:\/\/www.facebook.com\/PressenzaPortugues\" \/>\n<meta property=\"article:published_time\" content=\"2018-04-27T17:17:47+00:00\" \/>\n<meta property=\"og:image\" content=\"https:\/\/www.pressenza.com\/wp-content\/uploads\/2018\/04\/adult-black-and-white-blur-257037.jpg\" \/>\n\t<meta property=\"og:image:width\" content=\"2048\" \/>\n\t<meta property=\"og:image:height\" content=\"1388\" \/>\n\t<meta property=\"og:image:type\" content=\"image\/jpeg\" \/>\n<meta name=\"author\" content=\"Reda\u00e7\u00e3o S\u00e3o Paulo\" \/>\n<meta name=\"twitter:card\" content=\"summary_large_image\" \/>\n<meta name=\"twitter:creator\" content=\"@pressenza_pt\" \/>\n<meta name=\"twitter:site\" content=\"@PressenzaIPA\" \/>\n<meta name=\"twitter:label1\" content=\"Escrito por\" \/>\n\t<meta name=\"twitter:data1\" content=\"Reda\u00e7\u00e3o S\u00e3o Paulo\" \/>\n\t<meta name=\"twitter:label2\" content=\"Tiempo de lectura\" \/>\n\t<meta name=\"twitter:data2\" content=\"5 minutos\" \/>\n<script type=\"application\/ld+json\" class=\"yoast-schema-graph\">{\"@context\":\"https:\/\/schema.org\",\"@graph\":[{\"@type\":\"Article\",\"@id\":\"https:\/\/www.pressenza.com\/es\/2018\/04\/se-trata-del-pueblo-negro-atacando-al-propio-pueblo-negro\/#article\",\"isPartOf\":{\"@id\":\"https:\/\/www.pressenza.com\/es\/2018\/04\/se-trata-del-pueblo-negro-atacando-al-propio-pueblo-negro\/\"},\"author\":{\"name\":\"Reda\u00e7\u00e3o S\u00e3o Paulo\",\"@id\":\"https:\/\/www.pressenza.com\/es\/#\/schema\/person\/d171826afb7693cfc394da95892bfd93\"},\"headline\":\"\u00abSe trata del pueblo negro atacando al propio pueblo negro\u00bb\",\"datePublished\":\"2018-04-27T17:17:47+00:00\",\"mainEntityOfPage\":{\"@id\":\"https:\/\/www.pressenza.com\/es\/2018\/04\/se-trata-del-pueblo-negro-atacando-al-propio-pueblo-negro\/\"},\"wordCount\":1054,\"publisher\":{\"@id\":\"https:\/\/www.pressenza.com\/es\/#organization\"},\"image\":{\"@id\":\"https:\/\/www.pressenza.com\/es\/2018\/04\/se-trata-del-pueblo-negro-atacando-al-propio-pueblo-negro\/#primaryimage\"},\"thumbnailUrl\":\"https:\/\/www.pressenza.com\/wp-content\/uploads\/2018\/04\/adult-black-and-white-blur-257037.jpg\",\"keywords\":[\"religi\u00f3n\"],\"articleSection\":[\"Contenido Original\",\"Sudam\u00e9rica\"],\"inLanguage\":\"es\"},{\"@type\":\"WebPage\",\"@id\":\"https:\/\/www.pressenza.com\/es\/2018\/04\/se-trata-del-pueblo-negro-atacando-al-propio-pueblo-negro\/\",\"url\":\"https:\/\/www.pressenza.com\/es\/2018\/04\/se-trata-del-pueblo-negro-atacando-al-propio-pueblo-negro\/\",\"name\":\"\\\"Se trata del pueblo negro atacando al propio pueblo negro\\\"\",\"isPartOf\":{\"@id\":\"https:\/\/www.pressenza.com\/es\/#website\"},\"primaryImageOfPage\":{\"@id\":\"https:\/\/www.pressenza.com\/es\/2018\/04\/se-trata-del-pueblo-negro-atacando-al-propio-pueblo-negro\/#primaryimage\"},\"image\":{\"@id\":\"https:\/\/www.pressenza.com\/es\/2018\/04\/se-trata-del-pueblo-negro-atacando-al-propio-pueblo-negro\/#primaryimage\"},\"thumbnailUrl\":\"https:\/\/www.pressenza.com\/wp-content\/uploads\/2018\/04\/adult-black-and-white-blur-257037.jpg\",\"datePublished\":\"2018-04-27T17:17:47+00:00\",\"description\":\"La intolerancia religiosa en Brasil se da de diferentes formas. De las m\u00e1s sutiles, con expresiones como \\\"Cuidado que es macumba\\\" incluso el caso de\",\"breadcrumb\":{\"@id\":\"https:\/\/www.pressenza.com\/es\/2018\/04\/se-trata-del-pueblo-negro-atacando-al-propio-pueblo-negro\/#breadcrumb\"},\"inLanguage\":\"es\",\"potentialAction\":[{\"@type\":\"ReadAction\",\"target\":[\"https:\/\/www.pressenza.com\/es\/2018\/04\/se-trata-del-pueblo-negro-atacando-al-propio-pueblo-negro\/\"]}]},{\"@type\":\"ImageObject\",\"inLanguage\":\"es\",\"@id\":\"https:\/\/www.pressenza.com\/es\/2018\/04\/se-trata-del-pueblo-negro-atacando-al-propio-pueblo-negro\/#primaryimage\",\"url\":\"https:\/\/www.pressenza.com\/wp-content\/uploads\/2018\/04\/adult-black-and-white-blur-257037.jpg\",\"contentUrl\":\"https:\/\/www.pressenza.com\/wp-content\/uploads\/2018\/04\/adult-black-and-white-blur-257037.jpg\",\"width\":2048,\"height\":1388},{\"@type\":\"BreadcrumbList\",\"@id\":\"https:\/\/www.pressenza.com\/es\/2018\/04\/se-trata-del-pueblo-negro-atacando-al-propio-pueblo-negro\/#breadcrumb\",\"itemListElement\":[{\"@type\":\"ListItem\",\"position\":1,\"name\":\"Accueil\",\"item\":\"https:\/\/www.pressenza.com\/es\/\"},{\"@type\":\"ListItem\",\"position\":2,\"name\":\"\u00abSe trata del pueblo negro atacando al propio pueblo negro\u00bb\"}]},{\"@type\":\"WebSite\",\"@id\":\"https:\/\/www.pressenza.com\/es\/#website\",\"url\":\"https:\/\/www.pressenza.com\/es\/\",\"name\":\"Pressenza\",\"description\":\"International Press Agency\",\"publisher\":{\"@id\":\"https:\/\/www.pressenza.com\/es\/#organization\"},\"potentialAction\":[{\"@type\":\"SearchAction\",\"target\":{\"@type\":\"EntryPoint\",\"urlTemplate\":\"https:\/\/www.pressenza.com\/es\/?s={search_term_string}\"},\"query-input\":{\"@type\":\"PropertyValueSpecification\",\"valueRequired\":true,\"valueName\":\"search_term_string\"}}],\"inLanguage\":\"es\"},{\"@type\":\"Organization\",\"@id\":\"https:\/\/www.pressenza.com\/es\/#organization\",\"name\":\"Pressenza\",\"url\":\"https:\/\/www.pressenza.com\/es\/\",\"logo\":{\"@type\":\"ImageObject\",\"inLanguage\":\"es\",\"@id\":\"https:\/\/www.pressenza.com\/es\/#\/schema\/logo\/image\/\",\"url\":\"https:\/\/www.pressenza.com\/wp-content\/uploads\/2022\/10\/pressenza_logo_200x200.jpg\",\"contentUrl\":\"https:\/\/www.pressenza.com\/wp-content\/uploads\/2022\/10\/pressenza_logo_200x200.jpg\",\"width\":200,\"height\":200,\"caption\":\"Pressenza\"},\"image\":{\"@id\":\"https:\/\/www.pressenza.com\/es\/#\/schema\/logo\/image\/\"},\"sameAs\":[\"https:\/\/www.facebook.com\/PressenzaItalia\",\"https:\/\/x.com\/PressenzaIPA\"]},{\"@type\":\"Person\",\"@id\":\"https:\/\/www.pressenza.com\/es\/#\/schema\/person\/d171826afb7693cfc394da95892bfd93\",\"name\":\"Reda\u00e7\u00e3o S\u00e3o Paulo\",\"description\":\"News from the Pressenza bureau in Sao Paulo, Brazil\",\"sameAs\":[\"https:\/\/www.facebook.com\/PressenzaPortugues\",\"https:\/\/x.com\/pressenza_pt\"],\"url\":\"https:\/\/www.pressenza.com\/es\/author\/redaccao-sao-paulo\/\"}]}<\/script>\n<!-- \/ Yoast SEO plugin. -->","yoast_head_json":{"title":"\"Se trata del pueblo negro atacando al propio pueblo negro\"","description":"La intolerancia religiosa en Brasil se da de diferentes formas. De las m\u00e1s sutiles, con expresiones como \"Cuidado que es macumba\" incluso el caso de","robots":{"index":"index","follow":"follow","max-snippet":"max-snippet:-1","max-image-preview":"max-image-preview:large","max-video-preview":"max-video-preview:-1"},"canonical":"https:\/\/www.pressenza.com\/es\/2018\/04\/se-trata-del-pueblo-negro-atacando-al-propio-pueblo-negro\/","og_locale":"es_ES","og_type":"article","og_title":"\"Se trata del pueblo negro atacando al propio pueblo negro\"","og_description":"La intolerancia religiosa en Brasil se da de diferentes formas. De las m\u00e1s sutiles, con expresiones como \"Cuidado que es macumba\" incluso el caso de","og_url":"https:\/\/www.pressenza.com\/es\/2018\/04\/se-trata-del-pueblo-negro-atacando-al-propio-pueblo-negro\/","og_site_name":"Pressenza","article_publisher":"https:\/\/www.facebook.com\/PressenzaItalia","article_author":"https:\/\/www.facebook.com\/PressenzaPortugues","article_published_time":"2018-04-27T17:17:47+00:00","og_image":[{"width":2048,"height":1388,"url":"https:\/\/www.pressenza.com\/wp-content\/uploads\/2018\/04\/adult-black-and-white-blur-257037.jpg","type":"image\/jpeg"}],"author":"Reda\u00e7\u00e3o S\u00e3o Paulo","twitter_card":"summary_large_image","twitter_creator":"@pressenza_pt","twitter_site":"@PressenzaIPA","twitter_misc":{"Escrito por":"Reda\u00e7\u00e3o S\u00e3o Paulo","Tiempo de lectura":"5 minutos"},"schema":{"@context":"https:\/\/schema.org","@graph":[{"@type":"Article","@id":"https:\/\/www.pressenza.com\/es\/2018\/04\/se-trata-del-pueblo-negro-atacando-al-propio-pueblo-negro\/#article","isPartOf":{"@id":"https:\/\/www.pressenza.com\/es\/2018\/04\/se-trata-del-pueblo-negro-atacando-al-propio-pueblo-negro\/"},"author":{"name":"Reda\u00e7\u00e3o S\u00e3o Paulo","@id":"https:\/\/www.pressenza.com\/es\/#\/schema\/person\/d171826afb7693cfc394da95892bfd93"},"headline":"\u00abSe trata del pueblo negro atacando al propio pueblo negro\u00bb","datePublished":"2018-04-27T17:17:47+00:00","mainEntityOfPage":{"@id":"https:\/\/www.pressenza.com\/es\/2018\/04\/se-trata-del-pueblo-negro-atacando-al-propio-pueblo-negro\/"},"wordCount":1054,"publisher":{"@id":"https:\/\/www.pressenza.com\/es\/#organization"},"image":{"@id":"https:\/\/www.pressenza.com\/es\/2018\/04\/se-trata-del-pueblo-negro-atacando-al-propio-pueblo-negro\/#primaryimage"},"thumbnailUrl":"https:\/\/www.pressenza.com\/wp-content\/uploads\/2018\/04\/adult-black-and-white-blur-257037.jpg","keywords":["religi\u00f3n"],"articleSection":["Contenido Original","Sudam\u00e9rica"],"inLanguage":"es"},{"@type":"WebPage","@id":"https:\/\/www.pressenza.com\/es\/2018\/04\/se-trata-del-pueblo-negro-atacando-al-propio-pueblo-negro\/","url":"https:\/\/www.pressenza.com\/es\/2018\/04\/se-trata-del-pueblo-negro-atacando-al-propio-pueblo-negro\/","name":"\"Se trata del pueblo negro atacando al propio pueblo negro\"","isPartOf":{"@id":"https:\/\/www.pressenza.com\/es\/#website"},"primaryImageOfPage":{"@id":"https:\/\/www.pressenza.com\/es\/2018\/04\/se-trata-del-pueblo-negro-atacando-al-propio-pueblo-negro\/#primaryimage"},"image":{"@id":"https:\/\/www.pressenza.com\/es\/2018\/04\/se-trata-del-pueblo-negro-atacando-al-propio-pueblo-negro\/#primaryimage"},"thumbnailUrl":"https:\/\/www.pressenza.com\/wp-content\/uploads\/2018\/04\/adult-black-and-white-blur-257037.jpg","datePublished":"2018-04-27T17:17:47+00:00","description":"La intolerancia religiosa en Brasil se da de diferentes formas. De las m\u00e1s sutiles, con expresiones como \"Cuidado que es macumba\" incluso el caso de","breadcrumb":{"@id":"https:\/\/www.pressenza.com\/es\/2018\/04\/se-trata-del-pueblo-negro-atacando-al-propio-pueblo-negro\/#breadcrumb"},"inLanguage":"es","potentialAction":[{"@type":"ReadAction","target":["https:\/\/www.pressenza.com\/es\/2018\/04\/se-trata-del-pueblo-negro-atacando-al-propio-pueblo-negro\/"]}]},{"@type":"ImageObject","inLanguage":"es","@id":"https:\/\/www.pressenza.com\/es\/2018\/04\/se-trata-del-pueblo-negro-atacando-al-propio-pueblo-negro\/#primaryimage","url":"https:\/\/www.pressenza.com\/wp-content\/uploads\/2018\/04\/adult-black-and-white-blur-257037.jpg","contentUrl":"https:\/\/www.pressenza.com\/wp-content\/uploads\/2018\/04\/adult-black-and-white-blur-257037.jpg","width":2048,"height":1388},{"@type":"BreadcrumbList","@id":"https:\/\/www.pressenza.com\/es\/2018\/04\/se-trata-del-pueblo-negro-atacando-al-propio-pueblo-negro\/#breadcrumb","itemListElement":[{"@type":"ListItem","position":1,"name":"Accueil","item":"https:\/\/www.pressenza.com\/es\/"},{"@type":"ListItem","position":2,"name":"\u00abSe trata del pueblo negro atacando al propio pueblo negro\u00bb"}]},{"@type":"WebSite","@id":"https:\/\/www.pressenza.com\/es\/#website","url":"https:\/\/www.pressenza.com\/es\/","name":"Pressenza","description":"International Press Agency","publisher":{"@id":"https:\/\/www.pressenza.com\/es\/#organization"},"potentialAction":[{"@type":"SearchAction","target":{"@type":"EntryPoint","urlTemplate":"https:\/\/www.pressenza.com\/es\/?s={search_term_string}"},"query-input":{"@type":"PropertyValueSpecification","valueRequired":true,"valueName":"search_term_string"}}],"inLanguage":"es"},{"@type":"Organization","@id":"https:\/\/www.pressenza.com\/es\/#organization","name":"Pressenza","url":"https:\/\/www.pressenza.com\/es\/","logo":{"@type":"ImageObject","inLanguage":"es","@id":"https:\/\/www.pressenza.com\/es\/#\/schema\/logo\/image\/","url":"https:\/\/www.pressenza.com\/wp-content\/uploads\/2022\/10\/pressenza_logo_200x200.jpg","contentUrl":"https:\/\/www.pressenza.com\/wp-content\/uploads\/2022\/10\/pressenza_logo_200x200.jpg","width":200,"height":200,"caption":"Pressenza"},"image":{"@id":"https:\/\/www.pressenza.com\/es\/#\/schema\/logo\/image\/"},"sameAs":["https:\/\/www.facebook.com\/PressenzaItalia","https:\/\/x.com\/PressenzaIPA"]},{"@type":"Person","@id":"https:\/\/www.pressenza.com\/es\/#\/schema\/person\/d171826afb7693cfc394da95892bfd93","name":"Reda\u00e7\u00e3o S\u00e3o Paulo","description":"News from the Pressenza bureau in Sao Paulo, Brazil","sameAs":["https:\/\/www.facebook.com\/PressenzaPortugues","https:\/\/x.com\/pressenza_pt"],"url":"https:\/\/www.pressenza.com\/es\/author\/redaccao-sao-paulo\/"}]}},"place":"","original_article_url":"","_links":{"self":[{"href":"https:\/\/www.pressenza.com\/es\/wp-json\/wp\/v2\/posts\/632423","targetHints":{"allow":["GET"]}}],"collection":[{"href":"https:\/\/www.pressenza.com\/es\/wp-json\/wp\/v2\/posts"}],"about":[{"href":"https:\/\/www.pressenza.com\/es\/wp-json\/wp\/v2\/types\/post"}],"author":[{"embeddable":true,"href":"https:\/\/www.pressenza.com\/es\/wp-json\/wp\/v2\/users\/44"}],"replies":[{"embeddable":true,"href":"https:\/\/www.pressenza.com\/es\/wp-json\/wp\/v2\/comments?post=632423"}],"version-history":[{"count":0,"href":"https:\/\/www.pressenza.com\/es\/wp-json\/wp\/v2\/posts\/632423\/revisions"}],"wp:featuredmedia":[{"embeddable":true,"href":"https:\/\/www.pressenza.com\/es\/wp-json\/wp\/v2\/media\/632334"}],"wp:attachment":[{"href":"https:\/\/www.pressenza.com\/es\/wp-json\/wp\/v2\/media?parent=632423"}],"wp:term":[{"taxonomy":"category","embeddable":true,"href":"https:\/\/www.pressenza.com\/es\/wp-json\/wp\/v2\/categories?post=632423"},{"taxonomy":"post_tag","embeddable":true,"href":"https:\/\/www.pressenza.com\/es\/wp-json\/wp\/v2\/tags?post=632423"}],"curies":[{"name":"wp","href":"https:\/\/api.w.org\/{rel}","templated":true}]}}