{"id":631031,"date":"2018-04-25T15:32:38","date_gmt":"2018-04-25T14:32:38","guid":{"rendered":"https:\/\/www.pressenza.com\/?p=631031"},"modified":"2018-04-25T15:32:38","modified_gmt":"2018-04-25T14:32:38","slug":"luis-paz-funcionamiento-la-justicia-jujuy-escandaloso","status":"publish","type":"post","link":"https:\/\/www.pressenza.com\/es\/2018\/04\/luis-paz-funcionamiento-la-justicia-jujuy-escandaloso\/","title":{"rendered":"Luis Paz: \u201cEl funcionamiento de la Justicia en Jujuy es escandaloso\u201d"},"content":{"rendered":"<p><em>El abogado de Milagro Sala en la denominada \u201cmegacausa\u201d juje\u00f1a, donde est\u00e1n imputados el exgobernador de la provincia y una veintena de exfuncionarios, dialog\u00f3 con Contexto luego de la suspensi\u00f3n de la audiencia indagatoria en la que la dirigente social recus\u00f3 al juez Isidoro Cruz \u201cpor recibir subsidios de Gerardo Morales\u201d.<\/em><\/p>\n<p><em><strong>Por Diario Contexto<\/strong><\/em><\/p>\n<p>Cerca de las 9 de la ma\u00f1ana del lunes, Milagro Sala se present\u00f3 en el juzgado de Control N\u00ba 4 de Jujuy donde deb\u00eda prestar declaraci\u00f3n indagatoria en la denominada \u201cmegacausa\u201d que se inici\u00f3 contra una veintena de exfuncionarios, intendentes y hasta el exgobernador, Eduardo Fellner, por presuntas maniobras de desv\u00edo de fondos destinados a la construcci\u00f3n de viviendas sociales por casi 1.300 millones de pesos.<\/p>\n<p>Luego de las instancias formales en las que se leyeron las acusaciones que pesan en su contra, la dirigente social pidi\u00f3 conocer toda la prueba que se reuni\u00f3 en el expediente para poder realizar correctamente su defensa, particularmente por una prueba \u201creservada\u201d a la que no tuvo acceso. Tanto el juez como los fiscales accedieron a suspender la indagatoria por la falta de conocimiento que tanto la acusada como su defensa ten\u00edan del expediente, pero Milagro fue por m\u00e1s.<\/p>\n<p>En di\u00e1logo con\u00a0<b><i>Contexto<\/i><\/b>, el abogado Luis Paz, presente durante el proceso, reproduce las palabras que la l\u00edder de la Tupac Amaru dijo frente al juez Isidoro Cruz: \u201cNo obstante eso que te estoy pidiendo, quiero que conste en el acta que soy inocente y que no he tenido relaci\u00f3n con los funcionarios nacionales, provinciales o municipales que est\u00e1n siendo investigados en este mismo expediente. Adem\u00e1s, quiero que sepan todos ustedes que yo no conf\u00edo en esta Justicia y que el se\u00f1or juez que me quiere investigar tiene una fundaci\u00f3n que fue otorgada por el gobierno provincial en febrero de 2017 y eso a m\u00ed me genera mucha desconfianza y quiero que lo tengan presente\u201d.<\/p>\n<p>Seg\u00fan Paz, luego de ese momento en el que Sala acompa\u00f1\u00f3 sus dichos con un art\u00edculo period\u00edstico del diario local\u00a0<em>El Tribuno<\/em>\u00a0que relataba el nacimiento de la asociaci\u00f3n civil que preside el magistrado, el nerviosismo aument\u00f3 en la sala y culmin\u00f3 la audiencia.<\/p>\n<p>\u201cLa forma para presentar este incidente es por escrito, pero Milagro lo hizo hablando frente al juez, dos secretarios que lo acompa\u00f1aban, el fiscal de la causa, el fiscal anticorrupci\u00f3n, la fiscal\u00eda de Estado provincial y cuatro abogados defensores de los otros imputados\u201d, narr\u00f3 el abogado, y a\u00f1adi\u00f3 que \u201cahora el juez dijo que quiere resolver primero la recusaci\u00f3n y que despu\u00e9s se ver\u00e1 el tema de la ampliaci\u00f3n de la indagatoria cuando tengamos acceso a toda la prueba\u201d.<\/p>\n<p>La dirigente social, que est\u00e1 privada de su libertad desde hace m\u00e1s de dos a\u00f1os, est\u00e1 imputada junto con el exgobernador Fellner, intendentes juje\u00f1os y exfuncionarios nacionales por un supuesto desv\u00edo de fondos destinados a la construcci\u00f3n de viviendas sociales. \u201cLa causa es por la creaci\u00f3n por parte de Fellner de la Unidad Ejecutora Provincial, que era un organismo creado para establecer la relaci\u00f3n entre Naci\u00f3n, la provincial y los municipios a la hora de operativizar los programas de construcci\u00f3n de viviendas sociales\u201d, explic\u00f3 Paz, y agreg\u00f3: \u201c\u00bfQu\u00e9 se le endilga a Fellner? Utilizar sus facultades constitucionales de creaci\u00f3n de un organismo. Y a Milagro le endilgan la administraci\u00f3n infiel de fondos, cuando ella nunca administr\u00f3 los fondos de nadie\u201d.<\/p>\n<p>En este sentido, manifest\u00f3 que \u201cen general el funcionamiento de la Justicia en Jujuy es escandaloso\u201d, aunque consider\u00f3 que en este caso se hicieron particularmente notorias \u201clas miserias del Poder Judicial de la provincia\u201d.<\/p>\n<p>\u201cLa semana pasada, en la audiencia de Fellner se pelearon el juez y los fiscales, terminaron echando del Ministerio de acusaci\u00f3n a la fiscal Liliana Montiel y el juez dice que es por \u2018desconocimiento del derecho\u2019. Hay un quilombo enorme entre los jueces que investigan y los fiscales que investigan\u201d, afirm\u00f3 el abogado de Milagro Sala, y sostuvo que \u201cesto tiene una gravedad institucional tremenda, porque las defensas y los imputados estamos siendo observadores de una tremenda pelea en el Poder Judicial mientras no hay nada para acusar a esta gente\u201d.<\/p>\n<p>\u201cMilagro concita atenci\u00f3n, pero detener a un exgobernador que estuvo ajustado a derecho desde hace dos a\u00f1os y que nunca dijeron que corr\u00eda riesgo el proceso con \u00e9l libre es lo que destap\u00f3 todo este esc\u00e1ndalo donde el fiscal general aprieta a los jueces por la prensa y los jueces contestan por la prensa\u201d, dijo Paz, y enfatiz\u00f3: \u201cGeneraron un puter\u00edo en el Poder Judicial que terminan pagando los imputados\u201d.<\/p>\n<p>La causa, que seguir\u00e1 siendo instruida por Isidoro Cruz hasta que se resuelva la recusaci\u00f3n, fue iniciada a fines de 2016, pero se demor\u00f3 por distintas presentaciones y recursos que realizaron las defensas. Desde hace dos meses se retom\u00f3 el expediente y el punto m\u00e1s alto que alcanz\u00f3 fue cuando el propio Cruz orden\u00f3 la detenci\u00f3n de Eduardo Fellner, que fue liberado treintais\u00e9is horas despu\u00e9s. Mientras se preparaba para indagar al exgobernador se produjo la pelea del juez con los fiscales, audiencia de la que se retiraron los encargados de la parte acusatoria por discrepancias con el magistrado.<\/p>\n<p>Sobre este punto, Paz concluy\u00f3: \u201cNo estamos yendo a ning\u00fan lado, no hay fecha de juicio, no hay nada. Los tipos est\u00e1n en medio de una guerra, y los \u00fanicos perjudicados por este esc\u00e1ndalo son los imputados\u201d.<\/p>\n","protected":false},"excerpt":{"rendered":"<p>El abogado de Milagro Sala en la denominada \u201cmegacausa\u201d juje\u00f1a, donde est\u00e1n imputados el exgobernador de la provincia y una veintena de exfuncionarios, dialog\u00f3 con Contexto luego de la suspensi\u00f3n de la audiencia indagatoria en la que la dirigente social&hellip;<\/p>\n","protected":false},"author":87,"featured_media":631050,"comment_status":"closed","ping_status":"closed","sticky":false,"template":"","format":"standard","meta":{"footnotes":""},"categories":[79,155,74,67],"tags":[26,12416,19264,7399,28506,1266,3411,1096],"class_list":["post-631031","post","type-post","status-publish","format-standard","has-post-thumbnail","hentry","category-derechos-humanos","category-entrevistas","category-politica-es","category-sudamerica","tag-argentina","tag-criminalizacion-de-la-protesta","tag-gerardo-morales","tag-jujuy","tag-libertad-a-milagro-sala","tag-milagro-sala","tag-presos-politicos","tag-tupac-amaru"],"yoast_head":"<!-- This site is optimized with the Yoast SEO plugin v27.1.1 - https:\/\/yoast.com\/product\/yoast-seo-wordpress\/ -->\n<title>Luis Paz: \u201cEl funcionamiento de la Justicia en Jujuy es escandaloso\u201d<\/title>\n<meta name=\"description\" content=\"El abogado de Milagro Sala en la denominada \u201cmegacausa\u201d juje\u00f1a, donde est\u00e1n imputados el exgobernador de la provincia y una veintena de exfuncionarios,\" \/>\n<meta name=\"robots\" content=\"index, follow, max-snippet:-1, max-image-preview:large, max-video-preview:-1\" \/>\n<link rel=\"canonical\" href=\"https:\/\/www.pressenza.com\/es\/2018\/04\/luis-paz-funcionamiento-la-justicia-jujuy-escandaloso\/\" \/>\n<meta property=\"og:locale\" content=\"es_ES\" \/>\n<meta property=\"og:type\" content=\"article\" \/>\n<meta property=\"og:title\" content=\"Luis Paz: \u201cEl funcionamiento de la Justicia en Jujuy es escandaloso\u201d\" \/>\n<meta property=\"og:description\" content=\"El abogado de Milagro Sala en la denominada \u201cmegacausa\u201d juje\u00f1a, donde est\u00e1n imputados el exgobernador de la provincia y una veintena de exfuncionarios,\" \/>\n<meta property=\"og:url\" content=\"https:\/\/www.pressenza.com\/es\/2018\/04\/luis-paz-funcionamiento-la-justicia-jujuy-escandaloso\/\" \/>\n<meta property=\"og:site_name\" content=\"Pressenza\" \/>\n<meta property=\"article:publisher\" content=\"https:\/\/www.facebook.com\/PressenzaItalia\" \/>\n<meta property=\"article:published_time\" content=\"2018-04-25T14:32:38+00:00\" \/>\n<meta property=\"og:image\" content=\"https:\/\/www.pressenza.com\/wp-content\/uploads\/2018\/04\/Luis-PazContexto.jpg\" \/>\n\t<meta property=\"og:image:width\" content=\"2048\" \/>\n\t<meta property=\"og:image:height\" content=\"1360\" \/>\n\t<meta property=\"og:image:type\" content=\"image\/jpeg\" \/>\n<meta name=\"author\" content=\"Redacci\u00f3n Argentina\" \/>\n<meta name=\"twitter:card\" content=\"summary_large_image\" \/>\n<meta name=\"twitter:creator\" content=\"@pressenza\" \/>\n<meta name=\"twitter:site\" content=\"@PressenzaIPA\" \/>\n<meta name=\"twitter:label1\" content=\"Escrito por\" \/>\n\t<meta name=\"twitter:data1\" content=\"Redacci\u00f3n Argentina\" \/>\n\t<meta name=\"twitter:label2\" content=\"Tiempo de lectura\" \/>\n\t<meta name=\"twitter:data2\" content=\"5 minutos\" \/>\n<script type=\"application\/ld+json\" class=\"yoast-schema-graph\">{\"@context\":\"https:\/\/schema.org\",\"@graph\":[{\"@type\":\"Article\",\"@id\":\"https:\/\/www.pressenza.com\/es\/2018\/04\/luis-paz-funcionamiento-la-justicia-jujuy-escandaloso\/#article\",\"isPartOf\":{\"@id\":\"https:\/\/www.pressenza.com\/es\/2018\/04\/luis-paz-funcionamiento-la-justicia-jujuy-escandaloso\/\"},\"author\":{\"name\":\"Redacci\u00f3n Argentina\",\"@id\":\"https:\/\/www.pressenza.com\/es\/#\/schema\/person\/0dda7d1b68267ad95b1e1d83abc98c89\"},\"headline\":\"Luis Paz: \u201cEl funcionamiento de la Justicia en Jujuy es escandaloso\u201d\",\"datePublished\":\"2018-04-25T14:32:38+00:00\",\"mainEntityOfPage\":{\"@id\":\"https:\/\/www.pressenza.com\/es\/2018\/04\/luis-paz-funcionamiento-la-justicia-jujuy-escandaloso\/\"},\"wordCount\":947,\"publisher\":{\"@id\":\"https:\/\/www.pressenza.com\/es\/#organization\"},\"image\":{\"@id\":\"https:\/\/www.pressenza.com\/es\/2018\/04\/luis-paz-funcionamiento-la-justicia-jujuy-escandaloso\/#primaryimage\"},\"thumbnailUrl\":\"https:\/\/www.pressenza.com\/wp-content\/uploads\/2018\/04\/Luis-PazContexto.jpg\",\"keywords\":[\"Argentina\",\"Criminalizaci\u00f3n de la protesta\",\"Gerardo Morales\",\"Jujuy\",\"Libertad a Milagro Sala\",\"Milagro Sala\",\"presos pol\u00edticos\",\"Tupac Amaru\"],\"articleSection\":[\"Derechos Humanos\",\"Entrevistas\",\"Pol\u00edtica\",\"Sudam\u00e9rica\"],\"inLanguage\":\"es\"},{\"@type\":\"WebPage\",\"@id\":\"https:\/\/www.pressenza.com\/es\/2018\/04\/luis-paz-funcionamiento-la-justicia-jujuy-escandaloso\/\",\"url\":\"https:\/\/www.pressenza.com\/es\/2018\/04\/luis-paz-funcionamiento-la-justicia-jujuy-escandaloso\/\",\"name\":\"Luis Paz: \u201cEl funcionamiento de la Justicia en Jujuy es escandaloso\u201d\",\"isPartOf\":{\"@id\":\"https:\/\/www.pressenza.com\/es\/#website\"},\"primaryImageOfPage\":{\"@id\":\"https:\/\/www.pressenza.com\/es\/2018\/04\/luis-paz-funcionamiento-la-justicia-jujuy-escandaloso\/#primaryimage\"},\"image\":{\"@id\":\"https:\/\/www.pressenza.com\/es\/2018\/04\/luis-paz-funcionamiento-la-justicia-jujuy-escandaloso\/#primaryimage\"},\"thumbnailUrl\":\"https:\/\/www.pressenza.com\/wp-content\/uploads\/2018\/04\/Luis-PazContexto.jpg\",\"datePublished\":\"2018-04-25T14:32:38+00:00\",\"description\":\"El abogado de Milagro Sala en la denominada \u201cmegacausa\u201d juje\u00f1a, donde est\u00e1n imputados el exgobernador de la provincia y una veintena de exfuncionarios,\",\"breadcrumb\":{\"@id\":\"https:\/\/www.pressenza.com\/es\/2018\/04\/luis-paz-funcionamiento-la-justicia-jujuy-escandaloso\/#breadcrumb\"},\"inLanguage\":\"es\",\"potentialAction\":[{\"@type\":\"ReadAction\",\"target\":[\"https:\/\/www.pressenza.com\/es\/2018\/04\/luis-paz-funcionamiento-la-justicia-jujuy-escandaloso\/\"]}]},{\"@type\":\"ImageObject\",\"inLanguage\":\"es\",\"@id\":\"https:\/\/www.pressenza.com\/es\/2018\/04\/luis-paz-funcionamiento-la-justicia-jujuy-escandaloso\/#primaryimage\",\"url\":\"https:\/\/www.pressenza.com\/wp-content\/uploads\/2018\/04\/Luis-PazContexto.jpg\",\"contentUrl\":\"https:\/\/www.pressenza.com\/wp-content\/uploads\/2018\/04\/Luis-PazContexto.jpg\",\"width\":2048,\"height\":1360},{\"@type\":\"BreadcrumbList\",\"@id\":\"https:\/\/www.pressenza.com\/es\/2018\/04\/luis-paz-funcionamiento-la-justicia-jujuy-escandaloso\/#breadcrumb\",\"itemListElement\":[{\"@type\":\"ListItem\",\"position\":1,\"name\":\"Accueil\",\"item\":\"https:\/\/www.pressenza.com\/es\/\"},{\"@type\":\"ListItem\",\"position\":2,\"name\":\"Luis Paz: \u201cEl funcionamiento de la Justicia en Jujuy es escandaloso\u201d\"}]},{\"@type\":\"WebSite\",\"@id\":\"https:\/\/www.pressenza.com\/es\/#website\",\"url\":\"https:\/\/www.pressenza.com\/es\/\",\"name\":\"Pressenza\",\"description\":\"International Press Agency\",\"publisher\":{\"@id\":\"https:\/\/www.pressenza.com\/es\/#organization\"},\"potentialAction\":[{\"@type\":\"SearchAction\",\"target\":{\"@type\":\"EntryPoint\",\"urlTemplate\":\"https:\/\/www.pressenza.com\/es\/?s={search_term_string}\"},\"query-input\":{\"@type\":\"PropertyValueSpecification\",\"valueRequired\":true,\"valueName\":\"search_term_string\"}}],\"inLanguage\":\"es\"},{\"@type\":\"Organization\",\"@id\":\"https:\/\/www.pressenza.com\/es\/#organization\",\"name\":\"Pressenza\",\"url\":\"https:\/\/www.pressenza.com\/es\/\",\"logo\":{\"@type\":\"ImageObject\",\"inLanguage\":\"es\",\"@id\":\"https:\/\/www.pressenza.com\/es\/#\/schema\/logo\/image\/\",\"url\":\"https:\/\/www.pressenza.com\/wp-content\/uploads\/2022\/10\/pressenza_logo_200x200.jpg\",\"contentUrl\":\"https:\/\/www.pressenza.com\/wp-content\/uploads\/2022\/10\/pressenza_logo_200x200.jpg\",\"width\":200,\"height\":200,\"caption\":\"Pressenza\"},\"image\":{\"@id\":\"https:\/\/www.pressenza.com\/es\/#\/schema\/logo\/image\/\"},\"sameAs\":[\"https:\/\/www.facebook.com\/PressenzaItalia\",\"https:\/\/x.com\/PressenzaIPA\"]},{\"@type\":\"Person\",\"@id\":\"https:\/\/www.pressenza.com\/es\/#\/schema\/person\/0dda7d1b68267ad95b1e1d83abc98c89\",\"name\":\"Redacci\u00f3n Argentina\",\"description\":\"News from the Pressenza Bureau in Argentina.\",\"sameAs\":[\"https:\/\/x.com\/pressenza\"],\"url\":\"https:\/\/www.pressenza.com\/es\/author\/redaccion-argentina\/\"}]}<\/script>\n<!-- \/ Yoast SEO plugin. -->","yoast_head_json":{"title":"Luis Paz: \u201cEl funcionamiento de la Justicia en Jujuy es escandaloso\u201d","description":"El abogado de Milagro Sala en la denominada \u201cmegacausa\u201d juje\u00f1a, donde est\u00e1n imputados el exgobernador de la provincia y una veintena de exfuncionarios,","robots":{"index":"index","follow":"follow","max-snippet":"max-snippet:-1","max-image-preview":"max-image-preview:large","max-video-preview":"max-video-preview:-1"},"canonical":"https:\/\/www.pressenza.com\/es\/2018\/04\/luis-paz-funcionamiento-la-justicia-jujuy-escandaloso\/","og_locale":"es_ES","og_type":"article","og_title":"Luis Paz: \u201cEl funcionamiento de la Justicia en Jujuy es escandaloso\u201d","og_description":"El abogado de Milagro Sala en la denominada \u201cmegacausa\u201d juje\u00f1a, donde est\u00e1n imputados el exgobernador de la provincia y una veintena de exfuncionarios,","og_url":"https:\/\/www.pressenza.com\/es\/2018\/04\/luis-paz-funcionamiento-la-justicia-jujuy-escandaloso\/","og_site_name":"Pressenza","article_publisher":"https:\/\/www.facebook.com\/PressenzaItalia","article_published_time":"2018-04-25T14:32:38+00:00","og_image":[{"width":2048,"height":1360,"url":"https:\/\/www.pressenza.com\/wp-content\/uploads\/2018\/04\/Luis-PazContexto.jpg","type":"image\/jpeg"}],"author":"Redacci\u00f3n Argentina","twitter_card":"summary_large_image","twitter_creator":"@pressenza","twitter_site":"@PressenzaIPA","twitter_misc":{"Escrito por":"Redacci\u00f3n Argentina","Tiempo de lectura":"5 minutos"},"schema":{"@context":"https:\/\/schema.org","@graph":[{"@type":"Article","@id":"https:\/\/www.pressenza.com\/es\/2018\/04\/luis-paz-funcionamiento-la-justicia-jujuy-escandaloso\/#article","isPartOf":{"@id":"https:\/\/www.pressenza.com\/es\/2018\/04\/luis-paz-funcionamiento-la-justicia-jujuy-escandaloso\/"},"author":{"name":"Redacci\u00f3n Argentina","@id":"https:\/\/www.pressenza.com\/es\/#\/schema\/person\/0dda7d1b68267ad95b1e1d83abc98c89"},"headline":"Luis Paz: \u201cEl funcionamiento de la Justicia en Jujuy es escandaloso\u201d","datePublished":"2018-04-25T14:32:38+00:00","mainEntityOfPage":{"@id":"https:\/\/www.pressenza.com\/es\/2018\/04\/luis-paz-funcionamiento-la-justicia-jujuy-escandaloso\/"},"wordCount":947,"publisher":{"@id":"https:\/\/www.pressenza.com\/es\/#organization"},"image":{"@id":"https:\/\/www.pressenza.com\/es\/2018\/04\/luis-paz-funcionamiento-la-justicia-jujuy-escandaloso\/#primaryimage"},"thumbnailUrl":"https:\/\/www.pressenza.com\/wp-content\/uploads\/2018\/04\/Luis-PazContexto.jpg","keywords":["Argentina","Criminalizaci\u00f3n de la protesta","Gerardo Morales","Jujuy","Libertad a Milagro Sala","Milagro Sala","presos pol\u00edticos","Tupac Amaru"],"articleSection":["Derechos Humanos","Entrevistas","Pol\u00edtica","Sudam\u00e9rica"],"inLanguage":"es"},{"@type":"WebPage","@id":"https:\/\/www.pressenza.com\/es\/2018\/04\/luis-paz-funcionamiento-la-justicia-jujuy-escandaloso\/","url":"https:\/\/www.pressenza.com\/es\/2018\/04\/luis-paz-funcionamiento-la-justicia-jujuy-escandaloso\/","name":"Luis Paz: \u201cEl funcionamiento de la Justicia en Jujuy es escandaloso\u201d","isPartOf":{"@id":"https:\/\/www.pressenza.com\/es\/#website"},"primaryImageOfPage":{"@id":"https:\/\/www.pressenza.com\/es\/2018\/04\/luis-paz-funcionamiento-la-justicia-jujuy-escandaloso\/#primaryimage"},"image":{"@id":"https:\/\/www.pressenza.com\/es\/2018\/04\/luis-paz-funcionamiento-la-justicia-jujuy-escandaloso\/#primaryimage"},"thumbnailUrl":"https:\/\/www.pressenza.com\/wp-content\/uploads\/2018\/04\/Luis-PazContexto.jpg","datePublished":"2018-04-25T14:32:38+00:00","description":"El abogado de Milagro Sala en la denominada \u201cmegacausa\u201d juje\u00f1a, donde est\u00e1n imputados el exgobernador de la provincia y una veintena de exfuncionarios,","breadcrumb":{"@id":"https:\/\/www.pressenza.com\/es\/2018\/04\/luis-paz-funcionamiento-la-justicia-jujuy-escandaloso\/#breadcrumb"},"inLanguage":"es","potentialAction":[{"@type":"ReadAction","target":["https:\/\/www.pressenza.com\/es\/2018\/04\/luis-paz-funcionamiento-la-justicia-jujuy-escandaloso\/"]}]},{"@type":"ImageObject","inLanguage":"es","@id":"https:\/\/www.pressenza.com\/es\/2018\/04\/luis-paz-funcionamiento-la-justicia-jujuy-escandaloso\/#primaryimage","url":"https:\/\/www.pressenza.com\/wp-content\/uploads\/2018\/04\/Luis-PazContexto.jpg","contentUrl":"https:\/\/www.pressenza.com\/wp-content\/uploads\/2018\/04\/Luis-PazContexto.jpg","width":2048,"height":1360},{"@type":"BreadcrumbList","@id":"https:\/\/www.pressenza.com\/es\/2018\/04\/luis-paz-funcionamiento-la-justicia-jujuy-escandaloso\/#breadcrumb","itemListElement":[{"@type":"ListItem","position":1,"name":"Accueil","item":"https:\/\/www.pressenza.com\/es\/"},{"@type":"ListItem","position":2,"name":"Luis Paz: \u201cEl funcionamiento de la Justicia en Jujuy es escandaloso\u201d"}]},{"@type":"WebSite","@id":"https:\/\/www.pressenza.com\/es\/#website","url":"https:\/\/www.pressenza.com\/es\/","name":"Pressenza","description":"International Press Agency","publisher":{"@id":"https:\/\/www.pressenza.com\/es\/#organization"},"potentialAction":[{"@type":"SearchAction","target":{"@type":"EntryPoint","urlTemplate":"https:\/\/www.pressenza.com\/es\/?s={search_term_string}"},"query-input":{"@type":"PropertyValueSpecification","valueRequired":true,"valueName":"search_term_string"}}],"inLanguage":"es"},{"@type":"Organization","@id":"https:\/\/www.pressenza.com\/es\/#organization","name":"Pressenza","url":"https:\/\/www.pressenza.com\/es\/","logo":{"@type":"ImageObject","inLanguage":"es","@id":"https:\/\/www.pressenza.com\/es\/#\/schema\/logo\/image\/","url":"https:\/\/www.pressenza.com\/wp-content\/uploads\/2022\/10\/pressenza_logo_200x200.jpg","contentUrl":"https:\/\/www.pressenza.com\/wp-content\/uploads\/2022\/10\/pressenza_logo_200x200.jpg","width":200,"height":200,"caption":"Pressenza"},"image":{"@id":"https:\/\/www.pressenza.com\/es\/#\/schema\/logo\/image\/"},"sameAs":["https:\/\/www.facebook.com\/PressenzaItalia","https:\/\/x.com\/PressenzaIPA"]},{"@type":"Person","@id":"https:\/\/www.pressenza.com\/es\/#\/schema\/person\/0dda7d1b68267ad95b1e1d83abc98c89","name":"Redacci\u00f3n Argentina","description":"News from the Pressenza Bureau in Argentina.","sameAs":["https:\/\/x.com\/pressenza"],"url":"https:\/\/www.pressenza.com\/es\/author\/redaccion-argentina\/"}]}},"place":"Diario Contexto","original_article_url":"http:\/\/www.diariocontexto.com.ar\/2018\/04\/24\/luis-paz-el-funcionamiento-de-la-justicia-en-jujuy-es-escandaloso\/","_links":{"self":[{"href":"https:\/\/www.pressenza.com\/es\/wp-json\/wp\/v2\/posts\/631031","targetHints":{"allow":["GET"]}}],"collection":[{"href":"https:\/\/www.pressenza.com\/es\/wp-json\/wp\/v2\/posts"}],"about":[{"href":"https:\/\/www.pressenza.com\/es\/wp-json\/wp\/v2\/types\/post"}],"author":[{"embeddable":true,"href":"https:\/\/www.pressenza.com\/es\/wp-json\/wp\/v2\/users\/87"}],"replies":[{"embeddable":true,"href":"https:\/\/www.pressenza.com\/es\/wp-json\/wp\/v2\/comments?post=631031"}],"version-history":[{"count":0,"href":"https:\/\/www.pressenza.com\/es\/wp-json\/wp\/v2\/posts\/631031\/revisions"}],"wp:featuredmedia":[{"embeddable":true,"href":"https:\/\/www.pressenza.com\/es\/wp-json\/wp\/v2\/media\/631050"}],"wp:attachment":[{"href":"https:\/\/www.pressenza.com\/es\/wp-json\/wp\/v2\/media?parent=631031"}],"wp:term":[{"taxonomy":"category","embeddable":true,"href":"https:\/\/www.pressenza.com\/es\/wp-json\/wp\/v2\/categories?post=631031"},{"taxonomy":"post_tag","embeddable":true,"href":"https:\/\/www.pressenza.com\/es\/wp-json\/wp\/v2\/tags?post=631031"}],"curies":[{"name":"wp","href":"https:\/\/api.w.org\/{rel}","templated":true}]}}