{"id":63037,"date":"2013-07-30T16:51:34","date_gmt":"2013-07-30T15:51:34","guid":{"rendered":"http:\/\/www.pressenza.com\/?p=63037"},"modified":"2013-07-30T20:07:13","modified_gmt":"2013-07-30T19:07:13","slug":"indigenas-demandan-mayor-inclusion-en-el-alba","status":"publish","type":"post","link":"https:\/\/www.pressenza.com\/es\/2013\/07\/indigenas-demandan-mayor-inclusion-en-el-alba\/","title":{"rendered":"Ind\u00edgenas demandan mayor inclusi\u00f3n en el ALBA"},"content":{"rendered":"<div><em>Fuente: ALAI<\/em><\/div>\n<div><\/div>\n<div>La unidad de los pueblos en el espacio de la Alternativa Bolivariana de los Pueblos de Nuestra Am\u00e9rica (ALBA),\u00a0recuperar y defender la salud ancestral y la educaci\u00f3n intercultural, impulsar\u00a0la soberan\u00eda alimentaria y la participaci\u00f3n directa en los procesos revolucionarios para hacer los cambios desde los movimientos sociales, y profundizar la lucha contra el racismo, son algunos de los planteamientos\u00a0que\u00a0los pueblos originarios plantear\u00e1n en la Cumbre de Movimientos Sociales del ALBA que se re\u00fane este 29 y 30 de julio en Guayaquil.<\/div>\n<div><\/div>\n<div>Representantes sociales de Ecuador, Bolivia y Nicaragua se reunieron en un taller que se llev\u00f3 a cabo en la Escuela Polit\u00e9cnica del Litoral, donde abordaron diferentes aspectos que afectan a los pueblos ind\u00edgenas.<\/div>\n<div><\/div>\n<div>Los representantes ind\u00edgenas de Bolivia plantearon la necesidad de avanzar en la erradicaci\u00f3n de la pobreza extrema, consolidar la soberan\u00eda productiva, cient\u00edfica y tecnol\u00f3gica y dar pasos certeros para la integraci\u00f3n entre los pueblos sin sometimiento al imperialismo.<\/div>\n<div><\/div>\n<div>En respuesta a la preocupaci\u00f3n manifestada en el\u00a0taller en el sentido de que muchos pueblos originarios corren el peligro de extinguirse e incluso desaparecer, los l\u00edderes bolivianos destacaron que, \u00a0durante el gobierno de Evo Morales, las 36 nacionalidades que existen en el pa\u00eds se han fortalecido con los programas de educaci\u00f3n, salud y participaci\u00f3n en las distintas instancias del gobierno.<\/div>\n<div><\/div>\n<div>Desde Ecuador se aborda el tema del cambio de la matriz productiva, destacando que ello implica el impulso de la salud y de la educaci\u00f3n; el dilema, en este caso, es atraer el capital transnacional o apoyar al sector de la econom\u00eda popular, fortaleciendo a las peque\u00f1as unidades de producci\u00f3n.<\/div>\n<div><\/div>\n<div>Tambi\u00e9n se puso \u00e9nfasis en la necesidad de que el ALBA tenga una pol\u00edtica de visibilizaci\u00f3n e inclusi\u00f3n de los pueblos ind\u00edgenas, los cuales deben participar\u00a0con sus propias cosmovisiones y puntos de vista.<\/div>\n<div><\/div>\n<div>Uno de los puntos en que insisten los pueblos ind\u00edgenas es el referente al fomento de la alimentaci\u00f3n tradicional, basada en alimentos sanos, producidos con m\u00e9todos org\u00e1nicos, libres de agro-t\u00f3xicos y pesticidas;\u00a0para ello, se\u00f1alaron, se requieren pol\u00edticas de Estado para\u00a0apoyar la\u00a0agroecolog\u00eda, la sabidur\u00eda ancestral e impulsar campa\u00f1as \u00a0que tengan como eje \u201cla alimentaci\u00f3n sana para el buen vivir\u201d.<\/div>\n<div><\/div>\n<div>Tambi\u00e9n se puso \u00e9nfasis en la necesidad de que el ALBA tenga una pol\u00edtica de visibilizaci\u00f3n e inclusi\u00f3n de los pueblos ind\u00edgenas, los cuales deben participar\u00a0con sus propias cosmovisiones y puntos de vista.<\/div>\n<div><\/div>\n<div>Frente a la situaci\u00f3n de emergencia que vivi\u00f3 el presidente boliviano Evo Morales el pasado 2 de julio, fecha en que su avi\u00f3n fue impedido de sobrevolar por Francia, Espa\u00f1a, Italia y Portugal, en circunstancias en que pretend\u00eda retornar de Mosc\u00fa a La Paz, los sectores ind\u00edgenas mostraron su solidaridad con el mandatario\u00a0y sugirieron que la Asamblea de Movimientos Sociales se pronuncie en este mismo sentido.<\/div>\n<div><\/div>\n<div>La Cumbre\u00a0de Movimientos Sociales del ALBA, que cuenta con la participaci\u00f3n de mas 200 delegados\/as de Ecuador, Nicaragua, Bolivia, Cuba y de otros pa\u00edses, redactar\u00e1 una declaraci\u00f3n final que ser\u00e1 entregada\u00a0a los presidentes del ALBA que se re\u00fanen el 30 de julio en Guayaquil, tras realizar una gran marcha unitaria.<\/div>\n<p>http:\/\/alainet.org\/active\/66046<\/p>\n","protected":false},"excerpt":{"rendered":"<p>Fuente: ALAI La unidad de los pueblos en el espacio de la Alternativa Bolivariana de los Pueblos de Nuestra Am\u00e9rica (ALBA),\u00a0recuperar y defender la salud ancestral y la educaci\u00f3n intercultural, impulsar\u00a0la soberan\u00eda alimentaria y la participaci\u00f3n directa en los procesos&hellip;<\/p>\n","protected":false},"author":1011,"featured_media":63079,"comment_status":"closed","ping_status":"open","sticky":false,"template":"","format":"standard","meta":{"footnotes":""},"categories":[76,74,80,67],"tags":[],"class_list":["post-63037","post","type-post","status-publish","format-standard","has-post-thumbnail","hentry","category-relaciones-exteriores","category-politica-es","category-pueblos-originarios","category-sudamerica"],"yoast_head":"<!-- This site is optimized with the Yoast SEO plugin v27.1.1 - https:\/\/yoast.com\/product\/yoast-seo-wordpress\/ -->\n<title>Ind\u00edgenas demandan mayor inclusi\u00f3n en el ALBA<\/title>\n<meta name=\"description\" content=\"Fuente: ALAI La unidad de los pueblos en el espacio de la Alternativa Bolivariana de los Pueblos de Nuestra Am\u00e9rica (ALBA),\u00a0recuperar y defender la salud\" \/>\n<meta name=\"robots\" content=\"index, follow, max-snippet:-1, max-image-preview:large, max-video-preview:-1\" \/>\n<link rel=\"canonical\" href=\"https:\/\/www.pressenza.com\/es\/2013\/07\/indigenas-demandan-mayor-inclusion-en-el-alba\/\" \/>\n<meta property=\"og:locale\" content=\"es_ES\" \/>\n<meta property=\"og:type\" content=\"article\" \/>\n<meta property=\"og:title\" content=\"Ind\u00edgenas demandan mayor inclusi\u00f3n en el ALBA\" \/>\n<meta property=\"og:description\" content=\"Fuente: ALAI La unidad de los pueblos en el espacio de la Alternativa Bolivariana de los Pueblos de Nuestra Am\u00e9rica (ALBA),\u00a0recuperar y defender la salud\" \/>\n<meta property=\"og:url\" content=\"https:\/\/www.pressenza.com\/es\/2013\/07\/indigenas-demandan-mayor-inclusion-en-el-alba\/\" \/>\n<meta property=\"og:site_name\" content=\"Pressenza\" \/>\n<meta property=\"article:publisher\" content=\"https:\/\/www.facebook.com\/PressenzaItalia\" \/>\n<meta property=\"article:published_time\" content=\"2013-07-30T15:51:34+00:00\" \/>\n<meta property=\"article:modified_time\" content=\"2013-07-30T19:07:13+00:00\" \/>\n<meta property=\"og:image\" content=\"https:\/\/www.pressenza.com\/wp-content\/uploads\/2013\/07\/\u00edndigenas-latinoamericanos.jpg\" \/>\n\t<meta property=\"og:image:width\" content=\"660\" \/>\n\t<meta property=\"og:image:height\" content=\"330\" \/>\n\t<meta property=\"og:image:type\" content=\"image\/jpeg\" \/>\n<meta name=\"author\" content=\"Redacci\u00f3n Ecuador\" \/>\n<meta name=\"twitter:card\" content=\"summary_large_image\" \/>\n<meta name=\"twitter:creator\" content=\"@PressenzaIPA\" \/>\n<meta name=\"twitter:site\" content=\"@PressenzaIPA\" \/>\n<meta name=\"twitter:label1\" content=\"Escrito por\" \/>\n\t<meta name=\"twitter:data1\" content=\"Redacci\u00f3n Ecuador\" \/>\n\t<meta name=\"twitter:label2\" content=\"Tiempo de lectura\" \/>\n\t<meta name=\"twitter:data2\" content=\"3 minutos\" \/>\n<script type=\"application\/ld+json\" class=\"yoast-schema-graph\">{\"@context\":\"https:\/\/schema.org\",\"@graph\":[{\"@type\":\"Article\",\"@id\":\"https:\/\/www.pressenza.com\/es\/2013\/07\/indigenas-demandan-mayor-inclusion-en-el-alba\/#article\",\"isPartOf\":{\"@id\":\"https:\/\/www.pressenza.com\/es\/2013\/07\/indigenas-demandan-mayor-inclusion-en-el-alba\/\"},\"author\":{\"name\":\"Redacci\u00f3n Ecuador\",\"@id\":\"https:\/\/www.pressenza.com\/es\/#\/schema\/person\/883a735c40665759bcc6fe0c26bcb46f\"},\"headline\":\"Ind\u00edgenas demandan mayor inclusi\u00f3n en el ALBA\",\"datePublished\":\"2013-07-30T15:51:34+00:00\",\"dateModified\":\"2013-07-30T19:07:13+00:00\",\"mainEntityOfPage\":{\"@id\":\"https:\/\/www.pressenza.com\/es\/2013\/07\/indigenas-demandan-mayor-inclusion-en-el-alba\/\"},\"wordCount\":578,\"publisher\":{\"@id\":\"https:\/\/www.pressenza.com\/es\/#organization\"},\"image\":{\"@id\":\"https:\/\/www.pressenza.com\/es\/2013\/07\/indigenas-demandan-mayor-inclusion-en-el-alba\/#primaryimage\"},\"thumbnailUrl\":\"https:\/\/www.pressenza.com\/wp-content\/uploads\/2013\/07\/\u00edndigenas-latinoamericanos.jpg\",\"articleSection\":[\"Asuntos internacionales\",\"Pol\u00edtica\",\"Pueblos Originarios\",\"Sudam\u00e9rica\"],\"inLanguage\":\"es\"},{\"@type\":\"WebPage\",\"@id\":\"https:\/\/www.pressenza.com\/es\/2013\/07\/indigenas-demandan-mayor-inclusion-en-el-alba\/\",\"url\":\"https:\/\/www.pressenza.com\/es\/2013\/07\/indigenas-demandan-mayor-inclusion-en-el-alba\/\",\"name\":\"Ind\u00edgenas demandan mayor inclusi\u00f3n en el ALBA\",\"isPartOf\":{\"@id\":\"https:\/\/www.pressenza.com\/es\/#website\"},\"primaryImageOfPage\":{\"@id\":\"https:\/\/www.pressenza.com\/es\/2013\/07\/indigenas-demandan-mayor-inclusion-en-el-alba\/#primaryimage\"},\"image\":{\"@id\":\"https:\/\/www.pressenza.com\/es\/2013\/07\/indigenas-demandan-mayor-inclusion-en-el-alba\/#primaryimage\"},\"thumbnailUrl\":\"https:\/\/www.pressenza.com\/wp-content\/uploads\/2013\/07\/\u00edndigenas-latinoamericanos.jpg\",\"datePublished\":\"2013-07-30T15:51:34+00:00\",\"dateModified\":\"2013-07-30T19:07:13+00:00\",\"description\":\"Fuente: ALAI La unidad de los pueblos en el espacio de la Alternativa Bolivariana de los Pueblos de Nuestra Am\u00e9rica (ALBA),\u00a0recuperar y defender la salud\",\"breadcrumb\":{\"@id\":\"https:\/\/www.pressenza.com\/es\/2013\/07\/indigenas-demandan-mayor-inclusion-en-el-alba\/#breadcrumb\"},\"inLanguage\":\"es\",\"potentialAction\":[{\"@type\":\"ReadAction\",\"target\":[\"https:\/\/www.pressenza.com\/es\/2013\/07\/indigenas-demandan-mayor-inclusion-en-el-alba\/\"]}]},{\"@type\":\"ImageObject\",\"inLanguage\":\"es\",\"@id\":\"https:\/\/www.pressenza.com\/es\/2013\/07\/indigenas-demandan-mayor-inclusion-en-el-alba\/#primaryimage\",\"url\":\"https:\/\/www.pressenza.com\/wp-content\/uploads\/2013\/07\/\u00edndigenas-latinoamericanos.jpg\",\"contentUrl\":\"https:\/\/www.pressenza.com\/wp-content\/uploads\/2013\/07\/\u00edndigenas-latinoamericanos.jpg\",\"width\":660,\"height\":330},{\"@type\":\"BreadcrumbList\",\"@id\":\"https:\/\/www.pressenza.com\/es\/2013\/07\/indigenas-demandan-mayor-inclusion-en-el-alba\/#breadcrumb\",\"itemListElement\":[{\"@type\":\"ListItem\",\"position\":1,\"name\":\"Accueil\",\"item\":\"https:\/\/www.pressenza.com\/es\/\"},{\"@type\":\"ListItem\",\"position\":2,\"name\":\"Ind\u00edgenas demandan mayor inclusi\u00f3n en el ALBA\"}]},{\"@type\":\"WebSite\",\"@id\":\"https:\/\/www.pressenza.com\/es\/#website\",\"url\":\"https:\/\/www.pressenza.com\/es\/\",\"name\":\"Pressenza\",\"description\":\"International Press Agency\",\"publisher\":{\"@id\":\"https:\/\/www.pressenza.com\/es\/#organization\"},\"potentialAction\":[{\"@type\":\"SearchAction\",\"target\":{\"@type\":\"EntryPoint\",\"urlTemplate\":\"https:\/\/www.pressenza.com\/es\/?s={search_term_string}\"},\"query-input\":{\"@type\":\"PropertyValueSpecification\",\"valueRequired\":true,\"valueName\":\"search_term_string\"}}],\"inLanguage\":\"es\"},{\"@type\":\"Organization\",\"@id\":\"https:\/\/www.pressenza.com\/es\/#organization\",\"name\":\"Pressenza\",\"url\":\"https:\/\/www.pressenza.com\/es\/\",\"logo\":{\"@type\":\"ImageObject\",\"inLanguage\":\"es\",\"@id\":\"https:\/\/www.pressenza.com\/es\/#\/schema\/logo\/image\/\",\"url\":\"https:\/\/www.pressenza.com\/wp-content\/uploads\/2022\/10\/pressenza_logo_200x200.jpg\",\"contentUrl\":\"https:\/\/www.pressenza.com\/wp-content\/uploads\/2022\/10\/pressenza_logo_200x200.jpg\",\"width\":200,\"height\":200,\"caption\":\"Pressenza\"},\"image\":{\"@id\":\"https:\/\/www.pressenza.com\/es\/#\/schema\/logo\/image\/\"},\"sameAs\":[\"https:\/\/www.facebook.com\/PressenzaItalia\",\"https:\/\/x.com\/PressenzaIPA\"]},{\"@type\":\"Person\",\"@id\":\"https:\/\/www.pressenza.com\/es\/#\/schema\/person\/883a735c40665759bcc6fe0c26bcb46f\",\"name\":\"Redacci\u00f3n Ecuador\",\"description\":\"News published by the Pressenza bureau in Quito, Ecuador\",\"url\":\"https:\/\/www.pressenza.com\/es\/author\/redaccion-ecuador\/\"}]}<\/script>\n<!-- \/ Yoast SEO plugin. -->","yoast_head_json":{"title":"Ind\u00edgenas demandan mayor inclusi\u00f3n en el ALBA","description":"Fuente: ALAI La unidad de los pueblos en el espacio de la Alternativa Bolivariana de los Pueblos de Nuestra Am\u00e9rica (ALBA),\u00a0recuperar y defender la salud","robots":{"index":"index","follow":"follow","max-snippet":"max-snippet:-1","max-image-preview":"max-image-preview:large","max-video-preview":"max-video-preview:-1"},"canonical":"https:\/\/www.pressenza.com\/es\/2013\/07\/indigenas-demandan-mayor-inclusion-en-el-alba\/","og_locale":"es_ES","og_type":"article","og_title":"Ind\u00edgenas demandan mayor inclusi\u00f3n en el ALBA","og_description":"Fuente: ALAI La unidad de los pueblos en el espacio de la Alternativa Bolivariana de los Pueblos de Nuestra Am\u00e9rica (ALBA),\u00a0recuperar y defender la salud","og_url":"https:\/\/www.pressenza.com\/es\/2013\/07\/indigenas-demandan-mayor-inclusion-en-el-alba\/","og_site_name":"Pressenza","article_publisher":"https:\/\/www.facebook.com\/PressenzaItalia","article_published_time":"2013-07-30T15:51:34+00:00","article_modified_time":"2013-07-30T19:07:13+00:00","og_image":[{"width":660,"height":330,"url":"https:\/\/www.pressenza.com\/wp-content\/uploads\/2013\/07\/\u00edndigenas-latinoamericanos.jpg","type":"image\/jpeg"}],"author":"Redacci\u00f3n Ecuador","twitter_card":"summary_large_image","twitter_creator":"@PressenzaIPA","twitter_site":"@PressenzaIPA","twitter_misc":{"Escrito por":"Redacci\u00f3n Ecuador","Tiempo de lectura":"3 minutos"},"schema":{"@context":"https:\/\/schema.org","@graph":[{"@type":"Article","@id":"https:\/\/www.pressenza.com\/es\/2013\/07\/indigenas-demandan-mayor-inclusion-en-el-alba\/#article","isPartOf":{"@id":"https:\/\/www.pressenza.com\/es\/2013\/07\/indigenas-demandan-mayor-inclusion-en-el-alba\/"},"author":{"name":"Redacci\u00f3n Ecuador","@id":"https:\/\/www.pressenza.com\/es\/#\/schema\/person\/883a735c40665759bcc6fe0c26bcb46f"},"headline":"Ind\u00edgenas demandan mayor inclusi\u00f3n en el ALBA","datePublished":"2013-07-30T15:51:34+00:00","dateModified":"2013-07-30T19:07:13+00:00","mainEntityOfPage":{"@id":"https:\/\/www.pressenza.com\/es\/2013\/07\/indigenas-demandan-mayor-inclusion-en-el-alba\/"},"wordCount":578,"publisher":{"@id":"https:\/\/www.pressenza.com\/es\/#organization"},"image":{"@id":"https:\/\/www.pressenza.com\/es\/2013\/07\/indigenas-demandan-mayor-inclusion-en-el-alba\/#primaryimage"},"thumbnailUrl":"https:\/\/www.pressenza.com\/wp-content\/uploads\/2013\/07\/\u00edndigenas-latinoamericanos.jpg","articleSection":["Asuntos internacionales","Pol\u00edtica","Pueblos Originarios","Sudam\u00e9rica"],"inLanguage":"es"},{"@type":"WebPage","@id":"https:\/\/www.pressenza.com\/es\/2013\/07\/indigenas-demandan-mayor-inclusion-en-el-alba\/","url":"https:\/\/www.pressenza.com\/es\/2013\/07\/indigenas-demandan-mayor-inclusion-en-el-alba\/","name":"Ind\u00edgenas demandan mayor inclusi\u00f3n en el ALBA","isPartOf":{"@id":"https:\/\/www.pressenza.com\/es\/#website"},"primaryImageOfPage":{"@id":"https:\/\/www.pressenza.com\/es\/2013\/07\/indigenas-demandan-mayor-inclusion-en-el-alba\/#primaryimage"},"image":{"@id":"https:\/\/www.pressenza.com\/es\/2013\/07\/indigenas-demandan-mayor-inclusion-en-el-alba\/#primaryimage"},"thumbnailUrl":"https:\/\/www.pressenza.com\/wp-content\/uploads\/2013\/07\/\u00edndigenas-latinoamericanos.jpg","datePublished":"2013-07-30T15:51:34+00:00","dateModified":"2013-07-30T19:07:13+00:00","description":"Fuente: ALAI La unidad de los pueblos en el espacio de la Alternativa Bolivariana de los Pueblos de Nuestra Am\u00e9rica (ALBA),\u00a0recuperar y defender la salud","breadcrumb":{"@id":"https:\/\/www.pressenza.com\/es\/2013\/07\/indigenas-demandan-mayor-inclusion-en-el-alba\/#breadcrumb"},"inLanguage":"es","potentialAction":[{"@type":"ReadAction","target":["https:\/\/www.pressenza.com\/es\/2013\/07\/indigenas-demandan-mayor-inclusion-en-el-alba\/"]}]},{"@type":"ImageObject","inLanguage":"es","@id":"https:\/\/www.pressenza.com\/es\/2013\/07\/indigenas-demandan-mayor-inclusion-en-el-alba\/#primaryimage","url":"https:\/\/www.pressenza.com\/wp-content\/uploads\/2013\/07\/\u00edndigenas-latinoamericanos.jpg","contentUrl":"https:\/\/www.pressenza.com\/wp-content\/uploads\/2013\/07\/\u00edndigenas-latinoamericanos.jpg","width":660,"height":330},{"@type":"BreadcrumbList","@id":"https:\/\/www.pressenza.com\/es\/2013\/07\/indigenas-demandan-mayor-inclusion-en-el-alba\/#breadcrumb","itemListElement":[{"@type":"ListItem","position":1,"name":"Accueil","item":"https:\/\/www.pressenza.com\/es\/"},{"@type":"ListItem","position":2,"name":"Ind\u00edgenas demandan mayor inclusi\u00f3n en el ALBA"}]},{"@type":"WebSite","@id":"https:\/\/www.pressenza.com\/es\/#website","url":"https:\/\/www.pressenza.com\/es\/","name":"Pressenza","description":"International Press Agency","publisher":{"@id":"https:\/\/www.pressenza.com\/es\/#organization"},"potentialAction":[{"@type":"SearchAction","target":{"@type":"EntryPoint","urlTemplate":"https:\/\/www.pressenza.com\/es\/?s={search_term_string}"},"query-input":{"@type":"PropertyValueSpecification","valueRequired":true,"valueName":"search_term_string"}}],"inLanguage":"es"},{"@type":"Organization","@id":"https:\/\/www.pressenza.com\/es\/#organization","name":"Pressenza","url":"https:\/\/www.pressenza.com\/es\/","logo":{"@type":"ImageObject","inLanguage":"es","@id":"https:\/\/www.pressenza.com\/es\/#\/schema\/logo\/image\/","url":"https:\/\/www.pressenza.com\/wp-content\/uploads\/2022\/10\/pressenza_logo_200x200.jpg","contentUrl":"https:\/\/www.pressenza.com\/wp-content\/uploads\/2022\/10\/pressenza_logo_200x200.jpg","width":200,"height":200,"caption":"Pressenza"},"image":{"@id":"https:\/\/www.pressenza.com\/es\/#\/schema\/logo\/image\/"},"sameAs":["https:\/\/www.facebook.com\/PressenzaItalia","https:\/\/x.com\/PressenzaIPA"]},{"@type":"Person","@id":"https:\/\/www.pressenza.com\/es\/#\/schema\/person\/883a735c40665759bcc6fe0c26bcb46f","name":"Redacci\u00f3n Ecuador","description":"News published by the Pressenza bureau in Quito, Ecuador","url":"https:\/\/www.pressenza.com\/es\/author\/redaccion-ecuador\/"}]}},"place":"","original_article_url":"","_links":{"self":[{"href":"https:\/\/www.pressenza.com\/es\/wp-json\/wp\/v2\/posts\/63037","targetHints":{"allow":["GET"]}}],"collection":[{"href":"https:\/\/www.pressenza.com\/es\/wp-json\/wp\/v2\/posts"}],"about":[{"href":"https:\/\/www.pressenza.com\/es\/wp-json\/wp\/v2\/types\/post"}],"author":[{"embeddable":true,"href":"https:\/\/www.pressenza.com\/es\/wp-json\/wp\/v2\/users\/1011"}],"replies":[{"embeddable":true,"href":"https:\/\/www.pressenza.com\/es\/wp-json\/wp\/v2\/comments?post=63037"}],"version-history":[{"count":0,"href":"https:\/\/www.pressenza.com\/es\/wp-json\/wp\/v2\/posts\/63037\/revisions"}],"wp:featuredmedia":[{"embeddable":true,"href":"https:\/\/www.pressenza.com\/es\/wp-json\/wp\/v2\/media\/63079"}],"wp:attachment":[{"href":"https:\/\/www.pressenza.com\/es\/wp-json\/wp\/v2\/media?parent=63037"}],"wp:term":[{"taxonomy":"category","embeddable":true,"href":"https:\/\/www.pressenza.com\/es\/wp-json\/wp\/v2\/categories?post=63037"},{"taxonomy":"post_tag","embeddable":true,"href":"https:\/\/www.pressenza.com\/es\/wp-json\/wp\/v2\/tags?post=63037"}],"curies":[{"name":"wp","href":"https:\/\/api.w.org\/{rel}","templated":true}]}}