{"id":629820,"date":"2018-04-23T19:39:30","date_gmt":"2018-04-23T18:39:30","guid":{"rendered":"https:\/\/www.pressenza.com\/?p=629820"},"modified":"2018-04-23T22:51:59","modified_gmt":"2018-04-23T21:51:59","slug":"aps-la-politica-del-gobierno-incita-a-los-fenomenos-de-violencia","status":"publish","type":"post","link":"https:\/\/www.pressenza.com\/es\/2018\/04\/aps-la-politica-del-gobierno-incita-a-los-fenomenos-de-violencia\/","title":{"rendered":"CGR: la pol\u00edtica del gobierno incita a los fen\u00f3menos de violencia"},"content":{"rendered":"<p><strong>17 de abril de 2018:<\/strong> el Tribunal Superior griego acepta la solicitud del Consejo Griego para los Refugiados y anula la decisi\u00f3n del Director del Servicio de Asilo de imponer una limitaci\u00f3n geogr\u00e1fica a la estad\u00eda de los solicitantes de asilo en las islas del este del Egeo.<\/p>\n<p><strong>18 de abril de 2018:<\/strong> el Ministro de Pol\u00edtica de Inmigraci\u00f3n nombra al nuevo Director del Servicio de Asilo.<\/p>\n<p><strong>19 de abril de 2018:<\/strong> el Ministro de Pol\u00edtica de Inmigraci\u00f3n presenta un proyecto de ley que busca, entre otras cosas, justificar la imposici\u00f3n de limitaciones geogr\u00e1ficas sin tener en cuenta la decisi\u00f3n del Tribunal Superior griego y los imperativos del derecho internacional y de la Uni\u00f3n.<\/p>\n<p><strong>20 de abril de 2018:<\/strong> el Director del Servicio de Asilo reanuda la decisi\u00f3n de su predecesor, que fue anulada por el Tribunal Superior griego.<\/p>\n<p>&nbsp;<\/p>\n<p>El momento de las violaciones no deja lugar a dudas. El gobierno, siguiendo la preocupaci\u00f3n de la Comisi\u00f3n Europea sobre la decisi\u00f3n del Tribunal Superior griego, se apresur\u00f3 a reintroducir la decisi\u00f3n anulada. <strong>La pol\u00edtica de campamento de refugiados en las islas griegas seguir\u00e1 causando dolor a los refugiados y tensiones en las sociedades locales<\/strong>, como las que vivimos en la Plaza Sappho en Mitilene ayer, con ataques desde la extrema derecha a los refugiados en protesta.<\/p>\n<p>El CGR, recordando el principio de la separaci\u00f3n de poderes, <strong>invita a las autoridades a que revisen de inmediato su actitud<\/strong> y declara que seguir\u00e1 todos los procedimientos leg\u00edtimos para proteger los derechos de los refugiados, pero tambi\u00e9n para evitar los fen\u00f3menos de violencia que la pol\u00edtica incita.<\/p>\n","protected":false},"excerpt":{"rendered":"<p>17 de abril de 2018: el Tribunal Superior griego acepta la solicitud del Consejo Griego para los Refugiados y anula la decisi\u00f3n del Director del Servicio de Asilo de imponer una limitaci\u00f3n geogr\u00e1fica a la estad\u00eda de los solicitantes de&hellip;<\/p>\n","protected":false},"author":1220,"featured_media":629673,"comment_status":"closed","ping_status":"closed","sticky":false,"template":"","format":"standard","meta":{"footnotes":""},"categories":[149,79,66,74],"tags":[45478,19560,45372,3022,9533,623],"class_list":["post-629820","post","type-post","status-publish","format-standard","has-post-thumbnail","hentry","category-comunicados-de-prensa","category-derechos-humanos","category-europa-es","category-politica-es","tag-autoridades","tag-derechos","tag-islas","tag-refugiados","tag-ue-es","tag-violencia"],"yoast_head":"<!-- This site is optimized with the Yoast SEO plugin v27.1.1 - https:\/\/yoast.com\/product\/yoast-seo-wordpress\/ -->\n<title>CGR: la pol\u00edtica del gobierno incita a los fen\u00f3menos de violencia<\/title>\n<meta name=\"description\" content=\"17 de abril de 2018: el Tribunal Superior griego acepta la solicitud del Consejo Griego para los Refugiados y anula la decisi\u00f3n del Director del Servicio\" \/>\n<meta name=\"robots\" content=\"index, follow, max-snippet:-1, max-image-preview:large, max-video-preview:-1\" \/>\n<link rel=\"canonical\" href=\"https:\/\/www.pressenza.com\/es\/2018\/04\/aps-la-politica-del-gobierno-incita-a-los-fenomenos-de-violencia\/\" \/>\n<meta property=\"og:locale\" content=\"es_ES\" \/>\n<meta property=\"og:type\" content=\"article\" \/>\n<meta property=\"og:title\" content=\"CGR: la pol\u00edtica del gobierno incita a los fen\u00f3menos de violencia\" \/>\n<meta property=\"og:description\" content=\"17 de abril de 2018: el Tribunal Superior griego acepta la solicitud del Consejo Griego para los Refugiados y anula la decisi\u00f3n del Director del Servicio\" \/>\n<meta property=\"og:url\" content=\"https:\/\/www.pressenza.com\/es\/2018\/04\/aps-la-politica-del-gobierno-incita-a-los-fenomenos-de-violencia\/\" \/>\n<meta property=\"og:site_name\" content=\"Pressenza\" \/>\n<meta property=\"article:publisher\" content=\"https:\/\/www.facebook.com\/PressenzaItalia\" \/>\n<meta property=\"article:author\" content=\"https:\/\/www.facebook.com\/pressenzagr\/\" \/>\n<meta property=\"article:published_time\" content=\"2018-04-23T18:39:30+00:00\" \/>\n<meta property=\"article:modified_time\" content=\"2018-04-23T21:51:59+00:00\" \/>\n<meta property=\"og:image\" content=\"https:\/\/www.pressenza.com\/wp-content\/uploads\/2018\/04\/vitsas-1.jpg\" \/>\n\t<meta property=\"og:image:width\" content=\"2048\" \/>\n\t<meta property=\"og:image:height\" content=\"1536\" \/>\n\t<meta property=\"og:image:type\" content=\"image\/jpeg\" \/>\n<meta name=\"author\" content=\"Pressenza Athens\" \/>\n<meta name=\"twitter:card\" content=\"summary_large_image\" \/>\n<meta name=\"twitter:creator\" content=\"@Pressenza_ath\" \/>\n<meta name=\"twitter:site\" content=\"@PressenzaIPA\" \/>\n<meta name=\"twitter:label1\" content=\"Escrito por\" \/>\n\t<meta name=\"twitter:data1\" content=\"Pressenza Athens\" \/>\n\t<meta name=\"twitter:label2\" content=\"Tiempo de lectura\" \/>\n\t<meta name=\"twitter:data2\" content=\"1 minuto\" \/>\n<script type=\"application\/ld+json\" class=\"yoast-schema-graph\">{\"@context\":\"https:\/\/schema.org\",\"@graph\":[{\"@type\":\"Article\",\"@id\":\"https:\/\/www.pressenza.com\/es\/2018\/04\/aps-la-politica-del-gobierno-incita-a-los-fenomenos-de-violencia\/#article\",\"isPartOf\":{\"@id\":\"https:\/\/www.pressenza.com\/es\/2018\/04\/aps-la-politica-del-gobierno-incita-a-los-fenomenos-de-violencia\/\"},\"author\":{\"name\":\"Pressenza Athens\",\"@id\":\"https:\/\/www.pressenza.com\/es\/#\/schema\/person\/9eae8d7f0aad5ec6a7f6f21ec94480fb\"},\"headline\":\"CGR: la pol\u00edtica del gobierno incita a los fen\u00f3menos de violencia\",\"datePublished\":\"2018-04-23T18:39:30+00:00\",\"dateModified\":\"2018-04-23T21:51:59+00:00\",\"mainEntityOfPage\":{\"@id\":\"https:\/\/www.pressenza.com\/es\/2018\/04\/aps-la-politica-del-gobierno-incita-a-los-fenomenos-de-violencia\/\"},\"wordCount\":293,\"publisher\":{\"@id\":\"https:\/\/www.pressenza.com\/es\/#organization\"},\"image\":{\"@id\":\"https:\/\/www.pressenza.com\/es\/2018\/04\/aps-la-politica-del-gobierno-incita-a-los-fenomenos-de-violencia\/#primaryimage\"},\"thumbnailUrl\":\"https:\/\/www.pressenza.com\/wp-content\/uploads\/2018\/04\/vitsas-1.jpg\",\"keywords\":[\"autoridades\",\"derechos\",\"islas\",\"refugiados\",\"UE\",\"Violencia\"],\"articleSection\":[\"Comunicados de Prensa\",\"Derechos Humanos\",\"Europa\",\"Pol\u00edtica\"],\"inLanguage\":\"es\"},{\"@type\":\"WebPage\",\"@id\":\"https:\/\/www.pressenza.com\/es\/2018\/04\/aps-la-politica-del-gobierno-incita-a-los-fenomenos-de-violencia\/\",\"url\":\"https:\/\/www.pressenza.com\/es\/2018\/04\/aps-la-politica-del-gobierno-incita-a-los-fenomenos-de-violencia\/\",\"name\":\"CGR: la pol\u00edtica del gobierno incita a los fen\u00f3menos de violencia\",\"isPartOf\":{\"@id\":\"https:\/\/www.pressenza.com\/es\/#website\"},\"primaryImageOfPage\":{\"@id\":\"https:\/\/www.pressenza.com\/es\/2018\/04\/aps-la-politica-del-gobierno-incita-a-los-fenomenos-de-violencia\/#primaryimage\"},\"image\":{\"@id\":\"https:\/\/www.pressenza.com\/es\/2018\/04\/aps-la-politica-del-gobierno-incita-a-los-fenomenos-de-violencia\/#primaryimage\"},\"thumbnailUrl\":\"https:\/\/www.pressenza.com\/wp-content\/uploads\/2018\/04\/vitsas-1.jpg\",\"datePublished\":\"2018-04-23T18:39:30+00:00\",\"dateModified\":\"2018-04-23T21:51:59+00:00\",\"description\":\"17 de abril de 2018: el Tribunal Superior griego acepta la solicitud del Consejo Griego para los Refugiados y anula la decisi\u00f3n del Director del Servicio\",\"breadcrumb\":{\"@id\":\"https:\/\/www.pressenza.com\/es\/2018\/04\/aps-la-politica-del-gobierno-incita-a-los-fenomenos-de-violencia\/#breadcrumb\"},\"inLanguage\":\"es\",\"potentialAction\":[{\"@type\":\"ReadAction\",\"target\":[\"https:\/\/www.pressenza.com\/es\/2018\/04\/aps-la-politica-del-gobierno-incita-a-los-fenomenos-de-violencia\/\"]}]},{\"@type\":\"ImageObject\",\"inLanguage\":\"es\",\"@id\":\"https:\/\/www.pressenza.com\/es\/2018\/04\/aps-la-politica-del-gobierno-incita-a-los-fenomenos-de-violencia\/#primaryimage\",\"url\":\"https:\/\/www.pressenza.com\/wp-content\/uploads\/2018\/04\/vitsas-1.jpg\",\"contentUrl\":\"https:\/\/www.pressenza.com\/wp-content\/uploads\/2018\/04\/vitsas-1.jpg\",\"width\":2048,\"height\":1536},{\"@type\":\"BreadcrumbList\",\"@id\":\"https:\/\/www.pressenza.com\/es\/2018\/04\/aps-la-politica-del-gobierno-incita-a-los-fenomenos-de-violencia\/#breadcrumb\",\"itemListElement\":[{\"@type\":\"ListItem\",\"position\":1,\"name\":\"Accueil\",\"item\":\"https:\/\/www.pressenza.com\/es\/\"},{\"@type\":\"ListItem\",\"position\":2,\"name\":\"CGR: la pol\u00edtica del gobierno incita a los fen\u00f3menos de violencia\"}]},{\"@type\":\"WebSite\",\"@id\":\"https:\/\/www.pressenza.com\/es\/#website\",\"url\":\"https:\/\/www.pressenza.com\/es\/\",\"name\":\"Pressenza\",\"description\":\"International Press Agency\",\"publisher\":{\"@id\":\"https:\/\/www.pressenza.com\/es\/#organization\"},\"potentialAction\":[{\"@type\":\"SearchAction\",\"target\":{\"@type\":\"EntryPoint\",\"urlTemplate\":\"https:\/\/www.pressenza.com\/es\/?s={search_term_string}\"},\"query-input\":{\"@type\":\"PropertyValueSpecification\",\"valueRequired\":true,\"valueName\":\"search_term_string\"}}],\"inLanguage\":\"es\"},{\"@type\":\"Organization\",\"@id\":\"https:\/\/www.pressenza.com\/es\/#organization\",\"name\":\"Pressenza\",\"url\":\"https:\/\/www.pressenza.com\/es\/\",\"logo\":{\"@type\":\"ImageObject\",\"inLanguage\":\"es\",\"@id\":\"https:\/\/www.pressenza.com\/es\/#\/schema\/logo\/image\/\",\"url\":\"https:\/\/www.pressenza.com\/wp-content\/uploads\/2022\/10\/pressenza_logo_200x200.jpg\",\"contentUrl\":\"https:\/\/www.pressenza.com\/wp-content\/uploads\/2022\/10\/pressenza_logo_200x200.jpg\",\"width\":200,\"height\":200,\"caption\":\"Pressenza\"},\"image\":{\"@id\":\"https:\/\/www.pressenza.com\/es\/#\/schema\/logo\/image\/\"},\"sameAs\":[\"https:\/\/www.facebook.com\/PressenzaItalia\",\"https:\/\/x.com\/PressenzaIPA\"]},{\"@type\":\"Person\",\"@id\":\"https:\/\/www.pressenza.com\/es\/#\/schema\/person\/9eae8d7f0aad5ec6a7f6f21ec94480fb\",\"name\":\"Pressenza Athens\",\"description\":\"News from the Pressenza Bureau in Athens, Greece\",\"sameAs\":[\"https:\/\/www.facebook.com\/pressenzagr\/\",\"https:\/\/x.com\/Pressenza_ath\"],\"url\":\"https:\/\/www.pressenza.com\/es\/author\/pressenza-athens\/\"}]}<\/script>\n<!-- \/ Yoast SEO plugin. -->","yoast_head_json":{"title":"CGR: la pol\u00edtica del gobierno incita a los fen\u00f3menos de violencia","description":"17 de abril de 2018: el Tribunal Superior griego acepta la solicitud del Consejo Griego para los Refugiados y anula la decisi\u00f3n del Director del Servicio","robots":{"index":"index","follow":"follow","max-snippet":"max-snippet:-1","max-image-preview":"max-image-preview:large","max-video-preview":"max-video-preview:-1"},"canonical":"https:\/\/www.pressenza.com\/es\/2018\/04\/aps-la-politica-del-gobierno-incita-a-los-fenomenos-de-violencia\/","og_locale":"es_ES","og_type":"article","og_title":"CGR: la pol\u00edtica del gobierno incita a los fen\u00f3menos de violencia","og_description":"17 de abril de 2018: el Tribunal Superior griego acepta la solicitud del Consejo Griego para los Refugiados y anula la decisi\u00f3n del Director del Servicio","og_url":"https:\/\/www.pressenza.com\/es\/2018\/04\/aps-la-politica-del-gobierno-incita-a-los-fenomenos-de-violencia\/","og_site_name":"Pressenza","article_publisher":"https:\/\/www.facebook.com\/PressenzaItalia","article_author":"https:\/\/www.facebook.com\/pressenzagr\/","article_published_time":"2018-04-23T18:39:30+00:00","article_modified_time":"2018-04-23T21:51:59+00:00","og_image":[{"width":2048,"height":1536,"url":"https:\/\/www.pressenza.com\/wp-content\/uploads\/2018\/04\/vitsas-1.jpg","type":"image\/jpeg"}],"author":"Pressenza Athens","twitter_card":"summary_large_image","twitter_creator":"@Pressenza_ath","twitter_site":"@PressenzaIPA","twitter_misc":{"Escrito por":"Pressenza Athens","Tiempo de lectura":"1 minuto"},"schema":{"@context":"https:\/\/schema.org","@graph":[{"@type":"Article","@id":"https:\/\/www.pressenza.com\/es\/2018\/04\/aps-la-politica-del-gobierno-incita-a-los-fenomenos-de-violencia\/#article","isPartOf":{"@id":"https:\/\/www.pressenza.com\/es\/2018\/04\/aps-la-politica-del-gobierno-incita-a-los-fenomenos-de-violencia\/"},"author":{"name":"Pressenza Athens","@id":"https:\/\/www.pressenza.com\/es\/#\/schema\/person\/9eae8d7f0aad5ec6a7f6f21ec94480fb"},"headline":"CGR: la pol\u00edtica del gobierno incita a los fen\u00f3menos de violencia","datePublished":"2018-04-23T18:39:30+00:00","dateModified":"2018-04-23T21:51:59+00:00","mainEntityOfPage":{"@id":"https:\/\/www.pressenza.com\/es\/2018\/04\/aps-la-politica-del-gobierno-incita-a-los-fenomenos-de-violencia\/"},"wordCount":293,"publisher":{"@id":"https:\/\/www.pressenza.com\/es\/#organization"},"image":{"@id":"https:\/\/www.pressenza.com\/es\/2018\/04\/aps-la-politica-del-gobierno-incita-a-los-fenomenos-de-violencia\/#primaryimage"},"thumbnailUrl":"https:\/\/www.pressenza.com\/wp-content\/uploads\/2018\/04\/vitsas-1.jpg","keywords":["autoridades","derechos","islas","refugiados","UE","Violencia"],"articleSection":["Comunicados de Prensa","Derechos Humanos","Europa","Pol\u00edtica"],"inLanguage":"es"},{"@type":"WebPage","@id":"https:\/\/www.pressenza.com\/es\/2018\/04\/aps-la-politica-del-gobierno-incita-a-los-fenomenos-de-violencia\/","url":"https:\/\/www.pressenza.com\/es\/2018\/04\/aps-la-politica-del-gobierno-incita-a-los-fenomenos-de-violencia\/","name":"CGR: la pol\u00edtica del gobierno incita a los fen\u00f3menos de violencia","isPartOf":{"@id":"https:\/\/www.pressenza.com\/es\/#website"},"primaryImageOfPage":{"@id":"https:\/\/www.pressenza.com\/es\/2018\/04\/aps-la-politica-del-gobierno-incita-a-los-fenomenos-de-violencia\/#primaryimage"},"image":{"@id":"https:\/\/www.pressenza.com\/es\/2018\/04\/aps-la-politica-del-gobierno-incita-a-los-fenomenos-de-violencia\/#primaryimage"},"thumbnailUrl":"https:\/\/www.pressenza.com\/wp-content\/uploads\/2018\/04\/vitsas-1.jpg","datePublished":"2018-04-23T18:39:30+00:00","dateModified":"2018-04-23T21:51:59+00:00","description":"17 de abril de 2018: el Tribunal Superior griego acepta la solicitud del Consejo Griego para los Refugiados y anula la decisi\u00f3n del Director del Servicio","breadcrumb":{"@id":"https:\/\/www.pressenza.com\/es\/2018\/04\/aps-la-politica-del-gobierno-incita-a-los-fenomenos-de-violencia\/#breadcrumb"},"inLanguage":"es","potentialAction":[{"@type":"ReadAction","target":["https:\/\/www.pressenza.com\/es\/2018\/04\/aps-la-politica-del-gobierno-incita-a-los-fenomenos-de-violencia\/"]}]},{"@type":"ImageObject","inLanguage":"es","@id":"https:\/\/www.pressenza.com\/es\/2018\/04\/aps-la-politica-del-gobierno-incita-a-los-fenomenos-de-violencia\/#primaryimage","url":"https:\/\/www.pressenza.com\/wp-content\/uploads\/2018\/04\/vitsas-1.jpg","contentUrl":"https:\/\/www.pressenza.com\/wp-content\/uploads\/2018\/04\/vitsas-1.jpg","width":2048,"height":1536},{"@type":"BreadcrumbList","@id":"https:\/\/www.pressenza.com\/es\/2018\/04\/aps-la-politica-del-gobierno-incita-a-los-fenomenos-de-violencia\/#breadcrumb","itemListElement":[{"@type":"ListItem","position":1,"name":"Accueil","item":"https:\/\/www.pressenza.com\/es\/"},{"@type":"ListItem","position":2,"name":"CGR: la pol\u00edtica del gobierno incita a los fen\u00f3menos de violencia"}]},{"@type":"WebSite","@id":"https:\/\/www.pressenza.com\/es\/#website","url":"https:\/\/www.pressenza.com\/es\/","name":"Pressenza","description":"International Press Agency","publisher":{"@id":"https:\/\/www.pressenza.com\/es\/#organization"},"potentialAction":[{"@type":"SearchAction","target":{"@type":"EntryPoint","urlTemplate":"https:\/\/www.pressenza.com\/es\/?s={search_term_string}"},"query-input":{"@type":"PropertyValueSpecification","valueRequired":true,"valueName":"search_term_string"}}],"inLanguage":"es"},{"@type":"Organization","@id":"https:\/\/www.pressenza.com\/es\/#organization","name":"Pressenza","url":"https:\/\/www.pressenza.com\/es\/","logo":{"@type":"ImageObject","inLanguage":"es","@id":"https:\/\/www.pressenza.com\/es\/#\/schema\/logo\/image\/","url":"https:\/\/www.pressenza.com\/wp-content\/uploads\/2022\/10\/pressenza_logo_200x200.jpg","contentUrl":"https:\/\/www.pressenza.com\/wp-content\/uploads\/2022\/10\/pressenza_logo_200x200.jpg","width":200,"height":200,"caption":"Pressenza"},"image":{"@id":"https:\/\/www.pressenza.com\/es\/#\/schema\/logo\/image\/"},"sameAs":["https:\/\/www.facebook.com\/PressenzaItalia","https:\/\/x.com\/PressenzaIPA"]},{"@type":"Person","@id":"https:\/\/www.pressenza.com\/es\/#\/schema\/person\/9eae8d7f0aad5ec6a7f6f21ec94480fb","name":"Pressenza Athens","description":"News from the Pressenza Bureau in Athens, Greece","sameAs":["https:\/\/www.facebook.com\/pressenzagr\/","https:\/\/x.com\/Pressenza_ath"],"url":"https:\/\/www.pressenza.com\/es\/author\/pressenza-athens\/"}]}},"place":"","original_article_url":"","_links":{"self":[{"href":"https:\/\/www.pressenza.com\/es\/wp-json\/wp\/v2\/posts\/629820","targetHints":{"allow":["GET"]}}],"collection":[{"href":"https:\/\/www.pressenza.com\/es\/wp-json\/wp\/v2\/posts"}],"about":[{"href":"https:\/\/www.pressenza.com\/es\/wp-json\/wp\/v2\/types\/post"}],"author":[{"embeddable":true,"href":"https:\/\/www.pressenza.com\/es\/wp-json\/wp\/v2\/users\/1220"}],"replies":[{"embeddable":true,"href":"https:\/\/www.pressenza.com\/es\/wp-json\/wp\/v2\/comments?post=629820"}],"version-history":[{"count":0,"href":"https:\/\/www.pressenza.com\/es\/wp-json\/wp\/v2\/posts\/629820\/revisions"}],"wp:featuredmedia":[{"embeddable":true,"href":"https:\/\/www.pressenza.com\/es\/wp-json\/wp\/v2\/media\/629673"}],"wp:attachment":[{"href":"https:\/\/www.pressenza.com\/es\/wp-json\/wp\/v2\/media?parent=629820"}],"wp:term":[{"taxonomy":"category","embeddable":true,"href":"https:\/\/www.pressenza.com\/es\/wp-json\/wp\/v2\/categories?post=629820"},{"taxonomy":"post_tag","embeddable":true,"href":"https:\/\/www.pressenza.com\/es\/wp-json\/wp\/v2\/tags?post=629820"}],"curies":[{"name":"wp","href":"https:\/\/api.w.org\/{rel}","templated":true}]}}