{"id":629818,"date":"2018-04-23T19:44:33","date_gmt":"2018-04-23T18:44:33","guid":{"rendered":"https:\/\/www.pressenza.com\/?p=629818"},"modified":"2018-04-23T19:44:33","modified_gmt":"2018-04-23T18:44:33","slug":"hacia-una-revolucion-multicolor-nicaragua","status":"publish","type":"post","link":"https:\/\/www.pressenza.com\/es\/2018\/04\/hacia-una-revolucion-multicolor-nicaragua\/","title":{"rendered":"\u00bfHacia una Revoluci\u00f3n Multicolor en Nicaragua?"},"content":{"rendered":"<p align=\"JUSTIFY\">Asistiremos en el Trienio 2018-2020 a la irrupci\u00f3n en el escenario geopol\u00edtico de Am\u00e9rica Latina de una nueva ola negra involucionista que consistir\u00e1 en la implementaci\u00f3n de \u201cgolpes de mano blandos\u201c con el objetivo inequ\u00edvoco de sustituir a los reg\u00edmenes insensibles a los dictados de Washington (Nicaragua, Ecuador, Venezuela y Bolivia) por reg\u00edmenes militares autocr\u00e1ticos tutelados por EEUU.<\/p>\n<p align=\"JUSTIFY\"><strong>EEUU, Nicaragua y las \u201cguerras no convencionales\u201d<\/strong><\/p>\n<p align=\"JUSTIFY\">Petrocaribe fue creado en 2005 por iniciativa de Venezuela con el objetivo de suministrar combustibles a los pa\u00edses miembros en condiciones ventajosas de pago, como cr\u00e9ditos blandos y bajas tasas de inter\u00e9s y estar\u00eda integrado por 18 pa\u00edses (incluidos Honduras, Guatemala, Cuba, Nicaragua, Rep\u00fablica Dominicana, Hait\u00ed, Belice y una decena de islas del Caribe) y seg\u00fan las autoridades venezolanas, el pa\u00eds exporta 100.000 barriles diarios a los pa\u00edses del bloque que generaban una factura de 4.000 millones de d\u00f3lares, de la cual una parte se paga en \u00abefectivo\u00bb y el resto estar\u00eda subsidiado. La nueva estrategia de EEUU ser\u00eda estrechar lazos comerciales y militares con los pa\u00edses de Petrocaribe ante el peligro de contagio mim\u00e9tico de los ideales revolucionarios chavistas al depender en exclusiva de la venezolana Petrocaribe para su abastecimiento energ\u00e9tico, empezando por el presidente dominicano Danilo Medina.<\/p>\n<p align=\"JUSTIFY\">China habr\u00eda asumido el reto de construir un nuevo canal en Nicaragua (Gran Canal Interoce\u00e1nico) similar al canal del istmo de Kra que tiene proyectado entre Tailandia y Birmania para sortear el estrecho de Malaca, convertido \u201cde facto\u201d en una v\u00eda mar\u00edtima saturada y afectada por ataques de piratas e inaugur\u00f3 en el 2010 el gasoducto que une a China con Turkmenist\u00e1n y que rodea a Rusia para evitar su total rusodependencia energ\u00e9tica al tiempo que diversifica sus compras, por lo EEUU proceder\u00e1 a desestabilizar el gobierno de Daniel Ortega dentro de su estrategia geopol\u00edtica global de secar las fuentes energ\u00e9ticas chinas. Por otra parte, la instalaci\u00f3n el pasado abril de una estaci\u00f3n satelital rusa en Managua (laguna de Nejapa) para \u201ccontrolar el narcotr\u00e1fico y estudiar los fen\u00f3menos naturales\u201d habr\u00eda provocado el nerviosismo del Pent\u00e1gono que acusa a Rusia de \u201cestar usando Nicaragua para crear una esfera de espionaje militar\u201d mediante el Sistema Global de Navegaci\u00f3n por Sat\u00e9lites (Glonass), el equivalente al GPS de EEUU. As\u00ed, hemos asistido a la aprobaci\u00f3n por el Congreso y el Senado de EE.UU del proyecto de ley conocido como Nica Act (Nicaraguan Investment Conditionality Act of 2017), que siguiendo la estrategia kentiana busca congelar los pr\u00e9stamos internacionales de instituciones sat\u00e9lites de EEUU (Banco Mundial y Banco Interamericano de Desarrollo), a Nicaragua con el objetivo confeso de provocar su inanici\u00f3n financiera y posterior asfixia econ\u00f3mica.<\/p>\n<p align=\"JUSTIFY\">La t\u00e1ctica del \u201cpalo y la zanahora\u201d fue expuesta por Sherman Kent en su libro \u201cInteligencia Estrat\u00e9gica para la Pol\u00edtica Mundial Norteamericana\u201d (1949) y los fines de estos tipos de guerra fueron descritos por este autor de la siguiente manera: \u201cen estas guerras no convencionales se trata de hacer dos cosas:debilitar la voluntad y la capacidad de resistencia del enemigo y fortalecer la propia voluntad y capacidad para vencer\u201d y m\u00e1s adelante a\u00f1ade que los instrumentos de la guerra econ\u00f3mica \u201cconsisten en la zanahoria y el garrote\u201d: \u201cel bloqueo, la congelaci\u00f3n de fondos,el \u2018boicot\u2019, el embargo y la lista negra por un lado; los subsidios, los empr\u00e9stitos, los tratados bilaterales, el trueque y los convenios comerciales por otro\u201d.<\/p>\n<p align=\"JUSTIFY\"><strong>\u00bfNueva Revoluci\u00f3n Multicolor en Nicaragua?<\/strong><\/p>\n<p align=\"JUSTIFY\">El Gobierno de Daniel Ortega acept\u00f3 dialogar y llegar a un acuerdo con empresarios privados tras cinco d\u00edas de protestas que habr\u00edan dejado varias decenas de muertos en protesta por el anuncio del Gobierno nicarag\u00fcense de reformar La Ley de Seguridad Social, reformas que implicar\u00edan la reducci\u00f3n del 5% de las pensiones de los jubilados, el incremento de la cuota patronal y de los trabajadores as\u00ed como una reducci\u00f3n del 10% del monto de la jubilaci\u00f3n actual, protestas que se habr\u00edan iniciado a las puertas de la Universidad Centroamericana de Nicaragua (UCA) por un peque\u00f1o grupo de estudiantes. Los j\u00f3venes participantes en las protestas ser\u00edan en su mayor\u00eda universitarios de Managua y Le\u00f3n, tradicionalmente refractarios a los mensajes de los partidos pol\u00edticos y que habr\u00edan tenido su bautismo de fuego en las protestas llevadas a a cabo contra la deficiente gesti\u00f3n del Gobierno sandinista en el incendio que afect\u00f3 a 2 de los 8 Ha. protegidas de la Reserva de la Biosfera R\u00edo San Juan.<\/p>\n<p align=\"JUSTIFY\">Gracias a la interactividad que proporcionan las redes sociales de Internet (el llamado Quinto Poder que enlaza y ayuda a la formaci\u00f3n de las identidades modernas), dichos j\u00f3venes habr\u00edan conseguido romper el end\u00e9mico aislamiento y pasividad de los estudiantes nicarag\u00fcenses devenidos en individuos sumisos, acr\u00edticos y esclavos del consumismo compulsivo, no siendo descartable que desemboque en una \u201crevoluci\u00f3n patri\u00f3tica o multicolor\u201d que fuerce a las \u00e9lites dominantes a la celebraci\u00f3n de nuevas elecciones generales y que podr\u00edan significar el finiquito de la herencia sandinista y el comienzo de una etapa post-ortegiana que gravitar\u00e1 bajo la tutela de EEUU.<\/p>\n","protected":false},"excerpt":{"rendered":"<p>Asistiremos en el Trienio 2018-2020 a la irrupci\u00f3n en el escenario geopol\u00edtico de Am\u00e9rica Latina de una nueva ola negra involucionista que consistir\u00e1 en la implementaci\u00f3n de \u201cgolpes de mano blandos\u201c con el objetivo inequ\u00edvoco de sustituir a los reg\u00edmenes&hellip;<\/p>\n","protected":false},"author":1505,"featured_media":629823,"comment_status":"closed","ping_status":"closed","sticky":false,"template":"","format":"standard","meta":{"footnotes":""},"categories":[69,11389,161,74],"tags":[41976,14610,394],"class_list":["post-629818","post","type-post","status-publish","format-standard","has-post-thumbnail","hentry","category-america-central","category-contenido-original","category-opiniones","category-politica-es","tag-daniel-ortega","tag-nicaragua-es","tag-protestas-sociales"],"yoast_head":"<!-- This site is optimized with the Yoast SEO plugin v27.1.1 - https:\/\/yoast.com\/product\/yoast-seo-wordpress\/ -->\n<title>\u00bfHacia una Revoluci\u00f3n Multicolor en Nicaragua?<\/title>\n<meta name=\"description\" content=\"Asistiremos en el Trienio 2018-2020 a la irrupci\u00f3n en el escenario geopol\u00edtico de Am\u00e9rica Latina de una nueva ola negra involucionista que consistir\u00e1 en\" \/>\n<meta name=\"robots\" content=\"index, follow, max-snippet:-1, max-image-preview:large, max-video-preview:-1\" \/>\n<link rel=\"canonical\" href=\"https:\/\/www.pressenza.com\/es\/2018\/04\/hacia-una-revolucion-multicolor-nicaragua\/\" \/>\n<meta property=\"og:locale\" content=\"es_ES\" \/>\n<meta property=\"og:type\" content=\"article\" \/>\n<meta property=\"og:title\" content=\"\u00bfHacia una Revoluci\u00f3n Multicolor en Nicaragua?\" \/>\n<meta property=\"og:description\" content=\"Asistiremos en el Trienio 2018-2020 a la irrupci\u00f3n en el escenario geopol\u00edtico de Am\u00e9rica Latina de una nueva ola negra involucionista que consistir\u00e1 en\" \/>\n<meta property=\"og:url\" content=\"https:\/\/www.pressenza.com\/es\/2018\/04\/hacia-una-revolucion-multicolor-nicaragua\/\" \/>\n<meta property=\"og:site_name\" content=\"Pressenza\" \/>\n<meta property=\"article:publisher\" content=\"https:\/\/www.facebook.com\/PressenzaItalia\" \/>\n<meta property=\"article:published_time\" content=\"2018-04-23T18:44:33+00:00\" \/>\n<meta property=\"og:image\" content=\"https:\/\/www.pressenza.com\/wp-content\/uploads\/2018\/04\/78563.jpg\" \/>\n\t<meta property=\"og:image:width\" content=\"744\" \/>\n\t<meta property=\"og:image:height\" content=\"496\" \/>\n\t<meta property=\"og:image:type\" content=\"image\/jpeg\" \/>\n<meta name=\"author\" content=\"Germ\u00e1n Gorraiz L\u00f3pez\" \/>\n<meta name=\"twitter:card\" content=\"summary_large_image\" \/>\n<meta name=\"twitter:creator\" content=\"@PressenzaIPA\" \/>\n<meta name=\"twitter:site\" content=\"@PressenzaIPA\" \/>\n<meta name=\"twitter:label1\" content=\"Escrito por\" \/>\n\t<meta name=\"twitter:data1\" content=\"Germ\u00e1n Gorraiz L\u00f3pez\" \/>\n\t<meta name=\"twitter:label2\" content=\"Tiempo de lectura\" \/>\n\t<meta name=\"twitter:data2\" content=\"4 minutos\" \/>\n<script type=\"application\/ld+json\" class=\"yoast-schema-graph\">{\"@context\":\"https:\/\/schema.org\",\"@graph\":[{\"@type\":\"Article\",\"@id\":\"https:\/\/www.pressenza.com\/es\/2018\/04\/hacia-una-revolucion-multicolor-nicaragua\/#article\",\"isPartOf\":{\"@id\":\"https:\/\/www.pressenza.com\/es\/2018\/04\/hacia-una-revolucion-multicolor-nicaragua\/\"},\"author\":{\"name\":\"Germ\u00e1n Gorraiz L\u00f3pez\",\"@id\":\"https:\/\/www.pressenza.com\/es\/#\/schema\/person\/57dba2cbf155df3e3656a436abe74b1b\"},\"headline\":\"\u00bfHacia una Revoluci\u00f3n Multicolor en Nicaragua?\",\"datePublished\":\"2018-04-23T18:44:33+00:00\",\"mainEntityOfPage\":{\"@id\":\"https:\/\/www.pressenza.com\/es\/2018\/04\/hacia-una-revolucion-multicolor-nicaragua\/\"},\"wordCount\":899,\"publisher\":{\"@id\":\"https:\/\/www.pressenza.com\/es\/#organization\"},\"image\":{\"@id\":\"https:\/\/www.pressenza.com\/es\/2018\/04\/hacia-una-revolucion-multicolor-nicaragua\/#primaryimage\"},\"thumbnailUrl\":\"https:\/\/www.pressenza.com\/wp-content\/uploads\/2018\/04\/78563.jpg\",\"keywords\":[\"Daniel Ortega\",\"Nicaragua\",\"protestas sociales\"],\"articleSection\":[\"Am\u00e9rica Central\",\"Contenido Original\",\"Opiniones\",\"Pol\u00edtica\"],\"inLanguage\":\"es\"},{\"@type\":\"WebPage\",\"@id\":\"https:\/\/www.pressenza.com\/es\/2018\/04\/hacia-una-revolucion-multicolor-nicaragua\/\",\"url\":\"https:\/\/www.pressenza.com\/es\/2018\/04\/hacia-una-revolucion-multicolor-nicaragua\/\",\"name\":\"\u00bfHacia una Revoluci\u00f3n Multicolor en Nicaragua?\",\"isPartOf\":{\"@id\":\"https:\/\/www.pressenza.com\/es\/#website\"},\"primaryImageOfPage\":{\"@id\":\"https:\/\/www.pressenza.com\/es\/2018\/04\/hacia-una-revolucion-multicolor-nicaragua\/#primaryimage\"},\"image\":{\"@id\":\"https:\/\/www.pressenza.com\/es\/2018\/04\/hacia-una-revolucion-multicolor-nicaragua\/#primaryimage\"},\"thumbnailUrl\":\"https:\/\/www.pressenza.com\/wp-content\/uploads\/2018\/04\/78563.jpg\",\"datePublished\":\"2018-04-23T18:44:33+00:00\",\"description\":\"Asistiremos en el Trienio 2018-2020 a la irrupci\u00f3n en el escenario geopol\u00edtico de Am\u00e9rica Latina de una nueva ola negra involucionista que consistir\u00e1 en\",\"breadcrumb\":{\"@id\":\"https:\/\/www.pressenza.com\/es\/2018\/04\/hacia-una-revolucion-multicolor-nicaragua\/#breadcrumb\"},\"inLanguage\":\"es\",\"potentialAction\":[{\"@type\":\"ReadAction\",\"target\":[\"https:\/\/www.pressenza.com\/es\/2018\/04\/hacia-una-revolucion-multicolor-nicaragua\/\"]}]},{\"@type\":\"ImageObject\",\"inLanguage\":\"es\",\"@id\":\"https:\/\/www.pressenza.com\/es\/2018\/04\/hacia-una-revolucion-multicolor-nicaragua\/#primaryimage\",\"url\":\"https:\/\/www.pressenza.com\/wp-content\/uploads\/2018\/04\/78563.jpg\",\"contentUrl\":\"https:\/\/www.pressenza.com\/wp-content\/uploads\/2018\/04\/78563.jpg\",\"width\":744,\"height\":496},{\"@type\":\"BreadcrumbList\",\"@id\":\"https:\/\/www.pressenza.com\/es\/2018\/04\/hacia-una-revolucion-multicolor-nicaragua\/#breadcrumb\",\"itemListElement\":[{\"@type\":\"ListItem\",\"position\":1,\"name\":\"Accueil\",\"item\":\"https:\/\/www.pressenza.com\/es\/\"},{\"@type\":\"ListItem\",\"position\":2,\"name\":\"\u00bfHacia una Revoluci\u00f3n Multicolor en Nicaragua?\"}]},{\"@type\":\"WebSite\",\"@id\":\"https:\/\/www.pressenza.com\/es\/#website\",\"url\":\"https:\/\/www.pressenza.com\/es\/\",\"name\":\"Pressenza\",\"description\":\"International Press Agency\",\"publisher\":{\"@id\":\"https:\/\/www.pressenza.com\/es\/#organization\"},\"potentialAction\":[{\"@type\":\"SearchAction\",\"target\":{\"@type\":\"EntryPoint\",\"urlTemplate\":\"https:\/\/www.pressenza.com\/es\/?s={search_term_string}\"},\"query-input\":{\"@type\":\"PropertyValueSpecification\",\"valueRequired\":true,\"valueName\":\"search_term_string\"}}],\"inLanguage\":\"es\"},{\"@type\":\"Organization\",\"@id\":\"https:\/\/www.pressenza.com\/es\/#organization\",\"name\":\"Pressenza\",\"url\":\"https:\/\/www.pressenza.com\/es\/\",\"logo\":{\"@type\":\"ImageObject\",\"inLanguage\":\"es\",\"@id\":\"https:\/\/www.pressenza.com\/es\/#\/schema\/logo\/image\/\",\"url\":\"https:\/\/www.pressenza.com\/wp-content\/uploads\/2022\/10\/pressenza_logo_200x200.jpg\",\"contentUrl\":\"https:\/\/www.pressenza.com\/wp-content\/uploads\/2022\/10\/pressenza_logo_200x200.jpg\",\"width\":200,\"height\":200,\"caption\":\"Pressenza\"},\"image\":{\"@id\":\"https:\/\/www.pressenza.com\/es\/#\/schema\/logo\/image\/\"},\"sameAs\":[\"https:\/\/www.facebook.com\/PressenzaItalia\",\"https:\/\/x.com\/PressenzaIPA\"]},{\"@type\":\"Person\",\"@id\":\"https:\/\/www.pressenza.com\/es\/#\/schema\/person\/57dba2cbf155df3e3656a436abe74b1b\",\"name\":\"Germ\u00e1n Gorraiz L\u00f3pez\",\"description\":\"Germ\u00e1n Gorraiz L\u00f3pez (Navarra-Espa\u00f1a, 1957). Analista econ\u00f3mico y geopol\u00edtico, colabora habitualmente en varias publicaciones digitales e impresas espa\u00f1olas y latinoamericanas.\",\"url\":\"https:\/\/www.pressenza.com\/es\/author\/german-gorraiz-lopez\/\"}]}<\/script>\n<!-- \/ Yoast SEO plugin. -->","yoast_head_json":{"title":"\u00bfHacia una Revoluci\u00f3n Multicolor en Nicaragua?","description":"Asistiremos en el Trienio 2018-2020 a la irrupci\u00f3n en el escenario geopol\u00edtico de Am\u00e9rica Latina de una nueva ola negra involucionista que consistir\u00e1 en","robots":{"index":"index","follow":"follow","max-snippet":"max-snippet:-1","max-image-preview":"max-image-preview:large","max-video-preview":"max-video-preview:-1"},"canonical":"https:\/\/www.pressenza.com\/es\/2018\/04\/hacia-una-revolucion-multicolor-nicaragua\/","og_locale":"es_ES","og_type":"article","og_title":"\u00bfHacia una Revoluci\u00f3n Multicolor en Nicaragua?","og_description":"Asistiremos en el Trienio 2018-2020 a la irrupci\u00f3n en el escenario geopol\u00edtico de Am\u00e9rica Latina de una nueva ola negra involucionista que consistir\u00e1 en","og_url":"https:\/\/www.pressenza.com\/es\/2018\/04\/hacia-una-revolucion-multicolor-nicaragua\/","og_site_name":"Pressenza","article_publisher":"https:\/\/www.facebook.com\/PressenzaItalia","article_published_time":"2018-04-23T18:44:33+00:00","og_image":[{"width":744,"height":496,"url":"https:\/\/www.pressenza.com\/wp-content\/uploads\/2018\/04\/78563.jpg","type":"image\/jpeg"}],"author":"Germ\u00e1n Gorraiz L\u00f3pez","twitter_card":"summary_large_image","twitter_creator":"@PressenzaIPA","twitter_site":"@PressenzaIPA","twitter_misc":{"Escrito por":"Germ\u00e1n Gorraiz L\u00f3pez","Tiempo de lectura":"4 minutos"},"schema":{"@context":"https:\/\/schema.org","@graph":[{"@type":"Article","@id":"https:\/\/www.pressenza.com\/es\/2018\/04\/hacia-una-revolucion-multicolor-nicaragua\/#article","isPartOf":{"@id":"https:\/\/www.pressenza.com\/es\/2018\/04\/hacia-una-revolucion-multicolor-nicaragua\/"},"author":{"name":"Germ\u00e1n Gorraiz L\u00f3pez","@id":"https:\/\/www.pressenza.com\/es\/#\/schema\/person\/57dba2cbf155df3e3656a436abe74b1b"},"headline":"\u00bfHacia una Revoluci\u00f3n Multicolor en Nicaragua?","datePublished":"2018-04-23T18:44:33+00:00","mainEntityOfPage":{"@id":"https:\/\/www.pressenza.com\/es\/2018\/04\/hacia-una-revolucion-multicolor-nicaragua\/"},"wordCount":899,"publisher":{"@id":"https:\/\/www.pressenza.com\/es\/#organization"},"image":{"@id":"https:\/\/www.pressenza.com\/es\/2018\/04\/hacia-una-revolucion-multicolor-nicaragua\/#primaryimage"},"thumbnailUrl":"https:\/\/www.pressenza.com\/wp-content\/uploads\/2018\/04\/78563.jpg","keywords":["Daniel Ortega","Nicaragua","protestas sociales"],"articleSection":["Am\u00e9rica Central","Contenido Original","Opiniones","Pol\u00edtica"],"inLanguage":"es"},{"@type":"WebPage","@id":"https:\/\/www.pressenza.com\/es\/2018\/04\/hacia-una-revolucion-multicolor-nicaragua\/","url":"https:\/\/www.pressenza.com\/es\/2018\/04\/hacia-una-revolucion-multicolor-nicaragua\/","name":"\u00bfHacia una Revoluci\u00f3n Multicolor en Nicaragua?","isPartOf":{"@id":"https:\/\/www.pressenza.com\/es\/#website"},"primaryImageOfPage":{"@id":"https:\/\/www.pressenza.com\/es\/2018\/04\/hacia-una-revolucion-multicolor-nicaragua\/#primaryimage"},"image":{"@id":"https:\/\/www.pressenza.com\/es\/2018\/04\/hacia-una-revolucion-multicolor-nicaragua\/#primaryimage"},"thumbnailUrl":"https:\/\/www.pressenza.com\/wp-content\/uploads\/2018\/04\/78563.jpg","datePublished":"2018-04-23T18:44:33+00:00","description":"Asistiremos en el Trienio 2018-2020 a la irrupci\u00f3n en el escenario geopol\u00edtico de Am\u00e9rica Latina de una nueva ola negra involucionista que consistir\u00e1 en","breadcrumb":{"@id":"https:\/\/www.pressenza.com\/es\/2018\/04\/hacia-una-revolucion-multicolor-nicaragua\/#breadcrumb"},"inLanguage":"es","potentialAction":[{"@type":"ReadAction","target":["https:\/\/www.pressenza.com\/es\/2018\/04\/hacia-una-revolucion-multicolor-nicaragua\/"]}]},{"@type":"ImageObject","inLanguage":"es","@id":"https:\/\/www.pressenza.com\/es\/2018\/04\/hacia-una-revolucion-multicolor-nicaragua\/#primaryimage","url":"https:\/\/www.pressenza.com\/wp-content\/uploads\/2018\/04\/78563.jpg","contentUrl":"https:\/\/www.pressenza.com\/wp-content\/uploads\/2018\/04\/78563.jpg","width":744,"height":496},{"@type":"BreadcrumbList","@id":"https:\/\/www.pressenza.com\/es\/2018\/04\/hacia-una-revolucion-multicolor-nicaragua\/#breadcrumb","itemListElement":[{"@type":"ListItem","position":1,"name":"Accueil","item":"https:\/\/www.pressenza.com\/es\/"},{"@type":"ListItem","position":2,"name":"\u00bfHacia una Revoluci\u00f3n Multicolor en Nicaragua?"}]},{"@type":"WebSite","@id":"https:\/\/www.pressenza.com\/es\/#website","url":"https:\/\/www.pressenza.com\/es\/","name":"Pressenza","description":"International Press Agency","publisher":{"@id":"https:\/\/www.pressenza.com\/es\/#organization"},"potentialAction":[{"@type":"SearchAction","target":{"@type":"EntryPoint","urlTemplate":"https:\/\/www.pressenza.com\/es\/?s={search_term_string}"},"query-input":{"@type":"PropertyValueSpecification","valueRequired":true,"valueName":"search_term_string"}}],"inLanguage":"es"},{"@type":"Organization","@id":"https:\/\/www.pressenza.com\/es\/#organization","name":"Pressenza","url":"https:\/\/www.pressenza.com\/es\/","logo":{"@type":"ImageObject","inLanguage":"es","@id":"https:\/\/www.pressenza.com\/es\/#\/schema\/logo\/image\/","url":"https:\/\/www.pressenza.com\/wp-content\/uploads\/2022\/10\/pressenza_logo_200x200.jpg","contentUrl":"https:\/\/www.pressenza.com\/wp-content\/uploads\/2022\/10\/pressenza_logo_200x200.jpg","width":200,"height":200,"caption":"Pressenza"},"image":{"@id":"https:\/\/www.pressenza.com\/es\/#\/schema\/logo\/image\/"},"sameAs":["https:\/\/www.facebook.com\/PressenzaItalia","https:\/\/x.com\/PressenzaIPA"]},{"@type":"Person","@id":"https:\/\/www.pressenza.com\/es\/#\/schema\/person\/57dba2cbf155df3e3656a436abe74b1b","name":"Germ\u00e1n Gorraiz L\u00f3pez","description":"Germ\u00e1n Gorraiz L\u00f3pez (Navarra-Espa\u00f1a, 1957). Analista econ\u00f3mico y geopol\u00edtico, colabora habitualmente en varias publicaciones digitales e impresas espa\u00f1olas y latinoamericanas.","url":"https:\/\/www.pressenza.com\/es\/author\/german-gorraiz-lopez\/"}]}},"place":"Madrid, Espa\u00f1a","original_article_url":"","_links":{"self":[{"href":"https:\/\/www.pressenza.com\/es\/wp-json\/wp\/v2\/posts\/629818","targetHints":{"allow":["GET"]}}],"collection":[{"href":"https:\/\/www.pressenza.com\/es\/wp-json\/wp\/v2\/posts"}],"about":[{"href":"https:\/\/www.pressenza.com\/es\/wp-json\/wp\/v2\/types\/post"}],"author":[{"embeddable":true,"href":"https:\/\/www.pressenza.com\/es\/wp-json\/wp\/v2\/users\/1505"}],"replies":[{"embeddable":true,"href":"https:\/\/www.pressenza.com\/es\/wp-json\/wp\/v2\/comments?post=629818"}],"version-history":[{"count":0,"href":"https:\/\/www.pressenza.com\/es\/wp-json\/wp\/v2\/posts\/629818\/revisions"}],"wp:featuredmedia":[{"embeddable":true,"href":"https:\/\/www.pressenza.com\/es\/wp-json\/wp\/v2\/media\/629823"}],"wp:attachment":[{"href":"https:\/\/www.pressenza.com\/es\/wp-json\/wp\/v2\/media?parent=629818"}],"wp:term":[{"taxonomy":"category","embeddable":true,"href":"https:\/\/www.pressenza.com\/es\/wp-json\/wp\/v2\/categories?post=629818"},{"taxonomy":"post_tag","embeddable":true,"href":"https:\/\/www.pressenza.com\/es\/wp-json\/wp\/v2\/tags?post=629818"}],"curies":[{"name":"wp","href":"https:\/\/api.w.org\/{rel}","templated":true}]}}