{"id":629492,"date":"2018-04-23T01:22:25","date_gmt":"2018-04-23T00:22:25","guid":{"rendered":"https:\/\/www.pressenza.com\/?p=629492"},"modified":"2018-04-23T01:22:25","modified_gmt":"2018-04-23T00:22:25","slug":"nilo-cayuqueo-ante-foro-permanente-las-cuestiones-indigenas-nu","status":"publish","type":"post","link":"https:\/\/www.pressenza.com\/es\/2018\/04\/nilo-cayuqueo-ante-foro-permanente-las-cuestiones-indigenas-nu\/","title":{"rendered":"Nilo Cayuqueo ante el Foro Permanente para las Cuestiones Ind\u00edgenas de NU"},"content":{"rendered":"<p>Mi nombre es Nilo Cayuqueo, soy del pueblo mapuche y vengo de Los Toldos, una comunidad de la Provincia de Buenos Aires, regi\u00f3n de la costa Atl\u00e1ntica, en el centro del pa\u00eds. Es la zona de la llamada \u201cPampa H\u00fameda\u201d, cuya privilegiada fertilidad ha sido el motivo principal de los despojos que hemos padecido.<\/p>\n<p>Estoy aqu\u00ed en nombre de la Asociaci\u00f3n del Mundo Ind\u00edgena (IWA), Comunidad Mapuche La Azotea y tambi\u00e9n al Parlamento De Pueblos Originarios de la Zona Centro.<\/p>\n<p>Pertenezco a la generaci\u00f3n de los primeros delegados ind\u00edgenas que fuimos a la ONU en 1977.<\/p>\n<p>Argentina es un inmenso pa\u00eds de 2 millones 800 mil kil\u00f3metros cuadrados, con una poblaci\u00f3n cercana a los 43 millones de habitantes. 2 millones quinientos mil somos ind\u00edgenas pertenecientes a 34 pueblos distintos.<\/p>\n<p>Todos sabemos lo que pas\u00f3 con la invasi\u00f3n a nuestro continente por parte de los europeos, donde hubo masacres y despojo de nuestros territorios ancestrales.<\/p>\n<p>Hoy d\u00eda, despu\u00e9s de 526 a\u00f1os, la colonizaci\u00f3n no ha terminado, los estados que se formaron en la llamada Latinoam\u00e9rica \u2013que nosotros llamamos Abya Yala\u2013 hace poco m\u00e1s de 200 a\u00f1os, contin\u00faan actualmente tratando de exterminar a nuestros pueblos.<\/p>\n<p>El capitalismo voraz y depredador que se ha implantado en nuestros territorios trae como consecuencia una deliberada intenci\u00f3n de hacernos desaparecer. Ese capitalismo se apodera de nuestros territorios ancestrales y expulsa a nuestra gente a las urbes, donde actualmente vive la mayor\u00eda de los ind\u00edgenas y campesinos empobrecidos del pa\u00eds; en las llamadas \u201cVillas Miserias\u201d, es decir, barrios totalmente marginales.<\/p>\n<p>En los a\u00f1os setenta sufrimos una dictadura militar que extermin\u00f3 e hizo desaparecer a m\u00e1s de 30 mil personas. La violencia tambi\u00e9n se aplic\u00f3 sobre nosotros, los pueblos ind\u00edgenas. Aunque ello es algo a\u00fan demasiado silenciado. Eramos j\u00f3venes que quer\u00edamos cambiar este sistema injusto en el que viv\u00edamos y tener un futuro mejor para nuestros pueblos. Por eso fuimos perseguidos.<\/p>\n<p>Despu\u00e9s del advenimiento de la llamada democracia en Argentina en 1983, la mayor parte de los gobiernos no respetaron los derechos que nos asisten como pueblos Originarios de Abya Yala.<\/p>\n<p>Digo \u201cllamada democracia\u201d porque se trata de un sistema en el que la gente es usada para votar cada cuatro a\u00f1os, pero los pueblos no participan en ninguna de las decisiones importantes que afectan sus vidas. Los pol\u00edticos gobiernan para seguir favoreciendo a las \u00e9lites que se apoderaron de nuestros territorios y todas las riquezas.<\/p>\n<p>Actualmente tenemos en Argentina un\u00a0\u00a0gobierno que, aunque fue elegido por el pueblo, es de una l\u00ednea ultra derechista y con una mentalidad totalmente occidental-europea. Para este gobierno actual \u201cen Argentina todos son descendientes de europeos\u201d, ignorando por completo a los pueblos ind\u00edgenas.<\/p>\n<p>Los pueblos ind\u00edgenas no tenemos ninguna participaci\u00f3n pol\u00edtica en la vida del pa\u00eds y ni siquiera de nuestras vidas mismas.<\/p>\n<p>En este momento, especialmente el pueblo mapuche est\u00e1 bajo una campa\u00f1a de estigmatizaci\u00f3n, tratando de descalificar a nuestras culturas. Los medios de comunicaci\u00f3n dominantes, que responden a los intereses de las \u00e9lites de este gobierno conservador, son parte de esa campa\u00f1a de estigmatizaci\u00f3n. Se est\u00e1 construyendo sobre los pueblos ind\u00edgenas una falsa idea de \u00abpeligrosidad\u00bb, llegando incluso a acusarnos de \u00abterroristas\u00bb. Esto es un modelo de gesti\u00f3n gubernamental que en Chile carga con una larga y triste historia, y el actual gobierno nacional est\u00e1 haciendo gestiones evidentes para implantar deliberadamente ese modelo en nuestro pa\u00eds. Se trata, en definitiva, de impedir el reclamo por los territorios usurpados y el cuestionamiento al extractivismo y los negocios de empresas multinacionales, a trav\u00e9s de perseguir medi\u00e1tica, judicial y represivamente a los pueblos que defienden sus derechos.<\/p>\n<p><strong>Nuestros Derechos Humanos fundamentales, est\u00e1n siendo violados.<\/strong><\/p>\n<p>El pueblo mapuche siempre vivi\u00f3 a ambos lados de la Cordillera. Sin embargo, en el marco de esta alianza entre los Estados de Argentina y Chile, la polic\u00eda y gendarmer\u00eda de ambos pa\u00edses est\u00e1n maltratando y humillando a la gente mapuche cuando \u00e9sta cruza las fronteras, violando el Art\u00edculo 36 del Convenio 169 de la OIT.<\/p>\n<p>Las fuerzas militares, gendarmer\u00eda y polic\u00edas reprimen e intimidan a indefensas comunidades que tratan de defender sus territorios. En agosto de 2017, la gendarmer\u00eda reprimi\u00f3 a una comunidad e hizo desaparecer a Santiago Maldonado, un joven que apoyaba las luchas de una comunidad. 40 d\u00edas despu\u00e9s, Santiago apareci\u00f3 ahogado en el r\u00edo que atraviesa la comunidad.<\/p>\n<p>En el mes de noviembre pasado Rafael Nahuel, un joven mapuche que estaba desarmado y participaba en una manifestaci\u00f3n, fue asesinado por la espalda por la polic\u00eda.<\/p>\n<p>Aunque los oficiales implicados en el hecho est\u00e1n identificados, la llamada justicia \u2013que est\u00e1 ligada grandes poderes pol\u00edticos y econ\u00f3micos\u2013 no ha hecho nada para enjuiciar y condenar a los asesinos.<\/p>\n<p>En los \u00faltimos 10 a\u00f1os, 18 ind\u00edgenas\u00a0han sido asesinados en el pa\u00eds, por distintas fuerzas de seguridad. Hasta la fecha, no se ha procesado a ning\u00fan responsable. Las muertes de Santiago y Nahuel se suman a ellas. Pero hay all\u00ed un agravante. Porque, esta vez, la propia Ministra Nacional de Seguridad ha justificado los asesinatos y la represi\u00f3n ilegal, violando as\u00ed leyes nacionales e internacionales.<\/p>\n<p>Los gobiernos de Argentina y Chile se han reunido para ponerse de acuerdo para poder reprimir con m\u00e1s eficacia a los referentes mapuche que luchan por sus derechos en ambos lados de la frontera.<\/p>\n<p>Facundo Huala, lonko de una comunidad en Argentina, est\u00e1 preso acusado por delitos que no fueron probados en Chile y ahora est\u00e1n tratando de extradictarlo.<\/p>\n<p>El racismo en Argentina es descarnado y cruel, las personas por tener piel oscura y rasgos ind\u00edgenas son maltratados golpeados y humillados y muchas veces asesinados por las fuerzas llamadas de \u201cseguridad\u201d.<\/p>\n<p><strong>Explotaci\u00f3n de los llamados recursos naturales<\/strong><\/p>\n<p>La explotaci\u00f3n de la miner\u00eda se da en todas las provincias, pues es pol\u00edtica de Estado explotar la miner\u00eda, sin importar las consecuencias negativas que esa actividad conlleva.<\/p>\n<p>La explotaci\u00f3n del modelo No Convencional llamado\u00a0<em>fracking<\/em>\u00a0para la extracci\u00f3n de gas y petr\u00f3leo, es otra amenaza a los territorios, a la salud de las comunidades mapuche y al medio ambiente en general. Este proyecto est\u00e1 localizado al sur de Argentina, en la provincia de Neuqu\u00e9n y muy pr\u00f3ximo a la comunidad mapuche Campo Maripe.<\/p>\n<p>En el marco del convenio entre la petrolera Chevron y el gobierno de Cristina Kirchner \u2013a trav\u00e9s de la compa\u00f1\u00eda estatal YPF en 2014, el Estado entreg\u00f3 en concesi\u00f3n a la compa\u00f1\u00eda estadounidense que fue condenada por contaminaci\u00f3n en Ecuador, la cantidad de 40 mil km2 de superficie. Estas concesiones se hicieron en forma secreta y sin la debida consulta previa y consentimiento informado de acuerdo al Convenio 169 de la OIT.<\/p>\n<p>El gobierno actual ratific\u00f3 el convenio y planea aumentar las concesiones y la producci\u00f3n. Pero, aunque el gobierno considera que esas tierras son fiscales, ellas son parte de territorios ancestrales del pueblo mapuche. Las tierras y territorios de los Pueblos Ind\u00edgenas no son reconocidos, pues hay una pol\u00edtica de estado que es la de fomentar el extractivismo y de explotar al m\u00e1ximo y de manera irresponsable e inconsciente los llamados recursos naturales que, en gran parte, est\u00e1n en nuestros territorios.<\/p>\n<p>Adem\u00e1s, como consecuencia de la producci\u00f3n intensiva de transg\u00e9nicos \u2013especialmente la soja\u2013 hoy d\u00eda se est\u00e1n arrojando a los campos m\u00e1s de 300 millones de litros de agrot\u00f3xicos por a\u00f1o. Sin embargo, el gobierno tiene como meta el incremento de estos cultivos, aumentando el uso de los mismos y los desmontes donde viven las comunidades ind\u00edgenas y campesinas.<\/p>\n<p>Toda esa actividad provoca m\u00e1s contaminaci\u00f3n y, en consecuencia, enfermedades en la poblaci\u00f3n y la muerte de la biodiversidad.<\/p>\n<p>La salud de la poblaci\u00f3n est\u00e1 en serios riesgos y ya tenemos un fuerte aumento de casos de c\u00e1ncer de distinto tipo y otras enfermedades. Adem\u00e1s, se est\u00e1 produciendo la muerte s\u00fabita de muchos j\u00f3venes sin ninguna explicaci\u00f3n cient\u00edfica.<\/p>\n<p>Parte de los resultados de estos despojos y agresiones culturales son los suicidios. En mi comunidad, por ejemplo, se han suicidado 7 j\u00f3venes entre 17 y 22 a\u00f1os en los \u00faltimos 6 a\u00f1os.<\/p>\n<p><strong>El Litio es un material muy valorado y fundamental para la fabricaci\u00f3n de celulares y bater\u00edas<\/strong><\/p>\n<p>De acuerdo a IPS, existe en la madre Tierra 39 millones de toneladas de litio, de las cuales la mitad se encuentra en lo que hoy es Argentina, Chile y Bolivia.<\/p>\n<p>En la provincia de Jujuy en el norte de Argentina y cerca de la frontera con Bolivia, se han instalado m\u00e1s de 8 proyectos de miner\u00eda donde se explota el litio. El gobierno planea dar concesi\u00f3n a 53 proyectos m\u00e1s, en una superficie de 876 mil hect\u00e1reas. La gran preocupaci\u00f3n de los pueblos ind\u00edgenas de esa regi\u00f3n es que la explotaci\u00f3n minera traer\u00e1 como consecuencia m\u00e1s despojos de sus territorios como as\u00ed tambi\u00e9n mas contaminaci\u00f3n y violaci\u00f3n de todo tipo. Tanto el gobierno provincial como el nacional, no han hecho las consultas a las comunidades de acuerdo a la ley.<\/p>\n<p>La comunidad Namqon en la provincia de Formosa, ha sido v\u00edctima por a\u00f1os de amedrentamiento y represi\u00f3n por parte del gobierno provincial. En la actualidad sus derechos siguen siendo violados pues la compa\u00f1\u00eda DIOXITEK est\u00e1 construyendo una planta procesadora de uranio solo a 3 kil\u00f3metros. Esto es otra amenaza para salud de la poblaci\u00f3n Qom y a otras comunidades aleda\u00f1as a este lugar. Cabe mencionar que esa Planta fue reubicada desde la Provincia de C\u00f3rdoba a ra\u00edz de las quejas de los vecinos y que \u00e9sta es otra muestra del racismo ambiental en Argentina.<\/p>\n<p>A ra\u00edz\u00a0de\u00a0estas\u00a0violaciones y a la gran cantidad de situaciones de violencia sufrida por comunidades ind\u00edgenas, el Estado argentino ha sido denunciado en varias oportunidades a nivel internacional. Por eso la Comisi\u00f3n\u00a0Interamericana de Derechos Humanos otorg\u00f3\u00a0medidas cautelares, entre otras, a favor de:<\/p>\n<p>Comunidades Abor\u00edgenes\u00a0Lhaka Honhat, Salta, que en el 2006 recomend\u00f3\u00a0entregar los t\u00edtulos de propiedad de 400 mil hect\u00e1reas que pertenecen a cinco pueblos ind\u00edgenas en esa regi\u00f3n, sin que hasta la fecha el Estado haya cumplido con esa recomendaci\u00f3n a otorgar los mismos.<\/p>\n<p>Comunidad Paichil Antriao en Neuqu\u00e9n, que se obstaculiza el<strong>\u00a0<\/strong>acceso de los miembros de la comunidad Lof Paichil Antriao al Rewe Sagrado, y que<strong>\u00a0<\/strong>familias de la comunidad fueron desplazadas del territorio que reclaman como<strong>\u00a0<\/strong>tierra ancestral.<\/p>\n<p>Comunidad El Nogalito (Pueblo Lule), Tucum\u00e1n,\u00a0Argentina, a\u00f1o 2012. La CIDH otorg\u00f3 medidas cautelares para proteger la\u00a0vida\u00a0y\u00a0la\u00a0integridad\u00a0personal\u00a0de esta comunidad, donde en 2012 tres miembros fueron heridos.<\/p>\n<p>Comunidad Ind\u00edgena\u00a0Qom\u00a0Navogoh\u00a0\u201cLa\u00a0Primavera\u201d,\u00a0Formosa,\u00a0Argentina\u00a0(21\/4\/2011). La comunidad alega que miembros de las fuerzas de seguridad habr\u00edan perpetrado una serie de hechos de violencia contra los miembros de la comunidad, que reclamaban los territorios usurpados.<\/p>\n<p>Amnistia Internacional Argentina tambi\u00e9n solicit\u00f3 medidas urgentes en varios casos para poner en conocimiento y detener las violaciones de derechos humanos de los pueblos ind\u00edgenas, de las cuales no se obtuvo ninguna respuesta por parte del Estado.<\/p>\n<p>Todo esto tiene un trasfondo pol\u00edtico, pues \u00e9ste\u00a0\u00a0gobierno como los anteriores, no han tenido voluntad pol\u00edtica de avanzar con un Proyecto de Propiedad Comunitaria que reconozca\u00a0a nuestros territorios y que venimos proponiendo por a\u00f1os.<\/p>\n<p>Sabemos del esfuerzo de las Naciones Unidas para que\u00a0\u00a0se elimine el racismo y la discriminaci\u00f3n y se firmasen Acuerdos y Convenciones para la Eliminaci\u00f3n de todas las formas de Racismo y Discriminaci\u00f3n. Sin embargo, en Argentina estos Acuerdos y Convenciones como la Convenci\u00f3n 169 de la OIT y la Declaraci\u00f3n de los Derechos de los Pueblos Ind\u00edgenas de la ONU no se aplican y son violados con toda impunidad por el gobierno.<\/p>\n<p>Los organismos oficiales del gobierno argentino, encargados de defender y supervisar las leyes que reconocen nuestros derechos como el Instituto Nacional de Asuntos Ind\u00edgenas y otros organismos semejantes en las provincias, resultan ser entes inoperantes y muchos de ellos conjuntamente con los gobiernos, promueven la corrupci\u00f3n y la divisi\u00f3n entre las organizaciones ind\u00edgenas al ofrecer ciertos beneficios personales a un grupo para que convalide ciertas pol\u00edticas que van contra de los pueblos ind\u00edgenas mismos. Esto no es nada nuevo, pues en los gobiernos anteriores tambi\u00e9n existi\u00f3.<\/p>\n<p>En conclusi\u00f3n, venimos de los Cuatro Puntos cardinales del planeta para tratar de hacer o\u00edr nuestras voces. Voces que muchas veces son acalladas o ignoradas en los pa\u00edses de donde provenimos.<\/p>\n<p>Estamos en una era donde, pr\u00e1cticamente, mandan las empresas multinacionales y las \u00e9lites locales y con el resguardo de las fuerzas militares, polic\u00eda, gendarmer\u00eda y los guardias privados.<\/p>\n<p>El pr\u00f3ximo mes de noviembre se llevar\u00e1 a cabo en Buenos Aires la reuni\u00f3n del grupo llamado G20, donde los dominantes pa\u00edses industrializados y los que pretenden serlo, se reunir\u00e1n para planear c\u00f3mo van a seguir lucrando y explotando a la madre Tierra y a los pueblos que en ella vivimos. Por lo tanto, queremos invitar a todas las hermanas y hermanos como as\u00ed tambi\u00e9n a las organizaciones internacionales, campesinos, obreros, estudiantes a venir a Buenos Aires donde organizaremos el Foro de los Pueblos.<\/p>\n<p>Decimos NO al Tratado de Libre Comercio con la Uni\u00f3n Europea, porque se hace a espaldas de los pueblos y este traer\u00e1 m\u00e1s explotaci\u00f3n, contaminaci\u00f3n y p\u00e9rdida de derechos. Hasta la fecha no ha habido alguna consulta con las comunidades ind\u00edgenas, campesinas y otros sectores que ser\u00e1n afectados por ese acuerdo.<\/p>\n<p>La ONU est\u00e1 conformada por los pa\u00edses llamados independientes, pero muchos de ellos a\u00fan mantienen a sus pueblos en una condici\u00f3n de colonialismo interno.<\/p>\n<p>El mundo est\u00e1 en una creciente crisis que est\u00e1 llevando al ser humano hacia la autodestrucci\u00f3n y lamentablemente no se avizora una soluci\u00f3n.<\/p>\n<p>Los pueblos ind\u00edgenas tenemos miles de a\u00f1os de experiencia en vivir arm\u00f3nicamente con la Madre Tierra, y por eso consideramos que las Naciones Unidas tienen la oportunidad hist\u00f3rica de dar participaci\u00f3n pol\u00edtica en su seno a los Pueblos Ind\u00edgenas.<\/p>\n<p>Por otro lado, hacemos un llamado a aquellos gobiernos que a\u00fan creen que otra vida m\u00e1s justa y saludable puede y debe existir en nuestra Madre Tierra, para que alcen sus voces en los Foros gubernamentales y puedan hacer entender que por sobre el dinero y las llamadas riquezas materiales, est\u00e1n en juego todas las vidas.<\/p>\n<p>Tambi\u00e9n hacemos un llamado a nuestras hermanas y hermanos ind\u00edgenas de todo el mundo para que podamos unirnos en una sola voz. No s\u00f3lo en los Foros como \u00e9ste, sino tambi\u00e9n en la actividad diaria en la defensa de nuestros derechos inalienables y que, junto a otros sectores de los pueblos oprimidos no ind\u00edgenas, podamos hermanarnos en la lucha por un mundo m\u00e1s justo y armonioso.<\/p>\n","protected":false},"excerpt":{"rendered":"<p>Mi nombre es Nilo Cayuqueo, soy del pueblo mapuche y vengo de Los Toldos, una comunidad de la Provincia de Buenos Aires, regi\u00f3n de la costa Atl\u00e1ntica, en el centro del pa\u00eds. Es la zona de la llamada \u201cPampa H\u00fameda\u201d,&hellip;<\/p>\n","protected":false},"author":43,"featured_media":629493,"comment_status":"closed","ping_status":"closed","sticky":false,"template":"","format":"standard","meta":{"footnotes":""},"categories":[76,149,11389,67],"tags":[45448,45449,45444,45447,45446,31604,45445,42025,39326],"class_list":["post-629492","post","type-post","status-publish","format-standard","has-post-thumbnail","hentry","category-relaciones-exteriores","category-comunicados-de-prensa","category-contenido-original","category-sudamerica","tag-comunidad-el-nogalito","tag-comunidad-indigena-qom-navogoh-la-primavera","tag-comunidad-namqon","tag-comunidad-paichil-antriao","tag-comunidades-aborigenes-lhaka-honhat","tag-facundo-huala","tag-poblacion-qom","tag-rafael-nahuel","tag-santiago-maldonado"],"yoast_head":"<!-- This site is optimized with the Yoast SEO plugin v27.1.1 - https:\/\/yoast.com\/product\/yoast-seo-wordpress\/ -->\n<title>Nilo Cayuqueo ante el Foro Permanente para las Cuestiones Ind\u00edgenas de NU<\/title>\n<meta name=\"description\" content=\"Mi nombre es Nilo Cayuqueo, soy del pueblo mapuche y vengo de Los Toldos, una comunidad de la Provincia de Buenos Aires, regi\u00f3n de la costa Atl\u00e1ntica, en\" \/>\n<meta name=\"robots\" content=\"index, follow, max-snippet:-1, max-image-preview:large, max-video-preview:-1\" \/>\n<link rel=\"canonical\" href=\"https:\/\/www.pressenza.com\/es\/2018\/04\/nilo-cayuqueo-ante-foro-permanente-las-cuestiones-indigenas-nu\/\" \/>\n<meta property=\"og:locale\" content=\"es_ES\" \/>\n<meta property=\"og:type\" content=\"article\" \/>\n<meta property=\"og:title\" content=\"Nilo Cayuqueo ante el Foro Permanente para las Cuestiones Ind\u00edgenas de NU\" \/>\n<meta property=\"og:description\" content=\"Mi nombre es Nilo Cayuqueo, soy del pueblo mapuche y vengo de Los Toldos, una comunidad de la Provincia de Buenos Aires, regi\u00f3n de la costa Atl\u00e1ntica, en\" \/>\n<meta property=\"og:url\" content=\"https:\/\/www.pressenza.com\/es\/2018\/04\/nilo-cayuqueo-ante-foro-permanente-las-cuestiones-indigenas-nu\/\" \/>\n<meta property=\"og:site_name\" content=\"Pressenza\" \/>\n<meta property=\"article:publisher\" content=\"https:\/\/www.facebook.com\/PressenzaItalia\" \/>\n<meta property=\"article:author\" content=\"https:\/\/www.facebook.com\/pressenza\" \/>\n<meta property=\"article:published_time\" content=\"2018-04-23T00:22:25+00:00\" \/>\n<meta property=\"og:image\" content=\"https:\/\/www.pressenza.com\/wp-content\/uploads\/2018\/04\/CDth2l1W0AA_o_2.jpg\" \/>\n\t<meta property=\"og:image:width\" content=\"960\" \/>\n\t<meta property=\"og:image:height\" content=\"720\" \/>\n\t<meta property=\"og:image:type\" content=\"image\/jpeg\" \/>\n<meta name=\"author\" content=\"Redacci\u00f3n Chile\" \/>\n<meta name=\"twitter:card\" content=\"summary_large_image\" \/>\n<meta name=\"twitter:creator\" content=\"@pressenza\" \/>\n<meta name=\"twitter:site\" content=\"@PressenzaIPA\" \/>\n<meta name=\"twitter:label1\" content=\"Escrito por\" \/>\n\t<meta name=\"twitter:data1\" content=\"Redacci\u00f3n Chile\" \/>\n\t<meta name=\"twitter:label2\" content=\"Tiempo de lectura\" \/>\n\t<meta name=\"twitter:data2\" content=\"13 minutos\" \/>\n<script type=\"application\/ld+json\" class=\"yoast-schema-graph\">{\"@context\":\"https:\/\/schema.org\",\"@graph\":[{\"@type\":\"Article\",\"@id\":\"https:\/\/www.pressenza.com\/es\/2018\/04\/nilo-cayuqueo-ante-foro-permanente-las-cuestiones-indigenas-nu\/#article\",\"isPartOf\":{\"@id\":\"https:\/\/www.pressenza.com\/es\/2018\/04\/nilo-cayuqueo-ante-foro-permanente-las-cuestiones-indigenas-nu\/\"},\"author\":{\"name\":\"Redacci\u00f3n Chile\",\"@id\":\"https:\/\/www.pressenza.com\/es\/#\/schema\/person\/d7db40df35d6698ba69ba9ee260944ed\"},\"headline\":\"Nilo Cayuqueo ante el Foro Permanente para las Cuestiones Ind\u00edgenas de NU\",\"datePublished\":\"2018-04-23T00:22:25+00:00\",\"mainEntityOfPage\":{\"@id\":\"https:\/\/www.pressenza.com\/es\/2018\/04\/nilo-cayuqueo-ante-foro-permanente-las-cuestiones-indigenas-nu\/\"},\"wordCount\":2585,\"publisher\":{\"@id\":\"https:\/\/www.pressenza.com\/es\/#organization\"},\"image\":{\"@id\":\"https:\/\/www.pressenza.com\/es\/2018\/04\/nilo-cayuqueo-ante-foro-permanente-las-cuestiones-indigenas-nu\/#primaryimage\"},\"thumbnailUrl\":\"https:\/\/www.pressenza.com\/wp-content\/uploads\/2018\/04\/CDth2l1W0AA_o_2.jpg\",\"keywords\":[\"Comunidad El Nogalito\",\"Comunidad Ind\u00edgena Qom Navogoh \u201cLa Primavera\u201d\",\"comunidad Namqon\",\"Comunidad Paichil Antriao\",\"Comunidades Abor\u00edgenes Lhaka Honhat\",\"Facundo Huala\",\"poblaci\u00f3n Qom\",\"Rafael Nahuel\",\"Santiago Maldonado\"],\"articleSection\":[\"Asuntos internacionales\",\"Comunicados de Prensa\",\"Contenido Original\",\"Sudam\u00e9rica\"],\"inLanguage\":\"es\"},{\"@type\":\"WebPage\",\"@id\":\"https:\/\/www.pressenza.com\/es\/2018\/04\/nilo-cayuqueo-ante-foro-permanente-las-cuestiones-indigenas-nu\/\",\"url\":\"https:\/\/www.pressenza.com\/es\/2018\/04\/nilo-cayuqueo-ante-foro-permanente-las-cuestiones-indigenas-nu\/\",\"name\":\"Nilo Cayuqueo ante el Foro Permanente para las Cuestiones Ind\u00edgenas de NU\",\"isPartOf\":{\"@id\":\"https:\/\/www.pressenza.com\/es\/#website\"},\"primaryImageOfPage\":{\"@id\":\"https:\/\/www.pressenza.com\/es\/2018\/04\/nilo-cayuqueo-ante-foro-permanente-las-cuestiones-indigenas-nu\/#primaryimage\"},\"image\":{\"@id\":\"https:\/\/www.pressenza.com\/es\/2018\/04\/nilo-cayuqueo-ante-foro-permanente-las-cuestiones-indigenas-nu\/#primaryimage\"},\"thumbnailUrl\":\"https:\/\/www.pressenza.com\/wp-content\/uploads\/2018\/04\/CDth2l1W0AA_o_2.jpg\",\"datePublished\":\"2018-04-23T00:22:25+00:00\",\"description\":\"Mi nombre es Nilo Cayuqueo, soy del pueblo mapuche y vengo de Los Toldos, una comunidad de la Provincia de Buenos Aires, regi\u00f3n de la costa Atl\u00e1ntica, en\",\"breadcrumb\":{\"@id\":\"https:\/\/www.pressenza.com\/es\/2018\/04\/nilo-cayuqueo-ante-foro-permanente-las-cuestiones-indigenas-nu\/#breadcrumb\"},\"inLanguage\":\"es\",\"potentialAction\":[{\"@type\":\"ReadAction\",\"target\":[\"https:\/\/www.pressenza.com\/es\/2018\/04\/nilo-cayuqueo-ante-foro-permanente-las-cuestiones-indigenas-nu\/\"]}]},{\"@type\":\"ImageObject\",\"inLanguage\":\"es\",\"@id\":\"https:\/\/www.pressenza.com\/es\/2018\/04\/nilo-cayuqueo-ante-foro-permanente-las-cuestiones-indigenas-nu\/#primaryimage\",\"url\":\"https:\/\/www.pressenza.com\/wp-content\/uploads\/2018\/04\/CDth2l1W0AA_o_2.jpg\",\"contentUrl\":\"https:\/\/www.pressenza.com\/wp-content\/uploads\/2018\/04\/CDth2l1W0AA_o_2.jpg\",\"width\":960,\"height\":720},{\"@type\":\"BreadcrumbList\",\"@id\":\"https:\/\/www.pressenza.com\/es\/2018\/04\/nilo-cayuqueo-ante-foro-permanente-las-cuestiones-indigenas-nu\/#breadcrumb\",\"itemListElement\":[{\"@type\":\"ListItem\",\"position\":1,\"name\":\"Accueil\",\"item\":\"https:\/\/www.pressenza.com\/es\/\"},{\"@type\":\"ListItem\",\"position\":2,\"name\":\"Nilo Cayuqueo ante el Foro Permanente para las Cuestiones Ind\u00edgenas de NU\"}]},{\"@type\":\"WebSite\",\"@id\":\"https:\/\/www.pressenza.com\/es\/#website\",\"url\":\"https:\/\/www.pressenza.com\/es\/\",\"name\":\"Pressenza\",\"description\":\"International Press Agency\",\"publisher\":{\"@id\":\"https:\/\/www.pressenza.com\/es\/#organization\"},\"potentialAction\":[{\"@type\":\"SearchAction\",\"target\":{\"@type\":\"EntryPoint\",\"urlTemplate\":\"https:\/\/www.pressenza.com\/es\/?s={search_term_string}\"},\"query-input\":{\"@type\":\"PropertyValueSpecification\",\"valueRequired\":true,\"valueName\":\"search_term_string\"}}],\"inLanguage\":\"es\"},{\"@type\":\"Organization\",\"@id\":\"https:\/\/www.pressenza.com\/es\/#organization\",\"name\":\"Pressenza\",\"url\":\"https:\/\/www.pressenza.com\/es\/\",\"logo\":{\"@type\":\"ImageObject\",\"inLanguage\":\"es\",\"@id\":\"https:\/\/www.pressenza.com\/es\/#\/schema\/logo\/image\/\",\"url\":\"https:\/\/www.pressenza.com\/wp-content\/uploads\/2022\/10\/pressenza_logo_200x200.jpg\",\"contentUrl\":\"https:\/\/www.pressenza.com\/wp-content\/uploads\/2022\/10\/pressenza_logo_200x200.jpg\",\"width\":200,\"height\":200,\"caption\":\"Pressenza\"},\"image\":{\"@id\":\"https:\/\/www.pressenza.com\/es\/#\/schema\/logo\/image\/\"},\"sameAs\":[\"https:\/\/www.facebook.com\/PressenzaItalia\",\"https:\/\/x.com\/PressenzaIPA\"]},{\"@type\":\"Person\",\"@id\":\"https:\/\/www.pressenza.com\/es\/#\/schema\/person\/d7db40df35d6698ba69ba9ee260944ed\",\"name\":\"Redacci\u00f3n Chile\",\"description\":\"News from the Pressenza Bureau in Chile\",\"sameAs\":[\"https:\/\/www.facebook.com\/pressenza\",\"https:\/\/x.com\/pressenza\"],\"url\":\"https:\/\/www.pressenza.com\/es\/author\/redaccion-chile\/\"}]}<\/script>\n<!-- \/ Yoast SEO plugin. -->","yoast_head_json":{"title":"Nilo Cayuqueo ante el Foro Permanente para las Cuestiones Ind\u00edgenas de NU","description":"Mi nombre es Nilo Cayuqueo, soy del pueblo mapuche y vengo de Los Toldos, una comunidad de la Provincia de Buenos Aires, regi\u00f3n de la costa Atl\u00e1ntica, en","robots":{"index":"index","follow":"follow","max-snippet":"max-snippet:-1","max-image-preview":"max-image-preview:large","max-video-preview":"max-video-preview:-1"},"canonical":"https:\/\/www.pressenza.com\/es\/2018\/04\/nilo-cayuqueo-ante-foro-permanente-las-cuestiones-indigenas-nu\/","og_locale":"es_ES","og_type":"article","og_title":"Nilo Cayuqueo ante el Foro Permanente para las Cuestiones Ind\u00edgenas de NU","og_description":"Mi nombre es Nilo Cayuqueo, soy del pueblo mapuche y vengo de Los Toldos, una comunidad de la Provincia de Buenos Aires, regi\u00f3n de la costa Atl\u00e1ntica, en","og_url":"https:\/\/www.pressenza.com\/es\/2018\/04\/nilo-cayuqueo-ante-foro-permanente-las-cuestiones-indigenas-nu\/","og_site_name":"Pressenza","article_publisher":"https:\/\/www.facebook.com\/PressenzaItalia","article_author":"https:\/\/www.facebook.com\/pressenza","article_published_time":"2018-04-23T00:22:25+00:00","og_image":[{"width":960,"height":720,"url":"https:\/\/www.pressenza.com\/wp-content\/uploads\/2018\/04\/CDth2l1W0AA_o_2.jpg","type":"image\/jpeg"}],"author":"Redacci\u00f3n Chile","twitter_card":"summary_large_image","twitter_creator":"@pressenza","twitter_site":"@PressenzaIPA","twitter_misc":{"Escrito por":"Redacci\u00f3n Chile","Tiempo de lectura":"13 minutos"},"schema":{"@context":"https:\/\/schema.org","@graph":[{"@type":"Article","@id":"https:\/\/www.pressenza.com\/es\/2018\/04\/nilo-cayuqueo-ante-foro-permanente-las-cuestiones-indigenas-nu\/#article","isPartOf":{"@id":"https:\/\/www.pressenza.com\/es\/2018\/04\/nilo-cayuqueo-ante-foro-permanente-las-cuestiones-indigenas-nu\/"},"author":{"name":"Redacci\u00f3n Chile","@id":"https:\/\/www.pressenza.com\/es\/#\/schema\/person\/d7db40df35d6698ba69ba9ee260944ed"},"headline":"Nilo Cayuqueo ante el Foro Permanente para las Cuestiones Ind\u00edgenas de NU","datePublished":"2018-04-23T00:22:25+00:00","mainEntityOfPage":{"@id":"https:\/\/www.pressenza.com\/es\/2018\/04\/nilo-cayuqueo-ante-foro-permanente-las-cuestiones-indigenas-nu\/"},"wordCount":2585,"publisher":{"@id":"https:\/\/www.pressenza.com\/es\/#organization"},"image":{"@id":"https:\/\/www.pressenza.com\/es\/2018\/04\/nilo-cayuqueo-ante-foro-permanente-las-cuestiones-indigenas-nu\/#primaryimage"},"thumbnailUrl":"https:\/\/www.pressenza.com\/wp-content\/uploads\/2018\/04\/CDth2l1W0AA_o_2.jpg","keywords":["Comunidad El Nogalito","Comunidad Ind\u00edgena Qom Navogoh \u201cLa Primavera\u201d","comunidad Namqon","Comunidad Paichil Antriao","Comunidades Abor\u00edgenes Lhaka Honhat","Facundo Huala","poblaci\u00f3n Qom","Rafael Nahuel","Santiago Maldonado"],"articleSection":["Asuntos internacionales","Comunicados de Prensa","Contenido Original","Sudam\u00e9rica"],"inLanguage":"es"},{"@type":"WebPage","@id":"https:\/\/www.pressenza.com\/es\/2018\/04\/nilo-cayuqueo-ante-foro-permanente-las-cuestiones-indigenas-nu\/","url":"https:\/\/www.pressenza.com\/es\/2018\/04\/nilo-cayuqueo-ante-foro-permanente-las-cuestiones-indigenas-nu\/","name":"Nilo Cayuqueo ante el Foro Permanente para las Cuestiones Ind\u00edgenas de NU","isPartOf":{"@id":"https:\/\/www.pressenza.com\/es\/#website"},"primaryImageOfPage":{"@id":"https:\/\/www.pressenza.com\/es\/2018\/04\/nilo-cayuqueo-ante-foro-permanente-las-cuestiones-indigenas-nu\/#primaryimage"},"image":{"@id":"https:\/\/www.pressenza.com\/es\/2018\/04\/nilo-cayuqueo-ante-foro-permanente-las-cuestiones-indigenas-nu\/#primaryimage"},"thumbnailUrl":"https:\/\/www.pressenza.com\/wp-content\/uploads\/2018\/04\/CDth2l1W0AA_o_2.jpg","datePublished":"2018-04-23T00:22:25+00:00","description":"Mi nombre es Nilo Cayuqueo, soy del pueblo mapuche y vengo de Los Toldos, una comunidad de la Provincia de Buenos Aires, regi\u00f3n de la costa Atl\u00e1ntica, en","breadcrumb":{"@id":"https:\/\/www.pressenza.com\/es\/2018\/04\/nilo-cayuqueo-ante-foro-permanente-las-cuestiones-indigenas-nu\/#breadcrumb"},"inLanguage":"es","potentialAction":[{"@type":"ReadAction","target":["https:\/\/www.pressenza.com\/es\/2018\/04\/nilo-cayuqueo-ante-foro-permanente-las-cuestiones-indigenas-nu\/"]}]},{"@type":"ImageObject","inLanguage":"es","@id":"https:\/\/www.pressenza.com\/es\/2018\/04\/nilo-cayuqueo-ante-foro-permanente-las-cuestiones-indigenas-nu\/#primaryimage","url":"https:\/\/www.pressenza.com\/wp-content\/uploads\/2018\/04\/CDth2l1W0AA_o_2.jpg","contentUrl":"https:\/\/www.pressenza.com\/wp-content\/uploads\/2018\/04\/CDth2l1W0AA_o_2.jpg","width":960,"height":720},{"@type":"BreadcrumbList","@id":"https:\/\/www.pressenza.com\/es\/2018\/04\/nilo-cayuqueo-ante-foro-permanente-las-cuestiones-indigenas-nu\/#breadcrumb","itemListElement":[{"@type":"ListItem","position":1,"name":"Accueil","item":"https:\/\/www.pressenza.com\/es\/"},{"@type":"ListItem","position":2,"name":"Nilo Cayuqueo ante el Foro Permanente para las Cuestiones Ind\u00edgenas de NU"}]},{"@type":"WebSite","@id":"https:\/\/www.pressenza.com\/es\/#website","url":"https:\/\/www.pressenza.com\/es\/","name":"Pressenza","description":"International Press Agency","publisher":{"@id":"https:\/\/www.pressenza.com\/es\/#organization"},"potentialAction":[{"@type":"SearchAction","target":{"@type":"EntryPoint","urlTemplate":"https:\/\/www.pressenza.com\/es\/?s={search_term_string}"},"query-input":{"@type":"PropertyValueSpecification","valueRequired":true,"valueName":"search_term_string"}}],"inLanguage":"es"},{"@type":"Organization","@id":"https:\/\/www.pressenza.com\/es\/#organization","name":"Pressenza","url":"https:\/\/www.pressenza.com\/es\/","logo":{"@type":"ImageObject","inLanguage":"es","@id":"https:\/\/www.pressenza.com\/es\/#\/schema\/logo\/image\/","url":"https:\/\/www.pressenza.com\/wp-content\/uploads\/2022\/10\/pressenza_logo_200x200.jpg","contentUrl":"https:\/\/www.pressenza.com\/wp-content\/uploads\/2022\/10\/pressenza_logo_200x200.jpg","width":200,"height":200,"caption":"Pressenza"},"image":{"@id":"https:\/\/www.pressenza.com\/es\/#\/schema\/logo\/image\/"},"sameAs":["https:\/\/www.facebook.com\/PressenzaItalia","https:\/\/x.com\/PressenzaIPA"]},{"@type":"Person","@id":"https:\/\/www.pressenza.com\/es\/#\/schema\/person\/d7db40df35d6698ba69ba9ee260944ed","name":"Redacci\u00f3n Chile","description":"News from the Pressenza Bureau in Chile","sameAs":["https:\/\/www.facebook.com\/pressenza","https:\/\/x.com\/pressenza"],"url":"https:\/\/www.pressenza.com\/es\/author\/redaccion-chile\/"}]}},"place":"Santiago de Chile","original_article_url":"","_links":{"self":[{"href":"https:\/\/www.pressenza.com\/es\/wp-json\/wp\/v2\/posts\/629492","targetHints":{"allow":["GET"]}}],"collection":[{"href":"https:\/\/www.pressenza.com\/es\/wp-json\/wp\/v2\/posts"}],"about":[{"href":"https:\/\/www.pressenza.com\/es\/wp-json\/wp\/v2\/types\/post"}],"author":[{"embeddable":true,"href":"https:\/\/www.pressenza.com\/es\/wp-json\/wp\/v2\/users\/43"}],"replies":[{"embeddable":true,"href":"https:\/\/www.pressenza.com\/es\/wp-json\/wp\/v2\/comments?post=629492"}],"version-history":[{"count":0,"href":"https:\/\/www.pressenza.com\/es\/wp-json\/wp\/v2\/posts\/629492\/revisions"}],"wp:featuredmedia":[{"embeddable":true,"href":"https:\/\/www.pressenza.com\/es\/wp-json\/wp\/v2\/media\/629493"}],"wp:attachment":[{"href":"https:\/\/www.pressenza.com\/es\/wp-json\/wp\/v2\/media?parent=629492"}],"wp:term":[{"taxonomy":"category","embeddable":true,"href":"https:\/\/www.pressenza.com\/es\/wp-json\/wp\/v2\/categories?post=629492"},{"taxonomy":"post_tag","embeddable":true,"href":"https:\/\/www.pressenza.com\/es\/wp-json\/wp\/v2\/tags?post=629492"}],"curies":[{"name":"wp","href":"https:\/\/api.w.org\/{rel}","templated":true}]}}