{"id":629294,"date":"2018-04-22T19:30:54","date_gmt":"2018-04-22T18:30:54","guid":{"rendered":"https:\/\/www.pressenza.com\/?p=629294"},"modified":"2018-04-22T19:32:12","modified_gmt":"2018-04-22T18:32:12","slug":"siria-la-propaganda-la-prensa","status":"publish","type":"post","link":"https:\/\/www.pressenza.com\/es\/2018\/04\/siria-la-propaganda-la-prensa\/","title":{"rendered":"Siria y la propaganda de la prensa"},"content":{"rendered":"<p>Por Margareth Kimberley, Black Agenda Report, 18\/04\/2018<\/p>\n<p>Ver el post original <a href=\"http:\/\/app.getresponse.com\/click.html?x=a62b&amp;lc=BVtlkQ&amp;mc=IV&amp;s=WhbiqA&amp;u=BjGPz&amp;y=i&amp;\">aqu\u00ed<\/a><\/p>\n<p><strong><em>\u201cTrump se protege a s\u00ed mismo con la guerra mientras los Dem\u00f3cratas y el resto de la \u00e9lite gobernante apoya su militarismo\u201d.<\/em><\/strong><\/p>\n<p>Es dif\u00edcil para los estadounidenses determinar lo que est\u00e1 pasando en su pa\u00eds y en todo el mundo. Esto se debe a que los medios corporativos tienen un control casi total sobre lo que los ciudadanos ven y oyen, y porque esos intereses est\u00e1n estrechamente relacionados con el estado. La promesa del Internet, la tan esperada igualdad de condiciones para la comunicaci\u00f3n y la recopilaci\u00f3n de informaci\u00f3n tambi\u00e9n est\u00e1n bajo el control corporativo. Ahora es parte de esfuerzos bien coordinados de censura y un ataque contra sitios de izquierda como <em>Black Agenda Report.<\/em><\/p>\n<p>Las mentiras que permitieron que los Estados Unidos, Francia y Gran Breta\u00f1a atacaran Siria se presentan sin contradicci\u00f3n. Las personas con conocimiento y experiencia que pueden contrarrestar estas narrativas no tienen acceso a los peri\u00f3dicos o las estaciones de televisi\u00f3n.<\/p>\n<p>La estrecha relaci\u00f3n entre el <em>deep state<\/em> (un entramado de entidades y personas que gobiernan entre bastidores mientras que los procesos de elecci\u00f3n democr\u00e1tica y las autoridades elegidas son meras figuras decorativas), los medios corporativos y la \u00e9lite del establishment en el pa\u00eds y en el extranjero contin\u00faan sin obst\u00e1culos.<\/p>\n<p><strong><em>\u201cLa primera ministra brit\u00e1nica Theresa May se neg\u00f3 a permitir una votaci\u00f3n parlamentaria sobre el ataque con misiles a Siria\u201d.<\/em><\/strong><\/p>\n<p>Donald Trump puede ser etiquetado como fascista, pero atac\u00f3 a Siria con ayuda de Francia y Gran Breta\u00f1a. Al parecer, todos los l\u00edderes de un pa\u00eds del \u201cmundo libre\u201d son fascistas. Ciertamente se comportan de esa manera mientras pisotean los derechos de millones de personas. Lejos de ser las naciones \u201ccivilizadas\u201d a las que Trump se refiri\u00f3 en su discurso por televisi\u00f3n, estos tres pa\u00edses se encuentran entre los m\u00e1s criminales que jam\u00e1s hayan existido. Estos pa\u00edses se volvieron ricos por medio del comercio de esclavos, los genocidios ind\u00edgenas, las econom\u00edas de plantaci\u00f3n en las Am\u00e9ricas y el robo de recursos en todo el mundo. Ahora pasan por encima de su propia gente. La primera ministra brit\u00e1nica Theresa May se neg\u00f3 a pedir una votaci\u00f3n parlamentaria sobre el ataque con misiles a Siria y mostr\u00f3 el vac\u00edo de las afirmaciones de que su naci\u00f3n es democr\u00e1tica. Lo mismo puede decirse de sus compa\u00f1eros de crimen.<\/p>\n<p>Francia empobreci\u00f3 a Hait\u00ed con casi 100 a\u00f1os de robo, <a href=\"https:\/\/blackagendareport.com\/1961_paris_massacre\">asesin\u00f3 a argelinos<\/a> en las calles de Par\u00eds y sus antiguas colonias africanas siguen siendo dependientes de forma financiera. El ex presidente <a href=\"https:\/\/www.mintpressnews.com\/nicolas-sarkozy-crime-and-punishment\/239669\/\">Nicolas Sarkozy<\/a> recibi\u00f3 millones de d\u00f3lares de Muamar Gadafi y luego lo mand\u00f3 a matar, tal como lo har\u00eda un jefe de la mafia. Ahora se han confabulado con la ayuda de los propagandistas de la prensa de los tres pa\u00edses para enga\u00f1ar a millones de personas mientras intentan continuar como g\u00e1nsteres sus agresiones contra Siria.<\/p>\n<p><strong><em>\u201cSarkozy recibi\u00f3 millones de d\u00f3lares de Muamar Gadafi y luego lo mand\u00f3 a matar, tal como lo har\u00eda un jefe de la mafia.\u201d<\/em><\/strong><\/p>\n<p>Si incluso los periodistas mediocres pudieran reportar libremente sobre este tema, el crimen ser\u00eda obvio. Hay que considerar la l\u00ednea de tiempo de los eventos. El 4 de marzo, el ex agente doble ruso Sergei Skripal y su hija son envenenados con un agente qu\u00edmico en Gran Breta\u00f1a. El gobierno brit\u00e1nico culpa inmediatamente a Rusia, que no ten\u00eda ning\u00fan motivo para atentar contra un ex esp\u00eda que intercambiaron hace ocho a\u00f1os. El pr\u00edncipe heredero de la Arabia Saudita Mohammed bin Salman llega a Londres para una visita oficial el 7 de marzo. El 12 de marzo, el presidente franc\u00e9s Emmanuel Macron, declara que Francia atacar\u00e1 a Siria si all\u00ed se usan armas qu\u00edmicas. Al d\u00eda siguiente, el ej\u00e9rcito ruso afirma tener pruebas de que se llevar\u00e1 a cabo un ataque qu\u00edmico contra civiles sirios como pretexto para la guerra. El 16 de marzo, <a href=\"https:\/\/www.reuters.com\/article\/us-mideast-crisis-syria-france\/frances-foreign-ministry-tells-reporters-to-stop-all-travel-to-syria-idUSKCN1GS1DN\">Francia advierte a los periodistas<\/a> franceses para que abandonen Siria. Mohammed bin Salman llega a Washington el 19 de marzo. El 8 de abril va a Par\u00eds para otra visita oficial. Ese mismo d\u00eda, los grupos yihadistas financiados por Arabia Saudita y los Cascos Blancos, que fueron creados por un oficial de inteligencia brit\u00e1nico, afirman que se produjo un ataque con armas qu\u00edmicas en la ciudad de Douma. El 14 de abril, Estados Unidos, Francia y Gran Breta\u00f1a se unen al ataque con misiles.<\/p>\n<p><strong><em>\u00abSe han confabulado con la ayuda de los propagandistas de prensa en los tres pa\u00edses para enga\u00f1ar a millones de personas\u00bb.<\/em><\/strong><\/p>\n<p>Los agresores son muy transparentes. La trama se llev\u00f3 a cabo al aire libre. Pero debido a que tienen medios de comunicaci\u00f3n obedientes detr\u00e1s de ellos, no tienen nada de qu\u00e9 preocuparse. Ning\u00fan periodista pregunt\u00f3 por qu\u00e9 Sergei Skripal y su hija son en realidad rehenes y se les niega el acceso a funcionarios rusos, como exige un tratado entre las dos naciones. Nadie cuestiona una declaraci\u00f3n extra\u00f1amente redactada que supuestamente pertenece a <a href=\"http:\/\/news.met.police.uk\/news\/statement-issued-on-behalf-of-yulia-skripal-302508\">Yulia Skripal<\/a> pero emitida por la Polic\u00eda Metropolitana de Londres en la que dijo que no quer\u00eda ayuda de su gobierno ni contacto con sus parientes.<\/p>\n<p>\u00bfPor qu\u00e9 no deber\u00eda Mohammed bin Salman planificar abiertamente con presidentes y primeros ministros? \u00bfQui\u00e9n lo va a cuestionar? El New York Times y MSNBC y el Washington Post y la BBC y AFP ciertamente no lo har\u00e1n. Probablemente nunca sabremos el nombre de la persona o las personas que envenenaron a los Skripal, pero el sentido com\u00fan nos dice que los perpetradores obedecieron \u00f3rdenes de alguien que quer\u00eda un pretexto para la guerra.<\/p>\n<p><strong><em>\u00abLa trama se llev\u00f3 a cabo al aire libre\u00bb.<\/em><\/strong><\/p>\n<p>El ataque a\u00e9reo fue limitado debido a las negociaciones secretas entre estos pa\u00edses. El peligro puede parecerse al teatro Kabuki, pero nadie deber\u00eda asumir que ha terminado. Los criminales en Washington, Londres y Par\u00eds pueden ir demasiado lejos y provocar una gran guerra.<\/p>\n<p>Los tres jefes de estado tienen sus propias preocupaciones. Macron fue puesto en el poder para acabar con el estado de bienestar de su pa\u00eds y cualquier remanente de la izquierda pol\u00edtica. May est\u00e1 luchando con las negociaciones del Brexit y con las crueles medidas de austeridad que la han hecho tan impopular que evita a toda costa a los votantes. Trump puede ser acusado pero se protege a s\u00ed mismo con la guerra ya que los Dem\u00f3cratas y el resto de la elite gobernante apoyan su militarismo.<\/p>\n<p>Independientemente de las razones individuales, estas tres personas son una amenaza para todo el planeta. Los medios corporativos los ayudan como escribas y presentan la propaganda de guerra como un hecho. Los juicios de Nuremberg despu\u00e9s de la Segunda Guerra Mundial determinaron que planear una guerra de agresi\u00f3n es un crimen y que tambi\u00e9n lo es la propaganda que lo promueve. May, Trump y Macron son culpables, pero tambi\u00e9n lo son los llamados periodistas. Los criminales no podr\u00edan cometer sus sucias acciones sin su ayuda.<\/p>\n<p><em>Traducido del ingl\u00e9s por Valeria Torres<\/em><\/p>\n","protected":false},"excerpt":{"rendered":"<p>Por Margareth Kimberley, Black Agenda Report, 18\/04\/2018 Ver el post original aqu\u00ed \u201cTrump se protege a s\u00ed mismo con la guerra mientras los Dem\u00f3cratas y el resto de la \u00e9lite gobernante apoya su militarismo\u201d. Es dif\u00edcil para los estadounidenses determinar&hellip;<\/p>\n","protected":false},"author":594,"featured_media":627932,"comment_status":"closed","ping_status":"closed","sticky":false,"template":"","format":"standard","meta":{"footnotes":""},"categories":[75,66,71,68,161,1243],"tags":[45143,26187,36644,11954,45367,7165,535,6397,44345,181],"class_list":["post-629294","post","type-post","status-publish","format-standard","has-post-thumbnail","hentry","category-cultura-es","category-europa-es","category-medio-oriente-es","category-norteamerica","category-opiniones","category-paz-desarme","tag-dhouma","tag-donald-trump-es","tag-emmanuel-macron","tag-ghouta","tag-margareth-may","tag-opaq","tag-propaganda","tag-siria","tag-skripal","tag-syria"],"yoast_head":"<!-- This site is optimized with the Yoast SEO plugin v27.1.1 - https:\/\/yoast.com\/product\/yoast-seo-wordpress\/ -->\n<title>Siria y la propaganda de la prensa<\/title>\n<meta name=\"description\" content=\"Por Margareth Kimberley, Black Agenda Report, 18\/04\/2018 Ver el post original aqu\u00ed \u201cTrump se protege a s\u00ed mismo con la guerra mientras los Dem\u00f3cratas y el\" \/>\n<meta name=\"robots\" content=\"index, follow, max-snippet:-1, max-image-preview:large, max-video-preview:-1\" \/>\n<link rel=\"canonical\" href=\"https:\/\/www.pressenza.com\/es\/2018\/04\/siria-la-propaganda-la-prensa\/\" \/>\n<meta property=\"og:locale\" content=\"es_ES\" \/>\n<meta property=\"og:type\" content=\"article\" \/>\n<meta property=\"og:title\" content=\"Siria y la propaganda de la prensa\" \/>\n<meta property=\"og:description\" content=\"Por Margareth Kimberley, Black Agenda Report, 18\/04\/2018 Ver el post original aqu\u00ed \u201cTrump se protege a s\u00ed mismo con la guerra mientras los Dem\u00f3cratas y el\" \/>\n<meta property=\"og:url\" content=\"https:\/\/www.pressenza.com\/es\/2018\/04\/siria-la-propaganda-la-prensa\/\" \/>\n<meta property=\"og:site_name\" content=\"Pressenza\" \/>\n<meta property=\"article:publisher\" content=\"https:\/\/www.facebook.com\/PressenzaItalia\" \/>\n<meta property=\"article:author\" content=\"https:\/\/www.facebook.com\/PressenzaItalia\" \/>\n<meta property=\"article:published_time\" content=\"2018-04-22T18:30:54+00:00\" \/>\n<meta property=\"article:modified_time\" content=\"2018-04-22T18:32:12+00:00\" \/>\n<meta property=\"og:image\" content=\"https:\/\/www.pressenza.com\/wp-content\/uploads\/2018\/04\/Lies.png\" \/>\n\t<meta property=\"og:image:width\" content=\"1135\" \/>\n\t<meta property=\"og:image:height\" content=\"628\" \/>\n\t<meta property=\"og:image:type\" content=\"image\/png\" \/>\n<meta name=\"author\" content=\"Redazione Italia\" \/>\n<meta name=\"twitter:card\" content=\"summary_large_image\" \/>\n<meta name=\"twitter:creator\" content=\"@pressenza_it\" \/>\n<meta name=\"twitter:site\" content=\"@PressenzaIPA\" \/>\n<meta name=\"twitter:label1\" content=\"Escrito por\" \/>\n\t<meta name=\"twitter:data1\" content=\"Redazione Italia\" \/>\n\t<meta name=\"twitter:label2\" content=\"Tiempo de lectura\" \/>\n\t<meta name=\"twitter:data2\" content=\"6 minutos\" \/>\n<script type=\"application\/ld+json\" class=\"yoast-schema-graph\">{\"@context\":\"https:\/\/schema.org\",\"@graph\":[{\"@type\":\"Article\",\"@id\":\"https:\/\/www.pressenza.com\/es\/2018\/04\/siria-la-propaganda-la-prensa\/#article\",\"isPartOf\":{\"@id\":\"https:\/\/www.pressenza.com\/es\/2018\/04\/siria-la-propaganda-la-prensa\/\"},\"author\":{\"name\":\"Redazione Italia\",\"@id\":\"https:\/\/www.pressenza.com\/es\/#\/schema\/person\/d983e81827ae24f2c7b1a2123d197f8d\"},\"headline\":\"Siria y la propaganda de la prensa\",\"datePublished\":\"2018-04-22T18:30:54+00:00\",\"dateModified\":\"2018-04-22T18:32:12+00:00\",\"mainEntityOfPage\":{\"@id\":\"https:\/\/www.pressenza.com\/es\/2018\/04\/siria-la-propaganda-la-prensa\/\"},\"wordCount\":1248,\"publisher\":{\"@id\":\"https:\/\/www.pressenza.com\/es\/#organization\"},\"image\":{\"@id\":\"https:\/\/www.pressenza.com\/es\/2018\/04\/siria-la-propaganda-la-prensa\/#primaryimage\"},\"thumbnailUrl\":\"https:\/\/www.pressenza.com\/wp-content\/uploads\/2018\/04\/Lies.png\",\"keywords\":[\"Dhouma\",\"Donald Trump\",\"Emmanuel Macron\",\"Ghouta\",\"Margareth May\",\"opaq\",\"propaganda\",\"Siria\",\"Skripal\",\"Syria\"],\"articleSection\":[\"Cultura y Medios\",\"Europa\",\"Medio Oriente\",\"Norteam\u00e9rica\",\"Opiniones\",\"Paz y Desarme\"],\"inLanguage\":\"es\"},{\"@type\":\"WebPage\",\"@id\":\"https:\/\/www.pressenza.com\/es\/2018\/04\/siria-la-propaganda-la-prensa\/\",\"url\":\"https:\/\/www.pressenza.com\/es\/2018\/04\/siria-la-propaganda-la-prensa\/\",\"name\":\"Siria y la propaganda de la prensa\",\"isPartOf\":{\"@id\":\"https:\/\/www.pressenza.com\/es\/#website\"},\"primaryImageOfPage\":{\"@id\":\"https:\/\/www.pressenza.com\/es\/2018\/04\/siria-la-propaganda-la-prensa\/#primaryimage\"},\"image\":{\"@id\":\"https:\/\/www.pressenza.com\/es\/2018\/04\/siria-la-propaganda-la-prensa\/#primaryimage\"},\"thumbnailUrl\":\"https:\/\/www.pressenza.com\/wp-content\/uploads\/2018\/04\/Lies.png\",\"datePublished\":\"2018-04-22T18:30:54+00:00\",\"dateModified\":\"2018-04-22T18:32:12+00:00\",\"description\":\"Por Margareth Kimberley, Black Agenda Report, 18\/04\/2018 Ver el post original aqu\u00ed \u201cTrump se protege a s\u00ed mismo con la guerra mientras los Dem\u00f3cratas y el\",\"breadcrumb\":{\"@id\":\"https:\/\/www.pressenza.com\/es\/2018\/04\/siria-la-propaganda-la-prensa\/#breadcrumb\"},\"inLanguage\":\"es\",\"potentialAction\":[{\"@type\":\"ReadAction\",\"target\":[\"https:\/\/www.pressenza.com\/es\/2018\/04\/siria-la-propaganda-la-prensa\/\"]}]},{\"@type\":\"ImageObject\",\"inLanguage\":\"es\",\"@id\":\"https:\/\/www.pressenza.com\/es\/2018\/04\/siria-la-propaganda-la-prensa\/#primaryimage\",\"url\":\"https:\/\/www.pressenza.com\/wp-content\/uploads\/2018\/04\/Lies.png\",\"contentUrl\":\"https:\/\/www.pressenza.com\/wp-content\/uploads\/2018\/04\/Lies.png\",\"width\":1135,\"height\":628},{\"@type\":\"BreadcrumbList\",\"@id\":\"https:\/\/www.pressenza.com\/es\/2018\/04\/siria-la-propaganda-la-prensa\/#breadcrumb\",\"itemListElement\":[{\"@type\":\"ListItem\",\"position\":1,\"name\":\"Accueil\",\"item\":\"https:\/\/www.pressenza.com\/es\/\"},{\"@type\":\"ListItem\",\"position\":2,\"name\":\"Siria y la propaganda de la prensa\"}]},{\"@type\":\"WebSite\",\"@id\":\"https:\/\/www.pressenza.com\/es\/#website\",\"url\":\"https:\/\/www.pressenza.com\/es\/\",\"name\":\"Pressenza\",\"description\":\"International Press Agency\",\"publisher\":{\"@id\":\"https:\/\/www.pressenza.com\/es\/#organization\"},\"potentialAction\":[{\"@type\":\"SearchAction\",\"target\":{\"@type\":\"EntryPoint\",\"urlTemplate\":\"https:\/\/www.pressenza.com\/es\/?s={search_term_string}\"},\"query-input\":{\"@type\":\"PropertyValueSpecification\",\"valueRequired\":true,\"valueName\":\"search_term_string\"}}],\"inLanguage\":\"es\"},{\"@type\":\"Organization\",\"@id\":\"https:\/\/www.pressenza.com\/es\/#organization\",\"name\":\"Pressenza\",\"url\":\"https:\/\/www.pressenza.com\/es\/\",\"logo\":{\"@type\":\"ImageObject\",\"inLanguage\":\"es\",\"@id\":\"https:\/\/www.pressenza.com\/es\/#\/schema\/logo\/image\/\",\"url\":\"https:\/\/www.pressenza.com\/wp-content\/uploads\/2022\/10\/pressenza_logo_200x200.jpg\",\"contentUrl\":\"https:\/\/www.pressenza.com\/wp-content\/uploads\/2022\/10\/pressenza_logo_200x200.jpg\",\"width\":200,\"height\":200,\"caption\":\"Pressenza\"},\"image\":{\"@id\":\"https:\/\/www.pressenza.com\/es\/#\/schema\/logo\/image\/\"},\"sameAs\":[\"https:\/\/www.facebook.com\/PressenzaItalia\",\"https:\/\/x.com\/PressenzaIPA\"]},{\"@type\":\"Person\",\"@id\":\"https:\/\/www.pressenza.com\/es\/#\/schema\/person\/d983e81827ae24f2c7b1a2123d197f8d\",\"name\":\"Redazione Italia\",\"description\":\"News from the Pressenza Bureau in Italy\",\"sameAs\":[\"https:\/\/www.pressenza.com\/it\/author\/redazione-italia\/\",\"https:\/\/www.facebook.com\/PressenzaItalia\",\"https:\/\/www.instagram.com\/pressenza_italia\/\",\"https:\/\/x.com\/pressenza_it\",\"https:\/\/www.youtube.com\/channel\/UCSalEIWjE1RSxkwjfftFuqg\"],\"url\":\"https:\/\/www.pressenza.com\/es\/author\/redazione-italia\/\"}]}<\/script>\n<!-- \/ Yoast SEO plugin. -->","yoast_head_json":{"title":"Siria y la propaganda de la prensa","description":"Por Margareth Kimberley, Black Agenda Report, 18\/04\/2018 Ver el post original aqu\u00ed \u201cTrump se protege a s\u00ed mismo con la guerra mientras los Dem\u00f3cratas y el","robots":{"index":"index","follow":"follow","max-snippet":"max-snippet:-1","max-image-preview":"max-image-preview:large","max-video-preview":"max-video-preview:-1"},"canonical":"https:\/\/www.pressenza.com\/es\/2018\/04\/siria-la-propaganda-la-prensa\/","og_locale":"es_ES","og_type":"article","og_title":"Siria y la propaganda de la prensa","og_description":"Por Margareth Kimberley, Black Agenda Report, 18\/04\/2018 Ver el post original aqu\u00ed \u201cTrump se protege a s\u00ed mismo con la guerra mientras los Dem\u00f3cratas y el","og_url":"https:\/\/www.pressenza.com\/es\/2018\/04\/siria-la-propaganda-la-prensa\/","og_site_name":"Pressenza","article_publisher":"https:\/\/www.facebook.com\/PressenzaItalia","article_author":"https:\/\/www.facebook.com\/PressenzaItalia","article_published_time":"2018-04-22T18:30:54+00:00","article_modified_time":"2018-04-22T18:32:12+00:00","og_image":[{"width":1135,"height":628,"url":"https:\/\/www.pressenza.com\/wp-content\/uploads\/2018\/04\/Lies.png","type":"image\/png"}],"author":"Redazione Italia","twitter_card":"summary_large_image","twitter_creator":"@pressenza_it","twitter_site":"@PressenzaIPA","twitter_misc":{"Escrito por":"Redazione Italia","Tiempo de lectura":"6 minutos"},"schema":{"@context":"https:\/\/schema.org","@graph":[{"@type":"Article","@id":"https:\/\/www.pressenza.com\/es\/2018\/04\/siria-la-propaganda-la-prensa\/#article","isPartOf":{"@id":"https:\/\/www.pressenza.com\/es\/2018\/04\/siria-la-propaganda-la-prensa\/"},"author":{"name":"Redazione Italia","@id":"https:\/\/www.pressenza.com\/es\/#\/schema\/person\/d983e81827ae24f2c7b1a2123d197f8d"},"headline":"Siria y la propaganda de la prensa","datePublished":"2018-04-22T18:30:54+00:00","dateModified":"2018-04-22T18:32:12+00:00","mainEntityOfPage":{"@id":"https:\/\/www.pressenza.com\/es\/2018\/04\/siria-la-propaganda-la-prensa\/"},"wordCount":1248,"publisher":{"@id":"https:\/\/www.pressenza.com\/es\/#organization"},"image":{"@id":"https:\/\/www.pressenza.com\/es\/2018\/04\/siria-la-propaganda-la-prensa\/#primaryimage"},"thumbnailUrl":"https:\/\/www.pressenza.com\/wp-content\/uploads\/2018\/04\/Lies.png","keywords":["Dhouma","Donald Trump","Emmanuel Macron","Ghouta","Margareth May","opaq","propaganda","Siria","Skripal","Syria"],"articleSection":["Cultura y Medios","Europa","Medio Oriente","Norteam\u00e9rica","Opiniones","Paz y Desarme"],"inLanguage":"es"},{"@type":"WebPage","@id":"https:\/\/www.pressenza.com\/es\/2018\/04\/siria-la-propaganda-la-prensa\/","url":"https:\/\/www.pressenza.com\/es\/2018\/04\/siria-la-propaganda-la-prensa\/","name":"Siria y la propaganda de la prensa","isPartOf":{"@id":"https:\/\/www.pressenza.com\/es\/#website"},"primaryImageOfPage":{"@id":"https:\/\/www.pressenza.com\/es\/2018\/04\/siria-la-propaganda-la-prensa\/#primaryimage"},"image":{"@id":"https:\/\/www.pressenza.com\/es\/2018\/04\/siria-la-propaganda-la-prensa\/#primaryimage"},"thumbnailUrl":"https:\/\/www.pressenza.com\/wp-content\/uploads\/2018\/04\/Lies.png","datePublished":"2018-04-22T18:30:54+00:00","dateModified":"2018-04-22T18:32:12+00:00","description":"Por Margareth Kimberley, Black Agenda Report, 18\/04\/2018 Ver el post original aqu\u00ed \u201cTrump se protege a s\u00ed mismo con la guerra mientras los Dem\u00f3cratas y el","breadcrumb":{"@id":"https:\/\/www.pressenza.com\/es\/2018\/04\/siria-la-propaganda-la-prensa\/#breadcrumb"},"inLanguage":"es","potentialAction":[{"@type":"ReadAction","target":["https:\/\/www.pressenza.com\/es\/2018\/04\/siria-la-propaganda-la-prensa\/"]}]},{"@type":"ImageObject","inLanguage":"es","@id":"https:\/\/www.pressenza.com\/es\/2018\/04\/siria-la-propaganda-la-prensa\/#primaryimage","url":"https:\/\/www.pressenza.com\/wp-content\/uploads\/2018\/04\/Lies.png","contentUrl":"https:\/\/www.pressenza.com\/wp-content\/uploads\/2018\/04\/Lies.png","width":1135,"height":628},{"@type":"BreadcrumbList","@id":"https:\/\/www.pressenza.com\/es\/2018\/04\/siria-la-propaganda-la-prensa\/#breadcrumb","itemListElement":[{"@type":"ListItem","position":1,"name":"Accueil","item":"https:\/\/www.pressenza.com\/es\/"},{"@type":"ListItem","position":2,"name":"Siria y la propaganda de la prensa"}]},{"@type":"WebSite","@id":"https:\/\/www.pressenza.com\/es\/#website","url":"https:\/\/www.pressenza.com\/es\/","name":"Pressenza","description":"International Press Agency","publisher":{"@id":"https:\/\/www.pressenza.com\/es\/#organization"},"potentialAction":[{"@type":"SearchAction","target":{"@type":"EntryPoint","urlTemplate":"https:\/\/www.pressenza.com\/es\/?s={search_term_string}"},"query-input":{"@type":"PropertyValueSpecification","valueRequired":true,"valueName":"search_term_string"}}],"inLanguage":"es"},{"@type":"Organization","@id":"https:\/\/www.pressenza.com\/es\/#organization","name":"Pressenza","url":"https:\/\/www.pressenza.com\/es\/","logo":{"@type":"ImageObject","inLanguage":"es","@id":"https:\/\/www.pressenza.com\/es\/#\/schema\/logo\/image\/","url":"https:\/\/www.pressenza.com\/wp-content\/uploads\/2022\/10\/pressenza_logo_200x200.jpg","contentUrl":"https:\/\/www.pressenza.com\/wp-content\/uploads\/2022\/10\/pressenza_logo_200x200.jpg","width":200,"height":200,"caption":"Pressenza"},"image":{"@id":"https:\/\/www.pressenza.com\/es\/#\/schema\/logo\/image\/"},"sameAs":["https:\/\/www.facebook.com\/PressenzaItalia","https:\/\/x.com\/PressenzaIPA"]},{"@type":"Person","@id":"https:\/\/www.pressenza.com\/es\/#\/schema\/person\/d983e81827ae24f2c7b1a2123d197f8d","name":"Redazione Italia","description":"News from the Pressenza Bureau in Italy","sameAs":["https:\/\/www.pressenza.com\/it\/author\/redazione-italia\/","https:\/\/www.facebook.com\/PressenzaItalia","https:\/\/www.instagram.com\/pressenza_italia\/","https:\/\/x.com\/pressenza_it","https:\/\/www.youtube.com\/channel\/UCSalEIWjE1RSxkwjfftFuqg"],"url":"https:\/\/www.pressenza.com\/es\/author\/redazione-italia\/"}]}},"place":"","original_article_url":"","_links":{"self":[{"href":"https:\/\/www.pressenza.com\/es\/wp-json\/wp\/v2\/posts\/629294","targetHints":{"allow":["GET"]}}],"collection":[{"href":"https:\/\/www.pressenza.com\/es\/wp-json\/wp\/v2\/posts"}],"about":[{"href":"https:\/\/www.pressenza.com\/es\/wp-json\/wp\/v2\/types\/post"}],"author":[{"embeddable":true,"href":"https:\/\/www.pressenza.com\/es\/wp-json\/wp\/v2\/users\/594"}],"replies":[{"embeddable":true,"href":"https:\/\/www.pressenza.com\/es\/wp-json\/wp\/v2\/comments?post=629294"}],"version-history":[{"count":0,"href":"https:\/\/www.pressenza.com\/es\/wp-json\/wp\/v2\/posts\/629294\/revisions"}],"wp:featuredmedia":[{"embeddable":true,"href":"https:\/\/www.pressenza.com\/es\/wp-json\/wp\/v2\/media\/627932"}],"wp:attachment":[{"href":"https:\/\/www.pressenza.com\/es\/wp-json\/wp\/v2\/media?parent=629294"}],"wp:term":[{"taxonomy":"category","embeddable":true,"href":"https:\/\/www.pressenza.com\/es\/wp-json\/wp\/v2\/categories?post=629294"},{"taxonomy":"post_tag","embeddable":true,"href":"https:\/\/www.pressenza.com\/es\/wp-json\/wp\/v2\/tags?post=629294"}],"curies":[{"name":"wp","href":"https:\/\/api.w.org\/{rel}","templated":true}]}}