{"id":628369,"date":"2018-04-20T15:06:15","date_gmt":"2018-04-20T14:06:15","guid":{"rendered":"https:\/\/www.pressenza.com\/?p=628369"},"modified":"2018-04-20T15:06:15","modified_gmt":"2018-04-20T14:06:15","slug":"chile-ya-decidio-no-al-lucro-la-educacion","status":"publish","type":"post","link":"https:\/\/www.pressenza.com\/es\/2018\/04\/chile-ya-decidio-no-al-lucro-la-educacion\/","title":{"rendered":"Chile ya decidi\u00f3: No al lucro en la educaci\u00f3n"},"content":{"rendered":"<p align=\"justify\">Convoc\u00f3 a miles de estudiantes y profesores. Una adolescente dec\u00eda a sus amigas &#8211; mi mam\u00e1 no quer\u00eda que viniera \u2013 pero all\u00ed estaban con sus jumpers azules y su pancartas. \u00bfPorqu\u00e9 marchan?, pregunt\u00e9. -Contra el lucro contestaron y por una educaci\u00f3n no sexista, agregaron.<\/p>\n<p align=\"justify\">Yo tambi\u00e9n vest\u00ed jumper azul y mi mam\u00e1 tampoco me dej\u00f3 asistir a las marchas pero mi educaci\u00f3n fue gratuita desde el k\u00ednder hasta la universidad, gratuidad universal desde Arica a Tierra del Fuego (creo que la \u00fanica escuela p\u00fablica que sobrevive como tal es la de la Ant\u00e1rtica). A esa edad no nos preocup\u00e1bamos por futuras deudas y salvo el terror que ten\u00edamos a los profesores, todos ellos eran universitarios (del pedag\u00f3gico) as\u00ed es que la calidad tampoco era tema. Adem\u00e1s nuestros padres adher\u00edan fervorosamente a la superaci\u00f3n que daba la educaci\u00f3n, hab\u00eda que esforzarse. Todas las escuelas y liceos depend\u00edan del Ministerio de Educaci\u00f3n y una asist\u00eda al liceo que le quedaba m\u00e1s cerca de la casa y daba lo mismo, el programa era el mismo para todos. El machismo estaba tan naturalizado que era normal que las ni\u00f1as fueran a liceos de ni\u00f1as y los chicos a liceos de hombres, eso ha cambiado mucho y tambi\u00e9n se ha avanzado en la cobertura.<\/p>\n<p align=\"justify\">Est\u00e1n apareciendo nuevos temas, pero todos esos chicos marchando por la vereda sur de la Alameda exigiendo un presente con condiciones m\u00ednimas (no al lucro en la educaci\u00f3n, fin a las deudas del CAE y educaci\u00f3n no sexista) no es sino exigir un futuro b\u00e1sico para todos.<\/p>\n<div class=\"post-gallery\">\n\t\t\t<figure class=\"post-gallery-item\">\n\t\t\t\t<img decoding=\"async\" src=\"https:\/\/www.pressenza.com\/wp-content\/uploads\/2018\/04\/MG_9012_2592x1728-720x480.jpg\" loading=\"lazy\">\n\t\t\t\t<figcaption>\n\t\t\t\t\t\n\t\t\t\t<\/figcaption>\n\t\t\t<\/figure>\n\t\t\t<figure class=\"post-gallery-item\">\n\t\t\t\t<img decoding=\"async\" src=\"https:\/\/www.pressenza.com\/wp-content\/uploads\/2018\/04\/MG_9046_2592x1728-720x480.jpg\" loading=\"lazy\">\n\t\t\t\t<figcaption>\n\t\t\t\t\t\n\t\t\t\t<\/figcaption>\n\t\t\t<\/figure>\n\t\t\t<figure class=\"post-gallery-item\">\n\t\t\t\t<img decoding=\"async\" src=\"https:\/\/www.pressenza.com\/wp-content\/uploads\/2018\/04\/MG_8959_2592x1728-720x480.jpg\" loading=\"lazy\">\n\t\t\t\t<figcaption>\n\t\t\t\t\t\n\t\t\t\t<\/figcaption>\n\t\t\t<\/figure>\n\t\t\t<figure class=\"post-gallery-item\">\n\t\t\t\t<img decoding=\"async\" src=\"https:\/\/www.pressenza.com\/wp-content\/uploads\/2018\/04\/MG_9141_2592x1728-720x480.jpg\" loading=\"lazy\">\n\t\t\t\t<figcaption>\n\t\t\t\t\t\n\t\t\t\t<\/figcaption>\n\t\t\t<\/figure>\n\t\t\t<figure class=\"post-gallery-item\">\n\t\t\t\t<img decoding=\"async\" src=\"https:\/\/www.pressenza.com\/wp-content\/uploads\/2018\/04\/MG_9192_2592x1728-720x480.jpg\" loading=\"lazy\">\n\t\t\t\t<figcaption>\n\t\t\t\t\t\n\t\t\t\t<\/figcaption>\n\t\t\t<\/figure>\n\t\t\t<figure class=\"post-gallery-item\">\n\t\t\t\t<img decoding=\"async\" src=\"https:\/\/www.pressenza.com\/wp-content\/uploads\/2018\/04\/MG_9212_2592x1728-720x480.jpg\" loading=\"lazy\">\n\t\t\t\t<figcaption>\n\t\t\t\t\t\n\t\t\t\t<\/figcaption>\n\t\t\t<\/figure>\n\t\t\t<figure class=\"post-gallery-item\">\n\t\t\t\t<img decoding=\"async\" src=\"https:\/\/www.pressenza.com\/wp-content\/uploads\/2018\/04\/MG_9231_2592x1728-720x480.jpg\" loading=\"lazy\">\n\t\t\t\t<figcaption>\n\t\t\t\t\t\n\t\t\t\t<\/figcaption>\n\t\t\t<\/figure>\n\t\t\t<figure class=\"post-gallery-item\">\n\t\t\t\t<img decoding=\"async\" src=\"https:\/\/www.pressenza.com\/wp-content\/uploads\/2018\/04\/MG_9253_2592x1728-720x480.jpg\" loading=\"lazy\">\n\t\t\t\t<figcaption>\n\t\t\t\t\t\n\t\t\t\t<\/figcaption>\n\t\t\t<\/figure>\n\t\t\t<figure class=\"post-gallery-item\">\n\t\t\t\t<img decoding=\"async\" src=\"https:\/\/www.pressenza.com\/wp-content\/uploads\/2018\/04\/MG_9416_2592x1728-720x480.jpg\" loading=\"lazy\">\n\t\t\t\t<figcaption>\n\t\t\t\t\t\n\t\t\t\t<\/figcaption>\n\t\t\t<\/figure>\n\t\t\t<figure class=\"post-gallery-item\">\n\t\t\t\t<img decoding=\"async\" src=\"https:\/\/www.pressenza.com\/wp-content\/uploads\/2018\/04\/MG_9787_2592x1728-720x480.jpg\" loading=\"lazy\">\n\t\t\t\t<figcaption>\n\t\t\t\t\t\n\t\t\t\t<\/figcaption>\n\t\t\t<\/figure>\n\t\t\t<figure class=\"post-gallery-item\">\n\t\t\t\t<img decoding=\"async\" src=\"https:\/\/www.pressenza.com\/wp-content\/uploads\/2018\/04\/MG_9790_2592x1728-720x480.jpg\" loading=\"lazy\">\n\t\t\t\t<figcaption>\n\t\t\t\t\t\n\t\t\t\t<\/figcaption>\n\t\t\t<\/figure>\n\t\t\t<figure class=\"post-gallery-item\">\n\t\t\t\t<img decoding=\"async\" src=\"https:\/\/www.pressenza.com\/wp-content\/uploads\/2018\/04\/MG_9810_2592x1728-720x480.jpg\" loading=\"lazy\">\n\t\t\t\t<figcaption>\n\t\t\t\t\t\n\t\t\t\t<\/figcaption>\n\t\t\t<\/figure><\/div>\n","protected":false},"excerpt":{"rendered":"<p>Convoc\u00f3 a miles de estudiantes y profesores. Una adolescente dec\u00eda a sus amigas &#8211; mi mam\u00e1 no quer\u00eda que viniera \u2013 pero all\u00ed estaban con sus jumpers azules y su pancartas. \u00bfPorqu\u00e9 marchan?, pregunt\u00e9. -Contra el lucro contestaron y por&hellip;<\/p>\n","protected":false},"author":1510,"featured_media":628372,"comment_status":"closed","ping_status":"closed","sticky":false,"template":"","format":"standard","meta":{"footnotes":""},"categories":[11389,1230,5667,161,67],"tags":[39574,394],"class_list":["post-628369","post","type-post","status-publish","format-standard","has-post-thumbnail","hentry","category-contenido-original","category-educacion-tema","category-foto-reportajes","category-opiniones","category-sudamerica","tag-marcha-por-la-educacion","tag-protestas-sociales"],"yoast_head":"<!-- This site is optimized with the Yoast SEO plugin v27.1.1 - https:\/\/yoast.com\/product\/yoast-seo-wordpress\/ -->\n<title>Chile ya decidi\u00f3: No al lucro en la educaci\u00f3n<\/title>\n<meta name=\"description\" content=\"Convoc\u00f3 a miles de estudiantes y profesores. Una adolescente dec\u00eda a sus amigas - mi mam\u00e1 no quer\u00eda que viniera \u2013 pero all\u00ed estaban con sus jumpers azules\" \/>\n<meta name=\"robots\" content=\"index, follow, max-snippet:-1, max-image-preview:large, max-video-preview:-1\" \/>\n<link rel=\"canonical\" href=\"https:\/\/www.pressenza.com\/es\/2018\/04\/chile-ya-decidio-no-al-lucro-la-educacion\/\" \/>\n<meta property=\"og:locale\" content=\"es_ES\" \/>\n<meta property=\"og:type\" content=\"article\" \/>\n<meta property=\"og:title\" content=\"Chile ya decidi\u00f3: No al lucro en la educaci\u00f3n\" \/>\n<meta property=\"og:description\" content=\"Convoc\u00f3 a miles de estudiantes y profesores. Una adolescente dec\u00eda a sus amigas - mi mam\u00e1 no quer\u00eda que viniera \u2013 pero all\u00ed estaban con sus jumpers azules\" \/>\n<meta property=\"og:url\" content=\"https:\/\/www.pressenza.com\/es\/2018\/04\/chile-ya-decidio-no-al-lucro-la-educacion\/\" \/>\n<meta property=\"og:site_name\" content=\"Pressenza\" \/>\n<meta property=\"article:publisher\" content=\"https:\/\/www.facebook.com\/PressenzaItalia\" \/>\n<meta property=\"article:published_time\" content=\"2018-04-20T14:06:15+00:00\" \/>\n<meta property=\"og:image\" content=\"https:\/\/www.pressenza.com\/wp-content\/uploads\/2018\/04\/esta.jpg\" \/>\n\t<meta property=\"og:image:width\" content=\"2048\" \/>\n\t<meta property=\"og:image:height\" content=\"1365\" \/>\n\t<meta property=\"og:image:type\" content=\"image\/jpeg\" \/>\n<meta name=\"author\" content=\"Dalia Chiu S.\" \/>\n<meta name=\"twitter:card\" content=\"summary_large_image\" \/>\n<meta name=\"twitter:creator\" content=\"@PressenzaIPA\" \/>\n<meta name=\"twitter:site\" content=\"@PressenzaIPA\" \/>\n<meta name=\"twitter:label1\" content=\"Escrito por\" \/>\n\t<meta name=\"twitter:data1\" content=\"Dalia Chiu S.\" \/>\n\t<meta name=\"twitter:label2\" content=\"Tiempo de lectura\" \/>\n\t<meta name=\"twitter:data2\" content=\"1 minuto\" \/>\n<script type=\"application\/ld+json\" class=\"yoast-schema-graph\">{\"@context\":\"https:\/\/schema.org\",\"@graph\":[{\"@type\":\"Article\",\"@id\":\"https:\/\/www.pressenza.com\/es\/2018\/04\/chile-ya-decidio-no-al-lucro-la-educacion\/#article\",\"isPartOf\":{\"@id\":\"https:\/\/www.pressenza.com\/es\/2018\/04\/chile-ya-decidio-no-al-lucro-la-educacion\/\"},\"author\":{\"name\":\"Dalia Chiu S.\",\"@id\":\"https:\/\/www.pressenza.com\/es\/#\/schema\/person\/7bde354a3d9ffb1b22919c581d0357ea\"},\"headline\":\"Chile ya decidi\u00f3: No al lucro en la educaci\u00f3n\",\"datePublished\":\"2018-04-20T14:06:15+00:00\",\"mainEntityOfPage\":{\"@id\":\"https:\/\/www.pressenza.com\/es\/2018\/04\/chile-ya-decidio-no-al-lucro-la-educacion\/\"},\"wordCount\":296,\"publisher\":{\"@id\":\"https:\/\/www.pressenza.com\/es\/#organization\"},\"image\":{\"@id\":\"https:\/\/www.pressenza.com\/es\/2018\/04\/chile-ya-decidio-no-al-lucro-la-educacion\/#primaryimage\"},\"thumbnailUrl\":\"https:\/\/www.pressenza.com\/wp-content\/uploads\/2018\/04\/esta.jpg\",\"keywords\":[\"Marcha por la Educaci\u00f3n\",\"protestas sociales\"],\"articleSection\":[\"Contenido Original\",\"Educaci\u00f3n\",\"Fotorreportajes\",\"Opiniones\",\"Sudam\u00e9rica\"],\"inLanguage\":\"es\"},{\"@type\":\"WebPage\",\"@id\":\"https:\/\/www.pressenza.com\/es\/2018\/04\/chile-ya-decidio-no-al-lucro-la-educacion\/\",\"url\":\"https:\/\/www.pressenza.com\/es\/2018\/04\/chile-ya-decidio-no-al-lucro-la-educacion\/\",\"name\":\"Chile ya decidi\u00f3: No al lucro en la educaci\u00f3n\",\"isPartOf\":{\"@id\":\"https:\/\/www.pressenza.com\/es\/#website\"},\"primaryImageOfPage\":{\"@id\":\"https:\/\/www.pressenza.com\/es\/2018\/04\/chile-ya-decidio-no-al-lucro-la-educacion\/#primaryimage\"},\"image\":{\"@id\":\"https:\/\/www.pressenza.com\/es\/2018\/04\/chile-ya-decidio-no-al-lucro-la-educacion\/#primaryimage\"},\"thumbnailUrl\":\"https:\/\/www.pressenza.com\/wp-content\/uploads\/2018\/04\/esta.jpg\",\"datePublished\":\"2018-04-20T14:06:15+00:00\",\"description\":\"Convoc\u00f3 a miles de estudiantes y profesores. Una adolescente dec\u00eda a sus amigas - mi mam\u00e1 no quer\u00eda que viniera \u2013 pero all\u00ed estaban con sus jumpers azules\",\"breadcrumb\":{\"@id\":\"https:\/\/www.pressenza.com\/es\/2018\/04\/chile-ya-decidio-no-al-lucro-la-educacion\/#breadcrumb\"},\"inLanguage\":\"es\",\"potentialAction\":[{\"@type\":\"ReadAction\",\"target\":[\"https:\/\/www.pressenza.com\/es\/2018\/04\/chile-ya-decidio-no-al-lucro-la-educacion\/\"]}]},{\"@type\":\"ImageObject\",\"inLanguage\":\"es\",\"@id\":\"https:\/\/www.pressenza.com\/es\/2018\/04\/chile-ya-decidio-no-al-lucro-la-educacion\/#primaryimage\",\"url\":\"https:\/\/www.pressenza.com\/wp-content\/uploads\/2018\/04\/esta.jpg\",\"contentUrl\":\"https:\/\/www.pressenza.com\/wp-content\/uploads\/2018\/04\/esta.jpg\",\"width\":2048,\"height\":1365},{\"@type\":\"BreadcrumbList\",\"@id\":\"https:\/\/www.pressenza.com\/es\/2018\/04\/chile-ya-decidio-no-al-lucro-la-educacion\/#breadcrumb\",\"itemListElement\":[{\"@type\":\"ListItem\",\"position\":1,\"name\":\"Accueil\",\"item\":\"https:\/\/www.pressenza.com\/es\/\"},{\"@type\":\"ListItem\",\"position\":2,\"name\":\"Chile ya decidi\u00f3: No al lucro en la educaci\u00f3n\"}]},{\"@type\":\"WebSite\",\"@id\":\"https:\/\/www.pressenza.com\/es\/#website\",\"url\":\"https:\/\/www.pressenza.com\/es\/\",\"name\":\"Pressenza\",\"description\":\"International Press Agency\",\"publisher\":{\"@id\":\"https:\/\/www.pressenza.com\/es\/#organization\"},\"potentialAction\":[{\"@type\":\"SearchAction\",\"target\":{\"@type\":\"EntryPoint\",\"urlTemplate\":\"https:\/\/www.pressenza.com\/es\/?s={search_term_string}\"},\"query-input\":{\"@type\":\"PropertyValueSpecification\",\"valueRequired\":true,\"valueName\":\"search_term_string\"}}],\"inLanguage\":\"es\"},{\"@type\":\"Organization\",\"@id\":\"https:\/\/www.pressenza.com\/es\/#organization\",\"name\":\"Pressenza\",\"url\":\"https:\/\/www.pressenza.com\/es\/\",\"logo\":{\"@type\":\"ImageObject\",\"inLanguage\":\"es\",\"@id\":\"https:\/\/www.pressenza.com\/es\/#\/schema\/logo\/image\/\",\"url\":\"https:\/\/www.pressenza.com\/wp-content\/uploads\/2022\/10\/pressenza_logo_200x200.jpg\",\"contentUrl\":\"https:\/\/www.pressenza.com\/wp-content\/uploads\/2022\/10\/pressenza_logo_200x200.jpg\",\"width\":200,\"height\":200,\"caption\":\"Pressenza\"},\"image\":{\"@id\":\"https:\/\/www.pressenza.com\/es\/#\/schema\/logo\/image\/\"},\"sameAs\":[\"https:\/\/www.facebook.com\/PressenzaItalia\",\"https:\/\/x.com\/PressenzaIPA\"]},{\"@type\":\"Person\",\"@id\":\"https:\/\/www.pressenza.com\/es\/#\/schema\/person\/7bde354a3d9ffb1b22919c581d0357ea\",\"name\":\"Dalia Chiu S.\",\"description\":\"Ge\u00f3loga de la Universidad de Chile, nacida en Santiago en 1954\",\"url\":\"https:\/\/www.pressenza.com\/es\/author\/dalia-chiu\/\"}]}<\/script>\n<!-- \/ Yoast SEO plugin. -->","yoast_head_json":{"title":"Chile ya decidi\u00f3: No al lucro en la educaci\u00f3n","description":"Convoc\u00f3 a miles de estudiantes y profesores. Una adolescente dec\u00eda a sus amigas - mi mam\u00e1 no quer\u00eda que viniera \u2013 pero all\u00ed estaban con sus jumpers azules","robots":{"index":"index","follow":"follow","max-snippet":"max-snippet:-1","max-image-preview":"max-image-preview:large","max-video-preview":"max-video-preview:-1"},"canonical":"https:\/\/www.pressenza.com\/es\/2018\/04\/chile-ya-decidio-no-al-lucro-la-educacion\/","og_locale":"es_ES","og_type":"article","og_title":"Chile ya decidi\u00f3: No al lucro en la educaci\u00f3n","og_description":"Convoc\u00f3 a miles de estudiantes y profesores. Una adolescente dec\u00eda a sus amigas - mi mam\u00e1 no quer\u00eda que viniera \u2013 pero all\u00ed estaban con sus jumpers azules","og_url":"https:\/\/www.pressenza.com\/es\/2018\/04\/chile-ya-decidio-no-al-lucro-la-educacion\/","og_site_name":"Pressenza","article_publisher":"https:\/\/www.facebook.com\/PressenzaItalia","article_published_time":"2018-04-20T14:06:15+00:00","og_image":[{"width":2048,"height":1365,"url":"https:\/\/www.pressenza.com\/wp-content\/uploads\/2018\/04\/esta.jpg","type":"image\/jpeg"}],"author":"Dalia Chiu S.","twitter_card":"summary_large_image","twitter_creator":"@PressenzaIPA","twitter_site":"@PressenzaIPA","twitter_misc":{"Escrito por":"Dalia Chiu S.","Tiempo de lectura":"1 minuto"},"schema":{"@context":"https:\/\/schema.org","@graph":[{"@type":"Article","@id":"https:\/\/www.pressenza.com\/es\/2018\/04\/chile-ya-decidio-no-al-lucro-la-educacion\/#article","isPartOf":{"@id":"https:\/\/www.pressenza.com\/es\/2018\/04\/chile-ya-decidio-no-al-lucro-la-educacion\/"},"author":{"name":"Dalia Chiu S.","@id":"https:\/\/www.pressenza.com\/es\/#\/schema\/person\/7bde354a3d9ffb1b22919c581d0357ea"},"headline":"Chile ya decidi\u00f3: No al lucro en la educaci\u00f3n","datePublished":"2018-04-20T14:06:15+00:00","mainEntityOfPage":{"@id":"https:\/\/www.pressenza.com\/es\/2018\/04\/chile-ya-decidio-no-al-lucro-la-educacion\/"},"wordCount":296,"publisher":{"@id":"https:\/\/www.pressenza.com\/es\/#organization"},"image":{"@id":"https:\/\/www.pressenza.com\/es\/2018\/04\/chile-ya-decidio-no-al-lucro-la-educacion\/#primaryimage"},"thumbnailUrl":"https:\/\/www.pressenza.com\/wp-content\/uploads\/2018\/04\/esta.jpg","keywords":["Marcha por la Educaci\u00f3n","protestas sociales"],"articleSection":["Contenido Original","Educaci\u00f3n","Fotorreportajes","Opiniones","Sudam\u00e9rica"],"inLanguage":"es"},{"@type":"WebPage","@id":"https:\/\/www.pressenza.com\/es\/2018\/04\/chile-ya-decidio-no-al-lucro-la-educacion\/","url":"https:\/\/www.pressenza.com\/es\/2018\/04\/chile-ya-decidio-no-al-lucro-la-educacion\/","name":"Chile ya decidi\u00f3: No al lucro en la educaci\u00f3n","isPartOf":{"@id":"https:\/\/www.pressenza.com\/es\/#website"},"primaryImageOfPage":{"@id":"https:\/\/www.pressenza.com\/es\/2018\/04\/chile-ya-decidio-no-al-lucro-la-educacion\/#primaryimage"},"image":{"@id":"https:\/\/www.pressenza.com\/es\/2018\/04\/chile-ya-decidio-no-al-lucro-la-educacion\/#primaryimage"},"thumbnailUrl":"https:\/\/www.pressenza.com\/wp-content\/uploads\/2018\/04\/esta.jpg","datePublished":"2018-04-20T14:06:15+00:00","description":"Convoc\u00f3 a miles de estudiantes y profesores. Una adolescente dec\u00eda a sus amigas - mi mam\u00e1 no quer\u00eda que viniera \u2013 pero all\u00ed estaban con sus jumpers azules","breadcrumb":{"@id":"https:\/\/www.pressenza.com\/es\/2018\/04\/chile-ya-decidio-no-al-lucro-la-educacion\/#breadcrumb"},"inLanguage":"es","potentialAction":[{"@type":"ReadAction","target":["https:\/\/www.pressenza.com\/es\/2018\/04\/chile-ya-decidio-no-al-lucro-la-educacion\/"]}]},{"@type":"ImageObject","inLanguage":"es","@id":"https:\/\/www.pressenza.com\/es\/2018\/04\/chile-ya-decidio-no-al-lucro-la-educacion\/#primaryimage","url":"https:\/\/www.pressenza.com\/wp-content\/uploads\/2018\/04\/esta.jpg","contentUrl":"https:\/\/www.pressenza.com\/wp-content\/uploads\/2018\/04\/esta.jpg","width":2048,"height":1365},{"@type":"BreadcrumbList","@id":"https:\/\/www.pressenza.com\/es\/2018\/04\/chile-ya-decidio-no-al-lucro-la-educacion\/#breadcrumb","itemListElement":[{"@type":"ListItem","position":1,"name":"Accueil","item":"https:\/\/www.pressenza.com\/es\/"},{"@type":"ListItem","position":2,"name":"Chile ya decidi\u00f3: No al lucro en la educaci\u00f3n"}]},{"@type":"WebSite","@id":"https:\/\/www.pressenza.com\/es\/#website","url":"https:\/\/www.pressenza.com\/es\/","name":"Pressenza","description":"International Press Agency","publisher":{"@id":"https:\/\/www.pressenza.com\/es\/#organization"},"potentialAction":[{"@type":"SearchAction","target":{"@type":"EntryPoint","urlTemplate":"https:\/\/www.pressenza.com\/es\/?s={search_term_string}"},"query-input":{"@type":"PropertyValueSpecification","valueRequired":true,"valueName":"search_term_string"}}],"inLanguage":"es"},{"@type":"Organization","@id":"https:\/\/www.pressenza.com\/es\/#organization","name":"Pressenza","url":"https:\/\/www.pressenza.com\/es\/","logo":{"@type":"ImageObject","inLanguage":"es","@id":"https:\/\/www.pressenza.com\/es\/#\/schema\/logo\/image\/","url":"https:\/\/www.pressenza.com\/wp-content\/uploads\/2022\/10\/pressenza_logo_200x200.jpg","contentUrl":"https:\/\/www.pressenza.com\/wp-content\/uploads\/2022\/10\/pressenza_logo_200x200.jpg","width":200,"height":200,"caption":"Pressenza"},"image":{"@id":"https:\/\/www.pressenza.com\/es\/#\/schema\/logo\/image\/"},"sameAs":["https:\/\/www.facebook.com\/PressenzaItalia","https:\/\/x.com\/PressenzaIPA"]},{"@type":"Person","@id":"https:\/\/www.pressenza.com\/es\/#\/schema\/person\/7bde354a3d9ffb1b22919c581d0357ea","name":"Dalia Chiu S.","description":"Ge\u00f3loga de la Universidad de Chile, nacida en Santiago en 1954","url":"https:\/\/www.pressenza.com\/es\/author\/dalia-chiu\/"}]}},"place":"Santiago de Chile","original_article_url":"","_links":{"self":[{"href":"https:\/\/www.pressenza.com\/es\/wp-json\/wp\/v2\/posts\/628369","targetHints":{"allow":["GET"]}}],"collection":[{"href":"https:\/\/www.pressenza.com\/es\/wp-json\/wp\/v2\/posts"}],"about":[{"href":"https:\/\/www.pressenza.com\/es\/wp-json\/wp\/v2\/types\/post"}],"author":[{"embeddable":true,"href":"https:\/\/www.pressenza.com\/es\/wp-json\/wp\/v2\/users\/1510"}],"replies":[{"embeddable":true,"href":"https:\/\/www.pressenza.com\/es\/wp-json\/wp\/v2\/comments?post=628369"}],"version-history":[{"count":0,"href":"https:\/\/www.pressenza.com\/es\/wp-json\/wp\/v2\/posts\/628369\/revisions"}],"wp:featuredmedia":[{"embeddable":true,"href":"https:\/\/www.pressenza.com\/es\/wp-json\/wp\/v2\/media\/628372"}],"wp:attachment":[{"href":"https:\/\/www.pressenza.com\/es\/wp-json\/wp\/v2\/media?parent=628369"}],"wp:term":[{"taxonomy":"category","embeddable":true,"href":"https:\/\/www.pressenza.com\/es\/wp-json\/wp\/v2\/categories?post=628369"},{"taxonomy":"post_tag","embeddable":true,"href":"https:\/\/www.pressenza.com\/es\/wp-json\/wp\/v2\/tags?post=628369"}],"curies":[{"name":"wp","href":"https:\/\/api.w.org\/{rel}","templated":true}]}}