{"id":626509,"date":"2018-04-16T19:41:14","date_gmt":"2018-04-16T18:41:14","guid":{"rendered":"https:\/\/www.pressenza.com\/?p=626509"},"modified":"2018-04-16T19:41:14","modified_gmt":"2018-04-16T18:41:14","slug":"populismos-conflicto-la-charla-magistral-chantal-mouffe-museo-la-memoria","status":"publish","type":"post","link":"https:\/\/www.pressenza.com\/es\/2018\/04\/populismos-conflicto-la-charla-magistral-chantal-mouffe-museo-la-memoria\/","title":{"rendered":"Populismos en conflicto: la charla magistral de Chantal Mouffe en el Museo de la Memoria"},"content":{"rendered":"<p align=\"justify\"><span style=\"font-size: medium;\"><i>Invitada por el Centro de Estudios de Conflicto y Cohesi\u00f3n Social (COES), la fil\u00f3sofa belga posmarxista dialogar\u00e1 sobre populismos,<\/i><\/span><span style=\"font-size: medium;\"><i> abordando -desde ese punto de partida- las diferentes tem\u00e1ticas de su teor\u00eda pol\u00edtica<\/i><\/span><span style=\"font-size: medium;\"><i> en una c\u00e1tedra magistral, la que tendr\u00e1 lugar en el Museo de la Memoria y los Derechos Humanos el pr\u00f3ximo 18 de abril a las 18:00 horas. <\/i><\/span><\/p>\n<p align=\"justify\"><span style=\"font-size: medium;\">Reconocida por escribir junto a Ernesto Laclau \u2039\u2039Hegemon\u00eda y Estrategia Socialista\u203a\u203a, la postmarxista Chantal Mouffe articula su reflexi\u00f3n en torno a la democracia radical y a los conceptos de democracia plural y pluralismo agon\u00edstico.<\/span><span style=\"font-size: medium;\"> Es considerada una de las pensadoras pol\u00edticas m\u00e1s importantes de nuestros d\u00edas y su obra vislumbr\u00f3 la crisis del capitalismo, la importancia de la izquierda, la radicalizaci\u00f3n de la democracia y el reconocimiento de los populismos de izquierda. <\/span><\/p>\n<p align=\"justify\"><span style=\"font-size: medium;\">Ahora llega a Chile con <\/span><span style=\"font-size: medium;\"><b>\u2039\u2039Populismos en conflicto: di\u00e1logos con Chantal Mouffe\u203a\u203a<\/b><\/span><span style=\"font-size: medium;\">, c\u00e1tedra magistral en la que la polit\u00f3loga belga <\/span><span style=\"font-size: medium;\">comentar\u00e1 el \u00faltimo n\u00famero de la revista TRAMA sobre populismos, abordando el tema desde las diferentes perspectivas de su teor\u00eda pol\u00edtica en el auditorio del Museo de la Memoria. <\/span><\/p>\n<p align=\"justify\"><span style=\"font-size: medium;\">El programa para el mi\u00e9rcoles 18 incluye di\u00e1logos que se canalizar\u00e1n a trav\u00e9s de diversos ejes tem\u00e1ticos, tales como \u201cPopulismo de izquierda como pr\u00e1ctica pol\u00edtica: potencialidades y l\u00edmites\u201d, \u201cPopulismo y proyecto alternativo al neoliberalismo\u201d, \u201cLa tragedia populista en Am\u00e9rica Latina y el olvido de la historia de la nueva izquierda radical\u201d, entre otros. <\/span><\/p>\n<p align=\"justify\"><span style=\"font-size: medium;\">Frente a la gran cantidad de inscripciones, el Museo de la Memoria dispondr\u00e1 de una pantalla con transmisi\u00f3n en vivo de la charla, con el fin de que m\u00e1s personas puedan ser parte de ella. El encuentro finalizar\u00e1 alrededor de las 21:00 horas, previo a los comentarios finales de Chantal Mouffe. <\/span><\/p>\n<p align=\"justify\"><span style=\"font-size: medium;\">Esta visita internacional est\u00e1 siendo g<\/span><span style=\"font-size: medium;\">estionada por el Centro de Estudios de Conflicto y Cohesi\u00f3n Social (COES)<\/span><span style=\"font-size: medium;\">, el Doctorado en Teor\u00eda Cr\u00edtica y Sociedad Actual (TECSA) de la Universidad Andr\u00e9s Bello, la Fundaci\u00f3n Chile 21 y la Fundaci\u00f3n Friedrich Ebert. <\/span><\/p>\n<p align=\"justify\"><span style=\"font-size: medium;\"><b>Programaci\u00f3n<\/b><\/span><\/p>\n<p align=\"justify\"><span style=\"font-size: medium;\">18:00 | Presentaci\u00f3n Revista Trama<\/span><\/p>\n<p align=\"justify\"><span style=\"font-size: medium;\">18:10 | Entrevistador presenta metodolog\u00eda de la actividad<\/span><\/p>\n<p align=\"justify\"><span style=\"font-size: medium;\">18:30 | C\u00e1tedra magistral<\/span><\/p>\n<p align=\"justify\"><span style=\"font-size: medium;\">19:00 | Entrevista en di\u00e1logo con los art\u00edculos de revista Trama<\/span><\/p>\n<ol>\n<li>\n<p lang=\"de-DE\"><span lang=\"es-ES\">El populismo de izquierda como pr\u00e1ctica pol\u00edtica: potencialidades y l\u00edmites (Francisco Ojeda y Paula Poblete, Revoluci\u00f3n Democr\u00e1tica)<\/span><\/p>\n<\/li>\n<li>\n<p lang=\"de-DE\"><span lang=\"es-ES\">El populismo de izquierda como pr\u00e1ctica pol\u00edtica: potencialidades y l\u00edmites (Francisco Ojeda y Paula Poblete, Revoluci\u00f3n Democr\u00e1tica)<\/span><\/p>\n<\/li>\n<li>\n<p lang=\"de-DE\"><span lang=\"es-ES\">Populismo y el gesto leninista: la urgencia de la idea de vanguardia en tiempo de la izquierda liberal (B\u00e1rbara Sep\u00falveda y Sebastian Fierro, Partido Comunista)<\/span><\/p>\n<\/li>\n<li>\n<p lang=\"de-DE\" align=\"justify\"><span lang=\"es-ES\">El populismo como concepto POP: reflexiones para superar la discrecionalidad conceptual y disputar el sentido com\u00fan (Felipe C\u00e1ceres, Mar\u00eda Graciela L\u00f3pez y Tamara Ortega, )<\/span><\/p>\n<\/li>\n<li>\n<p lang=\"de-DE\" align=\"justify\"><span lang=\"es-ES\">Populismo y proyecto alternativo al neoliberalismo (Cristobal Valenzuela y Paula Astudillo, Izquierda Socialista \u2013 Partido Socialista)<\/span><\/p>\n<\/li>\n<\/ol>\n<p align=\"justify\"><span lang=\"es-ES\">20:00 | Ronda de comentarios de los articulistas de Trama <\/span><\/p>\n<p align=\"justify\"><span lang=\"es-ES\">20:30 | Comentario final de Chantal Mouffe<\/span><\/p>\n<p align=\"justify\"><span lang=\"es-ES\">21:00 | Coctel de cierre <\/span><\/p>\n<p align=\"justify\">\n","protected":false},"excerpt":{"rendered":"<p>Invitada por el Centro de Estudios de Conflicto y Cohesi\u00f3n Social (COES), la fil\u00f3sofa belga posmarxista dialogar\u00e1 sobre populismos, abordando -desde ese punto de partida- las diferentes tem\u00e1ticas de su teor\u00eda pol\u00edtica en una c\u00e1tedra magistral, la que tendr\u00e1 lugar&hellip;<\/p>\n","protected":false},"author":43,"featured_media":626510,"comment_status":"closed","ping_status":"closed","sticky":false,"template":"","format":"standard","meta":{"footnotes":""},"categories":[149,74,67],"tags":[36472],"class_list":["post-626509","post","type-post","status-publish","format-standard","has-post-thumbnail","hentry","category-comunicados-de-prensa","category-politica-es","category-sudamerica","tag-museo-de-la-memoria-y-los-derechos-humanos"],"yoast_head":"<!-- This site is optimized with the Yoast SEO plugin v27.1.1 - https:\/\/yoast.com\/product\/yoast-seo-wordpress\/ -->\n<title>Populismos en conflicto: la charla magistral de Chantal Mouffe en el Museo de la Memoria<\/title>\n<meta name=\"description\" content=\"Invitada por el Centro de Estudios de Conflicto y Cohesi\u00f3n Social (COES), la fil\u00f3sofa belga posmarxista dialogar\u00e1 sobre populismos, abordando -desde ese\" \/>\n<meta name=\"robots\" content=\"index, follow, max-snippet:-1, max-image-preview:large, max-video-preview:-1\" \/>\n<link rel=\"canonical\" href=\"https:\/\/www.pressenza.com\/es\/2018\/04\/populismos-conflicto-la-charla-magistral-chantal-mouffe-museo-la-memoria\/\" \/>\n<meta property=\"og:locale\" content=\"es_ES\" \/>\n<meta property=\"og:type\" content=\"article\" \/>\n<meta property=\"og:title\" content=\"Populismos en conflicto: la charla magistral de Chantal Mouffe en el Museo de la Memoria\" \/>\n<meta property=\"og:description\" content=\"Invitada por el Centro de Estudios de Conflicto y Cohesi\u00f3n Social (COES), la fil\u00f3sofa belga posmarxista dialogar\u00e1 sobre populismos, abordando -desde ese\" \/>\n<meta property=\"og:url\" content=\"https:\/\/www.pressenza.com\/es\/2018\/04\/populismos-conflicto-la-charla-magistral-chantal-mouffe-museo-la-memoria\/\" \/>\n<meta property=\"og:site_name\" content=\"Pressenza\" \/>\n<meta property=\"article:publisher\" content=\"https:\/\/www.facebook.com\/PressenzaItalia\" \/>\n<meta property=\"article:author\" content=\"https:\/\/www.facebook.com\/pressenza\" \/>\n<meta property=\"article:published_time\" content=\"2018-04-16T18:41:14+00:00\" \/>\n<meta property=\"og:image\" content=\"https:\/\/www.pressenza.com\/wp-content\/uploads\/2018\/04\/Jt.jpg\" \/>\n\t<meta property=\"og:image:width\" content=\"964\" \/>\n\t<meta property=\"og:image:height\" content=\"372\" \/>\n\t<meta property=\"og:image:type\" content=\"image\/jpeg\" \/>\n<meta name=\"author\" content=\"Redacci\u00f3n Chile\" \/>\n<meta name=\"twitter:card\" content=\"summary_large_image\" \/>\n<meta name=\"twitter:creator\" content=\"@pressenza\" \/>\n<meta name=\"twitter:site\" content=\"@PressenzaIPA\" \/>\n<meta name=\"twitter:label1\" content=\"Escrito por\" \/>\n\t<meta name=\"twitter:data1\" content=\"Redacci\u00f3n Chile\" \/>\n\t<meta name=\"twitter:label2\" content=\"Tiempo de lectura\" \/>\n\t<meta name=\"twitter:data2\" content=\"3 minutos\" \/>\n<script type=\"application\/ld+json\" class=\"yoast-schema-graph\">{\"@context\":\"https:\/\/schema.org\",\"@graph\":[{\"@type\":\"Article\",\"@id\":\"https:\/\/www.pressenza.com\/es\/2018\/04\/populismos-conflicto-la-charla-magistral-chantal-mouffe-museo-la-memoria\/#article\",\"isPartOf\":{\"@id\":\"https:\/\/www.pressenza.com\/es\/2018\/04\/populismos-conflicto-la-charla-magistral-chantal-mouffe-museo-la-memoria\/\"},\"author\":{\"name\":\"Redacci\u00f3n Chile\",\"@id\":\"https:\/\/www.pressenza.com\/es\/#\/schema\/person\/d7db40df35d6698ba69ba9ee260944ed\"},\"headline\":\"Populismos en conflicto: la charla magistral de Chantal Mouffe en el Museo de la Memoria\",\"datePublished\":\"2018-04-16T18:41:14+00:00\",\"mainEntityOfPage\":{\"@id\":\"https:\/\/www.pressenza.com\/es\/2018\/04\/populismos-conflicto-la-charla-magistral-chantal-mouffe-museo-la-memoria\/\"},\"wordCount\":529,\"publisher\":{\"@id\":\"https:\/\/www.pressenza.com\/es\/#organization\"},\"image\":{\"@id\":\"https:\/\/www.pressenza.com\/es\/2018\/04\/populismos-conflicto-la-charla-magistral-chantal-mouffe-museo-la-memoria\/#primaryimage\"},\"thumbnailUrl\":\"https:\/\/www.pressenza.com\/wp-content\/uploads\/2018\/04\/Jt.jpg\",\"keywords\":[\"Museo de la Memoria y los Derechos Humanos\"],\"articleSection\":[\"Comunicados de Prensa\",\"Pol\u00edtica\",\"Sudam\u00e9rica\"],\"inLanguage\":\"es\"},{\"@type\":\"WebPage\",\"@id\":\"https:\/\/www.pressenza.com\/es\/2018\/04\/populismos-conflicto-la-charla-magistral-chantal-mouffe-museo-la-memoria\/\",\"url\":\"https:\/\/www.pressenza.com\/es\/2018\/04\/populismos-conflicto-la-charla-magistral-chantal-mouffe-museo-la-memoria\/\",\"name\":\"Populismos en conflicto: la charla magistral de Chantal Mouffe en el Museo de la Memoria\",\"isPartOf\":{\"@id\":\"https:\/\/www.pressenza.com\/es\/#website\"},\"primaryImageOfPage\":{\"@id\":\"https:\/\/www.pressenza.com\/es\/2018\/04\/populismos-conflicto-la-charla-magistral-chantal-mouffe-museo-la-memoria\/#primaryimage\"},\"image\":{\"@id\":\"https:\/\/www.pressenza.com\/es\/2018\/04\/populismos-conflicto-la-charla-magistral-chantal-mouffe-museo-la-memoria\/#primaryimage\"},\"thumbnailUrl\":\"https:\/\/www.pressenza.com\/wp-content\/uploads\/2018\/04\/Jt.jpg\",\"datePublished\":\"2018-04-16T18:41:14+00:00\",\"description\":\"Invitada por el Centro de Estudios de Conflicto y Cohesi\u00f3n Social (COES), la fil\u00f3sofa belga posmarxista dialogar\u00e1 sobre populismos, abordando -desde ese\",\"breadcrumb\":{\"@id\":\"https:\/\/www.pressenza.com\/es\/2018\/04\/populismos-conflicto-la-charla-magistral-chantal-mouffe-museo-la-memoria\/#breadcrumb\"},\"inLanguage\":\"es\",\"potentialAction\":[{\"@type\":\"ReadAction\",\"target\":[\"https:\/\/www.pressenza.com\/es\/2018\/04\/populismos-conflicto-la-charla-magistral-chantal-mouffe-museo-la-memoria\/\"]}]},{\"@type\":\"ImageObject\",\"inLanguage\":\"es\",\"@id\":\"https:\/\/www.pressenza.com\/es\/2018\/04\/populismos-conflicto-la-charla-magistral-chantal-mouffe-museo-la-memoria\/#primaryimage\",\"url\":\"https:\/\/www.pressenza.com\/wp-content\/uploads\/2018\/04\/Jt.jpg\",\"contentUrl\":\"https:\/\/www.pressenza.com\/wp-content\/uploads\/2018\/04\/Jt.jpg\",\"width\":964,\"height\":372},{\"@type\":\"BreadcrumbList\",\"@id\":\"https:\/\/www.pressenza.com\/es\/2018\/04\/populismos-conflicto-la-charla-magistral-chantal-mouffe-museo-la-memoria\/#breadcrumb\",\"itemListElement\":[{\"@type\":\"ListItem\",\"position\":1,\"name\":\"Accueil\",\"item\":\"https:\/\/www.pressenza.com\/es\/\"},{\"@type\":\"ListItem\",\"position\":2,\"name\":\"Populismos en conflicto: la charla magistral de Chantal Mouffe en el Museo de la Memoria\"}]},{\"@type\":\"WebSite\",\"@id\":\"https:\/\/www.pressenza.com\/es\/#website\",\"url\":\"https:\/\/www.pressenza.com\/es\/\",\"name\":\"Pressenza\",\"description\":\"International Press Agency\",\"publisher\":{\"@id\":\"https:\/\/www.pressenza.com\/es\/#organization\"},\"potentialAction\":[{\"@type\":\"SearchAction\",\"target\":{\"@type\":\"EntryPoint\",\"urlTemplate\":\"https:\/\/www.pressenza.com\/es\/?s={search_term_string}\"},\"query-input\":{\"@type\":\"PropertyValueSpecification\",\"valueRequired\":true,\"valueName\":\"search_term_string\"}}],\"inLanguage\":\"es\"},{\"@type\":\"Organization\",\"@id\":\"https:\/\/www.pressenza.com\/es\/#organization\",\"name\":\"Pressenza\",\"url\":\"https:\/\/www.pressenza.com\/es\/\",\"logo\":{\"@type\":\"ImageObject\",\"inLanguage\":\"es\",\"@id\":\"https:\/\/www.pressenza.com\/es\/#\/schema\/logo\/image\/\",\"url\":\"https:\/\/www.pressenza.com\/wp-content\/uploads\/2022\/10\/pressenza_logo_200x200.jpg\",\"contentUrl\":\"https:\/\/www.pressenza.com\/wp-content\/uploads\/2022\/10\/pressenza_logo_200x200.jpg\",\"width\":200,\"height\":200,\"caption\":\"Pressenza\"},\"image\":{\"@id\":\"https:\/\/www.pressenza.com\/es\/#\/schema\/logo\/image\/\"},\"sameAs\":[\"https:\/\/www.facebook.com\/PressenzaItalia\",\"https:\/\/x.com\/PressenzaIPA\"]},{\"@type\":\"Person\",\"@id\":\"https:\/\/www.pressenza.com\/es\/#\/schema\/person\/d7db40df35d6698ba69ba9ee260944ed\",\"name\":\"Redacci\u00f3n Chile\",\"description\":\"News from the Pressenza Bureau in Chile\",\"sameAs\":[\"https:\/\/www.facebook.com\/pressenza\",\"https:\/\/x.com\/pressenza\"],\"url\":\"https:\/\/www.pressenza.com\/es\/author\/redaccion-chile\/\"}]}<\/script>\n<!-- \/ Yoast SEO plugin. -->","yoast_head_json":{"title":"Populismos en conflicto: la charla magistral de Chantal Mouffe en el Museo de la Memoria","description":"Invitada por el Centro de Estudios de Conflicto y Cohesi\u00f3n Social (COES), la fil\u00f3sofa belga posmarxista dialogar\u00e1 sobre populismos, abordando -desde ese","robots":{"index":"index","follow":"follow","max-snippet":"max-snippet:-1","max-image-preview":"max-image-preview:large","max-video-preview":"max-video-preview:-1"},"canonical":"https:\/\/www.pressenza.com\/es\/2018\/04\/populismos-conflicto-la-charla-magistral-chantal-mouffe-museo-la-memoria\/","og_locale":"es_ES","og_type":"article","og_title":"Populismos en conflicto: la charla magistral de Chantal Mouffe en el Museo de la Memoria","og_description":"Invitada por el Centro de Estudios de Conflicto y Cohesi\u00f3n Social (COES), la fil\u00f3sofa belga posmarxista dialogar\u00e1 sobre populismos, abordando -desde ese","og_url":"https:\/\/www.pressenza.com\/es\/2018\/04\/populismos-conflicto-la-charla-magistral-chantal-mouffe-museo-la-memoria\/","og_site_name":"Pressenza","article_publisher":"https:\/\/www.facebook.com\/PressenzaItalia","article_author":"https:\/\/www.facebook.com\/pressenza","article_published_time":"2018-04-16T18:41:14+00:00","og_image":[{"width":964,"height":372,"url":"https:\/\/www.pressenza.com\/wp-content\/uploads\/2018\/04\/Jt.jpg","type":"image\/jpeg"}],"author":"Redacci\u00f3n Chile","twitter_card":"summary_large_image","twitter_creator":"@pressenza","twitter_site":"@PressenzaIPA","twitter_misc":{"Escrito por":"Redacci\u00f3n Chile","Tiempo de lectura":"3 minutos"},"schema":{"@context":"https:\/\/schema.org","@graph":[{"@type":"Article","@id":"https:\/\/www.pressenza.com\/es\/2018\/04\/populismos-conflicto-la-charla-magistral-chantal-mouffe-museo-la-memoria\/#article","isPartOf":{"@id":"https:\/\/www.pressenza.com\/es\/2018\/04\/populismos-conflicto-la-charla-magistral-chantal-mouffe-museo-la-memoria\/"},"author":{"name":"Redacci\u00f3n Chile","@id":"https:\/\/www.pressenza.com\/es\/#\/schema\/person\/d7db40df35d6698ba69ba9ee260944ed"},"headline":"Populismos en conflicto: la charla magistral de Chantal Mouffe en el Museo de la Memoria","datePublished":"2018-04-16T18:41:14+00:00","mainEntityOfPage":{"@id":"https:\/\/www.pressenza.com\/es\/2018\/04\/populismos-conflicto-la-charla-magistral-chantal-mouffe-museo-la-memoria\/"},"wordCount":529,"publisher":{"@id":"https:\/\/www.pressenza.com\/es\/#organization"},"image":{"@id":"https:\/\/www.pressenza.com\/es\/2018\/04\/populismos-conflicto-la-charla-magistral-chantal-mouffe-museo-la-memoria\/#primaryimage"},"thumbnailUrl":"https:\/\/www.pressenza.com\/wp-content\/uploads\/2018\/04\/Jt.jpg","keywords":["Museo de la Memoria y los Derechos Humanos"],"articleSection":["Comunicados de Prensa","Pol\u00edtica","Sudam\u00e9rica"],"inLanguage":"es"},{"@type":"WebPage","@id":"https:\/\/www.pressenza.com\/es\/2018\/04\/populismos-conflicto-la-charla-magistral-chantal-mouffe-museo-la-memoria\/","url":"https:\/\/www.pressenza.com\/es\/2018\/04\/populismos-conflicto-la-charla-magistral-chantal-mouffe-museo-la-memoria\/","name":"Populismos en conflicto: la charla magistral de Chantal Mouffe en el Museo de la Memoria","isPartOf":{"@id":"https:\/\/www.pressenza.com\/es\/#website"},"primaryImageOfPage":{"@id":"https:\/\/www.pressenza.com\/es\/2018\/04\/populismos-conflicto-la-charla-magistral-chantal-mouffe-museo-la-memoria\/#primaryimage"},"image":{"@id":"https:\/\/www.pressenza.com\/es\/2018\/04\/populismos-conflicto-la-charla-magistral-chantal-mouffe-museo-la-memoria\/#primaryimage"},"thumbnailUrl":"https:\/\/www.pressenza.com\/wp-content\/uploads\/2018\/04\/Jt.jpg","datePublished":"2018-04-16T18:41:14+00:00","description":"Invitada por el Centro de Estudios de Conflicto y Cohesi\u00f3n Social (COES), la fil\u00f3sofa belga posmarxista dialogar\u00e1 sobre populismos, abordando -desde ese","breadcrumb":{"@id":"https:\/\/www.pressenza.com\/es\/2018\/04\/populismos-conflicto-la-charla-magistral-chantal-mouffe-museo-la-memoria\/#breadcrumb"},"inLanguage":"es","potentialAction":[{"@type":"ReadAction","target":["https:\/\/www.pressenza.com\/es\/2018\/04\/populismos-conflicto-la-charla-magistral-chantal-mouffe-museo-la-memoria\/"]}]},{"@type":"ImageObject","inLanguage":"es","@id":"https:\/\/www.pressenza.com\/es\/2018\/04\/populismos-conflicto-la-charla-magistral-chantal-mouffe-museo-la-memoria\/#primaryimage","url":"https:\/\/www.pressenza.com\/wp-content\/uploads\/2018\/04\/Jt.jpg","contentUrl":"https:\/\/www.pressenza.com\/wp-content\/uploads\/2018\/04\/Jt.jpg","width":964,"height":372},{"@type":"BreadcrumbList","@id":"https:\/\/www.pressenza.com\/es\/2018\/04\/populismos-conflicto-la-charla-magistral-chantal-mouffe-museo-la-memoria\/#breadcrumb","itemListElement":[{"@type":"ListItem","position":1,"name":"Accueil","item":"https:\/\/www.pressenza.com\/es\/"},{"@type":"ListItem","position":2,"name":"Populismos en conflicto: la charla magistral de Chantal Mouffe en el Museo de la Memoria"}]},{"@type":"WebSite","@id":"https:\/\/www.pressenza.com\/es\/#website","url":"https:\/\/www.pressenza.com\/es\/","name":"Pressenza","description":"International Press Agency","publisher":{"@id":"https:\/\/www.pressenza.com\/es\/#organization"},"potentialAction":[{"@type":"SearchAction","target":{"@type":"EntryPoint","urlTemplate":"https:\/\/www.pressenza.com\/es\/?s={search_term_string}"},"query-input":{"@type":"PropertyValueSpecification","valueRequired":true,"valueName":"search_term_string"}}],"inLanguage":"es"},{"@type":"Organization","@id":"https:\/\/www.pressenza.com\/es\/#organization","name":"Pressenza","url":"https:\/\/www.pressenza.com\/es\/","logo":{"@type":"ImageObject","inLanguage":"es","@id":"https:\/\/www.pressenza.com\/es\/#\/schema\/logo\/image\/","url":"https:\/\/www.pressenza.com\/wp-content\/uploads\/2022\/10\/pressenza_logo_200x200.jpg","contentUrl":"https:\/\/www.pressenza.com\/wp-content\/uploads\/2022\/10\/pressenza_logo_200x200.jpg","width":200,"height":200,"caption":"Pressenza"},"image":{"@id":"https:\/\/www.pressenza.com\/es\/#\/schema\/logo\/image\/"},"sameAs":["https:\/\/www.facebook.com\/PressenzaItalia","https:\/\/x.com\/PressenzaIPA"]},{"@type":"Person","@id":"https:\/\/www.pressenza.com\/es\/#\/schema\/person\/d7db40df35d6698ba69ba9ee260944ed","name":"Redacci\u00f3n Chile","description":"News from the Pressenza Bureau in Chile","sameAs":["https:\/\/www.facebook.com\/pressenza","https:\/\/x.com\/pressenza"],"url":"https:\/\/www.pressenza.com\/es\/author\/redaccion-chile\/"}]}},"place":"Santiago de Chile","original_article_url":"","_links":{"self":[{"href":"https:\/\/www.pressenza.com\/es\/wp-json\/wp\/v2\/posts\/626509","targetHints":{"allow":["GET"]}}],"collection":[{"href":"https:\/\/www.pressenza.com\/es\/wp-json\/wp\/v2\/posts"}],"about":[{"href":"https:\/\/www.pressenza.com\/es\/wp-json\/wp\/v2\/types\/post"}],"author":[{"embeddable":true,"href":"https:\/\/www.pressenza.com\/es\/wp-json\/wp\/v2\/users\/43"}],"replies":[{"embeddable":true,"href":"https:\/\/www.pressenza.com\/es\/wp-json\/wp\/v2\/comments?post=626509"}],"version-history":[{"count":0,"href":"https:\/\/www.pressenza.com\/es\/wp-json\/wp\/v2\/posts\/626509\/revisions"}],"wp:featuredmedia":[{"embeddable":true,"href":"https:\/\/www.pressenza.com\/es\/wp-json\/wp\/v2\/media\/626510"}],"wp:attachment":[{"href":"https:\/\/www.pressenza.com\/es\/wp-json\/wp\/v2\/media?parent=626509"}],"wp:term":[{"taxonomy":"category","embeddable":true,"href":"https:\/\/www.pressenza.com\/es\/wp-json\/wp\/v2\/categories?post=626509"},{"taxonomy":"post_tag","embeddable":true,"href":"https:\/\/www.pressenza.com\/es\/wp-json\/wp\/v2\/tags?post=626509"}],"curies":[{"name":"wp","href":"https:\/\/api.w.org\/{rel}","templated":true}]}}