{"id":62646,"date":"2013-07-27T22:09:08","date_gmt":"2013-07-27T21:09:08","guid":{"rendered":"http:\/\/www.pressenza.com\/?p=62646"},"modified":"2013-07-27T22:09:08","modified_gmt":"2013-07-27T21:09:08","slug":"caricom-exige-indemnizaciones-a-tres-paises-de-europa-por-esclavitud","status":"publish","type":"post","link":"https:\/\/www.pressenza.com\/es\/2013\/07\/caricom-exige-indemnizaciones-a-tres-paises-de-europa-por-esclavitud\/","title":{"rendered":"Caricom exige indemnizaciones a tres pa\u00edses de Europa por esclavitud"},"content":{"rendered":"<p><strong>Los pa\u00edses miembros de la Comunidad del Caribe dispusieron de una Comisi\u00f3n de Indemnizaciones para librar una batalla jur\u00eddica con Francia, Reino Unido y Holanda, naciones que se beneficiaron con la esclavitud y el genocidio que perpetraron a pueblos nativos. Se estima en unos 15 millones de personas las traidas desde \u00c1frica a Am\u00e9rica por los colonizadores.<\/strong><\/p>\n<p>La Comunidad del Caribe (Caricom) exige indemnizaci\u00f3n a tres pa\u00edses europeos por esclavitud y genocidio a pueblos nativos, a trav\u00e9s de una Comisi\u00f3n de Indemnizaciones que abordar\u00e1 este tema legal.<\/p>\n<p>El primer ministro de San Vicente y las Granadinas, Ralph Gonsalves, lidera la batalla jur\u00eddica contra Francia, el Reino Unido y Holanda. El premier inform\u00f3 que la Caricom ya dispuso de una Comisi\u00f3n de Indemnizaciones y cuenta con el apoyo de abogados brit\u00e1nicos especializados en derechos humanos.<\/p>\n<p>El Caribe reclama a estos tres pa\u00edses europeos que pidan disculpas por los resultados que dej\u00f3 la esclavitud empleada por ellos en la regi\u00f3n, como \u201cla pobreza end\u00e9mica y la falta de desarrollo\u201d, aunque aseguraron que con pedir disculpas no basta para resarcir los da\u00f1os ocasionados.<\/p>\n<p>La presidenta de la comisi\u00f3n nacional de indemnizaciones de Jamaica, Verene Shepherd, dijo que en el momento de la emancipaci\u00f3n en 1834, el Reino Unido pag\u00f3 20 millones de libras esterlinas a colonos brit\u00e1nicos en el Caribe, el equivalente a 200 mil millones de libras actuales (m\u00e1s de 307 mil millones de d\u00f3lares).<\/p>\n<p>Shepherd denunci\u00f3 \u201cnuestros antepasados no obtuvieron nada. Obtuvieron su libertad y se les dijo desarr\u00f3llense ustedes mismos\u201d.<\/p>\n<p>Los gobiernos de 14 pa\u00edses, miembros de Caricom, acordaron un\u00e1nimemente a principios de julio establecer una reuni\u00f3n en Trinidad y Tobago para librar una batalla jur\u00eddica conjunta contra los pa\u00edses que se beneficiaron con la esclavitud.<\/p>\n<p>Por tanto, el reclamo exige indemnizaci\u00f3n al Reino Unido en representaci\u00f3n de los caribe\u00f1os de habla inglesa, a Francia por la esclavitud en Hait\u00ed y a Holanda por Suriname, una excolonia holandesa en el extremo noreste de Suram\u00e9rica que es miembro de Caricom.<\/p>\n","protected":false},"excerpt":{"rendered":"<p>Los pa\u00edses miembros de la Comunidad del Caribe dispusieron de una Comisi\u00f3n de Indemnizaciones para librar una batalla jur\u00eddica con Francia, Reino Unido y Holanda, naciones que se beneficiaron con la esclavitud y el genocidio que perpetraron a pueblos nativos.&hellip;<\/p>\n","protected":false},"author":616,"featured_media":62648,"comment_status":"closed","ping_status":"open","sticky":false,"template":"","format":"standard","meta":{"footnotes":""},"categories":[69,79],"tags":[623],"class_list":["post-62646","post","type-post","status-publish","format-standard","has-post-thumbnail","hentry","category-america-central","category-derechos-humanos","tag-violencia"],"yoast_head":"<!-- This site is optimized with the Yoast SEO plugin v27.1.1 - https:\/\/yoast.com\/product\/yoast-seo-wordpress\/ -->\n<title>Caricom exige indemnizaciones a tres pa\u00edses de Europa por esclavitud<\/title>\n<meta name=\"description\" content=\"Los pa\u00edses miembros de la Comunidad del Caribe dispusieron de una Comisi\u00f3n de Indemnizaciones para librar una batalla jur\u00eddica con Francia, Reino Unido y\" \/>\n<meta name=\"robots\" content=\"index, follow, max-snippet:-1, max-image-preview:large, max-video-preview:-1\" \/>\n<link rel=\"canonical\" href=\"https:\/\/www.pressenza.com\/es\/2013\/07\/caricom-exige-indemnizaciones-a-tres-paises-de-europa-por-esclavitud\/\" \/>\n<meta property=\"og:locale\" content=\"es_ES\" \/>\n<meta property=\"og:type\" content=\"article\" \/>\n<meta property=\"og:title\" content=\"Caricom exige indemnizaciones a tres pa\u00edses de Europa por esclavitud\" \/>\n<meta property=\"og:description\" content=\"Los pa\u00edses miembros de la Comunidad del Caribe dispusieron de una Comisi\u00f3n de Indemnizaciones para librar una batalla jur\u00eddica con Francia, Reino Unido y\" \/>\n<meta property=\"og:url\" content=\"https:\/\/www.pressenza.com\/es\/2013\/07\/caricom-exige-indemnizaciones-a-tres-paises-de-europa-por-esclavitud\/\" \/>\n<meta property=\"og:site_name\" content=\"Pressenza\" \/>\n<meta property=\"article:publisher\" content=\"https:\/\/www.facebook.com\/PressenzaItalia\" \/>\n<meta property=\"article:published_time\" content=\"2013-07-27T21:09:08+00:00\" \/>\n<meta property=\"og:image\" content=\"https:\/\/www.pressenza.com\/wp-content\/uploads\/2013\/07\/esclavitud.jpg\" \/>\n\t<meta property=\"og:image:width\" content=\"500\" \/>\n\t<meta property=\"og:image:height\" content=\"316\" \/>\n\t<meta property=\"og:image:type\" content=\"image\/jpeg\" \/>\n<meta name=\"author\" content=\"El Ciudadano\" \/>\n<meta name=\"twitter:card\" content=\"summary_large_image\" \/>\n<meta name=\"twitter:creator\" content=\"@PressenzaIPA\" \/>\n<meta name=\"twitter:site\" content=\"@PressenzaIPA\" \/>\n<meta name=\"twitter:label1\" content=\"Escrito por\" \/>\n\t<meta name=\"twitter:data1\" content=\"El Ciudadano\" \/>\n\t<meta name=\"twitter:label2\" content=\"Tiempo de lectura\" \/>\n\t<meta name=\"twitter:data2\" content=\"2 minutos\" \/>\n<script type=\"application\/ld+json\" class=\"yoast-schema-graph\">{\"@context\":\"https:\/\/schema.org\",\"@graph\":[{\"@type\":\"Article\",\"@id\":\"https:\/\/www.pressenza.com\/es\/2013\/07\/caricom-exige-indemnizaciones-a-tres-paises-de-europa-por-esclavitud\/#article\",\"isPartOf\":{\"@id\":\"https:\/\/www.pressenza.com\/es\/2013\/07\/caricom-exige-indemnizaciones-a-tres-paises-de-europa-por-esclavitud\/\"},\"author\":{\"name\":\"El Ciudadano\",\"@id\":\"https:\/\/www.pressenza.com\/es\/#\/schema\/person\/6522eecb4cd68e074b27e251e4b04ef8\"},\"headline\":\"Caricom exige indemnizaciones a tres pa\u00edses de Europa por esclavitud\",\"datePublished\":\"2013-07-27T21:09:08+00:00\",\"mainEntityOfPage\":{\"@id\":\"https:\/\/www.pressenza.com\/es\/2013\/07\/caricom-exige-indemnizaciones-a-tres-paises-de-europa-por-esclavitud\/\"},\"wordCount\":364,\"publisher\":{\"@id\":\"https:\/\/www.pressenza.com\/es\/#organization\"},\"image\":{\"@id\":\"https:\/\/www.pressenza.com\/es\/2013\/07\/caricom-exige-indemnizaciones-a-tres-paises-de-europa-por-esclavitud\/#primaryimage\"},\"thumbnailUrl\":\"https:\/\/www.pressenza.com\/wp-content\/uploads\/2013\/07\/esclavitud.jpg\",\"keywords\":[\"Violencia\"],\"articleSection\":[\"Am\u00e9rica Central\",\"Derechos Humanos\"],\"inLanguage\":\"es\"},{\"@type\":\"WebPage\",\"@id\":\"https:\/\/www.pressenza.com\/es\/2013\/07\/caricom-exige-indemnizaciones-a-tres-paises-de-europa-por-esclavitud\/\",\"url\":\"https:\/\/www.pressenza.com\/es\/2013\/07\/caricom-exige-indemnizaciones-a-tres-paises-de-europa-por-esclavitud\/\",\"name\":\"Caricom exige indemnizaciones a tres pa\u00edses de Europa por esclavitud\",\"isPartOf\":{\"@id\":\"https:\/\/www.pressenza.com\/es\/#website\"},\"primaryImageOfPage\":{\"@id\":\"https:\/\/www.pressenza.com\/es\/2013\/07\/caricom-exige-indemnizaciones-a-tres-paises-de-europa-por-esclavitud\/#primaryimage\"},\"image\":{\"@id\":\"https:\/\/www.pressenza.com\/es\/2013\/07\/caricom-exige-indemnizaciones-a-tres-paises-de-europa-por-esclavitud\/#primaryimage\"},\"thumbnailUrl\":\"https:\/\/www.pressenza.com\/wp-content\/uploads\/2013\/07\/esclavitud.jpg\",\"datePublished\":\"2013-07-27T21:09:08+00:00\",\"description\":\"Los pa\u00edses miembros de la Comunidad del Caribe dispusieron de una Comisi\u00f3n de Indemnizaciones para librar una batalla jur\u00eddica con Francia, Reino Unido y\",\"breadcrumb\":{\"@id\":\"https:\/\/www.pressenza.com\/es\/2013\/07\/caricom-exige-indemnizaciones-a-tres-paises-de-europa-por-esclavitud\/#breadcrumb\"},\"inLanguage\":\"es\",\"potentialAction\":[{\"@type\":\"ReadAction\",\"target\":[\"https:\/\/www.pressenza.com\/es\/2013\/07\/caricom-exige-indemnizaciones-a-tres-paises-de-europa-por-esclavitud\/\"]}]},{\"@type\":\"ImageObject\",\"inLanguage\":\"es\",\"@id\":\"https:\/\/www.pressenza.com\/es\/2013\/07\/caricom-exige-indemnizaciones-a-tres-paises-de-europa-por-esclavitud\/#primaryimage\",\"url\":\"https:\/\/www.pressenza.com\/wp-content\/uploads\/2013\/07\/esclavitud.jpg\",\"contentUrl\":\"https:\/\/www.pressenza.com\/wp-content\/uploads\/2013\/07\/esclavitud.jpg\",\"width\":500,\"height\":316},{\"@type\":\"BreadcrumbList\",\"@id\":\"https:\/\/www.pressenza.com\/es\/2013\/07\/caricom-exige-indemnizaciones-a-tres-paises-de-europa-por-esclavitud\/#breadcrumb\",\"itemListElement\":[{\"@type\":\"ListItem\",\"position\":1,\"name\":\"Accueil\",\"item\":\"https:\/\/www.pressenza.com\/es\/\"},{\"@type\":\"ListItem\",\"position\":2,\"name\":\"Caricom exige indemnizaciones a tres pa\u00edses de Europa por esclavitud\"}]},{\"@type\":\"WebSite\",\"@id\":\"https:\/\/www.pressenza.com\/es\/#website\",\"url\":\"https:\/\/www.pressenza.com\/es\/\",\"name\":\"Pressenza\",\"description\":\"International Press Agency\",\"publisher\":{\"@id\":\"https:\/\/www.pressenza.com\/es\/#organization\"},\"potentialAction\":[{\"@type\":\"SearchAction\",\"target\":{\"@type\":\"EntryPoint\",\"urlTemplate\":\"https:\/\/www.pressenza.com\/es\/?s={search_term_string}\"},\"query-input\":{\"@type\":\"PropertyValueSpecification\",\"valueRequired\":true,\"valueName\":\"search_term_string\"}}],\"inLanguage\":\"es\"},{\"@type\":\"Organization\",\"@id\":\"https:\/\/www.pressenza.com\/es\/#organization\",\"name\":\"Pressenza\",\"url\":\"https:\/\/www.pressenza.com\/es\/\",\"logo\":{\"@type\":\"ImageObject\",\"inLanguage\":\"es\",\"@id\":\"https:\/\/www.pressenza.com\/es\/#\/schema\/logo\/image\/\",\"url\":\"https:\/\/www.pressenza.com\/wp-content\/uploads\/2022\/10\/pressenza_logo_200x200.jpg\",\"contentUrl\":\"https:\/\/www.pressenza.com\/wp-content\/uploads\/2022\/10\/pressenza_logo_200x200.jpg\",\"width\":200,\"height\":200,\"caption\":\"Pressenza\"},\"image\":{\"@id\":\"https:\/\/www.pressenza.com\/es\/#\/schema\/logo\/image\/\"},\"sameAs\":[\"https:\/\/www.facebook.com\/PressenzaItalia\",\"https:\/\/x.com\/PressenzaIPA\"]},{\"@type\":\"Person\",\"@id\":\"https:\/\/www.pressenza.com\/es\/#\/schema\/person\/6522eecb4cd68e074b27e251e4b04ef8\",\"name\":\"El Ciudadano\",\"description\":\"El Ciudadano es un medio de comunicaci\u00f3n de circulaci\u00f3n mensual en papel y de funcionamiento diario en la web. Forma parte de la Red de Medios de los Pueblos por lo que se declara como un medio del Tercer Sector para romper el cerco informativo. El Ciudadano es una publicaci\u00f3n que busca elevar desde lo local a lo global las demandas de la organizaci\u00f3n social chilena como tambi\u00e9n promover la acci\u00f3n directa de la ciudadan\u00eda por su derecho a autodeterminaci\u00f3n. elciudadano.cl\",\"url\":\"https:\/\/www.pressenza.com\/es\/author\/el-ciudadano\/\"}]}<\/script>\n<!-- \/ Yoast SEO plugin. -->","yoast_head_json":{"title":"Caricom exige indemnizaciones a tres pa\u00edses de Europa por esclavitud","description":"Los pa\u00edses miembros de la Comunidad del Caribe dispusieron de una Comisi\u00f3n de Indemnizaciones para librar una batalla jur\u00eddica con Francia, Reino Unido y","robots":{"index":"index","follow":"follow","max-snippet":"max-snippet:-1","max-image-preview":"max-image-preview:large","max-video-preview":"max-video-preview:-1"},"canonical":"https:\/\/www.pressenza.com\/es\/2013\/07\/caricom-exige-indemnizaciones-a-tres-paises-de-europa-por-esclavitud\/","og_locale":"es_ES","og_type":"article","og_title":"Caricom exige indemnizaciones a tres pa\u00edses de Europa por esclavitud","og_description":"Los pa\u00edses miembros de la Comunidad del Caribe dispusieron de una Comisi\u00f3n de Indemnizaciones para librar una batalla jur\u00eddica con Francia, Reino Unido y","og_url":"https:\/\/www.pressenza.com\/es\/2013\/07\/caricom-exige-indemnizaciones-a-tres-paises-de-europa-por-esclavitud\/","og_site_name":"Pressenza","article_publisher":"https:\/\/www.facebook.com\/PressenzaItalia","article_published_time":"2013-07-27T21:09:08+00:00","og_image":[{"width":500,"height":316,"url":"https:\/\/www.pressenza.com\/wp-content\/uploads\/2013\/07\/esclavitud.jpg","type":"image\/jpeg"}],"author":"El Ciudadano","twitter_card":"summary_large_image","twitter_creator":"@PressenzaIPA","twitter_site":"@PressenzaIPA","twitter_misc":{"Escrito por":"El Ciudadano","Tiempo de lectura":"2 minutos"},"schema":{"@context":"https:\/\/schema.org","@graph":[{"@type":"Article","@id":"https:\/\/www.pressenza.com\/es\/2013\/07\/caricom-exige-indemnizaciones-a-tres-paises-de-europa-por-esclavitud\/#article","isPartOf":{"@id":"https:\/\/www.pressenza.com\/es\/2013\/07\/caricom-exige-indemnizaciones-a-tres-paises-de-europa-por-esclavitud\/"},"author":{"name":"El Ciudadano","@id":"https:\/\/www.pressenza.com\/es\/#\/schema\/person\/6522eecb4cd68e074b27e251e4b04ef8"},"headline":"Caricom exige indemnizaciones a tres pa\u00edses de Europa por esclavitud","datePublished":"2013-07-27T21:09:08+00:00","mainEntityOfPage":{"@id":"https:\/\/www.pressenza.com\/es\/2013\/07\/caricom-exige-indemnizaciones-a-tres-paises-de-europa-por-esclavitud\/"},"wordCount":364,"publisher":{"@id":"https:\/\/www.pressenza.com\/es\/#organization"},"image":{"@id":"https:\/\/www.pressenza.com\/es\/2013\/07\/caricom-exige-indemnizaciones-a-tres-paises-de-europa-por-esclavitud\/#primaryimage"},"thumbnailUrl":"https:\/\/www.pressenza.com\/wp-content\/uploads\/2013\/07\/esclavitud.jpg","keywords":["Violencia"],"articleSection":["Am\u00e9rica Central","Derechos Humanos"],"inLanguage":"es"},{"@type":"WebPage","@id":"https:\/\/www.pressenza.com\/es\/2013\/07\/caricom-exige-indemnizaciones-a-tres-paises-de-europa-por-esclavitud\/","url":"https:\/\/www.pressenza.com\/es\/2013\/07\/caricom-exige-indemnizaciones-a-tres-paises-de-europa-por-esclavitud\/","name":"Caricom exige indemnizaciones a tres pa\u00edses de Europa por esclavitud","isPartOf":{"@id":"https:\/\/www.pressenza.com\/es\/#website"},"primaryImageOfPage":{"@id":"https:\/\/www.pressenza.com\/es\/2013\/07\/caricom-exige-indemnizaciones-a-tres-paises-de-europa-por-esclavitud\/#primaryimage"},"image":{"@id":"https:\/\/www.pressenza.com\/es\/2013\/07\/caricom-exige-indemnizaciones-a-tres-paises-de-europa-por-esclavitud\/#primaryimage"},"thumbnailUrl":"https:\/\/www.pressenza.com\/wp-content\/uploads\/2013\/07\/esclavitud.jpg","datePublished":"2013-07-27T21:09:08+00:00","description":"Los pa\u00edses miembros de la Comunidad del Caribe dispusieron de una Comisi\u00f3n de Indemnizaciones para librar una batalla jur\u00eddica con Francia, Reino Unido y","breadcrumb":{"@id":"https:\/\/www.pressenza.com\/es\/2013\/07\/caricom-exige-indemnizaciones-a-tres-paises-de-europa-por-esclavitud\/#breadcrumb"},"inLanguage":"es","potentialAction":[{"@type":"ReadAction","target":["https:\/\/www.pressenza.com\/es\/2013\/07\/caricom-exige-indemnizaciones-a-tres-paises-de-europa-por-esclavitud\/"]}]},{"@type":"ImageObject","inLanguage":"es","@id":"https:\/\/www.pressenza.com\/es\/2013\/07\/caricom-exige-indemnizaciones-a-tres-paises-de-europa-por-esclavitud\/#primaryimage","url":"https:\/\/www.pressenza.com\/wp-content\/uploads\/2013\/07\/esclavitud.jpg","contentUrl":"https:\/\/www.pressenza.com\/wp-content\/uploads\/2013\/07\/esclavitud.jpg","width":500,"height":316},{"@type":"BreadcrumbList","@id":"https:\/\/www.pressenza.com\/es\/2013\/07\/caricom-exige-indemnizaciones-a-tres-paises-de-europa-por-esclavitud\/#breadcrumb","itemListElement":[{"@type":"ListItem","position":1,"name":"Accueil","item":"https:\/\/www.pressenza.com\/es\/"},{"@type":"ListItem","position":2,"name":"Caricom exige indemnizaciones a tres pa\u00edses de Europa por esclavitud"}]},{"@type":"WebSite","@id":"https:\/\/www.pressenza.com\/es\/#website","url":"https:\/\/www.pressenza.com\/es\/","name":"Pressenza","description":"International Press Agency","publisher":{"@id":"https:\/\/www.pressenza.com\/es\/#organization"},"potentialAction":[{"@type":"SearchAction","target":{"@type":"EntryPoint","urlTemplate":"https:\/\/www.pressenza.com\/es\/?s={search_term_string}"},"query-input":{"@type":"PropertyValueSpecification","valueRequired":true,"valueName":"search_term_string"}}],"inLanguage":"es"},{"@type":"Organization","@id":"https:\/\/www.pressenza.com\/es\/#organization","name":"Pressenza","url":"https:\/\/www.pressenza.com\/es\/","logo":{"@type":"ImageObject","inLanguage":"es","@id":"https:\/\/www.pressenza.com\/es\/#\/schema\/logo\/image\/","url":"https:\/\/www.pressenza.com\/wp-content\/uploads\/2022\/10\/pressenza_logo_200x200.jpg","contentUrl":"https:\/\/www.pressenza.com\/wp-content\/uploads\/2022\/10\/pressenza_logo_200x200.jpg","width":200,"height":200,"caption":"Pressenza"},"image":{"@id":"https:\/\/www.pressenza.com\/es\/#\/schema\/logo\/image\/"},"sameAs":["https:\/\/www.facebook.com\/PressenzaItalia","https:\/\/x.com\/PressenzaIPA"]},{"@type":"Person","@id":"https:\/\/www.pressenza.com\/es\/#\/schema\/person\/6522eecb4cd68e074b27e251e4b04ef8","name":"El Ciudadano","description":"El Ciudadano es un medio de comunicaci\u00f3n de circulaci\u00f3n mensual en papel y de funcionamiento diario en la web. Forma parte de la Red de Medios de los Pueblos por lo que se declara como un medio del Tercer Sector para romper el cerco informativo. El Ciudadano es una publicaci\u00f3n que busca elevar desde lo local a lo global las demandas de la organizaci\u00f3n social chilena como tambi\u00e9n promover la acci\u00f3n directa de la ciudadan\u00eda por su derecho a autodeterminaci\u00f3n. elciudadano.cl","url":"https:\/\/www.pressenza.com\/es\/author\/el-ciudadano\/"}]}},"place":"Caribe","original_article_url":"","_links":{"self":[{"href":"https:\/\/www.pressenza.com\/es\/wp-json\/wp\/v2\/posts\/62646","targetHints":{"allow":["GET"]}}],"collection":[{"href":"https:\/\/www.pressenza.com\/es\/wp-json\/wp\/v2\/posts"}],"about":[{"href":"https:\/\/www.pressenza.com\/es\/wp-json\/wp\/v2\/types\/post"}],"author":[{"embeddable":true,"href":"https:\/\/www.pressenza.com\/es\/wp-json\/wp\/v2\/users\/616"}],"replies":[{"embeddable":true,"href":"https:\/\/www.pressenza.com\/es\/wp-json\/wp\/v2\/comments?post=62646"}],"version-history":[{"count":0,"href":"https:\/\/www.pressenza.com\/es\/wp-json\/wp\/v2\/posts\/62646\/revisions"}],"wp:featuredmedia":[{"embeddable":true,"href":"https:\/\/www.pressenza.com\/es\/wp-json\/wp\/v2\/media\/62648"}],"wp:attachment":[{"href":"https:\/\/www.pressenza.com\/es\/wp-json\/wp\/v2\/media?parent=62646"}],"wp:term":[{"taxonomy":"category","embeddable":true,"href":"https:\/\/www.pressenza.com\/es\/wp-json\/wp\/v2\/categories?post=62646"},{"taxonomy":"post_tag","embeddable":true,"href":"https:\/\/www.pressenza.com\/es\/wp-json\/wp\/v2\/tags?post=62646"}],"curies":[{"name":"wp","href":"https:\/\/api.w.org\/{rel}","templated":true}]}}