{"id":626445,"date":"2018-04-16T17:07:28","date_gmt":"2018-04-16T16:07:28","guid":{"rendered":"https:\/\/www.pressenza.com\/?p=626445"},"modified":"2018-04-16T17:07:28","modified_gmt":"2018-04-16T16:07:28","slug":"hablemos-solvencia-moral","status":"publish","type":"post","link":"https:\/\/www.pressenza.com\/es\/2018\/04\/hablemos-solvencia-moral\/","title":{"rendered":"Hablemos de solvencia moral"},"content":{"rendered":"<p align=\"justify\">El presidente Trump destaca por antip\u00e1tico y por generar rechazo. Pero es importante comprender que la pol\u00edtica exterior de Estados Unidos responde a la estrategia de dominaci\u00f3n que ese pa\u00eds ha mantenido durante m\u00e1s de 200 a\u00f1os. Creada para dominar pol\u00edtica y econ\u00f3micamente al planeta, esta pol\u00edtica hoy afecta a Siria, ayer fueron Irak y Afganist\u00e1n, anteayer Rep\u00fablica Dominicana, Cuba, Guatemala, Chile, Argentina, las naciones africanas, Jap\u00f3n y se podr\u00eda seguir contando las innumerables \u201cintervenciones\u201d abiertas o clandestinas ejecutadas por ese pa\u00eds para imponer dictadores d\u00f3ciles y sanguinarios.<\/p>\n<p align=\"justify\">Siria no es m\u00e1s que una etapa en el dominio pretendido por esa nebulosa administraci\u00f3n estadounidense \u2013Trump solo sigue una l\u00ednea ya trazada- demostrando que cualquier oposici\u00f3n ser\u00e1 atacada con violencia. Es importante se\u00f1alar que Estados Unidos tiene la facilidad para manejar sus planes con un halo de legitimidad gracias a una prensa plegada a sus intereses y el concurso de pa\u00edses como Francia y Gran Breta\u00f1a, \u00e1vidos de poder.<\/p>\n<p align=\"justify\">Si creemos que Siria no nos compete, por lejan\u00eda, desconocimiento de la geopol\u00edtica actual o por estar m\u00e1s ocupados de nuestros propios descalabros, es importante ver el cuadro completo y comprender que la agresi\u00f3n en cualquier punto del planeta es un aviso de lo que podr\u00eda sucedernos si intentamos, como Cuba y otros pa\u00edses cercanos, independizarnos del apretado c\u00edrculo de influencia del gigante del norte. Hemos de entender la pol\u00edtica mundial de modo integral ante la realidad de que nadie est\u00e1 a salvo de un golpe de autoridad ante el m\u00e1s t\u00edmido intento de subversi\u00f3n, sobre todo si se pretende convertir a nuestros pa\u00edses en modelos de democracia.<\/p>\n<p align=\"justify\">La presencia de Rusia y China en el escenario b\u00e9lico de Damasco viene a representar la \u00fanica defensa de ese pa\u00eds ya devastado por la guerra. Los intentos de convertir el ataque actual en una herramienta para apoderarse de la riqueza de Siria, como sucedi\u00f3 con otros pa\u00edses de la regi\u00f3n, chocan contra dos gigantes opuestos a las ambiciones del Departamento de Estado y sus grandes corporaciones, gigantes que tambi\u00e9n tienen su agenda en el territorio. Al final de cuentas, los pa\u00edses menos desarrollados y debilitados por el intervencionismo de las potencias somos como un bocado apetecible y dif\u00edcilmente nos salvamos de ser devorados, tarde o temprano.<\/p>\n<p align=\"justify\">En estos d\u00edas, mientras Estados Unidos bombardea Siria, se desarrolla la Cumbre de las Am\u00e9ricas, cuyo tema central es la corrupci\u00f3n y la gobernabilidad. En ese contexto Luis Almagro, secretario general de la OEA, no tuvo empacho en enderezar sus misiles verbales contra Cuba y, en abierta paradoja, justificar la agresi\u00f3n estadounidense contra Damasco, evidenciando hasta qu\u00e9 punto ese organismo responde a las pol\u00edticas de la Casa Blanca en contradicci\u00f3n con sus principios como ente regional. Eso obliga a repensar en la enorme vulnerabilidad de Am\u00e9rica Latina y el Caribe ante la presi\u00f3n ejercida por Estados Unidos sobre sus gobiernos con la finalidad de mantenerlos alineados y sumisos, ya que corrupci\u00f3n e ingobernabilidad \u2013temas centrales del foro- son algunos de los \u201cefectos colaterales\u201d de la intromisi\u00f3n estadounidense en todos nuestros pa\u00edses.<\/p>\n<p align=\"justify\">Para alegar solvencia moral, como pretende, la Casa Blanca deber\u00eda aceptar y respetar la voluntad de los pueblos, abandonar las t\u00e1cticas intervencionistas en pa\u00edses menos desarrollados, abstenerse de destruir sus territorios por medio de la explotaci\u00f3n ileg\u00edtima e irracional de sus recursos y salir de donde no le corresponde estar. Eso, para empezar.<\/p>\n","protected":false},"excerpt":{"rendered":"<p>El presidente Trump destaca por antip\u00e1tico y por generar rechazo. Pero es importante comprender que la pol\u00edtica exterior de Estados Unidos responde a la estrategia de dominaci\u00f3n que ese pa\u00eds ha mantenido durante m\u00e1s de 200 a\u00f1os. Creada para dominar&hellip;<\/p>\n","protected":false},"author":1296,"featured_media":626447,"comment_status":"closed","ping_status":"closed","sticky":false,"template":"","format":"standard","meta":{"footnotes":""},"categories":[11389,39,161,1243],"tags":[45192,16648,26187,5286],"class_list":["post-626445","post","type-post","status-publish","format-standard","has-post-thumbnail","hentry","category-contenido-original","category-internacional","category-opiniones","category-paz-desarme","tag-bombardeo-en-siria","tag-cumbre-de-las-americas","tag-donald-trump-es","tag-oea"],"yoast_head":"<!-- This site is optimized with the Yoast SEO plugin v27.1.1 - https:\/\/yoast.com\/product\/yoast-seo-wordpress\/ -->\n<title>Hablemos de solvencia moral<\/title>\n<meta name=\"description\" content=\"El presidente Trump destaca por antip\u00e1tico y por generar rechazo. Pero es importante comprender que la pol\u00edtica exterior de Estados Unidos responde a la\" \/>\n<meta name=\"robots\" content=\"index, follow, max-snippet:-1, max-image-preview:large, max-video-preview:-1\" \/>\n<link rel=\"canonical\" href=\"https:\/\/www.pressenza.com\/es\/2018\/04\/hablemos-solvencia-moral\/\" \/>\n<meta property=\"og:locale\" content=\"es_ES\" \/>\n<meta property=\"og:type\" content=\"article\" \/>\n<meta property=\"og:title\" content=\"Hablemos de solvencia moral\" \/>\n<meta property=\"og:description\" content=\"El presidente Trump destaca por antip\u00e1tico y por generar rechazo. Pero es importante comprender que la pol\u00edtica exterior de Estados Unidos responde a la\" \/>\n<meta property=\"og:url\" content=\"https:\/\/www.pressenza.com\/es\/2018\/04\/hablemos-solvencia-moral\/\" \/>\n<meta property=\"og:site_name\" content=\"Pressenza\" \/>\n<meta property=\"article:publisher\" content=\"https:\/\/www.facebook.com\/PressenzaItalia\" \/>\n<meta property=\"article:author\" content=\"https:\/\/www.facebook.com\/pages\/Carolina-V\u00e1squez-Araya\/241844515845237?fref=ts\" \/>\n<meta property=\"article:published_time\" content=\"2018-04-16T16:07:28+00:00\" \/>\n<meta property=\"og:image\" content=\"https:\/\/www.pressenza.com\/wp-content\/uploads\/2018\/04\/16291109_xl.jpg\" \/>\n\t<meta property=\"og:image:width\" content=\"880\" \/>\n\t<meta property=\"og:image:height\" content=\"495\" \/>\n\t<meta property=\"og:image:type\" content=\"image\/jpeg\" \/>\n<meta name=\"author\" content=\"Carolina V\u00e1squez Araya\" \/>\n<meta name=\"twitter:card\" content=\"summary_large_image\" \/>\n<meta name=\"twitter:creator\" content=\"@carvasar\" \/>\n<meta name=\"twitter:site\" content=\"@PressenzaIPA\" \/>\n<meta name=\"twitter:label1\" content=\"Escrito por\" \/>\n\t<meta name=\"twitter:data1\" content=\"Carolina V\u00e1squez Araya\" \/>\n\t<meta name=\"twitter:label2\" content=\"Tiempo de lectura\" \/>\n\t<meta name=\"twitter:data2\" content=\"3 minutos\" \/>\n<script type=\"application\/ld+json\" class=\"yoast-schema-graph\">{\"@context\":\"https:\/\/schema.org\",\"@graph\":[{\"@type\":\"Article\",\"@id\":\"https:\/\/www.pressenza.com\/es\/2018\/04\/hablemos-solvencia-moral\/#article\",\"isPartOf\":{\"@id\":\"https:\/\/www.pressenza.com\/es\/2018\/04\/hablemos-solvencia-moral\/\"},\"author\":{\"name\":\"Carolina V\u00e1squez Araya\",\"@id\":\"https:\/\/www.pressenza.com\/es\/#\/schema\/person\/6936ca3bb8dee618b5cdfd0e4427cdd6\"},\"headline\":\"Hablemos de solvencia moral\",\"datePublished\":\"2018-04-16T16:07:28+00:00\",\"mainEntityOfPage\":{\"@id\":\"https:\/\/www.pressenza.com\/es\/2018\/04\/hablemos-solvencia-moral\/\"},\"wordCount\":617,\"publisher\":{\"@id\":\"https:\/\/www.pressenza.com\/es\/#organization\"},\"image\":{\"@id\":\"https:\/\/www.pressenza.com\/es\/2018\/04\/hablemos-solvencia-moral\/#primaryimage\"},\"thumbnailUrl\":\"https:\/\/www.pressenza.com\/wp-content\/uploads\/2018\/04\/16291109_xl.jpg\",\"keywords\":[\"Bombardeo en Siria\",\"Cumbre de las Am\u00e9ricas\",\"Donald Trump\",\"OEA\"],\"articleSection\":[\"Contenido Original\",\"Internacional\",\"Opiniones\",\"Paz y Desarme\"],\"inLanguage\":\"es\"},{\"@type\":\"WebPage\",\"@id\":\"https:\/\/www.pressenza.com\/es\/2018\/04\/hablemos-solvencia-moral\/\",\"url\":\"https:\/\/www.pressenza.com\/es\/2018\/04\/hablemos-solvencia-moral\/\",\"name\":\"Hablemos de solvencia moral\",\"isPartOf\":{\"@id\":\"https:\/\/www.pressenza.com\/es\/#website\"},\"primaryImageOfPage\":{\"@id\":\"https:\/\/www.pressenza.com\/es\/2018\/04\/hablemos-solvencia-moral\/#primaryimage\"},\"image\":{\"@id\":\"https:\/\/www.pressenza.com\/es\/2018\/04\/hablemos-solvencia-moral\/#primaryimage\"},\"thumbnailUrl\":\"https:\/\/www.pressenza.com\/wp-content\/uploads\/2018\/04\/16291109_xl.jpg\",\"datePublished\":\"2018-04-16T16:07:28+00:00\",\"description\":\"El presidente Trump destaca por antip\u00e1tico y por generar rechazo. Pero es importante comprender que la pol\u00edtica exterior de Estados Unidos responde a la\",\"breadcrumb\":{\"@id\":\"https:\/\/www.pressenza.com\/es\/2018\/04\/hablemos-solvencia-moral\/#breadcrumb\"},\"inLanguage\":\"es\",\"potentialAction\":[{\"@type\":\"ReadAction\",\"target\":[\"https:\/\/www.pressenza.com\/es\/2018\/04\/hablemos-solvencia-moral\/\"]}]},{\"@type\":\"ImageObject\",\"inLanguage\":\"es\",\"@id\":\"https:\/\/www.pressenza.com\/es\/2018\/04\/hablemos-solvencia-moral\/#primaryimage\",\"url\":\"https:\/\/www.pressenza.com\/wp-content\/uploads\/2018\/04\/16291109_xl.jpg\",\"contentUrl\":\"https:\/\/www.pressenza.com\/wp-content\/uploads\/2018\/04\/16291109_xl.jpg\",\"width\":880,\"height\":495},{\"@type\":\"BreadcrumbList\",\"@id\":\"https:\/\/www.pressenza.com\/es\/2018\/04\/hablemos-solvencia-moral\/#breadcrumb\",\"itemListElement\":[{\"@type\":\"ListItem\",\"position\":1,\"name\":\"Accueil\",\"item\":\"https:\/\/www.pressenza.com\/es\/\"},{\"@type\":\"ListItem\",\"position\":2,\"name\":\"Hablemos de solvencia moral\"}]},{\"@type\":\"WebSite\",\"@id\":\"https:\/\/www.pressenza.com\/es\/#website\",\"url\":\"https:\/\/www.pressenza.com\/es\/\",\"name\":\"Pressenza\",\"description\":\"International Press Agency\",\"publisher\":{\"@id\":\"https:\/\/www.pressenza.com\/es\/#organization\"},\"potentialAction\":[{\"@type\":\"SearchAction\",\"target\":{\"@type\":\"EntryPoint\",\"urlTemplate\":\"https:\/\/www.pressenza.com\/es\/?s={search_term_string}\"},\"query-input\":{\"@type\":\"PropertyValueSpecification\",\"valueRequired\":true,\"valueName\":\"search_term_string\"}}],\"inLanguage\":\"es\"},{\"@type\":\"Organization\",\"@id\":\"https:\/\/www.pressenza.com\/es\/#organization\",\"name\":\"Pressenza\",\"url\":\"https:\/\/www.pressenza.com\/es\/\",\"logo\":{\"@type\":\"ImageObject\",\"inLanguage\":\"es\",\"@id\":\"https:\/\/www.pressenza.com\/es\/#\/schema\/logo\/image\/\",\"url\":\"https:\/\/www.pressenza.com\/wp-content\/uploads\/2022\/10\/pressenza_logo_200x200.jpg\",\"contentUrl\":\"https:\/\/www.pressenza.com\/wp-content\/uploads\/2022\/10\/pressenza_logo_200x200.jpg\",\"width\":200,\"height\":200,\"caption\":\"Pressenza\"},\"image\":{\"@id\":\"https:\/\/www.pressenza.com\/es\/#\/schema\/logo\/image\/\"},\"sameAs\":[\"https:\/\/www.facebook.com\/PressenzaItalia\",\"https:\/\/x.com\/PressenzaIPA\"]},{\"@type\":\"Person\",\"@id\":\"https:\/\/www.pressenza.com\/es\/#\/schema\/person\/6936ca3bb8dee618b5cdfd0e4427cdd6\",\"name\":\"Carolina V\u00e1squez Araya\",\"description\":\"Periodista y editora con m\u00e1s de 30 a\u00f1os de experiencia, cuyos logros profesionales en el desarrollo de proyectos de gran \u00e9xito avalan sus cualidades de liderazgo, creatividad y relaciones p\u00fablicas. Ha aportado sus conocimientos en proyectos de organizaciones con intereses orientados al desarrollo social, cultural y econ\u00f3mico del pa\u00eds, con especial \u00e9nfasis en el sector de cultura y educaci\u00f3n, emprendimiento, derechos humanos, justicia, ambiente, mujeres y ni\u00f1ez. Chilena en Guatemala. elquintopatio.wordpress.com\",\"sameAs\":[\"https:\/\/www.facebook.com\/pages\/Carolina-V\u00e1squez-Araya\/241844515845237?fref=ts\",\"https:\/\/x.com\/carvasar\"],\"url\":\"https:\/\/www.pressenza.com\/es\/author\/carolina-vasquez-araya\/\"}]}<\/script>\n<!-- \/ Yoast SEO plugin. -->","yoast_head_json":{"title":"Hablemos de solvencia moral","description":"El presidente Trump destaca por antip\u00e1tico y por generar rechazo. Pero es importante comprender que la pol\u00edtica exterior de Estados Unidos responde a la","robots":{"index":"index","follow":"follow","max-snippet":"max-snippet:-1","max-image-preview":"max-image-preview:large","max-video-preview":"max-video-preview:-1"},"canonical":"https:\/\/www.pressenza.com\/es\/2018\/04\/hablemos-solvencia-moral\/","og_locale":"es_ES","og_type":"article","og_title":"Hablemos de solvencia moral","og_description":"El presidente Trump destaca por antip\u00e1tico y por generar rechazo. Pero es importante comprender que la pol\u00edtica exterior de Estados Unidos responde a la","og_url":"https:\/\/www.pressenza.com\/es\/2018\/04\/hablemos-solvencia-moral\/","og_site_name":"Pressenza","article_publisher":"https:\/\/www.facebook.com\/PressenzaItalia","article_author":"https:\/\/www.facebook.com\/pages\/Carolina-V\u00e1squez-Araya\/241844515845237?fref=ts","article_published_time":"2018-04-16T16:07:28+00:00","og_image":[{"width":880,"height":495,"url":"https:\/\/www.pressenza.com\/wp-content\/uploads\/2018\/04\/16291109_xl.jpg","type":"image\/jpeg"}],"author":"Carolina V\u00e1squez Araya","twitter_card":"summary_large_image","twitter_creator":"@carvasar","twitter_site":"@PressenzaIPA","twitter_misc":{"Escrito por":"Carolina V\u00e1squez Araya","Tiempo de lectura":"3 minutos"},"schema":{"@context":"https:\/\/schema.org","@graph":[{"@type":"Article","@id":"https:\/\/www.pressenza.com\/es\/2018\/04\/hablemos-solvencia-moral\/#article","isPartOf":{"@id":"https:\/\/www.pressenza.com\/es\/2018\/04\/hablemos-solvencia-moral\/"},"author":{"name":"Carolina V\u00e1squez Araya","@id":"https:\/\/www.pressenza.com\/es\/#\/schema\/person\/6936ca3bb8dee618b5cdfd0e4427cdd6"},"headline":"Hablemos de solvencia moral","datePublished":"2018-04-16T16:07:28+00:00","mainEntityOfPage":{"@id":"https:\/\/www.pressenza.com\/es\/2018\/04\/hablemos-solvencia-moral\/"},"wordCount":617,"publisher":{"@id":"https:\/\/www.pressenza.com\/es\/#organization"},"image":{"@id":"https:\/\/www.pressenza.com\/es\/2018\/04\/hablemos-solvencia-moral\/#primaryimage"},"thumbnailUrl":"https:\/\/www.pressenza.com\/wp-content\/uploads\/2018\/04\/16291109_xl.jpg","keywords":["Bombardeo en Siria","Cumbre de las Am\u00e9ricas","Donald Trump","OEA"],"articleSection":["Contenido Original","Internacional","Opiniones","Paz y Desarme"],"inLanguage":"es"},{"@type":"WebPage","@id":"https:\/\/www.pressenza.com\/es\/2018\/04\/hablemos-solvencia-moral\/","url":"https:\/\/www.pressenza.com\/es\/2018\/04\/hablemos-solvencia-moral\/","name":"Hablemos de solvencia moral","isPartOf":{"@id":"https:\/\/www.pressenza.com\/es\/#website"},"primaryImageOfPage":{"@id":"https:\/\/www.pressenza.com\/es\/2018\/04\/hablemos-solvencia-moral\/#primaryimage"},"image":{"@id":"https:\/\/www.pressenza.com\/es\/2018\/04\/hablemos-solvencia-moral\/#primaryimage"},"thumbnailUrl":"https:\/\/www.pressenza.com\/wp-content\/uploads\/2018\/04\/16291109_xl.jpg","datePublished":"2018-04-16T16:07:28+00:00","description":"El presidente Trump destaca por antip\u00e1tico y por generar rechazo. Pero es importante comprender que la pol\u00edtica exterior de Estados Unidos responde a la","breadcrumb":{"@id":"https:\/\/www.pressenza.com\/es\/2018\/04\/hablemos-solvencia-moral\/#breadcrumb"},"inLanguage":"es","potentialAction":[{"@type":"ReadAction","target":["https:\/\/www.pressenza.com\/es\/2018\/04\/hablemos-solvencia-moral\/"]}]},{"@type":"ImageObject","inLanguage":"es","@id":"https:\/\/www.pressenza.com\/es\/2018\/04\/hablemos-solvencia-moral\/#primaryimage","url":"https:\/\/www.pressenza.com\/wp-content\/uploads\/2018\/04\/16291109_xl.jpg","contentUrl":"https:\/\/www.pressenza.com\/wp-content\/uploads\/2018\/04\/16291109_xl.jpg","width":880,"height":495},{"@type":"BreadcrumbList","@id":"https:\/\/www.pressenza.com\/es\/2018\/04\/hablemos-solvencia-moral\/#breadcrumb","itemListElement":[{"@type":"ListItem","position":1,"name":"Accueil","item":"https:\/\/www.pressenza.com\/es\/"},{"@type":"ListItem","position":2,"name":"Hablemos de solvencia moral"}]},{"@type":"WebSite","@id":"https:\/\/www.pressenza.com\/es\/#website","url":"https:\/\/www.pressenza.com\/es\/","name":"Pressenza","description":"International Press Agency","publisher":{"@id":"https:\/\/www.pressenza.com\/es\/#organization"},"potentialAction":[{"@type":"SearchAction","target":{"@type":"EntryPoint","urlTemplate":"https:\/\/www.pressenza.com\/es\/?s={search_term_string}"},"query-input":{"@type":"PropertyValueSpecification","valueRequired":true,"valueName":"search_term_string"}}],"inLanguage":"es"},{"@type":"Organization","@id":"https:\/\/www.pressenza.com\/es\/#organization","name":"Pressenza","url":"https:\/\/www.pressenza.com\/es\/","logo":{"@type":"ImageObject","inLanguage":"es","@id":"https:\/\/www.pressenza.com\/es\/#\/schema\/logo\/image\/","url":"https:\/\/www.pressenza.com\/wp-content\/uploads\/2022\/10\/pressenza_logo_200x200.jpg","contentUrl":"https:\/\/www.pressenza.com\/wp-content\/uploads\/2022\/10\/pressenza_logo_200x200.jpg","width":200,"height":200,"caption":"Pressenza"},"image":{"@id":"https:\/\/www.pressenza.com\/es\/#\/schema\/logo\/image\/"},"sameAs":["https:\/\/www.facebook.com\/PressenzaItalia","https:\/\/x.com\/PressenzaIPA"]},{"@type":"Person","@id":"https:\/\/www.pressenza.com\/es\/#\/schema\/person\/6936ca3bb8dee618b5cdfd0e4427cdd6","name":"Carolina V\u00e1squez Araya","description":"Periodista y editora con m\u00e1s de 30 a\u00f1os de experiencia, cuyos logros profesionales en el desarrollo de proyectos de gran \u00e9xito avalan sus cualidades de liderazgo, creatividad y relaciones p\u00fablicas. Ha aportado sus conocimientos en proyectos de organizaciones con intereses orientados al desarrollo social, cultural y econ\u00f3mico del pa\u00eds, con especial \u00e9nfasis en el sector de cultura y educaci\u00f3n, emprendimiento, derechos humanos, justicia, ambiente, mujeres y ni\u00f1ez. Chilena en Guatemala. elquintopatio.wordpress.com","sameAs":["https:\/\/www.facebook.com\/pages\/Carolina-V\u00e1squez-Araya\/241844515845237?fref=ts","https:\/\/x.com\/carvasar"],"url":"https:\/\/www.pressenza.com\/es\/author\/carolina-vasquez-araya\/"}]}},"place":"Cuenca, Ecuador","original_article_url":"","_links":{"self":[{"href":"https:\/\/www.pressenza.com\/es\/wp-json\/wp\/v2\/posts\/626445","targetHints":{"allow":["GET"]}}],"collection":[{"href":"https:\/\/www.pressenza.com\/es\/wp-json\/wp\/v2\/posts"}],"about":[{"href":"https:\/\/www.pressenza.com\/es\/wp-json\/wp\/v2\/types\/post"}],"author":[{"embeddable":true,"href":"https:\/\/www.pressenza.com\/es\/wp-json\/wp\/v2\/users\/1296"}],"replies":[{"embeddable":true,"href":"https:\/\/www.pressenza.com\/es\/wp-json\/wp\/v2\/comments?post=626445"}],"version-history":[{"count":0,"href":"https:\/\/www.pressenza.com\/es\/wp-json\/wp\/v2\/posts\/626445\/revisions"}],"wp:featuredmedia":[{"embeddable":true,"href":"https:\/\/www.pressenza.com\/es\/wp-json\/wp\/v2\/media\/626447"}],"wp:attachment":[{"href":"https:\/\/www.pressenza.com\/es\/wp-json\/wp\/v2\/media?parent=626445"}],"wp:term":[{"taxonomy":"category","embeddable":true,"href":"https:\/\/www.pressenza.com\/es\/wp-json\/wp\/v2\/categories?post=626445"},{"taxonomy":"post_tag","embeddable":true,"href":"https:\/\/www.pressenza.com\/es\/wp-json\/wp\/v2\/tags?post=626445"}],"curies":[{"name":"wp","href":"https:\/\/api.w.org\/{rel}","templated":true}]}}