{"id":625266,"date":"2018-04-14T15:32:11","date_gmt":"2018-04-14T14:32:11","guid":{"rendered":"https:\/\/www.pressenza.com\/?p=625266"},"modified":"2018-04-14T15:32:11","modified_gmt":"2018-04-14T14:32:11","slug":"comunicacion-audiovisual-se-realizo-en-cordoba-la-primera-audiencia-publica-2018","status":"publish","type":"post","link":"https:\/\/www.pressenza.com\/es\/2018\/04\/comunicacion-audiovisual-se-realizo-en-cordoba-la-primera-audiencia-publica-2018\/","title":{"rendered":"Comunicaci\u00f3n Audiovisual: Se realiz\u00f3 en C\u00f3rdoba la primera audiencia p\u00fablica 2018"},"content":{"rendered":"<p><span style=\"color: #303030; font-family: Arial, Helvetica, sans-serif; font-size: small;\">Impulsada por la Defensor\u00eda del P\u00fablico, estuvo dirigida a todas las personas, organizaciones e instituciones interesadas de las provincias de San Juan, San Luis, Mendoza, La Pampa y C\u00f3rdoba. En la sede de la Uni\u00f3n de Educadores de la Provincia de C\u00f3rdoba (UEPC) expusieron 94 personas en 58 grupos. El organismo llevar\u00e1 a cabo tres Audiencias m\u00e1s.<br \/>\n<\/span><\/p>\n<p>La Audiencia P\u00fablica, la primera del a\u00f1o, para la Regi\u00f3n Centro, se llev\u00f3 a cabo en la sede de la Uni\u00f3n de Educadores de la Provincia de C\u00f3rdoba (UEPC), en la Ciudad de C\u00f3rdoba. La Facultad de Ciencias Sociales de la Universidad Nacional de C\u00f3rdoba tambi\u00e9n recibi\u00f3 a esta Audiencia convocada por la Defensor\u00eda para las provincias de San Juan, San Luis, Mendoza, La Pampa y C\u00f3rdoba. A lo largo del a\u00f1o, se llevar\u00e1n a cabo tres m\u00e1s.<\/p>\n<p>Juan Monserrat, Secretario General de la Uni\u00f3n de Educadores de la Provincia de C\u00f3rdoba (UEPC), dio la bienvenida: \u201cLes agradecemos que hayan elegido a nuestro espacio para la primera Audiencia P\u00fablica del a\u00f1o. Ojal\u00e1 esta Audiencia nos ilumine para comunicarnos mejor en \u00e9pocas de comunicaci\u00f3n tan dominante. Hay que idear un discurso unificado y alternativo\u201d.<\/p>\n<p>A continuaci\u00f3n, la Directora de la Maestr\u00eda en Comunicaci\u00f3n y Cultura Contempor\u00e1nea del Centro de Estudios Avanzados de la Universidad Nacional de C\u00f3rdoba, Mar\u00eda Cristina Mata, se refiri\u00f3 a los art\u00edculos 19 y 20 que cre\u00f3 y le asigna las misiones y funciones a la Defensor\u00eda del P\u00fablico: \u201cLa labor de quienes integraron e integran el organismo permiti\u00f3 que esos dos art\u00edculos se transformaran en una herramienta potente para la democracia. Se podr\u00eda haber cumplido con ellos de una manera diferente a como lo hizo la Defensor\u00eda. Que lejos de transformarse en un organismo jur\u00eddico se convirti\u00f3 en un espacio de promoci\u00f3n de derechos y logr\u00f3 desarrollar estrategias de motivaci\u00f3n\u201d. E hizo hincapi\u00e9 en mecanismos como las Audiencias P\u00fablicas: \u201cEspacios como estos y como la Defensor\u00eda son espacios que debemos apoyar y defender\u201d. Y finaliz\u00f3: \u201cLa potencia de la Defensor\u00eda qued\u00f3 demostrada pese a que desde fines del 2016 est\u00e1 sin titular. Los trabajadoras y trabajadores que la integran siguieron con un compromiso enorme para que esta instituci\u00f3n est\u00e9 donde se encuentra. Debemos trabajar para que la Defensor\u00eda siga siendo la instituci\u00f3n de la palabra del pueblo\u201d.<\/p>\n<p>La titular de la Defensor\u00eda del P\u00fablico, la Dra. Mar\u00eda Jos\u00e9 Guembe, salud\u00f3 a las autoridades de la Uni\u00f3n de Educadores de la Provincia de C\u00f3rdoba (UEPC), a la Universidad de Ciencias Sociales de la universidad de C\u00f3rdoba, a la Universidad de Ciencias de Comunicaci\u00f3n y al Consejo Consultivo, que declar\u00f3 a la Audiencia de Inter\u00e9s curricular para la facultad. \u201cEsta es la Audiencia n\u00famero 22 que realiza la Defensor\u00eda y lo menciono porque es un espacio de participaci\u00f3n que nos cuesta mucho llevar adelante. El organismo se encuentra ac\u00e9falo desde hace un a\u00f1o y medio, nos extendieron un poder para llevar adelante las acciones conservatorias. Se tiene que dar inicio al proceso que nombre al defensor o a la defensora con urgencia.\u201d\u00a0En relaci\u00f3n a los proyectos que se debaten sobre la regulaci\u00f3n de las comunicaciones convergentes, Guembe puntualiz\u00f3:\u00a0\u201cDesde la Defensor\u00eda queremos opinar en ambos proyectos y para eso nos sirve escuchar a las audiencias, en estos espacios. Nosotros participamos en los debates que se est\u00e1n dando sobre convergencia, pero queremos conocer las realidades locales para poder llevarlas ante aquellos que debatir\u00e1n la nueva ley\u201d. Antes de terminar, agradeci\u00f3 la presencia del diputado nacional por C\u00f3rdoba, Pablo Carro, que luego tom\u00f3 la palabra.<\/p>\n<p><img loading=\"lazy\" decoding=\"async\" class=\"aligncenter size-full wp-image-625276\" src=\"https:\/\/www.pressenza.com\/wp-content\/uploads\/2018\/04\/audiencia1.jpg\" alt=\"\" width=\"2000\" height=\"1333\" srcset=\"https:\/\/www.pressenza.com\/wp-content\/uploads\/2018\/04\/audiencia1.jpg 2000w, https:\/\/www.pressenza.com\/wp-content\/uploads\/2018\/04\/audiencia1-300x200.jpg 300w, https:\/\/www.pressenza.com\/wp-content\/uploads\/2018\/04\/audiencia1-768x512.jpg 768w, https:\/\/www.pressenza.com\/wp-content\/uploads\/2018\/04\/audiencia1-720x480.jpg 720w\" sizes=\"auto, (max-width: 2000px) 100vw, 2000px\" \/><\/p>\n<p>\u201cEstamos buscando un piso para la publicidad oficial para todos los medios, es fundamental para el sostenimiento y la multiplicidad de voces en el espacio p\u00fablico. Es necesario regular las posiciones dominantes. Se piensa a la comunicaci\u00f3n como una mercanc\u00eda y no como un derecho humano\u201d, expres\u00f3 Carro. Sobre los proyectos de ley, asegur\u00f3: \u201cVamos a tratar de incorporar en esta nueva ley la Tarifa Social. Va a ser car\u00edsimo tener los servicios a partir del cu\u00e1druple play. Presentamos un proyecto de ley para que la Defensor\u00eda sea tambi\u00e9n de los Usuarios TICS. Ojal\u00e1 se pueda presentar un proyecto para contar con un Defensor adjunto y seguir con la labor de la Defensor\u00eda\u201d.<\/p>\n<p>El Director del espacio para la memoria La Perla, Emiliano Fessia, puntualiz\u00f3: \u201cTodos tenemos claro que el enemigo, es decir la l\u00f3gica neoliberal, viene a destruirnos como p\u00fablico. Creemos que el discurso y la mirada del mundo que proponen los derechos humanos son un gran basti\u00f3n para luchar. Para concentrar la riqueza deben concentrar la palabra\u201d. Y finaliz\u00f3: \u201cDebemos exigir que nuestros defensores sean elegidos en forma participativa y ver c\u00f3mo hacer para poder formar parte de ese proceso\u201d.<\/p>\n<p>El Dr. Miguel Rodr\u00edguez Villafa\u00f1e asegur\u00f3: \u201cEl p\u00fablico es el pueblo. Vamos a defender a la Defensor\u00eda del P\u00fablico porque si no, nos van acallando de a poco. La nueva ley debe contemplar a la Defensor\u00eda en las nuevas tecnolog\u00edas de la comunicaci\u00f3n\u201d. Sobre el momento que vive la comunicaci\u00f3n en Argentina, dijo: \u201cSabemos que hace tiempo no nos dan licencias. Todav\u00eda hay FOMECAS de 2015 que no se han pagado. Nunca ha habido tanto unitarismo informativo. Es necesario que pauten en las televisiones locales\u201d.<\/p>\n<p>Entre las 94 personas que expusieron\u00a0hubo\u00a0audiencias\u00a0<wbr \/>audiovisuales, usuarios y usuarias de instituciones de salud mental, personas con discapacidad,\u00a0investigadores e investigadoras, estudiantes, personas privadas de su libertad. Entre los medios que participaron se encuentran comunitarios, cooperativos, p\u00fablicos, universitarios, escolares y privados. Tambi\u00e9n se expresaron organizaciones sociales, de mujeres, de migrantes y de derechos humanos; organizaciones de int\u00e9rpretes, sindicatos y funcionarios y funcionarias p\u00fablicos.<\/p>\n<p>Claudia Herrera, miembro de la comunidad Huarpe Guaytamari, mencion\u00f3 la estigmatizaci\u00f3n que sufren a diario las comunidades por los medios concentrados con mensajes xen\u00f3fobos y violentos cuando se refieren a los pueblos ind\u00edgenas denomin\u00e1ndolos como terroristas y subversivos, entre otras cosas: \u201cRechazamos enf\u00e1ticamente la unificaci\u00f3n de la ley 26.522 y la ley 27.078 \u2013Argentina digital\u2013, las modificaciones de los decretos de necesidad y urgencia y los decretos presidenciales. Tienen implicaciones desfavorables para distintos sectores sociales, especialmente para los pueblos ind\u00edgenas\u201d. Por todo esto, Herrera asegur\u00f3 que estas modificaciones son de car\u00e1cter regresivo.<\/p>\n<p>La periodista del programa \u201cMerece Arder\u201d de la radio Eterogenia, Mariana Palmero, asegur\u00f3: \u201cTrabajar con perspectivas de g\u00e9nero es un ejercicio que hacemos semana a semana y advertimos cuestiones sobre c\u00f3mo utilizamos el lenguaje. Hay un dejo del patriarcado que nos est\u00e1 atravesando. Hay colectivos que luchan por visibilidad y que la lucha feminista los ha contenido, como el colectivo trans\u201d. Y evidenci\u00f3 que \u201cnos preocupa que falten mujeres en la radio. Esta preocupaci\u00f3n no es nueva. En las radios argentinas, pueden pasar 50 minutos sin que se escuche la voz de una mujer o programas enteros sin que una mujer opine sobre pol\u00edtica o econom\u00eda\u201d.<\/p>\n<p>Durante las nueve horas de duraci\u00f3n de esta Audiencia se tocaron importantes tem\u00e1ticas como el acceso y ejecuci\u00f3n del Fondo de Fomento Concursable para Medios de Comunicaci\u00f3n Audiovisual (FOMECA), la \u201cdemocratizaci\u00f3n de la palabra\u201d, el reclamo por la designaci\u00f3n de una nueva Defensora o Defensor del P\u00fablico mediante un mecanismo representativo, el reparto igualitario en la pauta publicitaria oficial en medios audiovisuales de todo el pa\u00eds, el tratamiento responsable sobre g\u00e9nero, la no discriminaci\u00f3n y criminalizaci\u00f3n a j\u00f3venes y ni\u00f1os ni\u00f1as y adolescentes en situaci\u00f3n de encierro.<\/p>\n<p>Tambi\u00e9n se denunci\u00f3 la persecuci\u00f3n hacia los medios comunitarios, la concentraci\u00f3n de la informaci\u00f3n, se reclam\u00f3 la eliminaci\u00f3n de restricciones en las redes, el fomento a los contenidos locales, la inserci\u00f3n de ni\u00f1os, ni\u00f1as y adolescentes en los medios audiovisuales como productores de sentido, la democratizaci\u00f3n del acceso a distintas plataformas, la inclusi\u00f3n y mejora de las condiciones laborales las y los int\u00e9rpretes de lengua de se\u00f1as y otros trabajadores de medios.<\/p>\n<p>Tambi\u00e9n se demand\u00f3 el ordenamiento del espectro radioel\u00e9ctrico como la habilitaci\u00f3n de licencias a radios en todo el pa\u00eds. Se analizaron aspectos de la \u201cley corta\u201d que se debate en el Congreso nacional y se demand\u00f3 un proceso participativo de debate.<\/p>\n<p>A partir de la Audiencia, la Defensor\u00eda se nutre con los aportes de la ciudadan\u00eda, los debates sobre el funcionamiento de la radio y de la televisi\u00f3n en Argentina y, espec\u00edficamente, recibe an\u00e1lisis sobre el derecho a la comunicaci\u00f3n y convergencia.<\/p>\n<p>El encuentro cont\u00f3 con interpretaci\u00f3n en Lengua de Se\u00f1as Argentina y se transmiti\u00f3 por streaming de video a trav\u00e9s del sitio web del organismo. En los pr\u00f3ximos d\u00edas se podr\u00e1 acceder a la versi\u00f3n taquigr\u00e1fica de esta udiencia con la totalidad de los testimonios.<\/p>\n","protected":false},"excerpt":{"rendered":"<p>Impulsada por la Defensor\u00eda del P\u00fablico, estuvo dirigida a todas las personas, organizaciones e instituciones interesadas de las provincias de San Juan, San Luis, Mendoza, La Pampa y C\u00f3rdoba. En la sede de la Uni\u00f3n de Educadores de la Provincia&hellip;<\/p>\n","protected":false},"author":87,"featured_media":625267,"comment_status":"closed","ping_status":"closed","sticky":false,"template":"","format":"standard","meta":{"footnotes":""},"categories":[149,75,67],"tags":[33961,26093,19472,34181,22731],"class_list":["post-625266","post","type-post","status-publish","format-standard","has-post-thumbnail","hentry","category-comunicados-de-prensa","category-cultura-es","category-sudamerica","tag-coalicion-por-una-comunicacion-democratica","tag-comunicacion-comunitaria","tag-defensoria-del-publico","tag-foro-de-comunicacion-para-la-integracion","tag-ley-de-servicios-de-comunicacion-audiovisual"],"yoast_head":"<!-- This site is optimized with the Yoast SEO plugin v27.1.1 - https:\/\/yoast.com\/product\/yoast-seo-wordpress\/ -->\n<title>Comunicaci\u00f3n Audiovisual: Se realiz\u00f3 en C\u00f3rdoba la primera audiencia p\u00fablica 2018<\/title>\n<meta name=\"description\" content=\"Impulsada por la Defensor\u00eda del P\u00fablico, estuvo dirigida a todas las personas, organizaciones e instituciones interesadas de las provincias de San Juan,\" \/>\n<meta name=\"robots\" content=\"index, follow, max-snippet:-1, max-image-preview:large, max-video-preview:-1\" \/>\n<link rel=\"canonical\" href=\"https:\/\/www.pressenza.com\/es\/2018\/04\/comunicacion-audiovisual-se-realizo-en-cordoba-la-primera-audiencia-publica-2018\/\" \/>\n<meta property=\"og:locale\" content=\"es_ES\" \/>\n<meta property=\"og:type\" content=\"article\" \/>\n<meta property=\"og:title\" content=\"Comunicaci\u00f3n Audiovisual: Se realiz\u00f3 en C\u00f3rdoba la primera audiencia p\u00fablica 2018\" \/>\n<meta property=\"og:description\" content=\"Impulsada por la Defensor\u00eda del P\u00fablico, estuvo dirigida a todas las personas, organizaciones e instituciones interesadas de las provincias de San Juan,\" \/>\n<meta property=\"og:url\" content=\"https:\/\/www.pressenza.com\/es\/2018\/04\/comunicacion-audiovisual-se-realizo-en-cordoba-la-primera-audiencia-publica-2018\/\" \/>\n<meta property=\"og:site_name\" content=\"Pressenza\" \/>\n<meta property=\"article:publisher\" content=\"https:\/\/www.facebook.com\/PressenzaItalia\" \/>\n<meta property=\"article:published_time\" content=\"2018-04-14T14:32:11+00:00\" \/>\n<meta property=\"og:image\" content=\"https:\/\/www.pressenza.com\/wp-content\/uploads\/2018\/04\/audiencia2.jpg\" \/>\n\t<meta property=\"og:image:width\" content=\"2000\" \/>\n\t<meta property=\"og:image:height\" content=\"1333\" \/>\n\t<meta property=\"og:image:type\" content=\"image\/jpeg\" \/>\n<meta name=\"author\" content=\"Redacci\u00f3n Argentina\" \/>\n<meta name=\"twitter:card\" content=\"summary_large_image\" \/>\n<meta name=\"twitter:creator\" content=\"@pressenza\" \/>\n<meta name=\"twitter:site\" content=\"@PressenzaIPA\" \/>\n<meta name=\"twitter:label1\" content=\"Escrito por\" \/>\n\t<meta name=\"twitter:data1\" content=\"Redacci\u00f3n Argentina\" \/>\n\t<meta name=\"twitter:label2\" content=\"Tiempo de lectura\" \/>\n\t<meta name=\"twitter:data2\" content=\"8 minutos\" \/>\n<script type=\"application\/ld+json\" class=\"yoast-schema-graph\">{\"@context\":\"https:\/\/schema.org\",\"@graph\":[{\"@type\":\"Article\",\"@id\":\"https:\/\/www.pressenza.com\/es\/2018\/04\/comunicacion-audiovisual-se-realizo-en-cordoba-la-primera-audiencia-publica-2018\/#article\",\"isPartOf\":{\"@id\":\"https:\/\/www.pressenza.com\/es\/2018\/04\/comunicacion-audiovisual-se-realizo-en-cordoba-la-primera-audiencia-publica-2018\/\"},\"author\":{\"name\":\"Redacci\u00f3n Argentina\",\"@id\":\"https:\/\/www.pressenza.com\/es\/#\/schema\/person\/0dda7d1b68267ad95b1e1d83abc98c89\"},\"headline\":\"Comunicaci\u00f3n Audiovisual: Se realiz\u00f3 en C\u00f3rdoba la primera audiencia p\u00fablica 2018\",\"datePublished\":\"2018-04-14T14:32:11+00:00\",\"mainEntityOfPage\":{\"@id\":\"https:\/\/www.pressenza.com\/es\/2018\/04\/comunicacion-audiovisual-se-realizo-en-cordoba-la-primera-audiencia-publica-2018\/\"},\"wordCount\":1556,\"publisher\":{\"@id\":\"https:\/\/www.pressenza.com\/es\/#organization\"},\"image\":{\"@id\":\"https:\/\/www.pressenza.com\/es\/2018\/04\/comunicacion-audiovisual-se-realizo-en-cordoba-la-primera-audiencia-publica-2018\/#primaryimage\"},\"thumbnailUrl\":\"https:\/\/www.pressenza.com\/wp-content\/uploads\/2018\/04\/audiencia2.jpg\",\"keywords\":[\"Coalici\u00f3n por una Comunicaci\u00f3n Democr\u00e1tica\",\"comunicaci\u00f3n comunitaria\",\"Defensor\u00eda del P\u00fablico\",\"foro de comunicaci\u00f3n para la integraci\u00f3n\",\"Ley de Servicios de Comunicaci\u00f3n Audiovisual\"],\"articleSection\":[\"Comunicados de Prensa\",\"Cultura y Medios\",\"Sudam\u00e9rica\"],\"inLanguage\":\"es\"},{\"@type\":\"WebPage\",\"@id\":\"https:\/\/www.pressenza.com\/es\/2018\/04\/comunicacion-audiovisual-se-realizo-en-cordoba-la-primera-audiencia-publica-2018\/\",\"url\":\"https:\/\/www.pressenza.com\/es\/2018\/04\/comunicacion-audiovisual-se-realizo-en-cordoba-la-primera-audiencia-publica-2018\/\",\"name\":\"Comunicaci\u00f3n Audiovisual: Se realiz\u00f3 en C\u00f3rdoba la primera audiencia p\u00fablica 2018\",\"isPartOf\":{\"@id\":\"https:\/\/www.pressenza.com\/es\/#website\"},\"primaryImageOfPage\":{\"@id\":\"https:\/\/www.pressenza.com\/es\/2018\/04\/comunicacion-audiovisual-se-realizo-en-cordoba-la-primera-audiencia-publica-2018\/#primaryimage\"},\"image\":{\"@id\":\"https:\/\/www.pressenza.com\/es\/2018\/04\/comunicacion-audiovisual-se-realizo-en-cordoba-la-primera-audiencia-publica-2018\/#primaryimage\"},\"thumbnailUrl\":\"https:\/\/www.pressenza.com\/wp-content\/uploads\/2018\/04\/audiencia2.jpg\",\"datePublished\":\"2018-04-14T14:32:11+00:00\",\"description\":\"Impulsada por la Defensor\u00eda del P\u00fablico, estuvo dirigida a todas las personas, organizaciones e instituciones interesadas de las provincias de San Juan,\",\"breadcrumb\":{\"@id\":\"https:\/\/www.pressenza.com\/es\/2018\/04\/comunicacion-audiovisual-se-realizo-en-cordoba-la-primera-audiencia-publica-2018\/#breadcrumb\"},\"inLanguage\":\"es\",\"potentialAction\":[{\"@type\":\"ReadAction\",\"target\":[\"https:\/\/www.pressenza.com\/es\/2018\/04\/comunicacion-audiovisual-se-realizo-en-cordoba-la-primera-audiencia-publica-2018\/\"]}]},{\"@type\":\"ImageObject\",\"inLanguage\":\"es\",\"@id\":\"https:\/\/www.pressenza.com\/es\/2018\/04\/comunicacion-audiovisual-se-realizo-en-cordoba-la-primera-audiencia-publica-2018\/#primaryimage\",\"url\":\"https:\/\/www.pressenza.com\/wp-content\/uploads\/2018\/04\/audiencia2.jpg\",\"contentUrl\":\"https:\/\/www.pressenza.com\/wp-content\/uploads\/2018\/04\/audiencia2.jpg\",\"width\":2000,\"height\":1333},{\"@type\":\"BreadcrumbList\",\"@id\":\"https:\/\/www.pressenza.com\/es\/2018\/04\/comunicacion-audiovisual-se-realizo-en-cordoba-la-primera-audiencia-publica-2018\/#breadcrumb\",\"itemListElement\":[{\"@type\":\"ListItem\",\"position\":1,\"name\":\"Accueil\",\"item\":\"https:\/\/www.pressenza.com\/es\/\"},{\"@type\":\"ListItem\",\"position\":2,\"name\":\"Comunicaci\u00f3n Audiovisual: Se realiz\u00f3 en C\u00f3rdoba la primera audiencia p\u00fablica 2018\"}]},{\"@type\":\"WebSite\",\"@id\":\"https:\/\/www.pressenza.com\/es\/#website\",\"url\":\"https:\/\/www.pressenza.com\/es\/\",\"name\":\"Pressenza\",\"description\":\"International Press Agency\",\"publisher\":{\"@id\":\"https:\/\/www.pressenza.com\/es\/#organization\"},\"potentialAction\":[{\"@type\":\"SearchAction\",\"target\":{\"@type\":\"EntryPoint\",\"urlTemplate\":\"https:\/\/www.pressenza.com\/es\/?s={search_term_string}\"},\"query-input\":{\"@type\":\"PropertyValueSpecification\",\"valueRequired\":true,\"valueName\":\"search_term_string\"}}],\"inLanguage\":\"es\"},{\"@type\":\"Organization\",\"@id\":\"https:\/\/www.pressenza.com\/es\/#organization\",\"name\":\"Pressenza\",\"url\":\"https:\/\/www.pressenza.com\/es\/\",\"logo\":{\"@type\":\"ImageObject\",\"inLanguage\":\"es\",\"@id\":\"https:\/\/www.pressenza.com\/es\/#\/schema\/logo\/image\/\",\"url\":\"https:\/\/www.pressenza.com\/wp-content\/uploads\/2022\/10\/pressenza_logo_200x200.jpg\",\"contentUrl\":\"https:\/\/www.pressenza.com\/wp-content\/uploads\/2022\/10\/pressenza_logo_200x200.jpg\",\"width\":200,\"height\":200,\"caption\":\"Pressenza\"},\"image\":{\"@id\":\"https:\/\/www.pressenza.com\/es\/#\/schema\/logo\/image\/\"},\"sameAs\":[\"https:\/\/www.facebook.com\/PressenzaItalia\",\"https:\/\/x.com\/PressenzaIPA\"]},{\"@type\":\"Person\",\"@id\":\"https:\/\/www.pressenza.com\/es\/#\/schema\/person\/0dda7d1b68267ad95b1e1d83abc98c89\",\"name\":\"Redacci\u00f3n Argentina\",\"description\":\"News from the Pressenza Bureau in Argentina.\",\"sameAs\":[\"https:\/\/x.com\/pressenza\"],\"url\":\"https:\/\/www.pressenza.com\/es\/author\/redaccion-argentina\/\"}]}<\/script>\n<!-- \/ Yoast SEO plugin. -->","yoast_head_json":{"title":"Comunicaci\u00f3n Audiovisual: Se realiz\u00f3 en C\u00f3rdoba la primera audiencia p\u00fablica 2018","description":"Impulsada por la Defensor\u00eda del P\u00fablico, estuvo dirigida a todas las personas, organizaciones e instituciones interesadas de las provincias de San Juan,","robots":{"index":"index","follow":"follow","max-snippet":"max-snippet:-1","max-image-preview":"max-image-preview:large","max-video-preview":"max-video-preview:-1"},"canonical":"https:\/\/www.pressenza.com\/es\/2018\/04\/comunicacion-audiovisual-se-realizo-en-cordoba-la-primera-audiencia-publica-2018\/","og_locale":"es_ES","og_type":"article","og_title":"Comunicaci\u00f3n Audiovisual: Se realiz\u00f3 en C\u00f3rdoba la primera audiencia p\u00fablica 2018","og_description":"Impulsada por la Defensor\u00eda del P\u00fablico, estuvo dirigida a todas las personas, organizaciones e instituciones interesadas de las provincias de San Juan,","og_url":"https:\/\/www.pressenza.com\/es\/2018\/04\/comunicacion-audiovisual-se-realizo-en-cordoba-la-primera-audiencia-publica-2018\/","og_site_name":"Pressenza","article_publisher":"https:\/\/www.facebook.com\/PressenzaItalia","article_published_time":"2018-04-14T14:32:11+00:00","og_image":[{"width":2000,"height":1333,"url":"https:\/\/www.pressenza.com\/wp-content\/uploads\/2018\/04\/audiencia2.jpg","type":"image\/jpeg"}],"author":"Redacci\u00f3n Argentina","twitter_card":"summary_large_image","twitter_creator":"@pressenza","twitter_site":"@PressenzaIPA","twitter_misc":{"Escrito por":"Redacci\u00f3n Argentina","Tiempo de lectura":"8 minutos"},"schema":{"@context":"https:\/\/schema.org","@graph":[{"@type":"Article","@id":"https:\/\/www.pressenza.com\/es\/2018\/04\/comunicacion-audiovisual-se-realizo-en-cordoba-la-primera-audiencia-publica-2018\/#article","isPartOf":{"@id":"https:\/\/www.pressenza.com\/es\/2018\/04\/comunicacion-audiovisual-se-realizo-en-cordoba-la-primera-audiencia-publica-2018\/"},"author":{"name":"Redacci\u00f3n Argentina","@id":"https:\/\/www.pressenza.com\/es\/#\/schema\/person\/0dda7d1b68267ad95b1e1d83abc98c89"},"headline":"Comunicaci\u00f3n Audiovisual: Se realiz\u00f3 en C\u00f3rdoba la primera audiencia p\u00fablica 2018","datePublished":"2018-04-14T14:32:11+00:00","mainEntityOfPage":{"@id":"https:\/\/www.pressenza.com\/es\/2018\/04\/comunicacion-audiovisual-se-realizo-en-cordoba-la-primera-audiencia-publica-2018\/"},"wordCount":1556,"publisher":{"@id":"https:\/\/www.pressenza.com\/es\/#organization"},"image":{"@id":"https:\/\/www.pressenza.com\/es\/2018\/04\/comunicacion-audiovisual-se-realizo-en-cordoba-la-primera-audiencia-publica-2018\/#primaryimage"},"thumbnailUrl":"https:\/\/www.pressenza.com\/wp-content\/uploads\/2018\/04\/audiencia2.jpg","keywords":["Coalici\u00f3n por una Comunicaci\u00f3n Democr\u00e1tica","comunicaci\u00f3n comunitaria","Defensor\u00eda del P\u00fablico","foro de comunicaci\u00f3n para la integraci\u00f3n","Ley de Servicios de Comunicaci\u00f3n Audiovisual"],"articleSection":["Comunicados de Prensa","Cultura y Medios","Sudam\u00e9rica"],"inLanguage":"es"},{"@type":"WebPage","@id":"https:\/\/www.pressenza.com\/es\/2018\/04\/comunicacion-audiovisual-se-realizo-en-cordoba-la-primera-audiencia-publica-2018\/","url":"https:\/\/www.pressenza.com\/es\/2018\/04\/comunicacion-audiovisual-se-realizo-en-cordoba-la-primera-audiencia-publica-2018\/","name":"Comunicaci\u00f3n Audiovisual: Se realiz\u00f3 en C\u00f3rdoba la primera audiencia p\u00fablica 2018","isPartOf":{"@id":"https:\/\/www.pressenza.com\/es\/#website"},"primaryImageOfPage":{"@id":"https:\/\/www.pressenza.com\/es\/2018\/04\/comunicacion-audiovisual-se-realizo-en-cordoba-la-primera-audiencia-publica-2018\/#primaryimage"},"image":{"@id":"https:\/\/www.pressenza.com\/es\/2018\/04\/comunicacion-audiovisual-se-realizo-en-cordoba-la-primera-audiencia-publica-2018\/#primaryimage"},"thumbnailUrl":"https:\/\/www.pressenza.com\/wp-content\/uploads\/2018\/04\/audiencia2.jpg","datePublished":"2018-04-14T14:32:11+00:00","description":"Impulsada por la Defensor\u00eda del P\u00fablico, estuvo dirigida a todas las personas, organizaciones e instituciones interesadas de las provincias de San Juan,","breadcrumb":{"@id":"https:\/\/www.pressenza.com\/es\/2018\/04\/comunicacion-audiovisual-se-realizo-en-cordoba-la-primera-audiencia-publica-2018\/#breadcrumb"},"inLanguage":"es","potentialAction":[{"@type":"ReadAction","target":["https:\/\/www.pressenza.com\/es\/2018\/04\/comunicacion-audiovisual-se-realizo-en-cordoba-la-primera-audiencia-publica-2018\/"]}]},{"@type":"ImageObject","inLanguage":"es","@id":"https:\/\/www.pressenza.com\/es\/2018\/04\/comunicacion-audiovisual-se-realizo-en-cordoba-la-primera-audiencia-publica-2018\/#primaryimage","url":"https:\/\/www.pressenza.com\/wp-content\/uploads\/2018\/04\/audiencia2.jpg","contentUrl":"https:\/\/www.pressenza.com\/wp-content\/uploads\/2018\/04\/audiencia2.jpg","width":2000,"height":1333},{"@type":"BreadcrumbList","@id":"https:\/\/www.pressenza.com\/es\/2018\/04\/comunicacion-audiovisual-se-realizo-en-cordoba-la-primera-audiencia-publica-2018\/#breadcrumb","itemListElement":[{"@type":"ListItem","position":1,"name":"Accueil","item":"https:\/\/www.pressenza.com\/es\/"},{"@type":"ListItem","position":2,"name":"Comunicaci\u00f3n Audiovisual: Se realiz\u00f3 en C\u00f3rdoba la primera audiencia p\u00fablica 2018"}]},{"@type":"WebSite","@id":"https:\/\/www.pressenza.com\/es\/#website","url":"https:\/\/www.pressenza.com\/es\/","name":"Pressenza","description":"International Press Agency","publisher":{"@id":"https:\/\/www.pressenza.com\/es\/#organization"},"potentialAction":[{"@type":"SearchAction","target":{"@type":"EntryPoint","urlTemplate":"https:\/\/www.pressenza.com\/es\/?s={search_term_string}"},"query-input":{"@type":"PropertyValueSpecification","valueRequired":true,"valueName":"search_term_string"}}],"inLanguage":"es"},{"@type":"Organization","@id":"https:\/\/www.pressenza.com\/es\/#organization","name":"Pressenza","url":"https:\/\/www.pressenza.com\/es\/","logo":{"@type":"ImageObject","inLanguage":"es","@id":"https:\/\/www.pressenza.com\/es\/#\/schema\/logo\/image\/","url":"https:\/\/www.pressenza.com\/wp-content\/uploads\/2022\/10\/pressenza_logo_200x200.jpg","contentUrl":"https:\/\/www.pressenza.com\/wp-content\/uploads\/2022\/10\/pressenza_logo_200x200.jpg","width":200,"height":200,"caption":"Pressenza"},"image":{"@id":"https:\/\/www.pressenza.com\/es\/#\/schema\/logo\/image\/"},"sameAs":["https:\/\/www.facebook.com\/PressenzaItalia","https:\/\/x.com\/PressenzaIPA"]},{"@type":"Person","@id":"https:\/\/www.pressenza.com\/es\/#\/schema\/person\/0dda7d1b68267ad95b1e1d83abc98c89","name":"Redacci\u00f3n Argentina","description":"News from the Pressenza Bureau in Argentina.","sameAs":["https:\/\/x.com\/pressenza"],"url":"https:\/\/www.pressenza.com\/es\/author\/redaccion-argentina\/"}]}},"place":"C\u00f3rdoba, Argentina","original_article_url":"","_links":{"self":[{"href":"https:\/\/www.pressenza.com\/es\/wp-json\/wp\/v2\/posts\/625266","targetHints":{"allow":["GET"]}}],"collection":[{"href":"https:\/\/www.pressenza.com\/es\/wp-json\/wp\/v2\/posts"}],"about":[{"href":"https:\/\/www.pressenza.com\/es\/wp-json\/wp\/v2\/types\/post"}],"author":[{"embeddable":true,"href":"https:\/\/www.pressenza.com\/es\/wp-json\/wp\/v2\/users\/87"}],"replies":[{"embeddable":true,"href":"https:\/\/www.pressenza.com\/es\/wp-json\/wp\/v2\/comments?post=625266"}],"version-history":[{"count":0,"href":"https:\/\/www.pressenza.com\/es\/wp-json\/wp\/v2\/posts\/625266\/revisions"}],"wp:featuredmedia":[{"embeddable":true,"href":"https:\/\/www.pressenza.com\/es\/wp-json\/wp\/v2\/media\/625267"}],"wp:attachment":[{"href":"https:\/\/www.pressenza.com\/es\/wp-json\/wp\/v2\/media?parent=625266"}],"wp:term":[{"taxonomy":"category","embeddable":true,"href":"https:\/\/www.pressenza.com\/es\/wp-json\/wp\/v2\/categories?post=625266"},{"taxonomy":"post_tag","embeddable":true,"href":"https:\/\/www.pressenza.com\/es\/wp-json\/wp\/v2\/tags?post=625266"}],"curies":[{"name":"wp","href":"https:\/\/api.w.org\/{rel}","templated":true}]}}