{"id":625018,"date":"2018-04-13T18:28:33","date_gmt":"2018-04-13T17:28:33","guid":{"rendered":"https:\/\/www.pressenza.com\/?p=625018"},"modified":"2018-04-13T18:28:33","modified_gmt":"2018-04-13T17:28:33","slug":"marcelo-rioseco-vecinos-no-enemigos","status":"publish","type":"post","link":"https:\/\/www.pressenza.com\/es\/2018\/04\/marcelo-rioseco-vecinos-no-enemigos\/","title":{"rendered":"Marcelo Rioseco: \u00abNuestros vecinos no son nuestros enemigos\u00bb"},"content":{"rendered":"<p>Transcribimos ac\u00e1 el v\u00eddeo en el que el Doctor Rioseco, Profesor de la Universidad de Talca, comenta las opiniones del Diputado humanista Ra\u00fal Florcita Alarc\u00f3n en torno a una salida al mar para Bolivia.<\/p>\n<p>\u00abPrimero que todo, lo que dice Florcita Motuda simplemente son opiniones. Opiniones. No est\u00e1 formulando leyes, no est\u00e1 ni siquiera pronunci\u00e1ndose sobre el fallo de la Corte de La Haya. Simplemente comunica una aspiraci\u00f3n que ha tenido a lo largo de toda su vida y que es integrar, integrarnos como chilenos con nuestros hermanos latinoamericanos.<\/p>\n<p align=\"justify\">Ahora bien, eso no tiene que ver con que las relaciones internacionales tengan que hacerse con vino tiento, con asado y todos tomados de las manos, como expresa el \u201cFacho Pobre\u201d. Las relaciones internacionales involucran intereses y por supuesto cada parte ha de defender estos intereses. Sin embargo, lo que debe primar es el di\u00e1logo y deben primar formas de comunicaci\u00f3n y de entendimiento.<\/p>\n<p align=\"justify\">Yo no quiero vivir en una sociedad militarizada, con una clase militar que tiene privilegios muy distintos al resto de la poblaci\u00f3n, que es lo que sucede hoy en Chile, por ejemplo con el tema de las pensiones.<\/p>\n<p align=\"justify\">Ni Chile, ni Bolivia, son cosas un\u00edvocas, \u00fanicas. En Chile vivimos alrededor del 18 o 20 millones de personas. En Bolivia son casi 11 millones de personas. En ambos pa\u00edses vamos a encontrar personas chauvinistas y vamos a encontrar personas que de alg\u00fan modo desprecian y odian a los pa\u00edses vecinos. Pero les aseguro que la mayor\u00eda de los bolivianos, al igual que la mayor\u00eda de los chilenos, queremos vivir en paz y queremos entendernos.<\/p>\n<p align=\"justify\">Si se hace una conversaci\u00f3n con Bolivia, primero que todo en esa conversaci\u00f3n debe participar la gente que vive en aquellas zonas, la gente de la I y de la II Regi\u00f3n, principalmente la gente de Antofagasta, de Arica. Debe participar la gente de los lugares que directamente est\u00e1n afectados. Esta idea de una patria et\u00e9rea, que simplemente est\u00e1 dibujada en un mapa, y que a partir de la cual la gente dice \u201cyo soy capaz de morir\u201d, es exactamente lo mismo que ocurri\u00f3 en las dos Guerras Mundiales.<\/p>\n<p align=\"justify\">Una clase olig\u00e1rquica y dominante, convenci\u00f3 a la gente que las guerras que se montaron en aquella \u00e9poca eran sobre la base de intereses nacionales y lo que realmente hab\u00eda detr\u00e1s de esas guerras eran intereses de expansi\u00f3n imperialista y econ\u00f3mica.<\/p>\n<p align=\"justify\">El costo de la Primera Guerra Mundial fueron alrededor de 18 millones de personas y el costo de la Segunda Guerra Mundial en vidas, alcanz\u00f3 cerca de los 70 millones de personas. \u00bfQueremos replicar esa misma fiebre nacionalista y chauvinista? Yo prefiero, prefiero sinceramente, entenderme. Y prefiero llegar y valorar lo que significa realmente la integraci\u00f3n con nuestros pueblos vecinos.<\/p>\n<p align=\"justify\">No se trata de regalarles tierras ni de regalarles mar, ni de regalarles cielo, se trata simplemente de una disposici\u00f3n respetuosa, de una disposici\u00f3n a dialogar, a conversar.<\/p>\n<p align=\"justify\">En estos momentos nuestros recursos naturales est\u00e1n capturados por una clase diminuta de personas, que son due\u00f1as del agua, del cobre, del litio, son due\u00f1as del mar. Ellas son realmente quienes se favorecen y quienes defienden estos nacionalismos extremos. Y, en esa defensa, ponen como escudo a la gente com\u00fan y corriente, a la gente del pueblo. Es lo que ocurri\u00f3 con la Guerra del Pac\u00edfico.<\/p>\n<p align=\"justify\">En la Guerra del Pac\u00edfico hab\u00eda alrededor de 2.500 soldados chilenos profesionales. El resto, de los m\u00e1s de 70.000 soldados que pelearon en esa guerra, fueron civiles, gente que sali\u00f3 de las ciudades, de los barrios pobres, de los campos, gente que fue forzada a pelear en la guerra a trav\u00e9s de lo que se llam\u00f3, justamente, las levas forzadas. No todo el mundo fue a pelear voluntariamente a esa guerra. Muchas de estas personas fueron puestas como carne de ca\u00f1\u00f3n en estas batallas y fueron muertas en muchos casos mutiladas. Tal como menciona este caballero, el Facho Pobre, fueron enviados ni\u00f1os, ni\u00f1os de 16 a\u00f1os. \u00bfQu\u00e9 capacidad de discernimiento tiene un ni\u00f1o de 16 a\u00f1os para saber si efectivamente quiere ir a una guerra a matar o a morir? No la tiene.<\/p>\n<p align=\"justify\">\u00bfSabes tu, Facho Pobre, qui\u00e9n fue Jhon Thomas Nord? Imagino que lo sabes, no? Jhon Thomas Nord fue un ciudadano brit\u00e1nico, que cuando ocurri\u00f3 la Guerra del Pac\u00edfico, apost\u00f3 por Chile y compr\u00f3 acciones en las salitreras. Resulta que despu\u00e9s de la guerra, esas acciones val\u00edan much\u00edsimo, pero much\u00edsimo m\u00e1s del costo que \u00e9l pag\u00f3 por ellas. Se convirti\u00f3 en el hombre m\u00e1s rico de Chile, fue quien realmente profit\u00f3 del salitre. Los beneficios del salitre estuvieron en un grupo reducido de personas, en una clase econ\u00f3mica.<\/p>\n<p align=\"justify\">Los obreros de las salitreras, muchos de los obreros de las salitreras, fueron soldados que regresaron de esa guerra y se quedaron viviendo en el norte de Chile, en condiciones inhumanas, trabajaban sin siquiera poder acceder a un sueldo.<\/p>\n<p align=\"justify\">En el a\u00f1o 1907 se produce lo que se conoce como la Matanza de la Escuela Santa Mar\u00eda, donde el Ej\u00e9rcito de Chile en conjunto con la oligarqu\u00eda no encuentra nada mejor que a punta de pistola matar a los obreros que estaban en huelga. De esos mismos que pelearon en la Guerra del Pac\u00edfico y de sus hijos que estaban trabajando en las salitreras.<\/p>\n<p align=\"justify\">Ese es el aprecio que tienen nuestras clases olig\u00e1rquicas por la gente y por el pueblo. El pueblo es la carne de ca\u00f1\u00f3n que va a las guerras y nosotros tenemos la obligaci\u00f3n, tenemos el deber moral de entendernos y de comprender que nuestros vecinos no son nuestros enemigos.\u00bb<\/p>\n<p>https:\/\/www.youtube.com\/watch?time_continue=6&#038;v=G2nQEeg7CAU<\/p>\n","protected":false},"excerpt":{"rendered":"<p>Transcribimos ac\u00e1 el v\u00eddeo en el que el Doctor Rioseco, Profesor de la Universidad de Talca, comenta las opiniones del Diputado humanista Ra\u00fal Florcita Alarc\u00f3n en torno a una salida al mar para Bolivia. \u00abPrimero que todo, lo que dice&hellip;<\/p>\n","protected":false},"author":43,"featured_media":625020,"comment_status":"closed","ping_status":"closed","sticky":false,"template":"","format":"standard","meta":{"footnotes":""},"categories":[11389,161,74,67,25678],"tags":[29,45195,45196,1703,381],"class_list":["post-625018","post","type-post","status-publish","format-standard","has-post-thumbnail","hentry","category-contenido-original","category-opiniones","category-politica-es","category-sudamerica","category-video-es","tag-chile","tag-guerra-del-pacifico","tag-guerras-mundiales","tag-mar-para-bolivia","tag-recursos-naturales"],"yoast_head":"<!-- This site is optimized with the Yoast SEO plugin v27.1.1 - https:\/\/yoast.com\/product\/yoast-seo-wordpress\/ -->\n<title>Marcelo Rioseco: &quot;Nuestros vecinos no son nuestros enemigos&quot;<\/title>\n<meta name=\"description\" content=\"Transcribimos ac\u00e1 el v\u00eddeo en el que el Doctor Rioseco, Profesor de la Universidad de Talca, comenta las opiniones del Diputado humanista Ra\u00fal Florcita\" \/>\n<meta name=\"robots\" content=\"index, follow, max-snippet:-1, max-image-preview:large, max-video-preview:-1\" \/>\n<link rel=\"canonical\" href=\"https:\/\/www.pressenza.com\/es\/2018\/04\/marcelo-rioseco-vecinos-no-enemigos\/\" \/>\n<meta property=\"og:locale\" content=\"es_ES\" \/>\n<meta property=\"og:type\" content=\"article\" \/>\n<meta property=\"og:title\" content=\"Marcelo Rioseco: &quot;Nuestros vecinos no son nuestros enemigos&quot;\" \/>\n<meta property=\"og:description\" content=\"Transcribimos ac\u00e1 el v\u00eddeo en el que el Doctor Rioseco, Profesor de la Universidad de Talca, comenta las opiniones del Diputado humanista Ra\u00fal Florcita\" \/>\n<meta property=\"og:url\" content=\"https:\/\/www.pressenza.com\/es\/2018\/04\/marcelo-rioseco-vecinos-no-enemigos\/\" \/>\n<meta property=\"og:site_name\" content=\"Pressenza\" \/>\n<meta property=\"article:publisher\" content=\"https:\/\/www.facebook.com\/PressenzaItalia\" \/>\n<meta property=\"article:author\" content=\"https:\/\/www.facebook.com\/pressenza\" \/>\n<meta property=\"article:published_time\" content=\"2018-04-13T17:28:33+00:00\" \/>\n<meta property=\"og:image\" content=\"https:\/\/www.pressenza.com\/wp-content\/uploads\/2018\/04\/con-alguien-Laura-Feldguer.jpg\" \/>\n\t<meta property=\"og:image:width\" content=\"960\" \/>\n\t<meta property=\"og:image:height\" content=\"636\" \/>\n\t<meta property=\"og:image:type\" content=\"image\/jpeg\" \/>\n<meta name=\"author\" content=\"Redacci\u00f3n Chile\" \/>\n<meta name=\"twitter:card\" content=\"summary_large_image\" \/>\n<meta name=\"twitter:creator\" content=\"@pressenza\" \/>\n<meta name=\"twitter:site\" content=\"@PressenzaIPA\" \/>\n<meta name=\"twitter:label1\" content=\"Escrito por\" \/>\n\t<meta name=\"twitter:data1\" content=\"Redacci\u00f3n Chile\" \/>\n\t<meta name=\"twitter:label2\" content=\"Tiempo de lectura\" \/>\n\t<meta name=\"twitter:data2\" content=\"5 minutos\" \/>\n<script type=\"application\/ld+json\" class=\"yoast-schema-graph\">{\"@context\":\"https:\/\/schema.org\",\"@graph\":[{\"@type\":\"Article\",\"@id\":\"https:\/\/www.pressenza.com\/es\/2018\/04\/marcelo-rioseco-vecinos-no-enemigos\/#article\",\"isPartOf\":{\"@id\":\"https:\/\/www.pressenza.com\/es\/2018\/04\/marcelo-rioseco-vecinos-no-enemigos\/\"},\"author\":{\"name\":\"Redacci\u00f3n Chile\",\"@id\":\"https:\/\/www.pressenza.com\/es\/#\/schema\/person\/d7db40df35d6698ba69ba9ee260944ed\"},\"headline\":\"Marcelo Rioseco: \u00abNuestros vecinos no son nuestros enemigos\u00bb\",\"datePublished\":\"2018-04-13T17:28:33+00:00\",\"mainEntityOfPage\":{\"@id\":\"https:\/\/www.pressenza.com\/es\/2018\/04\/marcelo-rioseco-vecinos-no-enemigos\/\"},\"wordCount\":993,\"publisher\":{\"@id\":\"https:\/\/www.pressenza.com\/es\/#organization\"},\"image\":{\"@id\":\"https:\/\/www.pressenza.com\/es\/2018\/04\/marcelo-rioseco-vecinos-no-enemigos\/#primaryimage\"},\"thumbnailUrl\":\"https:\/\/www.pressenza.com\/wp-content\/uploads\/2018\/04\/con-alguien-Laura-Feldguer.jpg\",\"keywords\":[\"Chile\",\"Guerra del Pac\u00edfico\",\"Guerras Mundiales\",\"Mar para Bolivia\",\"Recursos naturales\"],\"articleSection\":[\"Contenido Original\",\"Opiniones\",\"Pol\u00edtica\",\"Sudam\u00e9rica\",\"Video\"],\"inLanguage\":\"es\"},{\"@type\":\"WebPage\",\"@id\":\"https:\/\/www.pressenza.com\/es\/2018\/04\/marcelo-rioseco-vecinos-no-enemigos\/\",\"url\":\"https:\/\/www.pressenza.com\/es\/2018\/04\/marcelo-rioseco-vecinos-no-enemigos\/\",\"name\":\"Marcelo Rioseco: \\\"Nuestros vecinos no son nuestros enemigos\\\"\",\"isPartOf\":{\"@id\":\"https:\/\/www.pressenza.com\/es\/#website\"},\"primaryImageOfPage\":{\"@id\":\"https:\/\/www.pressenza.com\/es\/2018\/04\/marcelo-rioseco-vecinos-no-enemigos\/#primaryimage\"},\"image\":{\"@id\":\"https:\/\/www.pressenza.com\/es\/2018\/04\/marcelo-rioseco-vecinos-no-enemigos\/#primaryimage\"},\"thumbnailUrl\":\"https:\/\/www.pressenza.com\/wp-content\/uploads\/2018\/04\/con-alguien-Laura-Feldguer.jpg\",\"datePublished\":\"2018-04-13T17:28:33+00:00\",\"description\":\"Transcribimos ac\u00e1 el v\u00eddeo en el que el Doctor Rioseco, Profesor de la Universidad de Talca, comenta las opiniones del Diputado humanista Ra\u00fal Florcita\",\"breadcrumb\":{\"@id\":\"https:\/\/www.pressenza.com\/es\/2018\/04\/marcelo-rioseco-vecinos-no-enemigos\/#breadcrumb\"},\"inLanguage\":\"es\",\"potentialAction\":[{\"@type\":\"ReadAction\",\"target\":[\"https:\/\/www.pressenza.com\/es\/2018\/04\/marcelo-rioseco-vecinos-no-enemigos\/\"]}]},{\"@type\":\"ImageObject\",\"inLanguage\":\"es\",\"@id\":\"https:\/\/www.pressenza.com\/es\/2018\/04\/marcelo-rioseco-vecinos-no-enemigos\/#primaryimage\",\"url\":\"https:\/\/www.pressenza.com\/wp-content\/uploads\/2018\/04\/con-alguien-Laura-Feldguer.jpg\",\"contentUrl\":\"https:\/\/www.pressenza.com\/wp-content\/uploads\/2018\/04\/con-alguien-Laura-Feldguer.jpg\",\"width\":960,\"height\":636},{\"@type\":\"BreadcrumbList\",\"@id\":\"https:\/\/www.pressenza.com\/es\/2018\/04\/marcelo-rioseco-vecinos-no-enemigos\/#breadcrumb\",\"itemListElement\":[{\"@type\":\"ListItem\",\"position\":1,\"name\":\"Accueil\",\"item\":\"https:\/\/www.pressenza.com\/es\/\"},{\"@type\":\"ListItem\",\"position\":2,\"name\":\"Marcelo Rioseco: \u00abNuestros vecinos no son nuestros enemigos\u00bb\"}]},{\"@type\":\"WebSite\",\"@id\":\"https:\/\/www.pressenza.com\/es\/#website\",\"url\":\"https:\/\/www.pressenza.com\/es\/\",\"name\":\"Pressenza\",\"description\":\"International Press Agency\",\"publisher\":{\"@id\":\"https:\/\/www.pressenza.com\/es\/#organization\"},\"potentialAction\":[{\"@type\":\"SearchAction\",\"target\":{\"@type\":\"EntryPoint\",\"urlTemplate\":\"https:\/\/www.pressenza.com\/es\/?s={search_term_string}\"},\"query-input\":{\"@type\":\"PropertyValueSpecification\",\"valueRequired\":true,\"valueName\":\"search_term_string\"}}],\"inLanguage\":\"es\"},{\"@type\":\"Organization\",\"@id\":\"https:\/\/www.pressenza.com\/es\/#organization\",\"name\":\"Pressenza\",\"url\":\"https:\/\/www.pressenza.com\/es\/\",\"logo\":{\"@type\":\"ImageObject\",\"inLanguage\":\"es\",\"@id\":\"https:\/\/www.pressenza.com\/es\/#\/schema\/logo\/image\/\",\"url\":\"https:\/\/www.pressenza.com\/wp-content\/uploads\/2022\/10\/pressenza_logo_200x200.jpg\",\"contentUrl\":\"https:\/\/www.pressenza.com\/wp-content\/uploads\/2022\/10\/pressenza_logo_200x200.jpg\",\"width\":200,\"height\":200,\"caption\":\"Pressenza\"},\"image\":{\"@id\":\"https:\/\/www.pressenza.com\/es\/#\/schema\/logo\/image\/\"},\"sameAs\":[\"https:\/\/www.facebook.com\/PressenzaItalia\",\"https:\/\/x.com\/PressenzaIPA\"]},{\"@type\":\"Person\",\"@id\":\"https:\/\/www.pressenza.com\/es\/#\/schema\/person\/d7db40df35d6698ba69ba9ee260944ed\",\"name\":\"Redacci\u00f3n Chile\",\"description\":\"News from the Pressenza Bureau in Chile\",\"sameAs\":[\"https:\/\/www.facebook.com\/pressenza\",\"https:\/\/x.com\/pressenza\"],\"url\":\"https:\/\/www.pressenza.com\/es\/author\/redaccion-chile\/\"}]}<\/script>\n<!-- \/ Yoast SEO plugin. -->","yoast_head_json":{"title":"Marcelo Rioseco: \"Nuestros vecinos no son nuestros enemigos\"","description":"Transcribimos ac\u00e1 el v\u00eddeo en el que el Doctor Rioseco, Profesor de la Universidad de Talca, comenta las opiniones del Diputado humanista Ra\u00fal Florcita","robots":{"index":"index","follow":"follow","max-snippet":"max-snippet:-1","max-image-preview":"max-image-preview:large","max-video-preview":"max-video-preview:-1"},"canonical":"https:\/\/www.pressenza.com\/es\/2018\/04\/marcelo-rioseco-vecinos-no-enemigos\/","og_locale":"es_ES","og_type":"article","og_title":"Marcelo Rioseco: \"Nuestros vecinos no son nuestros enemigos\"","og_description":"Transcribimos ac\u00e1 el v\u00eddeo en el que el Doctor Rioseco, Profesor de la Universidad de Talca, comenta las opiniones del Diputado humanista Ra\u00fal Florcita","og_url":"https:\/\/www.pressenza.com\/es\/2018\/04\/marcelo-rioseco-vecinos-no-enemigos\/","og_site_name":"Pressenza","article_publisher":"https:\/\/www.facebook.com\/PressenzaItalia","article_author":"https:\/\/www.facebook.com\/pressenza","article_published_time":"2018-04-13T17:28:33+00:00","og_image":[{"width":960,"height":636,"url":"https:\/\/www.pressenza.com\/wp-content\/uploads\/2018\/04\/con-alguien-Laura-Feldguer.jpg","type":"image\/jpeg"}],"author":"Redacci\u00f3n Chile","twitter_card":"summary_large_image","twitter_creator":"@pressenza","twitter_site":"@PressenzaIPA","twitter_misc":{"Escrito por":"Redacci\u00f3n Chile","Tiempo de lectura":"5 minutos"},"schema":{"@context":"https:\/\/schema.org","@graph":[{"@type":"Article","@id":"https:\/\/www.pressenza.com\/es\/2018\/04\/marcelo-rioseco-vecinos-no-enemigos\/#article","isPartOf":{"@id":"https:\/\/www.pressenza.com\/es\/2018\/04\/marcelo-rioseco-vecinos-no-enemigos\/"},"author":{"name":"Redacci\u00f3n Chile","@id":"https:\/\/www.pressenza.com\/es\/#\/schema\/person\/d7db40df35d6698ba69ba9ee260944ed"},"headline":"Marcelo Rioseco: \u00abNuestros vecinos no son nuestros enemigos\u00bb","datePublished":"2018-04-13T17:28:33+00:00","mainEntityOfPage":{"@id":"https:\/\/www.pressenza.com\/es\/2018\/04\/marcelo-rioseco-vecinos-no-enemigos\/"},"wordCount":993,"publisher":{"@id":"https:\/\/www.pressenza.com\/es\/#organization"},"image":{"@id":"https:\/\/www.pressenza.com\/es\/2018\/04\/marcelo-rioseco-vecinos-no-enemigos\/#primaryimage"},"thumbnailUrl":"https:\/\/www.pressenza.com\/wp-content\/uploads\/2018\/04\/con-alguien-Laura-Feldguer.jpg","keywords":["Chile","Guerra del Pac\u00edfico","Guerras Mundiales","Mar para Bolivia","Recursos naturales"],"articleSection":["Contenido Original","Opiniones","Pol\u00edtica","Sudam\u00e9rica","Video"],"inLanguage":"es"},{"@type":"WebPage","@id":"https:\/\/www.pressenza.com\/es\/2018\/04\/marcelo-rioseco-vecinos-no-enemigos\/","url":"https:\/\/www.pressenza.com\/es\/2018\/04\/marcelo-rioseco-vecinos-no-enemigos\/","name":"Marcelo Rioseco: \"Nuestros vecinos no son nuestros enemigos\"","isPartOf":{"@id":"https:\/\/www.pressenza.com\/es\/#website"},"primaryImageOfPage":{"@id":"https:\/\/www.pressenza.com\/es\/2018\/04\/marcelo-rioseco-vecinos-no-enemigos\/#primaryimage"},"image":{"@id":"https:\/\/www.pressenza.com\/es\/2018\/04\/marcelo-rioseco-vecinos-no-enemigos\/#primaryimage"},"thumbnailUrl":"https:\/\/www.pressenza.com\/wp-content\/uploads\/2018\/04\/con-alguien-Laura-Feldguer.jpg","datePublished":"2018-04-13T17:28:33+00:00","description":"Transcribimos ac\u00e1 el v\u00eddeo en el que el Doctor Rioseco, Profesor de la Universidad de Talca, comenta las opiniones del Diputado humanista Ra\u00fal Florcita","breadcrumb":{"@id":"https:\/\/www.pressenza.com\/es\/2018\/04\/marcelo-rioseco-vecinos-no-enemigos\/#breadcrumb"},"inLanguage":"es","potentialAction":[{"@type":"ReadAction","target":["https:\/\/www.pressenza.com\/es\/2018\/04\/marcelo-rioseco-vecinos-no-enemigos\/"]}]},{"@type":"ImageObject","inLanguage":"es","@id":"https:\/\/www.pressenza.com\/es\/2018\/04\/marcelo-rioseco-vecinos-no-enemigos\/#primaryimage","url":"https:\/\/www.pressenza.com\/wp-content\/uploads\/2018\/04\/con-alguien-Laura-Feldguer.jpg","contentUrl":"https:\/\/www.pressenza.com\/wp-content\/uploads\/2018\/04\/con-alguien-Laura-Feldguer.jpg","width":960,"height":636},{"@type":"BreadcrumbList","@id":"https:\/\/www.pressenza.com\/es\/2018\/04\/marcelo-rioseco-vecinos-no-enemigos\/#breadcrumb","itemListElement":[{"@type":"ListItem","position":1,"name":"Accueil","item":"https:\/\/www.pressenza.com\/es\/"},{"@type":"ListItem","position":2,"name":"Marcelo Rioseco: \u00abNuestros vecinos no son nuestros enemigos\u00bb"}]},{"@type":"WebSite","@id":"https:\/\/www.pressenza.com\/es\/#website","url":"https:\/\/www.pressenza.com\/es\/","name":"Pressenza","description":"International Press Agency","publisher":{"@id":"https:\/\/www.pressenza.com\/es\/#organization"},"potentialAction":[{"@type":"SearchAction","target":{"@type":"EntryPoint","urlTemplate":"https:\/\/www.pressenza.com\/es\/?s={search_term_string}"},"query-input":{"@type":"PropertyValueSpecification","valueRequired":true,"valueName":"search_term_string"}}],"inLanguage":"es"},{"@type":"Organization","@id":"https:\/\/www.pressenza.com\/es\/#organization","name":"Pressenza","url":"https:\/\/www.pressenza.com\/es\/","logo":{"@type":"ImageObject","inLanguage":"es","@id":"https:\/\/www.pressenza.com\/es\/#\/schema\/logo\/image\/","url":"https:\/\/www.pressenza.com\/wp-content\/uploads\/2022\/10\/pressenza_logo_200x200.jpg","contentUrl":"https:\/\/www.pressenza.com\/wp-content\/uploads\/2022\/10\/pressenza_logo_200x200.jpg","width":200,"height":200,"caption":"Pressenza"},"image":{"@id":"https:\/\/www.pressenza.com\/es\/#\/schema\/logo\/image\/"},"sameAs":["https:\/\/www.facebook.com\/PressenzaItalia","https:\/\/x.com\/PressenzaIPA"]},{"@type":"Person","@id":"https:\/\/www.pressenza.com\/es\/#\/schema\/person\/d7db40df35d6698ba69ba9ee260944ed","name":"Redacci\u00f3n Chile","description":"News from the Pressenza Bureau in Chile","sameAs":["https:\/\/www.facebook.com\/pressenza","https:\/\/x.com\/pressenza"],"url":"https:\/\/www.pressenza.com\/es\/author\/redaccion-chile\/"}]}},"place":"Talca, Chile","original_article_url":"","_links":{"self":[{"href":"https:\/\/www.pressenza.com\/es\/wp-json\/wp\/v2\/posts\/625018","targetHints":{"allow":["GET"]}}],"collection":[{"href":"https:\/\/www.pressenza.com\/es\/wp-json\/wp\/v2\/posts"}],"about":[{"href":"https:\/\/www.pressenza.com\/es\/wp-json\/wp\/v2\/types\/post"}],"author":[{"embeddable":true,"href":"https:\/\/www.pressenza.com\/es\/wp-json\/wp\/v2\/users\/43"}],"replies":[{"embeddable":true,"href":"https:\/\/www.pressenza.com\/es\/wp-json\/wp\/v2\/comments?post=625018"}],"version-history":[{"count":0,"href":"https:\/\/www.pressenza.com\/es\/wp-json\/wp\/v2\/posts\/625018\/revisions"}],"wp:featuredmedia":[{"embeddable":true,"href":"https:\/\/www.pressenza.com\/es\/wp-json\/wp\/v2\/media\/625020"}],"wp:attachment":[{"href":"https:\/\/www.pressenza.com\/es\/wp-json\/wp\/v2\/media?parent=625018"}],"wp:term":[{"taxonomy":"category","embeddable":true,"href":"https:\/\/www.pressenza.com\/es\/wp-json\/wp\/v2\/categories?post=625018"},{"taxonomy":"post_tag","embeddable":true,"href":"https:\/\/www.pressenza.com\/es\/wp-json\/wp\/v2\/tags?post=625018"}],"curies":[{"name":"wp","href":"https:\/\/api.w.org\/{rel}","templated":true}]}}