{"id":623538,"date":"2018-04-10T18:42:23","date_gmt":"2018-04-10T17:42:23","guid":{"rendered":"https:\/\/www.pressenza.com\/?p=623538"},"modified":"2018-04-10T18:42:23","modified_gmt":"2018-04-10T17:42:23","slug":"francia-gases-lacrimogenos-y-vehiculos-blindados-contra-activistas-ecologistas","status":"publish","type":"post","link":"https:\/\/www.pressenza.com\/es\/2018\/04\/francia-gases-lacrimogenos-y-vehiculos-blindados-contra-activistas-ecologistas\/","title":{"rendered":"Francia: gases lacrim\u00f3genos y veh\u00edculos blindados contra activistas ecologistas"},"content":{"rendered":"<p><strong>Gases lacrim\u00f3genos<\/strong> y <strong>veh\u00edculos blindados<\/strong> fueron utilizados en la noche por parte de la Gendarmer\u00eda francesa para despejar a los <strong>activistas de la Zona a Defender<\/strong> (ZAD), en primera instancia contra el <strong>proyecto del nuevo aeropuerto de Notre Dame des Landes<\/strong> en la regi\u00f3n de Nantes. Im\u00e1genes y videos de la redada fueron transmitidos por las redes sociales esta ma\u00f1ana. En se\u00f1al de protesta contra el ataque, los activistas se han reunido hoy a las 18 horas delante de la Prefectura de Nantes.<\/p>\n<p>El <strong>proyecto del nuevo aeropuerto<\/strong> acab\u00f3 en la mira de los movimientos sociales debido al <strong>riesgo de insostenibilidad ambiental<\/strong>. En enero, la protesta llev\u00f3 al Primer Ministro, Edouard Philippe, a hablar de un \u00abaeropuerto de la divisi\u00f3n\u00bb.<\/p>\n<p>En aquella ocasi\u00f3n, el ejecutivo declar\u00f3 que se centrar\u00eda en la reestructuraci\u00f3n del actual aeropuerto de Nantes-Atl\u00e1ntico y en la ampliaci\u00f3n del aeropuerto de Rennes-Saint Jacques. Otra posibilidad sigue siendo el desarrollo de l\u00edneas ferroviarias de alta velocidad entre el oeste de Francia y Par\u00eds.<\/p>\n","protected":false},"excerpt":{"rendered":"<p>Gases lacrim\u00f3genos y veh\u00edculos blindados fueron utilizados en la noche por parte de la Gendarmer\u00eda francesa para despejar a los activistas de la Zona a Defender (ZAD), en primera instancia contra el proyecto del nuevo aeropuerto de Notre Dame des&hellip;<\/p>\n","protected":false},"author":1478,"featured_media":623705,"comment_status":"closed","ping_status":"closed","sticky":false,"template":"","format":"standard","meta":{"footnotes":""},"categories":[149,78,66,1239],"tags":[45101,1432,1491,45102],"class_list":["post-623538","post","type-post","status-publish","format-standard","has-post-thumbnail","hentry","category-comunicados-de-prensa","category-medio-ambiente-ecologia","category-europa-es","category-salud","tag-aeropuerto","tag-francia","tag-notre-dame-des-landes","tag-zona-a-defender-zad"],"yoast_head":"<!-- This site is optimized with the Yoast SEO plugin v27.1.1 - https:\/\/yoast.com\/product\/yoast-seo-wordpress\/ -->\n<title>Francia: gases lacrim\u00f3genos y veh\u00edculos blindados contra activistas ecologistas<\/title>\n<meta name=\"description\" content=\"Gases lacrim\u00f3genos y veh\u00edculos blindados fueron utilizados en la noche por parte de la Gendarmer\u00eda francesa para despejar a los activistas de la Zona a\" \/>\n<meta name=\"robots\" content=\"index, follow, max-snippet:-1, max-image-preview:large, max-video-preview:-1\" \/>\n<link rel=\"canonical\" href=\"https:\/\/www.pressenza.com\/es\/2018\/04\/francia-gases-lacrimogenos-y-vehiculos-blindados-contra-activistas-ecologistas\/\" \/>\n<meta property=\"og:locale\" content=\"es_ES\" \/>\n<meta property=\"og:type\" content=\"article\" \/>\n<meta property=\"og:title\" content=\"Francia: gases lacrim\u00f3genos y veh\u00edculos blindados contra activistas ecologistas\" \/>\n<meta property=\"og:description\" content=\"Gases lacrim\u00f3genos y veh\u00edculos blindados fueron utilizados en la noche por parte de la Gendarmer\u00eda francesa para despejar a los activistas de la Zona a\" \/>\n<meta property=\"og:url\" content=\"https:\/\/www.pressenza.com\/es\/2018\/04\/francia-gases-lacrimogenos-y-vehiculos-blindados-contra-activistas-ecologistas\/\" \/>\n<meta property=\"og:site_name\" content=\"Pressenza\" \/>\n<meta property=\"article:publisher\" content=\"https:\/\/www.facebook.com\/PressenzaItalia\" \/>\n<meta property=\"article:published_time\" content=\"2018-04-10T17:42:23+00:00\" \/>\n<meta property=\"og:image\" content=\"https:\/\/www.pressenza.com\/wp-content\/uploads\/2018\/04\/francia_aeroporto-nantes-2.jpg\" \/>\n\t<meta property=\"og:image:width\" content=\"700\" \/>\n\t<meta property=\"og:image:height\" content=\"467\" \/>\n\t<meta property=\"og:image:type\" content=\"image\/jpeg\" \/>\n<meta name=\"author\" content=\"Agenzia DIRE\" \/>\n<meta name=\"twitter:card\" content=\"summary_large_image\" \/>\n<meta name=\"twitter:creator\" content=\"@PressenzaIPA\" \/>\n<meta name=\"twitter:site\" content=\"@PressenzaIPA\" \/>\n<meta name=\"twitter:label1\" content=\"Escrito por\" \/>\n\t<meta name=\"twitter:data1\" content=\"Agenzia DIRE\" \/>\n\t<meta name=\"twitter:label2\" content=\"Tiempo de lectura\" \/>\n\t<meta name=\"twitter:data2\" content=\"1 minuto\" \/>\n<script type=\"application\/ld+json\" class=\"yoast-schema-graph\">{\"@context\":\"https:\/\/schema.org\",\"@graph\":[{\"@type\":\"Article\",\"@id\":\"https:\/\/www.pressenza.com\/es\/2018\/04\/francia-gases-lacrimogenos-y-vehiculos-blindados-contra-activistas-ecologistas\/#article\",\"isPartOf\":{\"@id\":\"https:\/\/www.pressenza.com\/es\/2018\/04\/francia-gases-lacrimogenos-y-vehiculos-blindados-contra-activistas-ecologistas\/\"},\"author\":{\"name\":\"Agenzia DIRE\",\"@id\":\"https:\/\/www.pressenza.com\/es\/#\/schema\/person\/bb13dad7d75de3f57ef0c4246101316b\"},\"headline\":\"Francia: gases lacrim\u00f3genos y veh\u00edculos blindados contra activistas ecologistas\",\"datePublished\":\"2018-04-10T17:42:23+00:00\",\"mainEntityOfPage\":{\"@id\":\"https:\/\/www.pressenza.com\/es\/2018\/04\/francia-gases-lacrimogenos-y-vehiculos-blindados-contra-activistas-ecologistas\/\"},\"wordCount\":190,\"publisher\":{\"@id\":\"https:\/\/www.pressenza.com\/es\/#organization\"},\"image\":{\"@id\":\"https:\/\/www.pressenza.com\/es\/2018\/04\/francia-gases-lacrimogenos-y-vehiculos-blindados-contra-activistas-ecologistas\/#primaryimage\"},\"thumbnailUrl\":\"https:\/\/www.pressenza.com\/wp-content\/uploads\/2018\/04\/francia_aeroporto-nantes-2.jpg\",\"keywords\":[\"aeropuerto\",\"Francia\",\"notre-dame-des-landes\",\"Zona a Defender (ZAD)\"],\"articleSection\":[\"Comunicados de Prensa\",\"Ecolog\u00eda y Medio Ambiente\",\"Europa\",\"Salud\"],\"inLanguage\":\"es\"},{\"@type\":\"WebPage\",\"@id\":\"https:\/\/www.pressenza.com\/es\/2018\/04\/francia-gases-lacrimogenos-y-vehiculos-blindados-contra-activistas-ecologistas\/\",\"url\":\"https:\/\/www.pressenza.com\/es\/2018\/04\/francia-gases-lacrimogenos-y-vehiculos-blindados-contra-activistas-ecologistas\/\",\"name\":\"Francia: gases lacrim\u00f3genos y veh\u00edculos blindados contra activistas ecologistas\",\"isPartOf\":{\"@id\":\"https:\/\/www.pressenza.com\/es\/#website\"},\"primaryImageOfPage\":{\"@id\":\"https:\/\/www.pressenza.com\/es\/2018\/04\/francia-gases-lacrimogenos-y-vehiculos-blindados-contra-activistas-ecologistas\/#primaryimage\"},\"image\":{\"@id\":\"https:\/\/www.pressenza.com\/es\/2018\/04\/francia-gases-lacrimogenos-y-vehiculos-blindados-contra-activistas-ecologistas\/#primaryimage\"},\"thumbnailUrl\":\"https:\/\/www.pressenza.com\/wp-content\/uploads\/2018\/04\/francia_aeroporto-nantes-2.jpg\",\"datePublished\":\"2018-04-10T17:42:23+00:00\",\"description\":\"Gases lacrim\u00f3genos y veh\u00edculos blindados fueron utilizados en la noche por parte de la Gendarmer\u00eda francesa para despejar a los activistas de la Zona a\",\"breadcrumb\":{\"@id\":\"https:\/\/www.pressenza.com\/es\/2018\/04\/francia-gases-lacrimogenos-y-vehiculos-blindados-contra-activistas-ecologistas\/#breadcrumb\"},\"inLanguage\":\"es\",\"potentialAction\":[{\"@type\":\"ReadAction\",\"target\":[\"https:\/\/www.pressenza.com\/es\/2018\/04\/francia-gases-lacrimogenos-y-vehiculos-blindados-contra-activistas-ecologistas\/\"]}]},{\"@type\":\"ImageObject\",\"inLanguage\":\"es\",\"@id\":\"https:\/\/www.pressenza.com\/es\/2018\/04\/francia-gases-lacrimogenos-y-vehiculos-blindados-contra-activistas-ecologistas\/#primaryimage\",\"url\":\"https:\/\/www.pressenza.com\/wp-content\/uploads\/2018\/04\/francia_aeroporto-nantes-2.jpg\",\"contentUrl\":\"https:\/\/www.pressenza.com\/wp-content\/uploads\/2018\/04\/francia_aeroporto-nantes-2.jpg\",\"width\":700,\"height\":467},{\"@type\":\"BreadcrumbList\",\"@id\":\"https:\/\/www.pressenza.com\/es\/2018\/04\/francia-gases-lacrimogenos-y-vehiculos-blindados-contra-activistas-ecologistas\/#breadcrumb\",\"itemListElement\":[{\"@type\":\"ListItem\",\"position\":1,\"name\":\"Accueil\",\"item\":\"https:\/\/www.pressenza.com\/es\/\"},{\"@type\":\"ListItem\",\"position\":2,\"name\":\"Francia: gases lacrim\u00f3genos y veh\u00edculos blindados contra activistas ecologistas\"}]},{\"@type\":\"WebSite\",\"@id\":\"https:\/\/www.pressenza.com\/es\/#website\",\"url\":\"https:\/\/www.pressenza.com\/es\/\",\"name\":\"Pressenza\",\"description\":\"International Press Agency\",\"publisher\":{\"@id\":\"https:\/\/www.pressenza.com\/es\/#organization\"},\"potentialAction\":[{\"@type\":\"SearchAction\",\"target\":{\"@type\":\"EntryPoint\",\"urlTemplate\":\"https:\/\/www.pressenza.com\/es\/?s={search_term_string}\"},\"query-input\":{\"@type\":\"PropertyValueSpecification\",\"valueRequired\":true,\"valueName\":\"search_term_string\"}}],\"inLanguage\":\"es\"},{\"@type\":\"Organization\",\"@id\":\"https:\/\/www.pressenza.com\/es\/#organization\",\"name\":\"Pressenza\",\"url\":\"https:\/\/www.pressenza.com\/es\/\",\"logo\":{\"@type\":\"ImageObject\",\"inLanguage\":\"es\",\"@id\":\"https:\/\/www.pressenza.com\/es\/#\/schema\/logo\/image\/\",\"url\":\"https:\/\/www.pressenza.com\/wp-content\/uploads\/2022\/10\/pressenza_logo_200x200.jpg\",\"contentUrl\":\"https:\/\/www.pressenza.com\/wp-content\/uploads\/2022\/10\/pressenza_logo_200x200.jpg\",\"width\":200,\"height\":200,\"caption\":\"Pressenza\"},\"image\":{\"@id\":\"https:\/\/www.pressenza.com\/es\/#\/schema\/logo\/image\/\"},\"sameAs\":[\"https:\/\/www.facebook.com\/PressenzaItalia\",\"https:\/\/x.com\/PressenzaIPA\"]},{\"@type\":\"Person\",\"@id\":\"https:\/\/www.pressenza.com\/es\/#\/schema\/person\/bb13dad7d75de3f57ef0c4246101316b\",\"name\":\"Agenzia DIRE\",\"description\":\"La DIRE \u00e8 una delle principali agenzie di stampa nazionali, trasmette sui propri notiziari multimediali tutte le notizie dell'ultimo minuto, approfondimenti, interviste, newsletter tematiche. Specializzata in politiche parlamentari e di governo, oltre che esteri, sanit\u00e0, ambiente, welfare, politiche regionali e locali, giovani. Su Dire.it pubblica, ogni giorno, tutte le principali notizie. E' presente su tutto il territorio nazionale con sei sedi, cinquanta giornalisti e corrispondenti da tutte le regioni.\",\"sameAs\":[\"http:\/\/www.dire.it\/\"],\"url\":\"https:\/\/www.pressenza.com\/es\/author\/agenzia-dire\/\"}]}<\/script>\n<!-- \/ Yoast SEO plugin. -->","yoast_head_json":{"title":"Francia: gases lacrim\u00f3genos y veh\u00edculos blindados contra activistas ecologistas","description":"Gases lacrim\u00f3genos y veh\u00edculos blindados fueron utilizados en la noche por parte de la Gendarmer\u00eda francesa para despejar a los activistas de la Zona a","robots":{"index":"index","follow":"follow","max-snippet":"max-snippet:-1","max-image-preview":"max-image-preview:large","max-video-preview":"max-video-preview:-1"},"canonical":"https:\/\/www.pressenza.com\/es\/2018\/04\/francia-gases-lacrimogenos-y-vehiculos-blindados-contra-activistas-ecologistas\/","og_locale":"es_ES","og_type":"article","og_title":"Francia: gases lacrim\u00f3genos y veh\u00edculos blindados contra activistas ecologistas","og_description":"Gases lacrim\u00f3genos y veh\u00edculos blindados fueron utilizados en la noche por parte de la Gendarmer\u00eda francesa para despejar a los activistas de la Zona a","og_url":"https:\/\/www.pressenza.com\/es\/2018\/04\/francia-gases-lacrimogenos-y-vehiculos-blindados-contra-activistas-ecologistas\/","og_site_name":"Pressenza","article_publisher":"https:\/\/www.facebook.com\/PressenzaItalia","article_published_time":"2018-04-10T17:42:23+00:00","og_image":[{"width":700,"height":467,"url":"https:\/\/www.pressenza.com\/wp-content\/uploads\/2018\/04\/francia_aeroporto-nantes-2.jpg","type":"image\/jpeg"}],"author":"Agenzia DIRE","twitter_card":"summary_large_image","twitter_creator":"@PressenzaIPA","twitter_site":"@PressenzaIPA","twitter_misc":{"Escrito por":"Agenzia DIRE","Tiempo de lectura":"1 minuto"},"schema":{"@context":"https:\/\/schema.org","@graph":[{"@type":"Article","@id":"https:\/\/www.pressenza.com\/es\/2018\/04\/francia-gases-lacrimogenos-y-vehiculos-blindados-contra-activistas-ecologistas\/#article","isPartOf":{"@id":"https:\/\/www.pressenza.com\/es\/2018\/04\/francia-gases-lacrimogenos-y-vehiculos-blindados-contra-activistas-ecologistas\/"},"author":{"name":"Agenzia DIRE","@id":"https:\/\/www.pressenza.com\/es\/#\/schema\/person\/bb13dad7d75de3f57ef0c4246101316b"},"headline":"Francia: gases lacrim\u00f3genos y veh\u00edculos blindados contra activistas ecologistas","datePublished":"2018-04-10T17:42:23+00:00","mainEntityOfPage":{"@id":"https:\/\/www.pressenza.com\/es\/2018\/04\/francia-gases-lacrimogenos-y-vehiculos-blindados-contra-activistas-ecologistas\/"},"wordCount":190,"publisher":{"@id":"https:\/\/www.pressenza.com\/es\/#organization"},"image":{"@id":"https:\/\/www.pressenza.com\/es\/2018\/04\/francia-gases-lacrimogenos-y-vehiculos-blindados-contra-activistas-ecologistas\/#primaryimage"},"thumbnailUrl":"https:\/\/www.pressenza.com\/wp-content\/uploads\/2018\/04\/francia_aeroporto-nantes-2.jpg","keywords":["aeropuerto","Francia","notre-dame-des-landes","Zona a Defender (ZAD)"],"articleSection":["Comunicados de Prensa","Ecolog\u00eda y Medio Ambiente","Europa","Salud"],"inLanguage":"es"},{"@type":"WebPage","@id":"https:\/\/www.pressenza.com\/es\/2018\/04\/francia-gases-lacrimogenos-y-vehiculos-blindados-contra-activistas-ecologistas\/","url":"https:\/\/www.pressenza.com\/es\/2018\/04\/francia-gases-lacrimogenos-y-vehiculos-blindados-contra-activistas-ecologistas\/","name":"Francia: gases lacrim\u00f3genos y veh\u00edculos blindados contra activistas ecologistas","isPartOf":{"@id":"https:\/\/www.pressenza.com\/es\/#website"},"primaryImageOfPage":{"@id":"https:\/\/www.pressenza.com\/es\/2018\/04\/francia-gases-lacrimogenos-y-vehiculos-blindados-contra-activistas-ecologistas\/#primaryimage"},"image":{"@id":"https:\/\/www.pressenza.com\/es\/2018\/04\/francia-gases-lacrimogenos-y-vehiculos-blindados-contra-activistas-ecologistas\/#primaryimage"},"thumbnailUrl":"https:\/\/www.pressenza.com\/wp-content\/uploads\/2018\/04\/francia_aeroporto-nantes-2.jpg","datePublished":"2018-04-10T17:42:23+00:00","description":"Gases lacrim\u00f3genos y veh\u00edculos blindados fueron utilizados en la noche por parte de la Gendarmer\u00eda francesa para despejar a los activistas de la Zona a","breadcrumb":{"@id":"https:\/\/www.pressenza.com\/es\/2018\/04\/francia-gases-lacrimogenos-y-vehiculos-blindados-contra-activistas-ecologistas\/#breadcrumb"},"inLanguage":"es","potentialAction":[{"@type":"ReadAction","target":["https:\/\/www.pressenza.com\/es\/2018\/04\/francia-gases-lacrimogenos-y-vehiculos-blindados-contra-activistas-ecologistas\/"]}]},{"@type":"ImageObject","inLanguage":"es","@id":"https:\/\/www.pressenza.com\/es\/2018\/04\/francia-gases-lacrimogenos-y-vehiculos-blindados-contra-activistas-ecologistas\/#primaryimage","url":"https:\/\/www.pressenza.com\/wp-content\/uploads\/2018\/04\/francia_aeroporto-nantes-2.jpg","contentUrl":"https:\/\/www.pressenza.com\/wp-content\/uploads\/2018\/04\/francia_aeroporto-nantes-2.jpg","width":700,"height":467},{"@type":"BreadcrumbList","@id":"https:\/\/www.pressenza.com\/es\/2018\/04\/francia-gases-lacrimogenos-y-vehiculos-blindados-contra-activistas-ecologistas\/#breadcrumb","itemListElement":[{"@type":"ListItem","position":1,"name":"Accueil","item":"https:\/\/www.pressenza.com\/es\/"},{"@type":"ListItem","position":2,"name":"Francia: gases lacrim\u00f3genos y veh\u00edculos blindados contra activistas ecologistas"}]},{"@type":"WebSite","@id":"https:\/\/www.pressenza.com\/es\/#website","url":"https:\/\/www.pressenza.com\/es\/","name":"Pressenza","description":"International Press Agency","publisher":{"@id":"https:\/\/www.pressenza.com\/es\/#organization"},"potentialAction":[{"@type":"SearchAction","target":{"@type":"EntryPoint","urlTemplate":"https:\/\/www.pressenza.com\/es\/?s={search_term_string}"},"query-input":{"@type":"PropertyValueSpecification","valueRequired":true,"valueName":"search_term_string"}}],"inLanguage":"es"},{"@type":"Organization","@id":"https:\/\/www.pressenza.com\/es\/#organization","name":"Pressenza","url":"https:\/\/www.pressenza.com\/es\/","logo":{"@type":"ImageObject","inLanguage":"es","@id":"https:\/\/www.pressenza.com\/es\/#\/schema\/logo\/image\/","url":"https:\/\/www.pressenza.com\/wp-content\/uploads\/2022\/10\/pressenza_logo_200x200.jpg","contentUrl":"https:\/\/www.pressenza.com\/wp-content\/uploads\/2022\/10\/pressenza_logo_200x200.jpg","width":200,"height":200,"caption":"Pressenza"},"image":{"@id":"https:\/\/www.pressenza.com\/es\/#\/schema\/logo\/image\/"},"sameAs":["https:\/\/www.facebook.com\/PressenzaItalia","https:\/\/x.com\/PressenzaIPA"]},{"@type":"Person","@id":"https:\/\/www.pressenza.com\/es\/#\/schema\/person\/bb13dad7d75de3f57ef0c4246101316b","name":"Agenzia DIRE","description":"La DIRE \u00e8 una delle principali agenzie di stampa nazionali, trasmette sui propri notiziari multimediali tutte le notizie dell'ultimo minuto, approfondimenti, interviste, newsletter tematiche. Specializzata in politiche parlamentari e di governo, oltre che esteri, sanit\u00e0, ambiente, welfare, politiche regionali e locali, giovani. Su Dire.it pubblica, ogni giorno, tutte le principali notizie. E' presente su tutto il territorio nazionale con sei sedi, cinquanta giornalisti e corrispondenti da tutte le regioni.","sameAs":["http:\/\/www.dire.it\/"],"url":"https:\/\/www.pressenza.com\/es\/author\/agenzia-dire\/"}]}},"place":"","original_article_url":"","_links":{"self":[{"href":"https:\/\/www.pressenza.com\/es\/wp-json\/wp\/v2\/posts\/623538","targetHints":{"allow":["GET"]}}],"collection":[{"href":"https:\/\/www.pressenza.com\/es\/wp-json\/wp\/v2\/posts"}],"about":[{"href":"https:\/\/www.pressenza.com\/es\/wp-json\/wp\/v2\/types\/post"}],"author":[{"embeddable":true,"href":"https:\/\/www.pressenza.com\/es\/wp-json\/wp\/v2\/users\/1478"}],"replies":[{"embeddable":true,"href":"https:\/\/www.pressenza.com\/es\/wp-json\/wp\/v2\/comments?post=623538"}],"version-history":[{"count":0,"href":"https:\/\/www.pressenza.com\/es\/wp-json\/wp\/v2\/posts\/623538\/revisions"}],"wp:featuredmedia":[{"embeddable":true,"href":"https:\/\/www.pressenza.com\/es\/wp-json\/wp\/v2\/media\/623705"}],"wp:attachment":[{"href":"https:\/\/www.pressenza.com\/es\/wp-json\/wp\/v2\/media?parent=623538"}],"wp:term":[{"taxonomy":"category","embeddable":true,"href":"https:\/\/www.pressenza.com\/es\/wp-json\/wp\/v2\/categories?post=623538"},{"taxonomy":"post_tag","embeddable":true,"href":"https:\/\/www.pressenza.com\/es\/wp-json\/wp\/v2\/tags?post=623538"}],"curies":[{"name":"wp","href":"https:\/\/api.w.org\/{rel}","templated":true}]}}