{"id":623159,"date":"2018-04-09T00:33:34","date_gmt":"2018-04-08T23:33:34","guid":{"rendered":"https:\/\/www.pressenza.com\/?p=623159"},"modified":"2018-04-09T00:33:34","modified_gmt":"2018-04-08T23:33:34","slug":"red-educacion-humanizadora-america-latina-rehal-lanza-manifiesto","status":"publish","type":"post","link":"https:\/\/www.pressenza.com\/es\/2018\/04\/red-educacion-humanizadora-america-latina-rehal-lanza-manifiesto\/","title":{"rendered":"Red de Educaci\u00f3n Humanizadora de Am\u00e9rica Latina -REHAL-  lanza su Manifiesto"},"content":{"rendered":"<p align=\"justify\">REHAL, una red donde participan parlamentarios de Chile y Argentina, la Corriente Pedag\u00f3gica Humanista Universalista \u2013 CoPeHU \u2013 y representantes del Colegio de Profesores de Chile, invita a todas las agrupaciones, organizaciones y personas interesadas en la educaci\u00f3n, a adherir a su Manifiesto por una Educaci\u00f3n Humanizadora.<\/p>\n<p align=\"justify\">Esta iniciativa se gest\u00f3 en el VI Encuentro por una Educaci\u00f3n Humanizadora de la CoPeHU, en enero de 2018 en el Parque de Estudio y Reflexi\u00f3n Punta de Vacas, con el inter\u00e9s de unir a actores que tienen la misma sensibilidad, ya sea desde lo pol\u00edtico, gremial o los diferentes mundos que buscan converger en un proyecto con otros y cambiar la educaci\u00f3n en una perspectiva Latinoamericana.<\/p>\n<p align=\"justify\">Parten de la reflexi\u00f3n de que en el contexto actual se nos sit\u00faa en un continente dominado por el neo-colonialismo econ\u00f3mico (neoliberalismo), que promueve el desarrollo de estructuras cohesionadas de mercantilizaci\u00f3n y privatizaci\u00f3n educativa, cuyo impacto en nuestros pa\u00edses se traduce en segregaci\u00f3n, desigualdad social, precarizaci\u00f3n, reducci\u00f3n de la educaci\u00f3n p\u00fablica y por sobre todo, sufrimiento humano, p\u00e9rdida de sentido en millones de vidas, desorientaci\u00f3n y deshumanizaci\u00f3n de las instituciones escolares y las relaciones humanas entre los actores educativos. Frente a este actual escenario latinoamericano adverso, REHAL llama a la convergencia y cohesi\u00f3n de una fuerza transformadora, humanizadora y liberadora.<\/p>\n<p align=\"justify\">REHAL se basa en una concepci\u00f3n que considera al ser humano como valor y preocupaci\u00f3n central y que aspira a la superaci\u00f3n de todo tipo de violencia siendo su acci\u00f3n la no violencia activa. Una educaci\u00f3n que se propone habilitar, despertar en las nuevas generaciones el gusto por aprender, reflexionar, investigar, transformar, por ser conscientes de s\u00ed mismos y de los propios actos con el horizonte de un futuro querido.<\/p>\n<p align=\"justify\">Hablan de una educaci\u00f3n que va en direcci\u00f3n del desarrollo integral del ser humano (intelectual, emotivo, motriz y espiritual) en miras de la transformaci\u00f3n personal y social en simult\u00e1neo, dando la posibilidad de reconocer como verdadero tanto lo tangible como lo intangible. Una educaci\u00f3n con una nueva mirada que parte de la experiencia generando los \u00e1mbitos mentales y f\u00edsicos propicios para estudiar, reflexionar, meditar sobre para qu\u00e9 educamos y c\u00f3mo podemos contribuir a este desarrollo integral de las nuevas generaciones dotando de un nuevo sentido a la acci\u00f3n educativa. En l\u00edneas generales, surge aqu\u00ed una posibilidad de aunar objetivos y proyectos relacionados a educaci\u00f3n, en una perspectiva latinoamericana.<\/p>\n<p align=\"justify\">Compartimos el Manifiesto y los interesados pueden unirse al Facebook de REHAL @RedEducacionHumanizadoradeAmericaLatina<\/p>\n<p align=\"center\">MANIFIESTO<\/p>\n<p align=\"center\"><b>RED DE EDUCACI\u00d3N HUMANIZADORA DE AM\u00c9RICA LATINA (REHAL)<\/b><\/p>\n<p align=\"justify\">El d\u00eda 3 de marzo de 2018, en Santiago de Chile, parlamentarios de Argentina y Chile, miembros de la Corriente Pedag\u00f3gica Humanista Universalista \u2013CoPeHU- y representantes del Colegio de Profesores de Chile, nos reunimos para converger y abrir caminos de articulaci\u00f3n en torno a una propuesta educativa portadora de un nuevo paradigma, con una cosmovisi\u00f3n de mundo y de ser humano con perspectiva humanizadora.<\/p>\n<p align=\"justify\">En la actualidad, la orientaci\u00f3n que predomina en leyes y pr\u00e1cticas educativas en toda la regi\u00f3n pone en el centro el dinero y no a las personas, la educaci\u00f3n se considera como un gasto, un bien de consumo. Por otro lado, existe nula o d\u00e9bil discusi\u00f3n y reflexi\u00f3n cr\u00edtica y participativa, en relaci\u00f3n a la concepci\u00f3n de ser humano, de mundo, de sociedad, de escuela, que sustenta el sistema educacional en nuestros pa\u00edses. Asimismo, nos encontramos frente a la problem\u00e1tica de la violencia expresada en sus distintas formas y de modo cada vez m\u00e1s cruel, debido a este sistema deshumanizador. En este sentido, desde una visi\u00f3n amplia de la educaci\u00f3n, creemos que la mayor\u00eda de los conflictos educativos nacionales, tienen una ra\u00edz economicista com\u00fan, por tanto, ya no es suficiente pensar y luchar s\u00f3lo desde el conflicto local.<\/p>\n<p align=\"justify\">En tal escenario, surge REHAL como respuesta a las urgencias y desaf\u00edos presentes hoy en la educaci\u00f3n con el prop\u00f3sito de influir en las decisiones que se tomen en todos los niveles educativos. Es una red de convergencia entre educadores, parlamentarios, estudiantes, artistas, cient\u00edficos y todos quienes ponemos al ser humano como valor y preocupaci\u00f3n central, que tenemos co-presente preguntas fundamentales como: \u00bfPara qu\u00e9 educamos? \u00bfQu\u00e9 educaci\u00f3n queremos construir para hoy y ma\u00f1ana? \u00bfA qu\u00e9 tipo de ser humano y sociedad aspiramos?<\/p>\n<p align=\"justify\">Consideramos que la educaci\u00f3n es un derecho para todas y todos, cuya finalidad debe rescatar lo humano, es decir habilitar para contribuir al desarrollo pleno (f\u00edsico, emocional, intelectual y espiritual en funci\u00f3n social) de las nuevas generaciones, para que el ser humano encuentre su misi\u00f3n y pueda hacer su aporte al mundo. De esta manera, se le da un nuevo sentido a la acci\u00f3n educativa, lo que ser\u00e1 capaz de permitirnos construir la sociedad que el momento hist\u00f3rico exige. Las caracter\u00edsticas de esta propuesta parten desde una concepci\u00f3n concreta de la educaci\u00f3n:<\/p>\n<p align=\"justify\">1. Educaci\u00f3n como un \u201checho social\u201d al servicio del desarrollo humano integral, como un derecho humano fundamental garantizado para todos\/as<\/p>\n<p align=\"justify\">2. Educaci\u00f3n que considera el espacio interno y externo de la persona como estructura indivisible que acontece en todo acto humano.<\/p>\n<p align=\"justify\">3. Educaci\u00f3n que prepara para la transformaci\u00f3n social, habilitando a las nuevas generaciones como constructores de su propio futuro dotando de sentido a su existencia.<\/p>\n<p align=\"justify\">4. Educaci\u00f3n que propicia una visi\u00f3n abierta, integradora y plural de la realidad, tendiendo a lo diverso, a la complementaci\u00f3n, discutiendo las verdades absolutas, forjando la cultura multi-forme.<\/p>\n<p align=\"justify\">5. Educaci\u00f3n como una herramienta de integraci\u00f3n social que haga retroceder las desigualdades.<\/p>\n<p align=\"justify\">5. Educaci\u00f3n que propicia la interacci\u00f3n afectiva, l\u00fadica y de buen humor como una condici\u00f3n fundamental para el aprendizaje significativo.<\/p>\n<p align=\"justify\">6. Educaci\u00f3n con un compromiso expl\u00edcito por la cultura de la No Violencia, aplicando los valores de respeto, solidaridad, inclusi\u00f3n, no discriminaci\u00f3n, libertad de ideas y creencias, colaboraci\u00f3n, sentido de comunidad en la convivencia diaria. Nuestra mirada considera la No Violencia como un paso fundamental en la evoluci\u00f3n humana, por lo tanto no acepta la violencia como forma de resoluci\u00f3n de conflictos, por lo contrario aspira a aplicar la \u201cRegla de oro\u201d (Trata a los dem\u00e1s como quieres ser tratado) como eje de las relaciones humanas en la pr\u00e1ctica educativa.<\/p>\n<p align=\"justify\"><a name=\"_GoBack\"><\/a> Ha llegado la hora de abrirle camino a un nuevo paradigma de educaci\u00f3n en el continente pero no s\u00f3lo referido a c\u00f3mo ense\u00f1ar, sino en c\u00f3mo ver a otro que busca aprender y busca develar su vocaci\u00f3n en funci\u00f3n y al servicio de las mejores causas. Un paradigma integral, transformador, liberador, no violento, en el que podamos reconocernos a nosotros mismos y a los otros como sujetos integrales y activos del aprendizaje, seres intencionales con la oportunidad de transformar el mundo y la realidad hacia un futuro querido y abierto a infinitas posibilidades.<\/p>\n<p align=\"justify\">Es urgente reivindicar la pedagog\u00eda, recuperar el sentido transformador de la escuela, del sublime rol del docente y del estudiante, por eso convocamos a todas y todos quienes coinciden con esta construcci\u00f3n de un nuevo paradigma de educaci\u00f3n.<\/p>\n<p align=\"justify\">\n<p align=\"justify\">\n","protected":false},"excerpt":{"rendered":"<p>REHAL, una red donde participan parlamentarios de Chile y Argentina, la Corriente Pedag\u00f3gica Humanista Universalista \u2013 CoPeHU \u2013 y representantes del Colegio de Profesores de Chile, invita a todas las agrupaciones, organizaciones y personas interesadas en la educaci\u00f3n, a adherir&hellip;<\/p>\n","protected":false},"author":43,"featured_media":623160,"comment_status":"closed","ping_status":"closed","sticky":false,"template":"","format":"standard","meta":{"footnotes":""},"categories":[149,11389,1230,1240,67],"tags":[31339,15132,45046,45045],"class_list":["post-623159","post","type-post","status-publish","format-standard","has-post-thumbnail","hentry","category-comunicados-de-prensa","category-contenido-original","category-educacion-tema","category-humanismo-espiritualidad","category-sudamerica","tag-colegio-de-profesores-de-chile","tag-corriente-pedagogica-humanista-universalista","tag-manifiesto-por-una-educacion-humanizadora","tag-red-de-educacion-humanizadora-de-america-latina"],"yoast_head":"<!-- This site is optimized with the Yoast SEO plugin v27.1.1 - https:\/\/yoast.com\/product\/yoast-seo-wordpress\/ -->\n<title>Red de Educaci\u00f3n Humanizadora de Am\u00e9rica Latina -REHAL- lanza su Manifiesto<\/title>\n<meta name=\"description\" content=\"REHAL, una red donde participan parlamentarios de Chile y Argentina, la Corriente Pedag\u00f3gica Humanista Universalista \u2013 CoPeHU \u2013 y representantes del\" \/>\n<meta name=\"robots\" content=\"index, follow, max-snippet:-1, max-image-preview:large, max-video-preview:-1\" \/>\n<link rel=\"canonical\" href=\"https:\/\/www.pressenza.com\/es\/2018\/04\/red-educacion-humanizadora-america-latina-rehal-lanza-manifiesto\/\" \/>\n<meta property=\"og:locale\" content=\"es_ES\" \/>\n<meta property=\"og:type\" content=\"article\" \/>\n<meta property=\"og:title\" content=\"Red de Educaci\u00f3n Humanizadora de Am\u00e9rica Latina -REHAL- lanza su Manifiesto\" \/>\n<meta property=\"og:description\" content=\"REHAL, una red donde participan parlamentarios de Chile y Argentina, la Corriente Pedag\u00f3gica Humanista Universalista \u2013 CoPeHU \u2013 y representantes del\" \/>\n<meta property=\"og:url\" content=\"https:\/\/www.pressenza.com\/es\/2018\/04\/red-educacion-humanizadora-america-latina-rehal-lanza-manifiesto\/\" \/>\n<meta property=\"og:site_name\" content=\"Pressenza\" \/>\n<meta property=\"article:publisher\" content=\"https:\/\/www.facebook.com\/PressenzaItalia\" \/>\n<meta property=\"article:author\" content=\"https:\/\/www.facebook.com\/pressenza\" \/>\n<meta property=\"article:published_time\" content=\"2018-04-08T23:33:34+00:00\" \/>\n<meta property=\"og:image\" content=\"https:\/\/www.pressenza.com\/wp-content\/uploads\/2018\/04\/28685507_962827280552672_9059739740426637279_n.jpg\" \/>\n\t<meta property=\"og:image:width\" content=\"960\" \/>\n\t<meta property=\"og:image:height\" content=\"720\" \/>\n\t<meta property=\"og:image:type\" content=\"image\/jpeg\" \/>\n<meta name=\"author\" content=\"Redacci\u00f3n Chile\" \/>\n<meta name=\"twitter:card\" content=\"summary_large_image\" \/>\n<meta name=\"twitter:creator\" content=\"@pressenza\" \/>\n<meta name=\"twitter:site\" content=\"@PressenzaIPA\" \/>\n<meta name=\"twitter:label1\" content=\"Escrito por\" \/>\n\t<meta name=\"twitter:data1\" content=\"Redacci\u00f3n Chile\" \/>\n\t<meta name=\"twitter:label2\" content=\"Tiempo de lectura\" \/>\n\t<meta name=\"twitter:data2\" content=\"6 minutos\" \/>\n<script type=\"application\/ld+json\" class=\"yoast-schema-graph\">{\"@context\":\"https:\/\/schema.org\",\"@graph\":[{\"@type\":\"Article\",\"@id\":\"https:\/\/www.pressenza.com\/es\/2018\/04\/red-educacion-humanizadora-america-latina-rehal-lanza-manifiesto\/#article\",\"isPartOf\":{\"@id\":\"https:\/\/www.pressenza.com\/es\/2018\/04\/red-educacion-humanizadora-america-latina-rehal-lanza-manifiesto\/\"},\"author\":{\"name\":\"Redacci\u00f3n Chile\",\"@id\":\"https:\/\/www.pressenza.com\/es\/#\/schema\/person\/d7db40df35d6698ba69ba9ee260944ed\"},\"headline\":\"Red de Educaci\u00f3n Humanizadora de Am\u00e9rica Latina -REHAL- lanza su Manifiesto\",\"datePublished\":\"2018-04-08T23:33:34+00:00\",\"mainEntityOfPage\":{\"@id\":\"https:\/\/www.pressenza.com\/es\/2018\/04\/red-educacion-humanizadora-america-latina-rehal-lanza-manifiesto\/\"},\"wordCount\":1251,\"publisher\":{\"@id\":\"https:\/\/www.pressenza.com\/es\/#organization\"},\"image\":{\"@id\":\"https:\/\/www.pressenza.com\/es\/2018\/04\/red-educacion-humanizadora-america-latina-rehal-lanza-manifiesto\/#primaryimage\"},\"thumbnailUrl\":\"https:\/\/www.pressenza.com\/wp-content\/uploads\/2018\/04\/28685507_962827280552672_9059739740426637279_n.jpg\",\"keywords\":[\"Colegio de Profesores de Chile\",\"Corriente Pedag\u00f3gica Humanista Universalista\",\"Manifiesto por una Educaci\u00f3n Humanizadora\",\"Red de Educaci\u00f3n Humanizadora de Am\u00e9rica Latina\"],\"articleSection\":[\"Comunicados de Prensa\",\"Contenido Original\",\"Educaci\u00f3n\",\"Humanismo y Espiritualidad\",\"Sudam\u00e9rica\"],\"inLanguage\":\"es\"},{\"@type\":\"WebPage\",\"@id\":\"https:\/\/www.pressenza.com\/es\/2018\/04\/red-educacion-humanizadora-america-latina-rehal-lanza-manifiesto\/\",\"url\":\"https:\/\/www.pressenza.com\/es\/2018\/04\/red-educacion-humanizadora-america-latina-rehal-lanza-manifiesto\/\",\"name\":\"Red de Educaci\u00f3n Humanizadora de Am\u00e9rica Latina -REHAL- lanza su Manifiesto\",\"isPartOf\":{\"@id\":\"https:\/\/www.pressenza.com\/es\/#website\"},\"primaryImageOfPage\":{\"@id\":\"https:\/\/www.pressenza.com\/es\/2018\/04\/red-educacion-humanizadora-america-latina-rehal-lanza-manifiesto\/#primaryimage\"},\"image\":{\"@id\":\"https:\/\/www.pressenza.com\/es\/2018\/04\/red-educacion-humanizadora-america-latina-rehal-lanza-manifiesto\/#primaryimage\"},\"thumbnailUrl\":\"https:\/\/www.pressenza.com\/wp-content\/uploads\/2018\/04\/28685507_962827280552672_9059739740426637279_n.jpg\",\"datePublished\":\"2018-04-08T23:33:34+00:00\",\"description\":\"REHAL, una red donde participan parlamentarios de Chile y Argentina, la Corriente Pedag\u00f3gica Humanista Universalista \u2013 CoPeHU \u2013 y representantes del\",\"breadcrumb\":{\"@id\":\"https:\/\/www.pressenza.com\/es\/2018\/04\/red-educacion-humanizadora-america-latina-rehal-lanza-manifiesto\/#breadcrumb\"},\"inLanguage\":\"es\",\"potentialAction\":[{\"@type\":\"ReadAction\",\"target\":[\"https:\/\/www.pressenza.com\/es\/2018\/04\/red-educacion-humanizadora-america-latina-rehal-lanza-manifiesto\/\"]}]},{\"@type\":\"ImageObject\",\"inLanguage\":\"es\",\"@id\":\"https:\/\/www.pressenza.com\/es\/2018\/04\/red-educacion-humanizadora-america-latina-rehal-lanza-manifiesto\/#primaryimage\",\"url\":\"https:\/\/www.pressenza.com\/wp-content\/uploads\/2018\/04\/28685507_962827280552672_9059739740426637279_n.jpg\",\"contentUrl\":\"https:\/\/www.pressenza.com\/wp-content\/uploads\/2018\/04\/28685507_962827280552672_9059739740426637279_n.jpg\",\"width\":960,\"height\":720},{\"@type\":\"BreadcrumbList\",\"@id\":\"https:\/\/www.pressenza.com\/es\/2018\/04\/red-educacion-humanizadora-america-latina-rehal-lanza-manifiesto\/#breadcrumb\",\"itemListElement\":[{\"@type\":\"ListItem\",\"position\":1,\"name\":\"Accueil\",\"item\":\"https:\/\/www.pressenza.com\/es\/\"},{\"@type\":\"ListItem\",\"position\":2,\"name\":\"Red de Educaci\u00f3n Humanizadora de Am\u00e9rica Latina -REHAL- lanza su Manifiesto\"}]},{\"@type\":\"WebSite\",\"@id\":\"https:\/\/www.pressenza.com\/es\/#website\",\"url\":\"https:\/\/www.pressenza.com\/es\/\",\"name\":\"Pressenza\",\"description\":\"International Press Agency\",\"publisher\":{\"@id\":\"https:\/\/www.pressenza.com\/es\/#organization\"},\"potentialAction\":[{\"@type\":\"SearchAction\",\"target\":{\"@type\":\"EntryPoint\",\"urlTemplate\":\"https:\/\/www.pressenza.com\/es\/?s={search_term_string}\"},\"query-input\":{\"@type\":\"PropertyValueSpecification\",\"valueRequired\":true,\"valueName\":\"search_term_string\"}}],\"inLanguage\":\"es\"},{\"@type\":\"Organization\",\"@id\":\"https:\/\/www.pressenza.com\/es\/#organization\",\"name\":\"Pressenza\",\"url\":\"https:\/\/www.pressenza.com\/es\/\",\"logo\":{\"@type\":\"ImageObject\",\"inLanguage\":\"es\",\"@id\":\"https:\/\/www.pressenza.com\/es\/#\/schema\/logo\/image\/\",\"url\":\"https:\/\/www.pressenza.com\/wp-content\/uploads\/2022\/10\/pressenza_logo_200x200.jpg\",\"contentUrl\":\"https:\/\/www.pressenza.com\/wp-content\/uploads\/2022\/10\/pressenza_logo_200x200.jpg\",\"width\":200,\"height\":200,\"caption\":\"Pressenza\"},\"image\":{\"@id\":\"https:\/\/www.pressenza.com\/es\/#\/schema\/logo\/image\/\"},\"sameAs\":[\"https:\/\/www.facebook.com\/PressenzaItalia\",\"https:\/\/x.com\/PressenzaIPA\"]},{\"@type\":\"Person\",\"@id\":\"https:\/\/www.pressenza.com\/es\/#\/schema\/person\/d7db40df35d6698ba69ba9ee260944ed\",\"name\":\"Redacci\u00f3n Chile\",\"description\":\"News from the Pressenza Bureau in Chile\",\"sameAs\":[\"https:\/\/www.facebook.com\/pressenza\",\"https:\/\/x.com\/pressenza\"],\"url\":\"https:\/\/www.pressenza.com\/es\/author\/redaccion-chile\/\"}]}<\/script>\n<!-- \/ Yoast SEO plugin. -->","yoast_head_json":{"title":"Red de Educaci\u00f3n Humanizadora de Am\u00e9rica Latina -REHAL- lanza su Manifiesto","description":"REHAL, una red donde participan parlamentarios de Chile y Argentina, la Corriente Pedag\u00f3gica Humanista Universalista \u2013 CoPeHU \u2013 y representantes del","robots":{"index":"index","follow":"follow","max-snippet":"max-snippet:-1","max-image-preview":"max-image-preview:large","max-video-preview":"max-video-preview:-1"},"canonical":"https:\/\/www.pressenza.com\/es\/2018\/04\/red-educacion-humanizadora-america-latina-rehal-lanza-manifiesto\/","og_locale":"es_ES","og_type":"article","og_title":"Red de Educaci\u00f3n Humanizadora de Am\u00e9rica Latina -REHAL- lanza su Manifiesto","og_description":"REHAL, una red donde participan parlamentarios de Chile y Argentina, la Corriente Pedag\u00f3gica Humanista Universalista \u2013 CoPeHU \u2013 y representantes del","og_url":"https:\/\/www.pressenza.com\/es\/2018\/04\/red-educacion-humanizadora-america-latina-rehal-lanza-manifiesto\/","og_site_name":"Pressenza","article_publisher":"https:\/\/www.facebook.com\/PressenzaItalia","article_author":"https:\/\/www.facebook.com\/pressenza","article_published_time":"2018-04-08T23:33:34+00:00","og_image":[{"width":960,"height":720,"url":"https:\/\/www.pressenza.com\/wp-content\/uploads\/2018\/04\/28685507_962827280552672_9059739740426637279_n.jpg","type":"image\/jpeg"}],"author":"Redacci\u00f3n Chile","twitter_card":"summary_large_image","twitter_creator":"@pressenza","twitter_site":"@PressenzaIPA","twitter_misc":{"Escrito por":"Redacci\u00f3n Chile","Tiempo de lectura":"6 minutos"},"schema":{"@context":"https:\/\/schema.org","@graph":[{"@type":"Article","@id":"https:\/\/www.pressenza.com\/es\/2018\/04\/red-educacion-humanizadora-america-latina-rehal-lanza-manifiesto\/#article","isPartOf":{"@id":"https:\/\/www.pressenza.com\/es\/2018\/04\/red-educacion-humanizadora-america-latina-rehal-lanza-manifiesto\/"},"author":{"name":"Redacci\u00f3n Chile","@id":"https:\/\/www.pressenza.com\/es\/#\/schema\/person\/d7db40df35d6698ba69ba9ee260944ed"},"headline":"Red de Educaci\u00f3n Humanizadora de Am\u00e9rica Latina -REHAL- lanza su Manifiesto","datePublished":"2018-04-08T23:33:34+00:00","mainEntityOfPage":{"@id":"https:\/\/www.pressenza.com\/es\/2018\/04\/red-educacion-humanizadora-america-latina-rehal-lanza-manifiesto\/"},"wordCount":1251,"publisher":{"@id":"https:\/\/www.pressenza.com\/es\/#organization"},"image":{"@id":"https:\/\/www.pressenza.com\/es\/2018\/04\/red-educacion-humanizadora-america-latina-rehal-lanza-manifiesto\/#primaryimage"},"thumbnailUrl":"https:\/\/www.pressenza.com\/wp-content\/uploads\/2018\/04\/28685507_962827280552672_9059739740426637279_n.jpg","keywords":["Colegio de Profesores de Chile","Corriente Pedag\u00f3gica Humanista Universalista","Manifiesto por una Educaci\u00f3n Humanizadora","Red de Educaci\u00f3n Humanizadora de Am\u00e9rica Latina"],"articleSection":["Comunicados de Prensa","Contenido Original","Educaci\u00f3n","Humanismo y Espiritualidad","Sudam\u00e9rica"],"inLanguage":"es"},{"@type":"WebPage","@id":"https:\/\/www.pressenza.com\/es\/2018\/04\/red-educacion-humanizadora-america-latina-rehal-lanza-manifiesto\/","url":"https:\/\/www.pressenza.com\/es\/2018\/04\/red-educacion-humanizadora-america-latina-rehal-lanza-manifiesto\/","name":"Red de Educaci\u00f3n Humanizadora de Am\u00e9rica Latina -REHAL- lanza su Manifiesto","isPartOf":{"@id":"https:\/\/www.pressenza.com\/es\/#website"},"primaryImageOfPage":{"@id":"https:\/\/www.pressenza.com\/es\/2018\/04\/red-educacion-humanizadora-america-latina-rehal-lanza-manifiesto\/#primaryimage"},"image":{"@id":"https:\/\/www.pressenza.com\/es\/2018\/04\/red-educacion-humanizadora-america-latina-rehal-lanza-manifiesto\/#primaryimage"},"thumbnailUrl":"https:\/\/www.pressenza.com\/wp-content\/uploads\/2018\/04\/28685507_962827280552672_9059739740426637279_n.jpg","datePublished":"2018-04-08T23:33:34+00:00","description":"REHAL, una red donde participan parlamentarios de Chile y Argentina, la Corriente Pedag\u00f3gica Humanista Universalista \u2013 CoPeHU \u2013 y representantes del","breadcrumb":{"@id":"https:\/\/www.pressenza.com\/es\/2018\/04\/red-educacion-humanizadora-america-latina-rehal-lanza-manifiesto\/#breadcrumb"},"inLanguage":"es","potentialAction":[{"@type":"ReadAction","target":["https:\/\/www.pressenza.com\/es\/2018\/04\/red-educacion-humanizadora-america-latina-rehal-lanza-manifiesto\/"]}]},{"@type":"ImageObject","inLanguage":"es","@id":"https:\/\/www.pressenza.com\/es\/2018\/04\/red-educacion-humanizadora-america-latina-rehal-lanza-manifiesto\/#primaryimage","url":"https:\/\/www.pressenza.com\/wp-content\/uploads\/2018\/04\/28685507_962827280552672_9059739740426637279_n.jpg","contentUrl":"https:\/\/www.pressenza.com\/wp-content\/uploads\/2018\/04\/28685507_962827280552672_9059739740426637279_n.jpg","width":960,"height":720},{"@type":"BreadcrumbList","@id":"https:\/\/www.pressenza.com\/es\/2018\/04\/red-educacion-humanizadora-america-latina-rehal-lanza-manifiesto\/#breadcrumb","itemListElement":[{"@type":"ListItem","position":1,"name":"Accueil","item":"https:\/\/www.pressenza.com\/es\/"},{"@type":"ListItem","position":2,"name":"Red de Educaci\u00f3n Humanizadora de Am\u00e9rica Latina -REHAL- lanza su Manifiesto"}]},{"@type":"WebSite","@id":"https:\/\/www.pressenza.com\/es\/#website","url":"https:\/\/www.pressenza.com\/es\/","name":"Pressenza","description":"International Press Agency","publisher":{"@id":"https:\/\/www.pressenza.com\/es\/#organization"},"potentialAction":[{"@type":"SearchAction","target":{"@type":"EntryPoint","urlTemplate":"https:\/\/www.pressenza.com\/es\/?s={search_term_string}"},"query-input":{"@type":"PropertyValueSpecification","valueRequired":true,"valueName":"search_term_string"}}],"inLanguage":"es"},{"@type":"Organization","@id":"https:\/\/www.pressenza.com\/es\/#organization","name":"Pressenza","url":"https:\/\/www.pressenza.com\/es\/","logo":{"@type":"ImageObject","inLanguage":"es","@id":"https:\/\/www.pressenza.com\/es\/#\/schema\/logo\/image\/","url":"https:\/\/www.pressenza.com\/wp-content\/uploads\/2022\/10\/pressenza_logo_200x200.jpg","contentUrl":"https:\/\/www.pressenza.com\/wp-content\/uploads\/2022\/10\/pressenza_logo_200x200.jpg","width":200,"height":200,"caption":"Pressenza"},"image":{"@id":"https:\/\/www.pressenza.com\/es\/#\/schema\/logo\/image\/"},"sameAs":["https:\/\/www.facebook.com\/PressenzaItalia","https:\/\/x.com\/PressenzaIPA"]},{"@type":"Person","@id":"https:\/\/www.pressenza.com\/es\/#\/schema\/person\/d7db40df35d6698ba69ba9ee260944ed","name":"Redacci\u00f3n Chile","description":"News from the Pressenza Bureau in Chile","sameAs":["https:\/\/www.facebook.com\/pressenza","https:\/\/x.com\/pressenza"],"url":"https:\/\/www.pressenza.com\/es\/author\/redaccion-chile\/"}]}},"place":"Santiago de Chile","original_article_url":"","_links":{"self":[{"href":"https:\/\/www.pressenza.com\/es\/wp-json\/wp\/v2\/posts\/623159","targetHints":{"allow":["GET"]}}],"collection":[{"href":"https:\/\/www.pressenza.com\/es\/wp-json\/wp\/v2\/posts"}],"about":[{"href":"https:\/\/www.pressenza.com\/es\/wp-json\/wp\/v2\/types\/post"}],"author":[{"embeddable":true,"href":"https:\/\/www.pressenza.com\/es\/wp-json\/wp\/v2\/users\/43"}],"replies":[{"embeddable":true,"href":"https:\/\/www.pressenza.com\/es\/wp-json\/wp\/v2\/comments?post=623159"}],"version-history":[{"count":0,"href":"https:\/\/www.pressenza.com\/es\/wp-json\/wp\/v2\/posts\/623159\/revisions"}],"wp:featuredmedia":[{"embeddable":true,"href":"https:\/\/www.pressenza.com\/es\/wp-json\/wp\/v2\/media\/623160"}],"wp:attachment":[{"href":"https:\/\/www.pressenza.com\/es\/wp-json\/wp\/v2\/media?parent=623159"}],"wp:term":[{"taxonomy":"category","embeddable":true,"href":"https:\/\/www.pressenza.com\/es\/wp-json\/wp\/v2\/categories?post=623159"},{"taxonomy":"post_tag","embeddable":true,"href":"https:\/\/www.pressenza.com\/es\/wp-json\/wp\/v2\/tags?post=623159"}],"curies":[{"name":"wp","href":"https:\/\/api.w.org\/{rel}","templated":true}]}}