{"id":623140,"date":"2018-04-08T22:51:53","date_gmt":"2018-04-08T21:51:53","guid":{"rendered":"https:\/\/www.pressenza.com\/?p=623140"},"modified":"2018-04-08T22:51:53","modified_gmt":"2018-04-08T21:51:53","slug":"piero-giorgi-empatia-solidaridad-cooperacion-noviolencia-espiritualidad-y-respeto-por-la-naturaleza-podrian-unirnos","status":"publish","type":"post","link":"https:\/\/www.pressenza.com\/es\/2018\/04\/piero-giorgi-empatia-solidaridad-cooperacion-noviolencia-espiritualidad-y-respeto-por-la-naturaleza-podrian-unirnos\/","title":{"rendered":"Piero Giorgi: Empat\u00eda, solidaridad, cooperaci\u00f3n, noviolencia, espiritualidad y respeto por la naturaleza podr\u00edan unirnos"},"content":{"rendered":"<p>A medida que se acerca el Foro Humanista Europeo, estamos aprovechando la oportunidad para entrevistar a nuestros oradores sobre las ideas que hay detr\u00e1s del Foro.<\/p>\n<p>Piero P. Giorgi es un neurocient\u00edfico italiano cuya educaci\u00f3n lo llev\u00f3 desde Bolonia al Reino Unido, Suiza y luego a la Universidad de Queensland en Brisbane, Australia, donde estableci\u00f3 un programa de licenciatura en Estudios de Paz antes de jubilarse en 2004.<\/p>\n<p><strong>EHF2018: Piero, \u00bfqu\u00e9 despert\u00f3 su inter\u00e9s por la paz y la noviolencia?<\/strong><\/p>\n<p><strong>PPG: <\/strong>En 1986, durante una marcha por la paz el Domingo de Ramos, descubr\u00ed que la paz debe ser estudiada, no s\u00f3lo gritada en las calles. Entonces pens\u00e9 en utilizar mis conocimientos sobre el cerebro humano y el comportamiento para investigar el origen de la violencia. Despu\u00e9s de treinta a\u00f1os y muchas publicaciones, puedo presentar con confianza la nueva hip\u00f3tesis de una naturaleza humana noviolenta (nada que ver con J. J. Rousseau) apoyada por seis piezas de evidencia cient\u00edficas y multidisciplinarias. El t\u00e9rmino \u00abnaturaleza humana\u00bb se refiere a nuestra evoluci\u00f3n biocultural (no s\u00f3lo a la biolog\u00eda)<a href=\"#_ftn1\" name=\"_ftnref1\">[1]<\/a>.<\/p>\n<p><strong>EHF2018: Hay muchos que ven al ser humano de una manera \u00abdarwiniana\u00bb, como un producto de la supervivencia del m\u00e1s fuerte.\u00a0 Para algunos, los seres humanos son \u00abnaturalmente\u00bb violentos.\u00a0 \u00bfC\u00f3mo ves esto?<\/strong><\/p>\n<p><strong>PPG: <\/strong>Como breve introducci\u00f3n, es necesario saber que a) los t\u00e9rminos \u00abevoluci\u00f3n\u00bb y \u00absupervivencia del m\u00e1s apto\u00bb (ambos t\u00e9rminos no correctos) nunca fueron usados por Charles Darwin, sino por Herbert Spencer (alguien que no era cient\u00edfico, sino casi un charlat\u00e1n), y que b) la transmutaci\u00f3n de especies fue planteada por primera vez por Jean B. de Lamarck (1809), mientras que Darwin \u00abs\u00f3lo\u00bb propuso la selecci\u00f3n natural (1859) como mecanismo para explicar la transmutaci\u00f3n de las especies.<\/p>\n<p>\u00bfPor qu\u00e9 los medios de comunicaci\u00f3n y la ense\u00f1anza escolar s\u00f3lo mencionan a Darwin al referirse a la \u00abevoluci\u00f3n\u00bb, y no a Lamarck o a autores modernos (Julian Huxley, George G. Simpson, Francisco J. Ayala, etc.) que han ofrecido una presentaci\u00f3n correcta y actualizada de esta importante teor\u00eda de la biolog\u00eda?\u00a0 \u00bfPor qu\u00e9 se hace referencia a la terminolog\u00eda err\u00f3nea de H. Spencer como las palabras de Darwin, y por qu\u00e9 esto se ha difundido tan bien al p\u00fablico?\u00a0 Desafortunadamente la ciencia no est\u00e1 exenta de influencias pol\u00edticas.<\/p>\n<p>Adem\u00e1s, la idea equivocada de que los seres humanos son \u00abnaturalmente\u00bb violentos, que ya fue desmentida hace d\u00e9cadas, sigue siendo apoyada por los gobiernos (a los que les gusta ser exonerados de implementar los cambios sociales radicales necesarios para prevenir la violencia), por las capas superiores de la sociedad (que se sienten \u00abnaturalmente\u00bb dispuestos a dominar los asuntos humanos), y tambi\u00e9n por las capas medias (que se sienten perturbadas por la perspectiva de cambiar su estilo de vida y su actitud conservadora).<\/p>\n<p>Sin embargo, un n\u00famero cada vez mayor de cient\u00edficos (especialmente neurocient\u00edficos y antrop\u00f3logos) est\u00e1n proporcionando ahora pruebas s\u00f3lidas que apoyan la nueva idea de que nuestra especie, Homo Sapiens, es naturalmente noviolenta (en t\u00e9rminos de evoluci\u00f3n biocultural, no gen\u00e9tica), y que la violencia ha aparecido recientemente (hace 5-6.000 a\u00f1os) a trav\u00e9s de un proceso cultural \u00abr\u00e1pido\u00bb (v\u00e9ase el v\u00ednculo mencionado anteriormente). Esta tragedia humana se produjo tras la invenci\u00f3n de la producci\u00f3n de alimentos y la consiguiente aparici\u00f3n de grandes asentamientos humanos estratificados, en los que hemos perdido gradualmente nuestra humanidad mediante la introducci\u00f3n de la violencia estructural, la violencia directa y la guerra.<\/p>\n<p>Ahora que sabemos qui\u00e9nes somos (nuestra naturaleza humana noviolenta), podemos empezar a eliminar los altos niveles de violencia perpetrados contra los seres humanos y el medio ambiente.<\/p>\n<p><strong>EHF2018: Usted hablar\u00e1 en el grupo de trabajo sobre Educaci\u00f3n Humanista y Noviolenta.\u00a0 \u00bfPuede hablarnos de algunos de los principales temas que cree son importantes desarrollar en este \u00e1rea?<\/strong><\/p>\n<p><strong>PPG:<\/strong> La educaci\u00f3n puede funcionar de muchas maneras, no s\u00f3lo en la formaci\u00f3n escolar formal.<\/p>\n<p>La \u00abeducaci\u00f3n\u00bb m\u00e1s efectiva podr\u00eda funcionar de manera no verbal durante los primeros cinco a\u00f1os de vida: relaciones entre las madres y sus beb\u00e9s completamente diferentes de las actuales, y modelos sociales ofrecidos a los ni\u00f1os peque\u00f1os (que est\u00e1n naturalmente dise\u00f1ados para imitar) muy diferentes de los actuales. Durante estos primeros a\u00f1os de vida tenemos la oportunidad de crear seres humanos (noviolentos), pero no lo estamos haciendo.<\/p>\n<p>Durante otro per\u00edodo importante de la vida, entre los cinco y los quince a\u00f1os de edad, podr\u00edamos utilizar la educaci\u00f3n escolar formal para preparar ciudadanos efectivos, es decir, j\u00f3venes creativos y socializados, pero preferimos preparar estudiantes obedientes y futuros consumidores conservadores. En este caso, conservador significa estructuralmente violento.<\/p>\n<p>Los adolescentes todav\u00eda mantienen algunas formas de idealismo (curiosamente, muy desanimados), que pueden tomar direcciones destructivas y constructivas. Una vez m\u00e1s, los modelos sociales constructivos podr\u00edan influir en la elecci\u00f3n en cuesti\u00f3n, pero estos son raros e ignorados por los medios de comunicaci\u00f3n.<\/p>\n<p>Los adultos j\u00f3venes generalmente est\u00e1n demasiado ocupados entrando en el juego competitivo del consumismo como para intentar un estilo de vida no convencional como la noviolencia. Los casos de conversiones son demasiado raros para apoyar la urgencia actual de cara a contrarrestar la violencia (somos una especie en peligro de r\u00e1pida extinci\u00f3n).<\/p>\n<p>La vejez podr\u00eda reservar sorpresas de sabidur\u00eda tard\u00eda, pero demasiado tarde para desempe\u00f1ar un papel eficaz.<\/p>\n<p><strong>EHF2018: La idea del Foro es reunir a personas de diversos \u00e1mbitos y descubrir \u00ablo que nos une\u00bb.\u00a0 Para usted, \u00bfpor qu\u00e9 es importante que se celebre este Foro y, seg\u00fan su opini\u00f3n, qu\u00e9 es lo que nos une?<\/strong><\/p>\n<p><strong>PPG:<\/strong> Como cient\u00edfico profesional que estudia la naturaleza humana, siempre he estado buscando rasgos comunes entre los seres humanos. Fil\u00f3sofos, soci\u00f3logos y antrop\u00f3logos cl\u00e1sicos se centraron, en cambio, en las diversidades de las 6-7.000 culturas humanas existentes en la Tierra y llegaron a la conclusi\u00f3n de que esa diversidad hace imposible la definici\u00f3n de la naturaleza humana. En cambio, segu\u00ed las ideas modernas de los bi\u00f3logos evolucionistas y descubr\u00ed varias piezas de evidencia de que el Homo sapiens paleol\u00edtico, al menos desde hace 50.000 a\u00f1os o incluso antes, no era violento. Curiosamente, todos los cazadores-recolectores n\u00f3madas contempor\u00e1neos (unas 20 culturas) tambi\u00e9n son noviolentos. Estos dos tipos de modelos distantes representan a los verdaderos seres humanos y pueden ser usados para definir la naturaleza humana (atenci\u00f3n, J. J. Rousseau no tiene nada que ver con esto).<\/p>\n<p>Esto es lo que podr\u00eda unirnos: empat\u00eda, solidaridad, cooperaci\u00f3n, no violencia, espiritualidad (no religi\u00f3n) y respeto por la naturaleza. Pero poco a poco hemos perdido estas caracter\u00edsticas humanas y la violencia culturalmente adoptada al educar a los ni\u00f1os de manera muy efectiva para que se vuelvan violentos, porque esto favorece a la minor\u00eda que lidera las sociedades estratificadas modernas.<\/p>\n<p><a href=\"#_ftnref1\" name=\"_ftn1\">[1]<\/a> Para un resumen ver www.pierogiorgi.org\/detailed-academic-cv-and-publications\/peace-studies\/ \u00faltima entrada.<\/p>\n","protected":false},"excerpt":{"rendered":"<p>A medida que se acerca el Foro Humanista Europeo, estamos aprovechando la oportunidad para entrevistar a nuestros oradores sobre las ideas que hay detr\u00e1s del Foro. Piero P. Giorgi es un neurocient\u00edfico italiano cuya educaci\u00f3n lo llev\u00f3 desde Bolonia al&hellip;<\/p>\n","protected":false},"author":1508,"featured_media":621996,"comment_status":"closed","ping_status":"closed","sticky":false,"template":"","format":"standard","meta":{"footnotes":""},"categories":[11389,1230,155,66],"tags":[3060,43109,44966],"class_list":["post-623140","post","type-post","status-publish","format-standard","has-post-thumbnail","hentry","category-contenido-original","category-educacion-tema","category-entrevistas","category-europa-es","tag-educacion-humanista","tag-foro-humanista-europeo-2018","tag-piero-giorgi"],"yoast_head":"<!-- This site is optimized with the Yoast SEO plugin v27.1.1 - https:\/\/yoast.com\/product\/yoast-seo-wordpress\/ -->\n<title>Piero Giorgi: Empat\u00eda, solidaridad, cooperaci\u00f3n, noviolencia, espiritualidad y respeto por la naturaleza podr\u00edan unirnos<\/title>\n<meta name=\"description\" content=\"A medida que se acerca el Foro Humanista Europeo, estamos aprovechando la oportunidad para entrevistar a nuestros oradores sobre las ideas que hay detr\u00e1s\" \/>\n<meta name=\"robots\" content=\"index, follow, max-snippet:-1, max-image-preview:large, max-video-preview:-1\" \/>\n<link rel=\"canonical\" href=\"https:\/\/www.pressenza.com\/es\/2018\/04\/piero-giorgi-empatia-solidaridad-cooperacion-noviolencia-espiritualidad-y-respeto-por-la-naturaleza-podrian-unirnos\/\" \/>\n<meta property=\"og:locale\" content=\"es_ES\" \/>\n<meta property=\"og:type\" content=\"article\" \/>\n<meta property=\"og:title\" content=\"Piero Giorgi: Empat\u00eda, solidaridad, cooperaci\u00f3n, noviolencia, espiritualidad y respeto por la naturaleza podr\u00edan unirnos\" \/>\n<meta property=\"og:description\" content=\"A medida que se acerca el Foro Humanista Europeo, estamos aprovechando la oportunidad para entrevistar a nuestros oradores sobre las ideas que hay detr\u00e1s\" \/>\n<meta property=\"og:url\" content=\"https:\/\/www.pressenza.com\/es\/2018\/04\/piero-giorgi-empatia-solidaridad-cooperacion-noviolencia-espiritualidad-y-respeto-por-la-naturaleza-podrian-unirnos\/\" \/>\n<meta property=\"og:site_name\" content=\"Pressenza\" \/>\n<meta property=\"article:publisher\" content=\"https:\/\/www.facebook.com\/PressenzaItalia\" \/>\n<meta property=\"article:published_time\" content=\"2018-04-08T21:51:53+00:00\" \/>\n<meta property=\"og:image\" content=\"https:\/\/www.pressenza.com\/wp-content\/uploads\/2018\/04\/Piero-Giorgi.jpg\" \/>\n\t<meta property=\"og:image:width\" content=\"1280\" \/>\n\t<meta property=\"og:image:height\" content=\"720\" \/>\n\t<meta property=\"og:image:type\" content=\"image\/jpeg\" \/>\n<meta name=\"author\" content=\"European Humanist Forum\" \/>\n<meta name=\"twitter:card\" content=\"summary_large_image\" \/>\n<meta name=\"twitter:creator\" content=\"@PressenzaIPA\" \/>\n<meta name=\"twitter:site\" content=\"@PressenzaIPA\" \/>\n<meta name=\"twitter:label1\" content=\"Escrito por\" \/>\n\t<meta name=\"twitter:data1\" content=\"European Humanist Forum\" \/>\n\t<meta name=\"twitter:label2\" content=\"Tiempo de lectura\" \/>\n\t<meta name=\"twitter:data2\" content=\"6 minutos\" \/>\n<script type=\"application\/ld+json\" class=\"yoast-schema-graph\">{\"@context\":\"https:\/\/schema.org\",\"@graph\":[{\"@type\":\"Article\",\"@id\":\"https:\/\/www.pressenza.com\/es\/2018\/04\/piero-giorgi-empatia-solidaridad-cooperacion-noviolencia-espiritualidad-y-respeto-por-la-naturaleza-podrian-unirnos\/#article\",\"isPartOf\":{\"@id\":\"https:\/\/www.pressenza.com\/es\/2018\/04\/piero-giorgi-empatia-solidaridad-cooperacion-noviolencia-espiritualidad-y-respeto-por-la-naturaleza-podrian-unirnos\/\"},\"author\":{\"name\":\"European Humanist Forum\",\"@id\":\"https:\/\/www.pressenza.com\/es\/#\/schema\/person\/0b103aa2cc3460da3ad453ade8a7ef24\"},\"headline\":\"Piero Giorgi: Empat\u00eda, solidaridad, cooperaci\u00f3n, noviolencia, espiritualidad y respeto por la naturaleza podr\u00edan unirnos\",\"datePublished\":\"2018-04-08T21:51:53+00:00\",\"mainEntityOfPage\":{\"@id\":\"https:\/\/www.pressenza.com\/es\/2018\/04\/piero-giorgi-empatia-solidaridad-cooperacion-noviolencia-espiritualidad-y-respeto-por-la-naturaleza-podrian-unirnos\/\"},\"wordCount\":1225,\"publisher\":{\"@id\":\"https:\/\/www.pressenza.com\/es\/#organization\"},\"image\":{\"@id\":\"https:\/\/www.pressenza.com\/es\/2018\/04\/piero-giorgi-empatia-solidaridad-cooperacion-noviolencia-espiritualidad-y-respeto-por-la-naturaleza-podrian-unirnos\/#primaryimage\"},\"thumbnailUrl\":\"https:\/\/www.pressenza.com\/wp-content\/uploads\/2018\/04\/Piero-Giorgi.jpg\",\"keywords\":[\"Educaci\u00f3n Humanista\",\"Foro Humanista Europeo 2018\",\"Piero Giorgi\"],\"articleSection\":[\"Contenido Original\",\"Educaci\u00f3n\",\"Entrevistas\",\"Europa\"],\"inLanguage\":\"es\"},{\"@type\":\"WebPage\",\"@id\":\"https:\/\/www.pressenza.com\/es\/2018\/04\/piero-giorgi-empatia-solidaridad-cooperacion-noviolencia-espiritualidad-y-respeto-por-la-naturaleza-podrian-unirnos\/\",\"url\":\"https:\/\/www.pressenza.com\/es\/2018\/04\/piero-giorgi-empatia-solidaridad-cooperacion-noviolencia-espiritualidad-y-respeto-por-la-naturaleza-podrian-unirnos\/\",\"name\":\"Piero Giorgi: Empat\u00eda, solidaridad, cooperaci\u00f3n, noviolencia, espiritualidad y respeto por la naturaleza podr\u00edan unirnos\",\"isPartOf\":{\"@id\":\"https:\/\/www.pressenza.com\/es\/#website\"},\"primaryImageOfPage\":{\"@id\":\"https:\/\/www.pressenza.com\/es\/2018\/04\/piero-giorgi-empatia-solidaridad-cooperacion-noviolencia-espiritualidad-y-respeto-por-la-naturaleza-podrian-unirnos\/#primaryimage\"},\"image\":{\"@id\":\"https:\/\/www.pressenza.com\/es\/2018\/04\/piero-giorgi-empatia-solidaridad-cooperacion-noviolencia-espiritualidad-y-respeto-por-la-naturaleza-podrian-unirnos\/#primaryimage\"},\"thumbnailUrl\":\"https:\/\/www.pressenza.com\/wp-content\/uploads\/2018\/04\/Piero-Giorgi.jpg\",\"datePublished\":\"2018-04-08T21:51:53+00:00\",\"description\":\"A medida que se acerca el Foro Humanista Europeo, estamos aprovechando la oportunidad para entrevistar a nuestros oradores sobre las ideas que hay detr\u00e1s\",\"breadcrumb\":{\"@id\":\"https:\/\/www.pressenza.com\/es\/2018\/04\/piero-giorgi-empatia-solidaridad-cooperacion-noviolencia-espiritualidad-y-respeto-por-la-naturaleza-podrian-unirnos\/#breadcrumb\"},\"inLanguage\":\"es\",\"potentialAction\":[{\"@type\":\"ReadAction\",\"target\":[\"https:\/\/www.pressenza.com\/es\/2018\/04\/piero-giorgi-empatia-solidaridad-cooperacion-noviolencia-espiritualidad-y-respeto-por-la-naturaleza-podrian-unirnos\/\"]}]},{\"@type\":\"ImageObject\",\"inLanguage\":\"es\",\"@id\":\"https:\/\/www.pressenza.com\/es\/2018\/04\/piero-giorgi-empatia-solidaridad-cooperacion-noviolencia-espiritualidad-y-respeto-por-la-naturaleza-podrian-unirnos\/#primaryimage\",\"url\":\"https:\/\/www.pressenza.com\/wp-content\/uploads\/2018\/04\/Piero-Giorgi.jpg\",\"contentUrl\":\"https:\/\/www.pressenza.com\/wp-content\/uploads\/2018\/04\/Piero-Giorgi.jpg\",\"width\":1280,\"height\":720},{\"@type\":\"BreadcrumbList\",\"@id\":\"https:\/\/www.pressenza.com\/es\/2018\/04\/piero-giorgi-empatia-solidaridad-cooperacion-noviolencia-espiritualidad-y-respeto-por-la-naturaleza-podrian-unirnos\/#breadcrumb\",\"itemListElement\":[{\"@type\":\"ListItem\",\"position\":1,\"name\":\"Accueil\",\"item\":\"https:\/\/www.pressenza.com\/es\/\"},{\"@type\":\"ListItem\",\"position\":2,\"name\":\"Piero Giorgi: Empat\u00eda, solidaridad, cooperaci\u00f3n, noviolencia, espiritualidad y respeto por la naturaleza podr\u00edan unirnos\"}]},{\"@type\":\"WebSite\",\"@id\":\"https:\/\/www.pressenza.com\/es\/#website\",\"url\":\"https:\/\/www.pressenza.com\/es\/\",\"name\":\"Pressenza\",\"description\":\"International Press Agency\",\"publisher\":{\"@id\":\"https:\/\/www.pressenza.com\/es\/#organization\"},\"potentialAction\":[{\"@type\":\"SearchAction\",\"target\":{\"@type\":\"EntryPoint\",\"urlTemplate\":\"https:\/\/www.pressenza.com\/es\/?s={search_term_string}\"},\"query-input\":{\"@type\":\"PropertyValueSpecification\",\"valueRequired\":true,\"valueName\":\"search_term_string\"}}],\"inLanguage\":\"es\"},{\"@type\":\"Organization\",\"@id\":\"https:\/\/www.pressenza.com\/es\/#organization\",\"name\":\"Pressenza\",\"url\":\"https:\/\/www.pressenza.com\/es\/\",\"logo\":{\"@type\":\"ImageObject\",\"inLanguage\":\"es\",\"@id\":\"https:\/\/www.pressenza.com\/es\/#\/schema\/logo\/image\/\",\"url\":\"https:\/\/www.pressenza.com\/wp-content\/uploads\/2022\/10\/pressenza_logo_200x200.jpg\",\"contentUrl\":\"https:\/\/www.pressenza.com\/wp-content\/uploads\/2022\/10\/pressenza_logo_200x200.jpg\",\"width\":200,\"height\":200,\"caption\":\"Pressenza\"},\"image\":{\"@id\":\"https:\/\/www.pressenza.com\/es\/#\/schema\/logo\/image\/\"},\"sameAs\":[\"https:\/\/www.facebook.com\/PressenzaItalia\",\"https:\/\/x.com\/PressenzaIPA\"]},{\"@type\":\"Person\",\"@id\":\"https:\/\/www.pressenza.com\/es\/#\/schema\/person\/0b103aa2cc3460da3ad453ade8a7ef24\",\"name\":\"European Humanist Forum\",\"url\":\"https:\/\/www.pressenza.com\/es\/author\/european-humanist-forum-2018\/\"}]}<\/script>\n<!-- \/ Yoast SEO plugin. -->","yoast_head_json":{"title":"Piero Giorgi: Empat\u00eda, solidaridad, cooperaci\u00f3n, noviolencia, espiritualidad y respeto por la naturaleza podr\u00edan unirnos","description":"A medida que se acerca el Foro Humanista Europeo, estamos aprovechando la oportunidad para entrevistar a nuestros oradores sobre las ideas que hay detr\u00e1s","robots":{"index":"index","follow":"follow","max-snippet":"max-snippet:-1","max-image-preview":"max-image-preview:large","max-video-preview":"max-video-preview:-1"},"canonical":"https:\/\/www.pressenza.com\/es\/2018\/04\/piero-giorgi-empatia-solidaridad-cooperacion-noviolencia-espiritualidad-y-respeto-por-la-naturaleza-podrian-unirnos\/","og_locale":"es_ES","og_type":"article","og_title":"Piero Giorgi: Empat\u00eda, solidaridad, cooperaci\u00f3n, noviolencia, espiritualidad y respeto por la naturaleza podr\u00edan unirnos","og_description":"A medida que se acerca el Foro Humanista Europeo, estamos aprovechando la oportunidad para entrevistar a nuestros oradores sobre las ideas que hay detr\u00e1s","og_url":"https:\/\/www.pressenza.com\/es\/2018\/04\/piero-giorgi-empatia-solidaridad-cooperacion-noviolencia-espiritualidad-y-respeto-por-la-naturaleza-podrian-unirnos\/","og_site_name":"Pressenza","article_publisher":"https:\/\/www.facebook.com\/PressenzaItalia","article_published_time":"2018-04-08T21:51:53+00:00","og_image":[{"width":1280,"height":720,"url":"https:\/\/www.pressenza.com\/wp-content\/uploads\/2018\/04\/Piero-Giorgi.jpg","type":"image\/jpeg"}],"author":"European Humanist Forum","twitter_card":"summary_large_image","twitter_creator":"@PressenzaIPA","twitter_site":"@PressenzaIPA","twitter_misc":{"Escrito por":"European Humanist Forum","Tiempo de lectura":"6 minutos"},"schema":{"@context":"https:\/\/schema.org","@graph":[{"@type":"Article","@id":"https:\/\/www.pressenza.com\/es\/2018\/04\/piero-giorgi-empatia-solidaridad-cooperacion-noviolencia-espiritualidad-y-respeto-por-la-naturaleza-podrian-unirnos\/#article","isPartOf":{"@id":"https:\/\/www.pressenza.com\/es\/2018\/04\/piero-giorgi-empatia-solidaridad-cooperacion-noviolencia-espiritualidad-y-respeto-por-la-naturaleza-podrian-unirnos\/"},"author":{"name":"European Humanist Forum","@id":"https:\/\/www.pressenza.com\/es\/#\/schema\/person\/0b103aa2cc3460da3ad453ade8a7ef24"},"headline":"Piero Giorgi: Empat\u00eda, solidaridad, cooperaci\u00f3n, noviolencia, espiritualidad y respeto por la naturaleza podr\u00edan unirnos","datePublished":"2018-04-08T21:51:53+00:00","mainEntityOfPage":{"@id":"https:\/\/www.pressenza.com\/es\/2018\/04\/piero-giorgi-empatia-solidaridad-cooperacion-noviolencia-espiritualidad-y-respeto-por-la-naturaleza-podrian-unirnos\/"},"wordCount":1225,"publisher":{"@id":"https:\/\/www.pressenza.com\/es\/#organization"},"image":{"@id":"https:\/\/www.pressenza.com\/es\/2018\/04\/piero-giorgi-empatia-solidaridad-cooperacion-noviolencia-espiritualidad-y-respeto-por-la-naturaleza-podrian-unirnos\/#primaryimage"},"thumbnailUrl":"https:\/\/www.pressenza.com\/wp-content\/uploads\/2018\/04\/Piero-Giorgi.jpg","keywords":["Educaci\u00f3n Humanista","Foro Humanista Europeo 2018","Piero Giorgi"],"articleSection":["Contenido Original","Educaci\u00f3n","Entrevistas","Europa"],"inLanguage":"es"},{"@type":"WebPage","@id":"https:\/\/www.pressenza.com\/es\/2018\/04\/piero-giorgi-empatia-solidaridad-cooperacion-noviolencia-espiritualidad-y-respeto-por-la-naturaleza-podrian-unirnos\/","url":"https:\/\/www.pressenza.com\/es\/2018\/04\/piero-giorgi-empatia-solidaridad-cooperacion-noviolencia-espiritualidad-y-respeto-por-la-naturaleza-podrian-unirnos\/","name":"Piero Giorgi: Empat\u00eda, solidaridad, cooperaci\u00f3n, noviolencia, espiritualidad y respeto por la naturaleza podr\u00edan unirnos","isPartOf":{"@id":"https:\/\/www.pressenza.com\/es\/#website"},"primaryImageOfPage":{"@id":"https:\/\/www.pressenza.com\/es\/2018\/04\/piero-giorgi-empatia-solidaridad-cooperacion-noviolencia-espiritualidad-y-respeto-por-la-naturaleza-podrian-unirnos\/#primaryimage"},"image":{"@id":"https:\/\/www.pressenza.com\/es\/2018\/04\/piero-giorgi-empatia-solidaridad-cooperacion-noviolencia-espiritualidad-y-respeto-por-la-naturaleza-podrian-unirnos\/#primaryimage"},"thumbnailUrl":"https:\/\/www.pressenza.com\/wp-content\/uploads\/2018\/04\/Piero-Giorgi.jpg","datePublished":"2018-04-08T21:51:53+00:00","description":"A medida que se acerca el Foro Humanista Europeo, estamos aprovechando la oportunidad para entrevistar a nuestros oradores sobre las ideas que hay detr\u00e1s","breadcrumb":{"@id":"https:\/\/www.pressenza.com\/es\/2018\/04\/piero-giorgi-empatia-solidaridad-cooperacion-noviolencia-espiritualidad-y-respeto-por-la-naturaleza-podrian-unirnos\/#breadcrumb"},"inLanguage":"es","potentialAction":[{"@type":"ReadAction","target":["https:\/\/www.pressenza.com\/es\/2018\/04\/piero-giorgi-empatia-solidaridad-cooperacion-noviolencia-espiritualidad-y-respeto-por-la-naturaleza-podrian-unirnos\/"]}]},{"@type":"ImageObject","inLanguage":"es","@id":"https:\/\/www.pressenza.com\/es\/2018\/04\/piero-giorgi-empatia-solidaridad-cooperacion-noviolencia-espiritualidad-y-respeto-por-la-naturaleza-podrian-unirnos\/#primaryimage","url":"https:\/\/www.pressenza.com\/wp-content\/uploads\/2018\/04\/Piero-Giorgi.jpg","contentUrl":"https:\/\/www.pressenza.com\/wp-content\/uploads\/2018\/04\/Piero-Giorgi.jpg","width":1280,"height":720},{"@type":"BreadcrumbList","@id":"https:\/\/www.pressenza.com\/es\/2018\/04\/piero-giorgi-empatia-solidaridad-cooperacion-noviolencia-espiritualidad-y-respeto-por-la-naturaleza-podrian-unirnos\/#breadcrumb","itemListElement":[{"@type":"ListItem","position":1,"name":"Accueil","item":"https:\/\/www.pressenza.com\/es\/"},{"@type":"ListItem","position":2,"name":"Piero Giorgi: Empat\u00eda, solidaridad, cooperaci\u00f3n, noviolencia, espiritualidad y respeto por la naturaleza podr\u00edan unirnos"}]},{"@type":"WebSite","@id":"https:\/\/www.pressenza.com\/es\/#website","url":"https:\/\/www.pressenza.com\/es\/","name":"Pressenza","description":"International Press Agency","publisher":{"@id":"https:\/\/www.pressenza.com\/es\/#organization"},"potentialAction":[{"@type":"SearchAction","target":{"@type":"EntryPoint","urlTemplate":"https:\/\/www.pressenza.com\/es\/?s={search_term_string}"},"query-input":{"@type":"PropertyValueSpecification","valueRequired":true,"valueName":"search_term_string"}}],"inLanguage":"es"},{"@type":"Organization","@id":"https:\/\/www.pressenza.com\/es\/#organization","name":"Pressenza","url":"https:\/\/www.pressenza.com\/es\/","logo":{"@type":"ImageObject","inLanguage":"es","@id":"https:\/\/www.pressenza.com\/es\/#\/schema\/logo\/image\/","url":"https:\/\/www.pressenza.com\/wp-content\/uploads\/2022\/10\/pressenza_logo_200x200.jpg","contentUrl":"https:\/\/www.pressenza.com\/wp-content\/uploads\/2022\/10\/pressenza_logo_200x200.jpg","width":200,"height":200,"caption":"Pressenza"},"image":{"@id":"https:\/\/www.pressenza.com\/es\/#\/schema\/logo\/image\/"},"sameAs":["https:\/\/www.facebook.com\/PressenzaItalia","https:\/\/x.com\/PressenzaIPA"]},{"@type":"Person","@id":"https:\/\/www.pressenza.com\/es\/#\/schema\/person\/0b103aa2cc3460da3ad453ade8a7ef24","name":"European Humanist Forum","url":"https:\/\/www.pressenza.com\/es\/author\/european-humanist-forum-2018\/"}]}},"place":"Madrid,  Espa\u00f1a","original_article_url":"","_links":{"self":[{"href":"https:\/\/www.pressenza.com\/es\/wp-json\/wp\/v2\/posts\/623140","targetHints":{"allow":["GET"]}}],"collection":[{"href":"https:\/\/www.pressenza.com\/es\/wp-json\/wp\/v2\/posts"}],"about":[{"href":"https:\/\/www.pressenza.com\/es\/wp-json\/wp\/v2\/types\/post"}],"author":[{"embeddable":true,"href":"https:\/\/www.pressenza.com\/es\/wp-json\/wp\/v2\/users\/1508"}],"replies":[{"embeddable":true,"href":"https:\/\/www.pressenza.com\/es\/wp-json\/wp\/v2\/comments?post=623140"}],"version-history":[{"count":0,"href":"https:\/\/www.pressenza.com\/es\/wp-json\/wp\/v2\/posts\/623140\/revisions"}],"wp:featuredmedia":[{"embeddable":true,"href":"https:\/\/www.pressenza.com\/es\/wp-json\/wp\/v2\/media\/621996"}],"wp:attachment":[{"href":"https:\/\/www.pressenza.com\/es\/wp-json\/wp\/v2\/media?parent=623140"}],"wp:term":[{"taxonomy":"category","embeddable":true,"href":"https:\/\/www.pressenza.com\/es\/wp-json\/wp\/v2\/categories?post=623140"},{"taxonomy":"post_tag","embeddable":true,"href":"https:\/\/www.pressenza.com\/es\/wp-json\/wp\/v2\/tags?post=623140"}],"curies":[{"name":"wp","href":"https:\/\/api.w.org\/{rel}","templated":true}]}}