{"id":622971,"date":"2018-04-08T15:53:00","date_gmt":"2018-04-08T14:53:00","guid":{"rendered":"https:\/\/www.pressenza.com\/?p=622971"},"modified":"2018-04-08T15:53:00","modified_gmt":"2018-04-08T14:53:00","slug":"ecuador-ley-organica-de-comunicacion-en-el-banquillo-de-los-acusados","status":"publish","type":"post","link":"https:\/\/www.pressenza.com\/es\/2018\/04\/ecuador-ley-organica-de-comunicacion-en-el-banquillo-de-los-acusados\/","title":{"rendered":"Ecuador: Ley Org\u00e1nica de Comunicaci\u00f3n en el banquillo de los acusados"},"content":{"rendered":"<p>por\u00a0Adalid Contreras Baspineiro<\/p>\n<p>Acomodada en afanes comerciales, la libertad de expresi\u00f3n suele ser deformada en su naturaleza para mal amparar la concentraci\u00f3n de la propiedad de los medios y la libertad de empresa. Este fen\u00f3meno es uno de los factores que enfrenta la Ley Org\u00e1nica de Comunicaci\u00f3n del Ecuador (LOC), junto con los riesgos de aligeramiento de los sentidos de la comunicaci\u00f3n, as\u00ed como la tradicional reducci\u00f3n de las ciudadan\u00edas a masas por la dictadura del rating.<\/p>\n<p>Con un enfoque basado en el derecho a la comunicaci\u00f3n, la LOC propone medidas en las dimensiones del acceso, la participaci\u00f3n y los intercambios discursivos, contemplando la vigencia de la libertad de pensamiento y de expresi\u00f3n como derechos ciudadanos, as\u00ed como el derecho a la informaci\u00f3n que comporta derechos y deberes para los comunicadores y periodistas. As\u00ed, la comunicaci\u00f3n ya no se mira solamente desde el polo de la emisi\u00f3n, sino tambi\u00e9n desde el activo espacio de la recepci\u00f3n asent\u00e1ndose en pol\u00edticas culturales inclusivas y promotoras de la producci\u00f3n end\u00f3gena. Y la f\u00f3rmula que materializa su esencia antioligop\u00f3lica es la redistribuci\u00f3n equitativa del espectro radioel\u00e9ctrico para medios comunitarios, comerciales y p\u00fablicos.<\/p>\n<p>Grupos conservadores est\u00e1n alentando la derogatoria de esta Ley, con el argumento que estar\u00eda atentando contra la libertad de expresi\u00f3n. A contracorriente, soy un convencido que desmontarla significar\u00eda un retroceso de d\u00e9cadas en la conceptualizaci\u00f3n y aplicaci\u00f3n de los paradigmas de la comunicaci\u00f3n, as\u00ed como de los derechos ciudadanos.<\/p>\n<p>La LOC recoge los instrumentos internacionales fundamentales que protegen derechos y garant\u00edas universales para los profesionales de la comunicaci\u00f3n, tales como la prohibici\u00f3n de la censura previa y el derecho a la reserva de la fuente. Tambi\u00e9n contempla deberes como la responsabilidad ulterior, el respeto a la reputaci\u00f3n y la seguridad. As\u00ed mismo contempla derechos para los ciudadanos, como los de la r\u00e9plica y rectificaci\u00f3n, la protecci\u00f3n frente a contenidos discriminatorios, violentos o sexualmente expl\u00edcitos, la creaci\u00f3n del defensor de las audiencias y el funcionamiento de observatorios. Adem\u00e1s de estas virtudes, la LOC tiene excesos coercitivos que deben superarse porque chocan con su esp\u00edritu democratizador, nos referimos al funcionamiento de la Superintendencia de Comunicaci\u00f3n que juzga y sanciona; as\u00ed como el art\u00edculo 26, que a t\u00edtulo de linchamiento medi\u00e1tico censura el pluralismo.<\/p>\n<p>Por otra parte, la LOC necesita precisar y\/o incorporar elementos que la consoliden en el marco de la democratizaci\u00f3n de la comunicaci\u00f3n, tales como un enfoque de la comunicaci\u00f3n para el buen vivir, que suma el di\u00e1logo y la convivencia para la interacci\u00f3n sociocultural en correspondencia con la Constituci\u00f3n de Montecristi. As\u00ed se superar\u00eda la comprensi\u00f3n etnicista que tiene de la interculturalidad y abrirse a alteridades de todas las diversidades. Se tiene que incentivar un mayor protagonismo de los periodistas y sus gremios con sus mecanismos de autoregulaci\u00f3n. Es necesario contemplar un trato especial y diferenciado para los medios comunitarios respetando su naturaleza solidaria y su car\u00e1cter antisist\u00e9mico. Por otra parte, es necesario otorgarle un mayor protagonismo al Consejo de Comunicaci\u00f3n, fortaleci\u00e9ndolo con una mayor representatividad ciudadana. Finalmente, la LOC debe mencionar criterios sobre el rol de las redes sociales y no dejarlas navegando en el mar virtual de la anomia a t\u00edtulo de pertenecer al campo de la libertad de expresi\u00f3n y no al del derecho a la informaci\u00f3n y la comunicaci\u00f3n.<\/p>\n<p>La Ley Org\u00e1nica de Comunicaci\u00f3n del Ecuador (LOC) es un instrumento que merece ser protegido y perfeccionado, porque legitima la expresi\u00f3n de las ciudadan\u00edas, pone en el banquillo a los poderes oligop\u00f3licos y su tendencia a un discurso \u00fanico sin responsabilidad social y sigue la senda de la democratizaci\u00f3n de la comunicaci\u00f3n.<\/p>\n<p>(*) Adalid Contreras Baspineiro, comunic\u00f3logo boliviano, fue Secretario General de la Comunidad Andina \u2013 CAN.<\/p>\n<p>&nbsp;<\/p>\n","protected":false},"excerpt":{"rendered":"<p>por\u00a0Adalid Contreras Baspineiro Acomodada en afanes comerciales, la libertad de expresi\u00f3n suele ser deformada en su naturaleza para mal amparar la concentraci\u00f3n de la propiedad de los medios y la libertad de empresa. Este fen\u00f3meno es uno de los factores&hellip;<\/p>\n","protected":false},"author":87,"featured_media":622972,"comment_status":"closed","ping_status":"closed","sticky":false,"template":"","format":"standard","meta":{"footnotes":""},"categories":[69,75,68,161,67],"tags":[37128,24217,40311,45021],"class_list":["post-622971","post","type-post","status-publish","format-standard","has-post-thumbnail","hentry","category-america-central","category-cultura-es","category-norteamerica","category-opiniones","category-sudamerica","tag-concentracion-mediatica","tag-democratizacion-de-las-comunicaciones","tag-ley-de-comunicacion-en-ecuador","tag-loc"],"yoast_head":"<!-- This site is optimized with the Yoast SEO plugin v27.1.1 - https:\/\/yoast.com\/product\/yoast-seo-wordpress\/ -->\n<title>Ecuador: Ley Org\u00e1nica de Comunicaci\u00f3n en el banquillo de los acusados<\/title>\n<meta name=\"description\" content=\"por\u00a0Adalid Contreras Baspineiro Acomodada en afanes comerciales, la libertad de expresi\u00f3n suele ser deformada en su naturaleza para mal amparar la\" \/>\n<meta name=\"robots\" content=\"index, follow, max-snippet:-1, max-image-preview:large, max-video-preview:-1\" \/>\n<link rel=\"canonical\" href=\"https:\/\/www.pressenza.com\/es\/2018\/04\/ecuador-ley-organica-de-comunicacion-en-el-banquillo-de-los-acusados\/\" \/>\n<meta property=\"og:locale\" content=\"es_ES\" \/>\n<meta property=\"og:type\" content=\"article\" \/>\n<meta property=\"og:title\" content=\"Ecuador: Ley Org\u00e1nica de Comunicaci\u00f3n en el banquillo de los acusados\" \/>\n<meta property=\"og:description\" content=\"por\u00a0Adalid Contreras Baspineiro Acomodada en afanes comerciales, la libertad de expresi\u00f3n suele ser deformada en su naturaleza para mal amparar la\" \/>\n<meta property=\"og:url\" content=\"https:\/\/www.pressenza.com\/es\/2018\/04\/ecuador-ley-organica-de-comunicacion-en-el-banquillo-de-los-acusados\/\" \/>\n<meta property=\"og:site_name\" content=\"Pressenza\" \/>\n<meta property=\"article:publisher\" content=\"https:\/\/www.facebook.com\/PressenzaItalia\" \/>\n<meta property=\"article:published_time\" content=\"2018-04-08T14:53:00+00:00\" \/>\n<meta property=\"og:image\" content=\"https:\/\/www.pressenza.com\/wp-content\/uploads\/2018\/04\/ley-de-comunicacion-ecuador.jpg\" \/>\n\t<meta property=\"og:image:width\" content=\"607\" \/>\n\t<meta property=\"og:image:height\" content=\"258\" \/>\n\t<meta property=\"og:image:type\" content=\"image\/jpeg\" \/>\n<meta name=\"author\" content=\"Redacci\u00f3n Argentina\" \/>\n<meta name=\"twitter:card\" content=\"summary_large_image\" \/>\n<meta name=\"twitter:creator\" content=\"@pressenza\" \/>\n<meta name=\"twitter:site\" content=\"@PressenzaIPA\" \/>\n<meta name=\"twitter:label1\" content=\"Escrito por\" \/>\n\t<meta name=\"twitter:data1\" content=\"Redacci\u00f3n Argentina\" \/>\n\t<meta name=\"twitter:label2\" content=\"Tiempo de lectura\" \/>\n\t<meta name=\"twitter:data2\" content=\"3 minutos\" \/>\n<script type=\"application\/ld+json\" class=\"yoast-schema-graph\">{\"@context\":\"https:\/\/schema.org\",\"@graph\":[{\"@type\":\"Article\",\"@id\":\"https:\/\/www.pressenza.com\/es\/2018\/04\/ecuador-ley-organica-de-comunicacion-en-el-banquillo-de-los-acusados\/#article\",\"isPartOf\":{\"@id\":\"https:\/\/www.pressenza.com\/es\/2018\/04\/ecuador-ley-organica-de-comunicacion-en-el-banquillo-de-los-acusados\/\"},\"author\":{\"name\":\"Redacci\u00f3n Argentina\",\"@id\":\"https:\/\/www.pressenza.com\/es\/#\/schema\/person\/0dda7d1b68267ad95b1e1d83abc98c89\"},\"headline\":\"Ecuador: Ley Org\u00e1nica de Comunicaci\u00f3n en el banquillo de los acusados\",\"datePublished\":\"2018-04-08T14:53:00+00:00\",\"mainEntityOfPage\":{\"@id\":\"https:\/\/www.pressenza.com\/es\/2018\/04\/ecuador-ley-organica-de-comunicacion-en-el-banquillo-de-los-acusados\/\"},\"wordCount\":696,\"publisher\":{\"@id\":\"https:\/\/www.pressenza.com\/es\/#organization\"},\"image\":{\"@id\":\"https:\/\/www.pressenza.com\/es\/2018\/04\/ecuador-ley-organica-de-comunicacion-en-el-banquillo-de-los-acusados\/#primaryimage\"},\"thumbnailUrl\":\"https:\/\/www.pressenza.com\/wp-content\/uploads\/2018\/04\/ley-de-comunicacion-ecuador.jpg\",\"keywords\":[\"concentraci\u00f3n medi\u00e1tica\",\"Democratizaci\u00f3n de las comunicaciones\",\"Ley de Comunicaci\u00f3n en Ecuador\",\"LOC\"],\"articleSection\":[\"Am\u00e9rica Central\",\"Cultura y Medios\",\"Norteam\u00e9rica\",\"Opiniones\",\"Sudam\u00e9rica\"],\"inLanguage\":\"es\"},{\"@type\":\"WebPage\",\"@id\":\"https:\/\/www.pressenza.com\/es\/2018\/04\/ecuador-ley-organica-de-comunicacion-en-el-banquillo-de-los-acusados\/\",\"url\":\"https:\/\/www.pressenza.com\/es\/2018\/04\/ecuador-ley-organica-de-comunicacion-en-el-banquillo-de-los-acusados\/\",\"name\":\"Ecuador: Ley Org\u00e1nica de Comunicaci\u00f3n en el banquillo de los acusados\",\"isPartOf\":{\"@id\":\"https:\/\/www.pressenza.com\/es\/#website\"},\"primaryImageOfPage\":{\"@id\":\"https:\/\/www.pressenza.com\/es\/2018\/04\/ecuador-ley-organica-de-comunicacion-en-el-banquillo-de-los-acusados\/#primaryimage\"},\"image\":{\"@id\":\"https:\/\/www.pressenza.com\/es\/2018\/04\/ecuador-ley-organica-de-comunicacion-en-el-banquillo-de-los-acusados\/#primaryimage\"},\"thumbnailUrl\":\"https:\/\/www.pressenza.com\/wp-content\/uploads\/2018\/04\/ley-de-comunicacion-ecuador.jpg\",\"datePublished\":\"2018-04-08T14:53:00+00:00\",\"description\":\"por\u00a0Adalid Contreras Baspineiro Acomodada en afanes comerciales, la libertad de expresi\u00f3n suele ser deformada en su naturaleza para mal amparar la\",\"breadcrumb\":{\"@id\":\"https:\/\/www.pressenza.com\/es\/2018\/04\/ecuador-ley-organica-de-comunicacion-en-el-banquillo-de-los-acusados\/#breadcrumb\"},\"inLanguage\":\"es\",\"potentialAction\":[{\"@type\":\"ReadAction\",\"target\":[\"https:\/\/www.pressenza.com\/es\/2018\/04\/ecuador-ley-organica-de-comunicacion-en-el-banquillo-de-los-acusados\/\"]}]},{\"@type\":\"ImageObject\",\"inLanguage\":\"es\",\"@id\":\"https:\/\/www.pressenza.com\/es\/2018\/04\/ecuador-ley-organica-de-comunicacion-en-el-banquillo-de-los-acusados\/#primaryimage\",\"url\":\"https:\/\/www.pressenza.com\/wp-content\/uploads\/2018\/04\/ley-de-comunicacion-ecuador.jpg\",\"contentUrl\":\"https:\/\/www.pressenza.com\/wp-content\/uploads\/2018\/04\/ley-de-comunicacion-ecuador.jpg\",\"width\":607,\"height\":258},{\"@type\":\"BreadcrumbList\",\"@id\":\"https:\/\/www.pressenza.com\/es\/2018\/04\/ecuador-ley-organica-de-comunicacion-en-el-banquillo-de-los-acusados\/#breadcrumb\",\"itemListElement\":[{\"@type\":\"ListItem\",\"position\":1,\"name\":\"Accueil\",\"item\":\"https:\/\/www.pressenza.com\/es\/\"},{\"@type\":\"ListItem\",\"position\":2,\"name\":\"Ecuador: Ley Org\u00e1nica de Comunicaci\u00f3n en el banquillo de los acusados\"}]},{\"@type\":\"WebSite\",\"@id\":\"https:\/\/www.pressenza.com\/es\/#website\",\"url\":\"https:\/\/www.pressenza.com\/es\/\",\"name\":\"Pressenza\",\"description\":\"International Press Agency\",\"publisher\":{\"@id\":\"https:\/\/www.pressenza.com\/es\/#organization\"},\"potentialAction\":[{\"@type\":\"SearchAction\",\"target\":{\"@type\":\"EntryPoint\",\"urlTemplate\":\"https:\/\/www.pressenza.com\/es\/?s={search_term_string}\"},\"query-input\":{\"@type\":\"PropertyValueSpecification\",\"valueRequired\":true,\"valueName\":\"search_term_string\"}}],\"inLanguage\":\"es\"},{\"@type\":\"Organization\",\"@id\":\"https:\/\/www.pressenza.com\/es\/#organization\",\"name\":\"Pressenza\",\"url\":\"https:\/\/www.pressenza.com\/es\/\",\"logo\":{\"@type\":\"ImageObject\",\"inLanguage\":\"es\",\"@id\":\"https:\/\/www.pressenza.com\/es\/#\/schema\/logo\/image\/\",\"url\":\"https:\/\/www.pressenza.com\/wp-content\/uploads\/2022\/10\/pressenza_logo_200x200.jpg\",\"contentUrl\":\"https:\/\/www.pressenza.com\/wp-content\/uploads\/2022\/10\/pressenza_logo_200x200.jpg\",\"width\":200,\"height\":200,\"caption\":\"Pressenza\"},\"image\":{\"@id\":\"https:\/\/www.pressenza.com\/es\/#\/schema\/logo\/image\/\"},\"sameAs\":[\"https:\/\/www.facebook.com\/PressenzaItalia\",\"https:\/\/x.com\/PressenzaIPA\"]},{\"@type\":\"Person\",\"@id\":\"https:\/\/www.pressenza.com\/es\/#\/schema\/person\/0dda7d1b68267ad95b1e1d83abc98c89\",\"name\":\"Redacci\u00f3n Argentina\",\"description\":\"News from the Pressenza Bureau in Argentina.\",\"sameAs\":[\"https:\/\/x.com\/pressenza\"],\"url\":\"https:\/\/www.pressenza.com\/es\/author\/redaccion-argentina\/\"}]}<\/script>\n<!-- \/ Yoast SEO plugin. -->","yoast_head_json":{"title":"Ecuador: Ley Org\u00e1nica de Comunicaci\u00f3n en el banquillo de los acusados","description":"por\u00a0Adalid Contreras Baspineiro Acomodada en afanes comerciales, la libertad de expresi\u00f3n suele ser deformada en su naturaleza para mal amparar la","robots":{"index":"index","follow":"follow","max-snippet":"max-snippet:-1","max-image-preview":"max-image-preview:large","max-video-preview":"max-video-preview:-1"},"canonical":"https:\/\/www.pressenza.com\/es\/2018\/04\/ecuador-ley-organica-de-comunicacion-en-el-banquillo-de-los-acusados\/","og_locale":"es_ES","og_type":"article","og_title":"Ecuador: Ley Org\u00e1nica de Comunicaci\u00f3n en el banquillo de los acusados","og_description":"por\u00a0Adalid Contreras Baspineiro Acomodada en afanes comerciales, la libertad de expresi\u00f3n suele ser deformada en su naturaleza para mal amparar la","og_url":"https:\/\/www.pressenza.com\/es\/2018\/04\/ecuador-ley-organica-de-comunicacion-en-el-banquillo-de-los-acusados\/","og_site_name":"Pressenza","article_publisher":"https:\/\/www.facebook.com\/PressenzaItalia","article_published_time":"2018-04-08T14:53:00+00:00","og_image":[{"width":607,"height":258,"url":"https:\/\/www.pressenza.com\/wp-content\/uploads\/2018\/04\/ley-de-comunicacion-ecuador.jpg","type":"image\/jpeg"}],"author":"Redacci\u00f3n Argentina","twitter_card":"summary_large_image","twitter_creator":"@pressenza","twitter_site":"@PressenzaIPA","twitter_misc":{"Escrito por":"Redacci\u00f3n Argentina","Tiempo de lectura":"3 minutos"},"schema":{"@context":"https:\/\/schema.org","@graph":[{"@type":"Article","@id":"https:\/\/www.pressenza.com\/es\/2018\/04\/ecuador-ley-organica-de-comunicacion-en-el-banquillo-de-los-acusados\/#article","isPartOf":{"@id":"https:\/\/www.pressenza.com\/es\/2018\/04\/ecuador-ley-organica-de-comunicacion-en-el-banquillo-de-los-acusados\/"},"author":{"name":"Redacci\u00f3n Argentina","@id":"https:\/\/www.pressenza.com\/es\/#\/schema\/person\/0dda7d1b68267ad95b1e1d83abc98c89"},"headline":"Ecuador: Ley Org\u00e1nica de Comunicaci\u00f3n en el banquillo de los acusados","datePublished":"2018-04-08T14:53:00+00:00","mainEntityOfPage":{"@id":"https:\/\/www.pressenza.com\/es\/2018\/04\/ecuador-ley-organica-de-comunicacion-en-el-banquillo-de-los-acusados\/"},"wordCount":696,"publisher":{"@id":"https:\/\/www.pressenza.com\/es\/#organization"},"image":{"@id":"https:\/\/www.pressenza.com\/es\/2018\/04\/ecuador-ley-organica-de-comunicacion-en-el-banquillo-de-los-acusados\/#primaryimage"},"thumbnailUrl":"https:\/\/www.pressenza.com\/wp-content\/uploads\/2018\/04\/ley-de-comunicacion-ecuador.jpg","keywords":["concentraci\u00f3n medi\u00e1tica","Democratizaci\u00f3n de las comunicaciones","Ley de Comunicaci\u00f3n en Ecuador","LOC"],"articleSection":["Am\u00e9rica Central","Cultura y Medios","Norteam\u00e9rica","Opiniones","Sudam\u00e9rica"],"inLanguage":"es"},{"@type":"WebPage","@id":"https:\/\/www.pressenza.com\/es\/2018\/04\/ecuador-ley-organica-de-comunicacion-en-el-banquillo-de-los-acusados\/","url":"https:\/\/www.pressenza.com\/es\/2018\/04\/ecuador-ley-organica-de-comunicacion-en-el-banquillo-de-los-acusados\/","name":"Ecuador: Ley Org\u00e1nica de Comunicaci\u00f3n en el banquillo de los acusados","isPartOf":{"@id":"https:\/\/www.pressenza.com\/es\/#website"},"primaryImageOfPage":{"@id":"https:\/\/www.pressenza.com\/es\/2018\/04\/ecuador-ley-organica-de-comunicacion-en-el-banquillo-de-los-acusados\/#primaryimage"},"image":{"@id":"https:\/\/www.pressenza.com\/es\/2018\/04\/ecuador-ley-organica-de-comunicacion-en-el-banquillo-de-los-acusados\/#primaryimage"},"thumbnailUrl":"https:\/\/www.pressenza.com\/wp-content\/uploads\/2018\/04\/ley-de-comunicacion-ecuador.jpg","datePublished":"2018-04-08T14:53:00+00:00","description":"por\u00a0Adalid Contreras Baspineiro Acomodada en afanes comerciales, la libertad de expresi\u00f3n suele ser deformada en su naturaleza para mal amparar la","breadcrumb":{"@id":"https:\/\/www.pressenza.com\/es\/2018\/04\/ecuador-ley-organica-de-comunicacion-en-el-banquillo-de-los-acusados\/#breadcrumb"},"inLanguage":"es","potentialAction":[{"@type":"ReadAction","target":["https:\/\/www.pressenza.com\/es\/2018\/04\/ecuador-ley-organica-de-comunicacion-en-el-banquillo-de-los-acusados\/"]}]},{"@type":"ImageObject","inLanguage":"es","@id":"https:\/\/www.pressenza.com\/es\/2018\/04\/ecuador-ley-organica-de-comunicacion-en-el-banquillo-de-los-acusados\/#primaryimage","url":"https:\/\/www.pressenza.com\/wp-content\/uploads\/2018\/04\/ley-de-comunicacion-ecuador.jpg","contentUrl":"https:\/\/www.pressenza.com\/wp-content\/uploads\/2018\/04\/ley-de-comunicacion-ecuador.jpg","width":607,"height":258},{"@type":"BreadcrumbList","@id":"https:\/\/www.pressenza.com\/es\/2018\/04\/ecuador-ley-organica-de-comunicacion-en-el-banquillo-de-los-acusados\/#breadcrumb","itemListElement":[{"@type":"ListItem","position":1,"name":"Accueil","item":"https:\/\/www.pressenza.com\/es\/"},{"@type":"ListItem","position":2,"name":"Ecuador: Ley Org\u00e1nica de Comunicaci\u00f3n en el banquillo de los acusados"}]},{"@type":"WebSite","@id":"https:\/\/www.pressenza.com\/es\/#website","url":"https:\/\/www.pressenza.com\/es\/","name":"Pressenza","description":"International Press Agency","publisher":{"@id":"https:\/\/www.pressenza.com\/es\/#organization"},"potentialAction":[{"@type":"SearchAction","target":{"@type":"EntryPoint","urlTemplate":"https:\/\/www.pressenza.com\/es\/?s={search_term_string}"},"query-input":{"@type":"PropertyValueSpecification","valueRequired":true,"valueName":"search_term_string"}}],"inLanguage":"es"},{"@type":"Organization","@id":"https:\/\/www.pressenza.com\/es\/#organization","name":"Pressenza","url":"https:\/\/www.pressenza.com\/es\/","logo":{"@type":"ImageObject","inLanguage":"es","@id":"https:\/\/www.pressenza.com\/es\/#\/schema\/logo\/image\/","url":"https:\/\/www.pressenza.com\/wp-content\/uploads\/2022\/10\/pressenza_logo_200x200.jpg","contentUrl":"https:\/\/www.pressenza.com\/wp-content\/uploads\/2022\/10\/pressenza_logo_200x200.jpg","width":200,"height":200,"caption":"Pressenza"},"image":{"@id":"https:\/\/www.pressenza.com\/es\/#\/schema\/logo\/image\/"},"sameAs":["https:\/\/www.facebook.com\/PressenzaItalia","https:\/\/x.com\/PressenzaIPA"]},{"@type":"Person","@id":"https:\/\/www.pressenza.com\/es\/#\/schema\/person\/0dda7d1b68267ad95b1e1d83abc98c89","name":"Redacci\u00f3n Argentina","description":"News from the Pressenza Bureau in Argentina.","sameAs":["https:\/\/x.com\/pressenza"],"url":"https:\/\/www.pressenza.com\/es\/author\/redaccion-argentina\/"}]}},"place":"","original_article_url":"","_links":{"self":[{"href":"https:\/\/www.pressenza.com\/es\/wp-json\/wp\/v2\/posts\/622971","targetHints":{"allow":["GET"]}}],"collection":[{"href":"https:\/\/www.pressenza.com\/es\/wp-json\/wp\/v2\/posts"}],"about":[{"href":"https:\/\/www.pressenza.com\/es\/wp-json\/wp\/v2\/types\/post"}],"author":[{"embeddable":true,"href":"https:\/\/www.pressenza.com\/es\/wp-json\/wp\/v2\/users\/87"}],"replies":[{"embeddable":true,"href":"https:\/\/www.pressenza.com\/es\/wp-json\/wp\/v2\/comments?post=622971"}],"version-history":[{"count":0,"href":"https:\/\/www.pressenza.com\/es\/wp-json\/wp\/v2\/posts\/622971\/revisions"}],"wp:featuredmedia":[{"embeddable":true,"href":"https:\/\/www.pressenza.com\/es\/wp-json\/wp\/v2\/media\/622972"}],"wp:attachment":[{"href":"https:\/\/www.pressenza.com\/es\/wp-json\/wp\/v2\/media?parent=622971"}],"wp:term":[{"taxonomy":"category","embeddable":true,"href":"https:\/\/www.pressenza.com\/es\/wp-json\/wp\/v2\/categories?post=622971"},{"taxonomy":"post_tag","embeddable":true,"href":"https:\/\/www.pressenza.com\/es\/wp-json\/wp\/v2\/tags?post=622971"}],"curies":[{"name":"wp","href":"https:\/\/api.w.org\/{rel}","templated":true}]}}