{"id":62220,"date":"2013-07-24T18:34:28","date_gmt":"2013-07-24T17:34:28","guid":{"rendered":"http:\/\/www.pressenza.com\/?p=62220"},"modified":"2013-07-24T18:34:28","modified_gmt":"2013-07-24T17:34:28","slug":"maduro-afirmo-que-la-posibilidad-de-recomponer-la-relacion-de-su-pais-con-eeuu-depende-de-ellos","status":"publish","type":"post","link":"https:\/\/www.pressenza.com\/es\/2013\/07\/maduro-afirmo-que-la-posibilidad-de-recomponer-la-relacion-de-su-pais-con-eeuu-depende-de-ellos\/","title":{"rendered":"Maduro afirm\u00f3 que la posibilidad de recomponer la relaci\u00f3n de su pa\u00eds con EEUU, \u201cdepende de ellos\u201d"},"content":{"rendered":"<p style=\"text-align: justify;\">El presidente de Venezuela, Nicol\u00e1s Maduro, afirm\u00f3 que la posibilidad de recomponer la relaci\u00f3n bilateral con Estados Unidos, suspendida el viernes pasado por Caracas, \u201cya no depende\u201d de su gobierno \u201csino de ellos\u201d.<\/p>\n<p style=\"text-align: justify;\">\u201cEso ya no depende de nosotros sino de ellos; cuando rectifiquen, aqu\u00ed los esperamos con nuestra mano y nuestra sonrisa de siempre\u201d, dijo Maduro durante un acto oficial en Matur\u00edn, capital del estado Monagas.<\/p>\n<p>Venezuela suspendi\u00f3 el viernes el di\u00e1logo que ambos gobiernos hab\u00edan iniciado a comienzos de junio en busca de restablecer el v\u00ednculo bilateral, congelado desde 2010, a causa de unas declaraciones de la futura embajadora estadounidense ante la ONU, Samantha Power.<\/p>\n<p>El mi\u00e9rcoles pasado, Power se comprometi\u00f3 a \u201cresponder a la represi\u00f3n a la sociedad civil que se est\u00e1 produciendo en pa\u00edses como Cuba, Ir\u00e1n, Rusia y Venezuela\u201d, durante su audiencia de confirmaci\u00f3n ante la Comisi\u00f3n de Relaciones Exteriores del Senado estadounidense.<\/p>\n<p>El jueves, Maduro rechaz\u00f3 esas declaraciones y pidi\u00f3 una \u201crectificaci\u00f3n inmediata\u201d, pero al d\u00eda siguiente el Departamento de Estado manifest\u00f3 su \u201ccompleto respaldo\u201d a Power y, a \u00faltima hora, la canciller\u00eda venezolana declar\u00f3 \u201csuspendido\u201d el di\u00e1logo.<\/p>\n<p>Sin embargo, Washington ratific\u00f3 ayer su predisposici\u00f3n a negociar. \u201cHab\u00edamos iniciado un proceso para llegar a esa relaci\u00f3n y seguimos confiando en que podremos reanudarlo\u201d, sostuvo Jen Psaki, vocera del Departamento de Estado, en su rueda de prensa diaria.\n<\/p>\n<div id=\"image\"><img decoding=\"async\" title=\"\" alt=\"\" src=\"http:\/\/www.telam.com.ar\/advf\/imagenes\/2013\/07\/51e03c657cad6_510x339.jpg\" \/><a id=\"expandImage\" href=\"http:\/\/www.telam.com.ar\/advf\/imagenes\/2013\/07\/51e03c657cad6_800x533.jpg\">ampliar<\/a><\/div>\n<p style=\"text-align: justify;\">\nHoy, m\u00e1s temprano, Jaua sostuvo que Estados Unidos \u201cno termina de entender c\u00f3mo tener relaciones de alto nivel y respetuosas con Venezuela\u201d.<\/p>\n<p>Adem\u00e1s, acus\u00f3 a Washington de haber intentado \u201ccondicionar o presionar p\u00fablicamente, nunca privadamente\u201d a su pa\u00eds por el caso de Edward Snowden, el ex agente de inteligencia requerido por Estados Unidos por haber revelado secretos de espionaje y al que Caracas ofreci\u00f3 asilo pol\u00edtico.<\/p>\n<p>El \u00faltimo acercamiento entre ambos pa\u00edses fue iniciado el 5 de junio en Guatemala por el canciller venezolano, El\u00edas Jaua, y el secretario de Estado norteamericano, John Kerry, quienes se reunieron y acordaron avanzar hacia la normalizaci\u00f3n de la relaci\u00f3n.<\/p>\n<p>A ese encuentro sucedi\u00f3 otro, el 25 de junio, en Washington, entre la secretaria de Estado adjunta para Asuntos Hemisf\u00e9ricos, Roberta Jacobson, y el encargado de negocios de Venezuela en Washington, Calixto Ortega.<br \/>\nPero la intenci\u00f3n de restablecer la relaci\u00f3n hall\u00f3 el primer obst\u00e1culo nuevo a principios de este mes, cuando Venezuela ofreci\u00f3 asilo a Snowden.<\/p>\n<p>Seg\u00fan el Departamento de Estado, el 12 de este mes Kerry llam\u00f3 por tel\u00e9fono a Jaua para conversar sobre esa oferta de asilo.<\/p>\n<p>Es la segunda vez en cuatro meses que Venezuela interrumpe contactos iniciados con Estados Unidos con vista a regularizar la relaci\u00f3n bilateral.<\/p>\n<p>El 20 de marzo, Jaua anunci\u00f3 que el di\u00e1logo quedaba \u00absuspendido\u00bb, luego de que Jacobson pidiera que las elecciones presidenciales programadas para el 14 de abril en Venezuela fueran \u00ablibres y transparentes\u00bb.<\/p>\n<p>El 5 de ese mes, horas antes de anunciar la muerte del presidente Hugo Ch\u00e1vez, Maduro acus\u00f3 a Estados Unidos de haber participado de una conspiraci\u00f3n para enfermar de c\u00e1ncer a aqu\u00e9l y de \u00abproponer proyectos desestabilizadores\u00bb a militares venezolanos, por lo que expuls\u00f3 a dos agregados aeron\u00e1uticos de Washington.<\/p>\n","protected":false},"excerpt":{"rendered":"<p>El presidente de Venezuela, Nicol\u00e1s Maduro, afirm\u00f3 que la posibilidad de recomponer la relaci\u00f3n bilateral con Estados Unidos, suspendida el viernes pasado por Caracas, \u201cya no depende\u201d de su gobierno \u201csino de ellos\u201d. \u201cEso ya no depende de nosotros sino&hellip;<\/p>\n","protected":false},"author":494,"featured_media":62221,"comment_status":"closed","ping_status":"open","sticky":false,"template":"","format":"standard","meta":{"footnotes":""},"categories":[76,67],"tags":[4310],"class_list":["post-62220","post","type-post","status-publish","format-standard","has-post-thumbnail","hentry","category-relaciones-exteriores","category-sudamerica","tag-nicolas-maduro-es"],"yoast_head":"<!-- This site is optimized with the Yoast SEO plugin v27.1.1 - https:\/\/yoast.com\/product\/yoast-seo-wordpress\/ -->\n<title>Maduro afirm\u00f3 que la posibilidad de recomponer la relaci\u00f3n de su pa\u00eds con EEUU, \u201cdepende de ellos\u201d<\/title>\n<meta name=\"description\" content=\"El presidente de Venezuela, Nicol\u00e1s Maduro, afirm\u00f3 que la posibilidad de recomponer la relaci\u00f3n bilateral con Estados Unidos, suspendida el viernes pasado\" \/>\n<meta name=\"robots\" content=\"index, follow, max-snippet:-1, max-image-preview:large, max-video-preview:-1\" \/>\n<link rel=\"canonical\" href=\"https:\/\/www.pressenza.com\/es\/2013\/07\/maduro-afirmo-que-la-posibilidad-de-recomponer-la-relacion-de-su-pais-con-eeuu-depende-de-ellos\/\" \/>\n<meta property=\"og:locale\" content=\"es_ES\" \/>\n<meta property=\"og:type\" content=\"article\" \/>\n<meta property=\"og:title\" content=\"Maduro afirm\u00f3 que la posibilidad de recomponer la relaci\u00f3n de su pa\u00eds con EEUU, \u201cdepende de ellos\u201d\" \/>\n<meta property=\"og:description\" content=\"El presidente de Venezuela, Nicol\u00e1s Maduro, afirm\u00f3 que la posibilidad de recomponer la relaci\u00f3n bilateral con Estados Unidos, suspendida el viernes pasado\" \/>\n<meta property=\"og:url\" content=\"https:\/\/www.pressenza.com\/es\/2013\/07\/maduro-afirmo-que-la-posibilidad-de-recomponer-la-relacion-de-su-pais-con-eeuu-depende-de-ellos\/\" \/>\n<meta property=\"og:site_name\" content=\"Pressenza\" \/>\n<meta property=\"article:publisher\" content=\"https:\/\/www.facebook.com\/PressenzaItalia\" \/>\n<meta property=\"article:author\" content=\"https:\/\/www.facebook.com\/AgenciaTELAM\" \/>\n<meta property=\"article:published_time\" content=\"2013-07-24T17:34:28+00:00\" \/>\n<meta property=\"og:image\" content=\"https:\/\/www.pressenza.com\/wp-content\/uploads\/2013\/07\/NM.jpeg\" \/>\n\t<meta property=\"og:image:width\" content=\"275\" \/>\n\t<meta property=\"og:image:height\" content=\"183\" \/>\n\t<meta property=\"og:image:type\" content=\"image\/jpeg\" \/>\n<meta name=\"author\" content=\"T\u00e9lam - Agencia Nacional de Noticias de la Rep\u00fablica Argentina\" \/>\n<meta name=\"twitter:card\" content=\"summary_large_image\" \/>\n<meta name=\"twitter:creator\" content=\"@AgenciaTelam\" \/>\n<meta name=\"twitter:site\" content=\"@PressenzaIPA\" \/>\n<meta name=\"twitter:label1\" content=\"Escrito por\" \/>\n\t<meta name=\"twitter:data1\" content=\"T\u00e9lam - Agencia Nacional de Noticias de la Rep\u00fablica Argentina\" \/>\n\t<meta name=\"twitter:label2\" content=\"Tiempo de lectura\" \/>\n\t<meta name=\"twitter:data2\" content=\"3 minutos\" \/>\n<script type=\"application\/ld+json\" class=\"yoast-schema-graph\">{\"@context\":\"https:\/\/schema.org\",\"@graph\":[{\"@type\":\"Article\",\"@id\":\"https:\/\/www.pressenza.com\/es\/2013\/07\/maduro-afirmo-que-la-posibilidad-de-recomponer-la-relacion-de-su-pais-con-eeuu-depende-de-ellos\/#article\",\"isPartOf\":{\"@id\":\"https:\/\/www.pressenza.com\/es\/2013\/07\/maduro-afirmo-que-la-posibilidad-de-recomponer-la-relacion-de-su-pais-con-eeuu-depende-de-ellos\/\"},\"author\":{\"name\":\"T\u00e9lam - Agencia Nacional de Noticias de la Rep\u00fablica Argentina\",\"@id\":\"https:\/\/www.pressenza.com\/es\/#\/schema\/person\/f1a879435e38cd8f69eac14ebf21489e\"},\"headline\":\"Maduro afirm\u00f3 que la posibilidad de recomponer la relaci\u00f3n de su pa\u00eds con EEUU, \u201cdepende de ellos\u201d\",\"datePublished\":\"2013-07-24T17:34:28+00:00\",\"mainEntityOfPage\":{\"@id\":\"https:\/\/www.pressenza.com\/es\/2013\/07\/maduro-afirmo-que-la-posibilidad-de-recomponer-la-relacion-de-su-pais-con-eeuu-depende-de-ellos\/\"},\"wordCount\":567,\"publisher\":{\"@id\":\"https:\/\/www.pressenza.com\/es\/#organization\"},\"image\":{\"@id\":\"https:\/\/www.pressenza.com\/es\/2013\/07\/maduro-afirmo-que-la-posibilidad-de-recomponer-la-relacion-de-su-pais-con-eeuu-depende-de-ellos\/#primaryimage\"},\"thumbnailUrl\":\"https:\/\/www.pressenza.com\/wp-content\/uploads\/2013\/07\/NM.jpeg\",\"keywords\":[\"Nicol\u00e1s Maduro\"],\"articleSection\":[\"Asuntos internacionales\",\"Sudam\u00e9rica\"],\"inLanguage\":\"es\"},{\"@type\":\"WebPage\",\"@id\":\"https:\/\/www.pressenza.com\/es\/2013\/07\/maduro-afirmo-que-la-posibilidad-de-recomponer-la-relacion-de-su-pais-con-eeuu-depende-de-ellos\/\",\"url\":\"https:\/\/www.pressenza.com\/es\/2013\/07\/maduro-afirmo-que-la-posibilidad-de-recomponer-la-relacion-de-su-pais-con-eeuu-depende-de-ellos\/\",\"name\":\"Maduro afirm\u00f3 que la posibilidad de recomponer la relaci\u00f3n de su pa\u00eds con EEUU, \u201cdepende de ellos\u201d\",\"isPartOf\":{\"@id\":\"https:\/\/www.pressenza.com\/es\/#website\"},\"primaryImageOfPage\":{\"@id\":\"https:\/\/www.pressenza.com\/es\/2013\/07\/maduro-afirmo-que-la-posibilidad-de-recomponer-la-relacion-de-su-pais-con-eeuu-depende-de-ellos\/#primaryimage\"},\"image\":{\"@id\":\"https:\/\/www.pressenza.com\/es\/2013\/07\/maduro-afirmo-que-la-posibilidad-de-recomponer-la-relacion-de-su-pais-con-eeuu-depende-de-ellos\/#primaryimage\"},\"thumbnailUrl\":\"https:\/\/www.pressenza.com\/wp-content\/uploads\/2013\/07\/NM.jpeg\",\"datePublished\":\"2013-07-24T17:34:28+00:00\",\"description\":\"El presidente de Venezuela, Nicol\u00e1s Maduro, afirm\u00f3 que la posibilidad de recomponer la relaci\u00f3n bilateral con Estados Unidos, suspendida el viernes pasado\",\"breadcrumb\":{\"@id\":\"https:\/\/www.pressenza.com\/es\/2013\/07\/maduro-afirmo-que-la-posibilidad-de-recomponer-la-relacion-de-su-pais-con-eeuu-depende-de-ellos\/#breadcrumb\"},\"inLanguage\":\"es\",\"potentialAction\":[{\"@type\":\"ReadAction\",\"target\":[\"https:\/\/www.pressenza.com\/es\/2013\/07\/maduro-afirmo-que-la-posibilidad-de-recomponer-la-relacion-de-su-pais-con-eeuu-depende-de-ellos\/\"]}]},{\"@type\":\"ImageObject\",\"inLanguage\":\"es\",\"@id\":\"https:\/\/www.pressenza.com\/es\/2013\/07\/maduro-afirmo-que-la-posibilidad-de-recomponer-la-relacion-de-su-pais-con-eeuu-depende-de-ellos\/#primaryimage\",\"url\":\"https:\/\/www.pressenza.com\/wp-content\/uploads\/2013\/07\/NM.jpeg\",\"contentUrl\":\"https:\/\/www.pressenza.com\/wp-content\/uploads\/2013\/07\/NM.jpeg\",\"width\":275,\"height\":183},{\"@type\":\"BreadcrumbList\",\"@id\":\"https:\/\/www.pressenza.com\/es\/2013\/07\/maduro-afirmo-que-la-posibilidad-de-recomponer-la-relacion-de-su-pais-con-eeuu-depende-de-ellos\/#breadcrumb\",\"itemListElement\":[{\"@type\":\"ListItem\",\"position\":1,\"name\":\"Accueil\",\"item\":\"https:\/\/www.pressenza.com\/es\/\"},{\"@type\":\"ListItem\",\"position\":2,\"name\":\"Maduro afirm\u00f3 que la posibilidad de recomponer la relaci\u00f3n de su pa\u00eds con EEUU, \u201cdepende de ellos\u201d\"}]},{\"@type\":\"WebSite\",\"@id\":\"https:\/\/www.pressenza.com\/es\/#website\",\"url\":\"https:\/\/www.pressenza.com\/es\/\",\"name\":\"Pressenza\",\"description\":\"International Press Agency\",\"publisher\":{\"@id\":\"https:\/\/www.pressenza.com\/es\/#organization\"},\"potentialAction\":[{\"@type\":\"SearchAction\",\"target\":{\"@type\":\"EntryPoint\",\"urlTemplate\":\"https:\/\/www.pressenza.com\/es\/?s={search_term_string}\"},\"query-input\":{\"@type\":\"PropertyValueSpecification\",\"valueRequired\":true,\"valueName\":\"search_term_string\"}}],\"inLanguage\":\"es\"},{\"@type\":\"Organization\",\"@id\":\"https:\/\/www.pressenza.com\/es\/#organization\",\"name\":\"Pressenza\",\"url\":\"https:\/\/www.pressenza.com\/es\/\",\"logo\":{\"@type\":\"ImageObject\",\"inLanguage\":\"es\",\"@id\":\"https:\/\/www.pressenza.com\/es\/#\/schema\/logo\/image\/\",\"url\":\"https:\/\/www.pressenza.com\/wp-content\/uploads\/2022\/10\/pressenza_logo_200x200.jpg\",\"contentUrl\":\"https:\/\/www.pressenza.com\/wp-content\/uploads\/2022\/10\/pressenza_logo_200x200.jpg\",\"width\":200,\"height\":200,\"caption\":\"Pressenza\"},\"image\":{\"@id\":\"https:\/\/www.pressenza.com\/es\/#\/schema\/logo\/image\/\"},\"sameAs\":[\"https:\/\/www.facebook.com\/PressenzaItalia\",\"https:\/\/x.com\/PressenzaIPA\"]},{\"@type\":\"Person\",\"@id\":\"https:\/\/www.pressenza.com\/es\/#\/schema\/person\/f1a879435e38cd8f69eac14ebf21489e\",\"name\":\"T\u00e9lam - Agencia Nacional de Noticias de la Rep\u00fablica Argentina\",\"description\":\"T\u00e9lam es una de las grandes agencias de noticias a nivel regional. El prestigio, acceso a fuentes oficiales, la cobertura en todo el territorio nacional y corresponsal\u00edas en el exterior; y la responsabilidad en el tratamiento informativo son caracter\u00edsticas que colocan a T\u00e9lam en referente period\u00edstico confiable y cre\u00edble en el pa\u00eds y en el mundo. Sostiene un servicio actualizado, detallado y original en diversos formatos, las 24 horas del d\u00eda, todos los d\u00edas del a\u00f1o. Es l\u00edder en el mercado nacional y sostiene alianzas a nivel regional y mundial que le permiten expandir los servicios period\u00edsticos. Suministra sus productos v\u00eda on line, tanto a nivel local como internacional. En la actualidad, la Agencia suma a sus servicios tradicionales, nuevos desaf\u00edos a partir de la realizaci\u00f3n de producciones multimedia para diversas plataformas. www.telam.com.ar\",\"sameAs\":[\"https:\/\/www.facebook.com\/AgenciaTELAM\",\"https:\/\/x.com\/AgenciaTelam\"],\"url\":\"https:\/\/www.pressenza.com\/es\/author\/telam\/\"}]}<\/script>\n<!-- \/ Yoast SEO plugin. -->","yoast_head_json":{"title":"Maduro afirm\u00f3 que la posibilidad de recomponer la relaci\u00f3n de su pa\u00eds con EEUU, \u201cdepende de ellos\u201d","description":"El presidente de Venezuela, Nicol\u00e1s Maduro, afirm\u00f3 que la posibilidad de recomponer la relaci\u00f3n bilateral con Estados Unidos, suspendida el viernes pasado","robots":{"index":"index","follow":"follow","max-snippet":"max-snippet:-1","max-image-preview":"max-image-preview:large","max-video-preview":"max-video-preview:-1"},"canonical":"https:\/\/www.pressenza.com\/es\/2013\/07\/maduro-afirmo-que-la-posibilidad-de-recomponer-la-relacion-de-su-pais-con-eeuu-depende-de-ellos\/","og_locale":"es_ES","og_type":"article","og_title":"Maduro afirm\u00f3 que la posibilidad de recomponer la relaci\u00f3n de su pa\u00eds con EEUU, \u201cdepende de ellos\u201d","og_description":"El presidente de Venezuela, Nicol\u00e1s Maduro, afirm\u00f3 que la posibilidad de recomponer la relaci\u00f3n bilateral con Estados Unidos, suspendida el viernes pasado","og_url":"https:\/\/www.pressenza.com\/es\/2013\/07\/maduro-afirmo-que-la-posibilidad-de-recomponer-la-relacion-de-su-pais-con-eeuu-depende-de-ellos\/","og_site_name":"Pressenza","article_publisher":"https:\/\/www.facebook.com\/PressenzaItalia","article_author":"https:\/\/www.facebook.com\/AgenciaTELAM","article_published_time":"2013-07-24T17:34:28+00:00","og_image":[{"width":275,"height":183,"url":"https:\/\/www.pressenza.com\/wp-content\/uploads\/2013\/07\/NM.jpeg","type":"image\/jpeg"}],"author":"T\u00e9lam - Agencia Nacional de Noticias de la Rep\u00fablica Argentina","twitter_card":"summary_large_image","twitter_creator":"@AgenciaTelam","twitter_site":"@PressenzaIPA","twitter_misc":{"Escrito por":"T\u00e9lam - Agencia Nacional de Noticias de la Rep\u00fablica Argentina","Tiempo de lectura":"3 minutos"},"schema":{"@context":"https:\/\/schema.org","@graph":[{"@type":"Article","@id":"https:\/\/www.pressenza.com\/es\/2013\/07\/maduro-afirmo-que-la-posibilidad-de-recomponer-la-relacion-de-su-pais-con-eeuu-depende-de-ellos\/#article","isPartOf":{"@id":"https:\/\/www.pressenza.com\/es\/2013\/07\/maduro-afirmo-que-la-posibilidad-de-recomponer-la-relacion-de-su-pais-con-eeuu-depende-de-ellos\/"},"author":{"name":"T\u00e9lam - Agencia Nacional de Noticias de la Rep\u00fablica Argentina","@id":"https:\/\/www.pressenza.com\/es\/#\/schema\/person\/f1a879435e38cd8f69eac14ebf21489e"},"headline":"Maduro afirm\u00f3 que la posibilidad de recomponer la relaci\u00f3n de su pa\u00eds con EEUU, \u201cdepende de ellos\u201d","datePublished":"2013-07-24T17:34:28+00:00","mainEntityOfPage":{"@id":"https:\/\/www.pressenza.com\/es\/2013\/07\/maduro-afirmo-que-la-posibilidad-de-recomponer-la-relacion-de-su-pais-con-eeuu-depende-de-ellos\/"},"wordCount":567,"publisher":{"@id":"https:\/\/www.pressenza.com\/es\/#organization"},"image":{"@id":"https:\/\/www.pressenza.com\/es\/2013\/07\/maduro-afirmo-que-la-posibilidad-de-recomponer-la-relacion-de-su-pais-con-eeuu-depende-de-ellos\/#primaryimage"},"thumbnailUrl":"https:\/\/www.pressenza.com\/wp-content\/uploads\/2013\/07\/NM.jpeg","keywords":["Nicol\u00e1s Maduro"],"articleSection":["Asuntos internacionales","Sudam\u00e9rica"],"inLanguage":"es"},{"@type":"WebPage","@id":"https:\/\/www.pressenza.com\/es\/2013\/07\/maduro-afirmo-que-la-posibilidad-de-recomponer-la-relacion-de-su-pais-con-eeuu-depende-de-ellos\/","url":"https:\/\/www.pressenza.com\/es\/2013\/07\/maduro-afirmo-que-la-posibilidad-de-recomponer-la-relacion-de-su-pais-con-eeuu-depende-de-ellos\/","name":"Maduro afirm\u00f3 que la posibilidad de recomponer la relaci\u00f3n de su pa\u00eds con EEUU, \u201cdepende de ellos\u201d","isPartOf":{"@id":"https:\/\/www.pressenza.com\/es\/#website"},"primaryImageOfPage":{"@id":"https:\/\/www.pressenza.com\/es\/2013\/07\/maduro-afirmo-que-la-posibilidad-de-recomponer-la-relacion-de-su-pais-con-eeuu-depende-de-ellos\/#primaryimage"},"image":{"@id":"https:\/\/www.pressenza.com\/es\/2013\/07\/maduro-afirmo-que-la-posibilidad-de-recomponer-la-relacion-de-su-pais-con-eeuu-depende-de-ellos\/#primaryimage"},"thumbnailUrl":"https:\/\/www.pressenza.com\/wp-content\/uploads\/2013\/07\/NM.jpeg","datePublished":"2013-07-24T17:34:28+00:00","description":"El presidente de Venezuela, Nicol\u00e1s Maduro, afirm\u00f3 que la posibilidad de recomponer la relaci\u00f3n bilateral con Estados Unidos, suspendida el viernes pasado","breadcrumb":{"@id":"https:\/\/www.pressenza.com\/es\/2013\/07\/maduro-afirmo-que-la-posibilidad-de-recomponer-la-relacion-de-su-pais-con-eeuu-depende-de-ellos\/#breadcrumb"},"inLanguage":"es","potentialAction":[{"@type":"ReadAction","target":["https:\/\/www.pressenza.com\/es\/2013\/07\/maduro-afirmo-que-la-posibilidad-de-recomponer-la-relacion-de-su-pais-con-eeuu-depende-de-ellos\/"]}]},{"@type":"ImageObject","inLanguage":"es","@id":"https:\/\/www.pressenza.com\/es\/2013\/07\/maduro-afirmo-que-la-posibilidad-de-recomponer-la-relacion-de-su-pais-con-eeuu-depende-de-ellos\/#primaryimage","url":"https:\/\/www.pressenza.com\/wp-content\/uploads\/2013\/07\/NM.jpeg","contentUrl":"https:\/\/www.pressenza.com\/wp-content\/uploads\/2013\/07\/NM.jpeg","width":275,"height":183},{"@type":"BreadcrumbList","@id":"https:\/\/www.pressenza.com\/es\/2013\/07\/maduro-afirmo-que-la-posibilidad-de-recomponer-la-relacion-de-su-pais-con-eeuu-depende-de-ellos\/#breadcrumb","itemListElement":[{"@type":"ListItem","position":1,"name":"Accueil","item":"https:\/\/www.pressenza.com\/es\/"},{"@type":"ListItem","position":2,"name":"Maduro afirm\u00f3 que la posibilidad de recomponer la relaci\u00f3n de su pa\u00eds con EEUU, \u201cdepende de ellos\u201d"}]},{"@type":"WebSite","@id":"https:\/\/www.pressenza.com\/es\/#website","url":"https:\/\/www.pressenza.com\/es\/","name":"Pressenza","description":"International Press Agency","publisher":{"@id":"https:\/\/www.pressenza.com\/es\/#organization"},"potentialAction":[{"@type":"SearchAction","target":{"@type":"EntryPoint","urlTemplate":"https:\/\/www.pressenza.com\/es\/?s={search_term_string}"},"query-input":{"@type":"PropertyValueSpecification","valueRequired":true,"valueName":"search_term_string"}}],"inLanguage":"es"},{"@type":"Organization","@id":"https:\/\/www.pressenza.com\/es\/#organization","name":"Pressenza","url":"https:\/\/www.pressenza.com\/es\/","logo":{"@type":"ImageObject","inLanguage":"es","@id":"https:\/\/www.pressenza.com\/es\/#\/schema\/logo\/image\/","url":"https:\/\/www.pressenza.com\/wp-content\/uploads\/2022\/10\/pressenza_logo_200x200.jpg","contentUrl":"https:\/\/www.pressenza.com\/wp-content\/uploads\/2022\/10\/pressenza_logo_200x200.jpg","width":200,"height":200,"caption":"Pressenza"},"image":{"@id":"https:\/\/www.pressenza.com\/es\/#\/schema\/logo\/image\/"},"sameAs":["https:\/\/www.facebook.com\/PressenzaItalia","https:\/\/x.com\/PressenzaIPA"]},{"@type":"Person","@id":"https:\/\/www.pressenza.com\/es\/#\/schema\/person\/f1a879435e38cd8f69eac14ebf21489e","name":"T\u00e9lam - Agencia Nacional de Noticias de la Rep\u00fablica Argentina","description":"T\u00e9lam es una de las grandes agencias de noticias a nivel regional. El prestigio, acceso a fuentes oficiales, la cobertura en todo el territorio nacional y corresponsal\u00edas en el exterior; y la responsabilidad en el tratamiento informativo son caracter\u00edsticas que colocan a T\u00e9lam en referente period\u00edstico confiable y cre\u00edble en el pa\u00eds y en el mundo. Sostiene un servicio actualizado, detallado y original en diversos formatos, las 24 horas del d\u00eda, todos los d\u00edas del a\u00f1o. Es l\u00edder en el mercado nacional y sostiene alianzas a nivel regional y mundial que le permiten expandir los servicios period\u00edsticos. Suministra sus productos v\u00eda on line, tanto a nivel local como internacional. En la actualidad, la Agencia suma a sus servicios tradicionales, nuevos desaf\u00edos a partir de la realizaci\u00f3n de producciones multimedia para diversas plataformas. www.telam.com.ar","sameAs":["https:\/\/www.facebook.com\/AgenciaTELAM","https:\/\/x.com\/AgenciaTelam"],"url":"https:\/\/www.pressenza.com\/es\/author\/telam\/"}]}},"place":"Caracas","original_article_url":"","_links":{"self":[{"href":"https:\/\/www.pressenza.com\/es\/wp-json\/wp\/v2\/posts\/62220","targetHints":{"allow":["GET"]}}],"collection":[{"href":"https:\/\/www.pressenza.com\/es\/wp-json\/wp\/v2\/posts"}],"about":[{"href":"https:\/\/www.pressenza.com\/es\/wp-json\/wp\/v2\/types\/post"}],"author":[{"embeddable":true,"href":"https:\/\/www.pressenza.com\/es\/wp-json\/wp\/v2\/users\/494"}],"replies":[{"embeddable":true,"href":"https:\/\/www.pressenza.com\/es\/wp-json\/wp\/v2\/comments?post=62220"}],"version-history":[{"count":0,"href":"https:\/\/www.pressenza.com\/es\/wp-json\/wp\/v2\/posts\/62220\/revisions"}],"wp:featuredmedia":[{"embeddable":true,"href":"https:\/\/www.pressenza.com\/es\/wp-json\/wp\/v2\/media\/62221"}],"wp:attachment":[{"href":"https:\/\/www.pressenza.com\/es\/wp-json\/wp\/v2\/media?parent=62220"}],"wp:term":[{"taxonomy":"category","embeddable":true,"href":"https:\/\/www.pressenza.com\/es\/wp-json\/wp\/v2\/categories?post=62220"},{"taxonomy":"post_tag","embeddable":true,"href":"https:\/\/www.pressenza.com\/es\/wp-json\/wp\/v2\/tags?post=62220"}],"curies":[{"name":"wp","href":"https:\/\/api.w.org\/{rel}","templated":true}]}}